{"id":76788,"date":"2025-10-28T20:37:45","date_gmt":"2025-10-28T23:37:45","guid":{"rendered":"https:\/\/swimchannel.net\/br\/?p=76788"},"modified":"2025-10-29T00:19:52","modified_gmt":"2025-10-29T03:19:52","slug":"finkel-2025-comeca-com-recordes-de-campeonato","status":"publish","type":"post","link":"https:\/\/swimchannel.net\/br\/finkel-2025-comeca-com-recordes-de-campeonato\/","title":{"rendered":"Finkel 2025 come\u00e7a com recordes de campeonato"},"content":{"rendered":"<p>A edi\u00e7\u00e3o 2025 do Trof\u00e9u Jos\u00e9 Finkel come\u00e7ou com novos recordes de campeonato na piscina do Clube Paineiras do Morumby, em S\u00e3o Paulo. As marcas sa\u00edram nas finais dos 400m livre, com a argentina Agostina Hein do Pinheiros e Eduardo Moraes do Minas TC. Antes das finais come\u00e7arem, ocorreu uma prova com para-atletas portadores de s\u00edndrome de down. Os jovens nadaram uma prova de 100m livre e foram bastante aplaudidos. Veja abaixo os destaques deste primeiro dia de finais.<\/p>\n<p>&nbsp;<\/p>\n<figure id=\"attachment_76800\" aria-describedby=\"caption-attachment-76800\" style=\"width: 1200px\" class=\"wp-caption alignnone\"><img loading=\"lazy\" decoding=\"async\" class=\"size-large wp-image-76800\" src=\"https:\/\/swimchannel.net\/br\/wp-content\/uploads\/2025\/10\/WhatsApp-Image-2025-10-28-at-20.55.24-2-1200x800.jpeg\" alt=\"\" width=\"1200\" height=\"800\" srcset=\"https:\/\/swimchannel.net\/br\/wp-content\/uploads\/2025\/10\/WhatsApp-Image-2025-10-28-at-20.55.24-2-1200x800.jpeg 1200w, https:\/\/swimchannel.net\/br\/wp-content\/uploads\/2025\/10\/WhatsApp-Image-2025-10-28-at-20.55.24-2-1012x675.jpeg 1012w, https:\/\/swimchannel.net\/br\/wp-content\/uploads\/2025\/10\/WhatsApp-Image-2025-10-28-at-20.55.24-2-270x180.jpeg 270w, https:\/\/swimchannel.net\/br\/wp-content\/uploads\/2025\/10\/WhatsApp-Image-2025-10-28-at-20.55.24-2-768x512.jpeg 768w, https:\/\/swimchannel.net\/br\/wp-content\/uploads\/2025\/10\/WhatsApp-Image-2025-10-28-at-20.55.24-2-1536x1024.jpeg 1536w, https:\/\/swimchannel.net\/br\/wp-content\/uploads\/2025\/10\/WhatsApp-Image-2025-10-28-at-20.55.24-2-750x500.jpeg 750w, https:\/\/swimchannel.net\/br\/wp-content\/uploads\/2025\/10\/WhatsApp-Image-2025-10-28-at-20.55.24-2-1140x760.jpeg 1140w, https:\/\/swimchannel.net\/br\/wp-content\/uploads\/2025\/10\/WhatsApp-Image-2025-10-28-at-20.55.24-2.jpeg 1600w\" sizes=\"auto, (max-width: 1200px) 100vw, 1200px\" \/><figcaption id=\"caption-attachment-76800\" class=\"wp-caption-text\">Agostina Hein &#8211; Foto: Satiro Sodre\/CBDA<\/figcaption><\/figure>\n<p><strong>Final dos 400m livre feminino<\/strong><br \/>\nA final foi dominada pela nadadora argentina Agostina Hein, que liderou de ponta a ponta e triunfou com novo recorde de campeonato, ao nadar para 4min07s43. Agostina, que vive uma grande fase em sua carreira, vindo de um t\u00edtulo mundial j\u00fanior, conseguiu suportar a press\u00e3o de Maria Fernanda Costa, que chegou a ensaiar uma rea\u00e7\u00e3o na altura dos 300 metros. Maf\u00ea terminou como a melhor brasileira na segunda coloca\u00e7\u00e3o com tempo de 4min08s52. Em terceiro chegou Gabrielle Roncatto com 4min11s99.<\/p>\n<p>&nbsp;<\/p>\n<figure id=\"attachment_76802\" aria-describedby=\"caption-attachment-76802\" style=\"width: 1200px\" class=\"wp-caption alignnone\"><img loading=\"lazy\" decoding=\"async\" class=\"size-large wp-image-76802\" src=\"https:\/\/swimchannel.net\/br\/wp-content\/uploads\/2025\/10\/WhatsApp-Image-2025-10-28-at-20.55.24-1200x800.jpeg\" alt=\"\" width=\"1200\" height=\"800\" srcset=\"https:\/\/swimchannel.net\/br\/wp-content\/uploads\/2025\/10\/WhatsApp-Image-2025-10-28-at-20.55.24-1200x800.jpeg 1200w, https:\/\/swimchannel.net\/br\/wp-content\/uploads\/2025\/10\/WhatsApp-Image-2025-10-28-at-20.55.24-1013x675.jpeg 1013w, https:\/\/swimchannel.net\/br\/wp-content\/uploads\/2025\/10\/WhatsApp-Image-2025-10-28-at-20.55.24-270x180.jpeg 270w, https:\/\/swimchannel.net\/br\/wp-content\/uploads\/2025\/10\/WhatsApp-Image-2025-10-28-at-20.55.24-768x512.jpeg 768w, https:\/\/swimchannel.net\/br\/wp-content\/uploads\/2025\/10\/WhatsApp-Image-2025-10-28-at-20.55.24-750x500.jpeg 750w, https:\/\/swimchannel.net\/br\/wp-content\/uploads\/2025\/10\/WhatsApp-Image-2025-10-28-at-20.55.24-1140x760.jpeg 1140w, https:\/\/swimchannel.net\/br\/wp-content\/uploads\/2025\/10\/WhatsApp-Image-2025-10-28-at-20.55.24.jpeg 1280w\" sizes=\"auto, (max-width: 1200px) 100vw, 1200px\" \/><figcaption id=\"caption-attachment-76802\" class=\"wp-caption-text\">Eduardo Moraes &#8211; Foto: Satiro Sodre\/CBDA<\/figcaption><\/figure>\n<p><strong>Final dos 400m livre masculino<\/strong><br \/>\nGrande vit\u00f3ria de Eduardo Moraes, superando o recorde de campeonato ao nadar para 3min48s08. O nadador do Minas TC fez uma prova bastante intensa e esteve sempre disputando a lideran\u00e7a contra Guilherme Costa. Na reta final, Dudu suportou a press\u00e3o de Cachorr\u00e3o e faturou a medalha de ouro. Guilherme terminou na segunda coloca\u00e7\u00e3o com a marca de\u00a03min48s33. A medalha de bronze ficou com Leonardo Alcantara que marcou o tempo de 3min50s34.<\/p>\n<p>&nbsp;<\/p>\n<figure id=\"attachment_76803\" aria-describedby=\"caption-attachment-76803\" style=\"width: 1199px\" class=\"wp-caption alignnone\"><img loading=\"lazy\" decoding=\"async\" class=\"size-large wp-image-76803\" src=\"https:\/\/swimchannel.net\/br\/wp-content\/uploads\/2025\/10\/54887503923_96037cd890_k-1199x800.jpg\" alt=\"\" width=\"1199\" height=\"800\" srcset=\"https:\/\/swimchannel.net\/br\/wp-content\/uploads\/2025\/10\/54887503923_96037cd890_k-1199x800.jpg 1199w, https:\/\/swimchannel.net\/br\/wp-content\/uploads\/2025\/10\/54887503923_96037cd890_k-1012x675.jpg 1012w, https:\/\/swimchannel.net\/br\/wp-content\/uploads\/2025\/10\/54887503923_96037cd890_k-270x180.jpg 270w, https:\/\/swimchannel.net\/br\/wp-content\/uploads\/2025\/10\/54887503923_96037cd890_k-768x512.jpg 768w, https:\/\/swimchannel.net\/br\/wp-content\/uploads\/2025\/10\/54887503923_96037cd890_k-1536x1025.jpg 1536w, https:\/\/swimchannel.net\/br\/wp-content\/uploads\/2025\/10\/54887503923_96037cd890_k-750x500.jpg 750w, https:\/\/swimchannel.net\/br\/wp-content\/uploads\/2025\/10\/54887503923_96037cd890_k-1140x760.jpg 1140w, https:\/\/swimchannel.net\/br\/wp-content\/uploads\/2025\/10\/54887503923_96037cd890_k.jpg 2048w\" sizes=\"auto, (max-width: 1199px) 100vw, 1199px\" \/><figcaption id=\"caption-attachment-76803\" class=\"wp-caption-text\">Giulia Carvalho &#8211; Foto: Satiro Sodre\/CBDA<\/figcaption><\/figure>\n<p><strong>Final dos 100m borboleta feminino<\/strong><br \/>\nAssim como ocorreu pela manh\u00e3, Giulia Carvalho voltou a ser a \u00fanica a nadar abaixo do minuto. Com isso, faturou a medalha de ouro na dist\u00e2ncia com o tempo de 59s21. A velocista obteve a segunda vit\u00f3ria do Minas TC em tr\u00eas provas disputadas, mantendo os 100% de aproveitamento do clube mineiro neste Finkel. Luanna Oliveira ficou com a prata com tempo de 1min00s29 e o bronze foi para Sophia Isidoro com marca de 1min00s35.<\/p>\n<p>&nbsp;<\/p>\n<figure id=\"attachment_76801\" aria-describedby=\"caption-attachment-76801\" style=\"width: 1200px\" class=\"wp-caption alignnone\"><img loading=\"lazy\" decoding=\"async\" class=\"size-large wp-image-76801\" src=\"https:\/\/swimchannel.net\/br\/wp-content\/uploads\/2025\/10\/WhatsApp-Image-2025-10-28-at-20.55.24-1-1200x800.jpeg\" alt=\"\" width=\"1200\" height=\"800\" srcset=\"https:\/\/swimchannel.net\/br\/wp-content\/uploads\/2025\/10\/WhatsApp-Image-2025-10-28-at-20.55.24-1-1200x800.jpeg 1200w, https:\/\/swimchannel.net\/br\/wp-content\/uploads\/2025\/10\/WhatsApp-Image-2025-10-28-at-20.55.24-1-1013x675.jpeg 1013w, https:\/\/swimchannel.net\/br\/wp-content\/uploads\/2025\/10\/WhatsApp-Image-2025-10-28-at-20.55.24-1-270x180.jpeg 270w, https:\/\/swimchannel.net\/br\/wp-content\/uploads\/2025\/10\/WhatsApp-Image-2025-10-28-at-20.55.24-1-768x512.jpeg 768w, https:\/\/swimchannel.net\/br\/wp-content\/uploads\/2025\/10\/WhatsApp-Image-2025-10-28-at-20.55.24-1-750x500.jpeg 750w, https:\/\/swimchannel.net\/br\/wp-content\/uploads\/2025\/10\/WhatsApp-Image-2025-10-28-at-20.55.24-1-1140x760.jpeg 1140w, https:\/\/swimchannel.net\/br\/wp-content\/uploads\/2025\/10\/WhatsApp-Image-2025-10-28-at-20.55.24-1.jpeg 1280w\" sizes=\"auto, (max-width: 1200px) 100vw, 1200px\" \/><figcaption id=\"caption-attachment-76801\" class=\"wp-caption-text\">Lucio de Paula &#8211; Foto: Satiro Sodre\/CBDA<\/figcaption><\/figure>\n<p><strong>Final dos 100m borboleta masculino<\/strong><br \/>\nUm duelo da jovem gera\u00e7\u00e3o marcou esta final. De um lado estava Lucio Flavio de Paula e de outro, Pedro Henrique Souza. Ambos duelaram at\u00e9 o final, com a disputa sendo decidida apenas nas \u00faltimas bra\u00e7adas. Lucio, vice-campe\u00e3o mundial j\u00fanior, fez valer o favoritismo e venceu com o tempo de 52s22, apenas 55 cent\u00e9simos mais r\u00e1pido do que Pedro que levou a prata com 52s77. Kayky Mota terminou em terceiro lugar com\u00a052s77.<\/p>\n<p>&nbsp;<\/p>\n<figure id=\"attachment_76804\" aria-describedby=\"caption-attachment-76804\" style=\"width: 1199px\" class=\"wp-caption alignnone\"><img loading=\"lazy\" decoding=\"async\" class=\"size-large wp-image-76804\" src=\"https:\/\/swimchannel.net\/br\/wp-content\/uploads\/2025\/10\/54887571960_143d8fe169_k-1199x800.jpg\" alt=\"\" width=\"1199\" height=\"800\" srcset=\"https:\/\/swimchannel.net\/br\/wp-content\/uploads\/2025\/10\/54887571960_143d8fe169_k-1199x800.jpg 1199w, https:\/\/swimchannel.net\/br\/wp-content\/uploads\/2025\/10\/54887571960_143d8fe169_k-1012x675.jpg 1012w, https:\/\/swimchannel.net\/br\/wp-content\/uploads\/2025\/10\/54887571960_143d8fe169_k-270x180.jpg 270w, https:\/\/swimchannel.net\/br\/wp-content\/uploads\/2025\/10\/54887571960_143d8fe169_k-768x512.jpg 768w, https:\/\/swimchannel.net\/br\/wp-content\/uploads\/2025\/10\/54887571960_143d8fe169_k-1536x1025.jpg 1536w, https:\/\/swimchannel.net\/br\/wp-content\/uploads\/2025\/10\/54887571960_143d8fe169_k-750x500.jpg 750w, https:\/\/swimchannel.net\/br\/wp-content\/uploads\/2025\/10\/54887571960_143d8fe169_k-1140x760.jpg 1140w, https:\/\/swimchannel.net\/br\/wp-content\/uploads\/2025\/10\/54887571960_143d8fe169_k.jpg 2048w\" sizes=\"auto, (max-width: 1199px) 100vw, 1199px\" \/><figcaption id=\"caption-attachment-76804\" class=\"wp-caption-text\">Gabi Assis &#8211; Foto: Satiro Sodre\/CBDA<\/figcaption><\/figure>\n<p><strong>Final dos 200m peito feminino<\/strong><br \/>\nPrincipal favorita a medalha de ouro, Gabrielle Assis dominou as a\u00e7\u00f5es na piscina e liderou de ponta a ponta. A nadadora do Flamengo obteve seu melhor tempo em 2025 com 2min25s97 e estava bastnte satisfeita com sua performance. A medalha de prata terminou com a jovem Agatha Amaral que marcou o tempo de 2min29s91 e o bronze foi para Andressa Sanogo com a marca de\u00a02min32s55.<\/p>\n<p>&nbsp;<\/p>\n<figure id=\"attachment_76805\" aria-describedby=\"caption-attachment-76805\" style=\"width: 1199px\" class=\"wp-caption alignnone\"><img loading=\"lazy\" decoding=\"async\" class=\"size-large wp-image-76805\" src=\"https:\/\/swimchannel.net\/br\/wp-content\/uploads\/2025\/10\/54887285601_c2bd97ca42_k-1199x800.jpg\" alt=\"\" width=\"1199\" height=\"800\" srcset=\"https:\/\/swimchannel.net\/br\/wp-content\/uploads\/2025\/10\/54887285601_c2bd97ca42_k-1199x800.jpg 1199w, https:\/\/swimchannel.net\/br\/wp-content\/uploads\/2025\/10\/54887285601_c2bd97ca42_k-1012x675.jpg 1012w, https:\/\/swimchannel.net\/br\/wp-content\/uploads\/2025\/10\/54887285601_c2bd97ca42_k-270x180.jpg 270w, https:\/\/swimchannel.net\/br\/wp-content\/uploads\/2025\/10\/54887285601_c2bd97ca42_k-768x512.jpg 768w, https:\/\/swimchannel.net\/br\/wp-content\/uploads\/2025\/10\/54887285601_c2bd97ca42_k-1536x1025.jpg 1536w, https:\/\/swimchannel.net\/br\/wp-content\/uploads\/2025\/10\/54887285601_c2bd97ca42_k-750x500.jpg 750w, https:\/\/swimchannel.net\/br\/wp-content\/uploads\/2025\/10\/54887285601_c2bd97ca42_k-1140x760.jpg 1140w, https:\/\/swimchannel.net\/br\/wp-content\/uploads\/2025\/10\/54887285601_c2bd97ca42_k.jpg 2048w\" sizes=\"auto, (max-width: 1199px) 100vw, 1199px\" \/><figcaption id=\"caption-attachment-76805\" class=\"wp-caption-text\">Caio Pumputis &#8211; Foto: Satiro Sodre\/CBDA<\/figcaption><\/figure>\n<p><strong>Final dos 200m peito masculino<\/strong><br \/>\nCaio Pumputis dominou e venceu sem dificuldades a \u00faltima final individual do programa de provas. O nadador do Pinheiros nao deu chance aos advers\u00e1rios e com 2min11s26 faturou mais um t\u00edtulo nacional em sua carreira. A medalha de prata nesta prova ficou com Guilherme Camossato que nadou para 2min15s35 e o bronze foi para Jo\u00e3o Garcia com 2min15s65, completando o p\u00f3dio 100% do Pinheiros.<\/p>\n<p>&nbsp;<\/p>\n<figure id=\"attachment_76807\" aria-describedby=\"caption-attachment-76807\" style=\"width: 1199px\" class=\"wp-caption alignnone\"><img loading=\"lazy\" decoding=\"async\" class=\"size-large wp-image-76807\" src=\"https:\/\/swimchannel.net\/br\/wp-content\/uploads\/2025\/10\/54887570300_9033bc81f9_k-1199x800.jpg\" alt=\"\" width=\"1199\" height=\"800\" srcset=\"https:\/\/swimchannel.net\/br\/wp-content\/uploads\/2025\/10\/54887570300_9033bc81f9_k-1199x800.jpg 1199w, https:\/\/swimchannel.net\/br\/wp-content\/uploads\/2025\/10\/54887570300_9033bc81f9_k-1012x675.jpg 1012w, https:\/\/swimchannel.net\/br\/wp-content\/uploads\/2025\/10\/54887570300_9033bc81f9_k-270x180.jpg 270w, https:\/\/swimchannel.net\/br\/wp-content\/uploads\/2025\/10\/54887570300_9033bc81f9_k-768x512.jpg 768w, https:\/\/swimchannel.net\/br\/wp-content\/uploads\/2025\/10\/54887570300_9033bc81f9_k-1536x1025.jpg 1536w, https:\/\/swimchannel.net\/br\/wp-content\/uploads\/2025\/10\/54887570300_9033bc81f9_k-750x500.jpg 750w, https:\/\/swimchannel.net\/br\/wp-content\/uploads\/2025\/10\/54887570300_9033bc81f9_k-1140x760.jpg 1140w, https:\/\/swimchannel.net\/br\/wp-content\/uploads\/2025\/10\/54887570300_9033bc81f9_k.jpg 2048w\" sizes=\"auto, (max-width: 1199px) 100vw, 1199px\" \/><figcaption id=\"caption-attachment-76807\" class=\"wp-caption-text\">4x100m livre feminino &#8211; Foto: Satiro Sodre\/CBDA<\/figcaption><\/figure>\n<p><strong>Final do 4x100m livre feminino<\/strong><br \/>\nVit\u00f3ria do Minas TC frente a Unisanta e o Pinheiros. A equipe minatenista formada por Aline Rodrigues, Barbara Jesus, Giulia Carvalho e Luanna Oliveira triunfou com o tempo de 3min44s25. A medalha de prata foi para o time da Unisanta que marcou 3min47s25. Em terceiro lugar, com o bronze, veio o time do Pinheiros com 3min47s31.<\/p>\n<p>&nbsp;<\/p>\n<figure id=\"attachment_76806\" aria-describedby=\"caption-attachment-76806\" style=\"width: 1199px\" class=\"wp-caption alignnone\"><img loading=\"lazy\" decoding=\"async\" class=\"size-large wp-image-76806\" src=\"https:\/\/swimchannel.net\/br\/wp-content\/uploads\/2025\/10\/54886407962_5f256ec249_k-1199x800.jpg\" alt=\"\" width=\"1199\" height=\"800\" srcset=\"https:\/\/swimchannel.net\/br\/wp-content\/uploads\/2025\/10\/54886407962_5f256ec249_k-1199x800.jpg 1199w, https:\/\/swimchannel.net\/br\/wp-content\/uploads\/2025\/10\/54886407962_5f256ec249_k-1012x675.jpg 1012w, https:\/\/swimchannel.net\/br\/wp-content\/uploads\/2025\/10\/54886407962_5f256ec249_k-270x180.jpg 270w, https:\/\/swimchannel.net\/br\/wp-content\/uploads\/2025\/10\/54886407962_5f256ec249_k-768x512.jpg 768w, https:\/\/swimchannel.net\/br\/wp-content\/uploads\/2025\/10\/54886407962_5f256ec249_k-1536x1025.jpg 1536w, https:\/\/swimchannel.net\/br\/wp-content\/uploads\/2025\/10\/54886407962_5f256ec249_k-750x500.jpg 750w, https:\/\/swimchannel.net\/br\/wp-content\/uploads\/2025\/10\/54886407962_5f256ec249_k-1140x760.jpg 1140w, https:\/\/swimchannel.net\/br\/wp-content\/uploads\/2025\/10\/54886407962_5f256ec249_k.jpg 2048w\" sizes=\"auto, (max-width: 1199px) 100vw, 1199px\" \/><figcaption id=\"caption-attachment-76806\" class=\"wp-caption-text\">4x100m livre masculino &#8211; Foto: Satiro Sodre\/CBDA<\/figcaption><\/figure>\n<p><strong>Final do 4x100m livre masculino<\/strong><br \/>\nFechando a primeira etapa neste Finkel 2025, vit\u00f3ria do time do Pinheiros. O quarteto formado por Marcelo Chierighini, Gabriel Santos, Victor Alcar\u00e1 e Kaique Alves venceu com tempo total de 3min17s51. A medalha de prata foi para o Minas TC que nadou para 3min18s53 e o time da Unisanta levou a medalha de bronze com 3min19s07.<\/p>\n<p>&nbsp;<\/p>\n<p>Os resultados completos das finais A e B desta segunda etapa podem ser conferidos no site da CBDA, clicando aqui: <strong><a href=\"https:\/\/www.cbda.org.br\/evento\/natacao\/39692\/campeonato-brasileiro-de-natacao-jose-finkel?tab=provas\" target=\"_blank\" rel=\"noopener\">https:\/\/www.cbda.org.br\/evento\/natacao\/39692\/campeonato-brasileiro-de-natacao-jose-finkel?tab=provas<\/a><\/strong>.<\/p>\n<p>&nbsp;<\/p>\n<p>Gostaria de receber as not\u00edcias de nata\u00e7\u00e3o e \u00e1guas abertas no seu email?<\/p>\n<p><a href=\"https:\/\/lpa.nitro.news\/n-GNe\/ultimas-noticias-swim-channel\">Cadastre-se aqui<\/a><\/p>\n","protected":false},"excerpt":{"rendered":"<p>A edi\u00e7\u00e3o 2025 do Trof\u00e9u Jos\u00e9 Finkel come\u00e7ou com novos recordes de campeonato na piscina do Clube Paineiras do Morumby, em S\u00e3o Paulo. As marcas sa\u00edram nas finais dos 400m livre, com a argentina Agostina Hein do Pinheiros e Eduardo Moraes do Minas TC. Antes das finais come\u00e7arem, ocorreu uma prova com para-atletas portadores de [&hellip;]<\/p>\n","protected":false},"author":3,"featured_media":76802,"comment_status":"open","ping_status":"open","sticky":false,"template":"","format":"gallery","meta":{"footnotes":""},"categories":[241],"tags":[5507,4687,4691,5653,6654,5,130],"class_list":["post-76788","post","type-post","status-publish","format-gallery","has-post-thumbnail","hentry","category-trofeu-jose-finkel","tag-agostina-hein","tag-eduardo-moraes","tag-gabrielle-assis","tag-giulia-carvalho","tag-lucio-flavio-de-paula","tag-natacao","tag-trofeu-jose-finkel","post_format-post-format-gallery"],"yoast_head":"<!-- This site is optimized with the Yoast SEO plugin v27.0 - https:\/\/yoast.com\/product\/yoast-seo-wordpress\/ -->\n<title>Finkel 2025 come\u00e7a com recordes de campeonato - Swimchannel<\/title>\n<meta name=\"robots\" content=\"index, follow, max-snippet:-1, max-image-preview:large, max-video-preview:-1\" \/>\n<link rel=\"canonical\" href=\"https:\/\/swimchannel.net\/br\/finkel-2025-comeca-com-recordes-de-campeonato\/\" \/>\n<meta property=\"og:locale\" content=\"pt_BR\" \/>\n<meta property=\"og:type\" content=\"article\" \/>\n<meta property=\"og:title\" content=\"Finkel 2025 come\u00e7a com recordes de campeonato - Swimchannel\" \/>\n<meta property=\"og:description\" content=\"A edi\u00e7\u00e3o 2025 do Trof\u00e9u Jos\u00e9 Finkel come\u00e7ou com novos recordes de campeonato na piscina do Clube Paineiras do Morumby, em S\u00e3o Paulo. As marcas sa\u00edram nas finais dos 400m livre, com a argentina Agostina Hein do Pinheiros e Eduardo Moraes do Minas TC. Antes das finais come\u00e7arem, ocorreu uma prova com para-atletas portadores de [&hellip;]\" \/>\n<meta property=\"og:url\" content=\"https:\/\/swimchannel.net\/br\/finkel-2025-comeca-com-recordes-de-campeonato\/\" \/>\n<meta property=\"og:site_name\" content=\"Swimchannel\" \/>\n<meta property=\"article:publisher\" content=\"https:\/\/www.facebook.com\/swimchannel\" \/>\n<meta property=\"article:published_time\" content=\"2025-10-28T23:37:45+00:00\" \/>\n<meta property=\"article:modified_time\" content=\"2025-10-29T03:19:52+00:00\" \/>\n<meta property=\"og:image\" content=\"https:\/\/swimchannel.net\/br\/wp-content\/uploads\/2025\/10\/WhatsApp-Image-2025-10-28-at-20.55.24.jpeg\" \/>\n\t<meta property=\"og:image:width\" content=\"1280\" \/>\n\t<meta property=\"og:image:height\" content=\"853\" \/>\n\t<meta property=\"og:image:type\" content=\"image\/jpeg\" \/>\n<meta name=\"author\" content=\"Guilherme Freitas\" \/>\n<meta name=\"twitter:card\" content=\"summary_large_image\" \/>\n<meta name=\"twitter:label1\" content=\"Escrito por\" \/>\n\t<meta name=\"twitter:data1\" content=\"Guilherme Freitas\" \/>\n\t<meta name=\"twitter:label2\" content=\"Est. tempo de leitura\" \/>\n\t<meta name=\"twitter:data2\" content=\"4 minutos\" \/>\n<script type=\"application\/ld+json\" class=\"yoast-schema-graph\">{\"@context\":\"https:\/\/schema.org\",\"@graph\":[{\"@type\":\"Article\",\"@id\":\"https:\/\/swimchannel.net\/br\/finkel-2025-comeca-com-recordes-de-campeonato\/#article\",\"isPartOf\":{\"@id\":\"https:\/\/swimchannel.net\/br\/finkel-2025-comeca-com-recordes-de-campeonato\/\"},\"author\":{\"name\":\"Guilherme Freitas\",\"@id\":\"https:\/\/swimchannel.net\/br\/#\/schema\/person\/aa2a63bab3275f53749a83276b213c48\"},\"headline\":\"Finkel 2025 come\u00e7a com recordes de campeonato\",\"datePublished\":\"2025-10-28T23:37:45+00:00\",\"dateModified\":\"2025-10-29T03:19:52+00:00\",\"mainEntityOfPage\":{\"@id\":\"https:\/\/swimchannel.net\/br\/finkel-2025-comeca-com-recordes-de-campeonato\/\"},\"wordCount\":890,\"commentCount\":0,\"publisher\":{\"@id\":\"https:\/\/swimchannel.net\/br\/#organization\"},\"image\":{\"@id\":\"https:\/\/swimchannel.net\/br\/finkel-2025-comeca-com-recordes-de-campeonato\/#primaryimage\"},\"thumbnailUrl\":\"https:\/\/swimchannel.net\/br\/wp-content\/uploads\/2025\/10\/WhatsApp-Image-2025-10-28-at-20.55.24.jpeg\",\"keywords\":[\"Agostina Hein\",\"Eduardo Moraes\",\"Gabrielle Assis\",\"Giulia Carvalho\",\"Lucio Flavio de Paula\",\"natacao\",\"Trof\u00e9u Jos\u00e9 Finkel\"],\"articleSection\":[\"Trof\u00e9u Jos\u00e9 Finkel\"],\"inLanguage\":\"pt-BR\",\"potentialAction\":[{\"@type\":\"CommentAction\",\"name\":\"Comment\",\"target\":[\"https:\/\/swimchannel.net\/br\/finkel-2025-comeca-com-recordes-de-campeonato\/#respond\"]}]},{\"@type\":\"WebPage\",\"@id\":\"https:\/\/swimchannel.net\/br\/finkel-2025-comeca-com-recordes-de-campeonato\/\",\"url\":\"https:\/\/swimchannel.net\/br\/finkel-2025-comeca-com-recordes-de-campeonato\/\",\"name\":\"Finkel 2025 come\u00e7a com recordes de campeonato - Swimchannel\",\"isPartOf\":{\"@id\":\"https:\/\/swimchannel.net\/br\/#website\"},\"primaryImageOfPage\":{\"@id\":\"https:\/\/swimchannel.net\/br\/finkel-2025-comeca-com-recordes-de-campeonato\/#primaryimage\"},\"image\":{\"@id\":\"https:\/\/swimchannel.net\/br\/finkel-2025-comeca-com-recordes-de-campeonato\/#primaryimage\"},\"thumbnailUrl\":\"https:\/\/swimchannel.net\/br\/wp-content\/uploads\/2025\/10\/WhatsApp-Image-2025-10-28-at-20.55.24.jpeg\",\"datePublished\":\"2025-10-28T23:37:45+00:00\",\"dateModified\":\"2025-10-29T03:19:52+00:00\",\"breadcrumb\":{\"@id\":\"https:\/\/swimchannel.net\/br\/finkel-2025-comeca-com-recordes-de-campeonato\/#breadcrumb\"},\"inLanguage\":\"pt-BR\",\"potentialAction\":[{\"@type\":\"ReadAction\",\"target\":[\"https:\/\/swimchannel.net\/br\/finkel-2025-comeca-com-recordes-de-campeonato\/\"]}]},{\"@type\":\"ImageObject\",\"inLanguage\":\"pt-BR\",\"@id\":\"https:\/\/swimchannel.net\/br\/finkel-2025-comeca-com-recordes-de-campeonato\/#primaryimage\",\"url\":\"https:\/\/swimchannel.net\/br\/wp-content\/uploads\/2025\/10\/WhatsApp-Image-2025-10-28-at-20.55.24.jpeg\",\"contentUrl\":\"https:\/\/swimchannel.net\/br\/wp-content\/uploads\/2025\/10\/WhatsApp-Image-2025-10-28-at-20.55.24.jpeg\",\"width\":1280,\"height\":853,\"caption\":\"Eduardo Moraes - Foto: Satiro Sodre\/CBDA\"},{\"@type\":\"BreadcrumbList\",\"@id\":\"https:\/\/swimchannel.net\/br\/finkel-2025-comeca-com-recordes-de-campeonato\/#breadcrumb\",\"itemListElement\":[{\"@type\":\"ListItem\",\"position\":1,\"name\":\"Home\",\"item\":\"https:\/\/swimchannel.net\/br\/\"},{\"@type\":\"ListItem\",\"position\":2,\"name\":\"Finkel 2025 come\u00e7a com recordes de campeonato\"}]},{\"@type\":\"WebSite\",\"@id\":\"https:\/\/swimchannel.net\/br\/#website\",\"url\":\"https:\/\/swimchannel.net\/br\/\",\"name\":\"Swimchannel\",\"description\":\"Maior portal de nata\u00e7\u00e3o da america latina\",\"publisher\":{\"@id\":\"https:\/\/swimchannel.net\/br\/#organization\"},\"potentialAction\":[{\"@type\":\"SearchAction\",\"target\":{\"@type\":\"EntryPoint\",\"urlTemplate\":\"https:\/\/swimchannel.net\/br\/?s={search_term_string}\"},\"query-input\":{\"@type\":\"PropertyValueSpecification\",\"valueRequired\":true,\"valueName\":\"search_term_string\"}}],\"inLanguage\":\"pt-BR\"},{\"@type\":\"Organization\",\"@id\":\"https:\/\/swimchannel.net\/br\/#organization\",\"name\":\"Swimchannel - Conectando voc\u00ea a Nata\u00e7\u00e3o\",\"url\":\"https:\/\/swimchannel.net\/br\/\",\"logo\":{\"@type\":\"ImageObject\",\"inLanguage\":\"pt-BR\",\"@id\":\"https:\/\/swimchannel.net\/br\/#\/schema\/logo\/image\/\",\"url\":\"https:\/\/swimchannel.net\/br\/wp-content\/uploads\/2026\/02\/SWIM-CHANNEL.png\",\"contentUrl\":\"https:\/\/swimchannel.net\/br\/wp-content\/uploads\/2026\/02\/SWIM-CHANNEL.png\",\"width\":1120,\"height\":630,\"caption\":\"Swimchannel - Conectando voc\u00ea a Nata\u00e7\u00e3o\"},\"image\":{\"@id\":\"https:\/\/swimchannel.net\/br\/#\/schema\/logo\/image\/\"},\"sameAs\":[\"https:\/\/www.facebook.com\/swimchannel\",\"https:\/\/www.instagram.com\/swimchannel\"]},{\"@type\":\"Person\",\"@id\":\"https:\/\/swimchannel.net\/br\/#\/schema\/person\/aa2a63bab3275f53749a83276b213c48\",\"name\":\"Guilherme Freitas\",\"image\":{\"@type\":\"ImageObject\",\"inLanguage\":\"pt-BR\",\"@id\":\"https:\/\/swimchannel.net\/br\/#\/schema\/person\/image\/\",\"url\":\"https:\/\/swimchannel.net\/br\/wp-content\/uploads\/2025\/10\/gui22-193x180.png\",\"contentUrl\":\"https:\/\/swimchannel.net\/br\/wp-content\/uploads\/2025\/10\/gui22-193x180.png\",\"caption\":\"Guilherme Freitas\"},\"description\":\"Jornalista s\u00eanior da SWIM CHANNEL, ex-correspondente da FINA no Brasil e pesquisador acad\u00eamico.\",\"sameAs\":[\"instagram.com\/guifreitas86\"],\"url\":\"https:\/\/swimchannel.net\/br\/author\/guilherme-freitas\/\"}]}<\/script>\n<!-- \/ Yoast SEO plugin. -->","yoast_head_json":{"title":"Finkel 2025 come\u00e7a com recordes de campeonato - Swimchannel","robots":{"index":"index","follow":"follow","max-snippet":"max-snippet:-1","max-image-preview":"max-image-preview:large","max-video-preview":"max-video-preview:-1"},"canonical":"https:\/\/swimchannel.net\/br\/finkel-2025-comeca-com-recordes-de-campeonato\/","og_locale":"pt_BR","og_type":"article","og_title":"Finkel 2025 come\u00e7a com recordes de campeonato - Swimchannel","og_description":"A edi\u00e7\u00e3o 2025 do Trof\u00e9u Jos\u00e9 Finkel come\u00e7ou com novos recordes de campeonato na piscina do Clube Paineiras do Morumby, em S\u00e3o Paulo. As marcas sa\u00edram nas finais dos 400m livre, com a argentina Agostina Hein do Pinheiros e Eduardo Moraes do Minas TC. Antes das finais come\u00e7arem, ocorreu uma prova com para-atletas portadores de [&hellip;]","og_url":"https:\/\/swimchannel.net\/br\/finkel-2025-comeca-com-recordes-de-campeonato\/","og_site_name":"Swimchannel","article_publisher":"https:\/\/www.facebook.com\/swimchannel","article_published_time":"2025-10-28T23:37:45+00:00","article_modified_time":"2025-10-29T03:19:52+00:00","og_image":[{"width":1280,"height":853,"url":"https:\/\/swimchannel.net\/br\/wp-content\/uploads\/2025\/10\/WhatsApp-Image-2025-10-28-at-20.55.24.jpeg","type":"image\/jpeg"}],"author":"Guilherme Freitas","twitter_card":"summary_large_image","twitter_misc":{"Escrito por":"Guilherme Freitas","Est. tempo de leitura":"4 minutos"},"schema":{"@context":"https:\/\/schema.org","@graph":[{"@type":"Article","@id":"https:\/\/swimchannel.net\/br\/finkel-2025-comeca-com-recordes-de-campeonato\/#article","isPartOf":{"@id":"https:\/\/swimchannel.net\/br\/finkel-2025-comeca-com-recordes-de-campeonato\/"},"author":{"name":"Guilherme Freitas","@id":"https:\/\/swimchannel.net\/br\/#\/schema\/person\/aa2a63bab3275f53749a83276b213c48"},"headline":"Finkel 2025 come\u00e7a com recordes de campeonato","datePublished":"2025-10-28T23:37:45+00:00","dateModified":"2025-10-29T03:19:52+00:00","mainEntityOfPage":{"@id":"https:\/\/swimchannel.net\/br\/finkel-2025-comeca-com-recordes-de-campeonato\/"},"wordCount":890,"commentCount":0,"publisher":{"@id":"https:\/\/swimchannel.net\/br\/#organization"},"image":{"@id":"https:\/\/swimchannel.net\/br\/finkel-2025-comeca-com-recordes-de-campeonato\/#primaryimage"},"thumbnailUrl":"https:\/\/swimchannel.net\/br\/wp-content\/uploads\/2025\/10\/WhatsApp-Image-2025-10-28-at-20.55.24.jpeg","keywords":["Agostina Hein","Eduardo Moraes","Gabrielle Assis","Giulia Carvalho","Lucio Flavio de Paula","natacao","Trof\u00e9u Jos\u00e9 Finkel"],"articleSection":["Trof\u00e9u Jos\u00e9 Finkel"],"inLanguage":"pt-BR","potentialAction":[{"@type":"CommentAction","name":"Comment","target":["https:\/\/swimchannel.net\/br\/finkel-2025-comeca-com-recordes-de-campeonato\/#respond"]}]},{"@type":"WebPage","@id":"https:\/\/swimchannel.net\/br\/finkel-2025-comeca-com-recordes-de-campeonato\/","url":"https:\/\/swimchannel.net\/br\/finkel-2025-comeca-com-recordes-de-campeonato\/","name":"Finkel 2025 come\u00e7a com recordes de campeonato - Swimchannel","isPartOf":{"@id":"https:\/\/swimchannel.net\/br\/#website"},"primaryImageOfPage":{"@id":"https:\/\/swimchannel.net\/br\/finkel-2025-comeca-com-recordes-de-campeonato\/#primaryimage"},"image":{"@id":"https:\/\/swimchannel.net\/br\/finkel-2025-comeca-com-recordes-de-campeonato\/#primaryimage"},"thumbnailUrl":"https:\/\/swimchannel.net\/br\/wp-content\/uploads\/2025\/10\/WhatsApp-Image-2025-10-28-at-20.55.24.jpeg","datePublished":"2025-10-28T23:37:45+00:00","dateModified":"2025-10-29T03:19:52+00:00","breadcrumb":{"@id":"https:\/\/swimchannel.net\/br\/finkel-2025-comeca-com-recordes-de-campeonato\/#breadcrumb"},"inLanguage":"pt-BR","potentialAction":[{"@type":"ReadAction","target":["https:\/\/swimchannel.net\/br\/finkel-2025-comeca-com-recordes-de-campeonato\/"]}]},{"@type":"ImageObject","inLanguage":"pt-BR","@id":"https:\/\/swimchannel.net\/br\/finkel-2025-comeca-com-recordes-de-campeonato\/#primaryimage","url":"https:\/\/swimchannel.net\/br\/wp-content\/uploads\/2025\/10\/WhatsApp-Image-2025-10-28-at-20.55.24.jpeg","contentUrl":"https:\/\/swimchannel.net\/br\/wp-content\/uploads\/2025\/10\/WhatsApp-Image-2025-10-28-at-20.55.24.jpeg","width":1280,"height":853,"caption":"Eduardo Moraes - Foto: Satiro Sodre\/CBDA"},{"@type":"BreadcrumbList","@id":"https:\/\/swimchannel.net\/br\/finkel-2025-comeca-com-recordes-de-campeonato\/#breadcrumb","itemListElement":[{"@type":"ListItem","position":1,"name":"Home","item":"https:\/\/swimchannel.net\/br\/"},{"@type":"ListItem","position":2,"name":"Finkel 2025 come\u00e7a com recordes de campeonato"}]},{"@type":"WebSite","@id":"https:\/\/swimchannel.net\/br\/#website","url":"https:\/\/swimchannel.net\/br\/","name":"Swimchannel","description":"Maior portal de nata\u00e7\u00e3o da america latina","publisher":{"@id":"https:\/\/swimchannel.net\/br\/#organization"},"potentialAction":[{"@type":"SearchAction","target":{"@type":"EntryPoint","urlTemplate":"https:\/\/swimchannel.net\/br\/?s={search_term_string}"},"query-input":{"@type":"PropertyValueSpecification","valueRequired":true,"valueName":"search_term_string"}}],"inLanguage":"pt-BR"},{"@type":"Organization","@id":"https:\/\/swimchannel.net\/br\/#organization","name":"Swimchannel - Conectando voc\u00ea a Nata\u00e7\u00e3o","url":"https:\/\/swimchannel.net\/br\/","logo":{"@type":"ImageObject","inLanguage":"pt-BR","@id":"https:\/\/swimchannel.net\/br\/#\/schema\/logo\/image\/","url":"https:\/\/swimchannel.net\/br\/wp-content\/uploads\/2026\/02\/SWIM-CHANNEL.png","contentUrl":"https:\/\/swimchannel.net\/br\/wp-content\/uploads\/2026\/02\/SWIM-CHANNEL.png","width":1120,"height":630,"caption":"Swimchannel - Conectando voc\u00ea a Nata\u00e7\u00e3o"},"image":{"@id":"https:\/\/swimchannel.net\/br\/#\/schema\/logo\/image\/"},"sameAs":["https:\/\/www.facebook.com\/swimchannel","https:\/\/www.instagram.com\/swimchannel"]},{"@type":"Person","@id":"https:\/\/swimchannel.net\/br\/#\/schema\/person\/aa2a63bab3275f53749a83276b213c48","name":"Guilherme Freitas","image":{"@type":"ImageObject","inLanguage":"pt-BR","@id":"https:\/\/swimchannel.net\/br\/#\/schema\/person\/image\/","url":"https:\/\/swimchannel.net\/br\/wp-content\/uploads\/2025\/10\/gui22-193x180.png","contentUrl":"https:\/\/swimchannel.net\/br\/wp-content\/uploads\/2025\/10\/gui22-193x180.png","caption":"Guilherme Freitas"},"description":"Jornalista s\u00eanior da SWIM CHANNEL, ex-correspondente da FINA no Brasil e pesquisador acad\u00eamico.","sameAs":["instagram.com\/guifreitas86"],"url":"https:\/\/swimchannel.net\/br\/author\/guilherme-freitas\/"}]}},"_links":{"self":[{"href":"https:\/\/swimchannel.net\/br\/wp-json\/wp\/v2\/posts\/76788","targetHints":{"allow":["GET"]}}],"collection":[{"href":"https:\/\/swimchannel.net\/br\/wp-json\/wp\/v2\/posts"}],"about":[{"href":"https:\/\/swimchannel.net\/br\/wp-json\/wp\/v2\/types\/post"}],"author":[{"embeddable":true,"href":"https:\/\/swimchannel.net\/br\/wp-json\/wp\/v2\/users\/3"}],"replies":[{"embeddable":true,"href":"https:\/\/swimchannel.net\/br\/wp-json\/wp\/v2\/comments?post=76788"}],"version-history":[{"count":10,"href":"https:\/\/swimchannel.net\/br\/wp-json\/wp\/v2\/posts\/76788\/revisions"}],"predecessor-version":[{"id":76791,"href":"https:\/\/swimchannel.net\/br\/wp-json\/wp\/v2\/posts\/76788\/revisions\/76791"}],"wp:featuredmedia":[{"embeddable":true,"href":"https:\/\/swimchannel.net\/br\/wp-json\/wp\/v2\/media\/76802"}],"wp:attachment":[{"href":"https:\/\/swimchannel.net\/br\/wp-json\/wp\/v2\/media?parent=76788"}],"wp:term":[{"taxonomy":"category","embeddable":true,"href":"https:\/\/swimchannel.net\/br\/wp-json\/wp\/v2\/categories?post=76788"},{"taxonomy":"post_tag","embeddable":true,"href":"https:\/\/swimchannel.net\/br\/wp-json\/wp\/v2\/tags?post=76788"}],"curies":[{"name":"wp","href":"https:\/\/api.w.org\/{rel}","templated":true}]}}