{"id":76816,"date":"2025-10-29T20:40:06","date_gmt":"2025-10-29T23:40:06","guid":{"rendered":"https:\/\/swimchannel.net\/br\/?p=76816"},"modified":"2025-10-30T11:31:34","modified_gmt":"2025-10-30T14:31:34","slug":"segundo-dia-do-finkel-coroa-novos-campeoes","status":"publish","type":"post","link":"https:\/\/swimchannel.net\/br\/segundo-dia-do-finkel-coroa-novos-campeoes\/","title":{"rendered":"Segundo dia do Finkel coroa novos campe\u00f5es"},"content":{"rendered":"<p>O segundo dia de finais do Trof\u00e9u Jos\u00e9 Finkel registrou boas apresenta\u00e7\u00f5es na piscina do Clube Paineiras do Morumby. O destaque vai para as primeiras conquistas individuais de tr\u00eas jovens nadadores. Nos 50m peito, a dupla Kau\u00e3 Carvalho e Manuela Sega, venceram pela primeira vez na competi\u00e7\u00e3o nacional e tamb\u00e9m ganharam as primeiras medalhas de ouro de seus clubes na competi\u00e7\u00e3o, o SESI-SP e a Nata\u00e7\u00e3o Americana, respectivamente. Outra atleta que ganhou seu primeiro t\u00edtulo foi a argentina Malena Santillan, do Pinheiros, que faz sua estreia na competi\u00e7\u00e3o. Confira abaixo um resumo das finais de hoje.<\/p>\n<p>&nbsp;<\/p>\n<figure id=\"attachment_76844\" aria-describedby=\"caption-attachment-76844\" style=\"width: 1199px\" class=\"wp-caption alignnone\"><img loading=\"lazy\" decoding=\"async\" class=\"size-large wp-image-76844\" src=\"https:\/\/swimchannel.net\/br\/wp-content\/uploads\/2025\/10\/54889549218_41df316794_k-1199x800.jpg\" alt=\"\" width=\"1199\" height=\"800\" srcset=\"https:\/\/swimchannel.net\/br\/wp-content\/uploads\/2025\/10\/54889549218_41df316794_k-1199x800.jpg 1199w, https:\/\/swimchannel.net\/br\/wp-content\/uploads\/2025\/10\/54889549218_41df316794_k-1012x675.jpg 1012w, https:\/\/swimchannel.net\/br\/wp-content\/uploads\/2025\/10\/54889549218_41df316794_k-270x180.jpg 270w, https:\/\/swimchannel.net\/br\/wp-content\/uploads\/2025\/10\/54889549218_41df316794_k-768x512.jpg 768w, https:\/\/swimchannel.net\/br\/wp-content\/uploads\/2025\/10\/54889549218_41df316794_k-1536x1025.jpg 1536w, https:\/\/swimchannel.net\/br\/wp-content\/uploads\/2025\/10\/54889549218_41df316794_k-750x500.jpg 750w, https:\/\/swimchannel.net\/br\/wp-content\/uploads\/2025\/10\/54889549218_41df316794_k-1140x760.jpg 1140w, https:\/\/swimchannel.net\/br\/wp-content\/uploads\/2025\/10\/54889549218_41df316794_k.jpg 2048w\" sizes=\"auto, (max-width: 1199px) 100vw, 1199px\" \/><figcaption id=\"caption-attachment-76844\" class=\"wp-caption-text\">Samuel Lopes &#8211; Foto: Satiro Sodre\/CBDA<\/figcaption><\/figure>\n<p><strong>Final dos 200m costas masculino<\/strong><br \/>\nSamuel Lopes fez uma grande prova na piscina onde foi revelado para a nata\u00e7\u00e3o. Ex-atleta do Paineiras, Samuel hoje defende o Pinheiros e conquistou seu segundo t\u00edtulo neste prova no Finkel. Curiosamente, em 2023 ele venceu a prova nadando pelo Paineiras na piscina do Pinheiros. Hoje ele foi campe\u00e3o mais uma vez abaixo dos 2 minutos com 1min59s57. A medalha de prata ficou com Davi Vallim que nadou para 2min01s45 e Pedro Pena levou o bronze com 2min02s35.<\/p>\n<p>&nbsp;<\/p>\n<figure id=\"attachment_76843\" aria-describedby=\"caption-attachment-76843\" style=\"width: 1199px\" class=\"wp-caption alignnone\"><img loading=\"lazy\" decoding=\"async\" class=\"size-large wp-image-76843\" src=\"https:\/\/swimchannel.net\/br\/wp-content\/uploads\/2025\/10\/54889615845_dc522da379_k-1199x800.jpg\" alt=\"\" width=\"1199\" height=\"800\" srcset=\"https:\/\/swimchannel.net\/br\/wp-content\/uploads\/2025\/10\/54889615845_dc522da379_k-1199x800.jpg 1199w, https:\/\/swimchannel.net\/br\/wp-content\/uploads\/2025\/10\/54889615845_dc522da379_k-1012x675.jpg 1012w, https:\/\/swimchannel.net\/br\/wp-content\/uploads\/2025\/10\/54889615845_dc522da379_k-270x180.jpg 270w, https:\/\/swimchannel.net\/br\/wp-content\/uploads\/2025\/10\/54889615845_dc522da379_k-768x512.jpg 768w, https:\/\/swimchannel.net\/br\/wp-content\/uploads\/2025\/10\/54889615845_dc522da379_k-1536x1025.jpg 1536w, https:\/\/swimchannel.net\/br\/wp-content\/uploads\/2025\/10\/54889615845_dc522da379_k-750x500.jpg 750w, https:\/\/swimchannel.net\/br\/wp-content\/uploads\/2025\/10\/54889615845_dc522da379_k-1140x760.jpg 1140w, https:\/\/swimchannel.net\/br\/wp-content\/uploads\/2025\/10\/54889615845_dc522da379_k.jpg 2048w\" sizes=\"auto, (max-width: 1199px) 100vw, 1199px\" \/><figcaption id=\"caption-attachment-76843\" class=\"wp-caption-text\">Malena Santillan &#8211; Foto: Satiro Sodre\/CBDA<\/figcaption><\/figure>\n<p><strong>Final dos 200m costas feminino<\/strong><br \/>\nSegunda vit\u00f3ria argentina neste Trof\u00e9u Jos\u00e9 Finkel. A respons\u00e1vel pelo feito foi Malena Santillan, atleta do Pinheiros, que dominou a prova e venceu de ponta a ponta. Malena ficou a apenas dois cent\u00e9simos de bater o recorde de campeonato e levou a medalha de ouro com 2min12s51. A medalha de prta ficou com Alexia Assun\u00e7\u00e3o, que havia nas eliminat\u00f3rias empatado com Malena. A nadadora do SESI-SP nadou para 2min15s33. O bronze foi para Fernanda Goeij com 2min15s77.<\/p>\n<p>&nbsp;<\/p>\n<figure id=\"attachment_76838\" aria-describedby=\"caption-attachment-76838\" style=\"width: 1199px\" class=\"wp-caption alignnone\"><img loading=\"lazy\" decoding=\"async\" class=\"size-large wp-image-76838\" src=\"https:\/\/swimchannel.net\/br\/wp-content\/uploads\/2025\/10\/54889566299_22dfa476be_k-1199x800.jpg\" alt=\"\" width=\"1199\" height=\"800\" srcset=\"https:\/\/swimchannel.net\/br\/wp-content\/uploads\/2025\/10\/54889566299_22dfa476be_k-1199x800.jpg 1199w, https:\/\/swimchannel.net\/br\/wp-content\/uploads\/2025\/10\/54889566299_22dfa476be_k-1012x675.jpg 1012w, https:\/\/swimchannel.net\/br\/wp-content\/uploads\/2025\/10\/54889566299_22dfa476be_k-270x180.jpg 270w, https:\/\/swimchannel.net\/br\/wp-content\/uploads\/2025\/10\/54889566299_22dfa476be_k-768x512.jpg 768w, https:\/\/swimchannel.net\/br\/wp-content\/uploads\/2025\/10\/54889566299_22dfa476be_k-1536x1025.jpg 1536w, https:\/\/swimchannel.net\/br\/wp-content\/uploads\/2025\/10\/54889566299_22dfa476be_k-750x500.jpg 750w, https:\/\/swimchannel.net\/br\/wp-content\/uploads\/2025\/10\/54889566299_22dfa476be_k-1140x760.jpg 1140w, https:\/\/swimchannel.net\/br\/wp-content\/uploads\/2025\/10\/54889566299_22dfa476be_k.jpg 2048w\" sizes=\"auto, (max-width: 1199px) 100vw, 1199px\" \/><figcaption id=\"caption-attachment-76838\" class=\"wp-caption-text\">Kau\u00e3 Carvalho &#8211; Foto: Satiro Sodre\/CBDA<\/figcaption><\/figure>\n<p><strong>Final dos 50m peito masculino<\/strong><br \/>\nPrimeiro t\u00edtulo nacional absoluto para Kau\u00e3 Carvalho. O jovem nadador do SESI-SP fez uma grande prova, principalmente na parte nadada conseguindo se recuperar ap\u00f3s Guilherme Camossato, que nadava na raia do lado, ter tido uma melhor sa\u00edda. Kau\u00e3 bateu na frente com 27s79, sua segunda melhor marca pessoal. J\u00e1 Camossato levou a medalha de prata com 27s90. O p\u00f3dio teve ainda Fernando Santos na terceira coloca\u00e7\u00e3o com tempo de 28s02.<\/p>\n<p>&nbsp;<\/p>\n<figure id=\"attachment_76842\" aria-describedby=\"caption-attachment-76842\" style=\"width: 1199px\" class=\"wp-caption alignnone\"><img loading=\"lazy\" decoding=\"async\" class=\"size-large wp-image-76842\" src=\"https:\/\/swimchannel.net\/br\/wp-content\/uploads\/2025\/10\/54889323566_0181950627_k-1199x800.jpg\" alt=\"\" width=\"1199\" height=\"800\" srcset=\"https:\/\/swimchannel.net\/br\/wp-content\/uploads\/2025\/10\/54889323566_0181950627_k-1199x800.jpg 1199w, https:\/\/swimchannel.net\/br\/wp-content\/uploads\/2025\/10\/54889323566_0181950627_k-1012x675.jpg 1012w, https:\/\/swimchannel.net\/br\/wp-content\/uploads\/2025\/10\/54889323566_0181950627_k-270x180.jpg 270w, https:\/\/swimchannel.net\/br\/wp-content\/uploads\/2025\/10\/54889323566_0181950627_k-768x512.jpg 768w, https:\/\/swimchannel.net\/br\/wp-content\/uploads\/2025\/10\/54889323566_0181950627_k-1536x1025.jpg 1536w, https:\/\/swimchannel.net\/br\/wp-content\/uploads\/2025\/10\/54889323566_0181950627_k-750x500.jpg 750w, https:\/\/swimchannel.net\/br\/wp-content\/uploads\/2025\/10\/54889323566_0181950627_k-1140x760.jpg 1140w, https:\/\/swimchannel.net\/br\/wp-content\/uploads\/2025\/10\/54889323566_0181950627_k.jpg 2048w\" sizes=\"auto, (max-width: 1199px) 100vw, 1199px\" \/><figcaption id=\"caption-attachment-76842\" class=\"wp-caption-text\">Manuela Sega &#8211; Foto: Satiro Sodre\/CBDA<\/figcaption><\/figure>\n<p><strong>Final dos 50m peito feminino<\/strong><br \/>\nSe tivemos um campe\u00e3o in\u00e9dito na prova masculina, o raio caiu no mesmo lugar e na final feminina tivemos mais um novo nome sendo escrito na galeria de vencedores do Trof\u00e9u Jos\u00e9 Finkel. Manuela Sega, atleta da Nata\u00e7\u00e3o Americana, foi imbat\u00edvel na final e baixou ainda mais seu tempo, conquistando a medalha de ouro com o tempo de 31s35. A vice-campe\u00e3 da prova foi Gabrielle Assis que marcou 31s79 e em terceiro, ganhando o bronze, foi a venezuelana Mercedes Salazar com 31s97.<\/p>\n<p>&nbsp;<\/p>\n<figure id=\"attachment_76841\" aria-describedby=\"caption-attachment-76841\" style=\"width: 1199px\" class=\"wp-caption alignnone\"><img loading=\"lazy\" decoding=\"async\" class=\"size-large wp-image-76841\" src=\"https:\/\/swimchannel.net\/br\/wp-content\/uploads\/2025\/10\/54889615860_a195a9dbb2_k-1199x800.jpg\" alt=\"\" width=\"1199\" height=\"800\" srcset=\"https:\/\/swimchannel.net\/br\/wp-content\/uploads\/2025\/10\/54889615860_a195a9dbb2_k-1199x800.jpg 1199w, https:\/\/swimchannel.net\/br\/wp-content\/uploads\/2025\/10\/54889615860_a195a9dbb2_k-1012x675.jpg 1012w, https:\/\/swimchannel.net\/br\/wp-content\/uploads\/2025\/10\/54889615860_a195a9dbb2_k-270x180.jpg 270w, https:\/\/swimchannel.net\/br\/wp-content\/uploads\/2025\/10\/54889615860_a195a9dbb2_k-768x512.jpg 768w, https:\/\/swimchannel.net\/br\/wp-content\/uploads\/2025\/10\/54889615860_a195a9dbb2_k-1536x1025.jpg 1536w, https:\/\/swimchannel.net\/br\/wp-content\/uploads\/2025\/10\/54889615860_a195a9dbb2_k-750x500.jpg 750w, https:\/\/swimchannel.net\/br\/wp-content\/uploads\/2025\/10\/54889615860_a195a9dbb2_k-1140x760.jpg 1140w, https:\/\/swimchannel.net\/br\/wp-content\/uploads\/2025\/10\/54889615860_a195a9dbb2_k.jpg 2048w\" sizes=\"auto, (max-width: 1199px) 100vw, 1199px\" \/><figcaption id=\"caption-attachment-76841\" class=\"wp-caption-text\">Leonardo Santos &#8211; Foto: Satiro Sodre\/CBDA<\/figcaption><\/figure>\n<p><strong>Final dos 200m medley masculino<\/strong><br \/>\nPela manh\u00e3, Leonardo Santos j\u00e1 havia sido o mais veloz e na final ele repetiu a dose. O nadador do Pinheiros fez uma grande prova, controlando os advers\u00e1rios e conquistando mais um t\u00edtulo absoluto. Leo venceu com o tempo de 2min00s59. Gabriel Machuco garantiu a medalha de prata com 2min01s14 e Caio Pumputis obteve mais um p\u00f3dio, agora um bronze com 2min01s75.<\/p>\n<p>&nbsp;<\/p>\n<figure id=\"attachment_76813\" aria-describedby=\"caption-attachment-76813\" style=\"width: 1199px\" class=\"wp-caption alignnone\"><img loading=\"lazy\" decoding=\"async\" class=\"size-large wp-image-76813\" src=\"https:\/\/swimchannel.net\/br\/wp-content\/uploads\/2025\/10\/54886408327_797d7147e0_k-1199x800.jpg\" alt=\"\" width=\"1199\" height=\"800\" srcset=\"https:\/\/swimchannel.net\/br\/wp-content\/uploads\/2025\/10\/54886408327_797d7147e0_k-1199x800.jpg 1199w, https:\/\/swimchannel.net\/br\/wp-content\/uploads\/2025\/10\/54886408327_797d7147e0_k-1012x675.jpg 1012w, https:\/\/swimchannel.net\/br\/wp-content\/uploads\/2025\/10\/54886408327_797d7147e0_k-270x180.jpg 270w, https:\/\/swimchannel.net\/br\/wp-content\/uploads\/2025\/10\/54886408327_797d7147e0_k-768x512.jpg 768w, https:\/\/swimchannel.net\/br\/wp-content\/uploads\/2025\/10\/54886408327_797d7147e0_k-1536x1025.jpg 1536w, https:\/\/swimchannel.net\/br\/wp-content\/uploads\/2025\/10\/54886408327_797d7147e0_k-750x500.jpg 750w, https:\/\/swimchannel.net\/br\/wp-content\/uploads\/2025\/10\/54886408327_797d7147e0_k-1140x760.jpg 1140w, https:\/\/swimchannel.net\/br\/wp-content\/uploads\/2025\/10\/54886408327_797d7147e0_k.jpg 2048w\" sizes=\"auto, (max-width: 1199px) 100vw, 1199px\" \/><figcaption id=\"caption-attachment-76813\" class=\"wp-caption-text\">Agostina Hein &#8211; Foto: Satiro Sodre\/CBDA<\/figcaption><\/figure>\n<p><strong>Final dos 200m medley feminino<\/strong><br \/>\nMais uma vit\u00f3ria da nata\u00e7\u00e3o argentina, e do Pinheiros, neste Trof\u00e9u Jos\u00e9 Finkel. Agostina Hein conquistou sua segunda medalha de ouro no evento. Agostina conseguiu abrir uma boa vantagem para as demais nadadoras e venceu com o tempo de 2min13s01. A vice-campe\u00e3 foi Agatha Amaral que nadou para 2min16s31 e Gabrielle Assis completo o p\u00f3dio com a marca de 2min16s50.<\/p>\n<p>&nbsp;<\/p>\n<figure id=\"attachment_76840\" aria-describedby=\"caption-attachment-76840\" style=\"width: 1199px\" class=\"wp-caption alignnone\"><img loading=\"lazy\" decoding=\"async\" class=\"size-large wp-image-76840\" src=\"https:\/\/swimchannel.net\/br\/wp-content\/uploads\/2025\/10\/54888450932_b707efdb99_k-1199x800.jpg\" alt=\"\" width=\"1199\" height=\"800\" srcset=\"https:\/\/swimchannel.net\/br\/wp-content\/uploads\/2025\/10\/54888450932_b707efdb99_k-1199x800.jpg 1199w, https:\/\/swimchannel.net\/br\/wp-content\/uploads\/2025\/10\/54888450932_b707efdb99_k-1012x675.jpg 1012w, https:\/\/swimchannel.net\/br\/wp-content\/uploads\/2025\/10\/54888450932_b707efdb99_k-270x180.jpg 270w, https:\/\/swimchannel.net\/br\/wp-content\/uploads\/2025\/10\/54888450932_b707efdb99_k-768x512.jpg 768w, https:\/\/swimchannel.net\/br\/wp-content\/uploads\/2025\/10\/54888450932_b707efdb99_k-1536x1025.jpg 1536w, https:\/\/swimchannel.net\/br\/wp-content\/uploads\/2025\/10\/54888450932_b707efdb99_k-750x500.jpg 750w, https:\/\/swimchannel.net\/br\/wp-content\/uploads\/2025\/10\/54888450932_b707efdb99_k-1140x760.jpg 1140w, https:\/\/swimchannel.net\/br\/wp-content\/uploads\/2025\/10\/54888450932_b707efdb99_k.jpg 2048w\" sizes=\"auto, (max-width: 1199px) 100vw, 1199px\" \/><figcaption id=\"caption-attachment-76840\" class=\"wp-caption-text\">4x200m livre feminino &#8211; Foto: Satiro Sodre\/CBDA<\/figcaption><\/figure>\n<p><strong>Final do revezamento 4x200m livre feminino<\/strong><\/p>\n<p>Em uma das provas mais emocionantes da noite, o Minas T\u00eanis Clube venceu o revezamento 4x200m livre feminino por apenas 0s26 de vantagem sobre a Unisanta. Maf\u00ea Costa abriu forte pela equipe santista, com 1min58s74, colocando quase quatro segundos de frente sobre o Minas. Na segunda parcial, Aline Rodrigues reagiu e ultrapassou Beatriz Dizotti, virando o jogo para as mineiras. Nat\u00e1lia Almeida tentou reduzir a diferen\u00e7a, mas Laura Romero fez um excelente final e ampliou novamente a vantagem para o Minas. Na \u00faltima ca\u00edda, Gabi Roncato protagonizou um duelo eletrizante com Mariana Costa: a nadadora da Unisanta chegou a emparelhar nos metros finais, mas Mariana manteve a lideran\u00e7a e garantiu a vit\u00f3ria para o Minas. O p\u00f3dio foi completo pela Unisanta em segundo e pelo Pinheiros em terceiro.<\/p>\n<p>&nbsp;<\/p>\n<figure id=\"attachment_76839\" aria-describedby=\"caption-attachment-76839\" style=\"width: 1199px\" class=\"wp-caption alignnone\"><img loading=\"lazy\" decoding=\"async\" class=\"size-large wp-image-76839\" src=\"https:\/\/swimchannel.net\/br\/wp-content\/uploads\/2025\/10\/54889552483_af16b75fc3_k-1199x800.jpg\" alt=\"\" width=\"1199\" height=\"800\" srcset=\"https:\/\/swimchannel.net\/br\/wp-content\/uploads\/2025\/10\/54889552483_af16b75fc3_k-1199x800.jpg 1199w, https:\/\/swimchannel.net\/br\/wp-content\/uploads\/2025\/10\/54889552483_af16b75fc3_k-1012x675.jpg 1012w, https:\/\/swimchannel.net\/br\/wp-content\/uploads\/2025\/10\/54889552483_af16b75fc3_k-270x180.jpg 270w, https:\/\/swimchannel.net\/br\/wp-content\/uploads\/2025\/10\/54889552483_af16b75fc3_k-768x512.jpg 768w, https:\/\/swimchannel.net\/br\/wp-content\/uploads\/2025\/10\/54889552483_af16b75fc3_k-1536x1025.jpg 1536w, https:\/\/swimchannel.net\/br\/wp-content\/uploads\/2025\/10\/54889552483_af16b75fc3_k-750x500.jpg 750w, https:\/\/swimchannel.net\/br\/wp-content\/uploads\/2025\/10\/54889552483_af16b75fc3_k-1140x760.jpg 1140w, https:\/\/swimchannel.net\/br\/wp-content\/uploads\/2025\/10\/54889552483_af16b75fc3_k.jpg 2048w\" sizes=\"auto, (max-width: 1199px) 100vw, 1199px\" \/><figcaption id=\"caption-attachment-76839\" class=\"wp-caption-text\">4x200m livre masculino &#8211; Foto: Satiro Sodre\/CBDA<\/figcaption><\/figure>\n<p><strong><br \/>\nFinal do revezamento 4x200m livre masculino<\/strong><\/p>\n<p>No revezamento masculino, a equipe do Minas T\u00eanis Clube venceu a prova com 7min15s91. A equipe mineira come\u00e7ou forte com Eduardo Morais, que abriu com 1min48s87, apenas 0s26 \u00e0 frente do Pinheiros. Na sequ\u00eancia, Murilo Sartori ampliou a vantagem com uma parcial de 1min48s72, consolidando a lideran\u00e7a. Leonardo Barbiere manteve o ritmo e nadou tamb\u00e9m para 1min48s72, garantindo uma boa margem de vantagem. No fechamento, Gabriel Moura administrou a vantagem e confirmou o t\u00edtulo para o Minas. O Flamengo, com Stephan Steverink fazendo grande prova final e se aproximando do l\u00edder, ficou com a prata, com 7min18s48, enquanto o Pinheiros completou o p\u00f3dio em terceiro com 7min22s26.<\/p>\n<p>Os resultados completos das finais A e B desta segunda etapa podem ser conferidos no site da CBDA, clicando aqui: <strong><a href=\"https:\/\/www.cbda.org.br\/evento\/natacao\/39692\/campeonato-brasileiro-de-natacao-jose-finkel?tab=provas\" target=\"_blank\" rel=\"noopener\">https:\/\/www.cbda.org.br\/evento\/natacao\/39692\/campeonato-brasileiro-de-natacao-jose-finkel?tab=provas<\/a><\/strong>.<\/p>\n<p>&nbsp;<\/p>\n<p>Gostaria de receber as not\u00edcias de nata\u00e7\u00e3o e \u00e1guas abertas no seu email?<\/p>\n<p><a href=\"https:\/\/lpa.nitro.news\/n-GNe\/ultimas-noticias-swim-channel\">Cadastre-se aqui<\/a><\/p>\n","protected":false},"excerpt":{"rendered":"<p>O segundo dia de finais do Trof\u00e9u Jos\u00e9 Finkel registrou boas apresenta\u00e7\u00f5es na piscina do Clube Paineiras do Morumby. O destaque vai para as primeiras conquistas individuais de tr\u00eas jovens nadadores. Nos 50m peito, a dupla Kau\u00e3 Carvalho e Manuela Sega, venceram pela primeira vez na competi\u00e7\u00e3o nacional e tamb\u00e9m ganharam as primeiras medalhas de [&hellip;]<\/p>\n","protected":false},"author":3,"featured_media":76838,"comment_status":"open","ping_status":"open","sticky":false,"template":"","format":"gallery","meta":{"footnotes":""},"categories":[241],"tags":[5507,5520,1425,4933,6612,5,5274,130],"class_list":["post-76816","post","type-post","status-publish","format-gallery","has-post-thumbnail","hentry","category-trofeu-jose-finkel","tag-agostina-hein","tag-kaua-carvalho","tag-leonardo-santos","tag-malena-santillan","tag-manuela-sega","tag-natacao","tag-samuel-lopes","tag-trofeu-jose-finkel","post_format-post-format-gallery"],"yoast_head":"<!-- This site is optimized with the Yoast SEO plugin v27.0 - https:\/\/yoast.com\/product\/yoast-seo-wordpress\/ -->\n<title>Segundo dia do Finkel coroa novos campe\u00f5es - Swimchannel<\/title>\n<meta name=\"robots\" content=\"index, follow, max-snippet:-1, max-image-preview:large, max-video-preview:-1\" \/>\n<link rel=\"canonical\" href=\"https:\/\/swimchannel.net\/br\/segundo-dia-do-finkel-coroa-novos-campeoes\/\" \/>\n<meta property=\"og:locale\" content=\"pt_BR\" \/>\n<meta property=\"og:type\" content=\"article\" \/>\n<meta property=\"og:title\" content=\"Segundo dia do Finkel coroa novos campe\u00f5es - Swimchannel\" \/>\n<meta property=\"og:description\" content=\"O segundo dia de finais do Trof\u00e9u Jos\u00e9 Finkel registrou boas apresenta\u00e7\u00f5es na piscina do Clube Paineiras do Morumby. O destaque vai para as primeiras conquistas individuais de tr\u00eas jovens nadadores. Nos 50m peito, a dupla Kau\u00e3 Carvalho e Manuela Sega, venceram pela primeira vez na competi\u00e7\u00e3o nacional e tamb\u00e9m ganharam as primeiras medalhas de [&hellip;]\" \/>\n<meta property=\"og:url\" content=\"https:\/\/swimchannel.net\/br\/segundo-dia-do-finkel-coroa-novos-campeoes\/\" \/>\n<meta property=\"og:site_name\" content=\"Swimchannel\" \/>\n<meta property=\"article:publisher\" content=\"https:\/\/www.facebook.com\/swimchannel\" \/>\n<meta property=\"article:published_time\" content=\"2025-10-29T23:40:06+00:00\" \/>\n<meta property=\"article:modified_time\" content=\"2025-10-30T14:31:34+00:00\" \/>\n<meta property=\"og:image\" content=\"https:\/\/swimchannel.net\/br\/wp-content\/uploads\/2025\/10\/54889566299_22dfa476be_k.jpg\" \/>\n\t<meta property=\"og:image:width\" content=\"2048\" \/>\n\t<meta property=\"og:image:height\" content=\"1366\" \/>\n\t<meta property=\"og:image:type\" content=\"image\/jpeg\" \/>\n<meta name=\"author\" content=\"Guilherme Freitas\" \/>\n<meta name=\"twitter:card\" content=\"summary_large_image\" \/>\n<meta name=\"twitter:label1\" content=\"Escrito por\" \/>\n\t<meta name=\"twitter:data1\" content=\"Guilherme Freitas\" \/>\n\t<meta name=\"twitter:label2\" content=\"Est. tempo de leitura\" \/>\n\t<meta name=\"twitter:data2\" content=\"5 minutos\" \/>\n<script type=\"application\/ld+json\" class=\"yoast-schema-graph\">{\"@context\":\"https:\/\/schema.org\",\"@graph\":[{\"@type\":\"Article\",\"@id\":\"https:\/\/swimchannel.net\/br\/segundo-dia-do-finkel-coroa-novos-campeoes\/#article\",\"isPartOf\":{\"@id\":\"https:\/\/swimchannel.net\/br\/segundo-dia-do-finkel-coroa-novos-campeoes\/\"},\"author\":{\"name\":\"Guilherme Freitas\",\"@id\":\"https:\/\/swimchannel.net\/br\/#\/schema\/person\/aa2a63bab3275f53749a83276b213c48\"},\"headline\":\"Segundo dia do Finkel coroa novos campe\u00f5es\",\"datePublished\":\"2025-10-29T23:40:06+00:00\",\"dateModified\":\"2025-10-30T14:31:34+00:00\",\"mainEntityOfPage\":{\"@id\":\"https:\/\/swimchannel.net\/br\/segundo-dia-do-finkel-coroa-novos-campeoes\/\"},\"wordCount\":1051,\"commentCount\":0,\"publisher\":{\"@id\":\"https:\/\/swimchannel.net\/br\/#organization\"},\"image\":{\"@id\":\"https:\/\/swimchannel.net\/br\/segundo-dia-do-finkel-coroa-novos-campeoes\/#primaryimage\"},\"thumbnailUrl\":\"https:\/\/swimchannel.net\/br\/wp-content\/uploads\/2025\/10\/54889566299_22dfa476be_k.jpg\",\"keywords\":[\"Agostina Hein\",\"Kau\u00e3 Carvalho\",\"Leonardo Santos\",\"Malena Santillan\",\"Manuela Sega\",\"natacao\",\"samuel lopes\",\"Trof\u00e9u Jos\u00e9 Finkel\"],\"articleSection\":[\"Trof\u00e9u Jos\u00e9 Finkel\"],\"inLanguage\":\"pt-BR\",\"potentialAction\":[{\"@type\":\"CommentAction\",\"name\":\"Comment\",\"target\":[\"https:\/\/swimchannel.net\/br\/segundo-dia-do-finkel-coroa-novos-campeoes\/#respond\"]}]},{\"@type\":\"WebPage\",\"@id\":\"https:\/\/swimchannel.net\/br\/segundo-dia-do-finkel-coroa-novos-campeoes\/\",\"url\":\"https:\/\/swimchannel.net\/br\/segundo-dia-do-finkel-coroa-novos-campeoes\/\",\"name\":\"Segundo dia do Finkel coroa novos campe\u00f5es - Swimchannel\",\"isPartOf\":{\"@id\":\"https:\/\/swimchannel.net\/br\/#website\"},\"primaryImageOfPage\":{\"@id\":\"https:\/\/swimchannel.net\/br\/segundo-dia-do-finkel-coroa-novos-campeoes\/#primaryimage\"},\"image\":{\"@id\":\"https:\/\/swimchannel.net\/br\/segundo-dia-do-finkel-coroa-novos-campeoes\/#primaryimage\"},\"thumbnailUrl\":\"https:\/\/swimchannel.net\/br\/wp-content\/uploads\/2025\/10\/54889566299_22dfa476be_k.jpg\",\"datePublished\":\"2025-10-29T23:40:06+00:00\",\"dateModified\":\"2025-10-30T14:31:34+00:00\",\"breadcrumb\":{\"@id\":\"https:\/\/swimchannel.net\/br\/segundo-dia-do-finkel-coroa-novos-campeoes\/#breadcrumb\"},\"inLanguage\":\"pt-BR\",\"potentialAction\":[{\"@type\":\"ReadAction\",\"target\":[\"https:\/\/swimchannel.net\/br\/segundo-dia-do-finkel-coroa-novos-campeoes\/\"]}]},{\"@type\":\"ImageObject\",\"inLanguage\":\"pt-BR\",\"@id\":\"https:\/\/swimchannel.net\/br\/segundo-dia-do-finkel-coroa-novos-campeoes\/#primaryimage\",\"url\":\"https:\/\/swimchannel.net\/br\/wp-content\/uploads\/2025\/10\/54889566299_22dfa476be_k.jpg\",\"contentUrl\":\"https:\/\/swimchannel.net\/br\/wp-content\/uploads\/2025\/10\/54889566299_22dfa476be_k.jpg\",\"width\":2048,\"height\":1366,\"caption\":\"Kau\u00e3 Carvalho - Foto: Satiro Sodre\/CBDA\"},{\"@type\":\"BreadcrumbList\",\"@id\":\"https:\/\/swimchannel.net\/br\/segundo-dia-do-finkel-coroa-novos-campeoes\/#breadcrumb\",\"itemListElement\":[{\"@type\":\"ListItem\",\"position\":1,\"name\":\"Home\",\"item\":\"https:\/\/swimchannel.net\/br\/\"},{\"@type\":\"ListItem\",\"position\":2,\"name\":\"Segundo dia do Finkel coroa novos campe\u00f5es\"}]},{\"@type\":\"WebSite\",\"@id\":\"https:\/\/swimchannel.net\/br\/#website\",\"url\":\"https:\/\/swimchannel.net\/br\/\",\"name\":\"Swimchannel\",\"description\":\"Maior portal de nata\u00e7\u00e3o da america latina\",\"publisher\":{\"@id\":\"https:\/\/swimchannel.net\/br\/#organization\"},\"potentialAction\":[{\"@type\":\"SearchAction\",\"target\":{\"@type\":\"EntryPoint\",\"urlTemplate\":\"https:\/\/swimchannel.net\/br\/?s={search_term_string}\"},\"query-input\":{\"@type\":\"PropertyValueSpecification\",\"valueRequired\":true,\"valueName\":\"search_term_string\"}}],\"inLanguage\":\"pt-BR\"},{\"@type\":\"Organization\",\"@id\":\"https:\/\/swimchannel.net\/br\/#organization\",\"name\":\"Swimchannel - Conectando voc\u00ea a Nata\u00e7\u00e3o\",\"url\":\"https:\/\/swimchannel.net\/br\/\",\"logo\":{\"@type\":\"ImageObject\",\"inLanguage\":\"pt-BR\",\"@id\":\"https:\/\/swimchannel.net\/br\/#\/schema\/logo\/image\/\",\"url\":\"https:\/\/swimchannel.net\/br\/wp-content\/uploads\/2026\/02\/SWIM-CHANNEL.png\",\"contentUrl\":\"https:\/\/swimchannel.net\/br\/wp-content\/uploads\/2026\/02\/SWIM-CHANNEL.png\",\"width\":1120,\"height\":630,\"caption\":\"Swimchannel - Conectando voc\u00ea a Nata\u00e7\u00e3o\"},\"image\":{\"@id\":\"https:\/\/swimchannel.net\/br\/#\/schema\/logo\/image\/\"},\"sameAs\":[\"https:\/\/www.facebook.com\/swimchannel\",\"https:\/\/www.instagram.com\/swimchannel\"]},{\"@type\":\"Person\",\"@id\":\"https:\/\/swimchannel.net\/br\/#\/schema\/person\/aa2a63bab3275f53749a83276b213c48\",\"name\":\"Guilherme Freitas\",\"image\":{\"@type\":\"ImageObject\",\"inLanguage\":\"pt-BR\",\"@id\":\"https:\/\/swimchannel.net\/br\/#\/schema\/person\/image\/\",\"url\":\"https:\/\/swimchannel.net\/br\/wp-content\/uploads\/2025\/10\/gui22-193x180.png\",\"contentUrl\":\"https:\/\/swimchannel.net\/br\/wp-content\/uploads\/2025\/10\/gui22-193x180.png\",\"caption\":\"Guilherme Freitas\"},\"description\":\"Jornalista s\u00eanior da SWIM CHANNEL, ex-correspondente da FINA no Brasil e pesquisador acad\u00eamico.\",\"sameAs\":[\"instagram.com\/guifreitas86\"],\"url\":\"https:\/\/swimchannel.net\/br\/author\/guilherme-freitas\/\"}]}<\/script>\n<!-- \/ Yoast SEO plugin. -->","yoast_head_json":{"title":"Segundo dia do Finkel coroa novos campe\u00f5es - Swimchannel","robots":{"index":"index","follow":"follow","max-snippet":"max-snippet:-1","max-image-preview":"max-image-preview:large","max-video-preview":"max-video-preview:-1"},"canonical":"https:\/\/swimchannel.net\/br\/segundo-dia-do-finkel-coroa-novos-campeoes\/","og_locale":"pt_BR","og_type":"article","og_title":"Segundo dia do Finkel coroa novos campe\u00f5es - Swimchannel","og_description":"O segundo dia de finais do Trof\u00e9u Jos\u00e9 Finkel registrou boas apresenta\u00e7\u00f5es na piscina do Clube Paineiras do Morumby. O destaque vai para as primeiras conquistas individuais de tr\u00eas jovens nadadores. Nos 50m peito, a dupla Kau\u00e3 Carvalho e Manuela Sega, venceram pela primeira vez na competi\u00e7\u00e3o nacional e tamb\u00e9m ganharam as primeiras medalhas de [&hellip;]","og_url":"https:\/\/swimchannel.net\/br\/segundo-dia-do-finkel-coroa-novos-campeoes\/","og_site_name":"Swimchannel","article_publisher":"https:\/\/www.facebook.com\/swimchannel","article_published_time":"2025-10-29T23:40:06+00:00","article_modified_time":"2025-10-30T14:31:34+00:00","og_image":[{"width":2048,"height":1366,"url":"https:\/\/swimchannel.net\/br\/wp-content\/uploads\/2025\/10\/54889566299_22dfa476be_k.jpg","type":"image\/jpeg"}],"author":"Guilherme Freitas","twitter_card":"summary_large_image","twitter_misc":{"Escrito por":"Guilherme Freitas","Est. tempo de leitura":"5 minutos"},"schema":{"@context":"https:\/\/schema.org","@graph":[{"@type":"Article","@id":"https:\/\/swimchannel.net\/br\/segundo-dia-do-finkel-coroa-novos-campeoes\/#article","isPartOf":{"@id":"https:\/\/swimchannel.net\/br\/segundo-dia-do-finkel-coroa-novos-campeoes\/"},"author":{"name":"Guilherme Freitas","@id":"https:\/\/swimchannel.net\/br\/#\/schema\/person\/aa2a63bab3275f53749a83276b213c48"},"headline":"Segundo dia do Finkel coroa novos campe\u00f5es","datePublished":"2025-10-29T23:40:06+00:00","dateModified":"2025-10-30T14:31:34+00:00","mainEntityOfPage":{"@id":"https:\/\/swimchannel.net\/br\/segundo-dia-do-finkel-coroa-novos-campeoes\/"},"wordCount":1051,"commentCount":0,"publisher":{"@id":"https:\/\/swimchannel.net\/br\/#organization"},"image":{"@id":"https:\/\/swimchannel.net\/br\/segundo-dia-do-finkel-coroa-novos-campeoes\/#primaryimage"},"thumbnailUrl":"https:\/\/swimchannel.net\/br\/wp-content\/uploads\/2025\/10\/54889566299_22dfa476be_k.jpg","keywords":["Agostina Hein","Kau\u00e3 Carvalho","Leonardo Santos","Malena Santillan","Manuela Sega","natacao","samuel lopes","Trof\u00e9u Jos\u00e9 Finkel"],"articleSection":["Trof\u00e9u Jos\u00e9 Finkel"],"inLanguage":"pt-BR","potentialAction":[{"@type":"CommentAction","name":"Comment","target":["https:\/\/swimchannel.net\/br\/segundo-dia-do-finkel-coroa-novos-campeoes\/#respond"]}]},{"@type":"WebPage","@id":"https:\/\/swimchannel.net\/br\/segundo-dia-do-finkel-coroa-novos-campeoes\/","url":"https:\/\/swimchannel.net\/br\/segundo-dia-do-finkel-coroa-novos-campeoes\/","name":"Segundo dia do Finkel coroa novos campe\u00f5es - Swimchannel","isPartOf":{"@id":"https:\/\/swimchannel.net\/br\/#website"},"primaryImageOfPage":{"@id":"https:\/\/swimchannel.net\/br\/segundo-dia-do-finkel-coroa-novos-campeoes\/#primaryimage"},"image":{"@id":"https:\/\/swimchannel.net\/br\/segundo-dia-do-finkel-coroa-novos-campeoes\/#primaryimage"},"thumbnailUrl":"https:\/\/swimchannel.net\/br\/wp-content\/uploads\/2025\/10\/54889566299_22dfa476be_k.jpg","datePublished":"2025-10-29T23:40:06+00:00","dateModified":"2025-10-30T14:31:34+00:00","breadcrumb":{"@id":"https:\/\/swimchannel.net\/br\/segundo-dia-do-finkel-coroa-novos-campeoes\/#breadcrumb"},"inLanguage":"pt-BR","potentialAction":[{"@type":"ReadAction","target":["https:\/\/swimchannel.net\/br\/segundo-dia-do-finkel-coroa-novos-campeoes\/"]}]},{"@type":"ImageObject","inLanguage":"pt-BR","@id":"https:\/\/swimchannel.net\/br\/segundo-dia-do-finkel-coroa-novos-campeoes\/#primaryimage","url":"https:\/\/swimchannel.net\/br\/wp-content\/uploads\/2025\/10\/54889566299_22dfa476be_k.jpg","contentUrl":"https:\/\/swimchannel.net\/br\/wp-content\/uploads\/2025\/10\/54889566299_22dfa476be_k.jpg","width":2048,"height":1366,"caption":"Kau\u00e3 Carvalho - Foto: Satiro Sodre\/CBDA"},{"@type":"BreadcrumbList","@id":"https:\/\/swimchannel.net\/br\/segundo-dia-do-finkel-coroa-novos-campeoes\/#breadcrumb","itemListElement":[{"@type":"ListItem","position":1,"name":"Home","item":"https:\/\/swimchannel.net\/br\/"},{"@type":"ListItem","position":2,"name":"Segundo dia do Finkel coroa novos campe\u00f5es"}]},{"@type":"WebSite","@id":"https:\/\/swimchannel.net\/br\/#website","url":"https:\/\/swimchannel.net\/br\/","name":"Swimchannel","description":"Maior portal de nata\u00e7\u00e3o da america latina","publisher":{"@id":"https:\/\/swimchannel.net\/br\/#organization"},"potentialAction":[{"@type":"SearchAction","target":{"@type":"EntryPoint","urlTemplate":"https:\/\/swimchannel.net\/br\/?s={search_term_string}"},"query-input":{"@type":"PropertyValueSpecification","valueRequired":true,"valueName":"search_term_string"}}],"inLanguage":"pt-BR"},{"@type":"Organization","@id":"https:\/\/swimchannel.net\/br\/#organization","name":"Swimchannel - Conectando voc\u00ea a Nata\u00e7\u00e3o","url":"https:\/\/swimchannel.net\/br\/","logo":{"@type":"ImageObject","inLanguage":"pt-BR","@id":"https:\/\/swimchannel.net\/br\/#\/schema\/logo\/image\/","url":"https:\/\/swimchannel.net\/br\/wp-content\/uploads\/2026\/02\/SWIM-CHANNEL.png","contentUrl":"https:\/\/swimchannel.net\/br\/wp-content\/uploads\/2026\/02\/SWIM-CHANNEL.png","width":1120,"height":630,"caption":"Swimchannel - Conectando voc\u00ea a Nata\u00e7\u00e3o"},"image":{"@id":"https:\/\/swimchannel.net\/br\/#\/schema\/logo\/image\/"},"sameAs":["https:\/\/www.facebook.com\/swimchannel","https:\/\/www.instagram.com\/swimchannel"]},{"@type":"Person","@id":"https:\/\/swimchannel.net\/br\/#\/schema\/person\/aa2a63bab3275f53749a83276b213c48","name":"Guilherme Freitas","image":{"@type":"ImageObject","inLanguage":"pt-BR","@id":"https:\/\/swimchannel.net\/br\/#\/schema\/person\/image\/","url":"https:\/\/swimchannel.net\/br\/wp-content\/uploads\/2025\/10\/gui22-193x180.png","contentUrl":"https:\/\/swimchannel.net\/br\/wp-content\/uploads\/2025\/10\/gui22-193x180.png","caption":"Guilherme Freitas"},"description":"Jornalista s\u00eanior da SWIM CHANNEL, ex-correspondente da FINA no Brasil e pesquisador acad\u00eamico.","sameAs":["instagram.com\/guifreitas86"],"url":"https:\/\/swimchannel.net\/br\/author\/guilherme-freitas\/"}]}},"_links":{"self":[{"href":"https:\/\/swimchannel.net\/br\/wp-json\/wp\/v2\/posts\/76816","targetHints":{"allow":["GET"]}}],"collection":[{"href":"https:\/\/swimchannel.net\/br\/wp-json\/wp\/v2\/posts"}],"about":[{"href":"https:\/\/swimchannel.net\/br\/wp-json\/wp\/v2\/types\/post"}],"author":[{"embeddable":true,"href":"https:\/\/swimchannel.net\/br\/wp-json\/wp\/v2\/users\/3"}],"replies":[{"embeddable":true,"href":"https:\/\/swimchannel.net\/br\/wp-json\/wp\/v2\/comments?post=76816"}],"version-history":[{"count":16,"href":"https:\/\/swimchannel.net\/br\/wp-json\/wp\/v2\/posts\/76816\/revisions"}],"predecessor-version":[{"id":76845,"href":"https:\/\/swimchannel.net\/br\/wp-json\/wp\/v2\/posts\/76816\/revisions\/76845"}],"wp:featuredmedia":[{"embeddable":true,"href":"https:\/\/swimchannel.net\/br\/wp-json\/wp\/v2\/media\/76838"}],"wp:attachment":[{"href":"https:\/\/swimchannel.net\/br\/wp-json\/wp\/v2\/media?parent=76816"}],"wp:term":[{"taxonomy":"category","embeddable":true,"href":"https:\/\/swimchannel.net\/br\/wp-json\/wp\/v2\/categories?post=76816"},{"taxonomy":"post_tag","embeddable":true,"href":"https:\/\/swimchannel.net\/br\/wp-json\/wp\/v2\/tags?post=76816"}],"curies":[{"name":"wp","href":"https:\/\/api.w.org\/{rel}","templated":true}]}}