{"id":77194,"date":"2025-11-23T14:10:59","date_gmt":"2025-11-23T17:10:59","guid":{"rendered":"https:\/\/swimchannel.net\/br\/?p=77194"},"modified":"2025-11-23T14:10:59","modified_gmt":"2025-11-23T17:10:59","slug":"andre-yamazaki-the-coach-of-the-meet-do-brasileiro-juvenil-de-verao","status":"publish","type":"post","link":"https:\/\/swimchannel.net\/br\/andre-yamazaki-the-coach-of-the-meet-do-brasileiro-juvenil-de-verao\/","title":{"rendered":"Andr\u00e9 Yamazaki, The Coach of the Meet do Brasileiro Juvenil de Ver\u00e3o"},"content":{"rendered":"<p>Reconhecer um trabalho profissional \u00e9 algo que a Best Swimming sempre se preocupou e ao lan\u00e7ar o projeto \u201cThe Coach of the Meet\u201d na escolha do Melhor Treinador dos campeonatos nacionais passamos a dar o m\u00e9rito a treinadores que se destacam seja atrav\u00e9s da conquista de alguns de seus atletas ou de toda a sua equipe. O Brasileiro Juvenil de Ver\u00e3o, em Vit\u00f3ria, nos deu a oportunidade de fazer uma escolha in\u00e9dita: Andr\u00e9 Yamazaki Pereira, treinador da APAN Maring\u00e1.<\/p>\n<p>&nbsp;<\/p>\n<p><img loading=\"lazy\" decoding=\"async\" class=\"size-medium wp-image-287332 aligncenter\" src=\"https:\/\/bestswimming.swimchannel.net\/wp-content\/uploads\/2025\/11\/image-1763777189-3-461x480.jpg\" sizes=\"auto, (max-width: 461px) 100vw, 461px\" srcset=\"https:\/\/bestswimming.swimchannel.net\/wp-content\/uploads\/2025\/11\/image-1763777189-3-461x480.jpg 461w, https:\/\/bestswimming.swimchannel.net\/wp-content\/uploads\/2025\/11\/image-1763777189-3-768x800.jpg 768w, https:\/\/bestswimming.swimchannel.net\/wp-content\/uploads\/2025\/11\/image-1763777189-3-36x36.jpg 36w, https:\/\/bestswimming.swimchannel.net\/wp-content\/uploads\/2025\/11\/image-1763777189-3-676x705.jpg 676w, https:\/\/bestswimming.swimchannel.net\/wp-content\/uploads\/2025\/11\/image-1763777189-3.jpg 854w\" alt=\"\" width=\"461\" height=\"480\" \/><\/p>\n<p>&nbsp;<\/p>\n<p>Treinador da nova gera\u00e7\u00e3o, tem pouco mais de 10 anos de borda da piscina, liderou uma campanha brilhante da APAN Maring\u00e1 no Brasileiro. Seu grupo de atletas esteve em sete finais e terminou a competi\u00e7\u00e3o em 17o lugar com 218 pontos. O destaque do seu trabalho veio mesmo foi na qualidade, a APAN Maring\u00e1 ganhou seis medalhas, quatro delas de ouro. No quadro geral de medalhas do Brasileiro, a APAN Maring\u00e1 s\u00f3 ficou atr\u00e1s dos gigantes Flamengo, SESI, Fluminense e Corinthians.<\/p>\n<p>A dupla de sucesso de Andr\u00e9 Yamazaki, Gabriel Casavecchia Carraro e Tiago Fischer Delmont Pais, venceu as provas de 50 e 100m borboleta, no Juvenil I e II, num resultado que chamou muito a aten\u00e7\u00e3o pela qualidade dos resultados.<\/p>\n<p>L\u00edder de um programa que alterna treinamentos em diferentes piscinas por Maring\u00e1, a APAN \u00e9 o t\u00edpico clube de nata\u00e7\u00e3o de qualquer parte deste pa\u00eds, os mesmos problemas, as mesmas limita\u00e7\u00f5es, mas nada que o esfor\u00e7o e a determina\u00e7\u00e3o n\u00e3o impe\u00e7a de produzir excel\u00eancia.<\/p>\n<p>N\u00e3o \u00e9 a primeira vez que a APAN brilha em Brasileiros, o programa que tamb\u00e9m \u00e9 base da dupla de sucesso da nata\u00e7\u00e3o paral\u00edmpica, as irm\u00e3s g\u00eameas Beatriz e Debora Carneiro, desta vez atingiu um outro patamar. Entretanto, desta vez a impress\u00e3o \u00e9 de que os atletas do clube eram os francos favoritos, numa esp\u00e9cie de troca de n\u00edvel de performance para a hist\u00f3ria do clube.<\/p>\n<p>R\u00edgido e disciplinador, Andr\u00e9 Yamazaki lidera um programa de qualidade e que teve seu momento hist\u00f3rico na piscina do \u00c1lvares Cabral, em Vit\u00f3ria. Agora, chegou a vez do Coach Andr\u00e9 receber um reconhecimento fora dela, fruto de seu esfor\u00e7o e do programa que construiu em Maring\u00e1.<\/p>\n<p>&nbsp;<\/p>\n<p><img loading=\"lazy\" decoding=\"async\" class=\"size-medium wp-image-287331 aligncenter\" src=\"https:\/\/bestswimming.swimchannel.net\/wp-content\/uploads\/2025\/11\/image-1763777189-1-460x480.jpg\" sizes=\"auto, (max-width: 460px) 100vw, 460px\" srcset=\"https:\/\/bestswimming.swimchannel.net\/wp-content\/uploads\/2025\/11\/image-1763777189-1-460x480.jpg 460w, https:\/\/bestswimming.swimchannel.net\/wp-content\/uploads\/2025\/11\/image-1763777189-1-768x801.jpg 768w, https:\/\/bestswimming.swimchannel.net\/wp-content\/uploads\/2025\/11\/image-1763777189-1-676x705.jpg 676w, https:\/\/bestswimming.swimchannel.net\/wp-content\/uploads\/2025\/11\/image-1763777189-1.jpg 960w\" alt=\"\" width=\"460\" height=\"480\" \/><\/p>\n<p>&nbsp;<\/p>\n<p>Parab\u00e9ns Andr\u00e9 Yamazaki Pereira, o Melhor Treinador do Campeonato Brasileiro Juvenil de Ver\u00e3o 2025, The Coach of the Meet.<\/p>\n<p>&nbsp;<\/p>\n<p>&nbsp;<\/p>\n<p>Gostaria de receber as not\u00edcias de nata\u00e7\u00e3o e \u00e1guas abertas no seu email?<\/p>\n<p><a href=\"https:\/\/lpa.nitro.news\/n-GNe\/ultimas-noticias-swim-channel\">Cadastre-se aqui<\/a><\/p>\n","protected":false},"excerpt":{"rendered":"<p>Reconhecer um trabalho profissional \u00e9 algo que a Best Swimming sempre se preocupou e ao lan\u00e7ar o projeto \u201cThe Coach of the Meet\u201d na escolha do Melhor Treinador dos campeonatos nacionais passamos a dar o m\u00e9rito a treinadores que se destacam seja atrav\u00e9s da conquista de alguns de seus atletas ou de toda a sua [&hellip;]<\/p>\n","protected":false},"author":12,"featured_media":77195,"comment_status":"open","ping_status":"open","sticky":false,"template":"","format":"standard","meta":{"footnotes":""},"categories":[137,2576],"tags":[6667,5],"class_list":["post-77194","post","type-post","status-publish","format-standard","has-post-thumbnail","hentry","category-natacao","category-ultimas-noticias","tag-andre-yamazaki","tag-natacao"],"yoast_head":"<!-- This site is optimized with the Yoast SEO plugin v27.0 - https:\/\/yoast.com\/product\/yoast-seo-wordpress\/ -->\n<title>Andr\u00e9 Yamazaki, The Coach of the Meet do Brasileiro Juvenil de Ver\u00e3o - Swimchannel<\/title>\n<meta name=\"robots\" content=\"index, follow, max-snippet:-1, max-image-preview:large, max-video-preview:-1\" \/>\n<link rel=\"canonical\" href=\"https:\/\/swimchannel.net\/br\/andre-yamazaki-the-coach-of-the-meet-do-brasileiro-juvenil-de-verao\/\" \/>\n<meta property=\"og:locale\" content=\"pt_BR\" \/>\n<meta property=\"og:type\" content=\"article\" \/>\n<meta property=\"og:title\" content=\"Andr\u00e9 Yamazaki, The Coach of the Meet do Brasileiro Juvenil de Ver\u00e3o - Swimchannel\" \/>\n<meta property=\"og:description\" content=\"Reconhecer um trabalho profissional \u00e9 algo que a Best Swimming sempre se preocupou e ao lan\u00e7ar o projeto \u201cThe Coach of the Meet\u201d na escolha do Melhor Treinador dos campeonatos nacionais passamos a dar o m\u00e9rito a treinadores que se destacam seja atrav\u00e9s da conquista de alguns de seus atletas ou de toda a sua [&hellip;]\" \/>\n<meta property=\"og:url\" content=\"https:\/\/swimchannel.net\/br\/andre-yamazaki-the-coach-of-the-meet-do-brasileiro-juvenil-de-verao\/\" \/>\n<meta property=\"og:site_name\" content=\"Swimchannel\" \/>\n<meta property=\"article:publisher\" content=\"https:\/\/www.facebook.com\/swimchannel\" \/>\n<meta property=\"article:published_time\" content=\"2025-11-23T17:10:59+00:00\" \/>\n<meta property=\"og:image\" content=\"https:\/\/swimchannel.net\/br\/wp-content\/uploads\/2025\/11\/image-1763777189-2-e1763778315885.jpg\" \/>\n\t<meta property=\"og:image:width\" content=\"959\" \/>\n\t<meta property=\"og:image:height\" content=\"460\" \/>\n\t<meta property=\"og:image:type\" content=\"image\/jpeg\" \/>\n<meta name=\"author\" content=\"Alex Pussieldi\" \/>\n<meta name=\"twitter:card\" content=\"summary_large_image\" \/>\n<meta name=\"twitter:label1\" content=\"Escrito por\" \/>\n\t<meta name=\"twitter:data1\" content=\"Alex Pussieldi\" \/>\n\t<meta name=\"twitter:label2\" content=\"Est. tempo de leitura\" \/>\n\t<meta name=\"twitter:data2\" content=\"2 minutos\" \/>\n<script type=\"application\/ld+json\" class=\"yoast-schema-graph\">{\"@context\":\"https:\/\/schema.org\",\"@graph\":[{\"@type\":\"Article\",\"@id\":\"https:\/\/swimchannel.net\/br\/andre-yamazaki-the-coach-of-the-meet-do-brasileiro-juvenil-de-verao\/#article\",\"isPartOf\":{\"@id\":\"https:\/\/swimchannel.net\/br\/andre-yamazaki-the-coach-of-the-meet-do-brasileiro-juvenil-de-verao\/\"},\"author\":{\"name\":\"Alex Pussieldi\",\"@id\":\"https:\/\/swimchannel.net\/br\/#\/schema\/person\/cf549cb99cf75592fcf7c76213385e63\"},\"headline\":\"Andr\u00e9 Yamazaki, The Coach of the Meet do Brasileiro Juvenil de Ver\u00e3o\",\"datePublished\":\"2025-11-23T17:10:59+00:00\",\"mainEntityOfPage\":{\"@id\":\"https:\/\/swimchannel.net\/br\/andre-yamazaki-the-coach-of-the-meet-do-brasileiro-juvenil-de-verao\/\"},\"wordCount\":437,\"commentCount\":0,\"publisher\":{\"@id\":\"https:\/\/swimchannel.net\/br\/#organization\"},\"image\":{\"@id\":\"https:\/\/swimchannel.net\/br\/andre-yamazaki-the-coach-of-the-meet-do-brasileiro-juvenil-de-verao\/#primaryimage\"},\"thumbnailUrl\":\"https:\/\/swimchannel.net\/br\/wp-content\/uploads\/2025\/11\/image-1763777189-2-e1763778315885.jpg\",\"keywords\":[\"Andr\u00e9 Yamazaki\",\"natacao\"],\"articleSection\":[\"Nata\u00e7\u00e3o\",\"\u00daltimas Not\u00edcias\"],\"inLanguage\":\"pt-BR\",\"potentialAction\":[{\"@type\":\"CommentAction\",\"name\":\"Comment\",\"target\":[\"https:\/\/swimchannel.net\/br\/andre-yamazaki-the-coach-of-the-meet-do-brasileiro-juvenil-de-verao\/#respond\"]}]},{\"@type\":\"WebPage\",\"@id\":\"https:\/\/swimchannel.net\/br\/andre-yamazaki-the-coach-of-the-meet-do-brasileiro-juvenil-de-verao\/\",\"url\":\"https:\/\/swimchannel.net\/br\/andre-yamazaki-the-coach-of-the-meet-do-brasileiro-juvenil-de-verao\/\",\"name\":\"Andr\u00e9 Yamazaki, The Coach of the Meet do Brasileiro Juvenil de Ver\u00e3o - Swimchannel\",\"isPartOf\":{\"@id\":\"https:\/\/swimchannel.net\/br\/#website\"},\"primaryImageOfPage\":{\"@id\":\"https:\/\/swimchannel.net\/br\/andre-yamazaki-the-coach-of-the-meet-do-brasileiro-juvenil-de-verao\/#primaryimage\"},\"image\":{\"@id\":\"https:\/\/swimchannel.net\/br\/andre-yamazaki-the-coach-of-the-meet-do-brasileiro-juvenil-de-verao\/#primaryimage\"},\"thumbnailUrl\":\"https:\/\/swimchannel.net\/br\/wp-content\/uploads\/2025\/11\/image-1763777189-2-e1763778315885.jpg\",\"datePublished\":\"2025-11-23T17:10:59+00:00\",\"breadcrumb\":{\"@id\":\"https:\/\/swimchannel.net\/br\/andre-yamazaki-the-coach-of-the-meet-do-brasileiro-juvenil-de-verao\/#breadcrumb\"},\"inLanguage\":\"pt-BR\",\"potentialAction\":[{\"@type\":\"ReadAction\",\"target\":[\"https:\/\/swimchannel.net\/br\/andre-yamazaki-the-coach-of-the-meet-do-brasileiro-juvenil-de-verao\/\"]}]},{\"@type\":\"ImageObject\",\"inLanguage\":\"pt-BR\",\"@id\":\"https:\/\/swimchannel.net\/br\/andre-yamazaki-the-coach-of-the-meet-do-brasileiro-juvenil-de-verao\/#primaryimage\",\"url\":\"https:\/\/swimchannel.net\/br\/wp-content\/uploads\/2025\/11\/image-1763777189-2-e1763778315885.jpg\",\"contentUrl\":\"https:\/\/swimchannel.net\/br\/wp-content\/uploads\/2025\/11\/image-1763777189-2-e1763778315885.jpg\",\"width\":959,\"height\":460},{\"@type\":\"BreadcrumbList\",\"@id\":\"https:\/\/swimchannel.net\/br\/andre-yamazaki-the-coach-of-the-meet-do-brasileiro-juvenil-de-verao\/#breadcrumb\",\"itemListElement\":[{\"@type\":\"ListItem\",\"position\":1,\"name\":\"Home\",\"item\":\"https:\/\/swimchannel.net\/br\/\"},{\"@type\":\"ListItem\",\"position\":2,\"name\":\"Andr\u00e9 Yamazaki, The Coach of the Meet do Brasileiro Juvenil de Ver\u00e3o\"}]},{\"@type\":\"WebSite\",\"@id\":\"https:\/\/swimchannel.net\/br\/#website\",\"url\":\"https:\/\/swimchannel.net\/br\/\",\"name\":\"Swimchannel\",\"description\":\"Maior portal de nata\u00e7\u00e3o da america latina\",\"publisher\":{\"@id\":\"https:\/\/swimchannel.net\/br\/#organization\"},\"potentialAction\":[{\"@type\":\"SearchAction\",\"target\":{\"@type\":\"EntryPoint\",\"urlTemplate\":\"https:\/\/swimchannel.net\/br\/?s={search_term_string}\"},\"query-input\":{\"@type\":\"PropertyValueSpecification\",\"valueRequired\":true,\"valueName\":\"search_term_string\"}}],\"inLanguage\":\"pt-BR\"},{\"@type\":\"Organization\",\"@id\":\"https:\/\/swimchannel.net\/br\/#organization\",\"name\":\"Swimchannel - Conectando voc\u00ea a Nata\u00e7\u00e3o\",\"url\":\"https:\/\/swimchannel.net\/br\/\",\"logo\":{\"@type\":\"ImageObject\",\"inLanguage\":\"pt-BR\",\"@id\":\"https:\/\/swimchannel.net\/br\/#\/schema\/logo\/image\/\",\"url\":\"https:\/\/swimchannel.net\/br\/wp-content\/uploads\/2026\/02\/SWIM-CHANNEL.png\",\"contentUrl\":\"https:\/\/swimchannel.net\/br\/wp-content\/uploads\/2026\/02\/SWIM-CHANNEL.png\",\"width\":1120,\"height\":630,\"caption\":\"Swimchannel - Conectando voc\u00ea a Nata\u00e7\u00e3o\"},\"image\":{\"@id\":\"https:\/\/swimchannel.net\/br\/#\/schema\/logo\/image\/\"},\"sameAs\":[\"https:\/\/www.facebook.com\/swimchannel\",\"https:\/\/www.instagram.com\/swimchannel\"]},{\"@type\":\"Person\",\"@id\":\"https:\/\/swimchannel.net\/br\/#\/schema\/person\/cf549cb99cf75592fcf7c76213385e63\",\"name\":\"Alex Pussieldi\",\"image\":{\"@type\":\"ImageObject\",\"inLanguage\":\"pt-BR\",\"@id\":\"https:\/\/swimchannel.net\/br\/#\/schema\/person\/image\/\",\"url\":\"https:\/\/swimchannel.net\/br\/wp-content\/uploads\/2021\/02\/9b1c252d-a4bd-4eda-b399-24565cac4114-100x100.jpg\",\"contentUrl\":\"https:\/\/swimchannel.net\/br\/wp-content\/uploads\/2021\/02\/9b1c252d-a4bd-4eda-b399-24565cac4114-100x100.jpg\",\"caption\":\"Alex Pussieldi\"},\"description\":\"Alexandre Pussieldi, apelidado de \u201ccoach\u201d, Foi t\u00e9cnico da sele\u00e7\u00e3o verde e amarela nas Olimp\u00edadas de Pequim-2008 e Londres-2012. O treinador ainda comandou outros quatro pa\u00edses: Kuwait, Paraguai, Aruba e Antilhas Holandesas, al\u00e9m da sele\u00e7\u00e3o americana de \u00e1guas abertas. Pussieldi tem passagens como comentarista de nata\u00e7\u00e3o do Grupo Globo e Swim Channel.\",\"url\":\"https:\/\/swimchannel.net\/br\/author\/alexpussieldi\/\"}]}<\/script>\n<!-- \/ Yoast SEO plugin. -->","yoast_head_json":{"title":"Andr\u00e9 Yamazaki, The Coach of the Meet do Brasileiro Juvenil de Ver\u00e3o - Swimchannel","robots":{"index":"index","follow":"follow","max-snippet":"max-snippet:-1","max-image-preview":"max-image-preview:large","max-video-preview":"max-video-preview:-1"},"canonical":"https:\/\/swimchannel.net\/br\/andre-yamazaki-the-coach-of-the-meet-do-brasileiro-juvenil-de-verao\/","og_locale":"pt_BR","og_type":"article","og_title":"Andr\u00e9 Yamazaki, The Coach of the Meet do Brasileiro Juvenil de Ver\u00e3o - Swimchannel","og_description":"Reconhecer um trabalho profissional \u00e9 algo que a Best Swimming sempre se preocupou e ao lan\u00e7ar o projeto \u201cThe Coach of the Meet\u201d na escolha do Melhor Treinador dos campeonatos nacionais passamos a dar o m\u00e9rito a treinadores que se destacam seja atrav\u00e9s da conquista de alguns de seus atletas ou de toda a sua [&hellip;]","og_url":"https:\/\/swimchannel.net\/br\/andre-yamazaki-the-coach-of-the-meet-do-brasileiro-juvenil-de-verao\/","og_site_name":"Swimchannel","article_publisher":"https:\/\/www.facebook.com\/swimchannel","article_published_time":"2025-11-23T17:10:59+00:00","og_image":[{"width":959,"height":460,"url":"https:\/\/swimchannel.net\/br\/wp-content\/uploads\/2025\/11\/image-1763777189-2-e1763778315885.jpg","type":"image\/jpeg"}],"author":"Alex Pussieldi","twitter_card":"summary_large_image","twitter_misc":{"Escrito por":"Alex Pussieldi","Est. tempo de leitura":"2 minutos"},"schema":{"@context":"https:\/\/schema.org","@graph":[{"@type":"Article","@id":"https:\/\/swimchannel.net\/br\/andre-yamazaki-the-coach-of-the-meet-do-brasileiro-juvenil-de-verao\/#article","isPartOf":{"@id":"https:\/\/swimchannel.net\/br\/andre-yamazaki-the-coach-of-the-meet-do-brasileiro-juvenil-de-verao\/"},"author":{"name":"Alex Pussieldi","@id":"https:\/\/swimchannel.net\/br\/#\/schema\/person\/cf549cb99cf75592fcf7c76213385e63"},"headline":"Andr\u00e9 Yamazaki, The Coach of the Meet do Brasileiro Juvenil de Ver\u00e3o","datePublished":"2025-11-23T17:10:59+00:00","mainEntityOfPage":{"@id":"https:\/\/swimchannel.net\/br\/andre-yamazaki-the-coach-of-the-meet-do-brasileiro-juvenil-de-verao\/"},"wordCount":437,"commentCount":0,"publisher":{"@id":"https:\/\/swimchannel.net\/br\/#organization"},"image":{"@id":"https:\/\/swimchannel.net\/br\/andre-yamazaki-the-coach-of-the-meet-do-brasileiro-juvenil-de-verao\/#primaryimage"},"thumbnailUrl":"https:\/\/swimchannel.net\/br\/wp-content\/uploads\/2025\/11\/image-1763777189-2-e1763778315885.jpg","keywords":["Andr\u00e9 Yamazaki","natacao"],"articleSection":["Nata\u00e7\u00e3o","\u00daltimas Not\u00edcias"],"inLanguage":"pt-BR","potentialAction":[{"@type":"CommentAction","name":"Comment","target":["https:\/\/swimchannel.net\/br\/andre-yamazaki-the-coach-of-the-meet-do-brasileiro-juvenil-de-verao\/#respond"]}]},{"@type":"WebPage","@id":"https:\/\/swimchannel.net\/br\/andre-yamazaki-the-coach-of-the-meet-do-brasileiro-juvenil-de-verao\/","url":"https:\/\/swimchannel.net\/br\/andre-yamazaki-the-coach-of-the-meet-do-brasileiro-juvenil-de-verao\/","name":"Andr\u00e9 Yamazaki, The Coach of the Meet do Brasileiro Juvenil de Ver\u00e3o - Swimchannel","isPartOf":{"@id":"https:\/\/swimchannel.net\/br\/#website"},"primaryImageOfPage":{"@id":"https:\/\/swimchannel.net\/br\/andre-yamazaki-the-coach-of-the-meet-do-brasileiro-juvenil-de-verao\/#primaryimage"},"image":{"@id":"https:\/\/swimchannel.net\/br\/andre-yamazaki-the-coach-of-the-meet-do-brasileiro-juvenil-de-verao\/#primaryimage"},"thumbnailUrl":"https:\/\/swimchannel.net\/br\/wp-content\/uploads\/2025\/11\/image-1763777189-2-e1763778315885.jpg","datePublished":"2025-11-23T17:10:59+00:00","breadcrumb":{"@id":"https:\/\/swimchannel.net\/br\/andre-yamazaki-the-coach-of-the-meet-do-brasileiro-juvenil-de-verao\/#breadcrumb"},"inLanguage":"pt-BR","potentialAction":[{"@type":"ReadAction","target":["https:\/\/swimchannel.net\/br\/andre-yamazaki-the-coach-of-the-meet-do-brasileiro-juvenil-de-verao\/"]}]},{"@type":"ImageObject","inLanguage":"pt-BR","@id":"https:\/\/swimchannel.net\/br\/andre-yamazaki-the-coach-of-the-meet-do-brasileiro-juvenil-de-verao\/#primaryimage","url":"https:\/\/swimchannel.net\/br\/wp-content\/uploads\/2025\/11\/image-1763777189-2-e1763778315885.jpg","contentUrl":"https:\/\/swimchannel.net\/br\/wp-content\/uploads\/2025\/11\/image-1763777189-2-e1763778315885.jpg","width":959,"height":460},{"@type":"BreadcrumbList","@id":"https:\/\/swimchannel.net\/br\/andre-yamazaki-the-coach-of-the-meet-do-brasileiro-juvenil-de-verao\/#breadcrumb","itemListElement":[{"@type":"ListItem","position":1,"name":"Home","item":"https:\/\/swimchannel.net\/br\/"},{"@type":"ListItem","position":2,"name":"Andr\u00e9 Yamazaki, The Coach of the Meet do Brasileiro Juvenil de Ver\u00e3o"}]},{"@type":"WebSite","@id":"https:\/\/swimchannel.net\/br\/#website","url":"https:\/\/swimchannel.net\/br\/","name":"Swimchannel","description":"Maior portal de nata\u00e7\u00e3o da america latina","publisher":{"@id":"https:\/\/swimchannel.net\/br\/#organization"},"potentialAction":[{"@type":"SearchAction","target":{"@type":"EntryPoint","urlTemplate":"https:\/\/swimchannel.net\/br\/?s={search_term_string}"},"query-input":{"@type":"PropertyValueSpecification","valueRequired":true,"valueName":"search_term_string"}}],"inLanguage":"pt-BR"},{"@type":"Organization","@id":"https:\/\/swimchannel.net\/br\/#organization","name":"Swimchannel - Conectando voc\u00ea a Nata\u00e7\u00e3o","url":"https:\/\/swimchannel.net\/br\/","logo":{"@type":"ImageObject","inLanguage":"pt-BR","@id":"https:\/\/swimchannel.net\/br\/#\/schema\/logo\/image\/","url":"https:\/\/swimchannel.net\/br\/wp-content\/uploads\/2026\/02\/SWIM-CHANNEL.png","contentUrl":"https:\/\/swimchannel.net\/br\/wp-content\/uploads\/2026\/02\/SWIM-CHANNEL.png","width":1120,"height":630,"caption":"Swimchannel - Conectando voc\u00ea a Nata\u00e7\u00e3o"},"image":{"@id":"https:\/\/swimchannel.net\/br\/#\/schema\/logo\/image\/"},"sameAs":["https:\/\/www.facebook.com\/swimchannel","https:\/\/www.instagram.com\/swimchannel"]},{"@type":"Person","@id":"https:\/\/swimchannel.net\/br\/#\/schema\/person\/cf549cb99cf75592fcf7c76213385e63","name":"Alex Pussieldi","image":{"@type":"ImageObject","inLanguage":"pt-BR","@id":"https:\/\/swimchannel.net\/br\/#\/schema\/person\/image\/","url":"https:\/\/swimchannel.net\/br\/wp-content\/uploads\/2021\/02\/9b1c252d-a4bd-4eda-b399-24565cac4114-100x100.jpg","contentUrl":"https:\/\/swimchannel.net\/br\/wp-content\/uploads\/2021\/02\/9b1c252d-a4bd-4eda-b399-24565cac4114-100x100.jpg","caption":"Alex Pussieldi"},"description":"Alexandre Pussieldi, apelidado de \u201ccoach\u201d, Foi t\u00e9cnico da sele\u00e7\u00e3o verde e amarela nas Olimp\u00edadas de Pequim-2008 e Londres-2012. O treinador ainda comandou outros quatro pa\u00edses: Kuwait, Paraguai, Aruba e Antilhas Holandesas, al\u00e9m da sele\u00e7\u00e3o americana de \u00e1guas abertas. Pussieldi tem passagens como comentarista de nata\u00e7\u00e3o do Grupo Globo e Swim Channel.","url":"https:\/\/swimchannel.net\/br\/author\/alexpussieldi\/"}]}},"_links":{"self":[{"href":"https:\/\/swimchannel.net\/br\/wp-json\/wp\/v2\/posts\/77194","targetHints":{"allow":["GET"]}}],"collection":[{"href":"https:\/\/swimchannel.net\/br\/wp-json\/wp\/v2\/posts"}],"about":[{"href":"https:\/\/swimchannel.net\/br\/wp-json\/wp\/v2\/types\/post"}],"author":[{"embeddable":true,"href":"https:\/\/swimchannel.net\/br\/wp-json\/wp\/v2\/users\/12"}],"replies":[{"embeddable":true,"href":"https:\/\/swimchannel.net\/br\/wp-json\/wp\/v2\/comments?post=77194"}],"version-history":[{"count":1,"href":"https:\/\/swimchannel.net\/br\/wp-json\/wp\/v2\/posts\/77194\/revisions"}],"predecessor-version":[{"id":77196,"href":"https:\/\/swimchannel.net\/br\/wp-json\/wp\/v2\/posts\/77194\/revisions\/77196"}],"wp:featuredmedia":[{"embeddable":true,"href":"https:\/\/swimchannel.net\/br\/wp-json\/wp\/v2\/media\/77195"}],"wp:attachment":[{"href":"https:\/\/swimchannel.net\/br\/wp-json\/wp\/v2\/media?parent=77194"}],"wp:term":[{"taxonomy":"category","embeddable":true,"href":"https:\/\/swimchannel.net\/br\/wp-json\/wp\/v2\/categories?post=77194"},{"taxonomy":"post_tag","embeddable":true,"href":"https:\/\/swimchannel.net\/br\/wp-json\/wp\/v2\/tags?post=77194"}],"curies":[{"name":"wp","href":"https:\/\/api.w.org\/{rel}","templated":true}]}}