{"id":77278,"date":"2025-11-26T21:00:46","date_gmt":"2025-11-27T00:00:46","guid":{"rendered":"https:\/\/swimchannel.net\/br\/?p=77278"},"modified":"2025-11-26T12:46:16","modified_gmt":"2025-11-26T15:46:16","slug":"masf-realiza-mais-uma-edicao-da-fuga-da-ilha-grande","status":"publish","type":"post","link":"https:\/\/swimchannel.net\/br\/masf-realiza-mais-uma-edicao-da-fuga-da-ilha-grande\/","title":{"rendered":"MASF realiza mais uma edi\u00e7\u00e3o da Fuga da Ilha Grande"},"content":{"rendered":"<p>A bela Ilha Grande, no litoral do Rio de Janeiro, foi palco no in\u00edcio deste m\u00eas da tradicional Ultramaratona Aqu\u00e1tica Fuga da Ilha Grande, evento organizado anualmente pela Maratona Aqu\u00e1tica Sem Fronteiras (MASF). A prova conta com um percurso de 13 km, com os nadadores partindo da Enseada do Bananal, em Ilha Grande e chegando na Praia Grande, em Angra dos Reis.<\/p>\n<p>O evento teve vit\u00f3ria de Aline Magalh\u00e3es na prova feminina. A nadadora dos Desbravadores RJ, foi a primeira colocada com o tempo geral de 6h21min10s. A atleta Julia Roma, da equipe SPT, terminou na segunda coloca\u00e7\u00e3o com 6h39min52s e Karla Ceodaro, tamb\u00e9m atleta da SPT, completou o p\u00f3dio em terceiro lugar com 6hmin48s15s.<\/p>\n<figure id=\"attachment_77279\" aria-describedby=\"caption-attachment-77279\" style=\"width: 800px\" class=\"wp-caption alignnone\"><img loading=\"lazy\" decoding=\"async\" class=\"size-large wp-image-77279\" src=\"https:\/\/swimchannel.net\/br\/wp-content\/uploads\/2025\/11\/575313670_18428936626105023_9163013551638959311_n-800x800.jpg\" alt=\"\" width=\"800\" height=\"800\" srcset=\"https:\/\/swimchannel.net\/br\/wp-content\/uploads\/2025\/11\/575313670_18428936626105023_9163013551638959311_n-800x800.jpg 800w, https:\/\/swimchannel.net\/br\/wp-content\/uploads\/2025\/11\/575313670_18428936626105023_9163013551638959311_n-675x675.jpg 675w, https:\/\/swimchannel.net\/br\/wp-content\/uploads\/2025\/11\/575313670_18428936626105023_9163013551638959311_n-180x180.jpg 180w, https:\/\/swimchannel.net\/br\/wp-content\/uploads\/2025\/11\/575313670_18428936626105023_9163013551638959311_n-768x768.jpg 768w, https:\/\/swimchannel.net\/br\/wp-content\/uploads\/2025\/11\/575313670_18428936626105023_9163013551638959311_n-75x75.jpg 75w, https:\/\/swimchannel.net\/br\/wp-content\/uploads\/2025\/11\/575313670_18428936626105023_9163013551638959311_n-750x750.jpg 750w, https:\/\/swimchannel.net\/br\/wp-content\/uploads\/2025\/11\/575313670_18428936626105023_9163013551638959311_n-1140x1140.jpg 1140w, https:\/\/swimchannel.net\/br\/wp-content\/uploads\/2025\/11\/575313670_18428936626105023_9163013551638959311_n.jpg 1440w\" sizes=\"auto, (max-width: 800px) 100vw, 800px\" \/><figcaption id=\"caption-attachment-77279\" class=\"wp-caption-text\">Fuga da Ilha Grande 2025 &#8211; Foto: Reprodu\u00e7\u00e3o<\/figcaption><\/figure>\n<p>J\u00e1 no masculino, o campe\u00e3o geral foi o nadador Abr\u00e3o Alender. Ele concluiu os 13 km na primeira coloca\u00e7\u00e3o com tempo total de 4h55min11s. A segunda coloca\u00e7\u00e3o foi de Rodrigo Moreira, nadador da BF-Swin, que completou o percurso em 4h59min15s. Por fim, o nadador Bruno Ribeiro, tamb\u00e9m da BF-Swin, completou o p\u00f3dio na terceira posi\u00e7\u00e3o com tempo de 5h12min37s.<\/p>\n<div dir=\"ltr\">Para conferir o resultado completo da prova e tamb\u00e9m dos demais eventos organizados pela MASF confira o site oficial do evento aqui:\u00a0<strong><a href=\"https:\/\/www.inscricaomasf.com\/resultados2025\/\" target=\"_blank\" rel=\"noopener\">https:\/\/www.inscricaomasf.com\/resultados2025\/<\/a><\/strong>.<\/div>\n<div id=\"v1ms-outlook-mobile-body-separator-line\" dir=\"ltr\">\n<p class=\"v1p1\">\n<\/div>\n<p>Gostaria de receber as not\u00edcias de nata\u00e7\u00e3o e \u00e1guas abertas no seu email?<\/p>\n<p><a href=\"https:\/\/lpa.nitro.news\/n-GNe\/ultimas-noticias-swim-channel\">Cadastre-se aqui<\/a><\/p>\n","protected":false},"excerpt":{"rendered":"<p>A bela Ilha Grande, no litoral do Rio de Janeiro, foi palco no in\u00edcio deste m\u00eas da tradicional Ultramaratona Aqu\u00e1tica Fuga da Ilha Grande, evento organizado anualmente pela Maratona Aqu\u00e1tica Sem Fronteiras (MASF). A prova conta com um percurso de 13 km, com os nadadores partindo da Enseada do Bananal, em Ilha Grande e chegando [&hellip;]<\/p>\n","protected":false},"author":3,"featured_media":12795,"comment_status":"open","ping_status":"open","sticky":false,"template":"","format":"gallery","meta":{"footnotes":""},"categories":[115],"tags":[14,1321,1004,5],"class_list":["post-77278","post","type-post","status-publish","format-gallery","has-post-thumbnail","hentry","category-aguas-abertas","tag-aguas-abertas","tag-fuga-da-ilha-grande","tag-maratona-aquatica-sem-fronteiras","tag-natacao","post_format-post-format-gallery"],"yoast_head":"<!-- This site is optimized with the Yoast SEO plugin v27.0 - https:\/\/yoast.com\/product\/yoast-seo-wordpress\/ -->\n<title>MASF realiza mais uma edi\u00e7\u00e3o da Fuga da Ilha Grande - Swimchannel<\/title>\n<meta name=\"robots\" content=\"index, follow, max-snippet:-1, max-image-preview:large, max-video-preview:-1\" \/>\n<link rel=\"canonical\" href=\"https:\/\/swimchannel.net\/br\/masf-realiza-mais-uma-edicao-da-fuga-da-ilha-grande\/\" \/>\n<meta property=\"og:locale\" content=\"pt_BR\" \/>\n<meta property=\"og:type\" content=\"article\" \/>\n<meta property=\"og:title\" content=\"MASF realiza mais uma edi\u00e7\u00e3o da Fuga da Ilha Grande - Swimchannel\" \/>\n<meta property=\"og:description\" content=\"A bela Ilha Grande, no litoral do Rio de Janeiro, foi palco no in\u00edcio deste m\u00eas da tradicional Ultramaratona Aqu\u00e1tica Fuga da Ilha Grande, evento organizado anualmente pela Maratona Aqu\u00e1tica Sem Fronteiras (MASF). A prova conta com um percurso de 13 km, com os nadadores partindo da Enseada do Bananal, em Ilha Grande e chegando [&hellip;]\" \/>\n<meta property=\"og:url\" content=\"https:\/\/swimchannel.net\/br\/masf-realiza-mais-uma-edicao-da-fuga-da-ilha-grande\/\" \/>\n<meta property=\"og:site_name\" content=\"Swimchannel\" \/>\n<meta property=\"article:publisher\" content=\"https:\/\/www.facebook.com\/swimchannel\" \/>\n<meta property=\"article:published_time\" content=\"2025-11-27T00:00:46+00:00\" \/>\n<meta property=\"og:image\" content=\"https:\/\/swimchannel.net\/br\/wp-content\/uploads\/2018\/11\/angra.jpg\" \/>\n\t<meta property=\"og:image:width\" content=\"1200\" \/>\n\t<meta property=\"og:image:height\" content=\"674\" \/>\n\t<meta property=\"og:image:type\" content=\"image\/jpeg\" \/>\n<meta name=\"author\" content=\"Guilherme Freitas\" \/>\n<meta name=\"twitter:card\" content=\"summary_large_image\" \/>\n<meta name=\"twitter:label1\" content=\"Escrito por\" \/>\n\t<meta name=\"twitter:data1\" content=\"Guilherme Freitas\" \/>\n\t<meta name=\"twitter:label2\" content=\"Est. tempo de leitura\" \/>\n\t<meta name=\"twitter:data2\" content=\"1 minuto\" \/>\n<script type=\"application\/ld+json\" class=\"yoast-schema-graph\">{\"@context\":\"https:\/\/schema.org\",\"@graph\":[{\"@type\":\"Article\",\"@id\":\"https:\/\/swimchannel.net\/br\/masf-realiza-mais-uma-edicao-da-fuga-da-ilha-grande\/#article\",\"isPartOf\":{\"@id\":\"https:\/\/swimchannel.net\/br\/masf-realiza-mais-uma-edicao-da-fuga-da-ilha-grande\/\"},\"author\":{\"name\":\"Guilherme Freitas\",\"@id\":\"https:\/\/swimchannel.net\/br\/#\/schema\/person\/aa2a63bab3275f53749a83276b213c48\"},\"headline\":\"MASF realiza mais uma edi\u00e7\u00e3o da Fuga da Ilha Grande\",\"datePublished\":\"2025-11-27T00:00:46+00:00\",\"mainEntityOfPage\":{\"@id\":\"https:\/\/swimchannel.net\/br\/masf-realiza-mais-uma-edicao-da-fuga-da-ilha-grande\/\"},\"wordCount\":271,\"commentCount\":0,\"publisher\":{\"@id\":\"https:\/\/swimchannel.net\/br\/#organization\"},\"image\":{\"@id\":\"https:\/\/swimchannel.net\/br\/masf-realiza-mais-uma-edicao-da-fuga-da-ilha-grande\/#primaryimage\"},\"thumbnailUrl\":\"https:\/\/swimchannel.net\/br\/wp-content\/uploads\/2018\/11\/angra.jpg\",\"keywords\":[\"\u00c1guas abertas\",\"Fuga da Ilha Grande\",\"Maratona Aqu\u00e1tica Sem Fronteiras\",\"natacao\"],\"articleSection\":[\"\u00c1guas Abertas\"],\"inLanguage\":\"pt-BR\",\"potentialAction\":[{\"@type\":\"CommentAction\",\"name\":\"Comment\",\"target\":[\"https:\/\/swimchannel.net\/br\/masf-realiza-mais-uma-edicao-da-fuga-da-ilha-grande\/#respond\"]}]},{\"@type\":\"WebPage\",\"@id\":\"https:\/\/swimchannel.net\/br\/masf-realiza-mais-uma-edicao-da-fuga-da-ilha-grande\/\",\"url\":\"https:\/\/swimchannel.net\/br\/masf-realiza-mais-uma-edicao-da-fuga-da-ilha-grande\/\",\"name\":\"MASF realiza mais uma edi\u00e7\u00e3o da Fuga da Ilha Grande - Swimchannel\",\"isPartOf\":{\"@id\":\"https:\/\/swimchannel.net\/br\/#website\"},\"primaryImageOfPage\":{\"@id\":\"https:\/\/swimchannel.net\/br\/masf-realiza-mais-uma-edicao-da-fuga-da-ilha-grande\/#primaryimage\"},\"image\":{\"@id\":\"https:\/\/swimchannel.net\/br\/masf-realiza-mais-uma-edicao-da-fuga-da-ilha-grande\/#primaryimage\"},\"thumbnailUrl\":\"https:\/\/swimchannel.net\/br\/wp-content\/uploads\/2018\/11\/angra.jpg\",\"datePublished\":\"2025-11-27T00:00:46+00:00\",\"breadcrumb\":{\"@id\":\"https:\/\/swimchannel.net\/br\/masf-realiza-mais-uma-edicao-da-fuga-da-ilha-grande\/#breadcrumb\"},\"inLanguage\":\"pt-BR\",\"potentialAction\":[{\"@type\":\"ReadAction\",\"target\":[\"https:\/\/swimchannel.net\/br\/masf-realiza-mais-uma-edicao-da-fuga-da-ilha-grande\/\"]}]},{\"@type\":\"ImageObject\",\"inLanguage\":\"pt-BR\",\"@id\":\"https:\/\/swimchannel.net\/br\/masf-realiza-mais-uma-edicao-da-fuga-da-ilha-grande\/#primaryimage\",\"url\":\"https:\/\/swimchannel.net\/br\/wp-content\/uploads\/2018\/11\/angra.jpg\",\"contentUrl\":\"https:\/\/swimchannel.net\/br\/wp-content\/uploads\/2018\/11\/angra.jpg\",\"width\":1200,\"height\":674,\"caption\":\"Fuga da Ilha Grande chega na reta final de inscri\u00e7\u00f5es - Foto: Reprodu\u00e7\u00e3o\"},{\"@type\":\"BreadcrumbList\",\"@id\":\"https:\/\/swimchannel.net\/br\/masf-realiza-mais-uma-edicao-da-fuga-da-ilha-grande\/#breadcrumb\",\"itemListElement\":[{\"@type\":\"ListItem\",\"position\":1,\"name\":\"Home\",\"item\":\"https:\/\/swimchannel.net\/br\/\"},{\"@type\":\"ListItem\",\"position\":2,\"name\":\"MASF realiza mais uma edi\u00e7\u00e3o da Fuga da Ilha Grande\"}]},{\"@type\":\"WebSite\",\"@id\":\"https:\/\/swimchannel.net\/br\/#website\",\"url\":\"https:\/\/swimchannel.net\/br\/\",\"name\":\"Swimchannel\",\"description\":\"Maior portal de nata\u00e7\u00e3o da america latina\",\"publisher\":{\"@id\":\"https:\/\/swimchannel.net\/br\/#organization\"},\"potentialAction\":[{\"@type\":\"SearchAction\",\"target\":{\"@type\":\"EntryPoint\",\"urlTemplate\":\"https:\/\/swimchannel.net\/br\/?s={search_term_string}\"},\"query-input\":{\"@type\":\"PropertyValueSpecification\",\"valueRequired\":true,\"valueName\":\"search_term_string\"}}],\"inLanguage\":\"pt-BR\"},{\"@type\":\"Organization\",\"@id\":\"https:\/\/swimchannel.net\/br\/#organization\",\"name\":\"Swimchannel - Conectando voc\u00ea a Nata\u00e7\u00e3o\",\"url\":\"https:\/\/swimchannel.net\/br\/\",\"logo\":{\"@type\":\"ImageObject\",\"inLanguage\":\"pt-BR\",\"@id\":\"https:\/\/swimchannel.net\/br\/#\/schema\/logo\/image\/\",\"url\":\"https:\/\/swimchannel.net\/br\/wp-content\/uploads\/2026\/02\/SWIM-CHANNEL.png\",\"contentUrl\":\"https:\/\/swimchannel.net\/br\/wp-content\/uploads\/2026\/02\/SWIM-CHANNEL.png\",\"width\":1120,\"height\":630,\"caption\":\"Swimchannel - Conectando voc\u00ea a Nata\u00e7\u00e3o\"},\"image\":{\"@id\":\"https:\/\/swimchannel.net\/br\/#\/schema\/logo\/image\/\"},\"sameAs\":[\"https:\/\/www.facebook.com\/swimchannel\",\"https:\/\/www.instagram.com\/swimchannel\"]},{\"@type\":\"Person\",\"@id\":\"https:\/\/swimchannel.net\/br\/#\/schema\/person\/aa2a63bab3275f53749a83276b213c48\",\"name\":\"Guilherme Freitas\",\"image\":{\"@type\":\"ImageObject\",\"inLanguage\":\"pt-BR\",\"@id\":\"https:\/\/swimchannel.net\/br\/#\/schema\/person\/image\/\",\"url\":\"https:\/\/swimchannel.net\/br\/wp-content\/uploads\/2025\/10\/gui22-193x180.png\",\"contentUrl\":\"https:\/\/swimchannel.net\/br\/wp-content\/uploads\/2025\/10\/gui22-193x180.png\",\"caption\":\"Guilherme Freitas\"},\"description\":\"Jornalista s\u00eanior da SWIM CHANNEL, ex-correspondente da FINA no Brasil e pesquisador acad\u00eamico.\",\"sameAs\":[\"instagram.com\/guifreitas86\"],\"url\":\"https:\/\/swimchannel.net\/br\/author\/guilherme-freitas\/\"}]}<\/script>\n<!-- \/ Yoast SEO plugin. -->","yoast_head_json":{"title":"MASF realiza mais uma edi\u00e7\u00e3o da Fuga da Ilha Grande - Swimchannel","robots":{"index":"index","follow":"follow","max-snippet":"max-snippet:-1","max-image-preview":"max-image-preview:large","max-video-preview":"max-video-preview:-1"},"canonical":"https:\/\/swimchannel.net\/br\/masf-realiza-mais-uma-edicao-da-fuga-da-ilha-grande\/","og_locale":"pt_BR","og_type":"article","og_title":"MASF realiza mais uma edi\u00e7\u00e3o da Fuga da Ilha Grande - Swimchannel","og_description":"A bela Ilha Grande, no litoral do Rio de Janeiro, foi palco no in\u00edcio deste m\u00eas da tradicional Ultramaratona Aqu\u00e1tica Fuga da Ilha Grande, evento organizado anualmente pela Maratona Aqu\u00e1tica Sem Fronteiras (MASF). A prova conta com um percurso de 13 km, com os nadadores partindo da Enseada do Bananal, em Ilha Grande e chegando [&hellip;]","og_url":"https:\/\/swimchannel.net\/br\/masf-realiza-mais-uma-edicao-da-fuga-da-ilha-grande\/","og_site_name":"Swimchannel","article_publisher":"https:\/\/www.facebook.com\/swimchannel","article_published_time":"2025-11-27T00:00:46+00:00","og_image":[{"width":1200,"height":674,"url":"https:\/\/swimchannel.net\/br\/wp-content\/uploads\/2018\/11\/angra.jpg","type":"image\/jpeg"}],"author":"Guilherme Freitas","twitter_card":"summary_large_image","twitter_misc":{"Escrito por":"Guilherme Freitas","Est. tempo de leitura":"1 minuto"},"schema":{"@context":"https:\/\/schema.org","@graph":[{"@type":"Article","@id":"https:\/\/swimchannel.net\/br\/masf-realiza-mais-uma-edicao-da-fuga-da-ilha-grande\/#article","isPartOf":{"@id":"https:\/\/swimchannel.net\/br\/masf-realiza-mais-uma-edicao-da-fuga-da-ilha-grande\/"},"author":{"name":"Guilherme Freitas","@id":"https:\/\/swimchannel.net\/br\/#\/schema\/person\/aa2a63bab3275f53749a83276b213c48"},"headline":"MASF realiza mais uma edi\u00e7\u00e3o da Fuga da Ilha Grande","datePublished":"2025-11-27T00:00:46+00:00","mainEntityOfPage":{"@id":"https:\/\/swimchannel.net\/br\/masf-realiza-mais-uma-edicao-da-fuga-da-ilha-grande\/"},"wordCount":271,"commentCount":0,"publisher":{"@id":"https:\/\/swimchannel.net\/br\/#organization"},"image":{"@id":"https:\/\/swimchannel.net\/br\/masf-realiza-mais-uma-edicao-da-fuga-da-ilha-grande\/#primaryimage"},"thumbnailUrl":"https:\/\/swimchannel.net\/br\/wp-content\/uploads\/2018\/11\/angra.jpg","keywords":["\u00c1guas abertas","Fuga da Ilha Grande","Maratona Aqu\u00e1tica Sem Fronteiras","natacao"],"articleSection":["\u00c1guas Abertas"],"inLanguage":"pt-BR","potentialAction":[{"@type":"CommentAction","name":"Comment","target":["https:\/\/swimchannel.net\/br\/masf-realiza-mais-uma-edicao-da-fuga-da-ilha-grande\/#respond"]}]},{"@type":"WebPage","@id":"https:\/\/swimchannel.net\/br\/masf-realiza-mais-uma-edicao-da-fuga-da-ilha-grande\/","url":"https:\/\/swimchannel.net\/br\/masf-realiza-mais-uma-edicao-da-fuga-da-ilha-grande\/","name":"MASF realiza mais uma edi\u00e7\u00e3o da Fuga da Ilha Grande - Swimchannel","isPartOf":{"@id":"https:\/\/swimchannel.net\/br\/#website"},"primaryImageOfPage":{"@id":"https:\/\/swimchannel.net\/br\/masf-realiza-mais-uma-edicao-da-fuga-da-ilha-grande\/#primaryimage"},"image":{"@id":"https:\/\/swimchannel.net\/br\/masf-realiza-mais-uma-edicao-da-fuga-da-ilha-grande\/#primaryimage"},"thumbnailUrl":"https:\/\/swimchannel.net\/br\/wp-content\/uploads\/2018\/11\/angra.jpg","datePublished":"2025-11-27T00:00:46+00:00","breadcrumb":{"@id":"https:\/\/swimchannel.net\/br\/masf-realiza-mais-uma-edicao-da-fuga-da-ilha-grande\/#breadcrumb"},"inLanguage":"pt-BR","potentialAction":[{"@type":"ReadAction","target":["https:\/\/swimchannel.net\/br\/masf-realiza-mais-uma-edicao-da-fuga-da-ilha-grande\/"]}]},{"@type":"ImageObject","inLanguage":"pt-BR","@id":"https:\/\/swimchannel.net\/br\/masf-realiza-mais-uma-edicao-da-fuga-da-ilha-grande\/#primaryimage","url":"https:\/\/swimchannel.net\/br\/wp-content\/uploads\/2018\/11\/angra.jpg","contentUrl":"https:\/\/swimchannel.net\/br\/wp-content\/uploads\/2018\/11\/angra.jpg","width":1200,"height":674,"caption":"Fuga da Ilha Grande chega na reta final de inscri\u00e7\u00f5es - Foto: Reprodu\u00e7\u00e3o"},{"@type":"BreadcrumbList","@id":"https:\/\/swimchannel.net\/br\/masf-realiza-mais-uma-edicao-da-fuga-da-ilha-grande\/#breadcrumb","itemListElement":[{"@type":"ListItem","position":1,"name":"Home","item":"https:\/\/swimchannel.net\/br\/"},{"@type":"ListItem","position":2,"name":"MASF realiza mais uma edi\u00e7\u00e3o da Fuga da Ilha Grande"}]},{"@type":"WebSite","@id":"https:\/\/swimchannel.net\/br\/#website","url":"https:\/\/swimchannel.net\/br\/","name":"Swimchannel","description":"Maior portal de nata\u00e7\u00e3o da america latina","publisher":{"@id":"https:\/\/swimchannel.net\/br\/#organization"},"potentialAction":[{"@type":"SearchAction","target":{"@type":"EntryPoint","urlTemplate":"https:\/\/swimchannel.net\/br\/?s={search_term_string}"},"query-input":{"@type":"PropertyValueSpecification","valueRequired":true,"valueName":"search_term_string"}}],"inLanguage":"pt-BR"},{"@type":"Organization","@id":"https:\/\/swimchannel.net\/br\/#organization","name":"Swimchannel - Conectando voc\u00ea a Nata\u00e7\u00e3o","url":"https:\/\/swimchannel.net\/br\/","logo":{"@type":"ImageObject","inLanguage":"pt-BR","@id":"https:\/\/swimchannel.net\/br\/#\/schema\/logo\/image\/","url":"https:\/\/swimchannel.net\/br\/wp-content\/uploads\/2026\/02\/SWIM-CHANNEL.png","contentUrl":"https:\/\/swimchannel.net\/br\/wp-content\/uploads\/2026\/02\/SWIM-CHANNEL.png","width":1120,"height":630,"caption":"Swimchannel - Conectando voc\u00ea a Nata\u00e7\u00e3o"},"image":{"@id":"https:\/\/swimchannel.net\/br\/#\/schema\/logo\/image\/"},"sameAs":["https:\/\/www.facebook.com\/swimchannel","https:\/\/www.instagram.com\/swimchannel"]},{"@type":"Person","@id":"https:\/\/swimchannel.net\/br\/#\/schema\/person\/aa2a63bab3275f53749a83276b213c48","name":"Guilherme Freitas","image":{"@type":"ImageObject","inLanguage":"pt-BR","@id":"https:\/\/swimchannel.net\/br\/#\/schema\/person\/image\/","url":"https:\/\/swimchannel.net\/br\/wp-content\/uploads\/2025\/10\/gui22-193x180.png","contentUrl":"https:\/\/swimchannel.net\/br\/wp-content\/uploads\/2025\/10\/gui22-193x180.png","caption":"Guilherme Freitas"},"description":"Jornalista s\u00eanior da SWIM CHANNEL, ex-correspondente da FINA no Brasil e pesquisador acad\u00eamico.","sameAs":["instagram.com\/guifreitas86"],"url":"https:\/\/swimchannel.net\/br\/author\/guilherme-freitas\/"}]}},"_links":{"self":[{"href":"https:\/\/swimchannel.net\/br\/wp-json\/wp\/v2\/posts\/77278","targetHints":{"allow":["GET"]}}],"collection":[{"href":"https:\/\/swimchannel.net\/br\/wp-json\/wp\/v2\/posts"}],"about":[{"href":"https:\/\/swimchannel.net\/br\/wp-json\/wp\/v2\/types\/post"}],"author":[{"embeddable":true,"href":"https:\/\/swimchannel.net\/br\/wp-json\/wp\/v2\/users\/3"}],"replies":[{"embeddable":true,"href":"https:\/\/swimchannel.net\/br\/wp-json\/wp\/v2\/comments?post=77278"}],"version-history":[{"count":2,"href":"https:\/\/swimchannel.net\/br\/wp-json\/wp\/v2\/posts\/77278\/revisions"}],"predecessor-version":[{"id":77287,"href":"https:\/\/swimchannel.net\/br\/wp-json\/wp\/v2\/posts\/77278\/revisions\/77287"}],"wp:featuredmedia":[{"embeddable":true,"href":"https:\/\/swimchannel.net\/br\/wp-json\/wp\/v2\/media\/12795"}],"wp:attachment":[{"href":"https:\/\/swimchannel.net\/br\/wp-json\/wp\/v2\/media?parent=77278"}],"wp:term":[{"taxonomy":"category","embeddable":true,"href":"https:\/\/swimchannel.net\/br\/wp-json\/wp\/v2\/categories?post=77278"},{"taxonomy":"post_tag","embeddable":true,"href":"https:\/\/swimchannel.net\/br\/wp-json\/wp\/v2\/tags?post=77278"}],"curies":[{"name":"wp","href":"https:\/\/api.w.org\/{rel}","templated":true}]}}