{"id":77371,"date":"2025-12-01T20:30:33","date_gmt":"2025-12-01T23:30:33","guid":{"rendered":"https:\/\/swimchannel.net\/br\/?p=77371"},"modified":"2025-12-01T20:30:33","modified_gmt":"2025-12-01T23:30:33","slug":"campeonato-europeu-de-piscina-curta-comeca-nesta-terca-feira","status":"publish","type":"post","link":"https:\/\/swimchannel.net\/br\/campeonato-europeu-de-piscina-curta-comeca-nesta-terca-feira\/","title":{"rendered":"Campeonato Europeu de Piscina Curta come\u00e7a nesta ter\u00e7a-feira"},"content":{"rendered":"<p>Come\u00e7a nesta ter\u00e7a-feira (02\/12) e vai at\u00e9 domingo (07\/12) a 23a edi\u00e7\u00e3o do Campeonato Europeu de Piscina Curta, em Lublin, na Pol\u00f4nia. A competi\u00e7\u00e3o re\u00fane alguns dos melhores nadadores do continente europeu com a presen\u00e7a de 46 pa\u00edses e 531 atletas, sendo 333 no masculino e apenas 198 no feminino.<\/p>\n<p>Sem a presen\u00e7a de russos e bielorussos, a Euroaquatics chegou a interceder no sentido da presen\u00e7a de ambos, que inicialmente tiveram seus vistos rejeitados pelo Governo Polon\u00eas, e mesmo que posteriormente aprovados, as duas federa\u00e7\u00f5es nacionais abdicaram do direito de participa\u00e7\u00e3o.<\/p>\n<p>&nbsp;<\/p>\n<div id=\"attachment_287532\" class=\"wp-caption aligncenter\"><img loading=\"lazy\" decoding=\"async\" class=\"size-medium wp-image-287532\" src=\"https:\/\/bestswimming.swimchannel.net\/wp-content\/uploads\/2025\/12\/594040537_1430238559111693_7407291706387789868_n-640x427.jpg\" sizes=\"auto, (max-width: 640px) 100vw, 640px\" srcset=\"https:\/\/bestswimming.swimchannel.net\/wp-content\/uploads\/2025\/12\/594040537_1430238559111693_7407291706387789868_n-640x427.jpg 640w, https:\/\/bestswimming.swimchannel.net\/wp-content\/uploads\/2025\/12\/594040537_1430238559111693_7407291706387789868_n-1030x687.jpg 1030w, https:\/\/bestswimming.swimchannel.net\/wp-content\/uploads\/2025\/12\/594040537_1430238559111693_7407291706387789868_n-768x512.jpg 768w, https:\/\/bestswimming.swimchannel.net\/wp-content\/uploads\/2025\/12\/594040537_1430238559111693_7407291706387789868_n-705x470.jpg 705w, https:\/\/bestswimming.swimchannel.net\/wp-content\/uploads\/2025\/12\/594040537_1430238559111693_7407291706387789868_n.jpg 1200w\" alt=\"\" width=\"640\" height=\"427\" aria-describedby=\"caption-attachment-287532\" \/><\/p>\n<p id=\"caption-attachment-287532\" class=\"wp-caption-text\">Entrevista coletiva de lan\u00e7amento do evento hoje em Lublin \u2013 Foto Euroaquatics<\/p>\n<\/div>\n<p>Confira aqui o start list da competi\u00e7\u00e3o:<br \/>\n<a href=\"https:\/\/bestswimming.swimchannel.net\/wp-content\/uploads\/2025\/12\/startlistEuropeu.pdf\">startlistEuropeu<\/a><\/p>\n<p>Link para acompanhar os resultados em Real Time:<br \/>\n<a href=\"https:\/\/www.omegatiming.com\/2025\/european-aquatics-short-course-swimming-championships-live-results\">https:\/\/www.omegatiming.com\/2025\/european-aquatics-short-course-swimming-championships-live-results<\/a><\/p>\n<p>Voc\u00ea pode acompanhar a competi\u00e7\u00e3o via streaming:<br \/>\n<a href=\"https:\/\/eurovisionsport.com\/en\/schedule\">https:\/\/eurovisionsport.com\/en\/schedule<\/a><\/p>\n<p>&nbsp;<\/p>\n<div class=\"avia-iframe-wrap\"><iframe loading=\"lazy\" title=\"Europe's Top Swimmers Head to Lublin | European Aquatics\" src=\"https:\/\/www.youtube.com\/embed\/wUpPerVRVzk?start=12&amp;feature=oembed&amp;wmode=opaque&amp;rel=0\" width=\"1500\" height=\"844\" frameborder=\"0\" allowfullscreen=\"allowfullscreen\" data-mce-fragment=\"1\"><\/iframe><\/div>\n<p>&nbsp;<\/p>\n<p>&nbsp;<\/p>\n<p>&nbsp;<\/p>\n<p>Gostaria de receber as not\u00edcias de nata\u00e7\u00e3o e \u00e1guas abertas no seu email?<\/p>\n<p><a href=\"https:\/\/lpa.nitro.news\/n-GNe\/ultimas-noticias-swim-channel\">Cadastre-se aqui<\/a><\/p>\n","protected":false},"excerpt":{"rendered":"<p>Come\u00e7a nesta ter\u00e7a-feira (02\/12) e vai at\u00e9 domingo (07\/12) a 23a edi\u00e7\u00e3o do Campeonato Europeu de Piscina Curta, em Lublin, na Pol\u00f4nia. A competi\u00e7\u00e3o re\u00fane alguns dos melhores nadadores do continente europeu com a presen\u00e7a de 46 pa\u00edses e 531 atletas, sendo 333 no masculino e apenas 198 no feminino. Sem a presen\u00e7a de russos [&hellip;]<\/p>\n","protected":false},"author":12,"featured_media":77372,"comment_status":"open","ping_status":"open","sticky":false,"template":"","format":"standard","meta":{"footnotes":""},"categories":[137,2576],"tags":[2060,5],"class_list":["post-77371","post","type-post","status-publish","format-standard","has-post-thumbnail","hentry","category-natacao","category-ultimas-noticias","tag-campeonato-europeu-de-piscina-curta","tag-natacao"],"yoast_head":"<!-- This site is optimized with the Yoast SEO plugin v27.0 - https:\/\/yoast.com\/product\/yoast-seo-wordpress\/ -->\n<title>Campeonato Europeu de Piscina Curta come\u00e7a nesta ter\u00e7a-feira - Swimchannel<\/title>\n<meta name=\"robots\" content=\"index, follow, max-snippet:-1, max-image-preview:large, max-video-preview:-1\" \/>\n<link rel=\"canonical\" href=\"https:\/\/swimchannel.net\/br\/campeonato-europeu-de-piscina-curta-comeca-nesta-terca-feira\/\" \/>\n<meta property=\"og:locale\" content=\"pt_BR\" \/>\n<meta property=\"og:type\" content=\"article\" \/>\n<meta property=\"og:title\" content=\"Campeonato Europeu de Piscina Curta come\u00e7a nesta ter\u00e7a-feira - Swimchannel\" \/>\n<meta property=\"og:description\" content=\"Come\u00e7a nesta ter\u00e7a-feira (02\/12) e vai at\u00e9 domingo (07\/12) a 23a edi\u00e7\u00e3o do Campeonato Europeu de Piscina Curta, em Lublin, na Pol\u00f4nia. A competi\u00e7\u00e3o re\u00fane alguns dos melhores nadadores do continente europeu com a presen\u00e7a de 46 pa\u00edses e 531 atletas, sendo 333 no masculino e apenas 198 no feminino. Sem a presen\u00e7a de russos [&hellip;]\" \/>\n<meta property=\"og:url\" content=\"https:\/\/swimchannel.net\/br\/campeonato-europeu-de-piscina-curta-comeca-nesta-terca-feira\/\" \/>\n<meta property=\"og:site_name\" content=\"Swimchannel\" \/>\n<meta property=\"article:publisher\" content=\"https:\/\/www.facebook.com\/swimchannel\" \/>\n<meta property=\"article:published_time\" content=\"2025-12-01T23:30:33+00:00\" \/>\n<meta property=\"og:image\" content=\"https:\/\/swimchannel.net\/br\/wp-content\/uploads\/2025\/12\/588045985_18353306143167549_4900687339659571874_n-824x1030-1.jpg\" \/>\n\t<meta property=\"og:image:width\" content=\"824\" \/>\n\t<meta property=\"og:image:height\" content=\"352\" \/>\n\t<meta property=\"og:image:type\" content=\"image\/jpeg\" \/>\n<meta name=\"author\" content=\"Alex Pussieldi\" \/>\n<meta name=\"twitter:card\" content=\"summary_large_image\" \/>\n<meta name=\"twitter:label1\" content=\"Escrito por\" \/>\n\t<meta name=\"twitter:data1\" content=\"Alex Pussieldi\" \/>\n\t<meta name=\"twitter:label2\" content=\"Est. tempo de leitura\" \/>\n\t<meta name=\"twitter:data2\" content=\"1 minuto\" \/>\n<script type=\"application\/ld+json\" class=\"yoast-schema-graph\">{\"@context\":\"https:\/\/schema.org\",\"@graph\":[{\"@type\":\"Article\",\"@id\":\"https:\/\/swimchannel.net\/br\/campeonato-europeu-de-piscina-curta-comeca-nesta-terca-feira\/#article\",\"isPartOf\":{\"@id\":\"https:\/\/swimchannel.net\/br\/campeonato-europeu-de-piscina-curta-comeca-nesta-terca-feira\/\"},\"author\":{\"name\":\"Alex Pussieldi\",\"@id\":\"https:\/\/swimchannel.net\/br\/#\/schema\/person\/cf549cb99cf75592fcf7c76213385e63\"},\"headline\":\"Campeonato Europeu de Piscina Curta come\u00e7a nesta ter\u00e7a-feira\",\"datePublished\":\"2025-12-01T23:30:33+00:00\",\"mainEntityOfPage\":{\"@id\":\"https:\/\/swimchannel.net\/br\/campeonato-europeu-de-piscina-curta-comeca-nesta-terca-feira\/\"},\"wordCount\":177,\"commentCount\":0,\"publisher\":{\"@id\":\"https:\/\/swimchannel.net\/br\/#organization\"},\"image\":{\"@id\":\"https:\/\/swimchannel.net\/br\/campeonato-europeu-de-piscina-curta-comeca-nesta-terca-feira\/#primaryimage\"},\"thumbnailUrl\":\"https:\/\/swimchannel.net\/br\/wp-content\/uploads\/2025\/12\/588045985_18353306143167549_4900687339659571874_n-824x1030-1.jpg\",\"keywords\":[\"Campeonato Europeu de Piscina Curta\",\"natacao\"],\"articleSection\":[\"Nata\u00e7\u00e3o\",\"\u00daltimas Not\u00edcias\"],\"inLanguage\":\"pt-BR\",\"potentialAction\":[{\"@type\":\"CommentAction\",\"name\":\"Comment\",\"target\":[\"https:\/\/swimchannel.net\/br\/campeonato-europeu-de-piscina-curta-comeca-nesta-terca-feira\/#respond\"]}]},{\"@type\":\"WebPage\",\"@id\":\"https:\/\/swimchannel.net\/br\/campeonato-europeu-de-piscina-curta-comeca-nesta-terca-feira\/\",\"url\":\"https:\/\/swimchannel.net\/br\/campeonato-europeu-de-piscina-curta-comeca-nesta-terca-feira\/\",\"name\":\"Campeonato Europeu de Piscina Curta come\u00e7a nesta ter\u00e7a-feira - Swimchannel\",\"isPartOf\":{\"@id\":\"https:\/\/swimchannel.net\/br\/#website\"},\"primaryImageOfPage\":{\"@id\":\"https:\/\/swimchannel.net\/br\/campeonato-europeu-de-piscina-curta-comeca-nesta-terca-feira\/#primaryimage\"},\"image\":{\"@id\":\"https:\/\/swimchannel.net\/br\/campeonato-europeu-de-piscina-curta-comeca-nesta-terca-feira\/#primaryimage\"},\"thumbnailUrl\":\"https:\/\/swimchannel.net\/br\/wp-content\/uploads\/2025\/12\/588045985_18353306143167549_4900687339659571874_n-824x1030-1.jpg\",\"datePublished\":\"2025-12-01T23:30:33+00:00\",\"breadcrumb\":{\"@id\":\"https:\/\/swimchannel.net\/br\/campeonato-europeu-de-piscina-curta-comeca-nesta-terca-feira\/#breadcrumb\"},\"inLanguage\":\"pt-BR\",\"potentialAction\":[{\"@type\":\"ReadAction\",\"target\":[\"https:\/\/swimchannel.net\/br\/campeonato-europeu-de-piscina-curta-comeca-nesta-terca-feira\/\"]}]},{\"@type\":\"ImageObject\",\"inLanguage\":\"pt-BR\",\"@id\":\"https:\/\/swimchannel.net\/br\/campeonato-europeu-de-piscina-curta-comeca-nesta-terca-feira\/#primaryimage\",\"url\":\"https:\/\/swimchannel.net\/br\/wp-content\/uploads\/2025\/12\/588045985_18353306143167549_4900687339659571874_n-824x1030-1.jpg\",\"contentUrl\":\"https:\/\/swimchannel.net\/br\/wp-content\/uploads\/2025\/12\/588045985_18353306143167549_4900687339659571874_n-824x1030-1.jpg\",\"width\":824,\"height\":352},{\"@type\":\"BreadcrumbList\",\"@id\":\"https:\/\/swimchannel.net\/br\/campeonato-europeu-de-piscina-curta-comeca-nesta-terca-feira\/#breadcrumb\",\"itemListElement\":[{\"@type\":\"ListItem\",\"position\":1,\"name\":\"Home\",\"item\":\"https:\/\/swimchannel.net\/br\/\"},{\"@type\":\"ListItem\",\"position\":2,\"name\":\"Campeonato Europeu de Piscina Curta come\u00e7a nesta ter\u00e7a-feira\"}]},{\"@type\":\"WebSite\",\"@id\":\"https:\/\/swimchannel.net\/br\/#website\",\"url\":\"https:\/\/swimchannel.net\/br\/\",\"name\":\"Swimchannel\",\"description\":\"Maior portal de nata\u00e7\u00e3o da america latina\",\"publisher\":{\"@id\":\"https:\/\/swimchannel.net\/br\/#organization\"},\"potentialAction\":[{\"@type\":\"SearchAction\",\"target\":{\"@type\":\"EntryPoint\",\"urlTemplate\":\"https:\/\/swimchannel.net\/br\/?s={search_term_string}\"},\"query-input\":{\"@type\":\"PropertyValueSpecification\",\"valueRequired\":true,\"valueName\":\"search_term_string\"}}],\"inLanguage\":\"pt-BR\"},{\"@type\":\"Organization\",\"@id\":\"https:\/\/swimchannel.net\/br\/#organization\",\"name\":\"Swimchannel - Conectando voc\u00ea a Nata\u00e7\u00e3o\",\"url\":\"https:\/\/swimchannel.net\/br\/\",\"logo\":{\"@type\":\"ImageObject\",\"inLanguage\":\"pt-BR\",\"@id\":\"https:\/\/swimchannel.net\/br\/#\/schema\/logo\/image\/\",\"url\":\"https:\/\/swimchannel.net\/br\/wp-content\/uploads\/2026\/02\/SWIM-CHANNEL.png\",\"contentUrl\":\"https:\/\/swimchannel.net\/br\/wp-content\/uploads\/2026\/02\/SWIM-CHANNEL.png\",\"width\":1120,\"height\":630,\"caption\":\"Swimchannel - Conectando voc\u00ea a Nata\u00e7\u00e3o\"},\"image\":{\"@id\":\"https:\/\/swimchannel.net\/br\/#\/schema\/logo\/image\/\"},\"sameAs\":[\"https:\/\/www.facebook.com\/swimchannel\",\"https:\/\/www.instagram.com\/swimchannel\"]},{\"@type\":\"Person\",\"@id\":\"https:\/\/swimchannel.net\/br\/#\/schema\/person\/cf549cb99cf75592fcf7c76213385e63\",\"name\":\"Alex Pussieldi\",\"image\":{\"@type\":\"ImageObject\",\"inLanguage\":\"pt-BR\",\"@id\":\"https:\/\/swimchannel.net\/br\/#\/schema\/person\/image\/\",\"url\":\"https:\/\/swimchannel.net\/br\/wp-content\/uploads\/2021\/02\/9b1c252d-a4bd-4eda-b399-24565cac4114-100x100.jpg\",\"contentUrl\":\"https:\/\/swimchannel.net\/br\/wp-content\/uploads\/2021\/02\/9b1c252d-a4bd-4eda-b399-24565cac4114-100x100.jpg\",\"caption\":\"Alex Pussieldi\"},\"description\":\"Alexandre Pussieldi, apelidado de \u201ccoach\u201d, Foi t\u00e9cnico da sele\u00e7\u00e3o verde e amarela nas Olimp\u00edadas de Pequim-2008 e Londres-2012. O treinador ainda comandou outros quatro pa\u00edses: Kuwait, Paraguai, Aruba e Antilhas Holandesas, al\u00e9m da sele\u00e7\u00e3o americana de \u00e1guas abertas. Pussieldi tem passagens como comentarista de nata\u00e7\u00e3o do Grupo Globo e Swim Channel.\",\"url\":\"https:\/\/swimchannel.net\/br\/author\/alexpussieldi\/\"}]}<\/script>\n<!-- \/ Yoast SEO plugin. -->","yoast_head_json":{"title":"Campeonato Europeu de Piscina Curta come\u00e7a nesta ter\u00e7a-feira - Swimchannel","robots":{"index":"index","follow":"follow","max-snippet":"max-snippet:-1","max-image-preview":"max-image-preview:large","max-video-preview":"max-video-preview:-1"},"canonical":"https:\/\/swimchannel.net\/br\/campeonato-europeu-de-piscina-curta-comeca-nesta-terca-feira\/","og_locale":"pt_BR","og_type":"article","og_title":"Campeonato Europeu de Piscina Curta come\u00e7a nesta ter\u00e7a-feira - Swimchannel","og_description":"Come\u00e7a nesta ter\u00e7a-feira (02\/12) e vai at\u00e9 domingo (07\/12) a 23a edi\u00e7\u00e3o do Campeonato Europeu de Piscina Curta, em Lublin, na Pol\u00f4nia. A competi\u00e7\u00e3o re\u00fane alguns dos melhores nadadores do continente europeu com a presen\u00e7a de 46 pa\u00edses e 531 atletas, sendo 333 no masculino e apenas 198 no feminino. Sem a presen\u00e7a de russos [&hellip;]","og_url":"https:\/\/swimchannel.net\/br\/campeonato-europeu-de-piscina-curta-comeca-nesta-terca-feira\/","og_site_name":"Swimchannel","article_publisher":"https:\/\/www.facebook.com\/swimchannel","article_published_time":"2025-12-01T23:30:33+00:00","og_image":[{"width":824,"height":352,"url":"https:\/\/swimchannel.net\/br\/wp-content\/uploads\/2025\/12\/588045985_18353306143167549_4900687339659571874_n-824x1030-1.jpg","type":"image\/jpeg"}],"author":"Alex Pussieldi","twitter_card":"summary_large_image","twitter_misc":{"Escrito por":"Alex Pussieldi","Est. tempo de leitura":"1 minuto"},"schema":{"@context":"https:\/\/schema.org","@graph":[{"@type":"Article","@id":"https:\/\/swimchannel.net\/br\/campeonato-europeu-de-piscina-curta-comeca-nesta-terca-feira\/#article","isPartOf":{"@id":"https:\/\/swimchannel.net\/br\/campeonato-europeu-de-piscina-curta-comeca-nesta-terca-feira\/"},"author":{"name":"Alex Pussieldi","@id":"https:\/\/swimchannel.net\/br\/#\/schema\/person\/cf549cb99cf75592fcf7c76213385e63"},"headline":"Campeonato Europeu de Piscina Curta come\u00e7a nesta ter\u00e7a-feira","datePublished":"2025-12-01T23:30:33+00:00","mainEntityOfPage":{"@id":"https:\/\/swimchannel.net\/br\/campeonato-europeu-de-piscina-curta-comeca-nesta-terca-feira\/"},"wordCount":177,"commentCount":0,"publisher":{"@id":"https:\/\/swimchannel.net\/br\/#organization"},"image":{"@id":"https:\/\/swimchannel.net\/br\/campeonato-europeu-de-piscina-curta-comeca-nesta-terca-feira\/#primaryimage"},"thumbnailUrl":"https:\/\/swimchannel.net\/br\/wp-content\/uploads\/2025\/12\/588045985_18353306143167549_4900687339659571874_n-824x1030-1.jpg","keywords":["Campeonato Europeu de Piscina Curta","natacao"],"articleSection":["Nata\u00e7\u00e3o","\u00daltimas Not\u00edcias"],"inLanguage":"pt-BR","potentialAction":[{"@type":"CommentAction","name":"Comment","target":["https:\/\/swimchannel.net\/br\/campeonato-europeu-de-piscina-curta-comeca-nesta-terca-feira\/#respond"]}]},{"@type":"WebPage","@id":"https:\/\/swimchannel.net\/br\/campeonato-europeu-de-piscina-curta-comeca-nesta-terca-feira\/","url":"https:\/\/swimchannel.net\/br\/campeonato-europeu-de-piscina-curta-comeca-nesta-terca-feira\/","name":"Campeonato Europeu de Piscina Curta come\u00e7a nesta ter\u00e7a-feira - Swimchannel","isPartOf":{"@id":"https:\/\/swimchannel.net\/br\/#website"},"primaryImageOfPage":{"@id":"https:\/\/swimchannel.net\/br\/campeonato-europeu-de-piscina-curta-comeca-nesta-terca-feira\/#primaryimage"},"image":{"@id":"https:\/\/swimchannel.net\/br\/campeonato-europeu-de-piscina-curta-comeca-nesta-terca-feira\/#primaryimage"},"thumbnailUrl":"https:\/\/swimchannel.net\/br\/wp-content\/uploads\/2025\/12\/588045985_18353306143167549_4900687339659571874_n-824x1030-1.jpg","datePublished":"2025-12-01T23:30:33+00:00","breadcrumb":{"@id":"https:\/\/swimchannel.net\/br\/campeonato-europeu-de-piscina-curta-comeca-nesta-terca-feira\/#breadcrumb"},"inLanguage":"pt-BR","potentialAction":[{"@type":"ReadAction","target":["https:\/\/swimchannel.net\/br\/campeonato-europeu-de-piscina-curta-comeca-nesta-terca-feira\/"]}]},{"@type":"ImageObject","inLanguage":"pt-BR","@id":"https:\/\/swimchannel.net\/br\/campeonato-europeu-de-piscina-curta-comeca-nesta-terca-feira\/#primaryimage","url":"https:\/\/swimchannel.net\/br\/wp-content\/uploads\/2025\/12\/588045985_18353306143167549_4900687339659571874_n-824x1030-1.jpg","contentUrl":"https:\/\/swimchannel.net\/br\/wp-content\/uploads\/2025\/12\/588045985_18353306143167549_4900687339659571874_n-824x1030-1.jpg","width":824,"height":352},{"@type":"BreadcrumbList","@id":"https:\/\/swimchannel.net\/br\/campeonato-europeu-de-piscina-curta-comeca-nesta-terca-feira\/#breadcrumb","itemListElement":[{"@type":"ListItem","position":1,"name":"Home","item":"https:\/\/swimchannel.net\/br\/"},{"@type":"ListItem","position":2,"name":"Campeonato Europeu de Piscina Curta come\u00e7a nesta ter\u00e7a-feira"}]},{"@type":"WebSite","@id":"https:\/\/swimchannel.net\/br\/#website","url":"https:\/\/swimchannel.net\/br\/","name":"Swimchannel","description":"Maior portal de nata\u00e7\u00e3o da america latina","publisher":{"@id":"https:\/\/swimchannel.net\/br\/#organization"},"potentialAction":[{"@type":"SearchAction","target":{"@type":"EntryPoint","urlTemplate":"https:\/\/swimchannel.net\/br\/?s={search_term_string}"},"query-input":{"@type":"PropertyValueSpecification","valueRequired":true,"valueName":"search_term_string"}}],"inLanguage":"pt-BR"},{"@type":"Organization","@id":"https:\/\/swimchannel.net\/br\/#organization","name":"Swimchannel - Conectando voc\u00ea a Nata\u00e7\u00e3o","url":"https:\/\/swimchannel.net\/br\/","logo":{"@type":"ImageObject","inLanguage":"pt-BR","@id":"https:\/\/swimchannel.net\/br\/#\/schema\/logo\/image\/","url":"https:\/\/swimchannel.net\/br\/wp-content\/uploads\/2026\/02\/SWIM-CHANNEL.png","contentUrl":"https:\/\/swimchannel.net\/br\/wp-content\/uploads\/2026\/02\/SWIM-CHANNEL.png","width":1120,"height":630,"caption":"Swimchannel - Conectando voc\u00ea a Nata\u00e7\u00e3o"},"image":{"@id":"https:\/\/swimchannel.net\/br\/#\/schema\/logo\/image\/"},"sameAs":["https:\/\/www.facebook.com\/swimchannel","https:\/\/www.instagram.com\/swimchannel"]},{"@type":"Person","@id":"https:\/\/swimchannel.net\/br\/#\/schema\/person\/cf549cb99cf75592fcf7c76213385e63","name":"Alex Pussieldi","image":{"@type":"ImageObject","inLanguage":"pt-BR","@id":"https:\/\/swimchannel.net\/br\/#\/schema\/person\/image\/","url":"https:\/\/swimchannel.net\/br\/wp-content\/uploads\/2021\/02\/9b1c252d-a4bd-4eda-b399-24565cac4114-100x100.jpg","contentUrl":"https:\/\/swimchannel.net\/br\/wp-content\/uploads\/2021\/02\/9b1c252d-a4bd-4eda-b399-24565cac4114-100x100.jpg","caption":"Alex Pussieldi"},"description":"Alexandre Pussieldi, apelidado de \u201ccoach\u201d, Foi t\u00e9cnico da sele\u00e7\u00e3o verde e amarela nas Olimp\u00edadas de Pequim-2008 e Londres-2012. O treinador ainda comandou outros quatro pa\u00edses: Kuwait, Paraguai, Aruba e Antilhas Holandesas, al\u00e9m da sele\u00e7\u00e3o americana de \u00e1guas abertas. Pussieldi tem passagens como comentarista de nata\u00e7\u00e3o do Grupo Globo e Swim Channel.","url":"https:\/\/swimchannel.net\/br\/author\/alexpussieldi\/"}]}},"_links":{"self":[{"href":"https:\/\/swimchannel.net\/br\/wp-json\/wp\/v2\/posts\/77371","targetHints":{"allow":["GET"]}}],"collection":[{"href":"https:\/\/swimchannel.net\/br\/wp-json\/wp\/v2\/posts"}],"about":[{"href":"https:\/\/swimchannel.net\/br\/wp-json\/wp\/v2\/types\/post"}],"author":[{"embeddable":true,"href":"https:\/\/swimchannel.net\/br\/wp-json\/wp\/v2\/users\/12"}],"replies":[{"embeddable":true,"href":"https:\/\/swimchannel.net\/br\/wp-json\/wp\/v2\/comments?post=77371"}],"version-history":[{"count":1,"href":"https:\/\/swimchannel.net\/br\/wp-json\/wp\/v2\/posts\/77371\/revisions"}],"predecessor-version":[{"id":77373,"href":"https:\/\/swimchannel.net\/br\/wp-json\/wp\/v2\/posts\/77371\/revisions\/77373"}],"wp:featuredmedia":[{"embeddable":true,"href":"https:\/\/swimchannel.net\/br\/wp-json\/wp\/v2\/media\/77372"}],"wp:attachment":[{"href":"https:\/\/swimchannel.net\/br\/wp-json\/wp\/v2\/media?parent=77371"}],"wp:term":[{"taxonomy":"category","embeddable":true,"href":"https:\/\/swimchannel.net\/br\/wp-json\/wp\/v2\/categories?post=77371"},{"taxonomy":"post_tag","embeddable":true,"href":"https:\/\/swimchannel.net\/br\/wp-json\/wp\/v2\/tags?post=77371"}],"curies":[{"name":"wp","href":"https:\/\/api.w.org\/{rel}","templated":true}]}}