{"id":77497,"date":"2025-12-08T21:19:56","date_gmt":"2025-12-09T00:19:56","guid":{"rendered":"https:\/\/swimchannel.net\/br\/?p=77497"},"modified":"2025-12-08T21:19:56","modified_gmt":"2025-12-09T00:19:56","slug":"italia-vence-o-europeu-de-piscina-curta-pela-primeira-vez","status":"publish","type":"post","link":"https:\/\/swimchannel.net\/br\/italia-vence-o-europeu-de-piscina-curta-pela-primeira-vez\/","title":{"rendered":"It\u00e1lia vence o Europeu de Piscina Curta pela primeira vez"},"content":{"rendered":"<p>Terminou neste domingo em Lublin, na Pol\u00f4nia a 23a edi\u00e7\u00e3o do Campeonato Europeu de Piscina Curta. Pela primeira vez na hist\u00f3ria, a It\u00e1lia vence a competi\u00e7\u00e3o no quadro de medalhas e pontua\u00e7\u00e3o. Aparecendo no top 3 desde o Europeu de 2015 (2o em 2o15, 3o em 2017, 2o em 2019, 3o em 2021 e 2o em 2023), finalmente chegou a vez dos italianos.<\/p>\n<p>A nerlandesa Marrit Steenbergen foi o grande destaque da competi\u00e7\u00e3o ao ganhar oito medalhas, sendo seis ouros, uma prata e um bronze. Destas oito medalhas, quatro delas vieram de provas individuais, todas com vit\u00f3rias nos 100 e 200m livre, 100 e 200m medley.<\/p>\n<p><strong>Todos os campe\u00f5es europeus<br \/>\nMasculino<\/strong><br \/>\n50m livre \u2013 Jere Hribar da Cro\u00e1cia 20.70<br \/>\n100m livre \u2013 Maxime Grousset da Franca 45.17<br \/>\n200m livre \u2013 Duncan Scott da Gr\u00e3-Bretanha 1:40.54<br \/>\n400m livre \u2013 Jack McMillian da Gr\u00e3-Bretanha 3:36.33<br \/>\n800m livre \u2013 Zal\u00e1n S\u00e1rk\u00e1ny da Hungria 7:26.84<br \/>\n1500m livre \u2013 Daniel Wiffen da Irlanda 14:13.96<br \/>\n50m costas \u2013 Ralf Tribuntsov da Est\u00f4nia 22.68<br \/>\n100m costas \u2013 Thomas Ceccon da It\u00e1lia 49.29<br \/>\n200m costas \u2013 John Shortt da Irlanda 1:47.89 recorde Mundial J\u00fanior<br \/>\n50m peito \u2013 Simone Cesasuolo da It\u00e1lia 25.67<br \/>\n100m peito \u2013 Caspar Corbeau dos Pa\u00edses Baixos 55.85<br \/>\n200m peito \u2013 Carles Coll da Espanha 2:00.86<br \/>\n50m borboleta \u2013 Noe Ponti da Sui\u00e7a 21.54<br \/>\n100m borboleta \u2013 Maxime Grousset da Fran\u00e7a 48.10 recorde de Campeonato<br \/>\n200m borboleta \u2013 Noe Ponti da Sui\u00e7a 1:50.17<br \/>\n100m medley \u2013 Noe Ponti da Sui\u00e7a 50.52<br \/>\n200m medley \u2013 Hugo Gonzalez da Espanha 1:51.39<br \/>\n400m medley \u2013 Alberto Razzetti da It\u00e1lia 3:58.79<br \/>\nRevezamento 4x50m livre It\u00e1lia 1:22.90<br \/>\nRevezamento 4x50m medley \u2013 It\u00e1lia 1:30.49<\/p>\n<p><strong>Feminino<\/strong><br \/>\n50m livre \u2013 Katarzyna Wasick da Pol\u00f4nia 23.20<br \/>\n100m livre \u2013 Marrit Steenbergen dos Pa\u00edses Baixos 50.42 recorde Europeu<br \/>\n200m livre \u2013 Marrit Steenbergen dos Pa\u00edses Baixos 1:50.33<br \/>\n400m livre \u2013 Isabel Gose da Alemanha 3:54.33 recorde Europeu<br \/>\n800m livre \u2013 Isabel Gose da Alemanha 8:01.90 recorde de Campeonato<br \/>\n1500m livre \u2013 Simona Quadarella da It\u00e1lia 15:29.93<br \/>\n50m costas \u2013 Sara Curtis da It\u00e1lia 25.49 recorde de Campeonato<br \/>\n100m costas \u2013 Lauren Cox da Gr\u00e3-Bretanha 56.51<br \/>\n200m costas \u2013 Carmen Weiler Sastre da Espanha 2:02.01<br \/>\n50m peito \u2013 Eneli Jefimova da Est\u00f4nia 28.81 recorde de Campeonato<br \/>\n100m peito \u2013 Eneli Jefimova da Est\u00f4nia 1:02.82<br \/>\n200m peito \u2013 Anna Elendt da Alemanha 2:18.16<br \/>\n50m borboleta \u2013 Martine Damborg da Dinamarca 24.61<br \/>\n100m borboleta \u2013 Martine Damborg da Dinamarca 55.52 recorde Europeu J\u00fanior<br \/>\n200m borboleta \u2013 Ellen Walshe da Irlanda 2:03.24<br \/>\n100m medley \u2013 Marrit Steenbergen dos Pa\u00edses Baixos 56.26<br \/>\n200m medley \u2013 Marrit Steenbergen dos Pa\u00edses Baixos 2:01.83 recorde Europeu<br \/>\n400m medley \u2013 Justina Kozan da Pol\u00f4nia 4:28.56<br \/>\nRevezamento 4x50m livre \u2013 Pa\u00edses Baixos 1:33.85<br \/>\nRevezamento 4x50m medley \u2013 Pa\u00edses Baixos 1:42.83<\/p>\n<p><strong>Misto<\/strong><br \/>\n4x50m livre \u2013 It\u00e1lia 1:27.26 recorde Mundial<br \/>\n4x50m meldey \u2013 It\u00e1lia 1:36.09<\/p>\n<p><strong>Quadro de medalhas<\/strong><br \/>\nIt\u00e1lia 20 medalhas, 9 ouros, 5 pratas, 6 bronzes<br \/>\nPa\u00edses Baixos 13 medalhas, 7 ouros, 4 pratas, 2 bronzes<br \/>\nGr\u00e3-Bretanha 10 medalhas, 3 ouros, 3 pratas, 4 bronzes<br \/>\nAlemanha 8 medalhas, 3 ouros, 2 pratas, 3 bronzes<br \/>\nIrlanda 7 medalhas, 3 ouros, 1 prata, 3 bronzes<\/p>\n<p><strong>Classifica\u00e7\u00e3o por pontos<\/strong><br \/>\n1o It\u00e1lia 716 pontos<br \/>\n2o Pa\u00edses Baixos 516 pontos<br \/>\n3o Alemanha 502 pontos<br \/>\n4o Hungria 486 pontos<br \/>\n5o Gr\u00e3-Bretanha 445 pontos<\/p>\n<p><strong>Resultados completos:<\/strong><br \/>\n<a href=\"https:\/\/www.omegatiming.com\/2025\/european-aquatics-short-course-swimming-championships-live-results\">https:\/\/www.omegatiming.com\/2025\/european-aquatics-short-course-swimming-championships-live-results<\/a><\/p>\n<p>&nbsp;<\/p>\n<p>&nbsp;<\/p>\n<p>&nbsp;<\/p>\n<p>Gostaria de receber as not\u00edcias de nata\u00e7\u00e3o e \u00e1guas abertas no seu email?<\/p>\n<p><a href=\"https:\/\/lpa.nitro.news\/n-GNe\/ultimas-noticias-swim-channel\">Cadastre-se aqui<\/a><\/p>\n","protected":false},"excerpt":{"rendered":"<p>Terminou neste domingo em Lublin, na Pol\u00f4nia a 23a edi\u00e7\u00e3o do Campeonato Europeu de Piscina Curta. Pela primeira vez na hist\u00f3ria, a It\u00e1lia vence a competi\u00e7\u00e3o no quadro de medalhas e pontua\u00e7\u00e3o. Aparecendo no top 3 desde o Europeu de 2015 (2o em 2o15, 3o em 2017, 2o em 2019, 3o em 2021 e 2o [&hellip;]<\/p>\n","protected":false},"author":12,"featured_media":77531,"comment_status":"open","ping_status":"open","sticky":false,"template":"","format":"standard","meta":{"footnotes":""},"categories":[137,2576],"tags":[2060,5],"class_list":["post-77497","post","type-post","status-publish","format-standard","has-post-thumbnail","hentry","category-natacao","category-ultimas-noticias","tag-campeonato-europeu-de-piscina-curta","tag-natacao"],"yoast_head":"<!-- This site is optimized with the Yoast SEO plugin v27.0 - https:\/\/yoast.com\/product\/yoast-seo-wordpress\/ -->\n<title>It\u00e1lia vence o Europeu de Piscina Curta pela primeira vez - Swimchannel<\/title>\n<meta name=\"robots\" content=\"index, follow, max-snippet:-1, max-image-preview:large, max-video-preview:-1\" \/>\n<link rel=\"canonical\" href=\"https:\/\/swimchannel.net\/br\/italia-vence-o-europeu-de-piscina-curta-pela-primeira-vez\/\" \/>\n<meta property=\"og:locale\" content=\"pt_BR\" \/>\n<meta property=\"og:type\" content=\"article\" \/>\n<meta property=\"og:title\" content=\"It\u00e1lia vence o Europeu de Piscina Curta pela primeira vez - Swimchannel\" \/>\n<meta property=\"og:description\" content=\"Terminou neste domingo em Lublin, na Pol\u00f4nia a 23a edi\u00e7\u00e3o do Campeonato Europeu de Piscina Curta. Pela primeira vez na hist\u00f3ria, a It\u00e1lia vence a competi\u00e7\u00e3o no quadro de medalhas e pontua\u00e7\u00e3o. Aparecendo no top 3 desde o Europeu de 2015 (2o em 2o15, 3o em 2017, 2o em 2019, 3o em 2021 e 2o [&hellip;]\" \/>\n<meta property=\"og:url\" content=\"https:\/\/swimchannel.net\/br\/italia-vence-o-europeu-de-piscina-curta-pela-primeira-vez\/\" \/>\n<meta property=\"og:site_name\" content=\"Swimchannel\" \/>\n<meta property=\"article:publisher\" content=\"https:\/\/www.facebook.com\/swimchannel\" \/>\n<meta property=\"article:published_time\" content=\"2025-12-09T00:19:56+00:00\" \/>\n<meta property=\"og:image\" content=\"https:\/\/swimchannel.net\/br\/wp-content\/uploads\/2025\/12\/bandeira-da-italia.jpg\" \/>\n\t<meta property=\"og:image:width\" content=\"800\" \/>\n\t<meta property=\"og:image:height\" content=\"534\" \/>\n\t<meta property=\"og:image:type\" content=\"image\/jpeg\" \/>\n<meta name=\"author\" content=\"Alex Pussieldi\" \/>\n<meta name=\"twitter:card\" content=\"summary_large_image\" \/>\n<meta name=\"twitter:label1\" content=\"Escrito por\" \/>\n\t<meta name=\"twitter:data1\" content=\"Alex Pussieldi\" \/>\n\t<meta name=\"twitter:label2\" content=\"Est. tempo de leitura\" \/>\n\t<meta name=\"twitter:data2\" content=\"3 minutos\" \/>\n<script type=\"application\/ld+json\" class=\"yoast-schema-graph\">{\"@context\":\"https:\/\/schema.org\",\"@graph\":[{\"@type\":\"Article\",\"@id\":\"https:\/\/swimchannel.net\/br\/italia-vence-o-europeu-de-piscina-curta-pela-primeira-vez\/#article\",\"isPartOf\":{\"@id\":\"https:\/\/swimchannel.net\/br\/italia-vence-o-europeu-de-piscina-curta-pela-primeira-vez\/\"},\"author\":{\"name\":\"Alex Pussieldi\",\"@id\":\"https:\/\/swimchannel.net\/br\/#\/schema\/person\/cf549cb99cf75592fcf7c76213385e63\"},\"headline\":\"It\u00e1lia vence o Europeu de Piscina Curta pela primeira vez\",\"datePublished\":\"2025-12-09T00:19:56+00:00\",\"mainEntityOfPage\":{\"@id\":\"https:\/\/swimchannel.net\/br\/italia-vence-o-europeu-de-piscina-curta-pela-primeira-vez\/\"},\"wordCount\":519,\"commentCount\":1,\"publisher\":{\"@id\":\"https:\/\/swimchannel.net\/br\/#organization\"},\"image\":{\"@id\":\"https:\/\/swimchannel.net\/br\/italia-vence-o-europeu-de-piscina-curta-pela-primeira-vez\/#primaryimage\"},\"thumbnailUrl\":\"https:\/\/swimchannel.net\/br\/wp-content\/uploads\/2025\/12\/bandeira-da-italia.jpg\",\"keywords\":[\"Campeonato Europeu de Piscina Curta\",\"natacao\"],\"articleSection\":[\"Nata\u00e7\u00e3o\",\"\u00daltimas Not\u00edcias\"],\"inLanguage\":\"pt-BR\",\"potentialAction\":[{\"@type\":\"CommentAction\",\"name\":\"Comment\",\"target\":[\"https:\/\/swimchannel.net\/br\/italia-vence-o-europeu-de-piscina-curta-pela-primeira-vez\/#respond\"]}]},{\"@type\":\"WebPage\",\"@id\":\"https:\/\/swimchannel.net\/br\/italia-vence-o-europeu-de-piscina-curta-pela-primeira-vez\/\",\"url\":\"https:\/\/swimchannel.net\/br\/italia-vence-o-europeu-de-piscina-curta-pela-primeira-vez\/\",\"name\":\"It\u00e1lia vence o Europeu de Piscina Curta pela primeira vez - Swimchannel\",\"isPartOf\":{\"@id\":\"https:\/\/swimchannel.net\/br\/#website\"},\"primaryImageOfPage\":{\"@id\":\"https:\/\/swimchannel.net\/br\/italia-vence-o-europeu-de-piscina-curta-pela-primeira-vez\/#primaryimage\"},\"image\":{\"@id\":\"https:\/\/swimchannel.net\/br\/italia-vence-o-europeu-de-piscina-curta-pela-primeira-vez\/#primaryimage\"},\"thumbnailUrl\":\"https:\/\/swimchannel.net\/br\/wp-content\/uploads\/2025\/12\/bandeira-da-italia.jpg\",\"datePublished\":\"2025-12-09T00:19:56+00:00\",\"breadcrumb\":{\"@id\":\"https:\/\/swimchannel.net\/br\/italia-vence-o-europeu-de-piscina-curta-pela-primeira-vez\/#breadcrumb\"},\"inLanguage\":\"pt-BR\",\"potentialAction\":[{\"@type\":\"ReadAction\",\"target\":[\"https:\/\/swimchannel.net\/br\/italia-vence-o-europeu-de-piscina-curta-pela-primeira-vez\/\"]}]},{\"@type\":\"ImageObject\",\"inLanguage\":\"pt-BR\",\"@id\":\"https:\/\/swimchannel.net\/br\/italia-vence-o-europeu-de-piscina-curta-pela-primeira-vez\/#primaryimage\",\"url\":\"https:\/\/swimchannel.net\/br\/wp-content\/uploads\/2025\/12\/bandeira-da-italia.jpg\",\"contentUrl\":\"https:\/\/swimchannel.net\/br\/wp-content\/uploads\/2025\/12\/bandeira-da-italia.jpg\",\"width\":800,\"height\":534},{\"@type\":\"BreadcrumbList\",\"@id\":\"https:\/\/swimchannel.net\/br\/italia-vence-o-europeu-de-piscina-curta-pela-primeira-vez\/#breadcrumb\",\"itemListElement\":[{\"@type\":\"ListItem\",\"position\":1,\"name\":\"Home\",\"item\":\"https:\/\/swimchannel.net\/br\/\"},{\"@type\":\"ListItem\",\"position\":2,\"name\":\"It\u00e1lia vence o Europeu de Piscina Curta pela primeira vez\"}]},{\"@type\":\"WebSite\",\"@id\":\"https:\/\/swimchannel.net\/br\/#website\",\"url\":\"https:\/\/swimchannel.net\/br\/\",\"name\":\"Swimchannel\",\"description\":\"Maior portal de nata\u00e7\u00e3o da america latina\",\"publisher\":{\"@id\":\"https:\/\/swimchannel.net\/br\/#organization\"},\"potentialAction\":[{\"@type\":\"SearchAction\",\"target\":{\"@type\":\"EntryPoint\",\"urlTemplate\":\"https:\/\/swimchannel.net\/br\/?s={search_term_string}\"},\"query-input\":{\"@type\":\"PropertyValueSpecification\",\"valueRequired\":true,\"valueName\":\"search_term_string\"}}],\"inLanguage\":\"pt-BR\"},{\"@type\":\"Organization\",\"@id\":\"https:\/\/swimchannel.net\/br\/#organization\",\"name\":\"Swimchannel - Conectando voc\u00ea a Nata\u00e7\u00e3o\",\"url\":\"https:\/\/swimchannel.net\/br\/\",\"logo\":{\"@type\":\"ImageObject\",\"inLanguage\":\"pt-BR\",\"@id\":\"https:\/\/swimchannel.net\/br\/#\/schema\/logo\/image\/\",\"url\":\"https:\/\/swimchannel.net\/br\/wp-content\/uploads\/2026\/02\/SWIM-CHANNEL.png\",\"contentUrl\":\"https:\/\/swimchannel.net\/br\/wp-content\/uploads\/2026\/02\/SWIM-CHANNEL.png\",\"width\":1120,\"height\":630,\"caption\":\"Swimchannel - Conectando voc\u00ea a Nata\u00e7\u00e3o\"},\"image\":{\"@id\":\"https:\/\/swimchannel.net\/br\/#\/schema\/logo\/image\/\"},\"sameAs\":[\"https:\/\/www.facebook.com\/swimchannel\",\"https:\/\/www.instagram.com\/swimchannel\"]},{\"@type\":\"Person\",\"@id\":\"https:\/\/swimchannel.net\/br\/#\/schema\/person\/cf549cb99cf75592fcf7c76213385e63\",\"name\":\"Alex Pussieldi\",\"image\":{\"@type\":\"ImageObject\",\"inLanguage\":\"pt-BR\",\"@id\":\"https:\/\/swimchannel.net\/br\/#\/schema\/person\/image\/\",\"url\":\"https:\/\/swimchannel.net\/br\/wp-content\/uploads\/2021\/02\/9b1c252d-a4bd-4eda-b399-24565cac4114-100x100.jpg\",\"contentUrl\":\"https:\/\/swimchannel.net\/br\/wp-content\/uploads\/2021\/02\/9b1c252d-a4bd-4eda-b399-24565cac4114-100x100.jpg\",\"caption\":\"Alex Pussieldi\"},\"description\":\"Alexandre Pussieldi, apelidado de \u201ccoach\u201d, Foi t\u00e9cnico da sele\u00e7\u00e3o verde e amarela nas Olimp\u00edadas de Pequim-2008 e Londres-2012. O treinador ainda comandou outros quatro pa\u00edses: Kuwait, Paraguai, Aruba e Antilhas Holandesas, al\u00e9m da sele\u00e7\u00e3o americana de \u00e1guas abertas. Pussieldi tem passagens como comentarista de nata\u00e7\u00e3o do Grupo Globo e Swim Channel.\",\"url\":\"https:\/\/swimchannel.net\/br\/author\/alexpussieldi\/\"}]}<\/script>\n<!-- \/ Yoast SEO plugin. -->","yoast_head_json":{"title":"It\u00e1lia vence o Europeu de Piscina Curta pela primeira vez - Swimchannel","robots":{"index":"index","follow":"follow","max-snippet":"max-snippet:-1","max-image-preview":"max-image-preview:large","max-video-preview":"max-video-preview:-1"},"canonical":"https:\/\/swimchannel.net\/br\/italia-vence-o-europeu-de-piscina-curta-pela-primeira-vez\/","og_locale":"pt_BR","og_type":"article","og_title":"It\u00e1lia vence o Europeu de Piscina Curta pela primeira vez - Swimchannel","og_description":"Terminou neste domingo em Lublin, na Pol\u00f4nia a 23a edi\u00e7\u00e3o do Campeonato Europeu de Piscina Curta. Pela primeira vez na hist\u00f3ria, a It\u00e1lia vence a competi\u00e7\u00e3o no quadro de medalhas e pontua\u00e7\u00e3o. Aparecendo no top 3 desde o Europeu de 2015 (2o em 2o15, 3o em 2017, 2o em 2019, 3o em 2021 e 2o [&hellip;]","og_url":"https:\/\/swimchannel.net\/br\/italia-vence-o-europeu-de-piscina-curta-pela-primeira-vez\/","og_site_name":"Swimchannel","article_publisher":"https:\/\/www.facebook.com\/swimchannel","article_published_time":"2025-12-09T00:19:56+00:00","og_image":[{"width":800,"height":534,"url":"https:\/\/swimchannel.net\/br\/wp-content\/uploads\/2025\/12\/bandeira-da-italia.jpg","type":"image\/jpeg"}],"author":"Alex Pussieldi","twitter_card":"summary_large_image","twitter_misc":{"Escrito por":"Alex Pussieldi","Est. tempo de leitura":"3 minutos"},"schema":{"@context":"https:\/\/schema.org","@graph":[{"@type":"Article","@id":"https:\/\/swimchannel.net\/br\/italia-vence-o-europeu-de-piscina-curta-pela-primeira-vez\/#article","isPartOf":{"@id":"https:\/\/swimchannel.net\/br\/italia-vence-o-europeu-de-piscina-curta-pela-primeira-vez\/"},"author":{"name":"Alex Pussieldi","@id":"https:\/\/swimchannel.net\/br\/#\/schema\/person\/cf549cb99cf75592fcf7c76213385e63"},"headline":"It\u00e1lia vence o Europeu de Piscina Curta pela primeira vez","datePublished":"2025-12-09T00:19:56+00:00","mainEntityOfPage":{"@id":"https:\/\/swimchannel.net\/br\/italia-vence-o-europeu-de-piscina-curta-pela-primeira-vez\/"},"wordCount":519,"commentCount":1,"publisher":{"@id":"https:\/\/swimchannel.net\/br\/#organization"},"image":{"@id":"https:\/\/swimchannel.net\/br\/italia-vence-o-europeu-de-piscina-curta-pela-primeira-vez\/#primaryimage"},"thumbnailUrl":"https:\/\/swimchannel.net\/br\/wp-content\/uploads\/2025\/12\/bandeira-da-italia.jpg","keywords":["Campeonato Europeu de Piscina Curta","natacao"],"articleSection":["Nata\u00e7\u00e3o","\u00daltimas Not\u00edcias"],"inLanguage":"pt-BR","potentialAction":[{"@type":"CommentAction","name":"Comment","target":["https:\/\/swimchannel.net\/br\/italia-vence-o-europeu-de-piscina-curta-pela-primeira-vez\/#respond"]}]},{"@type":"WebPage","@id":"https:\/\/swimchannel.net\/br\/italia-vence-o-europeu-de-piscina-curta-pela-primeira-vez\/","url":"https:\/\/swimchannel.net\/br\/italia-vence-o-europeu-de-piscina-curta-pela-primeira-vez\/","name":"It\u00e1lia vence o Europeu de Piscina Curta pela primeira vez - Swimchannel","isPartOf":{"@id":"https:\/\/swimchannel.net\/br\/#website"},"primaryImageOfPage":{"@id":"https:\/\/swimchannel.net\/br\/italia-vence-o-europeu-de-piscina-curta-pela-primeira-vez\/#primaryimage"},"image":{"@id":"https:\/\/swimchannel.net\/br\/italia-vence-o-europeu-de-piscina-curta-pela-primeira-vez\/#primaryimage"},"thumbnailUrl":"https:\/\/swimchannel.net\/br\/wp-content\/uploads\/2025\/12\/bandeira-da-italia.jpg","datePublished":"2025-12-09T00:19:56+00:00","breadcrumb":{"@id":"https:\/\/swimchannel.net\/br\/italia-vence-o-europeu-de-piscina-curta-pela-primeira-vez\/#breadcrumb"},"inLanguage":"pt-BR","potentialAction":[{"@type":"ReadAction","target":["https:\/\/swimchannel.net\/br\/italia-vence-o-europeu-de-piscina-curta-pela-primeira-vez\/"]}]},{"@type":"ImageObject","inLanguage":"pt-BR","@id":"https:\/\/swimchannel.net\/br\/italia-vence-o-europeu-de-piscina-curta-pela-primeira-vez\/#primaryimage","url":"https:\/\/swimchannel.net\/br\/wp-content\/uploads\/2025\/12\/bandeira-da-italia.jpg","contentUrl":"https:\/\/swimchannel.net\/br\/wp-content\/uploads\/2025\/12\/bandeira-da-italia.jpg","width":800,"height":534},{"@type":"BreadcrumbList","@id":"https:\/\/swimchannel.net\/br\/italia-vence-o-europeu-de-piscina-curta-pela-primeira-vez\/#breadcrumb","itemListElement":[{"@type":"ListItem","position":1,"name":"Home","item":"https:\/\/swimchannel.net\/br\/"},{"@type":"ListItem","position":2,"name":"It\u00e1lia vence o Europeu de Piscina Curta pela primeira vez"}]},{"@type":"WebSite","@id":"https:\/\/swimchannel.net\/br\/#website","url":"https:\/\/swimchannel.net\/br\/","name":"Swimchannel","description":"Maior portal de nata\u00e7\u00e3o da america latina","publisher":{"@id":"https:\/\/swimchannel.net\/br\/#organization"},"potentialAction":[{"@type":"SearchAction","target":{"@type":"EntryPoint","urlTemplate":"https:\/\/swimchannel.net\/br\/?s={search_term_string}"},"query-input":{"@type":"PropertyValueSpecification","valueRequired":true,"valueName":"search_term_string"}}],"inLanguage":"pt-BR"},{"@type":"Organization","@id":"https:\/\/swimchannel.net\/br\/#organization","name":"Swimchannel - Conectando voc\u00ea a Nata\u00e7\u00e3o","url":"https:\/\/swimchannel.net\/br\/","logo":{"@type":"ImageObject","inLanguage":"pt-BR","@id":"https:\/\/swimchannel.net\/br\/#\/schema\/logo\/image\/","url":"https:\/\/swimchannel.net\/br\/wp-content\/uploads\/2026\/02\/SWIM-CHANNEL.png","contentUrl":"https:\/\/swimchannel.net\/br\/wp-content\/uploads\/2026\/02\/SWIM-CHANNEL.png","width":1120,"height":630,"caption":"Swimchannel - Conectando voc\u00ea a Nata\u00e7\u00e3o"},"image":{"@id":"https:\/\/swimchannel.net\/br\/#\/schema\/logo\/image\/"},"sameAs":["https:\/\/www.facebook.com\/swimchannel","https:\/\/www.instagram.com\/swimchannel"]},{"@type":"Person","@id":"https:\/\/swimchannel.net\/br\/#\/schema\/person\/cf549cb99cf75592fcf7c76213385e63","name":"Alex Pussieldi","image":{"@type":"ImageObject","inLanguage":"pt-BR","@id":"https:\/\/swimchannel.net\/br\/#\/schema\/person\/image\/","url":"https:\/\/swimchannel.net\/br\/wp-content\/uploads\/2021\/02\/9b1c252d-a4bd-4eda-b399-24565cac4114-100x100.jpg","contentUrl":"https:\/\/swimchannel.net\/br\/wp-content\/uploads\/2021\/02\/9b1c252d-a4bd-4eda-b399-24565cac4114-100x100.jpg","caption":"Alex Pussieldi"},"description":"Alexandre Pussieldi, apelidado de \u201ccoach\u201d, Foi t\u00e9cnico da sele\u00e7\u00e3o verde e amarela nas Olimp\u00edadas de Pequim-2008 e Londres-2012. O treinador ainda comandou outros quatro pa\u00edses: Kuwait, Paraguai, Aruba e Antilhas Holandesas, al\u00e9m da sele\u00e7\u00e3o americana de \u00e1guas abertas. Pussieldi tem passagens como comentarista de nata\u00e7\u00e3o do Grupo Globo e Swim Channel.","url":"https:\/\/swimchannel.net\/br\/author\/alexpussieldi\/"}]}},"_links":{"self":[{"href":"https:\/\/swimchannel.net\/br\/wp-json\/wp\/v2\/posts\/77497","targetHints":{"allow":["GET"]}}],"collection":[{"href":"https:\/\/swimchannel.net\/br\/wp-json\/wp\/v2\/posts"}],"about":[{"href":"https:\/\/swimchannel.net\/br\/wp-json\/wp\/v2\/types\/post"}],"author":[{"embeddable":true,"href":"https:\/\/swimchannel.net\/br\/wp-json\/wp\/v2\/users\/12"}],"replies":[{"embeddable":true,"href":"https:\/\/swimchannel.net\/br\/wp-json\/wp\/v2\/comments?post=77497"}],"version-history":[{"count":1,"href":"https:\/\/swimchannel.net\/br\/wp-json\/wp\/v2\/posts\/77497\/revisions"}],"predecessor-version":[{"id":77498,"href":"https:\/\/swimchannel.net\/br\/wp-json\/wp\/v2\/posts\/77497\/revisions\/77498"}],"wp:featuredmedia":[{"embeddable":true,"href":"https:\/\/swimchannel.net\/br\/wp-json\/wp\/v2\/media\/77531"}],"wp:attachment":[{"href":"https:\/\/swimchannel.net\/br\/wp-json\/wp\/v2\/media?parent=77497"}],"wp:term":[{"taxonomy":"category","embeddable":true,"href":"https:\/\/swimchannel.net\/br\/wp-json\/wp\/v2\/categories?post=77497"},{"taxonomy":"post_tag","embeddable":true,"href":"https:\/\/swimchannel.net\/br\/wp-json\/wp\/v2\/tags?post=77497"}],"curies":[{"name":"wp","href":"https:\/\/api.w.org\/{rel}","templated":true}]}}