{"id":77665,"date":"2025-12-16T18:54:02","date_gmt":"2025-12-16T21:54:02","guid":{"rendered":"https:\/\/swimchannel.net\/br\/?p=77665"},"modified":"2025-12-16T19:05:14","modified_gmt":"2025-12-16T22:05:14","slug":"brasileiros-disputam-ultramaratona-na-argentina","status":"publish","type":"post","link":"https:\/\/swimchannel.net\/br\/brasileiros-disputam-ultramaratona-na-argentina\/","title":{"rendered":"Brasileiros disputam ultramaratona na Argentina"},"content":{"rendered":"<p>Tr\u00eas nadadores brasileiros realizaram recentemente um desafio in\u00e9dito em \u00e1guas abertas. O trio Marcos Campos, Marcos Fraccaro e Thiago Bertoncello, nadou 48 km na 1\u00aa edi\u00e7\u00e3o para atletas n\u00e3o profissionais da Maratona Aqu\u00e1tica Santa F\u00e9-Coronda, uma das maiores do mundo em dist\u00e2ncia. As ultramaratonas foram realizadas na janela de datas, entre 29 de novembro e 6 de dezembro.<\/p>\n<p>Os organizadores da tradicional prova argentina, que j\u00e1 fez parte do circuito internacional da World Aquatics com percurso de 57 km, realizaram a primeira vers\u00e3o da edi\u00e7\u00e3o direcionada exclusivamente aos nadadores n\u00e3o profissionais como forma de popularizar ainda mais o desafio. Nesta prova, o trajeto foi reduzido para 48 km, por\u00e9m, mantiveram-se as caracter\u00edsticas da prova que \u00e9 disputada a favor da correnteza do Rio Coronda.<\/p>\n<figure id=\"attachment_77667\" aria-describedby=\"caption-attachment-77667\" style=\"width: 535px\" class=\"wp-caption alignnone\"><img loading=\"lazy\" decoding=\"async\" class=\"size-large wp-image-77667\" src=\"https:\/\/swimchannel.net\/br\/wp-content\/uploads\/2025\/12\/thaigo-ber-535x800.png\" alt=\"\" width=\"535\" height=\"800\" srcset=\"https:\/\/swimchannel.net\/br\/wp-content\/uploads\/2025\/12\/thaigo-ber-535x800.png 535w, https:\/\/swimchannel.net\/br\/wp-content\/uploads\/2025\/12\/thaigo-ber-452x675.png 452w, https:\/\/swimchannel.net\/br\/wp-content\/uploads\/2025\/12\/thaigo-ber-120x180.png 120w, https:\/\/swimchannel.net\/br\/wp-content\/uploads\/2025\/12\/thaigo-ber-768x1148.png 768w, https:\/\/swimchannel.net\/br\/wp-content\/uploads\/2025\/12\/thaigo-ber-1028x1536.png 1028w, https:\/\/swimchannel.net\/br\/wp-content\/uploads\/2025\/12\/thaigo-ber-750x1121.png 750w, https:\/\/swimchannel.net\/br\/wp-content\/uploads\/2025\/12\/thaigo-ber.png 1080w\" sizes=\"auto, (max-width: 535px) 100vw, 535px\" \/><figcaption id=\"caption-attachment-77667\" class=\"wp-caption-text\">Thiago Bertoncello &#8211; Foto: Reprodu\u00e7\u00e3o<\/figcaption><\/figure>\n<p>Na primeira janela, em 29 de novembro, Marcos Campos conquistou o primeiro lugar geral concluindo o trajeto no Rio Coronda em 7h09min, sendo seguido pelo xar\u00e1 Marcos Fraccaro, que terminou a ultramaratona na segunda coloca\u00e7\u00e3o geral com tempo de 7h20min, concretizando uma dobradinha brasileira na primeira edi\u00e7\u00e3o desta prova em Santa F\u00e9.<\/p>\n<p>A segunda janela, aconteceu no dia 6 de dezembro, e o Brasil foi representado por Thiago Bertoncello. O nadador finalizou o percurso na quarta coloca\u00e7\u00e3o geral, chegando pr\u00f3ximo ao primeiro pelot\u00e3o e marcando um saldo positivo da nata\u00e7\u00e3o brasileira na ultramaratona.\u00a0A \u00faltima janela da temporada em Santa F\u00e9-Coronda acontecer\u00e1 em fevereiro de 2026.<\/p>\n<p>&nbsp;<\/p>\n<p>Gostaria de receber as not\u00edcias de nata\u00e7\u00e3o e \u00e1guas abertas no seu email?<\/p>\n<p><a href=\"https:\/\/lpa.nitro.news\/n-GNe\/ultimas-noticias-swim-channel\">Cadastre-se aqui<\/a><\/p>\n","protected":false},"excerpt":{"rendered":"<p>Tr\u00eas nadadores brasileiros realizaram recentemente um desafio in\u00e9dito em \u00e1guas abertas. O trio Marcos Campos, Marcos Fraccaro e Thiago Bertoncello, nadou 48 km na 1\u00aa edi\u00e7\u00e3o para atletas n\u00e3o profissionais da Maratona Aqu\u00e1tica Santa F\u00e9-Coronda, uma das maiores do mundo em dist\u00e2ncia. As ultramaratonas foram realizadas na janela de datas, entre 29 de novembro e [&hellip;]<\/p>\n","protected":false},"author":3,"featured_media":77669,"comment_status":"open","ping_status":"open","sticky":false,"template":"","format":"gallery","meta":{"footnotes":""},"categories":[115],"tags":[14,6718,141,743,5,6717],"class_list":["post-77665","post","type-post","status-publish","format-gallery","has-post-thumbnail","hentry","category-aguas-abertas","tag-aguas-abertas","tag-maratona-aquatica-santa-fe-coronda","tag-marcos-campos","tag-marcos-fraccaro","tag-natacao","tag-thiago-bertoncello","post_format-post-format-gallery"],"yoast_head":"<!-- This site is optimized with the Yoast SEO plugin v27.0 - https:\/\/yoast.com\/product\/yoast-seo-wordpress\/ -->\n<title>Brasileiros disputam ultramaratona na Argentina - Swimchannel<\/title>\n<meta name=\"robots\" content=\"index, follow, max-snippet:-1, max-image-preview:large, max-video-preview:-1\" \/>\n<link rel=\"canonical\" href=\"https:\/\/swimchannel.net\/br\/brasileiros-disputam-ultramaratona-na-argentina\/\" \/>\n<meta property=\"og:locale\" content=\"pt_BR\" \/>\n<meta property=\"og:type\" content=\"article\" \/>\n<meta property=\"og:title\" content=\"Brasileiros disputam ultramaratona na Argentina - Swimchannel\" \/>\n<meta property=\"og:description\" content=\"Tr\u00eas nadadores brasileiros realizaram recentemente um desafio in\u00e9dito em \u00e1guas abertas. O trio Marcos Campos, Marcos Fraccaro e Thiago Bertoncello, nadou 48 km na 1\u00aa edi\u00e7\u00e3o para atletas n\u00e3o profissionais da Maratona Aqu\u00e1tica Santa F\u00e9-Coronda, uma das maiores do mundo em dist\u00e2ncia. As ultramaratonas foram realizadas na janela de datas, entre 29 de novembro e [&hellip;]\" \/>\n<meta property=\"og:url\" content=\"https:\/\/swimchannel.net\/br\/brasileiros-disputam-ultramaratona-na-argentina\/\" \/>\n<meta property=\"og:site_name\" content=\"Swimchannel\" \/>\n<meta property=\"article:publisher\" content=\"https:\/\/www.facebook.com\/swimchannel\" \/>\n<meta property=\"article:published_time\" content=\"2025-12-16T21:54:02+00:00\" \/>\n<meta property=\"article:modified_time\" content=\"2025-12-16T22:05:14+00:00\" \/>\n<meta property=\"og:image\" content=\"https:\/\/swimchannel.net\/br\/wp-content\/uploads\/2025\/12\/santafe-brasil.png\" \/>\n\t<meta property=\"og:image:width\" content=\"1080\" \/>\n\t<meta property=\"og:image:height\" content=\"737\" \/>\n\t<meta property=\"og:image:type\" content=\"image\/png\" \/>\n<meta name=\"author\" content=\"Guilherme Freitas\" \/>\n<meta name=\"twitter:card\" content=\"summary_large_image\" \/>\n<meta name=\"twitter:label1\" content=\"Escrito por\" \/>\n\t<meta name=\"twitter:data1\" content=\"Guilherme Freitas\" \/>\n\t<meta name=\"twitter:label2\" content=\"Est. tempo de leitura\" \/>\n\t<meta name=\"twitter:data2\" content=\"1 minuto\" \/>\n<script type=\"application\/ld+json\" class=\"yoast-schema-graph\">{\"@context\":\"https:\/\/schema.org\",\"@graph\":[{\"@type\":\"Article\",\"@id\":\"https:\/\/swimchannel.net\/br\/brasileiros-disputam-ultramaratona-na-argentina\/#article\",\"isPartOf\":{\"@id\":\"https:\/\/swimchannel.net\/br\/brasileiros-disputam-ultramaratona-na-argentina\/\"},\"author\":{\"name\":\"Guilherme Freitas\",\"@id\":\"https:\/\/swimchannel.net\/br\/#\/schema\/person\/aa2a63bab3275f53749a83276b213c48\"},\"headline\":\"Brasileiros disputam ultramaratona na Argentina\",\"datePublished\":\"2025-12-16T21:54:02+00:00\",\"dateModified\":\"2025-12-16T22:05:14+00:00\",\"mainEntityOfPage\":{\"@id\":\"https:\/\/swimchannel.net\/br\/brasileiros-disputam-ultramaratona-na-argentina\/\"},\"wordCount\":277,\"commentCount\":1,\"publisher\":{\"@id\":\"https:\/\/swimchannel.net\/br\/#organization\"},\"image\":{\"@id\":\"https:\/\/swimchannel.net\/br\/brasileiros-disputam-ultramaratona-na-argentina\/#primaryimage\"},\"thumbnailUrl\":\"https:\/\/swimchannel.net\/br\/wp-content\/uploads\/2025\/12\/santafe-brasil.png\",\"keywords\":[\"\u00c1guas abertas\",\"Maratona Aqu\u00e1tica Santa F\u00e9-Coronda\",\"Marcos Campos\",\"Marcos Fraccaro\",\"natacao\",\"Thiago Bertoncello\"],\"articleSection\":[\"\u00c1guas Abertas\"],\"inLanguage\":\"pt-BR\",\"potentialAction\":[{\"@type\":\"CommentAction\",\"name\":\"Comment\",\"target\":[\"https:\/\/swimchannel.net\/br\/brasileiros-disputam-ultramaratona-na-argentina\/#respond\"]}]},{\"@type\":\"WebPage\",\"@id\":\"https:\/\/swimchannel.net\/br\/brasileiros-disputam-ultramaratona-na-argentina\/\",\"url\":\"https:\/\/swimchannel.net\/br\/brasileiros-disputam-ultramaratona-na-argentina\/\",\"name\":\"Brasileiros disputam ultramaratona na Argentina - Swimchannel\",\"isPartOf\":{\"@id\":\"https:\/\/swimchannel.net\/br\/#website\"},\"primaryImageOfPage\":{\"@id\":\"https:\/\/swimchannel.net\/br\/brasileiros-disputam-ultramaratona-na-argentina\/#primaryimage\"},\"image\":{\"@id\":\"https:\/\/swimchannel.net\/br\/brasileiros-disputam-ultramaratona-na-argentina\/#primaryimage\"},\"thumbnailUrl\":\"https:\/\/swimchannel.net\/br\/wp-content\/uploads\/2025\/12\/santafe-brasil.png\",\"datePublished\":\"2025-12-16T21:54:02+00:00\",\"dateModified\":\"2025-12-16T22:05:14+00:00\",\"breadcrumb\":{\"@id\":\"https:\/\/swimchannel.net\/br\/brasileiros-disputam-ultramaratona-na-argentina\/#breadcrumb\"},\"inLanguage\":\"pt-BR\",\"potentialAction\":[{\"@type\":\"ReadAction\",\"target\":[\"https:\/\/swimchannel.net\/br\/brasileiros-disputam-ultramaratona-na-argentina\/\"]}]},{\"@type\":\"ImageObject\",\"inLanguage\":\"pt-BR\",\"@id\":\"https:\/\/swimchannel.net\/br\/brasileiros-disputam-ultramaratona-na-argentina\/#primaryimage\",\"url\":\"https:\/\/swimchannel.net\/br\/wp-content\/uploads\/2025\/12\/santafe-brasil.png\",\"contentUrl\":\"https:\/\/swimchannel.net\/br\/wp-content\/uploads\/2025\/12\/santafe-brasil.png\",\"width\":1080,\"height\":737,\"caption\":\"Marcos Campos e Marcos Fraccaro - Foto: Reprodu\u00e7\u00e3o\/Instagram\"},{\"@type\":\"BreadcrumbList\",\"@id\":\"https:\/\/swimchannel.net\/br\/brasileiros-disputam-ultramaratona-na-argentina\/#breadcrumb\",\"itemListElement\":[{\"@type\":\"ListItem\",\"position\":1,\"name\":\"Home\",\"item\":\"https:\/\/swimchannel.net\/br\/\"},{\"@type\":\"ListItem\",\"position\":2,\"name\":\"Brasileiros disputam ultramaratona na Argentina\"}]},{\"@type\":\"WebSite\",\"@id\":\"https:\/\/swimchannel.net\/br\/#website\",\"url\":\"https:\/\/swimchannel.net\/br\/\",\"name\":\"Swimchannel\",\"description\":\"Maior portal de nata\u00e7\u00e3o da america latina\",\"publisher\":{\"@id\":\"https:\/\/swimchannel.net\/br\/#organization\"},\"potentialAction\":[{\"@type\":\"SearchAction\",\"target\":{\"@type\":\"EntryPoint\",\"urlTemplate\":\"https:\/\/swimchannel.net\/br\/?s={search_term_string}\"},\"query-input\":{\"@type\":\"PropertyValueSpecification\",\"valueRequired\":true,\"valueName\":\"search_term_string\"}}],\"inLanguage\":\"pt-BR\"},{\"@type\":\"Organization\",\"@id\":\"https:\/\/swimchannel.net\/br\/#organization\",\"name\":\"Swimchannel - Conectando voc\u00ea a Nata\u00e7\u00e3o\",\"url\":\"https:\/\/swimchannel.net\/br\/\",\"logo\":{\"@type\":\"ImageObject\",\"inLanguage\":\"pt-BR\",\"@id\":\"https:\/\/swimchannel.net\/br\/#\/schema\/logo\/image\/\",\"url\":\"https:\/\/swimchannel.net\/br\/wp-content\/uploads\/2026\/02\/SWIM-CHANNEL.png\",\"contentUrl\":\"https:\/\/swimchannel.net\/br\/wp-content\/uploads\/2026\/02\/SWIM-CHANNEL.png\",\"width\":1120,\"height\":630,\"caption\":\"Swimchannel - Conectando voc\u00ea a Nata\u00e7\u00e3o\"},\"image\":{\"@id\":\"https:\/\/swimchannel.net\/br\/#\/schema\/logo\/image\/\"},\"sameAs\":[\"https:\/\/www.facebook.com\/swimchannel\",\"https:\/\/www.instagram.com\/swimchannel\"]},{\"@type\":\"Person\",\"@id\":\"https:\/\/swimchannel.net\/br\/#\/schema\/person\/aa2a63bab3275f53749a83276b213c48\",\"name\":\"Guilherme Freitas\",\"image\":{\"@type\":\"ImageObject\",\"inLanguage\":\"pt-BR\",\"@id\":\"https:\/\/swimchannel.net\/br\/#\/schema\/person\/image\/\",\"url\":\"https:\/\/swimchannel.net\/br\/wp-content\/uploads\/2025\/10\/gui22-193x180.png\",\"contentUrl\":\"https:\/\/swimchannel.net\/br\/wp-content\/uploads\/2025\/10\/gui22-193x180.png\",\"caption\":\"Guilherme Freitas\"},\"description\":\"Jornalista s\u00eanior da SWIM CHANNEL, ex-correspondente da FINA no Brasil e pesquisador acad\u00eamico.\",\"sameAs\":[\"instagram.com\/guifreitas86\"],\"url\":\"https:\/\/swimchannel.net\/br\/author\/guilherme-freitas\/\"}]}<\/script>\n<!-- \/ Yoast SEO plugin. -->","yoast_head_json":{"title":"Brasileiros disputam ultramaratona na Argentina - Swimchannel","robots":{"index":"index","follow":"follow","max-snippet":"max-snippet:-1","max-image-preview":"max-image-preview:large","max-video-preview":"max-video-preview:-1"},"canonical":"https:\/\/swimchannel.net\/br\/brasileiros-disputam-ultramaratona-na-argentina\/","og_locale":"pt_BR","og_type":"article","og_title":"Brasileiros disputam ultramaratona na Argentina - Swimchannel","og_description":"Tr\u00eas nadadores brasileiros realizaram recentemente um desafio in\u00e9dito em \u00e1guas abertas. O trio Marcos Campos, Marcos Fraccaro e Thiago Bertoncello, nadou 48 km na 1\u00aa edi\u00e7\u00e3o para atletas n\u00e3o profissionais da Maratona Aqu\u00e1tica Santa F\u00e9-Coronda, uma das maiores do mundo em dist\u00e2ncia. As ultramaratonas foram realizadas na janela de datas, entre 29 de novembro e [&hellip;]","og_url":"https:\/\/swimchannel.net\/br\/brasileiros-disputam-ultramaratona-na-argentina\/","og_site_name":"Swimchannel","article_publisher":"https:\/\/www.facebook.com\/swimchannel","article_published_time":"2025-12-16T21:54:02+00:00","article_modified_time":"2025-12-16T22:05:14+00:00","og_image":[{"width":1080,"height":737,"url":"https:\/\/swimchannel.net\/br\/wp-content\/uploads\/2025\/12\/santafe-brasil.png","type":"image\/png"}],"author":"Guilherme Freitas","twitter_card":"summary_large_image","twitter_misc":{"Escrito por":"Guilherme Freitas","Est. tempo de leitura":"1 minuto"},"schema":{"@context":"https:\/\/schema.org","@graph":[{"@type":"Article","@id":"https:\/\/swimchannel.net\/br\/brasileiros-disputam-ultramaratona-na-argentina\/#article","isPartOf":{"@id":"https:\/\/swimchannel.net\/br\/brasileiros-disputam-ultramaratona-na-argentina\/"},"author":{"name":"Guilherme Freitas","@id":"https:\/\/swimchannel.net\/br\/#\/schema\/person\/aa2a63bab3275f53749a83276b213c48"},"headline":"Brasileiros disputam ultramaratona na Argentina","datePublished":"2025-12-16T21:54:02+00:00","dateModified":"2025-12-16T22:05:14+00:00","mainEntityOfPage":{"@id":"https:\/\/swimchannel.net\/br\/brasileiros-disputam-ultramaratona-na-argentina\/"},"wordCount":277,"commentCount":1,"publisher":{"@id":"https:\/\/swimchannel.net\/br\/#organization"},"image":{"@id":"https:\/\/swimchannel.net\/br\/brasileiros-disputam-ultramaratona-na-argentina\/#primaryimage"},"thumbnailUrl":"https:\/\/swimchannel.net\/br\/wp-content\/uploads\/2025\/12\/santafe-brasil.png","keywords":["\u00c1guas abertas","Maratona Aqu\u00e1tica Santa F\u00e9-Coronda","Marcos Campos","Marcos Fraccaro","natacao","Thiago Bertoncello"],"articleSection":["\u00c1guas Abertas"],"inLanguage":"pt-BR","potentialAction":[{"@type":"CommentAction","name":"Comment","target":["https:\/\/swimchannel.net\/br\/brasileiros-disputam-ultramaratona-na-argentina\/#respond"]}]},{"@type":"WebPage","@id":"https:\/\/swimchannel.net\/br\/brasileiros-disputam-ultramaratona-na-argentina\/","url":"https:\/\/swimchannel.net\/br\/brasileiros-disputam-ultramaratona-na-argentina\/","name":"Brasileiros disputam ultramaratona na Argentina - Swimchannel","isPartOf":{"@id":"https:\/\/swimchannel.net\/br\/#website"},"primaryImageOfPage":{"@id":"https:\/\/swimchannel.net\/br\/brasileiros-disputam-ultramaratona-na-argentina\/#primaryimage"},"image":{"@id":"https:\/\/swimchannel.net\/br\/brasileiros-disputam-ultramaratona-na-argentina\/#primaryimage"},"thumbnailUrl":"https:\/\/swimchannel.net\/br\/wp-content\/uploads\/2025\/12\/santafe-brasil.png","datePublished":"2025-12-16T21:54:02+00:00","dateModified":"2025-12-16T22:05:14+00:00","breadcrumb":{"@id":"https:\/\/swimchannel.net\/br\/brasileiros-disputam-ultramaratona-na-argentina\/#breadcrumb"},"inLanguage":"pt-BR","potentialAction":[{"@type":"ReadAction","target":["https:\/\/swimchannel.net\/br\/brasileiros-disputam-ultramaratona-na-argentina\/"]}]},{"@type":"ImageObject","inLanguage":"pt-BR","@id":"https:\/\/swimchannel.net\/br\/brasileiros-disputam-ultramaratona-na-argentina\/#primaryimage","url":"https:\/\/swimchannel.net\/br\/wp-content\/uploads\/2025\/12\/santafe-brasil.png","contentUrl":"https:\/\/swimchannel.net\/br\/wp-content\/uploads\/2025\/12\/santafe-brasil.png","width":1080,"height":737,"caption":"Marcos Campos e Marcos Fraccaro - Foto: Reprodu\u00e7\u00e3o\/Instagram"},{"@type":"BreadcrumbList","@id":"https:\/\/swimchannel.net\/br\/brasileiros-disputam-ultramaratona-na-argentina\/#breadcrumb","itemListElement":[{"@type":"ListItem","position":1,"name":"Home","item":"https:\/\/swimchannel.net\/br\/"},{"@type":"ListItem","position":2,"name":"Brasileiros disputam ultramaratona na Argentina"}]},{"@type":"WebSite","@id":"https:\/\/swimchannel.net\/br\/#website","url":"https:\/\/swimchannel.net\/br\/","name":"Swimchannel","description":"Maior portal de nata\u00e7\u00e3o da america latina","publisher":{"@id":"https:\/\/swimchannel.net\/br\/#organization"},"potentialAction":[{"@type":"SearchAction","target":{"@type":"EntryPoint","urlTemplate":"https:\/\/swimchannel.net\/br\/?s={search_term_string}"},"query-input":{"@type":"PropertyValueSpecification","valueRequired":true,"valueName":"search_term_string"}}],"inLanguage":"pt-BR"},{"@type":"Organization","@id":"https:\/\/swimchannel.net\/br\/#organization","name":"Swimchannel - Conectando voc\u00ea a Nata\u00e7\u00e3o","url":"https:\/\/swimchannel.net\/br\/","logo":{"@type":"ImageObject","inLanguage":"pt-BR","@id":"https:\/\/swimchannel.net\/br\/#\/schema\/logo\/image\/","url":"https:\/\/swimchannel.net\/br\/wp-content\/uploads\/2026\/02\/SWIM-CHANNEL.png","contentUrl":"https:\/\/swimchannel.net\/br\/wp-content\/uploads\/2026\/02\/SWIM-CHANNEL.png","width":1120,"height":630,"caption":"Swimchannel - Conectando voc\u00ea a Nata\u00e7\u00e3o"},"image":{"@id":"https:\/\/swimchannel.net\/br\/#\/schema\/logo\/image\/"},"sameAs":["https:\/\/www.facebook.com\/swimchannel","https:\/\/www.instagram.com\/swimchannel"]},{"@type":"Person","@id":"https:\/\/swimchannel.net\/br\/#\/schema\/person\/aa2a63bab3275f53749a83276b213c48","name":"Guilherme Freitas","image":{"@type":"ImageObject","inLanguage":"pt-BR","@id":"https:\/\/swimchannel.net\/br\/#\/schema\/person\/image\/","url":"https:\/\/swimchannel.net\/br\/wp-content\/uploads\/2025\/10\/gui22-193x180.png","contentUrl":"https:\/\/swimchannel.net\/br\/wp-content\/uploads\/2025\/10\/gui22-193x180.png","caption":"Guilherme Freitas"},"description":"Jornalista s\u00eanior da SWIM CHANNEL, ex-correspondente da FINA no Brasil e pesquisador acad\u00eamico.","sameAs":["instagram.com\/guifreitas86"],"url":"https:\/\/swimchannel.net\/br\/author\/guilherme-freitas\/"}]}},"_links":{"self":[{"href":"https:\/\/swimchannel.net\/br\/wp-json\/wp\/v2\/posts\/77665","targetHints":{"allow":["GET"]}}],"collection":[{"href":"https:\/\/swimchannel.net\/br\/wp-json\/wp\/v2\/posts"}],"about":[{"href":"https:\/\/swimchannel.net\/br\/wp-json\/wp\/v2\/types\/post"}],"author":[{"embeddable":true,"href":"https:\/\/swimchannel.net\/br\/wp-json\/wp\/v2\/users\/3"}],"replies":[{"embeddable":true,"href":"https:\/\/swimchannel.net\/br\/wp-json\/wp\/v2\/comments?post=77665"}],"version-history":[{"count":1,"href":"https:\/\/swimchannel.net\/br\/wp-json\/wp\/v2\/posts\/77665\/revisions"}],"predecessor-version":[{"id":77668,"href":"https:\/\/swimchannel.net\/br\/wp-json\/wp\/v2\/posts\/77665\/revisions\/77668"}],"wp:featuredmedia":[{"embeddable":true,"href":"https:\/\/swimchannel.net\/br\/wp-json\/wp\/v2\/media\/77669"}],"wp:attachment":[{"href":"https:\/\/swimchannel.net\/br\/wp-json\/wp\/v2\/media?parent=77665"}],"wp:term":[{"taxonomy":"category","embeddable":true,"href":"https:\/\/swimchannel.net\/br\/wp-json\/wp\/v2\/categories?post=77665"},{"taxonomy":"post_tag","embeddable":true,"href":"https:\/\/swimchannel.net\/br\/wp-json\/wp\/v2\/tags?post=77665"}],"curies":[{"name":"wp","href":"https:\/\/api.w.org\/{rel}","templated":true}]}}