{"id":77681,"date":"2025-12-18T12:49:19","date_gmt":"2025-12-18T15:49:19","guid":{"rendered":"https:\/\/swimchannel.net\/br\/?p=77681"},"modified":"2025-12-18T12:49:19","modified_gmt":"2025-12-18T15:49:19","slug":"tijuca-vence-o-campeonato-estadual-master-de-verao","status":"publish","type":"post","link":"https:\/\/swimchannel.net\/br\/tijuca-vence-o-campeonato-estadual-master-de-verao\/","title":{"rendered":"Tijuca vence o Campeonato Estadual Master de Ver\u00e3o"},"content":{"rendered":"<p>No \u00faltimo fim de semana aconteceu na piscina do Vasco da Gama, no Rio de Janeiro, a disputa do Campeonato Estadual Master de Ver\u00e3o. Organizado pela Federa\u00e7\u00e3o Aqu\u00e1tica do Rio de Janeiro (FARJ), o evento contabilizou 59 recordes e teve o time do Tijuca T\u00eanis Clube como grande campe\u00e3o do evento.<\/p>\n<p>Ao todo foram 52 recordes estaduais, tr\u00eas brasileiros e quatro sul-americanos. As marcas continentais foram estabelecidas por Diva Fuganti, do Vasco da Gama, nos 50m peito 60+ (39s99), C\u00e1ssio Brito, do Fluminense, nos 400m livre 25+ (3min54s61), Henry Ramirez, do Flamengo, nos 50m costas 60+ (29s99) e Djan Madruga, da Academia Djan Madruga, nos 50m borboleta 65+ (31s33).<\/p>\n<figure id=\"attachment_77689\" aria-describedby=\"caption-attachment-77689\" style=\"width: 1068px\" class=\"wp-caption alignnone\"><img loading=\"lazy\" decoding=\"async\" class=\"size-large wp-image-77689\" src=\"https:\/\/swimchannel.net\/br\/wp-content\/uploads\/2025\/12\/WhatsApp-Image-2025-12-16-at-13.18.04-2-1068x800.jpeg\" alt=\"\" width=\"1068\" height=\"800\" srcset=\"https:\/\/swimchannel.net\/br\/wp-content\/uploads\/2025\/12\/WhatsApp-Image-2025-12-16-at-13.18.04-2-1068x800.jpeg 1068w, https:\/\/swimchannel.net\/br\/wp-content\/uploads\/2025\/12\/WhatsApp-Image-2025-12-16-at-13.18.04-2-901x675.jpeg 901w, https:\/\/swimchannel.net\/br\/wp-content\/uploads\/2025\/12\/WhatsApp-Image-2025-12-16-at-13.18.04-2-240x180.jpeg 240w, https:\/\/swimchannel.net\/br\/wp-content\/uploads\/2025\/12\/WhatsApp-Image-2025-12-16-at-13.18.04-2-768x575.jpeg 768w, https:\/\/swimchannel.net\/br\/wp-content\/uploads\/2025\/12\/WhatsApp-Image-2025-12-16-at-13.18.04-2-1536x1151.jpeg 1536w, https:\/\/swimchannel.net\/br\/wp-content\/uploads\/2025\/12\/WhatsApp-Image-2025-12-16-at-13.18.04-2-750x562.jpeg 750w, https:\/\/swimchannel.net\/br\/wp-content\/uploads\/2025\/12\/WhatsApp-Image-2025-12-16-at-13.18.04-2-1140x854.jpeg 1140w, https:\/\/swimchannel.net\/br\/wp-content\/uploads\/2025\/12\/WhatsApp-Image-2025-12-16-at-13.18.04-2.jpeg 1598w\" sizes=\"auto, (max-width: 1068px) 100vw, 1068px\" \/><figcaption id=\"caption-attachment-77689\" class=\"wp-caption-text\">Campeonato Estadual Master de Ver\u00e3o &#8211; Foto: Ricardo Sodr\u00e9<\/figcaption><\/figure>\n<p>Na pontua\u00e7\u00e3o geral, o Tijuca levou a ta\u00e7a ao somar 9258 pontos, ficando bem a frente do Flamengo que sagrou-se vice-campe\u00e3o geral com 5935 pontos. O Fluminense ficou em terceiro lugar com 4058 pontos, seguido pelo Vasco da Gama que foi o quarto com 2598 pontos e pelo Olaria que fechou o top 5 com 1032 pontos.<\/p>\n<p>No quadro geral de medalhas, o Tijuca tamb\u00e9m terminou na frente com 284 p\u00f3dios, sendo 114 de ouro, 94 de prata e 76 de bronze. O Flamengo conquistou 182 medalhas, sendo 90 de ouro, 68 de prata e outras 24 de bronze. Fechando o top 3, o Fluminense ganhou 131 p\u00f3dio, com 84 ouros, 24 pratas e 23 bronzes.<\/p>\n<figure id=\"attachment_77690\" aria-describedby=\"caption-attachment-77690\" style=\"width: 1068px\" class=\"wp-caption alignnone\"><img loading=\"lazy\" decoding=\"async\" class=\"size-large wp-image-77690\" src=\"https:\/\/swimchannel.net\/br\/wp-content\/uploads\/2025\/12\/WhatsApp-Image-2025-12-16-at-13.18.04-1-1068x800.jpeg\" alt=\"\" width=\"1068\" height=\"800\" srcset=\"https:\/\/swimchannel.net\/br\/wp-content\/uploads\/2025\/12\/WhatsApp-Image-2025-12-16-at-13.18.04-1-1068x800.jpeg 1068w, https:\/\/swimchannel.net\/br\/wp-content\/uploads\/2025\/12\/WhatsApp-Image-2025-12-16-at-13.18.04-1-901x675.jpeg 901w, https:\/\/swimchannel.net\/br\/wp-content\/uploads\/2025\/12\/WhatsApp-Image-2025-12-16-at-13.18.04-1-240x180.jpeg 240w, https:\/\/swimchannel.net\/br\/wp-content\/uploads\/2025\/12\/WhatsApp-Image-2025-12-16-at-13.18.04-1-768x575.jpeg 768w, https:\/\/swimchannel.net\/br\/wp-content\/uploads\/2025\/12\/WhatsApp-Image-2025-12-16-at-13.18.04-1-1536x1151.jpeg 1536w, https:\/\/swimchannel.net\/br\/wp-content\/uploads\/2025\/12\/WhatsApp-Image-2025-12-16-at-13.18.04-1-750x562.jpeg 750w, https:\/\/swimchannel.net\/br\/wp-content\/uploads\/2025\/12\/WhatsApp-Image-2025-12-16-at-13.18.04-1-1140x854.jpeg 1140w, https:\/\/swimchannel.net\/br\/wp-content\/uploads\/2025\/12\/WhatsApp-Image-2025-12-16-at-13.18.04-1.jpeg 1598w\" sizes=\"auto, (max-width: 1068px) 100vw, 1068px\" \/><figcaption id=\"caption-attachment-77690\" class=\"wp-caption-text\">Campeonato Estadual Master de Ver\u00e3o &#8211; Foto: Ricardo Sodr\u00e9<\/figcaption><\/figure>\n<p><a href=\"https:\/\/swimchannel.net\/br\/wp-content\/uploads\/2025\/12\/relatorioResultados.pdf\" target=\"_blank\" rel=\"noopener\"><strong>Clique aqui<\/strong> <\/a>para ver o resultado completo do Estadual Master de Ver\u00e3o.<br \/>\n<a href=\"https:\/\/swimchannel.net\/br\/wp-content\/uploads\/2025\/12\/relatorioPontuacao.pdf\" target=\"_blank\" rel=\"noopener\"><strong>Clique aqui<\/strong><\/a> para ver a pontua\u00e7\u00e3o geral do evento.<br \/>\n<a href=\"https:\/\/swimchannel.net\/br\/wp-content\/uploads\/2025\/12\/relatorioRecordes-2.pdf\" target=\"_blank\" rel=\"noopener\"><strong>Clique aqui<\/strong><\/a> para ver todos os recordes da competi\u00e7\u00e3o.<br \/>\n<a href=\"https:\/\/swimchannel.net\/br\/wp-content\/uploads\/2025\/12\/relatorioMedalhas.pdf\" target=\"_blank\" rel=\"noopener\"><strong>Clique aqui<\/strong><\/a> para ver o quadro final de medalhas.<br \/>\n<a href=\"https:\/\/swimchannel.net\/br\/wp-content\/uploads\/2025\/12\/relatorioIndiceTecnico.pdf\" target=\"_blank\" rel=\"noopener\"><strong>Clique aqui<\/strong><\/a> para ver os melhores \u00edndices t\u00e9cnicos.<br \/>\n<a href=\"https:\/\/swimchannel.net\/br\/wp-content\/uploads\/2025\/12\/relatorioEficiencia.pdf\" target=\"_blank\" rel=\"noopener\"><strong>Clique aqui<\/strong><\/a> para ver os atletas mais eficientes.<\/p>\n<figure id=\"attachment_77691\" aria-describedby=\"caption-attachment-77691\" style=\"width: 1068px\" class=\"wp-caption alignnone\"><img loading=\"lazy\" decoding=\"async\" class=\"size-large wp-image-77691\" src=\"https:\/\/swimchannel.net\/br\/wp-content\/uploads\/2025\/12\/WhatsApp-Image-2025-12-16-at-13.18.04-1068x800.jpeg\" alt=\"\" width=\"1068\" height=\"800\" srcset=\"https:\/\/swimchannel.net\/br\/wp-content\/uploads\/2025\/12\/WhatsApp-Image-2025-12-16-at-13.18.04-1068x800.jpeg 1068w, https:\/\/swimchannel.net\/br\/wp-content\/uploads\/2025\/12\/WhatsApp-Image-2025-12-16-at-13.18.04-901x675.jpeg 901w, https:\/\/swimchannel.net\/br\/wp-content\/uploads\/2025\/12\/WhatsApp-Image-2025-12-16-at-13.18.04-240x180.jpeg 240w, https:\/\/swimchannel.net\/br\/wp-content\/uploads\/2025\/12\/WhatsApp-Image-2025-12-16-at-13.18.04-768x575.jpeg 768w, https:\/\/swimchannel.net\/br\/wp-content\/uploads\/2025\/12\/WhatsApp-Image-2025-12-16-at-13.18.04-1536x1151.jpeg 1536w, https:\/\/swimchannel.net\/br\/wp-content\/uploads\/2025\/12\/WhatsApp-Image-2025-12-16-at-13.18.04-750x562.jpeg 750w, https:\/\/swimchannel.net\/br\/wp-content\/uploads\/2025\/12\/WhatsApp-Image-2025-12-16-at-13.18.04-1140x854.jpeg 1140w, https:\/\/swimchannel.net\/br\/wp-content\/uploads\/2025\/12\/WhatsApp-Image-2025-12-16-at-13.18.04.jpeg 1598w\" sizes=\"auto, (max-width: 1068px) 100vw, 1068px\" \/><figcaption id=\"caption-attachment-77691\" class=\"wp-caption-text\">Campeonato Estadual Master de Ver\u00e3o &#8211; Foto: Ricardo Sodr\u00e9<\/figcaption><\/figure>\n<p>&nbsp;<\/p>\n<p>Gostaria de receber as not\u00edcias de nata\u00e7\u00e3o e \u00e1guas abertas no seu email?<\/p>\n<p><a href=\"https:\/\/lpa.nitro.news\/n-GNe\/ultimas-noticias-swim-channel\">Cadastre-se aqui<\/a><\/p>\n","protected":false},"excerpt":{"rendered":"<p>No \u00faltimo fim de semana aconteceu na piscina do Vasco da Gama, no Rio de Janeiro, a disputa do Campeonato Estadual Master de Ver\u00e3o. Organizado pela Federa\u00e7\u00e3o Aqu\u00e1tica do Rio de Janeiro (FARJ), o evento contabilizou 59 recordes e teve o time do Tijuca T\u00eanis Clube como grande campe\u00e3o do evento. Ao todo foram 52 [&hellip;]<\/p>\n","protected":false},"author":3,"featured_media":77688,"comment_status":"open","ping_status":"open","sticky":false,"template":"","format":"gallery","meta":{"footnotes":""},"categories":[1247],"tags":[6719,1592,5,227],"class_list":["post-77681","post","type-post","status-publish","format-gallery","has-post-thumbnail","hentry","category-natacao-master","tag-campeonato-estadual-master-de-verao","tag-farj","tag-natacao","tag-natacao-master","post_format-post-format-gallery"],"yoast_head":"<!-- This site is optimized with the Yoast SEO plugin v27.0 - https:\/\/yoast.com\/product\/yoast-seo-wordpress\/ -->\n<title>Tijuca vence o Campeonato Estadual Master de Ver\u00e3o - Swimchannel<\/title>\n<meta name=\"robots\" content=\"index, follow, max-snippet:-1, max-image-preview:large, max-video-preview:-1\" \/>\n<link rel=\"canonical\" href=\"https:\/\/swimchannel.net\/br\/tijuca-vence-o-campeonato-estadual-master-de-verao\/\" \/>\n<meta property=\"og:locale\" content=\"pt_BR\" \/>\n<meta property=\"og:type\" content=\"article\" \/>\n<meta property=\"og:title\" content=\"Tijuca vence o Campeonato Estadual Master de Ver\u00e3o - Swimchannel\" \/>\n<meta property=\"og:description\" content=\"No \u00faltimo fim de semana aconteceu na piscina do Vasco da Gama, no Rio de Janeiro, a disputa do Campeonato Estadual Master de Ver\u00e3o. Organizado pela Federa\u00e7\u00e3o Aqu\u00e1tica do Rio de Janeiro (FARJ), o evento contabilizou 59 recordes e teve o time do Tijuca T\u00eanis Clube como grande campe\u00e3o do evento. Ao todo foram 52 [&hellip;]\" \/>\n<meta property=\"og:url\" content=\"https:\/\/swimchannel.net\/br\/tijuca-vence-o-campeonato-estadual-master-de-verao\/\" \/>\n<meta property=\"og:site_name\" content=\"Swimchannel\" \/>\n<meta property=\"article:publisher\" content=\"https:\/\/www.facebook.com\/swimchannel\" \/>\n<meta property=\"article:published_time\" content=\"2025-12-18T15:49:19+00:00\" \/>\n<meta property=\"og:image\" content=\"https:\/\/swimchannel.net\/br\/wp-content\/uploads\/2025\/12\/WhatsApp-Image-2025-12-16-at-13.18.05.jpeg\" \/>\n\t<meta property=\"og:image:width\" content=\"1280\" \/>\n\t<meta property=\"og:image:height\" content=\"958\" \/>\n\t<meta property=\"og:image:type\" content=\"image\/jpeg\" \/>\n<meta name=\"author\" content=\"Guilherme Freitas\" \/>\n<meta name=\"twitter:card\" content=\"summary_large_image\" \/>\n<meta name=\"twitter:label1\" content=\"Escrito por\" \/>\n\t<meta name=\"twitter:data1\" content=\"Guilherme Freitas\" \/>\n\t<meta name=\"twitter:label2\" content=\"Est. tempo de leitura\" \/>\n\t<meta name=\"twitter:data2\" content=\"2 minutos\" \/>\n<script type=\"application\/ld+json\" class=\"yoast-schema-graph\">{\"@context\":\"https:\/\/schema.org\",\"@graph\":[{\"@type\":\"Article\",\"@id\":\"https:\/\/swimchannel.net\/br\/tijuca-vence-o-campeonato-estadual-master-de-verao\/#article\",\"isPartOf\":{\"@id\":\"https:\/\/swimchannel.net\/br\/tijuca-vence-o-campeonato-estadual-master-de-verao\/\"},\"author\":{\"name\":\"Guilherme Freitas\",\"@id\":\"https:\/\/swimchannel.net\/br\/#\/schema\/person\/aa2a63bab3275f53749a83276b213c48\"},\"headline\":\"Tijuca vence o Campeonato Estadual Master de Ver\u00e3o\",\"datePublished\":\"2025-12-18T15:49:19+00:00\",\"mainEntityOfPage\":{\"@id\":\"https:\/\/swimchannel.net\/br\/tijuca-vence-o-campeonato-estadual-master-de-verao\/\"},\"wordCount\":351,\"commentCount\":0,\"publisher\":{\"@id\":\"https:\/\/swimchannel.net\/br\/#organization\"},\"image\":{\"@id\":\"https:\/\/swimchannel.net\/br\/tijuca-vence-o-campeonato-estadual-master-de-verao\/#primaryimage\"},\"thumbnailUrl\":\"https:\/\/swimchannel.net\/br\/wp-content\/uploads\/2025\/12\/WhatsApp-Image-2025-12-16-at-13.18.05.jpeg\",\"keywords\":[\"Campeonato Estadual Master de Ver\u00e3o\",\"FARJ\",\"natacao\",\"nata\u00e7\u00e3o master\"],\"articleSection\":[\"Nata\u00e7\u00e3o Master\"],\"inLanguage\":\"pt-BR\",\"potentialAction\":[{\"@type\":\"CommentAction\",\"name\":\"Comment\",\"target\":[\"https:\/\/swimchannel.net\/br\/tijuca-vence-o-campeonato-estadual-master-de-verao\/#respond\"]}]},{\"@type\":\"WebPage\",\"@id\":\"https:\/\/swimchannel.net\/br\/tijuca-vence-o-campeonato-estadual-master-de-verao\/\",\"url\":\"https:\/\/swimchannel.net\/br\/tijuca-vence-o-campeonato-estadual-master-de-verao\/\",\"name\":\"Tijuca vence o Campeonato Estadual Master de Ver\u00e3o - Swimchannel\",\"isPartOf\":{\"@id\":\"https:\/\/swimchannel.net\/br\/#website\"},\"primaryImageOfPage\":{\"@id\":\"https:\/\/swimchannel.net\/br\/tijuca-vence-o-campeonato-estadual-master-de-verao\/#primaryimage\"},\"image\":{\"@id\":\"https:\/\/swimchannel.net\/br\/tijuca-vence-o-campeonato-estadual-master-de-verao\/#primaryimage\"},\"thumbnailUrl\":\"https:\/\/swimchannel.net\/br\/wp-content\/uploads\/2025\/12\/WhatsApp-Image-2025-12-16-at-13.18.05.jpeg\",\"datePublished\":\"2025-12-18T15:49:19+00:00\",\"breadcrumb\":{\"@id\":\"https:\/\/swimchannel.net\/br\/tijuca-vence-o-campeonato-estadual-master-de-verao\/#breadcrumb\"},\"inLanguage\":\"pt-BR\",\"potentialAction\":[{\"@type\":\"ReadAction\",\"target\":[\"https:\/\/swimchannel.net\/br\/tijuca-vence-o-campeonato-estadual-master-de-verao\/\"]}]},{\"@type\":\"ImageObject\",\"inLanguage\":\"pt-BR\",\"@id\":\"https:\/\/swimchannel.net\/br\/tijuca-vence-o-campeonato-estadual-master-de-verao\/#primaryimage\",\"url\":\"https:\/\/swimchannel.net\/br\/wp-content\/uploads\/2025\/12\/WhatsApp-Image-2025-12-16-at-13.18.05.jpeg\",\"contentUrl\":\"https:\/\/swimchannel.net\/br\/wp-content\/uploads\/2025\/12\/WhatsApp-Image-2025-12-16-at-13.18.05.jpeg\",\"width\":1280,\"height\":958,\"caption\":\"Campeonato Estadual Master de Ver\u00e3o - Foto: Ricardo Sodr\u00e9\"},{\"@type\":\"BreadcrumbList\",\"@id\":\"https:\/\/swimchannel.net\/br\/tijuca-vence-o-campeonato-estadual-master-de-verao\/#breadcrumb\",\"itemListElement\":[{\"@type\":\"ListItem\",\"position\":1,\"name\":\"Home\",\"item\":\"https:\/\/swimchannel.net\/br\/\"},{\"@type\":\"ListItem\",\"position\":2,\"name\":\"Tijuca vence o Campeonato Estadual Master de Ver\u00e3o\"}]},{\"@type\":\"WebSite\",\"@id\":\"https:\/\/swimchannel.net\/br\/#website\",\"url\":\"https:\/\/swimchannel.net\/br\/\",\"name\":\"Swimchannel\",\"description\":\"Maior portal de nata\u00e7\u00e3o da america latina\",\"publisher\":{\"@id\":\"https:\/\/swimchannel.net\/br\/#organization\"},\"potentialAction\":[{\"@type\":\"SearchAction\",\"target\":{\"@type\":\"EntryPoint\",\"urlTemplate\":\"https:\/\/swimchannel.net\/br\/?s={search_term_string}\"},\"query-input\":{\"@type\":\"PropertyValueSpecification\",\"valueRequired\":true,\"valueName\":\"search_term_string\"}}],\"inLanguage\":\"pt-BR\"},{\"@type\":\"Organization\",\"@id\":\"https:\/\/swimchannel.net\/br\/#organization\",\"name\":\"Swimchannel - Conectando voc\u00ea a Nata\u00e7\u00e3o\",\"url\":\"https:\/\/swimchannel.net\/br\/\",\"logo\":{\"@type\":\"ImageObject\",\"inLanguage\":\"pt-BR\",\"@id\":\"https:\/\/swimchannel.net\/br\/#\/schema\/logo\/image\/\",\"url\":\"https:\/\/swimchannel.net\/br\/wp-content\/uploads\/2026\/02\/SWIM-CHANNEL.png\",\"contentUrl\":\"https:\/\/swimchannel.net\/br\/wp-content\/uploads\/2026\/02\/SWIM-CHANNEL.png\",\"width\":1120,\"height\":630,\"caption\":\"Swimchannel - Conectando voc\u00ea a Nata\u00e7\u00e3o\"},\"image\":{\"@id\":\"https:\/\/swimchannel.net\/br\/#\/schema\/logo\/image\/\"},\"sameAs\":[\"https:\/\/www.facebook.com\/swimchannel\",\"https:\/\/www.instagram.com\/swimchannel\"]},{\"@type\":\"Person\",\"@id\":\"https:\/\/swimchannel.net\/br\/#\/schema\/person\/aa2a63bab3275f53749a83276b213c48\",\"name\":\"Guilherme Freitas\",\"image\":{\"@type\":\"ImageObject\",\"inLanguage\":\"pt-BR\",\"@id\":\"https:\/\/swimchannel.net\/br\/#\/schema\/person\/image\/\",\"url\":\"https:\/\/swimchannel.net\/br\/wp-content\/uploads\/2025\/10\/gui22-193x180.png\",\"contentUrl\":\"https:\/\/swimchannel.net\/br\/wp-content\/uploads\/2025\/10\/gui22-193x180.png\",\"caption\":\"Guilherme Freitas\"},\"description\":\"Jornalista s\u00eanior da SWIM CHANNEL, ex-correspondente da FINA no Brasil e pesquisador acad\u00eamico.\",\"sameAs\":[\"instagram.com\/guifreitas86\"],\"url\":\"https:\/\/swimchannel.net\/br\/author\/guilherme-freitas\/\"}]}<\/script>\n<!-- \/ Yoast SEO plugin. -->","yoast_head_json":{"title":"Tijuca vence o Campeonato Estadual Master de Ver\u00e3o - Swimchannel","robots":{"index":"index","follow":"follow","max-snippet":"max-snippet:-1","max-image-preview":"max-image-preview:large","max-video-preview":"max-video-preview:-1"},"canonical":"https:\/\/swimchannel.net\/br\/tijuca-vence-o-campeonato-estadual-master-de-verao\/","og_locale":"pt_BR","og_type":"article","og_title":"Tijuca vence o Campeonato Estadual Master de Ver\u00e3o - Swimchannel","og_description":"No \u00faltimo fim de semana aconteceu na piscina do Vasco da Gama, no Rio de Janeiro, a disputa do Campeonato Estadual Master de Ver\u00e3o. Organizado pela Federa\u00e7\u00e3o Aqu\u00e1tica do Rio de Janeiro (FARJ), o evento contabilizou 59 recordes e teve o time do Tijuca T\u00eanis Clube como grande campe\u00e3o do evento. Ao todo foram 52 [&hellip;]","og_url":"https:\/\/swimchannel.net\/br\/tijuca-vence-o-campeonato-estadual-master-de-verao\/","og_site_name":"Swimchannel","article_publisher":"https:\/\/www.facebook.com\/swimchannel","article_published_time":"2025-12-18T15:49:19+00:00","og_image":[{"width":1280,"height":958,"url":"https:\/\/swimchannel.net\/br\/wp-content\/uploads\/2025\/12\/WhatsApp-Image-2025-12-16-at-13.18.05.jpeg","type":"image\/jpeg"}],"author":"Guilherme Freitas","twitter_card":"summary_large_image","twitter_misc":{"Escrito por":"Guilherme Freitas","Est. tempo de leitura":"2 minutos"},"schema":{"@context":"https:\/\/schema.org","@graph":[{"@type":"Article","@id":"https:\/\/swimchannel.net\/br\/tijuca-vence-o-campeonato-estadual-master-de-verao\/#article","isPartOf":{"@id":"https:\/\/swimchannel.net\/br\/tijuca-vence-o-campeonato-estadual-master-de-verao\/"},"author":{"name":"Guilherme Freitas","@id":"https:\/\/swimchannel.net\/br\/#\/schema\/person\/aa2a63bab3275f53749a83276b213c48"},"headline":"Tijuca vence o Campeonato Estadual Master de Ver\u00e3o","datePublished":"2025-12-18T15:49:19+00:00","mainEntityOfPage":{"@id":"https:\/\/swimchannel.net\/br\/tijuca-vence-o-campeonato-estadual-master-de-verao\/"},"wordCount":351,"commentCount":0,"publisher":{"@id":"https:\/\/swimchannel.net\/br\/#organization"},"image":{"@id":"https:\/\/swimchannel.net\/br\/tijuca-vence-o-campeonato-estadual-master-de-verao\/#primaryimage"},"thumbnailUrl":"https:\/\/swimchannel.net\/br\/wp-content\/uploads\/2025\/12\/WhatsApp-Image-2025-12-16-at-13.18.05.jpeg","keywords":["Campeonato Estadual Master de Ver\u00e3o","FARJ","natacao","nata\u00e7\u00e3o master"],"articleSection":["Nata\u00e7\u00e3o Master"],"inLanguage":"pt-BR","potentialAction":[{"@type":"CommentAction","name":"Comment","target":["https:\/\/swimchannel.net\/br\/tijuca-vence-o-campeonato-estadual-master-de-verao\/#respond"]}]},{"@type":"WebPage","@id":"https:\/\/swimchannel.net\/br\/tijuca-vence-o-campeonato-estadual-master-de-verao\/","url":"https:\/\/swimchannel.net\/br\/tijuca-vence-o-campeonato-estadual-master-de-verao\/","name":"Tijuca vence o Campeonato Estadual Master de Ver\u00e3o - Swimchannel","isPartOf":{"@id":"https:\/\/swimchannel.net\/br\/#website"},"primaryImageOfPage":{"@id":"https:\/\/swimchannel.net\/br\/tijuca-vence-o-campeonato-estadual-master-de-verao\/#primaryimage"},"image":{"@id":"https:\/\/swimchannel.net\/br\/tijuca-vence-o-campeonato-estadual-master-de-verao\/#primaryimage"},"thumbnailUrl":"https:\/\/swimchannel.net\/br\/wp-content\/uploads\/2025\/12\/WhatsApp-Image-2025-12-16-at-13.18.05.jpeg","datePublished":"2025-12-18T15:49:19+00:00","breadcrumb":{"@id":"https:\/\/swimchannel.net\/br\/tijuca-vence-o-campeonato-estadual-master-de-verao\/#breadcrumb"},"inLanguage":"pt-BR","potentialAction":[{"@type":"ReadAction","target":["https:\/\/swimchannel.net\/br\/tijuca-vence-o-campeonato-estadual-master-de-verao\/"]}]},{"@type":"ImageObject","inLanguage":"pt-BR","@id":"https:\/\/swimchannel.net\/br\/tijuca-vence-o-campeonato-estadual-master-de-verao\/#primaryimage","url":"https:\/\/swimchannel.net\/br\/wp-content\/uploads\/2025\/12\/WhatsApp-Image-2025-12-16-at-13.18.05.jpeg","contentUrl":"https:\/\/swimchannel.net\/br\/wp-content\/uploads\/2025\/12\/WhatsApp-Image-2025-12-16-at-13.18.05.jpeg","width":1280,"height":958,"caption":"Campeonato Estadual Master de Ver\u00e3o - Foto: Ricardo Sodr\u00e9"},{"@type":"BreadcrumbList","@id":"https:\/\/swimchannel.net\/br\/tijuca-vence-o-campeonato-estadual-master-de-verao\/#breadcrumb","itemListElement":[{"@type":"ListItem","position":1,"name":"Home","item":"https:\/\/swimchannel.net\/br\/"},{"@type":"ListItem","position":2,"name":"Tijuca vence o Campeonato Estadual Master de Ver\u00e3o"}]},{"@type":"WebSite","@id":"https:\/\/swimchannel.net\/br\/#website","url":"https:\/\/swimchannel.net\/br\/","name":"Swimchannel","description":"Maior portal de nata\u00e7\u00e3o da america latina","publisher":{"@id":"https:\/\/swimchannel.net\/br\/#organization"},"potentialAction":[{"@type":"SearchAction","target":{"@type":"EntryPoint","urlTemplate":"https:\/\/swimchannel.net\/br\/?s={search_term_string}"},"query-input":{"@type":"PropertyValueSpecification","valueRequired":true,"valueName":"search_term_string"}}],"inLanguage":"pt-BR"},{"@type":"Organization","@id":"https:\/\/swimchannel.net\/br\/#organization","name":"Swimchannel - Conectando voc\u00ea a Nata\u00e7\u00e3o","url":"https:\/\/swimchannel.net\/br\/","logo":{"@type":"ImageObject","inLanguage":"pt-BR","@id":"https:\/\/swimchannel.net\/br\/#\/schema\/logo\/image\/","url":"https:\/\/swimchannel.net\/br\/wp-content\/uploads\/2026\/02\/SWIM-CHANNEL.png","contentUrl":"https:\/\/swimchannel.net\/br\/wp-content\/uploads\/2026\/02\/SWIM-CHANNEL.png","width":1120,"height":630,"caption":"Swimchannel - Conectando voc\u00ea a Nata\u00e7\u00e3o"},"image":{"@id":"https:\/\/swimchannel.net\/br\/#\/schema\/logo\/image\/"},"sameAs":["https:\/\/www.facebook.com\/swimchannel","https:\/\/www.instagram.com\/swimchannel"]},{"@type":"Person","@id":"https:\/\/swimchannel.net\/br\/#\/schema\/person\/aa2a63bab3275f53749a83276b213c48","name":"Guilherme Freitas","image":{"@type":"ImageObject","inLanguage":"pt-BR","@id":"https:\/\/swimchannel.net\/br\/#\/schema\/person\/image\/","url":"https:\/\/swimchannel.net\/br\/wp-content\/uploads\/2025\/10\/gui22-193x180.png","contentUrl":"https:\/\/swimchannel.net\/br\/wp-content\/uploads\/2025\/10\/gui22-193x180.png","caption":"Guilherme Freitas"},"description":"Jornalista s\u00eanior da SWIM CHANNEL, ex-correspondente da FINA no Brasil e pesquisador acad\u00eamico.","sameAs":["instagram.com\/guifreitas86"],"url":"https:\/\/swimchannel.net\/br\/author\/guilherme-freitas\/"}]}},"_links":{"self":[{"href":"https:\/\/swimchannel.net\/br\/wp-json\/wp\/v2\/posts\/77681","targetHints":{"allow":["GET"]}}],"collection":[{"href":"https:\/\/swimchannel.net\/br\/wp-json\/wp\/v2\/posts"}],"about":[{"href":"https:\/\/swimchannel.net\/br\/wp-json\/wp\/v2\/types\/post"}],"author":[{"embeddable":true,"href":"https:\/\/swimchannel.net\/br\/wp-json\/wp\/v2\/users\/3"}],"replies":[{"embeddable":true,"href":"https:\/\/swimchannel.net\/br\/wp-json\/wp\/v2\/comments?post=77681"}],"version-history":[{"count":1,"href":"https:\/\/swimchannel.net\/br\/wp-json\/wp\/v2\/posts\/77681\/revisions"}],"predecessor-version":[{"id":77692,"href":"https:\/\/swimchannel.net\/br\/wp-json\/wp\/v2\/posts\/77681\/revisions\/77692"}],"wp:featuredmedia":[{"embeddable":true,"href":"https:\/\/swimchannel.net\/br\/wp-json\/wp\/v2\/media\/77688"}],"wp:attachment":[{"href":"https:\/\/swimchannel.net\/br\/wp-json\/wp\/v2\/media?parent=77681"}],"wp:term":[{"taxonomy":"category","embeddable":true,"href":"https:\/\/swimchannel.net\/br\/wp-json\/wp\/v2\/categories?post=77681"},{"taxonomy":"post_tag","embeddable":true,"href":"https:\/\/swimchannel.net\/br\/wp-json\/wp\/v2\/tags?post=77681"}],"curies":[{"name":"wp","href":"https:\/\/api.w.org\/{rel}","templated":true}]}}