{"id":77695,"date":"2025-12-18T14:25:58","date_gmt":"2025-12-18T17:25:58","guid":{"rendered":"https:\/\/swimchannel.net\/br\/?p=77695"},"modified":"2025-12-18T16:06:24","modified_gmt":"2025-12-18T19:06:24","slug":"ana-rodrigues-diogo-ribeiro-e-mariana-cunha-assinam-6-recordes-individuais","status":"publish","type":"post","link":"https:\/\/swimchannel.net\/br\/ana-rodrigues-diogo-ribeiro-e-mariana-cunha-assinam-6-recordes-individuais\/","title":{"rendered":"Ana Rodrigues, Diogo Ribeiro e Mariana Cunha assinam 6 recordes individuais"},"content":{"rendered":"<p>Os Campeonatos Nacionais de Juniores e Seniores em Leiria (piscina curta) trouxeram cinco novos recordes nacionais individuais (mais um igualado), quatro de estafetas, e apenas dois em juniores (facto relevante), bem como um punhado de marcas importantes e hist\u00f3ricas.<\/p>\n<p>A altera\u00e7\u00e3o do formato de tr\u00eas para quatro dias parece ter sido positivo para os atletas, sublinhando-se a iniciativa da FPN.<\/p>\n<p>Os m\u00e1ximos individuais pertenceram apenas a tr\u00eas atletas, com dois cada: Ana Rodrigues, Mariana Cunha e Diogo Ribeiro (ver quadro em baixo).<\/p>\n<p>Nota pr\u00e9via: um recorde de Portugal pode n\u00e3o ter o n\u00edvel europeu de outras marcas que nem sejam recordes, mas n\u00e3o deixa por isso de ser menos significativo para a nossa realidade.<\/p>\n<figure style=\"width: 1080px\" class=\"wp-caption alignnone\"><img loading=\"lazy\" decoding=\"async\" src=\"https:\/\/fpnatacao.pt\/uploads\/noticias\/mariana_site.JPG\" alt=\"Image\" width=\"1080\" height=\"809\" \/><figcaption class=\"wp-caption-text\">Mariana Cunha (Foto reprodu\u00e7\u00e3o\/FPN)<\/figcaption><\/figure>\n<p><strong>Recordes hist\u00f3ricos de Ana e Mariana<\/strong><\/p>\n<p>Por isso, inicio pelos dois recordes hist\u00f3ricos em femininos de Ana Rodrigues e Mariana Cunha, pois quebraram barreiras h\u00e1 muito aguardadas: a Ana tornou-se a primeira mulher em menos de 30 segundos aos 50m bru\u00e7os (29.98), e a Mariana a primeira em menos de 58 segundos nos 100m mariposa (57.93).<\/p>\n<p>O anterior recorde dos 50m bru\u00e7os j\u00e1 era da atleta do SC Braga, claro, com 30.21 (dezembro de 2022, em Leiria), passando a acumular nada menos que as 25 melhores marcas portuguesas de sempre (!); esta marca coloca-a num merecido top 16 europeu da \u00e9poca.<\/p>\n<p>Mariana detinha o anterior m\u00e1ximo do hect\u00f3metro \u2018borboleta\u2019 com 58.01 (abril de 2023).<\/p>\n<p>Nos 100m estilos a atleta do Col\u00e9gio Efanor igualou aos cent\u00e9simos a marca-limite nacional, que tamb\u00e9m era sua, vencendo em 1:00.19.<\/p>\n<p>\u00c0 FPN Mariana declarou: \u00abPosso dizer que guardei o melhor para o fim da \u00e9poca de piscina curta. N\u00e3o estava \u00e0 espera de ficar doente na semana anterior ao Europeu e isso afetou-me um bocado. Mas consegui responder muito bem agora e estou bastante feliz.\u00bb<\/p>\n<p>Aos 100m bru\u00e7os Ana Rodrigues alcan\u00e7ou o seu segundo recorde da competi\u00e7\u00e3o (1:06.41), demonstrando que aos 31 anos (a poucos meses dos 32) est\u00e1 a conseguir ainda alcan\u00e7ar o pico da sua carreira, dando um exemplo excecional para as mais novas.<\/p>\n<figure id=\"attachment_59304\" aria-describedby=\"caption-attachment-59304\" style=\"width: 945px\" class=\"wp-caption alignnone\"><img loading=\"lazy\" decoding=\"async\" class=\"size-full wp-image-59304\" src=\"https:\/\/swimchannel.net\/br\/wp-content\/uploads\/2023\/07\/294787212_796374184701438_718384735432885202_n.jpg\" alt=\"\" width=\"945\" height=\"630\" srcset=\"https:\/\/swimchannel.net\/br\/wp-content\/uploads\/2023\/07\/294787212_796374184701438_718384735432885202_n.jpg 945w, https:\/\/swimchannel.net\/br\/wp-content\/uploads\/2023\/07\/294787212_796374184701438_718384735432885202_n-270x180.jpg 270w, https:\/\/swimchannel.net\/br\/wp-content\/uploads\/2023\/07\/294787212_796374184701438_718384735432885202_n-768x512.jpg 768w, https:\/\/swimchannel.net\/br\/wp-content\/uploads\/2023\/07\/294787212_796374184701438_718384735432885202_n-750x500.jpg 750w\" sizes=\"auto, (max-width: 945px) 100vw, 945px\" \/><figcaption id=\"caption-attachment-59304\" class=\"wp-caption-text\">Diogo Ribeiro (Foto: reprodu\u00e7\u00e3o\/FPN)<\/figcaption><\/figure>\n<p><strong>O bom regresso de Diogo Ribeiro<\/strong><\/p>\n<p>Depois de n\u00e3o ter estado no Europeu de Curta em Lublin (dias 2 a 7) por problemas f\u00edsicos, esperava-se que o bicampe\u00e3o mundial de longa (j\u00e1 vai fazer dois anos em fevereiro) voltasse a apresentar-se pelo menos bem, embora provavelmente ainda a recuperar e a ganhar confian\u00e7a.<\/p>\n<p>Assim foi: alcan\u00e7ou dois recordes nacionais de bom n\u00edvel (no top 16\/17 europeu da \u00e9poca), embora nenhuma das cinco melhores marcas que alcan\u00e7ou nos Nacionais lhe desse o apuramento para finais em Lublin \u201925.<\/p>\n<p>Bateu os recordes dos 50m mariposa e 50m livres; e se o primeiro j\u00e1 era seu (com 22.69 h\u00e1 12 meses), j\u00e1 o de livres \u2018roubou\u2019 ao colega do SL Benfica, Miguel Nascimento, que tinha 21.22 desde h\u00e1 3 anos (Leiria).<\/p>\n<p>Nos 100m livres obteve a melhor marca (e mais pontuada) absoluta da competi\u00e7\u00e3o, com 46.59, a sua segunda mais r\u00e1pida de sempre, e apenas a quatro cent\u00e9simos do recorde de Portugal.<\/p>\n<p><strong>Os fundistas Rodrigo e Rui<\/strong><\/p>\n<p>O meu destaque tamb\u00e9m para os jovens dos 1500m livres, Rodrigo Borges e Rui Pereira.<\/p>\n<p>O Rodrigo (filho do ol\u00edmpico e refer\u00eancia maior da modalidade, o treinador ol\u00edmpico Rui Borges) tornou-se o segundo atleta portugu\u00eas de sempre a baixar dos 15 minutos (ver quadro), depois do marcante Jos\u00e9 P. Lopes (14:39.82).<\/p>\n<p>O atleta ex-Fluvial Portuense (agora com o pai no FC Porto), sagrou-se campe\u00e3o absoluto com a melhor marca registada por um nacional desde h\u00e1 2 anos, sendo j\u00e1 o 10\u00ba melhor europeu desta \u00e9poca entre os jovens nascidos em 2007 e mais novos.<\/p>\n<p>Aten\u00e7\u00e3o que segundo os regulamentos da \u2018Aqua\/WA\u2019 \u00e9 ainda j\u00fanior em competi\u00e7\u00f5es internacionais.<\/p>\n<p>J\u00e1 o Rui \u00e9 ainda j\u00fanior de 2008, tendo nadado a segunda mais r\u00e1pida marca absoluta dos Nacionais, que lhe d\u00e1 um novo recorde da categoria, e lugar no top 10 europeu da \u00e9poca para nascidos em 2008 e mais novos.<\/p>\n<p>Muito bons indicadores, pois, para o jovem do Col\u00e9gio Monte Maior e para o fundista do FC Porto.<\/p>\n<p><strong>Destaques telegr\u00e1ficos mas n\u00e3o menos importantes para (ver tamb\u00e9m quadro em baixo):<\/strong><\/p>\n<p>&#8211; Francisca Martins, com a sua 3\u00aa melhor marca de sempre aos 200m livres, embora no Europeu tenha feito um pouco melhor; e com a 2\u00aa melhor marca aos 400m livres; ainda, com um novo recorde pessoal aos 800m livres;<\/p>\n<p>&#8211; Anna Fomina, uma das grandes (semi) surpresas dos Nacionais, que aos 200m livres alcan\u00e7a a 4\u00aa melhor marca lusa de sempre, retirando mais de 2 segundos ao recorde pessoal 1:58.92 (!);<\/p>\n<p>&#8211; Camila Rebelo: em Leiria refor\u00e7ou o t\u00edtulo de \u2018rainha\u2019 suprema da nata\u00e7\u00e3o portuguesa, depois de uns Europeus de grande n\u00edvel. Sagrou-se campe\u00e3 em cinco provas (as tr\u00eas de costas e os 200m e 400m estilos).<\/p>\n<p>Em declara\u00e7\u00f5es \u00e0 Federa\u00e7\u00e3o referiu: \u201c\u00c9 o culminar de duas semanas com muita intensidade competitiva; o objetivo era sempre melhorar a cada etapa e chegar ao Nacional em Portugal; divertir-me ao m\u00e1ximo e fazer as melhores presta\u00e7\u00f5es poss\u00edveis\u201d.<\/p>\n<p>Anteviu j\u00e1 a \u00e9poca de longa para 2026, com dois momentos maiores: \u201cpretendo chegar ao Europeu na melhor forma (Paris, 10 a 16 de agosto), tal como aos Jogos do Mediterr\u00e2neo (Taranto, It\u00e1lia, 21 de agosto a 3 de setembro), e, se poss\u00edvel, trazer novamente uma medalha. Mas ainda faltam muitos meses.\u201d<\/p>\n<p>&#8211; finalmente, a melhor j\u00fanior feminina foi Maria Neves (S. Braga), que alcan\u00e7ou a quarta melhor marca absoluta de sempre nos 200m costas, sendo j\u00e1 a 15\u00aa melhor europeia da \u00e9poca para nascidas em 2008 e depois. Com esta presta\u00e7\u00e3o teria chegado \u00e0s meias-finais do Europeu de Lublin\u2026<\/p>\n<p>&#8211; Gabriel Lopes: neste seu regresso \u00e0s boas marcas (ap\u00f3s \u00e9poca mais dedicada aos estudos), alcan\u00e7ou alguns dos seus melhores tempos da carreira: nos 100m bru\u00e7os p.e. (59.37, 807 p.), e aos 100m costas, com a 3\u00aa melhor marca nacional da hist\u00f3ria, e melhor de um portugu\u00eas desde h\u00e1 3 anos. \u00d3timos sinais para a \u00e9poca de longa, pois faz falta \u00e0 nata\u00e7\u00e3o lusa.<\/p>\n<figure style=\"width: 1080px\" class=\"wp-caption alignnone\"><img loading=\"lazy\" decoding=\"async\" src=\"https:\/\/fpnatacao.pt\/uploads\/noticias\/estafeta_site.JPG\" alt=\"Image\" width=\"1080\" height=\"720\" \/><figcaption class=\"wp-caption-text\">Sporting obteve dois dos quatro recordes em estafetas (Foto Reprodu\u00e7\u00e3o\/FPN)<\/figcaption><\/figure>\n<p><strong>Bateram ainda recordes nacionais os seguintes atletas e equipas:<\/strong><\/p>\n<p>&#8211; Diogo Cancela (Louzan), 50m livres: 27.23 (classe S8)<\/p>\n<p>&#8211; Henrique Joaquim, 2009 (CN Leiria), 50m livres: 23.11 &#8211; Recorde Nacional Juniores 17 anos<\/p>\n<p>&#8211; Sport Alg\u00e9s e Dafundo, 4x50m estilos femininos, 1:51.70. Rafaela Azevedo, Cl\u00e1udia Borges, Marta Pires e Ema Concei\u00e7\u00e3o<\/p>\n<p>&#8211; Sporting, 4x50m livres misto: 1:34.67. Andr\u00e9 Ramos, Pedro Tigre, Laura Barbeito, Anna,Fomina.<\/p>\n<p>&#8211; Sporting, 4x50m livres femininos: 1:42.92. Laura Barbeito, Maria Moura, Carolina Viana, Anna Fomina.<\/p>\n<p>&#8211; Benfica, 4x50m estilos misto: 1:44.20. Miguel Nascimento, Rebeca Antunes, Diogo Ribeiro, Rita Frischknecht<\/p>\n<p><strong>Positivo mas&#8230;<\/strong><\/p>\n<p>Mas, apesar da sensa\u00e7\u00e3o positiva com que ficamos da mais importante competi\u00e7\u00e3o nacional de curta, os n\u00fameros n\u00e3o deixam d\u00favidas quanto ao caminho a percorrer e \u00e0 dist\u00e2ncia para a Europa: s\u00f3 uma (!) das 36 vit\u00f3rias individuais em Leiria daria acesso a uma final no Europeu de Curta\u2026exatamente a da melhor atleta portuguesa da modalidade no momento, Camila Rebelo, na prova de 200m costas, onde foi 4\u00aa classificada na Pol\u00f3nia (ver quadro em baixo e marcas de acesso \u00e0s meias-finais e finais de cada prova).<\/p>\n<p>Este enorme, gigante, desafio deve motivar e mobilizar toda a modalidade (atletas, t\u00e9cnicos, dirigentes) para encurtar a dist\u00e2ncia para os\/as melhores do continente (no Europeu fomos apenas o 28\u00ba pa\u00eds coletivamente), fazendo-nos refletir com realismo e honestidade sobre &#8216;o que nos est\u00e1 ainda a faltar?&#8217;<\/p>\n<p>Venha o Nacional de Clubes!<\/p>\n<p><strong>Quadro com algumas das melhores marcas em Leiria<\/strong><\/p>\n<p><u>Femininos<\/u><\/p>\n<p><strong><em>Atleta (clube)\u00a0\u00a0\u00a0\u00a0\u00a0\u00a0\u00a0\u00a0\u00a0\u00a0\u00a0\u00a0\u00a0\u00a0 \u00a0\u00a0\u00a0\u00a0\u00a0\u00a0\u00a0\u00a0\u00a0\u00a0\u00a0 Prova\u00a0\u00a0\u00a0\u00a0\u00a0\u00a0\u00a0\u00a0\u00a0\u00a0\u00a0\u00a0\u00a0 Marca Pontos Lugar\u00a0 Europeu\/\u00c9poca\u00a0 MF\/Final CEPC<\/em><\/strong><\/p>\n<p><u>Ana RODRIGUES (S. Braga) 50m Bru\u00e7os\u00a0\u00a0\u00a0\u00a0\u00a0\u00a0 <strong>29.98 (RN)<\/strong> 847 \u00a0\u00a0\u00a0\u00a0\u00a0\u00a0\u00a0\u00a0\u00a0\u00a0 16\u00ba \u00a0\u00a0\u00a0\u00a0\u00a0\u00a0\u00a0\u00a0\u00a0\u00a0\u00a0\u00a0\u00a0\u00a0\u00a0\u00a0\u00a0 30.35\/29.64<\/u><\/p>\n<p>Francisca MARTINS (FOCA) 200m Livres\u00a0\u00a0\u00a0\u00a0\u00a0 1:56.69 \u00a0\u00a0\u00a0\u00a0\u00a0\u00a0 844 \u00a0\u00a0\u00a0\u00a0\u00a0\u00a0\u00a0\u00a0\u00a0\u00a0 31\u00ba \u00a0\u00a0\u00a0\u00a0\u00a0 \u00a0\u00a0\u00a0\u00a0\u00a0\u00a0\u00a0\u00a0\u00a0\u00a0\u00a0 1:56.19\/1:54.52<\/p>\n<p>Anna FOMINA (Sporting) 200m Livres\u00a0\u00a0\u00a0\u00a0\u00a0\u00a0\u00a0\u00a0\u00a0\u00a0\u00a0 1:56.73 (RP) 843 \u00a0\u00a0\u00a0\u00a0\u00a0\u00a0\u00a0\u00a0 32\u00ba \u00a0\u00a0\u00a0\u00a0\u00a0\u00a0\u00a0\u00a0\u00a0\u00a0\u00a0\u00a0\u00a0\u00a0\u00a0\u00a0\u00a0 1:56.19\/1:54.52<\/p>\n<p><u>Camila REBELO (Louzan) 200m Costas\u00a0\u00a0\u00a0\u00a0\u00a0\u00a0\u00a0\u00a0\u00a0 2:05.39 \u00a0\u00a0\u00a0\u00a0\u00a0\u00a0\u00a0 834\u00a0\u00a0\u00a0\u00a0\u00a0\u00a0\u00a0\u00a0\u00a0\u00a0 10\u00ba\u00a0\u00a0\u00a0\u00a0\u00a0\u00a0\u00a0\u00a0\u00a0\u00a0\u00a0\u00a0\u00a0\u00a0\u00a0\u00a0\u00a0 2:11.50\/2:06.33<\/u><\/p>\n<p>Francisca MARTINS (FOCA) 400m Livres\u00a0\u00a0\u00a0\u00a0\u00a0 4:04.91 \u00a0\u00a0\u00a0\u00a0\u00a0\u00a0\u00a0 830\u00a0\u00a0\u00a0\u00a0\u00a0\u00a0\u00a0\u00a0\u00a0\u00a0 17\u00ba \u00a0\u00a0\u00a0\u00a0\u00a0 \u00a0\u00a0\u00a0\u00a0\u00a0\u00a0\u00a0\u00a0\u00a0\u00a0\u00a0 4:07.37\/4:03.97<\/p>\n<p><u>Ana RODRIGUES (S. Braga) 100m Bru\u00e7os\u00a0\u00a0\u00a0\u00a0\u00a0 <strong>1:06.41 (RN) <\/strong>827\u00a0\u00a0\u00a0\u00a0\u00a0\u00a0\u00a0\u00a0 28\u00ba\u00a0\u00a0\u00a0\u00a0\u00a0\u00a0\u00a0\u00a0\u00a0\u00a0\u00a0\u00a0\u00a0\u00a0\u00a0\u00a0\u00a0 1:05.96\/1:04.75<\/u><\/p>\n<p>Francisca MARTINS (FOCA) 800m Livres\u00a0\u00a0\u00a0\u00a0\u00a0 8:29.11\u00a0 (RP)\u00a0 824\u00a0 \u00a0 \u00a0 \u00a0 \u00a0 21\u00ba\u00a0\u00a0\u00a0\u00a0\u00a0\u00a0\u00a0\u00a0\u00a0\u00a0\u00a0\u00a0\u00a0\u00a0\u00a0\u00a0\u00a0 8:32.89\/8:24.07<\/p>\n<p><u>Mariana CUNHA (C. Efanor) 100m estilos \u00a0\u00a0\u00a0\u00a0\u00a0 <strong>1:00.19 (=RN) <\/strong>767 \u00a0<strong><em>\u00a0<\/em>\u00a0\u00a0\u00a0 35\u00ba \u00a0\u00a0\u00a0\u00a0\u00a0 \u00a0\u00a0\u00a0\u00a0\u00a0\u00a0\u00a0\u00a0\u00a0\u00a0\u00a0 <\/strong>1:00.01\/59.21<\/u><\/p>\n<p><u>Mariana CUNHA (C.Efanor) \u00a0100m maripposa <strong>57.93 (RN)\u00a0\u00a0\u00a0 <\/strong>753 \u00a0\u00a0\u00a0\u00a0\u00a0\u00a0\u00a0 25\u00ba\u00a0\u00a0\u00a0\u00a0\u00a0\u00a0\u00a0\u00a0\u00a0\u00a0\u00a0\u00a0\u00a0\u00a0\u00a0\u00a0\u00a0 58.48\/57.18<\/u><\/p>\n<p><u>Maria NEVES (S. Braga, j\u00fan. \u201808) 200m Costas\u00a0 2:11.10 (RP) 729 \u00a0\u00a0\u00a0\u00a0\u00a0\u00a0 78\u00ba\u00a0\u00a0\u00a0\u00a0\u00a0\u00a0 \u00a0\u00a0\u00a0\u00a0\u00a0\u00a0\u00a0\u00a0\u00a0\u00a0\u00a0 2:11.50\/2:06.33<\/u><\/p>\n<p><strong><em>\u00a0<\/em><\/strong><\/p>\n<p><u>Masculinos <\/u><\/p>\n<p><strong><em>Atleta (clube)\u00a0\u00a0 \u00a0\u00a0\u00a0\u00a0\u00a0\u00a0\u00a0\u00a0\u00a0\u00a0\u00a0 \u00a0\u00a0\u00a0\u00a0\u00a0\u00a0\u00a0\u00a0\u00a0\u00a0\u00a0 Prova\u00a0\u00a0\u00a0\u00a0\u00a0\u00a0\u00a0\u00a0\u00a0\u00a0\u00a0\u00a0\u00a0 Marca Pontos Lugar Rank. \u00c9poca\u00a0\u00a0\u00a0\u00a0 MF\/Final CEPC<\/em><\/strong><\/p>\n<p>Diogo RIBEIRO (Benfica) \u00a0\u00a0\u00a0\u00a0\u00a0 100m Livres\u00a0\u00a0\u00a0 46.59 \u00a0 \u00a0891\u00a0 \u00a0 \u00a0 \u00a0 \u00a0 \u00a0 \u00a0 \u00a0 \u00a0 \u00a017\u00ba\u00a0\u00a0\u00a0\u00a0\u00a0\u00a0 \u00a0\u00a0\u00a0\u00a0\u00a0\u00a0\u00a0\u00a0\u00a0\u00a0\u00a0 \u00a0\u00a0 46.91\/46.23<\/p>\n<p><u>Diogo RIBEIRO (Benfica)\u00a0\u00a0\u00a0\u00a0\u00a0\u00a0\u00a0\u00a0 50m Mariposa <strong>22.48 (RN, eli.)<\/strong> 853\u00a0\u00a0\u00a0\u00a0 17\u00ba\u00a0\u00a0\u00a0\u00a0\u00a0\u00a0\u00a0\u00a0\u00a0\u00a0\u00a0\u00a0\u00a0\u00a0\u00a0\u00a0\u00a0 \u00a0\u00a0 22.84\/22.45<\/u><\/p>\n<p>Diogo RIBEIRO (Benfica)\u00a0\u00a0\u00a0\u00a0\u00a0\u00a0 100m mariposa, 50.51\u00a0\u00a0\u00a0 842\u00a0\u00a0\u00a0\u00a0 \u00a0\u00a0\u00a0\u00a0\u00a0\u00a0\u00a0\u00a0\u00a0\u00a0\u00a0 18\u00ba\u00a0\u00a0\u00a0\u00a0\u00a0\u00a0 \u00a0\u00a0\u00a0\u00a0\u00a0\u00a0\u00a0\u00a0\u00a0\u00a0 \u00a0\u00a0\u00a051.11\/50.14<\/p>\n<p>Diogo RIBEIRO (Benfica)\u00a0\u00a0\u00a0\u00a0\u00a0\u00a0 50m Mariposa\u00a0 22.60 (Final) 839\u00a0 \u00a0 \u00a0 \u00a0 \u00a0 \u00a0&#8212;\u00a0\u00a0\u00a0\u00a0\u00a0\u00a0\u00a0\u00a0\u00a0\u00a0\u00a0\u00a0\u00a0\u00a0\u00a0\u00a0\u00a0\u00a0\u00a0\u00a0 \u00a0\u00a0\u00a0 \u00a0\u00a0\u00a0\u00a0&#8212;<\/p>\n<p>Gabriel LOPES (Louzan) \u00a0\u00a0\u00a0\u00a0\u00a0\u00a0\u00a0 100m Costas \u00a0\u00a0 51.34\u00a0\u00a0 \u00a0\u00a0834\u00a0 \u00a0 \u00a0 \u00a0 \u00a0 \u00a0 \u00a0 \u00a0 37\u00ba \u00a0\u00a0\u00a0\u00a0\u00a0 \u00a0\u00a0\u00a0\u00a0\u00a0\u00a0\u00a0\u00a0\u00a0\u00a0\u00a0 \u00a0\u00a0\u00a051.28\/50.16<\/p>\n<p>Rodrigo BORGES (FC Porto)\u00a0\u00a0 1500m Livres \u00a0\u00a014:59.92\u00a0\u00a0 833 \u00a0\u00a0\u00a0\u00a0\u00a0\u00a0\u00a0\u00a0\u00a0\u00a0\u00a0\u00a0 40\u00ba\u00a0 \u00a0 \u00a0 \u00a0 \u00a0 \u00a0 \u00a0 \u00a0 14:48.77\/14:33.05<\/p>\n<p><u>Diogo RIBEIRO (Benfica) \u00a0\u00a0\u00a0\u00a0\u00a0 50m Livres\u00a0\u00a0\u00a0\u00a0\u00a0 <strong>21.15 (RN)<\/strong> 832 \u00a0\u00a0\u00a0\u00a0\u00a0\u00a0\u00a0\u00a0\u00a0\u00a0 16\u00ba\u00a0 \u00a0 \u00a0 \u00a0 \u00a0 \u00a0 \u00a0 \u00a0 \u00a0 \u00a0 21.33\/21.08<\/u><\/p>\n<p>Rui PEREIRA (M. Maior, j\u00fan. \u201808) 1500m Livres 15:06.43 (RNJN) 815\u00a0 \u00a059\u00ba\u00a0 \u00a0 \u00a0 \u00a0 \u00a0 \u00a0 \u00a0 \u00a0 \u00a014:48.77\/14:33.05<\/p>\n<p>Henrique SILVA (Benfica)\u00a0\u00a0\u00a0\u00a0\u00a0\u00a0\u00a0 200m Mariposa \u00a01:55.03\u00a0\u00a0\u00a0 801 \u00a0\u00a0\u00a0\u00a0\u00a0\u00a0\u00a0\u00a0\u00a0\u00a0\u00a0 32\u00ba\u00a0\u00a0\u00a0\u00a0\u00a0\u00a0\u00a0\u00a0\u00a0\u00a0\u00a0\u00a0\u00a0\u00a0\u00a0\u00a0\u00a0 1:55.52\/1:52.45<\/p>\n<p>&nbsp;<\/p>\n<p><strong>Clubes mais medalhados em seniores (19 clubes foram ao p\u00f3dio)<\/strong><\/p>\n<p>SL Benfica; Louzan; Sporting; FOCA; FC Porto<\/p>\n<p><strong>Clubes mais medalhados em juniores (31 clubes foram ao p\u00f3dio):<\/strong><\/p>\n<p>SC Braga; CA Pacense e Pimp\u00f5es (Aveiro) ex-aequo; SL Benfica; FC Porto<\/p>\n<p>Como antevis\u00e3o ao Campeonato Nacional de Clubes da 1\u00aa Divis\u00e3o (Quarteira, Algarve), nos pr\u00f3ximos dias 20 e 21, posso adiantar que em masculinos o SL Benfica do treinador Miguel Frischknecht dificilmente ter\u00e1 advers\u00e1rios para o primeiro lugar coletivo, com aten\u00e7\u00e3o e respeito em especial por FC Porto, Sporting, Louzan e Alg\u00e9s.<\/p>\n<p>Em femininos a luta penso que ser\u00e1 mais aberta, entre o Sporting de Carlos Cruchinho, a Louzan, Alg\u00e9s, e SC Braga. A confirmarem-se os favoritos, ambos revalidar\u00e3o os t\u00edtulos de Albufeira 2024.<\/p>\n","protected":false},"excerpt":{"rendered":"<p>Os Campeonatos Nacionais de Juniores e Seniores em Leiria (piscina curta) trouxeram cinco novos recordes nacionais individuais (mais um igualado), quatro de estafetas, e apenas dois em juniores (facto relevante), bem como um punhado de marcas importantes e hist\u00f3ricas. A altera\u00e7\u00e3o do formato de tr\u00eas para quatro dias parece ter sido positivo para os atletas, [&hellip;]<\/p>\n","protected":false},"author":174,"featured_media":49218,"comment_status":"open","ping_status":"open","sticky":false,"template":"","format":"standard","meta":{"footnotes":""},"categories":[4188],"tags":[4684,4682,6720,4466,4764,627],"class_list":["post-77695","post","type-post","status-publish","format-standard","has-post-thumbnail","hentry","category-natacao-portuguesa","tag-ana-rodrigues","tag-camila-rebelo","tag-campeonato-nacional-de-piscina-curta","tag-diogo-ribeiro","tag-mariana-cunha","tag-natacao-portuguesa"],"yoast_head":"<!-- This site is optimized with the Yoast SEO plugin v27.0 - https:\/\/yoast.com\/product\/yoast-seo-wordpress\/ -->\n<title>Ana Rodrigues, Diogo Ribeiro e Mariana Cunha assinam 6 recordes individuais - Swimchannel<\/title>\n<meta name=\"robots\" content=\"index, follow, max-snippet:-1, max-image-preview:large, max-video-preview:-1\" \/>\n<link rel=\"canonical\" href=\"https:\/\/swimchannel.net\/br\/ana-rodrigues-diogo-ribeiro-e-mariana-cunha-assinam-6-recordes-individuais\/\" \/>\n<meta property=\"og:locale\" content=\"pt_BR\" \/>\n<meta property=\"og:type\" content=\"article\" \/>\n<meta property=\"og:title\" content=\"Ana Rodrigues, Diogo Ribeiro e Mariana Cunha assinam 6 recordes individuais - Swimchannel\" \/>\n<meta property=\"og:description\" content=\"Os Campeonatos Nacionais de Juniores e Seniores em Leiria (piscina curta) trouxeram cinco novos recordes nacionais individuais (mais um igualado), quatro de estafetas, e apenas dois em juniores (facto relevante), bem como um punhado de marcas importantes e hist\u00f3ricas. A altera\u00e7\u00e3o do formato de tr\u00eas para quatro dias parece ter sido positivo para os atletas, [&hellip;]\" \/>\n<meta property=\"og:url\" content=\"https:\/\/swimchannel.net\/br\/ana-rodrigues-diogo-ribeiro-e-mariana-cunha-assinam-6-recordes-individuais\/\" \/>\n<meta property=\"og:site_name\" content=\"Swimchannel\" \/>\n<meta property=\"article:publisher\" content=\"https:\/\/www.facebook.com\/swimchannel\" \/>\n<meta property=\"article:published_time\" content=\"2025-12-18T17:25:58+00:00\" \/>\n<meta property=\"article:modified_time\" content=\"2025-12-18T19:06:24+00:00\" \/>\n<meta property=\"og:image\" content=\"https:\/\/swimchannel.net\/br\/wp-content\/uploads\/2022\/02\/4A2A6890.jpg\" \/>\n\t<meta property=\"og:image:width\" content=\"945\" \/>\n\t<meta property=\"og:image:height\" content=\"630\" \/>\n\t<meta property=\"og:image:type\" content=\"image\/jpeg\" \/>\n<meta name=\"author\" content=\"Nuno Albuquerque\" \/>\n<meta name=\"twitter:card\" content=\"summary_large_image\" \/>\n<meta name=\"twitter:label1\" content=\"Escrito por\" \/>\n\t<meta name=\"twitter:data1\" content=\"Nuno Albuquerque\" \/>\n\t<meta name=\"twitter:label2\" content=\"Est. tempo de leitura\" \/>\n\t<meta name=\"twitter:data2\" content=\"8 minutos\" \/>\n<script type=\"application\/ld+json\" class=\"yoast-schema-graph\">{\"@context\":\"https:\/\/schema.org\",\"@graph\":[{\"@type\":\"Article\",\"@id\":\"https:\/\/swimchannel.net\/br\/ana-rodrigues-diogo-ribeiro-e-mariana-cunha-assinam-6-recordes-individuais\/#article\",\"isPartOf\":{\"@id\":\"https:\/\/swimchannel.net\/br\/ana-rodrigues-diogo-ribeiro-e-mariana-cunha-assinam-6-recordes-individuais\/\"},\"author\":{\"name\":\"Nuno Albuquerque\",\"@id\":\"https:\/\/swimchannel.net\/br\/#\/schema\/person\/96742bc4be7f63afabd531ac47a43eba\"},\"headline\":\"Ana Rodrigues, Diogo Ribeiro e Mariana Cunha assinam 6 recordes individuais\",\"datePublished\":\"2025-12-18T17:25:58+00:00\",\"dateModified\":\"2025-12-18T19:06:24+00:00\",\"mainEntityOfPage\":{\"@id\":\"https:\/\/swimchannel.net\/br\/ana-rodrigues-diogo-ribeiro-e-mariana-cunha-assinam-6-recordes-individuais\/\"},\"wordCount\":1578,\"commentCount\":0,\"publisher\":{\"@id\":\"https:\/\/swimchannel.net\/br\/#organization\"},\"image\":{\"@id\":\"https:\/\/swimchannel.net\/br\/ana-rodrigues-diogo-ribeiro-e-mariana-cunha-assinam-6-recordes-individuais\/#primaryimage\"},\"thumbnailUrl\":\"https:\/\/swimchannel.net\/br\/wp-content\/uploads\/2022\/02\/4A2A6890.jpg\",\"keywords\":[\"Ana Rodrigues\",\"Camila Rebelo\",\"Campeonato Nacional de Piscina Curta\",\"Diogo Ribeiro\",\"Mariana Cunha\",\"nata\u00e7\u00e3o portuguesa\"],\"articleSection\":[\"Nata\u00e7\u00e3o Portuguesa\"],\"inLanguage\":\"pt-BR\",\"potentialAction\":[{\"@type\":\"CommentAction\",\"name\":\"Comment\",\"target\":[\"https:\/\/swimchannel.net\/br\/ana-rodrigues-diogo-ribeiro-e-mariana-cunha-assinam-6-recordes-individuais\/#respond\"]}]},{\"@type\":\"WebPage\",\"@id\":\"https:\/\/swimchannel.net\/br\/ana-rodrigues-diogo-ribeiro-e-mariana-cunha-assinam-6-recordes-individuais\/\",\"url\":\"https:\/\/swimchannel.net\/br\/ana-rodrigues-diogo-ribeiro-e-mariana-cunha-assinam-6-recordes-individuais\/\",\"name\":\"Ana Rodrigues, Diogo Ribeiro e Mariana Cunha assinam 6 recordes individuais - Swimchannel\",\"isPartOf\":{\"@id\":\"https:\/\/swimchannel.net\/br\/#website\"},\"primaryImageOfPage\":{\"@id\":\"https:\/\/swimchannel.net\/br\/ana-rodrigues-diogo-ribeiro-e-mariana-cunha-assinam-6-recordes-individuais\/#primaryimage\"},\"image\":{\"@id\":\"https:\/\/swimchannel.net\/br\/ana-rodrigues-diogo-ribeiro-e-mariana-cunha-assinam-6-recordes-individuais\/#primaryimage\"},\"thumbnailUrl\":\"https:\/\/swimchannel.net\/br\/wp-content\/uploads\/2022\/02\/4A2A6890.jpg\",\"datePublished\":\"2025-12-18T17:25:58+00:00\",\"dateModified\":\"2025-12-18T19:06:24+00:00\",\"breadcrumb\":{\"@id\":\"https:\/\/swimchannel.net\/br\/ana-rodrigues-diogo-ribeiro-e-mariana-cunha-assinam-6-recordes-individuais\/#breadcrumb\"},\"inLanguage\":\"pt-BR\",\"potentialAction\":[{\"@type\":\"ReadAction\",\"target\":[\"https:\/\/swimchannel.net\/br\/ana-rodrigues-diogo-ribeiro-e-mariana-cunha-assinam-6-recordes-individuais\/\"]}]},{\"@type\":\"ImageObject\",\"inLanguage\":\"pt-BR\",\"@id\":\"https:\/\/swimchannel.net\/br\/ana-rodrigues-diogo-ribeiro-e-mariana-cunha-assinam-6-recordes-individuais\/#primaryimage\",\"url\":\"https:\/\/swimchannel.net\/br\/wp-content\/uploads\/2022\/02\/4A2A6890.jpg\",\"contentUrl\":\"https:\/\/swimchannel.net\/br\/wp-content\/uploads\/2022\/02\/4A2A6890.jpg\",\"width\":945,\"height\":630,\"caption\":\"Aos 31 anos Ana Rodrigues alcan\u00e7ou mais dois recordes (Foto: Reprodu\u00e7\u00e3o\/FPN)\"},{\"@type\":\"BreadcrumbList\",\"@id\":\"https:\/\/swimchannel.net\/br\/ana-rodrigues-diogo-ribeiro-e-mariana-cunha-assinam-6-recordes-individuais\/#breadcrumb\",\"itemListElement\":[{\"@type\":\"ListItem\",\"position\":1,\"name\":\"Home\",\"item\":\"https:\/\/swimchannel.net\/br\/\"},{\"@type\":\"ListItem\",\"position\":2,\"name\":\"Ana Rodrigues, Diogo Ribeiro e Mariana Cunha assinam 6 recordes individuais\"}]},{\"@type\":\"WebSite\",\"@id\":\"https:\/\/swimchannel.net\/br\/#website\",\"url\":\"https:\/\/swimchannel.net\/br\/\",\"name\":\"Swimchannel\",\"description\":\"Maior portal de nata\u00e7\u00e3o da america latina\",\"publisher\":{\"@id\":\"https:\/\/swimchannel.net\/br\/#organization\"},\"potentialAction\":[{\"@type\":\"SearchAction\",\"target\":{\"@type\":\"EntryPoint\",\"urlTemplate\":\"https:\/\/swimchannel.net\/br\/?s={search_term_string}\"},\"query-input\":{\"@type\":\"PropertyValueSpecification\",\"valueRequired\":true,\"valueName\":\"search_term_string\"}}],\"inLanguage\":\"pt-BR\"},{\"@type\":\"Organization\",\"@id\":\"https:\/\/swimchannel.net\/br\/#organization\",\"name\":\"Swimchannel - Conectando voc\u00ea a Nata\u00e7\u00e3o\",\"url\":\"https:\/\/swimchannel.net\/br\/\",\"logo\":{\"@type\":\"ImageObject\",\"inLanguage\":\"pt-BR\",\"@id\":\"https:\/\/swimchannel.net\/br\/#\/schema\/logo\/image\/\",\"url\":\"https:\/\/swimchannel.net\/br\/wp-content\/uploads\/2026\/02\/SWIM-CHANNEL.png\",\"contentUrl\":\"https:\/\/swimchannel.net\/br\/wp-content\/uploads\/2026\/02\/SWIM-CHANNEL.png\",\"width\":1120,\"height\":630,\"caption\":\"Swimchannel - Conectando voc\u00ea a Nata\u00e7\u00e3o\"},\"image\":{\"@id\":\"https:\/\/swimchannel.net\/br\/#\/schema\/logo\/image\/\"},\"sameAs\":[\"https:\/\/www.facebook.com\/swimchannel\",\"https:\/\/www.instagram.com\/swimchannel\"]},{\"@type\":\"Person\",\"@id\":\"https:\/\/swimchannel.net\/br\/#\/schema\/person\/96742bc4be7f63afabd531ac47a43eba\",\"name\":\"Nuno Albuquerque\",\"image\":{\"@type\":\"ImageObject\",\"inLanguage\":\"pt-BR\",\"@id\":\"https:\/\/swimchannel.net\/br\/#\/schema\/person\/image\/\",\"url\":\"https:\/\/swimchannel.net\/br\/wp-content\/uploads\/2021\/10\/175265239_284626789786752_3471159347588969871_n-100x100.jpg\",\"contentUrl\":\"https:\/\/swimchannel.net\/br\/wp-content\/uploads\/2021\/10\/175265239_284626789786752_3471159347588969871_n-100x100.jpg\",\"caption\":\"Nuno Albuquerque\"},\"description\":\"Jornalista e t\u00e9cnico de nata\u00e7\u00e3o, trabalha na modalidade h\u00e1 muitos anos. Desde o Campeonato Mundial da FINA de 1986 na cidade de Madri, Nuno j\u00e1 era rep\u00f3rter para um dos principais jornais de Portugal.\",\"url\":\"https:\/\/swimchannel.net\/br\/author\/nunoalbuquerque\/\"}]}<\/script>\n<!-- \/ Yoast SEO plugin. -->","yoast_head_json":{"title":"Ana Rodrigues, Diogo Ribeiro e Mariana Cunha assinam 6 recordes individuais - Swimchannel","robots":{"index":"index","follow":"follow","max-snippet":"max-snippet:-1","max-image-preview":"max-image-preview:large","max-video-preview":"max-video-preview:-1"},"canonical":"https:\/\/swimchannel.net\/br\/ana-rodrigues-diogo-ribeiro-e-mariana-cunha-assinam-6-recordes-individuais\/","og_locale":"pt_BR","og_type":"article","og_title":"Ana Rodrigues, Diogo Ribeiro e Mariana Cunha assinam 6 recordes individuais - Swimchannel","og_description":"Os Campeonatos Nacionais de Juniores e Seniores em Leiria (piscina curta) trouxeram cinco novos recordes nacionais individuais (mais um igualado), quatro de estafetas, e apenas dois em juniores (facto relevante), bem como um punhado de marcas importantes e hist\u00f3ricas. A altera\u00e7\u00e3o do formato de tr\u00eas para quatro dias parece ter sido positivo para os atletas, [&hellip;]","og_url":"https:\/\/swimchannel.net\/br\/ana-rodrigues-diogo-ribeiro-e-mariana-cunha-assinam-6-recordes-individuais\/","og_site_name":"Swimchannel","article_publisher":"https:\/\/www.facebook.com\/swimchannel","article_published_time":"2025-12-18T17:25:58+00:00","article_modified_time":"2025-12-18T19:06:24+00:00","og_image":[{"width":945,"height":630,"url":"https:\/\/swimchannel.net\/br\/wp-content\/uploads\/2022\/02\/4A2A6890.jpg","type":"image\/jpeg"}],"author":"Nuno Albuquerque","twitter_card":"summary_large_image","twitter_misc":{"Escrito por":"Nuno Albuquerque","Est. tempo de leitura":"8 minutos"},"schema":{"@context":"https:\/\/schema.org","@graph":[{"@type":"Article","@id":"https:\/\/swimchannel.net\/br\/ana-rodrigues-diogo-ribeiro-e-mariana-cunha-assinam-6-recordes-individuais\/#article","isPartOf":{"@id":"https:\/\/swimchannel.net\/br\/ana-rodrigues-diogo-ribeiro-e-mariana-cunha-assinam-6-recordes-individuais\/"},"author":{"name":"Nuno Albuquerque","@id":"https:\/\/swimchannel.net\/br\/#\/schema\/person\/96742bc4be7f63afabd531ac47a43eba"},"headline":"Ana Rodrigues, Diogo Ribeiro e Mariana Cunha assinam 6 recordes individuais","datePublished":"2025-12-18T17:25:58+00:00","dateModified":"2025-12-18T19:06:24+00:00","mainEntityOfPage":{"@id":"https:\/\/swimchannel.net\/br\/ana-rodrigues-diogo-ribeiro-e-mariana-cunha-assinam-6-recordes-individuais\/"},"wordCount":1578,"commentCount":0,"publisher":{"@id":"https:\/\/swimchannel.net\/br\/#organization"},"image":{"@id":"https:\/\/swimchannel.net\/br\/ana-rodrigues-diogo-ribeiro-e-mariana-cunha-assinam-6-recordes-individuais\/#primaryimage"},"thumbnailUrl":"https:\/\/swimchannel.net\/br\/wp-content\/uploads\/2022\/02\/4A2A6890.jpg","keywords":["Ana Rodrigues","Camila Rebelo","Campeonato Nacional de Piscina Curta","Diogo Ribeiro","Mariana Cunha","nata\u00e7\u00e3o portuguesa"],"articleSection":["Nata\u00e7\u00e3o Portuguesa"],"inLanguage":"pt-BR","potentialAction":[{"@type":"CommentAction","name":"Comment","target":["https:\/\/swimchannel.net\/br\/ana-rodrigues-diogo-ribeiro-e-mariana-cunha-assinam-6-recordes-individuais\/#respond"]}]},{"@type":"WebPage","@id":"https:\/\/swimchannel.net\/br\/ana-rodrigues-diogo-ribeiro-e-mariana-cunha-assinam-6-recordes-individuais\/","url":"https:\/\/swimchannel.net\/br\/ana-rodrigues-diogo-ribeiro-e-mariana-cunha-assinam-6-recordes-individuais\/","name":"Ana Rodrigues, Diogo Ribeiro e Mariana Cunha assinam 6 recordes individuais - Swimchannel","isPartOf":{"@id":"https:\/\/swimchannel.net\/br\/#website"},"primaryImageOfPage":{"@id":"https:\/\/swimchannel.net\/br\/ana-rodrigues-diogo-ribeiro-e-mariana-cunha-assinam-6-recordes-individuais\/#primaryimage"},"image":{"@id":"https:\/\/swimchannel.net\/br\/ana-rodrigues-diogo-ribeiro-e-mariana-cunha-assinam-6-recordes-individuais\/#primaryimage"},"thumbnailUrl":"https:\/\/swimchannel.net\/br\/wp-content\/uploads\/2022\/02\/4A2A6890.jpg","datePublished":"2025-12-18T17:25:58+00:00","dateModified":"2025-12-18T19:06:24+00:00","breadcrumb":{"@id":"https:\/\/swimchannel.net\/br\/ana-rodrigues-diogo-ribeiro-e-mariana-cunha-assinam-6-recordes-individuais\/#breadcrumb"},"inLanguage":"pt-BR","potentialAction":[{"@type":"ReadAction","target":["https:\/\/swimchannel.net\/br\/ana-rodrigues-diogo-ribeiro-e-mariana-cunha-assinam-6-recordes-individuais\/"]}]},{"@type":"ImageObject","inLanguage":"pt-BR","@id":"https:\/\/swimchannel.net\/br\/ana-rodrigues-diogo-ribeiro-e-mariana-cunha-assinam-6-recordes-individuais\/#primaryimage","url":"https:\/\/swimchannel.net\/br\/wp-content\/uploads\/2022\/02\/4A2A6890.jpg","contentUrl":"https:\/\/swimchannel.net\/br\/wp-content\/uploads\/2022\/02\/4A2A6890.jpg","width":945,"height":630,"caption":"Aos 31 anos Ana Rodrigues alcan\u00e7ou mais dois recordes (Foto: Reprodu\u00e7\u00e3o\/FPN)"},{"@type":"BreadcrumbList","@id":"https:\/\/swimchannel.net\/br\/ana-rodrigues-diogo-ribeiro-e-mariana-cunha-assinam-6-recordes-individuais\/#breadcrumb","itemListElement":[{"@type":"ListItem","position":1,"name":"Home","item":"https:\/\/swimchannel.net\/br\/"},{"@type":"ListItem","position":2,"name":"Ana Rodrigues, Diogo Ribeiro e Mariana Cunha assinam 6 recordes individuais"}]},{"@type":"WebSite","@id":"https:\/\/swimchannel.net\/br\/#website","url":"https:\/\/swimchannel.net\/br\/","name":"Swimchannel","description":"Maior portal de nata\u00e7\u00e3o da america latina","publisher":{"@id":"https:\/\/swimchannel.net\/br\/#organization"},"potentialAction":[{"@type":"SearchAction","target":{"@type":"EntryPoint","urlTemplate":"https:\/\/swimchannel.net\/br\/?s={search_term_string}"},"query-input":{"@type":"PropertyValueSpecification","valueRequired":true,"valueName":"search_term_string"}}],"inLanguage":"pt-BR"},{"@type":"Organization","@id":"https:\/\/swimchannel.net\/br\/#organization","name":"Swimchannel - Conectando voc\u00ea a Nata\u00e7\u00e3o","url":"https:\/\/swimchannel.net\/br\/","logo":{"@type":"ImageObject","inLanguage":"pt-BR","@id":"https:\/\/swimchannel.net\/br\/#\/schema\/logo\/image\/","url":"https:\/\/swimchannel.net\/br\/wp-content\/uploads\/2026\/02\/SWIM-CHANNEL.png","contentUrl":"https:\/\/swimchannel.net\/br\/wp-content\/uploads\/2026\/02\/SWIM-CHANNEL.png","width":1120,"height":630,"caption":"Swimchannel - Conectando voc\u00ea a Nata\u00e7\u00e3o"},"image":{"@id":"https:\/\/swimchannel.net\/br\/#\/schema\/logo\/image\/"},"sameAs":["https:\/\/www.facebook.com\/swimchannel","https:\/\/www.instagram.com\/swimchannel"]},{"@type":"Person","@id":"https:\/\/swimchannel.net\/br\/#\/schema\/person\/96742bc4be7f63afabd531ac47a43eba","name":"Nuno Albuquerque","image":{"@type":"ImageObject","inLanguage":"pt-BR","@id":"https:\/\/swimchannel.net\/br\/#\/schema\/person\/image\/","url":"https:\/\/swimchannel.net\/br\/wp-content\/uploads\/2021\/10\/175265239_284626789786752_3471159347588969871_n-100x100.jpg","contentUrl":"https:\/\/swimchannel.net\/br\/wp-content\/uploads\/2021\/10\/175265239_284626789786752_3471159347588969871_n-100x100.jpg","caption":"Nuno Albuquerque"},"description":"Jornalista e t\u00e9cnico de nata\u00e7\u00e3o, trabalha na modalidade h\u00e1 muitos anos. Desde o Campeonato Mundial da FINA de 1986 na cidade de Madri, Nuno j\u00e1 era rep\u00f3rter para um dos principais jornais de Portugal.","url":"https:\/\/swimchannel.net\/br\/author\/nunoalbuquerque\/"}]}},"_links":{"self":[{"href":"https:\/\/swimchannel.net\/br\/wp-json\/wp\/v2\/posts\/77695","targetHints":{"allow":["GET"]}}],"collection":[{"href":"https:\/\/swimchannel.net\/br\/wp-json\/wp\/v2\/posts"}],"about":[{"href":"https:\/\/swimchannel.net\/br\/wp-json\/wp\/v2\/types\/post"}],"author":[{"embeddable":true,"href":"https:\/\/swimchannel.net\/br\/wp-json\/wp\/v2\/users\/174"}],"replies":[{"embeddable":true,"href":"https:\/\/swimchannel.net\/br\/wp-json\/wp\/v2\/comments?post=77695"}],"version-history":[{"count":13,"href":"https:\/\/swimchannel.net\/br\/wp-json\/wp\/v2\/posts\/77695\/revisions"}],"predecessor-version":[{"id":77700,"href":"https:\/\/swimchannel.net\/br\/wp-json\/wp\/v2\/posts\/77695\/revisions\/77700"}],"wp:featuredmedia":[{"embeddable":true,"href":"https:\/\/swimchannel.net\/br\/wp-json\/wp\/v2\/media\/49218"}],"wp:attachment":[{"href":"https:\/\/swimchannel.net\/br\/wp-json\/wp\/v2\/media?parent=77695"}],"wp:term":[{"taxonomy":"category","embeddable":true,"href":"https:\/\/swimchannel.net\/br\/wp-json\/wp\/v2\/categories?post=77695"},{"taxonomy":"post_tag","embeddable":true,"href":"https:\/\/swimchannel.net\/br\/wp-json\/wp\/v2\/tags?post=77695"}],"curies":[{"name":"wp","href":"https:\/\/api.w.org\/{rel}","templated":true}]}}