{"id":77838,"date":"2025-12-21T18:52:44","date_gmt":"2025-12-21T21:52:44","guid":{"rendered":"https:\/\/swimchannel.net\/br\/?p=77838"},"modified":"2025-12-22T11:39:53","modified_gmt":"2025-12-22T14:39:53","slug":"benfica-vence-nacional-da-1a-divisao-e-conquista-a-dobradinha-no-algarve","status":"publish","type":"post","link":"https:\/\/swimchannel.net\/br\/benfica-vence-nacional-da-1a-divisao-e-conquista-a-dobradinha-no-algarve\/","title":{"rendered":"Benfica vence Nacional da 1\u00aa divis\u00e3o e conquista a dobradinha no Algarve"},"content":{"rendered":"<p>O Sport Lisboa e Benfica sagrou-se duplo campe\u00e3o de Portugal no 45\u00aa edi\u00e7\u00e3o do Nacional clubes, conquistando a \u2018dobradinha\u2019 em Quarteira.<\/p>\n<p>O FC Porto foi vice-campe\u00e3o em masculinos e terceiro em femininos, o Sporting vice-campe\u00e3o em femininos e quarto em masculinos, sendo o Sport Alg\u00e9s e Dafundo terceiro entre os homens e quarto entre as mulheres.<\/p>\n<p>Estes foram os quatro clubes mais fortes da competi\u00e7\u00e3o que encerrou a \u00e9poca de piscina curta em Portugal (link para resultados completos no final do artigo).<\/p>\n<p>As \u00e1guias, treinadas agora a solo por Miguel Frischknecht, alcan\u00e7aram o seu segundo t\u00edtulo de clubes em femininos, e j\u00e1 o oitavo em masculinos (ver quadros em baixo), assim como a sua segunda dobradinha da hist\u00f3ria, juntando-.se ao FC Porto neste dif\u00edcil feito (embora os drag\u00f5es em anos seguidos)<\/p>\n<p>Em masculinos a supremacia come\u00e7a a fazer hist\u00f3ria, pois a equipa dos ol\u00edmpicos Miguel Nascimento (capit\u00e3o) e Diogo Ribeiro conquistaram j\u00e1 o tetra, fruto de uma equipa muito homog\u00e9nea e com poucos pontos fracos.<\/p>\n<p>O Benfica venceu nada menos que 12 das 19 provas do programa, com destaque para as duplas vit\u00f3rias de Miguel Nascimento, Diogo Ribeiro e Jo\u00e3o Carneiro, valendo 17 pontos cada chegada em primeiro lugar.<\/p>\n<p>O FC Porto, com o novo treinador Rui Borges, teve vencedores apenas em duas provas, ficando a mais de 20 pontos no final.<\/p>\n<p>Tr\u00eas dos cinco atletas com provas mais pontuadas s\u00e3o da Luz (por esta ordem: Jo\u00e3o Carneiro, Henrique Silva e Diogo Ribeiro, que esteve modesto nas suas presta\u00e7\u00f5es).<\/p>\n<p>No final o treinador benfiquista Miguel Frischknecht declarou \u00e0 FPN: \u201cos nadadores do Benfica excederam-se, tiveram um comportamento irrepreens\u00edvel e fomos uns justos vencedores. Este duplo triunfo tem ainda mais valor porque \u00e9 sempre muito dif\u00edcil ganhar nos dois g\u00e9neros.\u201d<\/p>\n<figure style=\"width: 1638px\" class=\"wp-caption alignnone\"><img loading=\"lazy\" decoding=\"async\" src=\"https:\/\/scontent.flis5-3.fna.fbcdn.net\/v\/t39.30808-6\/603796801_1291162943057624_1575477461703792808_n.jpg?_nc_cat=104&amp;ccb=1-7&amp;_nc_sid=127cfc&amp;_nc_ohc=R7uwDdMuRPMQ7kNvwFfybH7&amp;_nc_oc=AdneG2wYi2qP-ziL1JbZc08bIEdrTuAooQx3OoOffxSXcpFhf_oP25vT6KUiHlC9fC1TBt6TTMLjxBY-vMtM-PDu&amp;_nc_zt=23&amp;_nc_ht=scontent.flis5-3.fna&amp;_nc_gid=eJr6Cx9mmw1E0RxGyoHwWg&amp;oh=00_AfkaMZ7pCMWtqJsxDYTwcBKvgspb7NKKDM51q6jBCYPCXA&amp;oe=694E4F79\" alt=\"Pode ser uma imagem de nadar e a texto\" width=\"1638\" height=\"1638\" \/><figcaption class=\"wp-caption-text\">Benfica e Sporting travaram grande luta em femininos (Foto reprodu\u00e7\u00e3o FPN)<\/figcaption><\/figure>\n<p><strong>Em femininos um pouco mais equilibrado<\/strong><\/p>\n<p>No setor feminino o Benfica sentiu mais dificuldades para conquistar aquele que \u00e9 apenas o seu segundo t\u00edtulo (ver quadros em baixo), em especial pelas sportinguistas, que at\u00e9 \u00e0 \u00faltima prova ainda tinham esperan\u00e7a de revalidar o t\u00edtulo.<\/p>\n<p>Ali\u00e1s, o Sporting at\u00e9 venceu essa derradeira prova e com recorde nacional, mas as atletas capitaneadas pela veterana Diana Dur\u00e3es foram mais fortes por 11 pontos.<\/p>\n<p>Entre alguma discuss\u00e3o e semi-pol\u00e9mica quanto \u00e0 utiliza\u00e7\u00e3o pelo Benfica de quatro atletas estrangeiras em seis que nadaram \u2013 e n\u00e3o sendo o momento de me dedicar mais a fundo ao tema \u2013 apenas posso referir: 1) os regulamentos permitem-no; 2) \u00e9 comum a in\u00fameros clubes da nossa nata\u00e7\u00e3o h\u00e1 muitos anos; 3) \u00e9 absolutamente natural em todas as modalidades profissionais e semi-profissionais do pa\u00eds (e do mundo, diria); 4) se \u00e9 o que a modalidade mais precisa, nesta fase de evolu\u00e7\u00e3o modesta, pode ser debatido. Mas tamb\u00e9m n\u00e3o vejo obje\u00e7\u00f5es (nem objetores) quando v\u00e1rios dos melhores nadadores lusos representam clubes em Espanha e Fran\u00e7a para os mesmos efeitos.<\/p>\n<p>As benfiquistas venceram seis das 19 provas do Nacional de Clubes, com as sportinguistas orientadas por Carlos Cruchinho a vencer quatro; uma estaafeta (4x200m livres) e tr\u00eas pela principal surpresa da nata\u00e7\u00e3o portuguesa nesta \u00e9poca de curta \u2013 Anna Fomina, que obteve ainda com a melhor marca individual da competi\u00e7\u00e3o, aos 200m livres.<\/p>\n<p>Ali\u00e1s, nuns Nacionais muito modestos em termos de marcas, n\u00e3o foi alcan\u00e7ado qualquer recorde nacional individual em femininos, sendo os tr\u00eas de estafetas e pelo Sporting: aos\u00a04&#215;100 m livres, 4x100m estilos e hoje nos 4x200m livres (este recorde s\u00e9nior, sendo os anteriores tamb\u00e9m absolutos).<\/p>\n<figure style=\"width: 2048px\" class=\"wp-caption alignnone\"><img loading=\"lazy\" decoding=\"async\" src=\"https:\/\/scontent.flis5-3.fna.fbcdn.net\/v\/t39.30808-6\/603758178_1290338156473436_7528913309327164399_n.jpg?stp=cp6_dst-jpg_tt6&amp;_nc_cat=102&amp;ccb=1-7&amp;_nc_sid=127cfc&amp;_nc_ohc=zdcpsBUyJJgQ7kNvwEFB-3N&amp;_nc_oc=AdkQUIP76NRwgCIUiSk2wCh2bhBNJZhTpAwo-iU9VSzlpj1O1hagZhnkEtY3FFGD4F3xDjrUar0WL50s3jS75oj-&amp;_nc_zt=23&amp;_nc_ht=scontent.flis5-3.fna&amp;_nc_gid=xdxdiDTi8KIo3IhVsUEkTQ&amp;oh=00_AfnA3QiRpZc1lKhqdZtNjVhO7FFlygvQwK7UG2iiLJIowQ&amp;oe=694E2E68\" alt=\"Pode ser uma imagem de nadar e a texto\" width=\"2048\" height=\"1638\" \/><figcaption class=\"wp-caption-text\">J\u00fanior Miguel Oliveira obteve o \u00fanico recorde individual da competi\u00e7\u00e3o (Foto reprodu\u00e7\u00e3o FPN)<\/figcaption><\/figure>\n<p><strong>Miguel Oliveira e pouco mais<\/strong><\/p>\n<p>Sendo verdade que o Nacional de Clubes n\u00e3o \u00e9 a competi\u00e7\u00e3o que mais favorece a obten\u00e7\u00e3o de grandes resultados individuais, tamb\u00e9m recordo \u2013 e fui confirmar \u2013 que nas edi\u00e7\u00f5es anteriores (fosse na vers\u00e3o piscina curta ou em longa, que se realizava habitualmente em abril) as marcas eram de um n\u00edvel bastante mais elevado.<\/p>\n<p>O \u2018menino\u2019 do Vit\u00f3ria (VSC) Miguel Oliveira voltou a brilhar, tornando-se no primeiro j\u00fanior de 17 anos (nasceu em 2009) a quebrar os 54 segundos aos 100m costas: venceu a prova aos gra\u00fados em 53.79, melhorando os seus 54.74 de 16 de novembro \u00faltimo, e nadou inclusive melhor que a marca-limite de 18 anos, que o consagrado Alexis Santos ainda tem aos 100m costas desde 2009 (mas que se mant\u00e9m em vigor claro).<\/p>\n<p><strong>AS SEIS BENFIQUISTAS CAMPE\u00c3S DE PORTUGAL (ordem alfab\u00e9tica): <\/strong><\/p>\n<p>Alix Genevieve PREDINE (Fran\u00e7a)<\/p>\n<p>Camille Amelie TISSANDIE (Fran\u00e7a)<\/p>\n<p>Diana Margarida DUR\u00c3ES<\/p>\n<p>Giulia Felicie ROSSI-B\u00c9N\u00c9 (Fran\u00e7a)<\/p>\n<p>Jacqueline Nicole, BANKY (Luxemburgo)<\/p>\n<p>Rita Barros FRISCHKNECHT<\/p>\n<figure style=\"width: 1638px\" class=\"wp-caption alignnone\"><img loading=\"lazy\" decoding=\"async\" src=\"https:\/\/scontent.flis5-3.fna.fbcdn.net\/v\/t39.30808-6\/605056162_1291162989724286_5949683928230731169_n.jpg?_nc_cat=110&amp;ccb=1-7&amp;_nc_sid=127cfc&amp;_nc_ohc=kRByiLUf_LAQ7kNvwFavpPN&amp;_nc_oc=Adkc8J-YoCTkcggcgcPBty3HhCcxLaukWadf3EdomBks_lTqAXp2C9fDaJrv4RMo8kObnERYkbhkpGx59qihzugi&amp;_nc_zt=23&amp;_nc_ht=scontent.flis5-3.fna&amp;_nc_gid=EdcpZZVC5-GKxxWmsxjw1A&amp;oh=00_AflCMwhD4pPQ5-_tvWVqlMKHEHKy-UDDoRbR2JrbtFEuXQ&amp;oe=694E54CD\" alt=\"Pode ser uma imagem de futebol e a texto\" width=\"1638\" height=\"1638\" \/><figcaption class=\"wp-caption-text\">SLB alcan\u00e7ou o seu 10\u00ba t\u00edtulo nacional de clubes (Foto reprodu\u00e7\u00e3o FPN)<\/figcaption><\/figure>\n<p><strong>OS DEZ BENFIQUISTAS CAMPE\u00d5ES DE PORTUGAL (ordem alfab\u00e9tica): <\/strong><\/p>\n<p>Bernardo Victorino ALMEIDA<\/p>\n<p>Diogo Matos RIBEIRO<\/p>\n<p>Diogo Santos Costa<\/p>\n<p>Gustavo Carvalhais RIBEIRO<\/p>\n<p>Henrique Gomes Silva<\/p>\n<p>Jo\u00e3o Soares CARNEIRO (Luxemburgo)<\/p>\n<p>Miguel Duarte NASCIMENTO<\/p>\n<p>Rafael Miguel MIMOSO<\/p>\n<p>Renato Ferreira MIMOSO<\/p>\n<p>Tomas Maia JANUARIO<\/p>\n<p><strong>Peda\u00e7os de hist\u00f3ria em tr\u00eas par\u00e1grafos<\/strong><\/p>\n<p>O primeiro campeonato nacional de clubes disputou-se na \u00e9poca de 1978\/79, e durante oito anos a classifica\u00e7\u00e3o era conjunta, ou seja pelo somat\u00f3rio dos pontos em femininos e masculinos, tendo o Futebol Clube do Porto como grande dominador.<\/p>\n<p>A partir de 1986\/87 iniciou-se a divis\u00e3o por sexos, e entre 1989\/90 e 1992\/93 os dois campe\u00f5es nacionais foram apurados para disputar os Campeonatos de Clubes da CEE, a Comunidade Econ\u00f3mica Europeia, que entretanto durariam poucos anos.<\/p>\n<p>A competi\u00e7\u00e3o disputou-se quase sempre em piscina ol\u00edmpica, sendo desde Albufeira 2024 (h\u00e1 12 meses) disputado em piscina curta, o que torna, eventualmente, a competi\u00e7\u00e3o mais equilibrada e justa, pois v\u00e1rios clubes n\u00e3o t\u00eam onde treinar em piscina longa.<\/p>\n<table width=\"417\">\n<tbody>\n<tr>\n<td colspan=\"6\" width=\"417\"><strong>CAMPE\u00d5ES DE PORTUGAL DE CLUBES DA 1\u00aa DIVIS\u00c3O<\/strong><br \/>\n<strong>(competi\u00e7\u00e3o n\u00e3o se realizou em 2019\/20 e 2020\/21 devido \u00e0 pandemia)<\/strong><\/td>\n<\/tr>\n<tr>\n<td colspan=\"2\" width=\"103\"><\/td>\n<td colspan=\"2\" width=\"243\"><\/td>\n<td width=\"61\"><\/td>\n<td width=\"10\"><\/td>\n<\/tr>\n<tr>\n<td colspan=\"2\" width=\"103\"><\/td>\n<td colspan=\"2\" width=\"243\"><strong>Oito T\u00edtulos absolutos (ambos os sexos)<\/strong><\/td>\n<td width=\"61\"><\/td>\n<td width=\"10\"><\/td>\n<\/tr>\n<tr>\n<td colspan=\"2\" width=\"103\">Clube<\/td>\n<td colspan=\"2\" width=\"243\">T\u00edtulos<\/td>\n<td width=\"61\">1\u00ba<\/td>\n<td width=\"10\"><\/td>\n<\/tr>\n<tr>\n<td colspan=\"2\" width=\"103\">FC Porto<\/td>\n<td colspan=\"2\" width=\"243\">6<\/td>\n<td width=\"61\">79\/80<\/td>\n<td width=\"10\"><\/td>\n<\/tr>\n<tr>\n<td colspan=\"2\" width=\"103\">S. Alg\u00e9s e D.<\/td>\n<td colspan=\"2\" width=\"243\">2<\/td>\n<td width=\"61\">78\/79<\/td>\n<td width=\"10\"><\/td>\n<\/tr>\n<tr>\n<td colspan=\"2\" width=\"103\"><\/td>\n<td colspan=\"2\" width=\"243\"><\/td>\n<td width=\"61\"><\/td>\n<td width=\"10\"><\/td>\n<\/tr>\n<tr>\n<td colspan=\"4\" width=\"346\"><strong>37 T\u00edtulos em femininos<\/strong><\/td>\n<td width=\"61\"><\/td>\n<td width=\"10\"><\/td>\n<\/tr>\n<tr>\n<td colspan=\"2\" width=\"103\">Clube<\/td>\n<td colspan=\"2\" width=\"243\">T\u00edtulos<\/td>\n<td width=\"61\">1\u00ba<\/td>\n<td width=\"10\"><\/td>\n<\/tr>\n<tr>\n<td colspan=\"2\" width=\"103\">FC Porto<\/td>\n<td colspan=\"2\" width=\"243\">15<\/td>\n<td width=\"61\">88\/89<\/td>\n<td width=\"10\"><\/td>\n<\/tr>\n<tr>\n<td colspan=\"2\" width=\"103\">Sporting CP<\/td>\n<td colspan=\"2\" width=\"243\">9<\/td>\n<td width=\"61\">00\/01<\/td>\n<td width=\"10\"><\/td>\n<\/tr>\n<tr>\n<td colspan=\"2\" width=\"103\">S. Alg\u00e9s e Dafundo<\/td>\n<td colspan=\"2\" width=\"243\">5<\/td>\n<td width=\"61\">86\/87<\/td>\n<td width=\"10\"><\/td>\n<\/tr>\n<tr>\n<td colspan=\"2\" width=\"103\">SC Braga<\/td>\n<td colspan=\"2\" width=\"243\">4<\/td>\n<td width=\"61\">92\/93<\/td>\n<td width=\"10\"><\/td>\n<\/tr>\n<tr>\n<td colspan=\"2\" width=\"103\">CN Amadora<\/td>\n<td colspan=\"2\" width=\"243\">2<\/td>\n<td width=\"61\">06\/07<\/td>\n<td width=\"10\"><\/td>\n<\/tr>\n<tr>\n<td colspan=\"2\" width=\"103\">SL Benfica<\/td>\n<td colspan=\"2\" width=\"243\">2<\/td>\n<td width=\"61\">87\/88<\/td>\n<td width=\"10\"><\/td>\n<\/tr>\n<tr>\n<td colspan=\"2\" width=\"103\"><\/td>\n<td colspan=\"2\" width=\"243\"><\/td>\n<td width=\"61\"><\/td>\n<td width=\"10\"><\/td>\n<\/tr>\n<tr>\n<td colspan=\"4\" width=\"346\"><strong>37 T\u00edtulos em masculinos<\/strong><\/td>\n<td width=\"61\"><\/td>\n<td width=\"10\"><\/td>\n<\/tr>\n<tr>\n<td colspan=\"2\" width=\"103\">Clube<\/td>\n<td colspan=\"2\" width=\"243\">T\u00edtulos<\/td>\n<td width=\"61\">1\u00ba<\/td>\n<td width=\"10\"><\/td>\n<\/tr>\n<tr>\n<td colspan=\"2\" width=\"103\">Alg\u00e9s e Dafundo<\/td>\n<td colspan=\"2\" width=\"243\">10<\/td>\n<td width=\"61\">94\/95<\/td>\n<td width=\"10\"><\/td>\n<\/tr>\n<tr>\n<td colspan=\"2\" width=\"103\">Sporting CP<\/td>\n<td colspan=\"2\" width=\"243\">9<\/td>\n<td width=\"61\">11\/12<\/td>\n<td width=\"10\"><\/td>\n<\/tr>\n<tr>\n<td colspan=\"2\" width=\"103\">SL Benfica<\/td>\n<td colspan=\"2\" width=\"243\">8<\/td>\n<td width=\"61\">86\/87<\/td>\n<td width=\"10\"><\/td>\n<\/tr>\n<tr>\n<td colspan=\"2\" width=\"103\">FC Porto<\/td>\n<td colspan=\"2\" width=\"243\">4<\/td>\n<td width=\"61\">87\/88<\/td>\n<td width=\"10\"><\/td>\n<\/tr>\n<tr>\n<td colspan=\"2\" width=\"103\">CN Amadora<\/td>\n<td colspan=\"2\" width=\"243\">3<\/td>\n<td width=\"61\">03\/04<\/td>\n<td width=\"10\"><\/td>\n<\/tr>\n<tr>\n<td colspan=\"2\" width=\"103\">CF Vilacondense<\/td>\n<td colspan=\"2\" width=\"243\">3<\/td>\n<td width=\"61\">04\/05<\/td>\n<td width=\"10\"><\/td>\n<\/tr>\n<tr>\n<td colspan=\"2\" width=\"103\"><\/td>\n<td colspan=\"2\" width=\"243\"><\/td>\n<td width=\"61\"><\/td>\n<td width=\"10\"><\/td>\n<\/tr>\n<tr>\n<td colspan=\"4\" width=\"346\"><strong>Sete clubes, 81 t\u00edtulos (incluindo 1\u00ba modelo da competi\u00e7\u00e3o, pontua\u00e7\u00e3o conjunta F.\/M.)<\/strong><\/td>\n<td width=\"61\"><\/td>\n<td width=\"10\"><\/td>\n<\/tr>\n<tr>\n<td colspan=\"2\" width=\"103\">FC Porto<\/td>\n<td colspan=\"2\" width=\"243\">25<\/td>\n<td width=\"61\"><\/td>\n<td width=\"10\"><\/td>\n<\/tr>\n<tr>\n<td colspan=\"2\" width=\"103\">Alg\u00e9s e Dafundo<\/td>\n<td colspan=\"2\" width=\"243\">17<\/td>\n<td width=\"61\"><\/td>\n<td width=\"10\"><\/td>\n<\/tr>\n<tr>\n<td colspan=\"2\" width=\"103\">Sporting CP<\/td>\n<td colspan=\"2\" width=\"243\">17<\/td>\n<td width=\"61\"><\/td>\n<td width=\"10\"><\/td>\n<\/tr>\n<tr>\n<td colspan=\"2\" width=\"103\">SL Benfica<\/td>\n<td colspan=\"2\" width=\"243\">10<\/td>\n<td width=\"61\"><\/td>\n<td width=\"10\"><\/td>\n<\/tr>\n<tr>\n<td colspan=\"2\" width=\"103\">CN Amadora<\/td>\n<td colspan=\"2\" width=\"243\">5<\/td>\n<td width=\"61\"><\/td>\n<td width=\"10\"><\/td>\n<\/tr>\n<tr>\n<td colspan=\"2\" width=\"103\">SC Braga<\/td>\n<td colspan=\"2\" width=\"243\">4<\/td>\n<td width=\"61\"><\/td>\n<td width=\"10\"><\/td>\n<\/tr>\n<tr>\n<td colspan=\"2\" width=\"103\">CF Vilacondense<\/td>\n<td colspan=\"2\" width=\"243\">3<\/td>\n<td width=\"61\"><\/td>\n<td width=\"10\"><\/td>\n<\/tr>\n<tr>\n<td colspan=\"3\" width=\"161\"><strong>\u00a0<\/strong><\/p>\n<p><strong>Dobradinhas (vit\u00f3ria em Fem. + Mas.)<\/strong><\/td>\n<td colspan=\"3\" width=\"255\"><\/td>\n<\/tr>\n<tr>\n<td width=\"99\">Clube<\/td>\n<td colspan=\"2\" width=\"62\">\u00c9poca<\/td>\n<td colspan=\"3\" width=\"255\"><\/td>\n<\/tr>\n<tr>\n<td width=\"99\">FC Porto<\/td>\n<td colspan=\"2\" width=\"62\">1990\/91<\/td>\n<td colspan=\"3\" width=\"255\"><\/td>\n<\/tr>\n<tr>\n<td width=\"99\">FC Porto<\/td>\n<td colspan=\"2\" width=\"62\">1991\/92<\/td>\n<td colspan=\"3\" width=\"255\"><\/td>\n<\/tr>\n<tr>\n<td width=\"99\">Alg\u00e9s e Dafundo<\/td>\n<td colspan=\"2\" width=\"62\">1994\/95<\/td>\n<td colspan=\"3\" width=\"255\"><\/td>\n<\/tr>\n<tr>\n<td width=\"99\">Sporting CP<\/td>\n<td colspan=\"2\" width=\"62\">2021\/22<\/td>\n<td colspan=\"3\" width=\"255\"><\/td>\n<\/tr>\n<tr>\n<td width=\"99\">SL Benfica<\/td>\n<td colspan=\"2\" width=\"62\">2023\/24<\/td>\n<td colspan=\"3\" width=\"255\"><\/td>\n<\/tr>\n<tr>\n<td width=\"99\">SL Benfica<\/td>\n<td colspan=\"2\" width=\"62\">2025\/26<\/td>\n<td colspan=\"3\" width=\"255\"><\/td>\n<\/tr>\n<tr>\n<td width=\"99\"><\/td>\n<td width=\"4\"><\/td>\n<td width=\"58\"><\/td>\n<td width=\"185\"><\/td>\n<td width=\"61\"><\/td>\n<td width=\"10\"><\/td>\n<\/tr>\n<\/tbody>\n<\/table>\n<p><a href=\"https:\/\/live.swimrankings.net\/47816\/\">Campeonatos Nacionais de Clubes 1.\u00aa Divis\u00e3o &#8211; SPLASH Meet Manager 11<\/a><\/p>\n<p>&nbsp;<\/p>\n<p>Gostaria de receber as not\u00edcias de nata\u00e7\u00e3o e \u00e1guas abertas no seu email?<\/p>\n<p><a href=\"https:\/\/lpa.nitro.news\/n-GNe\/ultimas-noticias-swim-channel\">Cadastre-se aqui<\/a><\/p>\n","protected":false},"excerpt":{"rendered":"<p>O Sport Lisboa e Benfica sagrou-se duplo campe\u00e3o de Portugal no 45\u00aa edi\u00e7\u00e3o do Nacional clubes, conquistando a \u2018dobradinha\u2019 em Quarteira. O FC Porto foi vice-campe\u00e3o em masculinos e terceiro em femininos, o Sporting vice-campe\u00e3o em femininos e quarto em masculinos, sendo o Sport Alg\u00e9s e Dafundo terceiro entre os homens e quarto entre as [&hellip;]<\/p>\n","protected":false},"author":174,"featured_media":77908,"comment_status":"open","ping_status":"open","sticky":false,"template":"","format":"standard","meta":{"footnotes":""},"categories":[4188],"tags":[6722,4703,6721,627,4705,4704,4698],"class_list":["post-77838","post","type-post","status-publish","format-standard","has-post-thumbnail","hentry","category-natacao-portuguesa","tag-anna-fomina","tag-futebol-clube-do-porto","tag-miguel-reis-oliveira","tag-natacao-portuguesa","tag-sport-alges-e-dafundo","tag-sport-lisboa-e-benfica","tag-sporting-clube-de-portugal"],"yoast_head":"<!-- This site is optimized with the Yoast SEO plugin v27.0 - https:\/\/yoast.com\/product\/yoast-seo-wordpress\/ -->\n<title>Benfica vence Nacional da 1\u00aa divis\u00e3o e conquista a dobradinha no Algarve - Swimchannel<\/title>\n<meta name=\"robots\" content=\"index, follow, max-snippet:-1, max-image-preview:large, max-video-preview:-1\" \/>\n<link rel=\"canonical\" href=\"https:\/\/swimchannel.net\/br\/benfica-vence-nacional-da-1a-divisao-e-conquista-a-dobradinha-no-algarve\/\" \/>\n<meta property=\"og:locale\" content=\"pt_BR\" \/>\n<meta property=\"og:type\" content=\"article\" \/>\n<meta property=\"og:title\" content=\"Benfica vence Nacional da 1\u00aa divis\u00e3o e conquista a dobradinha no Algarve - Swimchannel\" \/>\n<meta property=\"og:description\" content=\"O Sport Lisboa e Benfica sagrou-se duplo campe\u00e3o de Portugal no 45\u00aa edi\u00e7\u00e3o do Nacional clubes, conquistando a \u2018dobradinha\u2019 em Quarteira. O FC Porto foi vice-campe\u00e3o em masculinos e terceiro em femininos, o Sporting vice-campe\u00e3o em femininos e quarto em masculinos, sendo o Sport Alg\u00e9s e Dafundo terceiro entre os homens e quarto entre as [&hellip;]\" \/>\n<meta property=\"og:url\" content=\"https:\/\/swimchannel.net\/br\/benfica-vence-nacional-da-1a-divisao-e-conquista-a-dobradinha-no-algarve\/\" \/>\n<meta property=\"og:site_name\" content=\"Swimchannel\" \/>\n<meta property=\"article:publisher\" content=\"https:\/\/www.facebook.com\/swimchannel\" \/>\n<meta property=\"article:published_time\" content=\"2025-12-21T21:52:44+00:00\" \/>\n<meta property=\"article:modified_time\" content=\"2025-12-22T14:39:53+00:00\" \/>\n<meta property=\"og:image\" content=\"https:\/\/swimchannel.net\/br\/wp-content\/uploads\/2025\/12\/603808162_1291163006390951_4898046605719365917_n.jpg\" \/>\n\t<meta property=\"og:image:width\" content=\"1639\" \/>\n\t<meta property=\"og:image:height\" content=\"1639\" \/>\n\t<meta property=\"og:image:type\" content=\"image\/jpeg\" \/>\n<meta name=\"author\" content=\"Nuno Albuquerque\" \/>\n<meta name=\"twitter:card\" content=\"summary_large_image\" \/>\n<meta name=\"twitter:label1\" content=\"Escrito por\" \/>\n\t<meta name=\"twitter:data1\" content=\"Nuno Albuquerque\" \/>\n\t<meta name=\"twitter:label2\" content=\"Est. tempo de leitura\" \/>\n\t<meta name=\"twitter:data2\" content=\"6 minutos\" \/>\n<script type=\"application\/ld+json\" class=\"yoast-schema-graph\">{\"@context\":\"https:\/\/schema.org\",\"@graph\":[{\"@type\":\"Article\",\"@id\":\"https:\/\/swimchannel.net\/br\/benfica-vence-nacional-da-1a-divisao-e-conquista-a-dobradinha-no-algarve\/#article\",\"isPartOf\":{\"@id\":\"https:\/\/swimchannel.net\/br\/benfica-vence-nacional-da-1a-divisao-e-conquista-a-dobradinha-no-algarve\/\"},\"author\":{\"name\":\"Nuno Albuquerque\",\"@id\":\"https:\/\/swimchannel.net\/br\/#\/schema\/person\/96742bc4be7f63afabd531ac47a43eba\"},\"headline\":\"Benfica vence Nacional da 1\u00aa divis\u00e3o e conquista a dobradinha no Algarve\",\"datePublished\":\"2025-12-21T21:52:44+00:00\",\"dateModified\":\"2025-12-22T14:39:53+00:00\",\"mainEntityOfPage\":{\"@id\":\"https:\/\/swimchannel.net\/br\/benfica-vence-nacional-da-1a-divisao-e-conquista-a-dobradinha-no-algarve\/\"},\"wordCount\":1171,\"commentCount\":0,\"publisher\":{\"@id\":\"https:\/\/swimchannel.net\/br\/#organization\"},\"image\":{\"@id\":\"https:\/\/swimchannel.net\/br\/benfica-vence-nacional-da-1a-divisao-e-conquista-a-dobradinha-no-algarve\/#primaryimage\"},\"thumbnailUrl\":\"https:\/\/swimchannel.net\/br\/wp-content\/uploads\/2025\/12\/603808162_1291163006390951_4898046605719365917_n.jpg\",\"keywords\":[\"Anna Fomina\",\"Futebol Clube do Porto\",\"Miguel Reis Oliveira\",\"nata\u00e7\u00e3o portuguesa\",\"Sport Alg\u00e9s e Dafundo\",\"Sport Lisboa e Benfica\",\"Sporting Clube de Portugal\"],\"articleSection\":[\"Nata\u00e7\u00e3o Portuguesa\"],\"inLanguage\":\"pt-BR\",\"potentialAction\":[{\"@type\":\"CommentAction\",\"name\":\"Comment\",\"target\":[\"https:\/\/swimchannel.net\/br\/benfica-vence-nacional-da-1a-divisao-e-conquista-a-dobradinha-no-algarve\/#respond\"]}]},{\"@type\":\"WebPage\",\"@id\":\"https:\/\/swimchannel.net\/br\/benfica-vence-nacional-da-1a-divisao-e-conquista-a-dobradinha-no-algarve\/\",\"url\":\"https:\/\/swimchannel.net\/br\/benfica-vence-nacional-da-1a-divisao-e-conquista-a-dobradinha-no-algarve\/\",\"name\":\"Benfica vence Nacional da 1\u00aa divis\u00e3o e conquista a dobradinha no Algarve - Swimchannel\",\"isPartOf\":{\"@id\":\"https:\/\/swimchannel.net\/br\/#website\"},\"primaryImageOfPage\":{\"@id\":\"https:\/\/swimchannel.net\/br\/benfica-vence-nacional-da-1a-divisao-e-conquista-a-dobradinha-no-algarve\/#primaryimage\"},\"image\":{\"@id\":\"https:\/\/swimchannel.net\/br\/benfica-vence-nacional-da-1a-divisao-e-conquista-a-dobradinha-no-algarve\/#primaryimage\"},\"thumbnailUrl\":\"https:\/\/swimchannel.net\/br\/wp-content\/uploads\/2025\/12\/603808162_1291163006390951_4898046605719365917_n.jpg\",\"datePublished\":\"2025-12-21T21:52:44+00:00\",\"dateModified\":\"2025-12-22T14:39:53+00:00\",\"breadcrumb\":{\"@id\":\"https:\/\/swimchannel.net\/br\/benfica-vence-nacional-da-1a-divisao-e-conquista-a-dobradinha-no-algarve\/#breadcrumb\"},\"inLanguage\":\"pt-BR\",\"potentialAction\":[{\"@type\":\"ReadAction\",\"target\":[\"https:\/\/swimchannel.net\/br\/benfica-vence-nacional-da-1a-divisao-e-conquista-a-dobradinha-no-algarve\/\"]}]},{\"@type\":\"ImageObject\",\"inLanguage\":\"pt-BR\",\"@id\":\"https:\/\/swimchannel.net\/br\/benfica-vence-nacional-da-1a-divisao-e-conquista-a-dobradinha-no-algarve\/#primaryimage\",\"url\":\"https:\/\/swimchannel.net\/br\/wp-content\/uploads\/2025\/12\/603808162_1291163006390951_4898046605719365917_n.jpg\",\"contentUrl\":\"https:\/\/swimchannel.net\/br\/wp-content\/uploads\/2025\/12\/603808162_1291163006390951_4898046605719365917_n.jpg\",\"width\":1639,\"height\":1639,\"caption\":\"SL Benfica campe\u00e3o de Portugal em femininos e masculinos (Foto reprodu\u00e7\u00e3o FPN)\"},{\"@type\":\"BreadcrumbList\",\"@id\":\"https:\/\/swimchannel.net\/br\/benfica-vence-nacional-da-1a-divisao-e-conquista-a-dobradinha-no-algarve\/#breadcrumb\",\"itemListElement\":[{\"@type\":\"ListItem\",\"position\":1,\"name\":\"Home\",\"item\":\"https:\/\/swimchannel.net\/br\/\"},{\"@type\":\"ListItem\",\"position\":2,\"name\":\"Benfica vence Nacional da 1\u00aa divis\u00e3o e conquista a dobradinha no Algarve\"}]},{\"@type\":\"WebSite\",\"@id\":\"https:\/\/swimchannel.net\/br\/#website\",\"url\":\"https:\/\/swimchannel.net\/br\/\",\"name\":\"Swimchannel\",\"description\":\"Maior portal de nata\u00e7\u00e3o da america latina\",\"publisher\":{\"@id\":\"https:\/\/swimchannel.net\/br\/#organization\"},\"potentialAction\":[{\"@type\":\"SearchAction\",\"target\":{\"@type\":\"EntryPoint\",\"urlTemplate\":\"https:\/\/swimchannel.net\/br\/?s={search_term_string}\"},\"query-input\":{\"@type\":\"PropertyValueSpecification\",\"valueRequired\":true,\"valueName\":\"search_term_string\"}}],\"inLanguage\":\"pt-BR\"},{\"@type\":\"Organization\",\"@id\":\"https:\/\/swimchannel.net\/br\/#organization\",\"name\":\"Swimchannel - Conectando voc\u00ea a Nata\u00e7\u00e3o\",\"url\":\"https:\/\/swimchannel.net\/br\/\",\"logo\":{\"@type\":\"ImageObject\",\"inLanguage\":\"pt-BR\",\"@id\":\"https:\/\/swimchannel.net\/br\/#\/schema\/logo\/image\/\",\"url\":\"https:\/\/swimchannel.net\/br\/wp-content\/uploads\/2026\/02\/SWIM-CHANNEL.png\",\"contentUrl\":\"https:\/\/swimchannel.net\/br\/wp-content\/uploads\/2026\/02\/SWIM-CHANNEL.png\",\"width\":1120,\"height\":630,\"caption\":\"Swimchannel - Conectando voc\u00ea a Nata\u00e7\u00e3o\"},\"image\":{\"@id\":\"https:\/\/swimchannel.net\/br\/#\/schema\/logo\/image\/\"},\"sameAs\":[\"https:\/\/www.facebook.com\/swimchannel\",\"https:\/\/www.instagram.com\/swimchannel\"]},{\"@type\":\"Person\",\"@id\":\"https:\/\/swimchannel.net\/br\/#\/schema\/person\/96742bc4be7f63afabd531ac47a43eba\",\"name\":\"Nuno Albuquerque\",\"image\":{\"@type\":\"ImageObject\",\"inLanguage\":\"pt-BR\",\"@id\":\"https:\/\/swimchannel.net\/br\/#\/schema\/person\/image\/\",\"url\":\"https:\/\/swimchannel.net\/br\/wp-content\/uploads\/2021\/10\/175265239_284626789786752_3471159347588969871_n-100x100.jpg\",\"contentUrl\":\"https:\/\/swimchannel.net\/br\/wp-content\/uploads\/2021\/10\/175265239_284626789786752_3471159347588969871_n-100x100.jpg\",\"caption\":\"Nuno Albuquerque\"},\"description\":\"Jornalista e t\u00e9cnico de nata\u00e7\u00e3o, trabalha na modalidade h\u00e1 muitos anos. Desde o Campeonato Mundial da FINA de 1986 na cidade de Madri, Nuno j\u00e1 era rep\u00f3rter para um dos principais jornais de Portugal.\",\"url\":\"https:\/\/swimchannel.net\/br\/author\/nunoalbuquerque\/\"}]}<\/script>\n<!-- \/ Yoast SEO plugin. -->","yoast_head_json":{"title":"Benfica vence Nacional da 1\u00aa divis\u00e3o e conquista a dobradinha no Algarve - Swimchannel","robots":{"index":"index","follow":"follow","max-snippet":"max-snippet:-1","max-image-preview":"max-image-preview:large","max-video-preview":"max-video-preview:-1"},"canonical":"https:\/\/swimchannel.net\/br\/benfica-vence-nacional-da-1a-divisao-e-conquista-a-dobradinha-no-algarve\/","og_locale":"pt_BR","og_type":"article","og_title":"Benfica vence Nacional da 1\u00aa divis\u00e3o e conquista a dobradinha no Algarve - Swimchannel","og_description":"O Sport Lisboa e Benfica sagrou-se duplo campe\u00e3o de Portugal no 45\u00aa edi\u00e7\u00e3o do Nacional clubes, conquistando a \u2018dobradinha\u2019 em Quarteira. O FC Porto foi vice-campe\u00e3o em masculinos e terceiro em femininos, o Sporting vice-campe\u00e3o em femininos e quarto em masculinos, sendo o Sport Alg\u00e9s e Dafundo terceiro entre os homens e quarto entre as [&hellip;]","og_url":"https:\/\/swimchannel.net\/br\/benfica-vence-nacional-da-1a-divisao-e-conquista-a-dobradinha-no-algarve\/","og_site_name":"Swimchannel","article_publisher":"https:\/\/www.facebook.com\/swimchannel","article_published_time":"2025-12-21T21:52:44+00:00","article_modified_time":"2025-12-22T14:39:53+00:00","og_image":[{"width":1639,"height":1639,"url":"https:\/\/swimchannel.net\/br\/wp-content\/uploads\/2025\/12\/603808162_1291163006390951_4898046605719365917_n.jpg","type":"image\/jpeg"}],"author":"Nuno Albuquerque","twitter_card":"summary_large_image","twitter_misc":{"Escrito por":"Nuno Albuquerque","Est. tempo de leitura":"6 minutos"},"schema":{"@context":"https:\/\/schema.org","@graph":[{"@type":"Article","@id":"https:\/\/swimchannel.net\/br\/benfica-vence-nacional-da-1a-divisao-e-conquista-a-dobradinha-no-algarve\/#article","isPartOf":{"@id":"https:\/\/swimchannel.net\/br\/benfica-vence-nacional-da-1a-divisao-e-conquista-a-dobradinha-no-algarve\/"},"author":{"name":"Nuno Albuquerque","@id":"https:\/\/swimchannel.net\/br\/#\/schema\/person\/96742bc4be7f63afabd531ac47a43eba"},"headline":"Benfica vence Nacional da 1\u00aa divis\u00e3o e conquista a dobradinha no Algarve","datePublished":"2025-12-21T21:52:44+00:00","dateModified":"2025-12-22T14:39:53+00:00","mainEntityOfPage":{"@id":"https:\/\/swimchannel.net\/br\/benfica-vence-nacional-da-1a-divisao-e-conquista-a-dobradinha-no-algarve\/"},"wordCount":1171,"commentCount":0,"publisher":{"@id":"https:\/\/swimchannel.net\/br\/#organization"},"image":{"@id":"https:\/\/swimchannel.net\/br\/benfica-vence-nacional-da-1a-divisao-e-conquista-a-dobradinha-no-algarve\/#primaryimage"},"thumbnailUrl":"https:\/\/swimchannel.net\/br\/wp-content\/uploads\/2025\/12\/603808162_1291163006390951_4898046605719365917_n.jpg","keywords":["Anna Fomina","Futebol Clube do Porto","Miguel Reis Oliveira","nata\u00e7\u00e3o portuguesa","Sport Alg\u00e9s e Dafundo","Sport Lisboa e Benfica","Sporting Clube de Portugal"],"articleSection":["Nata\u00e7\u00e3o Portuguesa"],"inLanguage":"pt-BR","potentialAction":[{"@type":"CommentAction","name":"Comment","target":["https:\/\/swimchannel.net\/br\/benfica-vence-nacional-da-1a-divisao-e-conquista-a-dobradinha-no-algarve\/#respond"]}]},{"@type":"WebPage","@id":"https:\/\/swimchannel.net\/br\/benfica-vence-nacional-da-1a-divisao-e-conquista-a-dobradinha-no-algarve\/","url":"https:\/\/swimchannel.net\/br\/benfica-vence-nacional-da-1a-divisao-e-conquista-a-dobradinha-no-algarve\/","name":"Benfica vence Nacional da 1\u00aa divis\u00e3o e conquista a dobradinha no Algarve - Swimchannel","isPartOf":{"@id":"https:\/\/swimchannel.net\/br\/#website"},"primaryImageOfPage":{"@id":"https:\/\/swimchannel.net\/br\/benfica-vence-nacional-da-1a-divisao-e-conquista-a-dobradinha-no-algarve\/#primaryimage"},"image":{"@id":"https:\/\/swimchannel.net\/br\/benfica-vence-nacional-da-1a-divisao-e-conquista-a-dobradinha-no-algarve\/#primaryimage"},"thumbnailUrl":"https:\/\/swimchannel.net\/br\/wp-content\/uploads\/2025\/12\/603808162_1291163006390951_4898046605719365917_n.jpg","datePublished":"2025-12-21T21:52:44+00:00","dateModified":"2025-12-22T14:39:53+00:00","breadcrumb":{"@id":"https:\/\/swimchannel.net\/br\/benfica-vence-nacional-da-1a-divisao-e-conquista-a-dobradinha-no-algarve\/#breadcrumb"},"inLanguage":"pt-BR","potentialAction":[{"@type":"ReadAction","target":["https:\/\/swimchannel.net\/br\/benfica-vence-nacional-da-1a-divisao-e-conquista-a-dobradinha-no-algarve\/"]}]},{"@type":"ImageObject","inLanguage":"pt-BR","@id":"https:\/\/swimchannel.net\/br\/benfica-vence-nacional-da-1a-divisao-e-conquista-a-dobradinha-no-algarve\/#primaryimage","url":"https:\/\/swimchannel.net\/br\/wp-content\/uploads\/2025\/12\/603808162_1291163006390951_4898046605719365917_n.jpg","contentUrl":"https:\/\/swimchannel.net\/br\/wp-content\/uploads\/2025\/12\/603808162_1291163006390951_4898046605719365917_n.jpg","width":1639,"height":1639,"caption":"SL Benfica campe\u00e3o de Portugal em femininos e masculinos (Foto reprodu\u00e7\u00e3o FPN)"},{"@type":"BreadcrumbList","@id":"https:\/\/swimchannel.net\/br\/benfica-vence-nacional-da-1a-divisao-e-conquista-a-dobradinha-no-algarve\/#breadcrumb","itemListElement":[{"@type":"ListItem","position":1,"name":"Home","item":"https:\/\/swimchannel.net\/br\/"},{"@type":"ListItem","position":2,"name":"Benfica vence Nacional da 1\u00aa divis\u00e3o e conquista a dobradinha no Algarve"}]},{"@type":"WebSite","@id":"https:\/\/swimchannel.net\/br\/#website","url":"https:\/\/swimchannel.net\/br\/","name":"Swimchannel","description":"Maior portal de nata\u00e7\u00e3o da america latina","publisher":{"@id":"https:\/\/swimchannel.net\/br\/#organization"},"potentialAction":[{"@type":"SearchAction","target":{"@type":"EntryPoint","urlTemplate":"https:\/\/swimchannel.net\/br\/?s={search_term_string}"},"query-input":{"@type":"PropertyValueSpecification","valueRequired":true,"valueName":"search_term_string"}}],"inLanguage":"pt-BR"},{"@type":"Organization","@id":"https:\/\/swimchannel.net\/br\/#organization","name":"Swimchannel - Conectando voc\u00ea a Nata\u00e7\u00e3o","url":"https:\/\/swimchannel.net\/br\/","logo":{"@type":"ImageObject","inLanguage":"pt-BR","@id":"https:\/\/swimchannel.net\/br\/#\/schema\/logo\/image\/","url":"https:\/\/swimchannel.net\/br\/wp-content\/uploads\/2026\/02\/SWIM-CHANNEL.png","contentUrl":"https:\/\/swimchannel.net\/br\/wp-content\/uploads\/2026\/02\/SWIM-CHANNEL.png","width":1120,"height":630,"caption":"Swimchannel - Conectando voc\u00ea a Nata\u00e7\u00e3o"},"image":{"@id":"https:\/\/swimchannel.net\/br\/#\/schema\/logo\/image\/"},"sameAs":["https:\/\/www.facebook.com\/swimchannel","https:\/\/www.instagram.com\/swimchannel"]},{"@type":"Person","@id":"https:\/\/swimchannel.net\/br\/#\/schema\/person\/96742bc4be7f63afabd531ac47a43eba","name":"Nuno Albuquerque","image":{"@type":"ImageObject","inLanguage":"pt-BR","@id":"https:\/\/swimchannel.net\/br\/#\/schema\/person\/image\/","url":"https:\/\/swimchannel.net\/br\/wp-content\/uploads\/2021\/10\/175265239_284626789786752_3471159347588969871_n-100x100.jpg","contentUrl":"https:\/\/swimchannel.net\/br\/wp-content\/uploads\/2021\/10\/175265239_284626789786752_3471159347588969871_n-100x100.jpg","caption":"Nuno Albuquerque"},"description":"Jornalista e t\u00e9cnico de nata\u00e7\u00e3o, trabalha na modalidade h\u00e1 muitos anos. Desde o Campeonato Mundial da FINA de 1986 na cidade de Madri, Nuno j\u00e1 era rep\u00f3rter para um dos principais jornais de Portugal.","url":"https:\/\/swimchannel.net\/br\/author\/nunoalbuquerque\/"}]}},"_links":{"self":[{"href":"https:\/\/swimchannel.net\/br\/wp-json\/wp\/v2\/posts\/77838","targetHints":{"allow":["GET"]}}],"collection":[{"href":"https:\/\/swimchannel.net\/br\/wp-json\/wp\/v2\/posts"}],"about":[{"href":"https:\/\/swimchannel.net\/br\/wp-json\/wp\/v2\/types\/post"}],"author":[{"embeddable":true,"href":"https:\/\/swimchannel.net\/br\/wp-json\/wp\/v2\/users\/174"}],"replies":[{"embeddable":true,"href":"https:\/\/swimchannel.net\/br\/wp-json\/wp\/v2\/comments?post=77838"}],"version-history":[{"count":10,"href":"https:\/\/swimchannel.net\/br\/wp-json\/wp\/v2\/posts\/77838\/revisions"}],"predecessor-version":[{"id":78182,"href":"https:\/\/swimchannel.net\/br\/wp-json\/wp\/v2\/posts\/77838\/revisions\/78182"}],"wp:featuredmedia":[{"embeddable":true,"href":"https:\/\/swimchannel.net\/br\/wp-json\/wp\/v2\/media\/77908"}],"wp:attachment":[{"href":"https:\/\/swimchannel.net\/br\/wp-json\/wp\/v2\/media?parent=77838"}],"wp:term":[{"taxonomy":"category","embeddable":true,"href":"https:\/\/swimchannel.net\/br\/wp-json\/wp\/v2\/categories?post=77838"},{"taxonomy":"post_tag","embeddable":true,"href":"https:\/\/swimchannel.net\/br\/wp-json\/wp\/v2\/tags?post=77838"}],"curies":[{"name":"wp","href":"https:\/\/api.w.org\/{rel}","templated":true}]}}