{"id":7809,"date":"2018-03-16T00:04:09","date_gmt":"2018-03-16T00:04:09","guid":{"rendered":"https:\/\/swimchannel.flywheelsites.com\/?p=7809"},"modified":"2018-03-16T02:55:39","modified_gmt":"2018-03-16T02:55:39","slug":"circuito-paulista-de-aguas-abertas-tem-inicio-em-braganca-paulista","status":"publish","type":"post","link":"https:\/\/swimchannel.net\/br\/circuito-paulista-de-aguas-abertas-tem-inicio-em-braganca-paulista\/","title":{"rendered":"Circuito Paulista de \u00c1guas Abertas tem in\u00edcio em Bragan\u00e7a Paulista"},"content":{"rendered":"<p>Uma das novidades do calend\u00e1rio de provas de 2017 esta de volta e agora em dose tripla. Depois da bem sucedida experi\u00eancia ano passado, o Circuito Paulista de \u00c1guas Abertas em 2018 ter\u00e1 tr\u00eas etapas ao longo da temporada. Todas aconteceram na Marina da Confian\u00e7a, uma represa localizada na cidade de Bragan\u00e7a Paulista no interior do estado de S\u00e3o Paulo. O primeiro desafio do circuito j\u00e1 tem data marcada: 22 de abril.<\/p>\n<p>Ao todo a competi\u00e7\u00e3o ter\u00e1 seis dist\u00e2ncias, sendo tr\u00eas abertas para o p\u00fablico geral e outras tr\u00eas com limites de idade. As maiores provas ser\u00e3o de 1 km, 2 km e 3 km e poder\u00e3o ser nadadas por atletas maiores de 15 anos. O circuito de 1 km e 2 km s\u00e3o iguais e ter\u00e3o formato triangular. Na prova mais curta eles completar\u00e3o uma volta e na mais longa, duas voltas. J\u00e1 o percurso da prova de 3 km ser\u00e1 de apenas uma volta, com os participantes tendo que nadar um longo trecho a beira da represa.<\/p>\n<figure id=\"attachment_4684\" aria-describedby=\"caption-attachment-4684\" style=\"width: 900px\" class=\"wp-caption alignnone\"><img loading=\"lazy\" decoding=\"async\" class=\"wp-image-4684\" src=\"https:\/\/swimchannel.net\/br\/wp-content\/uploads\/2017\/08\/1492650692.jpg\" alt=\"\" width=\"900\" height=\"600\" srcset=\"https:\/\/swimchannel.net\/br\/wp-content\/uploads\/2017\/08\/1492650692.jpg 1200w, https:\/\/swimchannel.net\/br\/wp-content\/uploads\/2017\/08\/1492650692-600x400.jpg 600w, https:\/\/swimchannel.net\/br\/wp-content\/uploads\/2017\/08\/1492650692-768x512.jpg 768w, https:\/\/swimchannel.net\/br\/wp-content\/uploads\/2017\/08\/1492650692-300x200.jpg 300w, https:\/\/swimchannel.net\/br\/wp-content\/uploads\/2017\/08\/1492650692-1024x683.jpg 1024w\" sizes=\"auto, (max-width: 900px) 100vw, 900px\" \/><figcaption id=\"caption-attachment-4684\" class=\"wp-caption-text\">Vista a\u00e9rea da Marina Confian\u00e7a em Bragan\u00e7a Paulista &#8211; Foto: Reprodu\u00e7\u00e3o<\/figcaption><\/figure>\n<p>As provas mais curtas ser\u00e3o para os jovens nadadores. Nos 500m e 250m os circuitos tamb\u00e9m ter\u00e3o formato triangular. A primeira esta aberta\u00a0para atletas de 10 a 14 anos de idade e a segunda para quem tem 7 a 9 anos. Por fim, a prova de 50m ser\u00e1 de inicia\u00e7\u00e3o na modalidade e exclusivamente para crian\u00e7as de 4 a 6 anos de idade que poder\u00e3o nadar acompanhados por um adulto.<\/p>\n<p>As pr\u00f3ximas etapas do\u00a0Circuito Paulista de \u00c1guas Abertas acontecer\u00e3o tamb\u00e9m em Bragan\u00e7a Paulista nos dias 22 de setembro e 25 de novembro. As inscri\u00e7\u00f5es para esta etapa do\u00a0 est\u00e3o abertas at\u00e9 o dia 20 de abril e podem ser feitas atrav\u00e9s do site da <strong>SWIM CHANNEL<\/strong> <a href=\"https:\/\/swimchannel.net\/br\/evento\/1a-etapa-do-circuito-paulista-de-aguas-abertas\/\">clicando aqui<\/a>.<\/p>\n","protected":false},"excerpt":{"rendered":"<p>Uma das novidades do calend\u00e1rio de provas de 2017 esta de volta e agora em dose tripla. Depois da bem sucedida experi\u00eancia ano passado, o Circuito Paulista de \u00c1guas Abertas em 2018 ter\u00e1 tr\u00eas etapas ao longo da temporada. Todas aconteceram na Marina da Confian\u00e7a, uma represa localizada na cidade de Bragan\u00e7a Paulista no interior [&hellip;]<\/p>\n","protected":false},"author":3,"featured_media":4684,"comment_status":"open","ping_status":"open","sticky":false,"template":"","format":"standard","meta":{"footnotes":""},"categories":[115],"tags":[14,972,973,1002,5],"class_list":["post-7809","post","type-post","status-publish","format-standard","has-post-thumbnail","hentry","category-aguas-abertas","tag-aguas-abertas","tag-braganca-paulista","tag-circuito-paulista-de-aguas-abertas","tag-marina-confianca","tag-natacao"],"yoast_head":"<!-- This site is optimized with the Yoast SEO plugin v27.0 - https:\/\/yoast.com\/product\/yoast-seo-wordpress\/ -->\n<title>Circuito Paulista de \u00c1guas Abertas tem in\u00edcio em Bragan\u00e7a Paulista - Swimchannel<\/title>\n<meta name=\"description\" content=\"Competi\u00e7\u00e3o ter\u00e1 ao todo tr\u00eas etapas na Marina Confian\u00e7a; primeira etapa acontece no pr\u00f3ximo dia 22 de abril.\" \/>\n<meta name=\"robots\" content=\"index, follow, max-snippet:-1, max-image-preview:large, max-video-preview:-1\" \/>\n<link rel=\"canonical\" href=\"https:\/\/swimchannel.net\/br\/circuito-paulista-de-aguas-abertas-tem-inicio-em-braganca-paulista\/\" \/>\n<meta property=\"og:locale\" content=\"pt_BR\" \/>\n<meta property=\"og:type\" content=\"article\" \/>\n<meta property=\"og:title\" content=\"Circuito Paulista de \u00c1guas Abertas tem in\u00edcio em Bragan\u00e7a Paulista - Swimchannel\" \/>\n<meta property=\"og:description\" content=\"Competi\u00e7\u00e3o ter\u00e1 ao todo tr\u00eas etapas na Marina Confian\u00e7a; primeira etapa acontece no pr\u00f3ximo dia 22 de abril.\" \/>\n<meta property=\"og:url\" content=\"https:\/\/swimchannel.net\/br\/circuito-paulista-de-aguas-abertas-tem-inicio-em-braganca-paulista\/\" \/>\n<meta property=\"og:site_name\" content=\"Swimchannel\" \/>\n<meta property=\"article:publisher\" content=\"https:\/\/www.facebook.com\/swimchannel\" \/>\n<meta property=\"article:published_time\" content=\"2018-03-16T00:04:09+00:00\" \/>\n<meta property=\"article:modified_time\" content=\"2018-03-16T02:55:39+00:00\" \/>\n<meta property=\"og:image\" content=\"https:\/\/swimchannel.net\/br\/wp-content\/uploads\/2017\/08\/1492650692.jpg\" \/>\n\t<meta property=\"og:image:width\" content=\"1200\" \/>\n\t<meta property=\"og:image:height\" content=\"800\" \/>\n\t<meta property=\"og:image:type\" content=\"image\/jpeg\" \/>\n<meta name=\"author\" content=\"Guilherme Freitas\" \/>\n<meta name=\"twitter:card\" content=\"summary_large_image\" \/>\n<meta name=\"twitter:label1\" content=\"Escrito por\" \/>\n\t<meta name=\"twitter:data1\" content=\"Guilherme Freitas\" \/>\n\t<meta name=\"twitter:label2\" content=\"Est. tempo de leitura\" \/>\n\t<meta name=\"twitter:data2\" content=\"2 minutos\" \/>\n<script type=\"application\/ld+json\" class=\"yoast-schema-graph\">{\"@context\":\"https:\/\/schema.org\",\"@graph\":[{\"@type\":\"Article\",\"@id\":\"https:\/\/swimchannel.net\/br\/circuito-paulista-de-aguas-abertas-tem-inicio-em-braganca-paulista\/#article\",\"isPartOf\":{\"@id\":\"https:\/\/swimchannel.net\/br\/circuito-paulista-de-aguas-abertas-tem-inicio-em-braganca-paulista\/\"},\"author\":{\"name\":\"Guilherme Freitas\",\"@id\":\"https:\/\/swimchannel.net\/br\/#\/schema\/person\/aa2a63bab3275f53749a83276b213c48\"},\"headline\":\"Circuito Paulista de \u00c1guas Abertas tem in\u00edcio em Bragan\u00e7a Paulista\",\"datePublished\":\"2018-03-16T00:04:09+00:00\",\"dateModified\":\"2018-03-16T02:55:39+00:00\",\"mainEntityOfPage\":{\"@id\":\"https:\/\/swimchannel.net\/br\/circuito-paulista-de-aguas-abertas-tem-inicio-em-braganca-paulista\/\"},\"wordCount\":333,\"commentCount\":0,\"publisher\":{\"@id\":\"https:\/\/swimchannel.net\/br\/#organization\"},\"image\":{\"@id\":\"https:\/\/swimchannel.net\/br\/circuito-paulista-de-aguas-abertas-tem-inicio-em-braganca-paulista\/#primaryimage\"},\"thumbnailUrl\":\"https:\/\/swimchannel.net\/br\/wp-content\/uploads\/2017\/08\/1492650692.jpg\",\"keywords\":[\"\u00c1guas abertas\",\"Bragan\u00e7a Paulista\",\"Circuito Paulista de \u00c1guas Abertas\",\"Marina Confian\u00e7a\",\"natacao\"],\"articleSection\":[\"\u00c1guas Abertas\"],\"inLanguage\":\"pt-BR\",\"potentialAction\":[{\"@type\":\"CommentAction\",\"name\":\"Comment\",\"target\":[\"https:\/\/swimchannel.net\/br\/circuito-paulista-de-aguas-abertas-tem-inicio-em-braganca-paulista\/#respond\"]}]},{\"@type\":\"WebPage\",\"@id\":\"https:\/\/swimchannel.net\/br\/circuito-paulista-de-aguas-abertas-tem-inicio-em-braganca-paulista\/\",\"url\":\"https:\/\/swimchannel.net\/br\/circuito-paulista-de-aguas-abertas-tem-inicio-em-braganca-paulista\/\",\"name\":\"Circuito Paulista de \u00c1guas Abertas tem in\u00edcio em Bragan\u00e7a Paulista - Swimchannel\",\"isPartOf\":{\"@id\":\"https:\/\/swimchannel.net\/br\/#website\"},\"primaryImageOfPage\":{\"@id\":\"https:\/\/swimchannel.net\/br\/circuito-paulista-de-aguas-abertas-tem-inicio-em-braganca-paulista\/#primaryimage\"},\"image\":{\"@id\":\"https:\/\/swimchannel.net\/br\/circuito-paulista-de-aguas-abertas-tem-inicio-em-braganca-paulista\/#primaryimage\"},\"thumbnailUrl\":\"https:\/\/swimchannel.net\/br\/wp-content\/uploads\/2017\/08\/1492650692.jpg\",\"datePublished\":\"2018-03-16T00:04:09+00:00\",\"dateModified\":\"2018-03-16T02:55:39+00:00\",\"description\":\"Competi\u00e7\u00e3o ter\u00e1 ao todo tr\u00eas etapas na Marina Confian\u00e7a; primeira etapa acontece no pr\u00f3ximo dia 22 de abril.\",\"breadcrumb\":{\"@id\":\"https:\/\/swimchannel.net\/br\/circuito-paulista-de-aguas-abertas-tem-inicio-em-braganca-paulista\/#breadcrumb\"},\"inLanguage\":\"pt-BR\",\"potentialAction\":[{\"@type\":\"ReadAction\",\"target\":[\"https:\/\/swimchannel.net\/br\/circuito-paulista-de-aguas-abertas-tem-inicio-em-braganca-paulista\/\"]}]},{\"@type\":\"ImageObject\",\"inLanguage\":\"pt-BR\",\"@id\":\"https:\/\/swimchannel.net\/br\/circuito-paulista-de-aguas-abertas-tem-inicio-em-braganca-paulista\/#primaryimage\",\"url\":\"https:\/\/swimchannel.net\/br\/wp-content\/uploads\/2017\/08\/1492650692.jpg\",\"contentUrl\":\"https:\/\/swimchannel.net\/br\/wp-content\/uploads\/2017\/08\/1492650692.jpg\",\"width\":1200,\"height\":800,\"caption\":\"Vista a\u00e9rea da Marina Confian\u00e7a em Bragan\u00e7a Paulista - Foto: Reprodu\u00e7\u00e3o\"},{\"@type\":\"BreadcrumbList\",\"@id\":\"https:\/\/swimchannel.net\/br\/circuito-paulista-de-aguas-abertas-tem-inicio-em-braganca-paulista\/#breadcrumb\",\"itemListElement\":[{\"@type\":\"ListItem\",\"position\":1,\"name\":\"Home\",\"item\":\"https:\/\/swimchannel.net\/br\/\"},{\"@type\":\"ListItem\",\"position\":2,\"name\":\"Circuito Paulista de \u00c1guas Abertas tem in\u00edcio em Bragan\u00e7a Paulista\"}]},{\"@type\":\"WebSite\",\"@id\":\"https:\/\/swimchannel.net\/br\/#website\",\"url\":\"https:\/\/swimchannel.net\/br\/\",\"name\":\"Swimchannel\",\"description\":\"Maior portal de nata\u00e7\u00e3o da america latina\",\"publisher\":{\"@id\":\"https:\/\/swimchannel.net\/br\/#organization\"},\"potentialAction\":[{\"@type\":\"SearchAction\",\"target\":{\"@type\":\"EntryPoint\",\"urlTemplate\":\"https:\/\/swimchannel.net\/br\/?s={search_term_string}\"},\"query-input\":{\"@type\":\"PropertyValueSpecification\",\"valueRequired\":true,\"valueName\":\"search_term_string\"}}],\"inLanguage\":\"pt-BR\"},{\"@type\":\"Organization\",\"@id\":\"https:\/\/swimchannel.net\/br\/#organization\",\"name\":\"Swimchannel - Conectando voc\u00ea a Nata\u00e7\u00e3o\",\"url\":\"https:\/\/swimchannel.net\/br\/\",\"logo\":{\"@type\":\"ImageObject\",\"inLanguage\":\"pt-BR\",\"@id\":\"https:\/\/swimchannel.net\/br\/#\/schema\/logo\/image\/\",\"url\":\"https:\/\/swimchannel.net\/br\/wp-content\/uploads\/2026\/02\/SWIM-CHANNEL.png\",\"contentUrl\":\"https:\/\/swimchannel.net\/br\/wp-content\/uploads\/2026\/02\/SWIM-CHANNEL.png\",\"width\":1120,\"height\":630,\"caption\":\"Swimchannel - Conectando voc\u00ea a Nata\u00e7\u00e3o\"},\"image\":{\"@id\":\"https:\/\/swimchannel.net\/br\/#\/schema\/logo\/image\/\"},\"sameAs\":[\"https:\/\/www.facebook.com\/swimchannel\",\"https:\/\/www.instagram.com\/swimchannel\"]},{\"@type\":\"Person\",\"@id\":\"https:\/\/swimchannel.net\/br\/#\/schema\/person\/aa2a63bab3275f53749a83276b213c48\",\"name\":\"Guilherme Freitas\",\"image\":{\"@type\":\"ImageObject\",\"inLanguage\":\"pt-BR\",\"@id\":\"https:\/\/swimchannel.net\/br\/#\/schema\/person\/image\/\",\"url\":\"https:\/\/swimchannel.net\/br\/wp-content\/uploads\/2025\/10\/gui22-193x180.png\",\"contentUrl\":\"https:\/\/swimchannel.net\/br\/wp-content\/uploads\/2025\/10\/gui22-193x180.png\",\"caption\":\"Guilherme Freitas\"},\"description\":\"Jornalista s\u00eanior da SWIM CHANNEL, ex-correspondente da FINA no Brasil e pesquisador acad\u00eamico.\",\"sameAs\":[\"instagram.com\/guifreitas86\"],\"url\":\"https:\/\/swimchannel.net\/br\/author\/guilherme-freitas\/\"}]}<\/script>\n<!-- \/ Yoast SEO plugin. -->","yoast_head_json":{"title":"Circuito Paulista de \u00c1guas Abertas tem in\u00edcio em Bragan\u00e7a Paulista - Swimchannel","description":"Competi\u00e7\u00e3o ter\u00e1 ao todo tr\u00eas etapas na Marina Confian\u00e7a; primeira etapa acontece no pr\u00f3ximo dia 22 de abril.","robots":{"index":"index","follow":"follow","max-snippet":"max-snippet:-1","max-image-preview":"max-image-preview:large","max-video-preview":"max-video-preview:-1"},"canonical":"https:\/\/swimchannel.net\/br\/circuito-paulista-de-aguas-abertas-tem-inicio-em-braganca-paulista\/","og_locale":"pt_BR","og_type":"article","og_title":"Circuito Paulista de \u00c1guas Abertas tem in\u00edcio em Bragan\u00e7a Paulista - Swimchannel","og_description":"Competi\u00e7\u00e3o ter\u00e1 ao todo tr\u00eas etapas na Marina Confian\u00e7a; primeira etapa acontece no pr\u00f3ximo dia 22 de abril.","og_url":"https:\/\/swimchannel.net\/br\/circuito-paulista-de-aguas-abertas-tem-inicio-em-braganca-paulista\/","og_site_name":"Swimchannel","article_publisher":"https:\/\/www.facebook.com\/swimchannel","article_published_time":"2018-03-16T00:04:09+00:00","article_modified_time":"2018-03-16T02:55:39+00:00","og_image":[{"width":1200,"height":800,"url":"https:\/\/swimchannel.net\/br\/wp-content\/uploads\/2017\/08\/1492650692.jpg","type":"image\/jpeg"}],"author":"Guilherme Freitas","twitter_card":"summary_large_image","twitter_misc":{"Escrito por":"Guilherme Freitas","Est. tempo de leitura":"2 minutos"},"schema":{"@context":"https:\/\/schema.org","@graph":[{"@type":"Article","@id":"https:\/\/swimchannel.net\/br\/circuito-paulista-de-aguas-abertas-tem-inicio-em-braganca-paulista\/#article","isPartOf":{"@id":"https:\/\/swimchannel.net\/br\/circuito-paulista-de-aguas-abertas-tem-inicio-em-braganca-paulista\/"},"author":{"name":"Guilherme Freitas","@id":"https:\/\/swimchannel.net\/br\/#\/schema\/person\/aa2a63bab3275f53749a83276b213c48"},"headline":"Circuito Paulista de \u00c1guas Abertas tem in\u00edcio em Bragan\u00e7a Paulista","datePublished":"2018-03-16T00:04:09+00:00","dateModified":"2018-03-16T02:55:39+00:00","mainEntityOfPage":{"@id":"https:\/\/swimchannel.net\/br\/circuito-paulista-de-aguas-abertas-tem-inicio-em-braganca-paulista\/"},"wordCount":333,"commentCount":0,"publisher":{"@id":"https:\/\/swimchannel.net\/br\/#organization"},"image":{"@id":"https:\/\/swimchannel.net\/br\/circuito-paulista-de-aguas-abertas-tem-inicio-em-braganca-paulista\/#primaryimage"},"thumbnailUrl":"https:\/\/swimchannel.net\/br\/wp-content\/uploads\/2017\/08\/1492650692.jpg","keywords":["\u00c1guas abertas","Bragan\u00e7a Paulista","Circuito Paulista de \u00c1guas Abertas","Marina Confian\u00e7a","natacao"],"articleSection":["\u00c1guas Abertas"],"inLanguage":"pt-BR","potentialAction":[{"@type":"CommentAction","name":"Comment","target":["https:\/\/swimchannel.net\/br\/circuito-paulista-de-aguas-abertas-tem-inicio-em-braganca-paulista\/#respond"]}]},{"@type":"WebPage","@id":"https:\/\/swimchannel.net\/br\/circuito-paulista-de-aguas-abertas-tem-inicio-em-braganca-paulista\/","url":"https:\/\/swimchannel.net\/br\/circuito-paulista-de-aguas-abertas-tem-inicio-em-braganca-paulista\/","name":"Circuito Paulista de \u00c1guas Abertas tem in\u00edcio em Bragan\u00e7a Paulista - Swimchannel","isPartOf":{"@id":"https:\/\/swimchannel.net\/br\/#website"},"primaryImageOfPage":{"@id":"https:\/\/swimchannel.net\/br\/circuito-paulista-de-aguas-abertas-tem-inicio-em-braganca-paulista\/#primaryimage"},"image":{"@id":"https:\/\/swimchannel.net\/br\/circuito-paulista-de-aguas-abertas-tem-inicio-em-braganca-paulista\/#primaryimage"},"thumbnailUrl":"https:\/\/swimchannel.net\/br\/wp-content\/uploads\/2017\/08\/1492650692.jpg","datePublished":"2018-03-16T00:04:09+00:00","dateModified":"2018-03-16T02:55:39+00:00","description":"Competi\u00e7\u00e3o ter\u00e1 ao todo tr\u00eas etapas na Marina Confian\u00e7a; primeira etapa acontece no pr\u00f3ximo dia 22 de abril.","breadcrumb":{"@id":"https:\/\/swimchannel.net\/br\/circuito-paulista-de-aguas-abertas-tem-inicio-em-braganca-paulista\/#breadcrumb"},"inLanguage":"pt-BR","potentialAction":[{"@type":"ReadAction","target":["https:\/\/swimchannel.net\/br\/circuito-paulista-de-aguas-abertas-tem-inicio-em-braganca-paulista\/"]}]},{"@type":"ImageObject","inLanguage":"pt-BR","@id":"https:\/\/swimchannel.net\/br\/circuito-paulista-de-aguas-abertas-tem-inicio-em-braganca-paulista\/#primaryimage","url":"https:\/\/swimchannel.net\/br\/wp-content\/uploads\/2017\/08\/1492650692.jpg","contentUrl":"https:\/\/swimchannel.net\/br\/wp-content\/uploads\/2017\/08\/1492650692.jpg","width":1200,"height":800,"caption":"Vista a\u00e9rea da Marina Confian\u00e7a em Bragan\u00e7a Paulista - Foto: Reprodu\u00e7\u00e3o"},{"@type":"BreadcrumbList","@id":"https:\/\/swimchannel.net\/br\/circuito-paulista-de-aguas-abertas-tem-inicio-em-braganca-paulista\/#breadcrumb","itemListElement":[{"@type":"ListItem","position":1,"name":"Home","item":"https:\/\/swimchannel.net\/br\/"},{"@type":"ListItem","position":2,"name":"Circuito Paulista de \u00c1guas Abertas tem in\u00edcio em Bragan\u00e7a Paulista"}]},{"@type":"WebSite","@id":"https:\/\/swimchannel.net\/br\/#website","url":"https:\/\/swimchannel.net\/br\/","name":"Swimchannel","description":"Maior portal de nata\u00e7\u00e3o da america latina","publisher":{"@id":"https:\/\/swimchannel.net\/br\/#organization"},"potentialAction":[{"@type":"SearchAction","target":{"@type":"EntryPoint","urlTemplate":"https:\/\/swimchannel.net\/br\/?s={search_term_string}"},"query-input":{"@type":"PropertyValueSpecification","valueRequired":true,"valueName":"search_term_string"}}],"inLanguage":"pt-BR"},{"@type":"Organization","@id":"https:\/\/swimchannel.net\/br\/#organization","name":"Swimchannel - Conectando voc\u00ea a Nata\u00e7\u00e3o","url":"https:\/\/swimchannel.net\/br\/","logo":{"@type":"ImageObject","inLanguage":"pt-BR","@id":"https:\/\/swimchannel.net\/br\/#\/schema\/logo\/image\/","url":"https:\/\/swimchannel.net\/br\/wp-content\/uploads\/2026\/02\/SWIM-CHANNEL.png","contentUrl":"https:\/\/swimchannel.net\/br\/wp-content\/uploads\/2026\/02\/SWIM-CHANNEL.png","width":1120,"height":630,"caption":"Swimchannel - Conectando voc\u00ea a Nata\u00e7\u00e3o"},"image":{"@id":"https:\/\/swimchannel.net\/br\/#\/schema\/logo\/image\/"},"sameAs":["https:\/\/www.facebook.com\/swimchannel","https:\/\/www.instagram.com\/swimchannel"]},{"@type":"Person","@id":"https:\/\/swimchannel.net\/br\/#\/schema\/person\/aa2a63bab3275f53749a83276b213c48","name":"Guilherme Freitas","image":{"@type":"ImageObject","inLanguage":"pt-BR","@id":"https:\/\/swimchannel.net\/br\/#\/schema\/person\/image\/","url":"https:\/\/swimchannel.net\/br\/wp-content\/uploads\/2025\/10\/gui22-193x180.png","contentUrl":"https:\/\/swimchannel.net\/br\/wp-content\/uploads\/2025\/10\/gui22-193x180.png","caption":"Guilherme Freitas"},"description":"Jornalista s\u00eanior da SWIM CHANNEL, ex-correspondente da FINA no Brasil e pesquisador acad\u00eamico.","sameAs":["instagram.com\/guifreitas86"],"url":"https:\/\/swimchannel.net\/br\/author\/guilherme-freitas\/"}]}},"_links":{"self":[{"href":"https:\/\/swimchannel.net\/br\/wp-json\/wp\/v2\/posts\/7809","targetHints":{"allow":["GET"]}}],"collection":[{"href":"https:\/\/swimchannel.net\/br\/wp-json\/wp\/v2\/posts"}],"about":[{"href":"https:\/\/swimchannel.net\/br\/wp-json\/wp\/v2\/types\/post"}],"author":[{"embeddable":true,"href":"https:\/\/swimchannel.net\/br\/wp-json\/wp\/v2\/users\/3"}],"replies":[{"embeddable":true,"href":"https:\/\/swimchannel.net\/br\/wp-json\/wp\/v2\/comments?post=7809"}],"version-history":[{"count":0,"href":"https:\/\/swimchannel.net\/br\/wp-json\/wp\/v2\/posts\/7809\/revisions"}],"wp:featuredmedia":[{"embeddable":true,"href":"https:\/\/swimchannel.net\/br\/wp-json\/wp\/v2\/media\/4684"}],"wp:attachment":[{"href":"https:\/\/swimchannel.net\/br\/wp-json\/wp\/v2\/media?parent=7809"}],"wp:term":[{"taxonomy":"category","embeddable":true,"href":"https:\/\/swimchannel.net\/br\/wp-json\/wp\/v2\/categories?post=7809"},{"taxonomy":"post_tag","embeddable":true,"href":"https:\/\/swimchannel.net\/br\/wp-json\/wp\/v2\/tags?post=7809"}],"curies":[{"name":"wp","href":"https:\/\/api.w.org\/{rel}","templated":true}]}}