{"id":78188,"date":"2025-12-23T08:00:05","date_gmt":"2025-12-23T11:00:05","guid":{"rendered":"https:\/\/swimchannel.net\/br\/?p=78188"},"modified":"2025-12-23T11:49:45","modified_gmt":"2025-12-23T14:49:45","slug":"os-melhores-dos-melhores-do-brasileiro-senior-de-verao","status":"publish","type":"post","link":"https:\/\/swimchannel.net\/br\/os-melhores-dos-melhores-do-brasileiro-senior-de-verao\/","title":{"rendered":"Os melhores dos melhores do Brasileiro S\u00eanior de Ver\u00e3o"},"content":{"rendered":"<p>Trof\u00e9u Daltely Guimar\u00e3es, Campeonato Brasileiro S\u00eanior de Ver\u00e3o, uma das competi\u00e7\u00f5es que fecharam a temporada de 2025 teve o Minas T\u00eanis Clube como campe\u00e3o nacional. Aqui apresentamos os detalhes do evento realizado na piscina do Flamengo, no Rio de Janeiro de 2 a 6 de Dezembro.<\/p>\n<p>&nbsp;<\/p>\n<p><strong>Classifica\u00e7\u00e3o final Top 10<\/strong><br \/>\n1o Minas T\u00eanis Clube 2.215 pontos<br \/>\n2o Pinheiros 1.740,5 pontos<br \/>\n3o Flamengo 1.062,5 pontos<br \/>\n4o Gr\u00eamio N\u00e1utico Uni\u00e3o 740,5 pontos<br \/>\n5o SESI SP 649 pontos<br \/>\n6o Corinthians 608,5 pontos<br \/>\n7o Fluminense 424 pontos<br \/>\n8o Indaiatubana 403,5 pontos<br \/>\n9o Tijuca 350 pontos<br \/>\n10o SESC RJ 169 pontos<\/p>\n<p>&nbsp;<\/p>\n<p><strong>Classifica\u00e7\u00e3o feminino Top 3<\/strong><br \/>\n1o Minas T\u00eanis Clube 1.232 pontos<br \/>\n2o Pinheiros 649,5 pontos<br \/>\n3o Corinthians 448,5 pontos<\/p>\n<p>&nbsp;<\/p>\n<p><strong>Classifica\u00e7\u00e3o masculino Top 3<\/strong><br \/>\n1o Pinheiros 951 pontos<br \/>\n2o Minas T\u00eanis Clube 863 pontos<br \/>\n3o Flamengo 638,5 pontos<\/p>\n<p>&nbsp;<\/p>\n<p><strong>Quadro de medalhas<\/strong><br \/>\n1o Pinheiros 33 medalhas, 12 ouros, 15 pratas, 6 bronzes<br \/>\n2o Minas T\u00eanis Clube 40 medalhas, 10 ouros, 13 pratas, 17 bronzes<br \/>\n3o Flamengo 18 medalhas, 9 ouros, 6 pratas, 3 bronzes<br \/>\n4o SESI SP 7 medalhas, 4 ouros, 3 bronzes<br \/>\n5o Unisanta 5 medalhas, 3 ouros, 1 prata, 1 bronze<\/p>\n<figure id=\"attachment_76957\" aria-describedby=\"caption-attachment-76957\" style=\"width: 1199px\" class=\"wp-caption alignnone\"><img loading=\"lazy\" decoding=\"async\" class=\"size-large wp-image-76957\" src=\"https:\/\/swimchannel.net\/br\/wp-content\/uploads\/2025\/11\/54896034861_023b07c98b_k-1199x800.jpg\" alt=\"\" width=\"1199\" height=\"800\" srcset=\"https:\/\/swimchannel.net\/br\/wp-content\/uploads\/2025\/11\/54896034861_023b07c98b_k-1199x800.jpg 1199w, https:\/\/swimchannel.net\/br\/wp-content\/uploads\/2025\/11\/54896034861_023b07c98b_k-1012x675.jpg 1012w, https:\/\/swimchannel.net\/br\/wp-content\/uploads\/2025\/11\/54896034861_023b07c98b_k-270x180.jpg 270w, https:\/\/swimchannel.net\/br\/wp-content\/uploads\/2025\/11\/54896034861_023b07c98b_k-768x512.jpg 768w, https:\/\/swimchannel.net\/br\/wp-content\/uploads\/2025\/11\/54896034861_023b07c98b_k-1536x1025.jpg 1536w, https:\/\/swimchannel.net\/br\/wp-content\/uploads\/2025\/11\/54896034861_023b07c98b_k-750x500.jpg 750w, https:\/\/swimchannel.net\/br\/wp-content\/uploads\/2025\/11\/54896034861_023b07c98b_k-1140x760.jpg 1140w, https:\/\/swimchannel.net\/br\/wp-content\/uploads\/2025\/11\/54896034861_023b07c98b_k.jpg 2048w\" sizes=\"auto, (max-width: 1199px) 100vw, 1199px\" \/><figcaption id=\"caption-attachment-76957\" class=\"wp-caption-text\">Minas TC\u00a0 &#8211; Foto: Satiro Sodr\u00e9<\/figcaption><\/figure>\n<p><strong>Finais<\/strong><br \/>\nMinas T\u00eanis Clube 82<br \/>\nPinheiros 53<br \/>\nFlamengo 39<br \/>\nGr\u00eamio N\u00e1utico Uni\u00e3o 32<br \/>\nSESI SP 23<br \/>\nCorinthians 22<\/p>\n<figure id=\"attachment_76935\" aria-describedby=\"caption-attachment-76935\" style=\"width: 1199px\" class=\"wp-caption alignnone\"><img loading=\"lazy\" decoding=\"async\" class=\"size-large wp-image-76935\" src=\"https:\/\/swimchannel.net\/br\/wp-content\/uploads\/2025\/11\/54891638108_8805da0882_k-1199x800.jpg\" alt=\"\" width=\"1199\" height=\"800\" srcset=\"https:\/\/swimchannel.net\/br\/wp-content\/uploads\/2025\/11\/54891638108_8805da0882_k-1199x800.jpg 1199w, https:\/\/swimchannel.net\/br\/wp-content\/uploads\/2025\/11\/54891638108_8805da0882_k-1012x675.jpg 1012w, https:\/\/swimchannel.net\/br\/wp-content\/uploads\/2025\/11\/54891638108_8805da0882_k-270x180.jpg 270w, https:\/\/swimchannel.net\/br\/wp-content\/uploads\/2025\/11\/54891638108_8805da0882_k-768x512.jpg 768w, https:\/\/swimchannel.net\/br\/wp-content\/uploads\/2025\/11\/54891638108_8805da0882_k-1536x1025.jpg 1536w, https:\/\/swimchannel.net\/br\/wp-content\/uploads\/2025\/11\/54891638108_8805da0882_k-750x500.jpg 750w, https:\/\/swimchannel.net\/br\/wp-content\/uploads\/2025\/11\/54891638108_8805da0882_k-1140x760.jpg 1140w, https:\/\/swimchannel.net\/br\/wp-content\/uploads\/2025\/11\/54891638108_8805da0882_k.jpg 2048w\" sizes=\"auto, (max-width: 1199px) 100vw, 1199px\" \/><figcaption id=\"caption-attachment-76935\" class=\"wp-caption-text\">Guilherme Costa &#8211; Foto: Satiro Sodre\/CBDA<\/figcaption><\/figure>\n<p><strong>Recordes de Campeonato (6)<\/strong><br \/>\nGuilherme Costa, SESC RJ 400m livre 3:49.29<br \/>\nGabrielle Assis da Silva, Flamengo 200m peito 2:26.76<br \/>\nBreno Correia, Pinheiros 200m livre 1:46.70<br \/>\nStephan Steverink, Flamengo 800m livre 7:55.84<br \/>\n4x200m livre masculino Minas T\u00eanis Clube 7:21.24<br \/>\n4x200m livre feminino Minas T\u00eanis Clube 8:22.02<\/p>\n<p>&nbsp;<\/p>\n<p><strong>Efici\u00eancia<\/strong><br \/>\nFeminino<br \/>\nGabrielle Assis da Silva, Flamengo 219 pontos<br \/>\nMaria Luiza Pessanha, Pinheiros 169 pontos<br \/>\nGabrielle Roncatto, Unisanta 160 pontos<\/p>\n<p>&nbsp;<\/p>\n<p><strong>Masculino<\/strong><br \/>\nStephan Steverink, Flamengo 201 pontos<br \/>\nPedro Henrique Souza, Flamengo 152,5 pontos<br \/>\nGuilherme Kanzler, Flamengo 126 pontos<\/p>\n<p>&nbsp;<\/p>\n<figure id=\"attachment_76804\" aria-describedby=\"caption-attachment-76804\" style=\"width: 1199px\" class=\"wp-caption alignnone\"><img loading=\"lazy\" decoding=\"async\" class=\"size-large wp-image-76804\" src=\"https:\/\/swimchannel.net\/br\/wp-content\/uploads\/2025\/10\/54887571960_143d8fe169_k-1199x800.jpg\" alt=\"\" width=\"1199\" height=\"800\" srcset=\"https:\/\/swimchannel.net\/br\/wp-content\/uploads\/2025\/10\/54887571960_143d8fe169_k-1199x800.jpg 1199w, https:\/\/swimchannel.net\/br\/wp-content\/uploads\/2025\/10\/54887571960_143d8fe169_k-1012x675.jpg 1012w, https:\/\/swimchannel.net\/br\/wp-content\/uploads\/2025\/10\/54887571960_143d8fe169_k-270x180.jpg 270w, https:\/\/swimchannel.net\/br\/wp-content\/uploads\/2025\/10\/54887571960_143d8fe169_k-768x512.jpg 768w, https:\/\/swimchannel.net\/br\/wp-content\/uploads\/2025\/10\/54887571960_143d8fe169_k-1536x1025.jpg 1536w, https:\/\/swimchannel.net\/br\/wp-content\/uploads\/2025\/10\/54887571960_143d8fe169_k-750x500.jpg 750w, https:\/\/swimchannel.net\/br\/wp-content\/uploads\/2025\/10\/54887571960_143d8fe169_k-1140x760.jpg 1140w, https:\/\/swimchannel.net\/br\/wp-content\/uploads\/2025\/10\/54887571960_143d8fe169_k.jpg 2048w\" sizes=\"auto, (max-width: 1199px) 100vw, 1199px\" \/><figcaption id=\"caption-attachment-76804\" class=\"wp-caption-text\">Gabi Assis &#8211; Foto: Satiro Sodre\/CBDA<\/figcaption><\/figure>\n<p><strong>\u00cdndice t\u00e9cnico<\/strong><br \/>\n<strong>Feminino<\/strong><br \/>\nGabrielle Assis da Silva, Flamengo 200m peito 2:26.76 823 pontos<br \/>\nGabrielle Roncatto, Unisanta 800m livre 8:39.65 811 pontos<br \/>\nMaria Paula Heitmann, SESC RJ 800m livre 8:40.05 810 pontos<\/p>\n<p>&nbsp;<\/p>\n<p><strong>Masculino<\/strong><br \/>\nGuilherme Pereira da Costa, SESC 400m livre 3:49.29 844 pontos<br \/>\nStephan Steverink, Flamengo 400m livre 3:50.14 874 pontos<br \/>\nEduardo Moares, Minas 400m livre 3:50.16 874 pontos<\/p>\n<p>&nbsp;<\/p>\n<p><strong>Com 5 vit\u00f3rias<\/strong><br \/>\nGabrielle Assis da Silva, Flamengo<\/p>\n<p><strong>Com 3 vit\u00f3rias<\/strong><br \/>\nGabrielle Roncatto, Unisanta<\/p>\n<p><strong>Com 2 vit\u00f3rias<\/strong><br \/>\nJulia Karla G\u00f3es, SESI SP<br \/>\nCaio Viana Carvalho, Pinheiros<br \/>\nBreno Correia, Pinheiros<br \/>\nCaio Pumputis, Pinheiros<br \/>\nPedro Souza, Flamengo<br \/>\nStephan Steverink, Flamengo<\/p>\n<p>&nbsp;<\/p>\n<p>Gostaria de receber as not\u00edcias de nata\u00e7\u00e3o e \u00e1guas abertas no seu email?<\/p>\n<p><a href=\"https:\/\/lpa.nitro.news\/n-GNe\/ultimas-noticias-swim-channel\">Cadastre-se aqui<\/a><\/p>\n","protected":false},"excerpt":{"rendered":"<p>Trof\u00e9u Daltely Guimar\u00e3es, Campeonato Brasileiro S\u00eanior de Ver\u00e3o, uma das competi\u00e7\u00f5es que fecharam a temporada de 2025 teve o Minas T\u00eanis Clube como campe\u00e3o nacional. Aqui apresentamos os detalhes do evento realizado na piscina do Flamengo, no Rio de Janeiro de 2 a 6 de Dezembro. &nbsp; Classifica\u00e7\u00e3o final Top 10 1o Minas T\u00eanis Clube [&hellip;]<\/p>\n","protected":false},"author":12,"featured_media":78189,"comment_status":"open","ping_status":"open","sticky":false,"template":"","format":"standard","meta":{"footnotes":""},"categories":[137],"tags":[4475,5],"class_list":["post-78188","post","type-post","status-publish","format-standard","has-post-thumbnail","hentry","category-natacao","tag-campeonato-brasileiro-senior","tag-natacao"],"yoast_head":"<!-- This site is optimized with the Yoast SEO plugin v27.0 - https:\/\/yoast.com\/product\/yoast-seo-wordpress\/ -->\n<title>Os melhores dos melhores do Brasileiro S\u00eanior de Ver\u00e3o - Swimchannel<\/title>\n<meta name=\"robots\" content=\"index, follow, max-snippet:-1, max-image-preview:large, max-video-preview:-1\" \/>\n<link rel=\"canonical\" href=\"https:\/\/swimchannel.net\/br\/os-melhores-dos-melhores-do-brasileiro-senior-de-verao\/\" \/>\n<meta property=\"og:locale\" content=\"pt_BR\" \/>\n<meta property=\"og:type\" content=\"article\" \/>\n<meta property=\"og:title\" content=\"Os melhores dos melhores do Brasileiro S\u00eanior de Ver\u00e3o - Swimchannel\" \/>\n<meta property=\"og:description\" content=\"Trof\u00e9u Daltely Guimar\u00e3es, Campeonato Brasileiro S\u00eanior de Ver\u00e3o, uma das competi\u00e7\u00f5es que fecharam a temporada de 2025 teve o Minas T\u00eanis Clube como campe\u00e3o nacional. Aqui apresentamos os detalhes do evento realizado na piscina do Flamengo, no Rio de Janeiro de 2 a 6 de Dezembro. &nbsp; Classifica\u00e7\u00e3o final Top 10 1o Minas T\u00eanis Clube [&hellip;]\" \/>\n<meta property=\"og:url\" content=\"https:\/\/swimchannel.net\/br\/os-melhores-dos-melhores-do-brasileiro-senior-de-verao\/\" \/>\n<meta property=\"og:site_name\" content=\"Swimchannel\" \/>\n<meta property=\"article:publisher\" content=\"https:\/\/www.facebook.com\/swimchannel\" \/>\n<meta property=\"article:published_time\" content=\"2025-12-23T11:00:05+00:00\" \/>\n<meta property=\"article:modified_time\" content=\"2025-12-23T14:49:45+00:00\" \/>\n<meta property=\"og:image\" content=\"https:\/\/swimchannel.net\/br\/wp-content\/uploads\/2025\/12\/54966029556_2f7dc4bafe_c.jpg\" \/>\n\t<meta property=\"og:image:width\" content=\"799\" \/>\n\t<meta property=\"og:image:height\" content=\"533\" \/>\n\t<meta property=\"og:image:type\" content=\"image\/jpeg\" \/>\n<meta name=\"author\" content=\"Alex Pussieldi\" \/>\n<meta name=\"twitter:card\" content=\"summary_large_image\" \/>\n<meta name=\"twitter:label1\" content=\"Escrito por\" \/>\n\t<meta name=\"twitter:data1\" content=\"Alex Pussieldi\" \/>\n\t<meta name=\"twitter:label2\" content=\"Est. tempo de leitura\" \/>\n\t<meta name=\"twitter:data2\" content=\"2 minutos\" \/>\n<script type=\"application\/ld+json\" class=\"yoast-schema-graph\">{\"@context\":\"https:\/\/schema.org\",\"@graph\":[{\"@type\":\"Article\",\"@id\":\"https:\/\/swimchannel.net\/br\/os-melhores-dos-melhores-do-brasileiro-senior-de-verao\/#article\",\"isPartOf\":{\"@id\":\"https:\/\/swimchannel.net\/br\/os-melhores-dos-melhores-do-brasileiro-senior-de-verao\/\"},\"author\":{\"name\":\"Alex Pussieldi\",\"@id\":\"https:\/\/swimchannel.net\/br\/#\/schema\/person\/cf549cb99cf75592fcf7c76213385e63\"},\"headline\":\"Os melhores dos melhores do Brasileiro S\u00eanior de Ver\u00e3o\",\"datePublished\":\"2025-12-23T11:00:05+00:00\",\"dateModified\":\"2025-12-23T14:49:45+00:00\",\"mainEntityOfPage\":{\"@id\":\"https:\/\/swimchannel.net\/br\/os-melhores-dos-melhores-do-brasileiro-senior-de-verao\/\"},\"wordCount\":417,\"commentCount\":0,\"publisher\":{\"@id\":\"https:\/\/swimchannel.net\/br\/#organization\"},\"image\":{\"@id\":\"https:\/\/swimchannel.net\/br\/os-melhores-dos-melhores-do-brasileiro-senior-de-verao\/#primaryimage\"},\"thumbnailUrl\":\"https:\/\/swimchannel.net\/br\/wp-content\/uploads\/2025\/12\/54966029556_2f7dc4bafe_c.jpg\",\"keywords\":[\"Campeonato Brasileiro Senior\",\"natacao\"],\"articleSection\":[\"Nata\u00e7\u00e3o\"],\"inLanguage\":\"pt-BR\",\"potentialAction\":[{\"@type\":\"CommentAction\",\"name\":\"Comment\",\"target\":[\"https:\/\/swimchannel.net\/br\/os-melhores-dos-melhores-do-brasileiro-senior-de-verao\/#respond\"]}]},{\"@type\":\"WebPage\",\"@id\":\"https:\/\/swimchannel.net\/br\/os-melhores-dos-melhores-do-brasileiro-senior-de-verao\/\",\"url\":\"https:\/\/swimchannel.net\/br\/os-melhores-dos-melhores-do-brasileiro-senior-de-verao\/\",\"name\":\"Os melhores dos melhores do Brasileiro S\u00eanior de Ver\u00e3o - Swimchannel\",\"isPartOf\":{\"@id\":\"https:\/\/swimchannel.net\/br\/#website\"},\"primaryImageOfPage\":{\"@id\":\"https:\/\/swimchannel.net\/br\/os-melhores-dos-melhores-do-brasileiro-senior-de-verao\/#primaryimage\"},\"image\":{\"@id\":\"https:\/\/swimchannel.net\/br\/os-melhores-dos-melhores-do-brasileiro-senior-de-verao\/#primaryimage\"},\"thumbnailUrl\":\"https:\/\/swimchannel.net\/br\/wp-content\/uploads\/2025\/12\/54966029556_2f7dc4bafe_c.jpg\",\"datePublished\":\"2025-12-23T11:00:05+00:00\",\"dateModified\":\"2025-12-23T14:49:45+00:00\",\"breadcrumb\":{\"@id\":\"https:\/\/swimchannel.net\/br\/os-melhores-dos-melhores-do-brasileiro-senior-de-verao\/#breadcrumb\"},\"inLanguage\":\"pt-BR\",\"potentialAction\":[{\"@type\":\"ReadAction\",\"target\":[\"https:\/\/swimchannel.net\/br\/os-melhores-dos-melhores-do-brasileiro-senior-de-verao\/\"]}]},{\"@type\":\"ImageObject\",\"inLanguage\":\"pt-BR\",\"@id\":\"https:\/\/swimchannel.net\/br\/os-melhores-dos-melhores-do-brasileiro-senior-de-verao\/#primaryimage\",\"url\":\"https:\/\/swimchannel.net\/br\/wp-content\/uploads\/2025\/12\/54966029556_2f7dc4bafe_c.jpg\",\"contentUrl\":\"https:\/\/swimchannel.net\/br\/wp-content\/uploads\/2025\/12\/54966029556_2f7dc4bafe_c.jpg\",\"width\":799,\"height\":533,\"caption\":\"Gabi Assis - Foto: CBDA\/Divulga\u00e7\u00e3o\"},{\"@type\":\"BreadcrumbList\",\"@id\":\"https:\/\/swimchannel.net\/br\/os-melhores-dos-melhores-do-brasileiro-senior-de-verao\/#breadcrumb\",\"itemListElement\":[{\"@type\":\"ListItem\",\"position\":1,\"name\":\"Home\",\"item\":\"https:\/\/swimchannel.net\/br\/\"},{\"@type\":\"ListItem\",\"position\":2,\"name\":\"Os melhores dos melhores do Brasileiro S\u00eanior de Ver\u00e3o\"}]},{\"@type\":\"WebSite\",\"@id\":\"https:\/\/swimchannel.net\/br\/#website\",\"url\":\"https:\/\/swimchannel.net\/br\/\",\"name\":\"Swimchannel\",\"description\":\"Maior portal de nata\u00e7\u00e3o da america latina\",\"publisher\":{\"@id\":\"https:\/\/swimchannel.net\/br\/#organization\"},\"potentialAction\":[{\"@type\":\"SearchAction\",\"target\":{\"@type\":\"EntryPoint\",\"urlTemplate\":\"https:\/\/swimchannel.net\/br\/?s={search_term_string}\"},\"query-input\":{\"@type\":\"PropertyValueSpecification\",\"valueRequired\":true,\"valueName\":\"search_term_string\"}}],\"inLanguage\":\"pt-BR\"},{\"@type\":\"Organization\",\"@id\":\"https:\/\/swimchannel.net\/br\/#organization\",\"name\":\"Swimchannel - Conectando voc\u00ea a Nata\u00e7\u00e3o\",\"url\":\"https:\/\/swimchannel.net\/br\/\",\"logo\":{\"@type\":\"ImageObject\",\"inLanguage\":\"pt-BR\",\"@id\":\"https:\/\/swimchannel.net\/br\/#\/schema\/logo\/image\/\",\"url\":\"https:\/\/swimchannel.net\/br\/wp-content\/uploads\/2026\/02\/SWIM-CHANNEL.png\",\"contentUrl\":\"https:\/\/swimchannel.net\/br\/wp-content\/uploads\/2026\/02\/SWIM-CHANNEL.png\",\"width\":1120,\"height\":630,\"caption\":\"Swimchannel - Conectando voc\u00ea a Nata\u00e7\u00e3o\"},\"image\":{\"@id\":\"https:\/\/swimchannel.net\/br\/#\/schema\/logo\/image\/\"},\"sameAs\":[\"https:\/\/www.facebook.com\/swimchannel\",\"https:\/\/www.instagram.com\/swimchannel\"]},{\"@type\":\"Person\",\"@id\":\"https:\/\/swimchannel.net\/br\/#\/schema\/person\/cf549cb99cf75592fcf7c76213385e63\",\"name\":\"Alex Pussieldi\",\"image\":{\"@type\":\"ImageObject\",\"inLanguage\":\"pt-BR\",\"@id\":\"https:\/\/swimchannel.net\/br\/#\/schema\/person\/image\/\",\"url\":\"https:\/\/swimchannel.net\/br\/wp-content\/uploads\/2021\/02\/9b1c252d-a4bd-4eda-b399-24565cac4114-100x100.jpg\",\"contentUrl\":\"https:\/\/swimchannel.net\/br\/wp-content\/uploads\/2021\/02\/9b1c252d-a4bd-4eda-b399-24565cac4114-100x100.jpg\",\"caption\":\"Alex Pussieldi\"},\"description\":\"Alexandre Pussieldi, apelidado de \u201ccoach\u201d, Foi t\u00e9cnico da sele\u00e7\u00e3o verde e amarela nas Olimp\u00edadas de Pequim-2008 e Londres-2012. O treinador ainda comandou outros quatro pa\u00edses: Kuwait, Paraguai, Aruba e Antilhas Holandesas, al\u00e9m da sele\u00e7\u00e3o americana de \u00e1guas abertas. Pussieldi tem passagens como comentarista de nata\u00e7\u00e3o do Grupo Globo e Swim Channel.\",\"url\":\"https:\/\/swimchannel.net\/br\/author\/alexpussieldi\/\"}]}<\/script>\n<!-- \/ Yoast SEO plugin. -->","yoast_head_json":{"title":"Os melhores dos melhores do Brasileiro S\u00eanior de Ver\u00e3o - Swimchannel","robots":{"index":"index","follow":"follow","max-snippet":"max-snippet:-1","max-image-preview":"max-image-preview:large","max-video-preview":"max-video-preview:-1"},"canonical":"https:\/\/swimchannel.net\/br\/os-melhores-dos-melhores-do-brasileiro-senior-de-verao\/","og_locale":"pt_BR","og_type":"article","og_title":"Os melhores dos melhores do Brasileiro S\u00eanior de Ver\u00e3o - Swimchannel","og_description":"Trof\u00e9u Daltely Guimar\u00e3es, Campeonato Brasileiro S\u00eanior de Ver\u00e3o, uma das competi\u00e7\u00f5es que fecharam a temporada de 2025 teve o Minas T\u00eanis Clube como campe\u00e3o nacional. Aqui apresentamos os detalhes do evento realizado na piscina do Flamengo, no Rio de Janeiro de 2 a 6 de Dezembro. &nbsp; Classifica\u00e7\u00e3o final Top 10 1o Minas T\u00eanis Clube [&hellip;]","og_url":"https:\/\/swimchannel.net\/br\/os-melhores-dos-melhores-do-brasileiro-senior-de-verao\/","og_site_name":"Swimchannel","article_publisher":"https:\/\/www.facebook.com\/swimchannel","article_published_time":"2025-12-23T11:00:05+00:00","article_modified_time":"2025-12-23T14:49:45+00:00","og_image":[{"width":799,"height":533,"url":"https:\/\/swimchannel.net\/br\/wp-content\/uploads\/2025\/12\/54966029556_2f7dc4bafe_c.jpg","type":"image\/jpeg"}],"author":"Alex Pussieldi","twitter_card":"summary_large_image","twitter_misc":{"Escrito por":"Alex Pussieldi","Est. tempo de leitura":"2 minutos"},"schema":{"@context":"https:\/\/schema.org","@graph":[{"@type":"Article","@id":"https:\/\/swimchannel.net\/br\/os-melhores-dos-melhores-do-brasileiro-senior-de-verao\/#article","isPartOf":{"@id":"https:\/\/swimchannel.net\/br\/os-melhores-dos-melhores-do-brasileiro-senior-de-verao\/"},"author":{"name":"Alex Pussieldi","@id":"https:\/\/swimchannel.net\/br\/#\/schema\/person\/cf549cb99cf75592fcf7c76213385e63"},"headline":"Os melhores dos melhores do Brasileiro S\u00eanior de Ver\u00e3o","datePublished":"2025-12-23T11:00:05+00:00","dateModified":"2025-12-23T14:49:45+00:00","mainEntityOfPage":{"@id":"https:\/\/swimchannel.net\/br\/os-melhores-dos-melhores-do-brasileiro-senior-de-verao\/"},"wordCount":417,"commentCount":0,"publisher":{"@id":"https:\/\/swimchannel.net\/br\/#organization"},"image":{"@id":"https:\/\/swimchannel.net\/br\/os-melhores-dos-melhores-do-brasileiro-senior-de-verao\/#primaryimage"},"thumbnailUrl":"https:\/\/swimchannel.net\/br\/wp-content\/uploads\/2025\/12\/54966029556_2f7dc4bafe_c.jpg","keywords":["Campeonato Brasileiro Senior","natacao"],"articleSection":["Nata\u00e7\u00e3o"],"inLanguage":"pt-BR","potentialAction":[{"@type":"CommentAction","name":"Comment","target":["https:\/\/swimchannel.net\/br\/os-melhores-dos-melhores-do-brasileiro-senior-de-verao\/#respond"]}]},{"@type":"WebPage","@id":"https:\/\/swimchannel.net\/br\/os-melhores-dos-melhores-do-brasileiro-senior-de-verao\/","url":"https:\/\/swimchannel.net\/br\/os-melhores-dos-melhores-do-brasileiro-senior-de-verao\/","name":"Os melhores dos melhores do Brasileiro S\u00eanior de Ver\u00e3o - Swimchannel","isPartOf":{"@id":"https:\/\/swimchannel.net\/br\/#website"},"primaryImageOfPage":{"@id":"https:\/\/swimchannel.net\/br\/os-melhores-dos-melhores-do-brasileiro-senior-de-verao\/#primaryimage"},"image":{"@id":"https:\/\/swimchannel.net\/br\/os-melhores-dos-melhores-do-brasileiro-senior-de-verao\/#primaryimage"},"thumbnailUrl":"https:\/\/swimchannel.net\/br\/wp-content\/uploads\/2025\/12\/54966029556_2f7dc4bafe_c.jpg","datePublished":"2025-12-23T11:00:05+00:00","dateModified":"2025-12-23T14:49:45+00:00","breadcrumb":{"@id":"https:\/\/swimchannel.net\/br\/os-melhores-dos-melhores-do-brasileiro-senior-de-verao\/#breadcrumb"},"inLanguage":"pt-BR","potentialAction":[{"@type":"ReadAction","target":["https:\/\/swimchannel.net\/br\/os-melhores-dos-melhores-do-brasileiro-senior-de-verao\/"]}]},{"@type":"ImageObject","inLanguage":"pt-BR","@id":"https:\/\/swimchannel.net\/br\/os-melhores-dos-melhores-do-brasileiro-senior-de-verao\/#primaryimage","url":"https:\/\/swimchannel.net\/br\/wp-content\/uploads\/2025\/12\/54966029556_2f7dc4bafe_c.jpg","contentUrl":"https:\/\/swimchannel.net\/br\/wp-content\/uploads\/2025\/12\/54966029556_2f7dc4bafe_c.jpg","width":799,"height":533,"caption":"Gabi Assis - Foto: CBDA\/Divulga\u00e7\u00e3o"},{"@type":"BreadcrumbList","@id":"https:\/\/swimchannel.net\/br\/os-melhores-dos-melhores-do-brasileiro-senior-de-verao\/#breadcrumb","itemListElement":[{"@type":"ListItem","position":1,"name":"Home","item":"https:\/\/swimchannel.net\/br\/"},{"@type":"ListItem","position":2,"name":"Os melhores dos melhores do Brasileiro S\u00eanior de Ver\u00e3o"}]},{"@type":"WebSite","@id":"https:\/\/swimchannel.net\/br\/#website","url":"https:\/\/swimchannel.net\/br\/","name":"Swimchannel","description":"Maior portal de nata\u00e7\u00e3o da america latina","publisher":{"@id":"https:\/\/swimchannel.net\/br\/#organization"},"potentialAction":[{"@type":"SearchAction","target":{"@type":"EntryPoint","urlTemplate":"https:\/\/swimchannel.net\/br\/?s={search_term_string}"},"query-input":{"@type":"PropertyValueSpecification","valueRequired":true,"valueName":"search_term_string"}}],"inLanguage":"pt-BR"},{"@type":"Organization","@id":"https:\/\/swimchannel.net\/br\/#organization","name":"Swimchannel - Conectando voc\u00ea a Nata\u00e7\u00e3o","url":"https:\/\/swimchannel.net\/br\/","logo":{"@type":"ImageObject","inLanguage":"pt-BR","@id":"https:\/\/swimchannel.net\/br\/#\/schema\/logo\/image\/","url":"https:\/\/swimchannel.net\/br\/wp-content\/uploads\/2026\/02\/SWIM-CHANNEL.png","contentUrl":"https:\/\/swimchannel.net\/br\/wp-content\/uploads\/2026\/02\/SWIM-CHANNEL.png","width":1120,"height":630,"caption":"Swimchannel - Conectando voc\u00ea a Nata\u00e7\u00e3o"},"image":{"@id":"https:\/\/swimchannel.net\/br\/#\/schema\/logo\/image\/"},"sameAs":["https:\/\/www.facebook.com\/swimchannel","https:\/\/www.instagram.com\/swimchannel"]},{"@type":"Person","@id":"https:\/\/swimchannel.net\/br\/#\/schema\/person\/cf549cb99cf75592fcf7c76213385e63","name":"Alex Pussieldi","image":{"@type":"ImageObject","inLanguage":"pt-BR","@id":"https:\/\/swimchannel.net\/br\/#\/schema\/person\/image\/","url":"https:\/\/swimchannel.net\/br\/wp-content\/uploads\/2021\/02\/9b1c252d-a4bd-4eda-b399-24565cac4114-100x100.jpg","contentUrl":"https:\/\/swimchannel.net\/br\/wp-content\/uploads\/2021\/02\/9b1c252d-a4bd-4eda-b399-24565cac4114-100x100.jpg","caption":"Alex Pussieldi"},"description":"Alexandre Pussieldi, apelidado de \u201ccoach\u201d, Foi t\u00e9cnico da sele\u00e7\u00e3o verde e amarela nas Olimp\u00edadas de Pequim-2008 e Londres-2012. O treinador ainda comandou outros quatro pa\u00edses: Kuwait, Paraguai, Aruba e Antilhas Holandesas, al\u00e9m da sele\u00e7\u00e3o americana de \u00e1guas abertas. Pussieldi tem passagens como comentarista de nata\u00e7\u00e3o do Grupo Globo e Swim Channel.","url":"https:\/\/swimchannel.net\/br\/author\/alexpussieldi\/"}]}},"_links":{"self":[{"href":"https:\/\/swimchannel.net\/br\/wp-json\/wp\/v2\/posts\/78188","targetHints":{"allow":["GET"]}}],"collection":[{"href":"https:\/\/swimchannel.net\/br\/wp-json\/wp\/v2\/posts"}],"about":[{"href":"https:\/\/swimchannel.net\/br\/wp-json\/wp\/v2\/types\/post"}],"author":[{"embeddable":true,"href":"https:\/\/swimchannel.net\/br\/wp-json\/wp\/v2\/users\/12"}],"replies":[{"embeddable":true,"href":"https:\/\/swimchannel.net\/br\/wp-json\/wp\/v2\/comments?post=78188"}],"version-history":[{"count":3,"href":"https:\/\/swimchannel.net\/br\/wp-json\/wp\/v2\/posts\/78188\/revisions"}],"predecessor-version":[{"id":78223,"href":"https:\/\/swimchannel.net\/br\/wp-json\/wp\/v2\/posts\/78188\/revisions\/78223"}],"wp:featuredmedia":[{"embeddable":true,"href":"https:\/\/swimchannel.net\/br\/wp-json\/wp\/v2\/media\/78189"}],"wp:attachment":[{"href":"https:\/\/swimchannel.net\/br\/wp-json\/wp\/v2\/media?parent=78188"}],"wp:term":[{"taxonomy":"category","embeddable":true,"href":"https:\/\/swimchannel.net\/br\/wp-json\/wp\/v2\/categories?post=78188"},{"taxonomy":"post_tag","embeddable":true,"href":"https:\/\/swimchannel.net\/br\/wp-json\/wp\/v2\/tags?post=78188"}],"curies":[{"name":"wp","href":"https:\/\/api.w.org\/{rel}","templated":true}]}}