{"id":78191,"date":"2025-12-22T19:00:35","date_gmt":"2025-12-22T22:00:35","guid":{"rendered":"https:\/\/swimchannel.net\/br\/?p=78191"},"modified":"2025-12-22T19:16:11","modified_gmt":"2025-12-22T22:16:11","slug":"nadador-de-12-anos-conclui-ultramaratona-no-espirito-santo","status":"publish","type":"post","link":"https:\/\/swimchannel.net\/br\/nadador-de-12-anos-conclui-ultramaratona-no-espirito-santo\/","title":{"rendered":"Nadador de 12 anos conclui ultramaratona no Esp\u00edrito Santo"},"content":{"rendered":"<p>O jovem nadador Cau\u00e3 Souza, o Dentinho, de apenas 12 anos de idade, registrou um feito in\u00e9dito no \u00faltimo dia 30 de novembro. O atleta completou com sucesso o Desafio Morro a Morro, uma das provas mais tradicionais do Esp\u00edrito Santo, e que ocorre na cidade de Vila Velha.<\/p>\n<p>Dentinho, que \u00e9 natural de Guarapari, tamb\u00e9m \u00e9 triatleta e completou a ultramaratona de 15 km em Vila Velha, no tempo de 4h20min28s. O nadador encarou ao longo do percurso alguns desafios, como fortes correntezas, o vento e sol.<\/p>\n<p>Com esse feito ele tamb\u00e9m se torna o mais jovem atleta na hist\u00f3ria a conseguir completar a ultramaratona aqu\u00e1tica do Desafio Morro a Morro, em Vila Velha.<\/p>\n<p>&nbsp;<\/p>\n<p>Gostaria de receber as not\u00edcias de nata\u00e7\u00e3o e \u00e1guas abertas no seu email?<\/p>\n<p><a href=\"https:\/\/lpa.nitro.news\/n-GNe\/ultimas-noticias-swim-channel\">Cadastre-se aqui<\/a><\/p>\n","protected":false},"excerpt":{"rendered":"<p>O jovem nadador Cau\u00e3 Souza, o Dentinho, de apenas 12 anos de idade, registrou um feito in\u00e9dito no \u00faltimo dia 30 de novembro. O atleta completou com sucesso o Desafio Morro a Morro, uma das provas mais tradicionais do Esp\u00edrito Santo, e que ocorre na cidade de Vila Velha. Dentinho, que \u00e9 natural de Guarapari, [&hellip;]<\/p>\n","protected":false},"author":3,"featured_media":77391,"comment_status":"open","ping_status":"open","sticky":false,"template":"","format":"gallery","meta":{"footnotes":""},"categories":[115],"tags":[14,6726,6725,5],"class_list":["post-78191","post","type-post","status-publish","format-gallery","has-post-thumbnail","hentry","category-aguas-abertas","tag-aguas-abertas","tag-caua-souza","tag-desafio-morro-a-morro","tag-natacao","post_format-post-format-gallery"],"yoast_head":"<!-- This site is optimized with the Yoast SEO plugin v27.0 - https:\/\/yoast.com\/product\/yoast-seo-wordpress\/ -->\n<title>Nadador de 12 anos conclui ultramaratona no Esp\u00edrito Santo - Swimchannel<\/title>\n<meta name=\"robots\" content=\"index, follow, max-snippet:-1, max-image-preview:large, max-video-preview:-1\" \/>\n<link rel=\"canonical\" href=\"https:\/\/swimchannel.net\/br\/nadador-de-12-anos-conclui-ultramaratona-no-espirito-santo\/\" \/>\n<meta property=\"og:locale\" content=\"pt_BR\" \/>\n<meta property=\"og:type\" content=\"article\" \/>\n<meta property=\"og:title\" content=\"Nadador de 12 anos conclui ultramaratona no Esp\u00edrito Santo - Swimchannel\" \/>\n<meta property=\"og:description\" content=\"O jovem nadador Cau\u00e3 Souza, o Dentinho, de apenas 12 anos de idade, registrou um feito in\u00e9dito no \u00faltimo dia 30 de novembro. O atleta completou com sucesso o Desafio Morro a Morro, uma das provas mais tradicionais do Esp\u00edrito Santo, e que ocorre na cidade de Vila Velha. Dentinho, que \u00e9 natural de Guarapari, [&hellip;]\" \/>\n<meta property=\"og:url\" content=\"https:\/\/swimchannel.net\/br\/nadador-de-12-anos-conclui-ultramaratona-no-espirito-santo\/\" \/>\n<meta property=\"og:site_name\" content=\"Swimchannel\" \/>\n<meta property=\"article:publisher\" content=\"https:\/\/www.facebook.com\/swimchannel\" \/>\n<meta property=\"article:published_time\" content=\"2025-12-22T22:00:35+00:00\" \/>\n<meta property=\"article:modified_time\" content=\"2025-12-22T22:16:11+00:00\" \/>\n<meta property=\"og:image\" content=\"https:\/\/swimchannel.net\/br\/wp-content\/uploads\/2025\/12\/31cj7jnr.png\" \/>\n\t<meta property=\"og:image:width\" content=\"855\" \/>\n\t<meta property=\"og:image:height\" content=\"644\" \/>\n\t<meta property=\"og:image:type\" content=\"image\/png\" \/>\n<meta name=\"author\" content=\"Guilherme Freitas\" \/>\n<meta name=\"twitter:card\" content=\"summary_large_image\" \/>\n<meta name=\"twitter:label1\" content=\"Escrito por\" \/>\n\t<meta name=\"twitter:data1\" content=\"Guilherme Freitas\" \/>\n\t<meta name=\"twitter:label2\" content=\"Est. tempo de leitura\" \/>\n\t<meta name=\"twitter:data2\" content=\"1 minuto\" \/>\n<script type=\"application\/ld+json\" class=\"yoast-schema-graph\">{\"@context\":\"https:\/\/schema.org\",\"@graph\":[{\"@type\":\"Article\",\"@id\":\"https:\/\/swimchannel.net\/br\/nadador-de-12-anos-conclui-ultramaratona-no-espirito-santo\/#article\",\"isPartOf\":{\"@id\":\"https:\/\/swimchannel.net\/br\/nadador-de-12-anos-conclui-ultramaratona-no-espirito-santo\/\"},\"author\":{\"name\":\"Guilherme Freitas\",\"@id\":\"https:\/\/swimchannel.net\/br\/#\/schema\/person\/aa2a63bab3275f53749a83276b213c48\"},\"headline\":\"Nadador de 12 anos conclui ultramaratona no Esp\u00edrito Santo\",\"datePublished\":\"2025-12-22T22:00:35+00:00\",\"dateModified\":\"2025-12-22T22:16:11+00:00\",\"mainEntityOfPage\":{\"@id\":\"https:\/\/swimchannel.net\/br\/nadador-de-12-anos-conclui-ultramaratona-no-espirito-santo\/\"},\"wordCount\":145,\"commentCount\":0,\"publisher\":{\"@id\":\"https:\/\/swimchannel.net\/br\/#organization\"},\"image\":{\"@id\":\"https:\/\/swimchannel.net\/br\/nadador-de-12-anos-conclui-ultramaratona-no-espirito-santo\/#primaryimage\"},\"thumbnailUrl\":\"https:\/\/swimchannel.net\/br\/wp-content\/uploads\/2025\/12\/31cj7jnr.png\",\"keywords\":[\"\u00c1guas abertas\",\"Cau\u00e3 Souza\",\"Desafio Morro a Morro\",\"natacao\"],\"articleSection\":[\"\u00c1guas Abertas\"],\"inLanguage\":\"pt-BR\",\"potentialAction\":[{\"@type\":\"CommentAction\",\"name\":\"Comment\",\"target\":[\"https:\/\/swimchannel.net\/br\/nadador-de-12-anos-conclui-ultramaratona-no-espirito-santo\/#respond\"]}]},{\"@type\":\"WebPage\",\"@id\":\"https:\/\/swimchannel.net\/br\/nadador-de-12-anos-conclui-ultramaratona-no-espirito-santo\/\",\"url\":\"https:\/\/swimchannel.net\/br\/nadador-de-12-anos-conclui-ultramaratona-no-espirito-santo\/\",\"name\":\"Nadador de 12 anos conclui ultramaratona no Esp\u00edrito Santo - Swimchannel\",\"isPartOf\":{\"@id\":\"https:\/\/swimchannel.net\/br\/#website\"},\"primaryImageOfPage\":{\"@id\":\"https:\/\/swimchannel.net\/br\/nadador-de-12-anos-conclui-ultramaratona-no-espirito-santo\/#primaryimage\"},\"image\":{\"@id\":\"https:\/\/swimchannel.net\/br\/nadador-de-12-anos-conclui-ultramaratona-no-espirito-santo\/#primaryimage\"},\"thumbnailUrl\":\"https:\/\/swimchannel.net\/br\/wp-content\/uploads\/2025\/12\/31cj7jnr.png\",\"datePublished\":\"2025-12-22T22:00:35+00:00\",\"dateModified\":\"2025-12-22T22:16:11+00:00\",\"breadcrumb\":{\"@id\":\"https:\/\/swimchannel.net\/br\/nadador-de-12-anos-conclui-ultramaratona-no-espirito-santo\/#breadcrumb\"},\"inLanguage\":\"pt-BR\",\"potentialAction\":[{\"@type\":\"ReadAction\",\"target\":[\"https:\/\/swimchannel.net\/br\/nadador-de-12-anos-conclui-ultramaratona-no-espirito-santo\/\"]}]},{\"@type\":\"ImageObject\",\"inLanguage\":\"pt-BR\",\"@id\":\"https:\/\/swimchannel.net\/br\/nadador-de-12-anos-conclui-ultramaratona-no-espirito-santo\/#primaryimage\",\"url\":\"https:\/\/swimchannel.net\/br\/wp-content\/uploads\/2025\/12\/31cj7jnr.png\",\"contentUrl\":\"https:\/\/swimchannel.net\/br\/wp-content\/uploads\/2025\/12\/31cj7jnr.png\",\"width\":855,\"height\":644,\"caption\":\"Travessia Morro a Morro - Foto: Organiza\u00e7\u00e3o do evento\"},{\"@type\":\"BreadcrumbList\",\"@id\":\"https:\/\/swimchannel.net\/br\/nadador-de-12-anos-conclui-ultramaratona-no-espirito-santo\/#breadcrumb\",\"itemListElement\":[{\"@type\":\"ListItem\",\"position\":1,\"name\":\"Home\",\"item\":\"https:\/\/swimchannel.net\/br\/\"},{\"@type\":\"ListItem\",\"position\":2,\"name\":\"Nadador de 12 anos conclui ultramaratona no Esp\u00edrito Santo\"}]},{\"@type\":\"WebSite\",\"@id\":\"https:\/\/swimchannel.net\/br\/#website\",\"url\":\"https:\/\/swimchannel.net\/br\/\",\"name\":\"Swimchannel\",\"description\":\"Maior portal de nata\u00e7\u00e3o da america latina\",\"publisher\":{\"@id\":\"https:\/\/swimchannel.net\/br\/#organization\"},\"potentialAction\":[{\"@type\":\"SearchAction\",\"target\":{\"@type\":\"EntryPoint\",\"urlTemplate\":\"https:\/\/swimchannel.net\/br\/?s={search_term_string}\"},\"query-input\":{\"@type\":\"PropertyValueSpecification\",\"valueRequired\":true,\"valueName\":\"search_term_string\"}}],\"inLanguage\":\"pt-BR\"},{\"@type\":\"Organization\",\"@id\":\"https:\/\/swimchannel.net\/br\/#organization\",\"name\":\"Swimchannel - Conectando voc\u00ea a Nata\u00e7\u00e3o\",\"url\":\"https:\/\/swimchannel.net\/br\/\",\"logo\":{\"@type\":\"ImageObject\",\"inLanguage\":\"pt-BR\",\"@id\":\"https:\/\/swimchannel.net\/br\/#\/schema\/logo\/image\/\",\"url\":\"https:\/\/swimchannel.net\/br\/wp-content\/uploads\/2026\/02\/SWIM-CHANNEL.png\",\"contentUrl\":\"https:\/\/swimchannel.net\/br\/wp-content\/uploads\/2026\/02\/SWIM-CHANNEL.png\",\"width\":1120,\"height\":630,\"caption\":\"Swimchannel - Conectando voc\u00ea a Nata\u00e7\u00e3o\"},\"image\":{\"@id\":\"https:\/\/swimchannel.net\/br\/#\/schema\/logo\/image\/\"},\"sameAs\":[\"https:\/\/www.facebook.com\/swimchannel\",\"https:\/\/www.instagram.com\/swimchannel\"]},{\"@type\":\"Person\",\"@id\":\"https:\/\/swimchannel.net\/br\/#\/schema\/person\/aa2a63bab3275f53749a83276b213c48\",\"name\":\"Guilherme Freitas\",\"image\":{\"@type\":\"ImageObject\",\"inLanguage\":\"pt-BR\",\"@id\":\"https:\/\/swimchannel.net\/br\/#\/schema\/person\/image\/\",\"url\":\"https:\/\/swimchannel.net\/br\/wp-content\/uploads\/2025\/10\/gui22-193x180.png\",\"contentUrl\":\"https:\/\/swimchannel.net\/br\/wp-content\/uploads\/2025\/10\/gui22-193x180.png\",\"caption\":\"Guilherme Freitas\"},\"description\":\"Jornalista s\u00eanior da SWIM CHANNEL, ex-correspondente da FINA no Brasil e pesquisador acad\u00eamico.\",\"sameAs\":[\"instagram.com\/guifreitas86\"],\"url\":\"https:\/\/swimchannel.net\/br\/author\/guilherme-freitas\/\"}]}<\/script>\n<!-- \/ Yoast SEO plugin. -->","yoast_head_json":{"title":"Nadador de 12 anos conclui ultramaratona no Esp\u00edrito Santo - Swimchannel","robots":{"index":"index","follow":"follow","max-snippet":"max-snippet:-1","max-image-preview":"max-image-preview:large","max-video-preview":"max-video-preview:-1"},"canonical":"https:\/\/swimchannel.net\/br\/nadador-de-12-anos-conclui-ultramaratona-no-espirito-santo\/","og_locale":"pt_BR","og_type":"article","og_title":"Nadador de 12 anos conclui ultramaratona no Esp\u00edrito Santo - Swimchannel","og_description":"O jovem nadador Cau\u00e3 Souza, o Dentinho, de apenas 12 anos de idade, registrou um feito in\u00e9dito no \u00faltimo dia 30 de novembro. O atleta completou com sucesso o Desafio Morro a Morro, uma das provas mais tradicionais do Esp\u00edrito Santo, e que ocorre na cidade de Vila Velha. Dentinho, que \u00e9 natural de Guarapari, [&hellip;]","og_url":"https:\/\/swimchannel.net\/br\/nadador-de-12-anos-conclui-ultramaratona-no-espirito-santo\/","og_site_name":"Swimchannel","article_publisher":"https:\/\/www.facebook.com\/swimchannel","article_published_time":"2025-12-22T22:00:35+00:00","article_modified_time":"2025-12-22T22:16:11+00:00","og_image":[{"width":855,"height":644,"url":"https:\/\/swimchannel.net\/br\/wp-content\/uploads\/2025\/12\/31cj7jnr.png","type":"image\/png"}],"author":"Guilherme Freitas","twitter_card":"summary_large_image","twitter_misc":{"Escrito por":"Guilherme Freitas","Est. tempo de leitura":"1 minuto"},"schema":{"@context":"https:\/\/schema.org","@graph":[{"@type":"Article","@id":"https:\/\/swimchannel.net\/br\/nadador-de-12-anos-conclui-ultramaratona-no-espirito-santo\/#article","isPartOf":{"@id":"https:\/\/swimchannel.net\/br\/nadador-de-12-anos-conclui-ultramaratona-no-espirito-santo\/"},"author":{"name":"Guilherme Freitas","@id":"https:\/\/swimchannel.net\/br\/#\/schema\/person\/aa2a63bab3275f53749a83276b213c48"},"headline":"Nadador de 12 anos conclui ultramaratona no Esp\u00edrito Santo","datePublished":"2025-12-22T22:00:35+00:00","dateModified":"2025-12-22T22:16:11+00:00","mainEntityOfPage":{"@id":"https:\/\/swimchannel.net\/br\/nadador-de-12-anos-conclui-ultramaratona-no-espirito-santo\/"},"wordCount":145,"commentCount":0,"publisher":{"@id":"https:\/\/swimchannel.net\/br\/#organization"},"image":{"@id":"https:\/\/swimchannel.net\/br\/nadador-de-12-anos-conclui-ultramaratona-no-espirito-santo\/#primaryimage"},"thumbnailUrl":"https:\/\/swimchannel.net\/br\/wp-content\/uploads\/2025\/12\/31cj7jnr.png","keywords":["\u00c1guas abertas","Cau\u00e3 Souza","Desafio Morro a Morro","natacao"],"articleSection":["\u00c1guas Abertas"],"inLanguage":"pt-BR","potentialAction":[{"@type":"CommentAction","name":"Comment","target":["https:\/\/swimchannel.net\/br\/nadador-de-12-anos-conclui-ultramaratona-no-espirito-santo\/#respond"]}]},{"@type":"WebPage","@id":"https:\/\/swimchannel.net\/br\/nadador-de-12-anos-conclui-ultramaratona-no-espirito-santo\/","url":"https:\/\/swimchannel.net\/br\/nadador-de-12-anos-conclui-ultramaratona-no-espirito-santo\/","name":"Nadador de 12 anos conclui ultramaratona no Esp\u00edrito Santo - Swimchannel","isPartOf":{"@id":"https:\/\/swimchannel.net\/br\/#website"},"primaryImageOfPage":{"@id":"https:\/\/swimchannel.net\/br\/nadador-de-12-anos-conclui-ultramaratona-no-espirito-santo\/#primaryimage"},"image":{"@id":"https:\/\/swimchannel.net\/br\/nadador-de-12-anos-conclui-ultramaratona-no-espirito-santo\/#primaryimage"},"thumbnailUrl":"https:\/\/swimchannel.net\/br\/wp-content\/uploads\/2025\/12\/31cj7jnr.png","datePublished":"2025-12-22T22:00:35+00:00","dateModified":"2025-12-22T22:16:11+00:00","breadcrumb":{"@id":"https:\/\/swimchannel.net\/br\/nadador-de-12-anos-conclui-ultramaratona-no-espirito-santo\/#breadcrumb"},"inLanguage":"pt-BR","potentialAction":[{"@type":"ReadAction","target":["https:\/\/swimchannel.net\/br\/nadador-de-12-anos-conclui-ultramaratona-no-espirito-santo\/"]}]},{"@type":"ImageObject","inLanguage":"pt-BR","@id":"https:\/\/swimchannel.net\/br\/nadador-de-12-anos-conclui-ultramaratona-no-espirito-santo\/#primaryimage","url":"https:\/\/swimchannel.net\/br\/wp-content\/uploads\/2025\/12\/31cj7jnr.png","contentUrl":"https:\/\/swimchannel.net\/br\/wp-content\/uploads\/2025\/12\/31cj7jnr.png","width":855,"height":644,"caption":"Travessia Morro a Morro - Foto: Organiza\u00e7\u00e3o do evento"},{"@type":"BreadcrumbList","@id":"https:\/\/swimchannel.net\/br\/nadador-de-12-anos-conclui-ultramaratona-no-espirito-santo\/#breadcrumb","itemListElement":[{"@type":"ListItem","position":1,"name":"Home","item":"https:\/\/swimchannel.net\/br\/"},{"@type":"ListItem","position":2,"name":"Nadador de 12 anos conclui ultramaratona no Esp\u00edrito Santo"}]},{"@type":"WebSite","@id":"https:\/\/swimchannel.net\/br\/#website","url":"https:\/\/swimchannel.net\/br\/","name":"Swimchannel","description":"Maior portal de nata\u00e7\u00e3o da america latina","publisher":{"@id":"https:\/\/swimchannel.net\/br\/#organization"},"potentialAction":[{"@type":"SearchAction","target":{"@type":"EntryPoint","urlTemplate":"https:\/\/swimchannel.net\/br\/?s={search_term_string}"},"query-input":{"@type":"PropertyValueSpecification","valueRequired":true,"valueName":"search_term_string"}}],"inLanguage":"pt-BR"},{"@type":"Organization","@id":"https:\/\/swimchannel.net\/br\/#organization","name":"Swimchannel - Conectando voc\u00ea a Nata\u00e7\u00e3o","url":"https:\/\/swimchannel.net\/br\/","logo":{"@type":"ImageObject","inLanguage":"pt-BR","@id":"https:\/\/swimchannel.net\/br\/#\/schema\/logo\/image\/","url":"https:\/\/swimchannel.net\/br\/wp-content\/uploads\/2026\/02\/SWIM-CHANNEL.png","contentUrl":"https:\/\/swimchannel.net\/br\/wp-content\/uploads\/2026\/02\/SWIM-CHANNEL.png","width":1120,"height":630,"caption":"Swimchannel - Conectando voc\u00ea a Nata\u00e7\u00e3o"},"image":{"@id":"https:\/\/swimchannel.net\/br\/#\/schema\/logo\/image\/"},"sameAs":["https:\/\/www.facebook.com\/swimchannel","https:\/\/www.instagram.com\/swimchannel"]},{"@type":"Person","@id":"https:\/\/swimchannel.net\/br\/#\/schema\/person\/aa2a63bab3275f53749a83276b213c48","name":"Guilherme Freitas","image":{"@type":"ImageObject","inLanguage":"pt-BR","@id":"https:\/\/swimchannel.net\/br\/#\/schema\/person\/image\/","url":"https:\/\/swimchannel.net\/br\/wp-content\/uploads\/2025\/10\/gui22-193x180.png","contentUrl":"https:\/\/swimchannel.net\/br\/wp-content\/uploads\/2025\/10\/gui22-193x180.png","caption":"Guilherme Freitas"},"description":"Jornalista s\u00eanior da SWIM CHANNEL, ex-correspondente da FINA no Brasil e pesquisador acad\u00eamico.","sameAs":["instagram.com\/guifreitas86"],"url":"https:\/\/swimchannel.net\/br\/author\/guilherme-freitas\/"}]}},"_links":{"self":[{"href":"https:\/\/swimchannel.net\/br\/wp-json\/wp\/v2\/posts\/78191","targetHints":{"allow":["GET"]}}],"collection":[{"href":"https:\/\/swimchannel.net\/br\/wp-json\/wp\/v2\/posts"}],"about":[{"href":"https:\/\/swimchannel.net\/br\/wp-json\/wp\/v2\/types\/post"}],"author":[{"embeddable":true,"href":"https:\/\/swimchannel.net\/br\/wp-json\/wp\/v2\/users\/3"}],"replies":[{"embeddable":true,"href":"https:\/\/swimchannel.net\/br\/wp-json\/wp\/v2\/comments?post=78191"}],"version-history":[{"count":1,"href":"https:\/\/swimchannel.net\/br\/wp-json\/wp\/v2\/posts\/78191\/revisions"}],"predecessor-version":[{"id":78202,"href":"https:\/\/swimchannel.net\/br\/wp-json\/wp\/v2\/posts\/78191\/revisions\/78202"}],"wp:featuredmedia":[{"embeddable":true,"href":"https:\/\/swimchannel.net\/br\/wp-json\/wp\/v2\/media\/77391"}],"wp:attachment":[{"href":"https:\/\/swimchannel.net\/br\/wp-json\/wp\/v2\/media?parent=78191"}],"wp:term":[{"taxonomy":"category","embeddable":true,"href":"https:\/\/swimchannel.net\/br\/wp-json\/wp\/v2\/categories?post=78191"},{"taxonomy":"post_tag","embeddable":true,"href":"https:\/\/swimchannel.net\/br\/wp-json\/wp\/v2\/tags?post=78191"}],"curies":[{"name":"wp","href":"https:\/\/api.w.org\/{rel}","templated":true}]}}