{"id":78322,"date":"2025-12-29T08:00:09","date_gmt":"2025-12-29T11:00:09","guid":{"rendered":"https:\/\/swimchannel.net\/br\/?p=78322"},"modified":"2025-12-29T13:48:59","modified_gmt":"2025-12-29T16:48:59","slug":"gabriela-cristina-ferreira-do-curitibano-e-a-infantil-mais-valiosa-do-brasil-em-2025-2","status":"publish","type":"post","link":"https:\/\/swimchannel.net\/br\/gabriela-cristina-ferreira-do-curitibano-e-a-infantil-mais-valiosa-do-brasil-em-2025-2\/","title":{"rendered":"Gabriela Cristina Ferreira do Curitibano \u00e9 a infantil mais valiosa do Brasil em 2025"},"content":{"rendered":"<p>Fechando a s\u00e9rie de levantamento apontando os Nadadores Mais Valiosos do Brasil, chegamos a Categoria Infantil onde Gabriela Cristina Ferreira do Curitibano terminou o ano como a atleta com mais pontos marcados nos Brasileiros de Inverno e Ver\u00e3o. Foram 446 pontos, apenas um a mais do que Matheus Ngome do \u00c1lvares Cabral, l\u00edder do Infantil I Masculino. Os outros l\u00edderes de categoria foram Helena Scott da Vila Parahyba e Rafael Stefanini do Paineiras.<\/p>\n<p>Vale destacar que Gabriela Ferreira e Rafael Stefanini j\u00e1 haviam sido os mais valiosos do Infantil I em 2024. Veja abaixo o Top 10 por categoria:<\/p>\n<p>&nbsp;<\/p>\n<figure id=\"attachment_78368\" aria-describedby=\"caption-attachment-78368\" style=\"width: 631px\" class=\"wp-caption alignnone\"><img loading=\"lazy\" decoding=\"async\" class=\"size-full wp-image-78368\" src=\"https:\/\/swimchannel.net\/br\/wp-content\/uploads\/2025\/12\/scott.jpg\" alt=\"\" width=\"631\" height=\"630\" srcset=\"https:\/\/swimchannel.net\/br\/wp-content\/uploads\/2025\/12\/scott.jpg 631w, https:\/\/swimchannel.net\/br\/wp-content\/uploads\/2025\/12\/scott-180x180.jpg 180w, https:\/\/swimchannel.net\/br\/wp-content\/uploads\/2025\/12\/scott-75x75.jpg 75w\" sizes=\"auto, (max-width: 631px) 100vw, 631px\" \/><figcaption id=\"caption-attachment-78368\" class=\"wp-caption-text\">Helena Scott &#8211; Foto: Reprodu\u00e7\u00e3o\/Redes sociais<\/figcaption><\/figure>\n<p><strong>Infantil I feminino<\/strong><br \/>\n1o Helena Scott, Vila Parahyba 363 pontos<br \/>\n2o Maria Eduarda Amorim, Fluminense 330 pontos<br \/>\n3o Pietra Saboia, SESI SP 287 pontos<br \/>\n4o Carolina Morcelli Brand\u00e3o, R\u00e1dio Clube 263 pontos<br \/>\n5o Martina Paludetto, Curitibano 243 pontos<br \/>\n6o Brendha Oliveira, SESI SP 260 pontos<br \/>\n7o Carolina Nascimento, Paineiras 181 pontos<br \/>\n8o Sophia Lopes, Paineiras 170 pontos<br \/>\n9o Valentina Martins, Uni\u00e3o 168 pontos<br \/>\n10o Nina Figueiredo, Flamengo 167 pontos<\/p>\n<p>&nbsp;<\/p>\n<figure id=\"attachment_74316\" aria-describedby=\"caption-attachment-74316\" style=\"width: 1199px\" class=\"wp-caption alignnone\"><img loading=\"lazy\" decoding=\"async\" class=\"size-large wp-image-74316\" src=\"https:\/\/swimchannel.net\/br\/wp-content\/uploads\/2025\/06\/WhatsApp-Image-2025-06-13-at-4.07.02-PM-1-1199x800.jpeg\" alt=\"\" width=\"1199\" height=\"800\" srcset=\"https:\/\/swimchannel.net\/br\/wp-content\/uploads\/2025\/06\/WhatsApp-Image-2025-06-13-at-4.07.02-PM-1-1199x800.jpeg 1199w, https:\/\/swimchannel.net\/br\/wp-content\/uploads\/2025\/06\/WhatsApp-Image-2025-06-13-at-4.07.02-PM-1-1012x675.jpeg 1012w, https:\/\/swimchannel.net\/br\/wp-content\/uploads\/2025\/06\/WhatsApp-Image-2025-06-13-at-4.07.02-PM-1-270x180.jpeg 270w, https:\/\/swimchannel.net\/br\/wp-content\/uploads\/2025\/06\/WhatsApp-Image-2025-06-13-at-4.07.02-PM-1-768x512.jpeg 768w, https:\/\/swimchannel.net\/br\/wp-content\/uploads\/2025\/06\/WhatsApp-Image-2025-06-13-at-4.07.02-PM-1-1536x1024.jpeg 1536w, https:\/\/swimchannel.net\/br\/wp-content\/uploads\/2025\/06\/WhatsApp-Image-2025-06-13-at-4.07.02-PM-1-2048x1366.jpeg 2048w, https:\/\/swimchannel.net\/br\/wp-content\/uploads\/2025\/06\/WhatsApp-Image-2025-06-13-at-4.07.02-PM-1-750x500.jpeg 750w, https:\/\/swimchannel.net\/br\/wp-content\/uploads\/2025\/06\/WhatsApp-Image-2025-06-13-at-4.07.02-PM-1-1140x760.jpeg 1140w\" sizes=\"auto, (max-width: 1199px) 100vw, 1199px\" \/><figcaption id=\"caption-attachment-74316\" class=\"wp-caption-text\">Matheus Machado Ngome &#8211; Foto: Daniel Oshiro<\/figcaption><\/figure>\n<p><strong>Infantil I masculino<\/strong><br \/>\n1o Matheus Ngome, \u00c1lvares Cabral 445 pontos<br \/>\n2o Arthur Corandim, Americana 364 pontos<br \/>\n3o Guilherme Barbuio, ABDA 279 pontos<br \/>\n4o Klaus Janson Filho, Joinville 248 pontos<br \/>\n5o Murilo Oliveira, Itamirim 227 pontos<br \/>\n6o Rog\u00e9rio Shirai, Corinthians 221 pontos<br \/>\n7o Pedro Facina, Americana 219,5 pontos<br \/>\n8o Miguel Tijon, SESI SP 213 pontos<br \/>\n9o Miguel Lavoura, ANEL e Nicolas Lucas, ABDA 211 pontos<\/p>\n<p>&nbsp;<\/p>\n<figure id=\"attachment_78369\" aria-describedby=\"caption-attachment-78369\" style=\"width: 945px\" class=\"wp-caption alignnone\"><img loading=\"lazy\" decoding=\"async\" class=\"size-full wp-image-78369\" src=\"https:\/\/swimchannel.net\/br\/wp-content\/uploads\/2025\/12\/gabi.jpg\" alt=\"\" width=\"945\" height=\"630\" srcset=\"https:\/\/swimchannel.net\/br\/wp-content\/uploads\/2025\/12\/gabi.jpg 945w, https:\/\/swimchannel.net\/br\/wp-content\/uploads\/2025\/12\/gabi-270x180.jpg 270w, https:\/\/swimchannel.net\/br\/wp-content\/uploads\/2025\/12\/gabi-768x512.jpg 768w, https:\/\/swimchannel.net\/br\/wp-content\/uploads\/2025\/12\/gabi-750x500.jpg 750w\" sizes=\"auto, (max-width: 945px) 100vw, 945px\" \/><figcaption id=\"caption-attachment-78369\" class=\"wp-caption-text\">Gabriela Cristina Ferreira &#8211; Foto: Reprodu\u00e7\u00e3o\/Redes sociais<\/figcaption><\/figure>\n<p><strong>Infantil II feminino<\/strong><br \/>\n1o Gabriela Cristina Ferreira, Curitibano 446 pontos<br \/>\n2o Alice Vi\u00e7osa Cruz, Fluminense 291 pontos<br \/>\n3o Iris Duarte Miguel, Corinthians 274 pontos<br \/>\n4o Isadora Miyashiro, Unisanta 270 pontos<br \/>\n5o Adriana Franciscani, Corinthians 261 pontos<br \/>\n6o Manuela Amado, Unisanta 193 pontos<br \/>\n7o Julia Souza, Corinthians 187 pontos<br \/>\n8o Vida Costa, Clube de Engenharia 185 pontos<br \/>\n9o Larissa Avelino, SESI SP 171 pontos<br \/>\n10o Luisa Ferreira, Unisanta 170 pontos<\/p>\n<p>&nbsp;<\/p>\n<figure id=\"attachment_78370\" aria-describedby=\"caption-attachment-78370\" style=\"width: 993px\" class=\"wp-caption alignnone\"><img loading=\"lazy\" decoding=\"async\" class=\"size-full wp-image-78370\" src=\"https:\/\/swimchannel.net\/br\/wp-content\/uploads\/2025\/12\/e042d8c5-821c-42d0-bac2-c16703bf2c07.jpg\" alt=\"\" width=\"993\" height=\"630\" srcset=\"https:\/\/swimchannel.net\/br\/wp-content\/uploads\/2025\/12\/e042d8c5-821c-42d0-bac2-c16703bf2c07.jpg 993w, https:\/\/swimchannel.net\/br\/wp-content\/uploads\/2025\/12\/e042d8c5-821c-42d0-bac2-c16703bf2c07-284x180.jpg 284w, https:\/\/swimchannel.net\/br\/wp-content\/uploads\/2025\/12\/e042d8c5-821c-42d0-bac2-c16703bf2c07-768x487.jpg 768w, https:\/\/swimchannel.net\/br\/wp-content\/uploads\/2025\/12\/e042d8c5-821c-42d0-bac2-c16703bf2c07-750x476.jpg 750w\" sizes=\"auto, (max-width: 993px) 100vw, 993px\" \/><figcaption id=\"caption-attachment-78370\" class=\"wp-caption-text\">Rafael Stefanini &#8211; Foto: Elieser Mota<\/figcaption><\/figure>\n<p><strong>Infantil II masculino<\/strong><br \/>\n1o Rafael Stefanini, Paineiras 388 pontos<br \/>\n2o Guilherme Petrin, Santo Andr\u00e9 317 pontos<br \/>\n3o Dayalo Xavier, Vila Parahyba e Vinicius Nascimento, SESI SP 294 pontos<br \/>\n5o Felipe Fernandes, ADEN 275 pontos<br \/>\n6o Rodrigo Marques, Uni\u00e3o 200 pontos<br \/>\n7o Rhuan Sena, Praia Grande 165 pontos<br \/>\n8o Luiz Antonio Silva, AABB Acre 162 pontos<br \/>\n9o Cau\u00e3 Queir\u00f3z, Cai\u00e7aras 150 pontos<br \/>\n10o Vinicius Cunha, Fluminense 145 pontos<\/p>\n<p>&nbsp;<\/p>\n<p>Gostaria de receber as not\u00edcias de nata\u00e7\u00e3o e \u00e1guas abertas no seu email?<\/p>\n<p><a href=\"https:\/\/lpa.nitro.news\/n-GNe\/ultimas-noticias-swim-channel\">Cadastre-se aqui<\/a><\/p>\n","protected":false},"excerpt":{"rendered":"<p>Fechando a s\u00e9rie de levantamento apontando os Nadadores Mais Valiosos do Brasil, chegamos a Categoria Infantil onde Gabriela Cristina Ferreira do Curitibano terminou o ano como a atleta com mais pontos marcados nos Brasileiros de Inverno e Ver\u00e3o. Foram 446 pontos, apenas um a mais do que Matheus Ngome do \u00c1lvares Cabral, l\u00edder do Infantil [&hellip;]<\/p>\n","protected":false},"author":12,"featured_media":78323,"comment_status":"open","ping_status":"open","sticky":false,"template":"","format":"standard","meta":{"footnotes":""},"categories":[137],"tags":[6740,5],"class_list":["post-78322","post","type-post","status-publish","format-standard","has-post-thumbnail","hentry","category-natacao","tag-gabriela-cristina-ferreira","tag-natacao"],"yoast_head":"<!-- This site is optimized with the Yoast SEO plugin v27.0 - https:\/\/yoast.com\/product\/yoast-seo-wordpress\/ -->\n<title>Gabriela Cristina Ferreira do Curitibano \u00e9 a infantil mais valiosa do Brasil em 2025 - Swimchannel<\/title>\n<meta name=\"robots\" content=\"index, follow, max-snippet:-1, max-image-preview:large, max-video-preview:-1\" \/>\n<link rel=\"canonical\" href=\"https:\/\/swimchannel.net\/br\/gabriela-cristina-ferreira-do-curitibano-e-a-infantil-mais-valiosa-do-brasil-em-2025-2\/\" \/>\n<meta property=\"og:locale\" content=\"pt_BR\" \/>\n<meta property=\"og:type\" content=\"article\" \/>\n<meta property=\"og:title\" content=\"Gabriela Cristina Ferreira do Curitibano \u00e9 a infantil mais valiosa do Brasil em 2025 - Swimchannel\" \/>\n<meta property=\"og:description\" content=\"Fechando a s\u00e9rie de levantamento apontando os Nadadores Mais Valiosos do Brasil, chegamos a Categoria Infantil onde Gabriela Cristina Ferreira do Curitibano terminou o ano como a atleta com mais pontos marcados nos Brasileiros de Inverno e Ver\u00e3o. Foram 446 pontos, apenas um a mais do que Matheus Ngome do \u00c1lvares Cabral, l\u00edder do Infantil [&hellip;]\" \/>\n<meta property=\"og:url\" content=\"https:\/\/swimchannel.net\/br\/gabriela-cristina-ferreira-do-curitibano-e-a-infantil-mais-valiosa-do-brasil-em-2025-2\/\" \/>\n<meta property=\"og:site_name\" content=\"Swimchannel\" \/>\n<meta property=\"article:publisher\" content=\"https:\/\/www.facebook.com\/swimchannel\" \/>\n<meta property=\"article:published_time\" content=\"2025-12-29T11:00:09+00:00\" \/>\n<meta property=\"article:modified_time\" content=\"2025-12-29T16:48:59+00:00\" \/>\n<meta property=\"og:image\" content=\"https:\/\/swimchannel.net\/br\/wp-content\/uploads\/2025\/12\/686c3182e72a7-1.jpg\" \/>\n\t<meta property=\"og:image:width\" content=\"889\" \/>\n\t<meta property=\"og:image:height\" content=\"500\" \/>\n\t<meta property=\"og:image:type\" content=\"image\/jpeg\" \/>\n<meta name=\"author\" content=\"Alex Pussieldi\" \/>\n<meta name=\"twitter:card\" content=\"summary_large_image\" \/>\n<meta name=\"twitter:label1\" content=\"Escrito por\" \/>\n\t<meta name=\"twitter:data1\" content=\"Alex Pussieldi\" \/>\n\t<meta name=\"twitter:label2\" content=\"Est. tempo de leitura\" \/>\n\t<meta name=\"twitter:data2\" content=\"2 minutos\" \/>\n<script type=\"application\/ld+json\" class=\"yoast-schema-graph\">{\"@context\":\"https:\/\/schema.org\",\"@graph\":[{\"@type\":\"Article\",\"@id\":\"https:\/\/swimchannel.net\/br\/gabriela-cristina-ferreira-do-curitibano-e-a-infantil-mais-valiosa-do-brasil-em-2025-2\/#article\",\"isPartOf\":{\"@id\":\"https:\/\/swimchannel.net\/br\/gabriela-cristina-ferreira-do-curitibano-e-a-infantil-mais-valiosa-do-brasil-em-2025-2\/\"},\"author\":{\"name\":\"Alex Pussieldi\",\"@id\":\"https:\/\/swimchannel.net\/br\/#\/schema\/person\/cf549cb99cf75592fcf7c76213385e63\"},\"headline\":\"Gabriela Cristina Ferreira do Curitibano \u00e9 a infantil mais valiosa do Brasil em 2025\",\"datePublished\":\"2025-12-29T11:00:09+00:00\",\"dateModified\":\"2025-12-29T16:48:59+00:00\",\"mainEntityOfPage\":{\"@id\":\"https:\/\/swimchannel.net\/br\/gabriela-cristina-ferreira-do-curitibano-e-a-infantil-mais-valiosa-do-brasil-em-2025-2\/\"},\"wordCount\":431,\"commentCount\":0,\"publisher\":{\"@id\":\"https:\/\/swimchannel.net\/br\/#organization\"},\"image\":{\"@id\":\"https:\/\/swimchannel.net\/br\/gabriela-cristina-ferreira-do-curitibano-e-a-infantil-mais-valiosa-do-brasil-em-2025-2\/#primaryimage\"},\"thumbnailUrl\":\"https:\/\/swimchannel.net\/br\/wp-content\/uploads\/2025\/12\/686c3182e72a7-1.jpg\",\"keywords\":[\"Gabriela Cristina Ferreira\",\"natacao\"],\"articleSection\":[\"Nata\u00e7\u00e3o\"],\"inLanguage\":\"pt-BR\",\"potentialAction\":[{\"@type\":\"CommentAction\",\"name\":\"Comment\",\"target\":[\"https:\/\/swimchannel.net\/br\/gabriela-cristina-ferreira-do-curitibano-e-a-infantil-mais-valiosa-do-brasil-em-2025-2\/#respond\"]}]},{\"@type\":\"WebPage\",\"@id\":\"https:\/\/swimchannel.net\/br\/gabriela-cristina-ferreira-do-curitibano-e-a-infantil-mais-valiosa-do-brasil-em-2025-2\/\",\"url\":\"https:\/\/swimchannel.net\/br\/gabriela-cristina-ferreira-do-curitibano-e-a-infantil-mais-valiosa-do-brasil-em-2025-2\/\",\"name\":\"Gabriela Cristina Ferreira do Curitibano \u00e9 a infantil mais valiosa do Brasil em 2025 - Swimchannel\",\"isPartOf\":{\"@id\":\"https:\/\/swimchannel.net\/br\/#website\"},\"primaryImageOfPage\":{\"@id\":\"https:\/\/swimchannel.net\/br\/gabriela-cristina-ferreira-do-curitibano-e-a-infantil-mais-valiosa-do-brasil-em-2025-2\/#primaryimage\"},\"image\":{\"@id\":\"https:\/\/swimchannel.net\/br\/gabriela-cristina-ferreira-do-curitibano-e-a-infantil-mais-valiosa-do-brasil-em-2025-2\/#primaryimage\"},\"thumbnailUrl\":\"https:\/\/swimchannel.net\/br\/wp-content\/uploads\/2025\/12\/686c3182e72a7-1.jpg\",\"datePublished\":\"2025-12-29T11:00:09+00:00\",\"dateModified\":\"2025-12-29T16:48:59+00:00\",\"breadcrumb\":{\"@id\":\"https:\/\/swimchannel.net\/br\/gabriela-cristina-ferreira-do-curitibano-e-a-infantil-mais-valiosa-do-brasil-em-2025-2\/#breadcrumb\"},\"inLanguage\":\"pt-BR\",\"potentialAction\":[{\"@type\":\"ReadAction\",\"target\":[\"https:\/\/swimchannel.net\/br\/gabriela-cristina-ferreira-do-curitibano-e-a-infantil-mais-valiosa-do-brasil-em-2025-2\/\"]}]},{\"@type\":\"ImageObject\",\"inLanguage\":\"pt-BR\",\"@id\":\"https:\/\/swimchannel.net\/br\/gabriela-cristina-ferreira-do-curitibano-e-a-infantil-mais-valiosa-do-brasil-em-2025-2\/#primaryimage\",\"url\":\"https:\/\/swimchannel.net\/br\/wp-content\/uploads\/2025\/12\/686c3182e72a7-1.jpg\",\"contentUrl\":\"https:\/\/swimchannel.net\/br\/wp-content\/uploads\/2025\/12\/686c3182e72a7-1.jpg\",\"width\":889,\"height\":500},{\"@type\":\"BreadcrumbList\",\"@id\":\"https:\/\/swimchannel.net\/br\/gabriela-cristina-ferreira-do-curitibano-e-a-infantil-mais-valiosa-do-brasil-em-2025-2\/#breadcrumb\",\"itemListElement\":[{\"@type\":\"ListItem\",\"position\":1,\"name\":\"Home\",\"item\":\"https:\/\/swimchannel.net\/br\/\"},{\"@type\":\"ListItem\",\"position\":2,\"name\":\"Gabriela Cristina Ferreira do Curitibano \u00e9 a infantil mais valiosa do Brasil em 2025\"}]},{\"@type\":\"WebSite\",\"@id\":\"https:\/\/swimchannel.net\/br\/#website\",\"url\":\"https:\/\/swimchannel.net\/br\/\",\"name\":\"Swimchannel\",\"description\":\"Maior portal de nata\u00e7\u00e3o da america latina\",\"publisher\":{\"@id\":\"https:\/\/swimchannel.net\/br\/#organization\"},\"potentialAction\":[{\"@type\":\"SearchAction\",\"target\":{\"@type\":\"EntryPoint\",\"urlTemplate\":\"https:\/\/swimchannel.net\/br\/?s={search_term_string}\"},\"query-input\":{\"@type\":\"PropertyValueSpecification\",\"valueRequired\":true,\"valueName\":\"search_term_string\"}}],\"inLanguage\":\"pt-BR\"},{\"@type\":\"Organization\",\"@id\":\"https:\/\/swimchannel.net\/br\/#organization\",\"name\":\"Swimchannel - Conectando voc\u00ea a Nata\u00e7\u00e3o\",\"url\":\"https:\/\/swimchannel.net\/br\/\",\"logo\":{\"@type\":\"ImageObject\",\"inLanguage\":\"pt-BR\",\"@id\":\"https:\/\/swimchannel.net\/br\/#\/schema\/logo\/image\/\",\"url\":\"https:\/\/swimchannel.net\/br\/wp-content\/uploads\/2026\/02\/SWIM-CHANNEL.png\",\"contentUrl\":\"https:\/\/swimchannel.net\/br\/wp-content\/uploads\/2026\/02\/SWIM-CHANNEL.png\",\"width\":1120,\"height\":630,\"caption\":\"Swimchannel - Conectando voc\u00ea a Nata\u00e7\u00e3o\"},\"image\":{\"@id\":\"https:\/\/swimchannel.net\/br\/#\/schema\/logo\/image\/\"},\"sameAs\":[\"https:\/\/www.facebook.com\/swimchannel\",\"https:\/\/www.instagram.com\/swimchannel\"]},{\"@type\":\"Person\",\"@id\":\"https:\/\/swimchannel.net\/br\/#\/schema\/person\/cf549cb99cf75592fcf7c76213385e63\",\"name\":\"Alex Pussieldi\",\"image\":{\"@type\":\"ImageObject\",\"inLanguage\":\"pt-BR\",\"@id\":\"https:\/\/swimchannel.net\/br\/#\/schema\/person\/image\/\",\"url\":\"https:\/\/swimchannel.net\/br\/wp-content\/uploads\/2021\/02\/9b1c252d-a4bd-4eda-b399-24565cac4114-100x100.jpg\",\"contentUrl\":\"https:\/\/swimchannel.net\/br\/wp-content\/uploads\/2021\/02\/9b1c252d-a4bd-4eda-b399-24565cac4114-100x100.jpg\",\"caption\":\"Alex Pussieldi\"},\"description\":\"Alexandre Pussieldi, apelidado de \u201ccoach\u201d, Foi t\u00e9cnico da sele\u00e7\u00e3o verde e amarela nas Olimp\u00edadas de Pequim-2008 e Londres-2012. O treinador ainda comandou outros quatro pa\u00edses: Kuwait, Paraguai, Aruba e Antilhas Holandesas, al\u00e9m da sele\u00e7\u00e3o americana de \u00e1guas abertas. Pussieldi tem passagens como comentarista de nata\u00e7\u00e3o do Grupo Globo e Swim Channel.\",\"url\":\"https:\/\/swimchannel.net\/br\/author\/alexpussieldi\/\"}]}<\/script>\n<!-- \/ Yoast SEO plugin. -->","yoast_head_json":{"title":"Gabriela Cristina Ferreira do Curitibano \u00e9 a infantil mais valiosa do Brasil em 2025 - Swimchannel","robots":{"index":"index","follow":"follow","max-snippet":"max-snippet:-1","max-image-preview":"max-image-preview:large","max-video-preview":"max-video-preview:-1"},"canonical":"https:\/\/swimchannel.net\/br\/gabriela-cristina-ferreira-do-curitibano-e-a-infantil-mais-valiosa-do-brasil-em-2025-2\/","og_locale":"pt_BR","og_type":"article","og_title":"Gabriela Cristina Ferreira do Curitibano \u00e9 a infantil mais valiosa do Brasil em 2025 - Swimchannel","og_description":"Fechando a s\u00e9rie de levantamento apontando os Nadadores Mais Valiosos do Brasil, chegamos a Categoria Infantil onde Gabriela Cristina Ferreira do Curitibano terminou o ano como a atleta com mais pontos marcados nos Brasileiros de Inverno e Ver\u00e3o. Foram 446 pontos, apenas um a mais do que Matheus Ngome do \u00c1lvares Cabral, l\u00edder do Infantil [&hellip;]","og_url":"https:\/\/swimchannel.net\/br\/gabriela-cristina-ferreira-do-curitibano-e-a-infantil-mais-valiosa-do-brasil-em-2025-2\/","og_site_name":"Swimchannel","article_publisher":"https:\/\/www.facebook.com\/swimchannel","article_published_time":"2025-12-29T11:00:09+00:00","article_modified_time":"2025-12-29T16:48:59+00:00","og_image":[{"width":889,"height":500,"url":"https:\/\/swimchannel.net\/br\/wp-content\/uploads\/2025\/12\/686c3182e72a7-1.jpg","type":"image\/jpeg"}],"author":"Alex Pussieldi","twitter_card":"summary_large_image","twitter_misc":{"Escrito por":"Alex Pussieldi","Est. tempo de leitura":"2 minutos"},"schema":{"@context":"https:\/\/schema.org","@graph":[{"@type":"Article","@id":"https:\/\/swimchannel.net\/br\/gabriela-cristina-ferreira-do-curitibano-e-a-infantil-mais-valiosa-do-brasil-em-2025-2\/#article","isPartOf":{"@id":"https:\/\/swimchannel.net\/br\/gabriela-cristina-ferreira-do-curitibano-e-a-infantil-mais-valiosa-do-brasil-em-2025-2\/"},"author":{"name":"Alex Pussieldi","@id":"https:\/\/swimchannel.net\/br\/#\/schema\/person\/cf549cb99cf75592fcf7c76213385e63"},"headline":"Gabriela Cristina Ferreira do Curitibano \u00e9 a infantil mais valiosa do Brasil em 2025","datePublished":"2025-12-29T11:00:09+00:00","dateModified":"2025-12-29T16:48:59+00:00","mainEntityOfPage":{"@id":"https:\/\/swimchannel.net\/br\/gabriela-cristina-ferreira-do-curitibano-e-a-infantil-mais-valiosa-do-brasil-em-2025-2\/"},"wordCount":431,"commentCount":0,"publisher":{"@id":"https:\/\/swimchannel.net\/br\/#organization"},"image":{"@id":"https:\/\/swimchannel.net\/br\/gabriela-cristina-ferreira-do-curitibano-e-a-infantil-mais-valiosa-do-brasil-em-2025-2\/#primaryimage"},"thumbnailUrl":"https:\/\/swimchannel.net\/br\/wp-content\/uploads\/2025\/12\/686c3182e72a7-1.jpg","keywords":["Gabriela Cristina Ferreira","natacao"],"articleSection":["Nata\u00e7\u00e3o"],"inLanguage":"pt-BR","potentialAction":[{"@type":"CommentAction","name":"Comment","target":["https:\/\/swimchannel.net\/br\/gabriela-cristina-ferreira-do-curitibano-e-a-infantil-mais-valiosa-do-brasil-em-2025-2\/#respond"]}]},{"@type":"WebPage","@id":"https:\/\/swimchannel.net\/br\/gabriela-cristina-ferreira-do-curitibano-e-a-infantil-mais-valiosa-do-brasil-em-2025-2\/","url":"https:\/\/swimchannel.net\/br\/gabriela-cristina-ferreira-do-curitibano-e-a-infantil-mais-valiosa-do-brasil-em-2025-2\/","name":"Gabriela Cristina Ferreira do Curitibano \u00e9 a infantil mais valiosa do Brasil em 2025 - Swimchannel","isPartOf":{"@id":"https:\/\/swimchannel.net\/br\/#website"},"primaryImageOfPage":{"@id":"https:\/\/swimchannel.net\/br\/gabriela-cristina-ferreira-do-curitibano-e-a-infantil-mais-valiosa-do-brasil-em-2025-2\/#primaryimage"},"image":{"@id":"https:\/\/swimchannel.net\/br\/gabriela-cristina-ferreira-do-curitibano-e-a-infantil-mais-valiosa-do-brasil-em-2025-2\/#primaryimage"},"thumbnailUrl":"https:\/\/swimchannel.net\/br\/wp-content\/uploads\/2025\/12\/686c3182e72a7-1.jpg","datePublished":"2025-12-29T11:00:09+00:00","dateModified":"2025-12-29T16:48:59+00:00","breadcrumb":{"@id":"https:\/\/swimchannel.net\/br\/gabriela-cristina-ferreira-do-curitibano-e-a-infantil-mais-valiosa-do-brasil-em-2025-2\/#breadcrumb"},"inLanguage":"pt-BR","potentialAction":[{"@type":"ReadAction","target":["https:\/\/swimchannel.net\/br\/gabriela-cristina-ferreira-do-curitibano-e-a-infantil-mais-valiosa-do-brasil-em-2025-2\/"]}]},{"@type":"ImageObject","inLanguage":"pt-BR","@id":"https:\/\/swimchannel.net\/br\/gabriela-cristina-ferreira-do-curitibano-e-a-infantil-mais-valiosa-do-brasil-em-2025-2\/#primaryimage","url":"https:\/\/swimchannel.net\/br\/wp-content\/uploads\/2025\/12\/686c3182e72a7-1.jpg","contentUrl":"https:\/\/swimchannel.net\/br\/wp-content\/uploads\/2025\/12\/686c3182e72a7-1.jpg","width":889,"height":500},{"@type":"BreadcrumbList","@id":"https:\/\/swimchannel.net\/br\/gabriela-cristina-ferreira-do-curitibano-e-a-infantil-mais-valiosa-do-brasil-em-2025-2\/#breadcrumb","itemListElement":[{"@type":"ListItem","position":1,"name":"Home","item":"https:\/\/swimchannel.net\/br\/"},{"@type":"ListItem","position":2,"name":"Gabriela Cristina Ferreira do Curitibano \u00e9 a infantil mais valiosa do Brasil em 2025"}]},{"@type":"WebSite","@id":"https:\/\/swimchannel.net\/br\/#website","url":"https:\/\/swimchannel.net\/br\/","name":"Swimchannel","description":"Maior portal de nata\u00e7\u00e3o da america latina","publisher":{"@id":"https:\/\/swimchannel.net\/br\/#organization"},"potentialAction":[{"@type":"SearchAction","target":{"@type":"EntryPoint","urlTemplate":"https:\/\/swimchannel.net\/br\/?s={search_term_string}"},"query-input":{"@type":"PropertyValueSpecification","valueRequired":true,"valueName":"search_term_string"}}],"inLanguage":"pt-BR"},{"@type":"Organization","@id":"https:\/\/swimchannel.net\/br\/#organization","name":"Swimchannel - Conectando voc\u00ea a Nata\u00e7\u00e3o","url":"https:\/\/swimchannel.net\/br\/","logo":{"@type":"ImageObject","inLanguage":"pt-BR","@id":"https:\/\/swimchannel.net\/br\/#\/schema\/logo\/image\/","url":"https:\/\/swimchannel.net\/br\/wp-content\/uploads\/2026\/02\/SWIM-CHANNEL.png","contentUrl":"https:\/\/swimchannel.net\/br\/wp-content\/uploads\/2026\/02\/SWIM-CHANNEL.png","width":1120,"height":630,"caption":"Swimchannel - Conectando voc\u00ea a Nata\u00e7\u00e3o"},"image":{"@id":"https:\/\/swimchannel.net\/br\/#\/schema\/logo\/image\/"},"sameAs":["https:\/\/www.facebook.com\/swimchannel","https:\/\/www.instagram.com\/swimchannel"]},{"@type":"Person","@id":"https:\/\/swimchannel.net\/br\/#\/schema\/person\/cf549cb99cf75592fcf7c76213385e63","name":"Alex Pussieldi","image":{"@type":"ImageObject","inLanguage":"pt-BR","@id":"https:\/\/swimchannel.net\/br\/#\/schema\/person\/image\/","url":"https:\/\/swimchannel.net\/br\/wp-content\/uploads\/2021\/02\/9b1c252d-a4bd-4eda-b399-24565cac4114-100x100.jpg","contentUrl":"https:\/\/swimchannel.net\/br\/wp-content\/uploads\/2021\/02\/9b1c252d-a4bd-4eda-b399-24565cac4114-100x100.jpg","caption":"Alex Pussieldi"},"description":"Alexandre Pussieldi, apelidado de \u201ccoach\u201d, Foi t\u00e9cnico da sele\u00e7\u00e3o verde e amarela nas Olimp\u00edadas de Pequim-2008 e Londres-2012. O treinador ainda comandou outros quatro pa\u00edses: Kuwait, Paraguai, Aruba e Antilhas Holandesas, al\u00e9m da sele\u00e7\u00e3o americana de \u00e1guas abertas. Pussieldi tem passagens como comentarista de nata\u00e7\u00e3o do Grupo Globo e Swim Channel.","url":"https:\/\/swimchannel.net\/br\/author\/alexpussieldi\/"}]}},"_links":{"self":[{"href":"https:\/\/swimchannel.net\/br\/wp-json\/wp\/v2\/posts\/78322","targetHints":{"allow":["GET"]}}],"collection":[{"href":"https:\/\/swimchannel.net\/br\/wp-json\/wp\/v2\/posts"}],"about":[{"href":"https:\/\/swimchannel.net\/br\/wp-json\/wp\/v2\/types\/post"}],"author":[{"embeddable":true,"href":"https:\/\/swimchannel.net\/br\/wp-json\/wp\/v2\/users\/12"}],"replies":[{"embeddable":true,"href":"https:\/\/swimchannel.net\/br\/wp-json\/wp\/v2\/comments?post=78322"}],"version-history":[{"count":3,"href":"https:\/\/swimchannel.net\/br\/wp-json\/wp\/v2\/posts\/78322\/revisions"}],"predecessor-version":[{"id":78371,"href":"https:\/\/swimchannel.net\/br\/wp-json\/wp\/v2\/posts\/78322\/revisions\/78371"}],"wp:featuredmedia":[{"embeddable":true,"href":"https:\/\/swimchannel.net\/br\/wp-json\/wp\/v2\/media\/78323"}],"wp:attachment":[{"href":"https:\/\/swimchannel.net\/br\/wp-json\/wp\/v2\/media?parent=78322"}],"wp:term":[{"taxonomy":"category","embeddable":true,"href":"https:\/\/swimchannel.net\/br\/wp-json\/wp\/v2\/categories?post=78322"},{"taxonomy":"post_tag","embeddable":true,"href":"https:\/\/swimchannel.net\/br\/wp-json\/wp\/v2\/tags?post=78322"}],"curies":[{"name":"wp","href":"https:\/\/api.w.org\/{rel}","templated":true}]}}