{"id":78385,"date":"2025-12-31T08:00:02","date_gmt":"2025-12-31T11:00:02","guid":{"rendered":"https:\/\/swimchannel.net\/br\/?p=78385"},"modified":"2025-12-29T16:39:34","modified_gmt":"2025-12-29T19:39:34","slug":"maxime-grousset-encerra-a-temporada-com-melhores-marcas-pessoais","status":"publish","type":"post","link":"https:\/\/swimchannel.net\/br\/maxime-grousset-encerra-a-temporada-com-melhores-marcas-pessoais\/","title":{"rendered":"Maxime Grousset encerra a temporada com melhores marcas pessoais"},"content":{"rendered":"<p>O nadador franc\u00eas\u00a0<span dir=\"auto\">Maxime Grousset<\/span> teve um \u00f3timo ano em 2025. Em julho, ele conquistou quatro medalhas no Campeonato Mundial de Esportes Aqu\u00e1ticos de Singapura, com destaque para os t\u00edtulos nos 50m e 100m borboleta. No Campeonato Europeu de piscina curta, em Lublin, na Pol\u00f4nia, ele ganhou outras seis medalhas. Agora no apagar das luzes h\u00e1 algumas semanas, o franc\u00eas disputou um torneio regional em piscina longa e conseguiu suas melhores marcas pessoais em duas provas.<\/p>\n<p>Encerrando sua temporada, Grousset esteve em a\u00e7\u00e3o no Meeting National des Hortillons, pequeno evento regional disputado entre os dias 19 e 21 de dezembro na cidade de Amiens. O torneio, que contou com a participa\u00e7\u00e3o de outros nadadores da sele\u00e7\u00e3o francesa, teve o velocista como grande destaque ao estabelecer suas melhores marcas pessoais nos 50m e 200m livre.<\/p>\n<figure id=\"attachment_78386\" aria-describedby=\"caption-attachment-78386\" style=\"width: 945px\" class=\"wp-caption alignnone\"><img loading=\"lazy\" decoding=\"async\" class=\"size-full wp-image-78386\" src=\"https:\/\/swimchannel.net\/br\/wp-content\/uploads\/2025\/12\/Maxime-Grousset-By-Jack-Spitser-DSC01374-Enhanced-NR-scaled-1.jpg\" alt=\"\" width=\"945\" height=\"630\" srcset=\"https:\/\/swimchannel.net\/br\/wp-content\/uploads\/2025\/12\/Maxime-Grousset-By-Jack-Spitser-DSC01374-Enhanced-NR-scaled-1.jpg 945w, https:\/\/swimchannel.net\/br\/wp-content\/uploads\/2025\/12\/Maxime-Grousset-By-Jack-Spitser-DSC01374-Enhanced-NR-scaled-1-270x180.jpg 270w, https:\/\/swimchannel.net\/br\/wp-content\/uploads\/2025\/12\/Maxime-Grousset-By-Jack-Spitser-DSC01374-Enhanced-NR-scaled-1-768x512.jpg 768w, https:\/\/swimchannel.net\/br\/wp-content\/uploads\/2025\/12\/Maxime-Grousset-By-Jack-Spitser-DSC01374-Enhanced-NR-scaled-1-750x500.jpg 750w\" sizes=\"auto, (max-width: 945px) 100vw, 945px\" \/><figcaption id=\"caption-attachment-78386\" class=\"wp-caption-text\">Maxime Grousset &#8211; Foto: Jack Spitser<\/figcaption><\/figure>\n<p>Na prova mais veloz, Grousset obteve a medalha de ouro com o tempo de 21s51, sendo seis cent\u00e9simos mais r\u00e1pido que sua antiga melhor marca que era de 21s57, registrada no Campeonato Mundial de Budapeste em 2023. J\u00e1 nos 200m livre ele marcou 1min46s31, quarta melhor performance da hist\u00f3ria da nata\u00e7\u00e3o francesa na dist\u00e2ncia. O tempo foi bem melhor que seu antigo recorde pessoal que era de 1min49s10 desde 2021.<\/p>\n<p>No Meeting des Hortillons, Grousset venceu ainda os 100m livre com o tempo de 48s09. Os resultados completos da competi\u00e7\u00e3o podem ser conferidos no site da Federa\u00e7\u00e3o Francesa de Nata\u00e7\u00e3o aqui: <a href=\"https:\/\/ffn.extranat.fr\/webffn\/resultats.php?idact=nat&amp;idcpt=89049&amp;idepr=11\" target=\"_blank\" rel=\"noopener\"><strong>https:\/\/ffn.extranat.fr\/webffn\/resultats.php?idact=nat&amp;idcpt=89049&amp;idepr=11<\/strong><\/a>.<\/p>\n<p>&nbsp;<\/p>\n<p>Gostaria de receber as not\u00edcias de nata\u00e7\u00e3o e \u00e1guas abertas no seu email?<\/p>\n<p><a href=\"https:\/\/lpa.nitro.news\/n-GNe\/ultimas-noticias-swim-channel\">Cadastre-se aqui<\/a><\/p>\n","protected":false},"excerpt":{"rendered":"<p>O nadador franc\u00eas\u00a0Maxime Grousset teve um \u00f3timo ano em 2025. Em julho, ele conquistou quatro medalhas no Campeonato Mundial de Esportes Aqu\u00e1ticos de Singapura, com destaque para os t\u00edtulos nos 50m e 100m borboleta. No Campeonato Europeu de piscina curta, em Lublin, na Pol\u00f4nia, ele ganhou outras seis medalhas. Agora no apagar das luzes h\u00e1 [&hellip;]<\/p>\n","protected":false},"author":3,"featured_media":78386,"comment_status":"open","ping_status":"open","sticky":false,"template":"","format":"gallery","meta":{"footnotes":""},"categories":[137],"tags":[5403,6742,5,843],"class_list":["post-78385","post","type-post","status-publish","format-gallery","has-post-thumbnail","hentry","category-natacao","tag-maxime-grousset","tag-meeting-des-hortillons","tag-natacao","tag-natacao-francesa","post_format-post-format-gallery"],"yoast_head":"<!-- This site is optimized with the Yoast SEO plugin v27.0 - https:\/\/yoast.com\/product\/yoast-seo-wordpress\/ -->\n<title>Maxime Grousset encerra a temporada com melhores marcas pessoais - Swimchannel<\/title>\n<meta name=\"robots\" content=\"index, follow, max-snippet:-1, max-image-preview:large, max-video-preview:-1\" \/>\n<link rel=\"canonical\" href=\"https:\/\/swimchannel.net\/br\/maxime-grousset-encerra-a-temporada-com-melhores-marcas-pessoais\/\" \/>\n<meta property=\"og:locale\" content=\"pt_BR\" \/>\n<meta property=\"og:type\" content=\"article\" \/>\n<meta property=\"og:title\" content=\"Maxime Grousset encerra a temporada com melhores marcas pessoais - Swimchannel\" \/>\n<meta property=\"og:description\" content=\"O nadador franc\u00eas\u00a0Maxime Grousset teve um \u00f3timo ano em 2025. Em julho, ele conquistou quatro medalhas no Campeonato Mundial de Esportes Aqu\u00e1ticos de Singapura, com destaque para os t\u00edtulos nos 50m e 100m borboleta. No Campeonato Europeu de piscina curta, em Lublin, na Pol\u00f4nia, ele ganhou outras seis medalhas. Agora no apagar das luzes h\u00e1 [&hellip;]\" \/>\n<meta property=\"og:url\" content=\"https:\/\/swimchannel.net\/br\/maxime-grousset-encerra-a-temporada-com-melhores-marcas-pessoais\/\" \/>\n<meta property=\"og:site_name\" content=\"Swimchannel\" \/>\n<meta property=\"article:publisher\" content=\"https:\/\/www.facebook.com\/swimchannel\" \/>\n<meta property=\"article:published_time\" content=\"2025-12-31T11:00:02+00:00\" \/>\n<meta property=\"og:image\" content=\"https:\/\/swimchannel.net\/br\/wp-content\/uploads\/2025\/12\/Maxime-Grousset-By-Jack-Spitser-DSC01374-Enhanced-NR-scaled-1.jpg\" \/>\n\t<meta property=\"og:image:width\" content=\"945\" \/>\n\t<meta property=\"og:image:height\" content=\"630\" \/>\n\t<meta property=\"og:image:type\" content=\"image\/jpeg\" \/>\n<meta name=\"author\" content=\"Guilherme Freitas\" \/>\n<meta name=\"twitter:card\" content=\"summary_large_image\" \/>\n<meta name=\"twitter:label1\" content=\"Escrito por\" \/>\n\t<meta name=\"twitter:data1\" content=\"Guilherme Freitas\" \/>\n\t<meta name=\"twitter:label2\" content=\"Est. tempo de leitura\" \/>\n\t<meta name=\"twitter:data2\" content=\"1 minuto\" \/>\n<script type=\"application\/ld+json\" class=\"yoast-schema-graph\">{\"@context\":\"https:\/\/schema.org\",\"@graph\":[{\"@type\":\"Article\",\"@id\":\"https:\/\/swimchannel.net\/br\/maxime-grousset-encerra-a-temporada-com-melhores-marcas-pessoais\/#article\",\"isPartOf\":{\"@id\":\"https:\/\/swimchannel.net\/br\/maxime-grousset-encerra-a-temporada-com-melhores-marcas-pessoais\/\"},\"author\":{\"name\":\"Guilherme Freitas\",\"@id\":\"https:\/\/swimchannel.net\/br\/#\/schema\/person\/aa2a63bab3275f53749a83276b213c48\"},\"headline\":\"Maxime Grousset encerra a temporada com melhores marcas pessoais\",\"datePublished\":\"2025-12-31T11:00:02+00:00\",\"mainEntityOfPage\":{\"@id\":\"https:\/\/swimchannel.net\/br\/maxime-grousset-encerra-a-temporada-com-melhores-marcas-pessoais\/\"},\"wordCount\":301,\"commentCount\":0,\"publisher\":{\"@id\":\"https:\/\/swimchannel.net\/br\/#organization\"},\"image\":{\"@id\":\"https:\/\/swimchannel.net\/br\/maxime-grousset-encerra-a-temporada-com-melhores-marcas-pessoais\/#primaryimage\"},\"thumbnailUrl\":\"https:\/\/swimchannel.net\/br\/wp-content\/uploads\/2025\/12\/Maxime-Grousset-By-Jack-Spitser-DSC01374-Enhanced-NR-scaled-1.jpg\",\"keywords\":[\"Maxime Grousset\",\"Meeting des Hortillons\",\"natacao\",\"nata\u00e7\u00e3o francesa\"],\"articleSection\":[\"Nata\u00e7\u00e3o\"],\"inLanguage\":\"pt-BR\",\"potentialAction\":[{\"@type\":\"CommentAction\",\"name\":\"Comment\",\"target\":[\"https:\/\/swimchannel.net\/br\/maxime-grousset-encerra-a-temporada-com-melhores-marcas-pessoais\/#respond\"]}]},{\"@type\":\"WebPage\",\"@id\":\"https:\/\/swimchannel.net\/br\/maxime-grousset-encerra-a-temporada-com-melhores-marcas-pessoais\/\",\"url\":\"https:\/\/swimchannel.net\/br\/maxime-grousset-encerra-a-temporada-com-melhores-marcas-pessoais\/\",\"name\":\"Maxime Grousset encerra a temporada com melhores marcas pessoais - Swimchannel\",\"isPartOf\":{\"@id\":\"https:\/\/swimchannel.net\/br\/#website\"},\"primaryImageOfPage\":{\"@id\":\"https:\/\/swimchannel.net\/br\/maxime-grousset-encerra-a-temporada-com-melhores-marcas-pessoais\/#primaryimage\"},\"image\":{\"@id\":\"https:\/\/swimchannel.net\/br\/maxime-grousset-encerra-a-temporada-com-melhores-marcas-pessoais\/#primaryimage\"},\"thumbnailUrl\":\"https:\/\/swimchannel.net\/br\/wp-content\/uploads\/2025\/12\/Maxime-Grousset-By-Jack-Spitser-DSC01374-Enhanced-NR-scaled-1.jpg\",\"datePublished\":\"2025-12-31T11:00:02+00:00\",\"breadcrumb\":{\"@id\":\"https:\/\/swimchannel.net\/br\/maxime-grousset-encerra-a-temporada-com-melhores-marcas-pessoais\/#breadcrumb\"},\"inLanguage\":\"pt-BR\",\"potentialAction\":[{\"@type\":\"ReadAction\",\"target\":[\"https:\/\/swimchannel.net\/br\/maxime-grousset-encerra-a-temporada-com-melhores-marcas-pessoais\/\"]}]},{\"@type\":\"ImageObject\",\"inLanguage\":\"pt-BR\",\"@id\":\"https:\/\/swimchannel.net\/br\/maxime-grousset-encerra-a-temporada-com-melhores-marcas-pessoais\/#primaryimage\",\"url\":\"https:\/\/swimchannel.net\/br\/wp-content\/uploads\/2025\/12\/Maxime-Grousset-By-Jack-Spitser-DSC01374-Enhanced-NR-scaled-1.jpg\",\"contentUrl\":\"https:\/\/swimchannel.net\/br\/wp-content\/uploads\/2025\/12\/Maxime-Grousset-By-Jack-Spitser-DSC01374-Enhanced-NR-scaled-1.jpg\",\"width\":945,\"height\":630,\"caption\":\"Maxime Grousset - Foto: Jack Spitser\"},{\"@type\":\"BreadcrumbList\",\"@id\":\"https:\/\/swimchannel.net\/br\/maxime-grousset-encerra-a-temporada-com-melhores-marcas-pessoais\/#breadcrumb\",\"itemListElement\":[{\"@type\":\"ListItem\",\"position\":1,\"name\":\"Home\",\"item\":\"https:\/\/swimchannel.net\/br\/\"},{\"@type\":\"ListItem\",\"position\":2,\"name\":\"Maxime Grousset encerra a temporada com melhores marcas pessoais\"}]},{\"@type\":\"WebSite\",\"@id\":\"https:\/\/swimchannel.net\/br\/#website\",\"url\":\"https:\/\/swimchannel.net\/br\/\",\"name\":\"Swimchannel\",\"description\":\"Maior portal de nata\u00e7\u00e3o da america latina\",\"publisher\":{\"@id\":\"https:\/\/swimchannel.net\/br\/#organization\"},\"potentialAction\":[{\"@type\":\"SearchAction\",\"target\":{\"@type\":\"EntryPoint\",\"urlTemplate\":\"https:\/\/swimchannel.net\/br\/?s={search_term_string}\"},\"query-input\":{\"@type\":\"PropertyValueSpecification\",\"valueRequired\":true,\"valueName\":\"search_term_string\"}}],\"inLanguage\":\"pt-BR\"},{\"@type\":\"Organization\",\"@id\":\"https:\/\/swimchannel.net\/br\/#organization\",\"name\":\"Swimchannel - Conectando voc\u00ea a Nata\u00e7\u00e3o\",\"url\":\"https:\/\/swimchannel.net\/br\/\",\"logo\":{\"@type\":\"ImageObject\",\"inLanguage\":\"pt-BR\",\"@id\":\"https:\/\/swimchannel.net\/br\/#\/schema\/logo\/image\/\",\"url\":\"https:\/\/swimchannel.net\/br\/wp-content\/uploads\/2026\/02\/SWIM-CHANNEL.png\",\"contentUrl\":\"https:\/\/swimchannel.net\/br\/wp-content\/uploads\/2026\/02\/SWIM-CHANNEL.png\",\"width\":1120,\"height\":630,\"caption\":\"Swimchannel - Conectando voc\u00ea a Nata\u00e7\u00e3o\"},\"image\":{\"@id\":\"https:\/\/swimchannel.net\/br\/#\/schema\/logo\/image\/\"},\"sameAs\":[\"https:\/\/www.facebook.com\/swimchannel\",\"https:\/\/www.instagram.com\/swimchannel\"]},{\"@type\":\"Person\",\"@id\":\"https:\/\/swimchannel.net\/br\/#\/schema\/person\/aa2a63bab3275f53749a83276b213c48\",\"name\":\"Guilherme Freitas\",\"image\":{\"@type\":\"ImageObject\",\"inLanguage\":\"pt-BR\",\"@id\":\"https:\/\/swimchannel.net\/br\/#\/schema\/person\/image\/\",\"url\":\"https:\/\/swimchannel.net\/br\/wp-content\/uploads\/2025\/10\/gui22-193x180.png\",\"contentUrl\":\"https:\/\/swimchannel.net\/br\/wp-content\/uploads\/2025\/10\/gui22-193x180.png\",\"caption\":\"Guilherme Freitas\"},\"description\":\"Jornalista s\u00eanior da SWIM CHANNEL, ex-correspondente da FINA no Brasil e pesquisador acad\u00eamico.\",\"sameAs\":[\"instagram.com\/guifreitas86\"],\"url\":\"https:\/\/swimchannel.net\/br\/author\/guilherme-freitas\/\"}]}<\/script>\n<!-- \/ Yoast SEO plugin. -->","yoast_head_json":{"title":"Maxime Grousset encerra a temporada com melhores marcas pessoais - Swimchannel","robots":{"index":"index","follow":"follow","max-snippet":"max-snippet:-1","max-image-preview":"max-image-preview:large","max-video-preview":"max-video-preview:-1"},"canonical":"https:\/\/swimchannel.net\/br\/maxime-grousset-encerra-a-temporada-com-melhores-marcas-pessoais\/","og_locale":"pt_BR","og_type":"article","og_title":"Maxime Grousset encerra a temporada com melhores marcas pessoais - Swimchannel","og_description":"O nadador franc\u00eas\u00a0Maxime Grousset teve um \u00f3timo ano em 2025. Em julho, ele conquistou quatro medalhas no Campeonato Mundial de Esportes Aqu\u00e1ticos de Singapura, com destaque para os t\u00edtulos nos 50m e 100m borboleta. No Campeonato Europeu de piscina curta, em Lublin, na Pol\u00f4nia, ele ganhou outras seis medalhas. Agora no apagar das luzes h\u00e1 [&hellip;]","og_url":"https:\/\/swimchannel.net\/br\/maxime-grousset-encerra-a-temporada-com-melhores-marcas-pessoais\/","og_site_name":"Swimchannel","article_publisher":"https:\/\/www.facebook.com\/swimchannel","article_published_time":"2025-12-31T11:00:02+00:00","og_image":[{"width":945,"height":630,"url":"https:\/\/swimchannel.net\/br\/wp-content\/uploads\/2025\/12\/Maxime-Grousset-By-Jack-Spitser-DSC01374-Enhanced-NR-scaled-1.jpg","type":"image\/jpeg"}],"author":"Guilherme Freitas","twitter_card":"summary_large_image","twitter_misc":{"Escrito por":"Guilherme Freitas","Est. tempo de leitura":"1 minuto"},"schema":{"@context":"https:\/\/schema.org","@graph":[{"@type":"Article","@id":"https:\/\/swimchannel.net\/br\/maxime-grousset-encerra-a-temporada-com-melhores-marcas-pessoais\/#article","isPartOf":{"@id":"https:\/\/swimchannel.net\/br\/maxime-grousset-encerra-a-temporada-com-melhores-marcas-pessoais\/"},"author":{"name":"Guilherme Freitas","@id":"https:\/\/swimchannel.net\/br\/#\/schema\/person\/aa2a63bab3275f53749a83276b213c48"},"headline":"Maxime Grousset encerra a temporada com melhores marcas pessoais","datePublished":"2025-12-31T11:00:02+00:00","mainEntityOfPage":{"@id":"https:\/\/swimchannel.net\/br\/maxime-grousset-encerra-a-temporada-com-melhores-marcas-pessoais\/"},"wordCount":301,"commentCount":0,"publisher":{"@id":"https:\/\/swimchannel.net\/br\/#organization"},"image":{"@id":"https:\/\/swimchannel.net\/br\/maxime-grousset-encerra-a-temporada-com-melhores-marcas-pessoais\/#primaryimage"},"thumbnailUrl":"https:\/\/swimchannel.net\/br\/wp-content\/uploads\/2025\/12\/Maxime-Grousset-By-Jack-Spitser-DSC01374-Enhanced-NR-scaled-1.jpg","keywords":["Maxime Grousset","Meeting des Hortillons","natacao","nata\u00e7\u00e3o francesa"],"articleSection":["Nata\u00e7\u00e3o"],"inLanguage":"pt-BR","potentialAction":[{"@type":"CommentAction","name":"Comment","target":["https:\/\/swimchannel.net\/br\/maxime-grousset-encerra-a-temporada-com-melhores-marcas-pessoais\/#respond"]}]},{"@type":"WebPage","@id":"https:\/\/swimchannel.net\/br\/maxime-grousset-encerra-a-temporada-com-melhores-marcas-pessoais\/","url":"https:\/\/swimchannel.net\/br\/maxime-grousset-encerra-a-temporada-com-melhores-marcas-pessoais\/","name":"Maxime Grousset encerra a temporada com melhores marcas pessoais - Swimchannel","isPartOf":{"@id":"https:\/\/swimchannel.net\/br\/#website"},"primaryImageOfPage":{"@id":"https:\/\/swimchannel.net\/br\/maxime-grousset-encerra-a-temporada-com-melhores-marcas-pessoais\/#primaryimage"},"image":{"@id":"https:\/\/swimchannel.net\/br\/maxime-grousset-encerra-a-temporada-com-melhores-marcas-pessoais\/#primaryimage"},"thumbnailUrl":"https:\/\/swimchannel.net\/br\/wp-content\/uploads\/2025\/12\/Maxime-Grousset-By-Jack-Spitser-DSC01374-Enhanced-NR-scaled-1.jpg","datePublished":"2025-12-31T11:00:02+00:00","breadcrumb":{"@id":"https:\/\/swimchannel.net\/br\/maxime-grousset-encerra-a-temporada-com-melhores-marcas-pessoais\/#breadcrumb"},"inLanguage":"pt-BR","potentialAction":[{"@type":"ReadAction","target":["https:\/\/swimchannel.net\/br\/maxime-grousset-encerra-a-temporada-com-melhores-marcas-pessoais\/"]}]},{"@type":"ImageObject","inLanguage":"pt-BR","@id":"https:\/\/swimchannel.net\/br\/maxime-grousset-encerra-a-temporada-com-melhores-marcas-pessoais\/#primaryimage","url":"https:\/\/swimchannel.net\/br\/wp-content\/uploads\/2025\/12\/Maxime-Grousset-By-Jack-Spitser-DSC01374-Enhanced-NR-scaled-1.jpg","contentUrl":"https:\/\/swimchannel.net\/br\/wp-content\/uploads\/2025\/12\/Maxime-Grousset-By-Jack-Spitser-DSC01374-Enhanced-NR-scaled-1.jpg","width":945,"height":630,"caption":"Maxime Grousset - Foto: Jack Spitser"},{"@type":"BreadcrumbList","@id":"https:\/\/swimchannel.net\/br\/maxime-grousset-encerra-a-temporada-com-melhores-marcas-pessoais\/#breadcrumb","itemListElement":[{"@type":"ListItem","position":1,"name":"Home","item":"https:\/\/swimchannel.net\/br\/"},{"@type":"ListItem","position":2,"name":"Maxime Grousset encerra a temporada com melhores marcas pessoais"}]},{"@type":"WebSite","@id":"https:\/\/swimchannel.net\/br\/#website","url":"https:\/\/swimchannel.net\/br\/","name":"Swimchannel","description":"Maior portal de nata\u00e7\u00e3o da america latina","publisher":{"@id":"https:\/\/swimchannel.net\/br\/#organization"},"potentialAction":[{"@type":"SearchAction","target":{"@type":"EntryPoint","urlTemplate":"https:\/\/swimchannel.net\/br\/?s={search_term_string}"},"query-input":{"@type":"PropertyValueSpecification","valueRequired":true,"valueName":"search_term_string"}}],"inLanguage":"pt-BR"},{"@type":"Organization","@id":"https:\/\/swimchannel.net\/br\/#organization","name":"Swimchannel - Conectando voc\u00ea a Nata\u00e7\u00e3o","url":"https:\/\/swimchannel.net\/br\/","logo":{"@type":"ImageObject","inLanguage":"pt-BR","@id":"https:\/\/swimchannel.net\/br\/#\/schema\/logo\/image\/","url":"https:\/\/swimchannel.net\/br\/wp-content\/uploads\/2026\/02\/SWIM-CHANNEL.png","contentUrl":"https:\/\/swimchannel.net\/br\/wp-content\/uploads\/2026\/02\/SWIM-CHANNEL.png","width":1120,"height":630,"caption":"Swimchannel - Conectando voc\u00ea a Nata\u00e7\u00e3o"},"image":{"@id":"https:\/\/swimchannel.net\/br\/#\/schema\/logo\/image\/"},"sameAs":["https:\/\/www.facebook.com\/swimchannel","https:\/\/www.instagram.com\/swimchannel"]},{"@type":"Person","@id":"https:\/\/swimchannel.net\/br\/#\/schema\/person\/aa2a63bab3275f53749a83276b213c48","name":"Guilherme Freitas","image":{"@type":"ImageObject","inLanguage":"pt-BR","@id":"https:\/\/swimchannel.net\/br\/#\/schema\/person\/image\/","url":"https:\/\/swimchannel.net\/br\/wp-content\/uploads\/2025\/10\/gui22-193x180.png","contentUrl":"https:\/\/swimchannel.net\/br\/wp-content\/uploads\/2025\/10\/gui22-193x180.png","caption":"Guilherme Freitas"},"description":"Jornalista s\u00eanior da SWIM CHANNEL, ex-correspondente da FINA no Brasil e pesquisador acad\u00eamico.","sameAs":["instagram.com\/guifreitas86"],"url":"https:\/\/swimchannel.net\/br\/author\/guilherme-freitas\/"}]}},"_links":{"self":[{"href":"https:\/\/swimchannel.net\/br\/wp-json\/wp\/v2\/posts\/78385","targetHints":{"allow":["GET"]}}],"collection":[{"href":"https:\/\/swimchannel.net\/br\/wp-json\/wp\/v2\/posts"}],"about":[{"href":"https:\/\/swimchannel.net\/br\/wp-json\/wp\/v2\/types\/post"}],"author":[{"embeddable":true,"href":"https:\/\/swimchannel.net\/br\/wp-json\/wp\/v2\/users\/3"}],"replies":[{"embeddable":true,"href":"https:\/\/swimchannel.net\/br\/wp-json\/wp\/v2\/comments?post=78385"}],"version-history":[{"count":1,"href":"https:\/\/swimchannel.net\/br\/wp-json\/wp\/v2\/posts\/78385\/revisions"}],"predecessor-version":[{"id":78387,"href":"https:\/\/swimchannel.net\/br\/wp-json\/wp\/v2\/posts\/78385\/revisions\/78387"}],"wp:featuredmedia":[{"embeddable":true,"href":"https:\/\/swimchannel.net\/br\/wp-json\/wp\/v2\/media\/78386"}],"wp:attachment":[{"href":"https:\/\/swimchannel.net\/br\/wp-json\/wp\/v2\/media?parent=78385"}],"wp:term":[{"taxonomy":"category","embeddable":true,"href":"https:\/\/swimchannel.net\/br\/wp-json\/wp\/v2\/categories?post=78385"},{"taxonomy":"post_tag","embeddable":true,"href":"https:\/\/swimchannel.net\/br\/wp-json\/wp\/v2\/tags?post=78385"}],"curies":[{"name":"wp","href":"https:\/\/api.w.org\/{rel}","templated":true}]}}