{"id":78441,"date":"2026-01-04T07:00:32","date_gmt":"2026-01-04T10:00:32","guid":{"rendered":"https:\/\/swimchannel.net\/br\/?p=78441"},"modified":"2026-01-02T11:46:42","modified_gmt":"2026-01-02T14:46:42","slug":"todos-os-campeoes-da-natacao-brasileira-de-2025","status":"publish","type":"post","link":"https:\/\/swimchannel.net\/br\/todos-os-campeoes-da-natacao-brasileira-de-2025\/","title":{"rendered":"Todos os campe\u00f5es da nata\u00e7\u00e3o brasileira de 2025"},"content":{"rendered":"<p><strong>Rela\u00e7\u00e3o de todos os campe\u00f5es nacionais e regionais da nata\u00e7\u00e3o brasileira em 2026<\/strong><\/p>\n<p>Trof\u00e9u Brasil, Rio de Janeiro \u2013 Minas T\u00eanis Clube<br \/>\nTrof\u00e9u Jos\u00e9 Finkel, S\u00e3o Paulo \u2013 Minas T\u00eanis Clube<br \/>\nOpen, Rio de Janeiro \u2013 Esporte Clube Pinheiros<br \/>\nTrof\u00e9u Daltely Guimar\u00e3es, Brasileiro S\u00eanior de Inverno, Recife \u2013 Minas T\u00eanis Clube<br \/>\nTrof\u00e9u Daltely Guimar\u00e3es, Brasileiro S\u00eanior de Ver\u00e3o, Rio de Janeiro \u2013 Minas T\u00eanis Clube<br \/>\nTrof\u00e9u Tancredo Neves, Brasileiro J\u00fanior de Inverno, Recife \u2013 Minas T\u00eanis Clube<br \/>\nTrof\u00e9u Julio de Lamare, Brasileiro J\u00fanior de Ver\u00e3o, Rio de Janeiro \u2013 Minas T\u00eanis Clube<br \/>\nTrof\u00e9u Arthur Sampaio Carepa, Brasileiro Juvenil de Inverno, Uberl\u00e2ndia \u2013 Clube de Regatas Flamengo<br \/>\nTrof\u00e9u Carlos Campos Sobrinho, Brasileiro Juvenil de Ver\u00e3o, Vit\u00f3ria \u2013 Clube de Regatas Flamengo<br \/>\nTrof\u00e9u Ruben Dinard de Ara\u00fajo, Brasileiro Infantil de Inverno, Bauru \u2013 SESI SP<br \/>\nTrof\u00e9u Mauricio Bekenn, Brasileiro Infantil de Ver\u00e3o, Rio de Janeiro \u2013 SESI SP<br \/>\nTrof\u00e9u Chico Piscina, Mococa \u2013 Sele\u00e7\u00e3o Paulista<br \/>\nCentro-Oeste Infantil a S\u00eanior, Cuiab\u00e1 \u2013 R\u00e1dio Clube do Mato Grosso do Sul<br \/>\nCentro-Oeste Infantil a S\u00eanior, An\u00e1polis \u2013 Clube de Engenharia Goi\u00e1s<br \/>\nTrof\u00e9u S\u00e9rgio Silva, Nordeste Infantil a S\u00eanior, Jo\u00e3o Pessoa \u2013 AABB de Recife<br \/>\nTrof\u00e9u Le\u00f4nidas Marques, Norte Infantil a S\u00eanior, Boa Vista \u2013 Instituto Pedro Nicolas<br \/>\nTrof\u00e9u Walter Figueiredo e Silva, Norte-Nordeste Infantil a S\u00eanior \u2013 AABB de Recife<br \/>\nSulbrasileiro J\u00fanior a S\u00eanior, Florian\u00f3polis \u2013 Clube Curitibano<br \/>\nSulbrasileiro Infantil e Juvenil, Porto Alegre \u2013 Clube Curitibano<br \/>\nTrof\u00e9u Milton Medeiros, Norte-Nordeste Interfederativo \u2013 Sele\u00e7\u00e3o Paraibana<\/p>\n<p>&nbsp;<\/p>\n<p>Gostaria de receber as not\u00edcias de nata\u00e7\u00e3o e \u00e1guas abertas no seu email?<\/p>\n<p><a href=\"https:\/\/lpa.nitro.news\/n-GNe\/ultimas-noticias-swim-channel\">Cadastre-se aqui<\/a><\/p>\n","protected":false},"excerpt":{"rendered":"<p>Rela\u00e7\u00e3o de todos os campe\u00f5es nacionais e regionais da nata\u00e7\u00e3o brasileira em 2026 Trof\u00e9u Brasil, Rio de Janeiro \u2013 Minas T\u00eanis Clube Trof\u00e9u Jos\u00e9 Finkel, S\u00e3o Paulo \u2013 Minas T\u00eanis Clube Open, Rio de Janeiro \u2013 Esporte Clube Pinheiros Trof\u00e9u Daltely Guimar\u00e3es, Brasileiro S\u00eanior de Inverno, Recife \u2013 Minas T\u00eanis Clube Trof\u00e9u Daltely Guimar\u00e3es, Brasileiro [&hellip;]<\/p>\n","protected":false},"author":12,"featured_media":76954,"comment_status":"open","ping_status":"open","sticky":false,"template":"","format":"gallery","meta":{"footnotes":""},"categories":[137],"tags":[5,193],"class_list":["post-78441","post","type-post","status-publish","format-gallery","has-post-thumbnail","hentry","category-natacao","tag-natacao","tag-natacao-brasileira","post_format-post-format-gallery"],"yoast_head":"<!-- This site is optimized with the Yoast SEO plugin v27.0 - https:\/\/yoast.com\/product\/yoast-seo-wordpress\/ -->\n<title>Todos os campe\u00f5es da nata\u00e7\u00e3o brasileira de 2025 - Swimchannel<\/title>\n<meta name=\"robots\" content=\"index, follow, max-snippet:-1, max-image-preview:large, max-video-preview:-1\" \/>\n<link rel=\"canonical\" href=\"https:\/\/swimchannel.net\/br\/todos-os-campeoes-da-natacao-brasileira-de-2025\/\" \/>\n<meta property=\"og:locale\" content=\"pt_BR\" \/>\n<meta property=\"og:type\" content=\"article\" \/>\n<meta property=\"og:title\" content=\"Todos os campe\u00f5es da nata\u00e7\u00e3o brasileira de 2025 - Swimchannel\" \/>\n<meta property=\"og:description\" content=\"Rela\u00e7\u00e3o de todos os campe\u00f5es nacionais e regionais da nata\u00e7\u00e3o brasileira em 2026 Trof\u00e9u Brasil, Rio de Janeiro \u2013 Minas T\u00eanis Clube Trof\u00e9u Jos\u00e9 Finkel, S\u00e3o Paulo \u2013 Minas T\u00eanis Clube Open, Rio de Janeiro \u2013 Esporte Clube Pinheiros Trof\u00e9u Daltely Guimar\u00e3es, Brasileiro S\u00eanior de Inverno, Recife \u2013 Minas T\u00eanis Clube Trof\u00e9u Daltely Guimar\u00e3es, Brasileiro [&hellip;]\" \/>\n<meta property=\"og:url\" content=\"https:\/\/swimchannel.net\/br\/todos-os-campeoes-da-natacao-brasileira-de-2025\/\" \/>\n<meta property=\"og:site_name\" content=\"Swimchannel\" \/>\n<meta property=\"article:publisher\" content=\"https:\/\/www.facebook.com\/swimchannel\" \/>\n<meta property=\"article:published_time\" content=\"2026-01-04T10:00:32+00:00\" \/>\n<meta property=\"og:image\" content=\"https:\/\/swimchannel.net\/br\/wp-content\/uploads\/2025\/11\/54895632796_4bc22074a5_k.jpg\" \/>\n\t<meta property=\"og:image:width\" content=\"2048\" \/>\n\t<meta property=\"og:image:height\" content=\"1366\" \/>\n\t<meta property=\"og:image:type\" content=\"image\/jpeg\" \/>\n<meta name=\"author\" content=\"Alex Pussieldi\" \/>\n<meta name=\"twitter:card\" content=\"summary_large_image\" \/>\n<meta name=\"twitter:label1\" content=\"Escrito por\" \/>\n\t<meta name=\"twitter:data1\" content=\"Alex Pussieldi\" \/>\n\t<meta name=\"twitter:label2\" content=\"Est. tempo de leitura\" \/>\n\t<meta name=\"twitter:data2\" content=\"1 minuto\" \/>\n<script type=\"application\/ld+json\" class=\"yoast-schema-graph\">{\"@context\":\"https:\/\/schema.org\",\"@graph\":[{\"@type\":\"Article\",\"@id\":\"https:\/\/swimchannel.net\/br\/todos-os-campeoes-da-natacao-brasileira-de-2025\/#article\",\"isPartOf\":{\"@id\":\"https:\/\/swimchannel.net\/br\/todos-os-campeoes-da-natacao-brasileira-de-2025\/\"},\"author\":{\"name\":\"Alex Pussieldi\",\"@id\":\"https:\/\/swimchannel.net\/br\/#\/schema\/person\/cf549cb99cf75592fcf7c76213385e63\"},\"headline\":\"Todos os campe\u00f5es da nata\u00e7\u00e3o brasileira de 2025\",\"datePublished\":\"2026-01-04T10:00:32+00:00\",\"mainEntityOfPage\":{\"@id\":\"https:\/\/swimchannel.net\/br\/todos-os-campeoes-da-natacao-brasileira-de-2025\/\"},\"wordCount\":300,\"commentCount\":0,\"publisher\":{\"@id\":\"https:\/\/swimchannel.net\/br\/#organization\"},\"image\":{\"@id\":\"https:\/\/swimchannel.net\/br\/todos-os-campeoes-da-natacao-brasileira-de-2025\/#primaryimage\"},\"thumbnailUrl\":\"https:\/\/swimchannel.net\/br\/wp-content\/uploads\/2025\/11\/54895632796_4bc22074a5_k.jpg\",\"keywords\":[\"natacao\",\"nata\u00e7\u00e3o brasileira\"],\"articleSection\":[\"Nata\u00e7\u00e3o\"],\"inLanguage\":\"pt-BR\",\"potentialAction\":[{\"@type\":\"CommentAction\",\"name\":\"Comment\",\"target\":[\"https:\/\/swimchannel.net\/br\/todos-os-campeoes-da-natacao-brasileira-de-2025\/#respond\"]}]},{\"@type\":\"WebPage\",\"@id\":\"https:\/\/swimchannel.net\/br\/todos-os-campeoes-da-natacao-brasileira-de-2025\/\",\"url\":\"https:\/\/swimchannel.net\/br\/todos-os-campeoes-da-natacao-brasileira-de-2025\/\",\"name\":\"Todos os campe\u00f5es da nata\u00e7\u00e3o brasileira de 2025 - Swimchannel\",\"isPartOf\":{\"@id\":\"https:\/\/swimchannel.net\/br\/#website\"},\"primaryImageOfPage\":{\"@id\":\"https:\/\/swimchannel.net\/br\/todos-os-campeoes-da-natacao-brasileira-de-2025\/#primaryimage\"},\"image\":{\"@id\":\"https:\/\/swimchannel.net\/br\/todos-os-campeoes-da-natacao-brasileira-de-2025\/#primaryimage\"},\"thumbnailUrl\":\"https:\/\/swimchannel.net\/br\/wp-content\/uploads\/2025\/11\/54895632796_4bc22074a5_k.jpg\",\"datePublished\":\"2026-01-04T10:00:32+00:00\",\"breadcrumb\":{\"@id\":\"https:\/\/swimchannel.net\/br\/todos-os-campeoes-da-natacao-brasileira-de-2025\/#breadcrumb\"},\"inLanguage\":\"pt-BR\",\"potentialAction\":[{\"@type\":\"ReadAction\",\"target\":[\"https:\/\/swimchannel.net\/br\/todos-os-campeoes-da-natacao-brasileira-de-2025\/\"]}]},{\"@type\":\"ImageObject\",\"inLanguage\":\"pt-BR\",\"@id\":\"https:\/\/swimchannel.net\/br\/todos-os-campeoes-da-natacao-brasileira-de-2025\/#primaryimage\",\"url\":\"https:\/\/swimchannel.net\/br\/wp-content\/uploads\/2025\/11\/54895632796_4bc22074a5_k.jpg\",\"contentUrl\":\"https:\/\/swimchannel.net\/br\/wp-content\/uploads\/2025\/11\/54895632796_4bc22074a5_k.jpg\",\"width\":2048,\"height\":1366,\"caption\":\"Minas TC campe\u00e3o do Finkel 2025 - Foto: Satiro Sodr\u00e9\"},{\"@type\":\"BreadcrumbList\",\"@id\":\"https:\/\/swimchannel.net\/br\/todos-os-campeoes-da-natacao-brasileira-de-2025\/#breadcrumb\",\"itemListElement\":[{\"@type\":\"ListItem\",\"position\":1,\"name\":\"Home\",\"item\":\"https:\/\/swimchannel.net\/br\/\"},{\"@type\":\"ListItem\",\"position\":2,\"name\":\"Todos os campe\u00f5es da nata\u00e7\u00e3o brasileira de 2025\"}]},{\"@type\":\"WebSite\",\"@id\":\"https:\/\/swimchannel.net\/br\/#website\",\"url\":\"https:\/\/swimchannel.net\/br\/\",\"name\":\"Swimchannel\",\"description\":\"Maior portal de nata\u00e7\u00e3o da america latina\",\"publisher\":{\"@id\":\"https:\/\/swimchannel.net\/br\/#organization\"},\"potentialAction\":[{\"@type\":\"SearchAction\",\"target\":{\"@type\":\"EntryPoint\",\"urlTemplate\":\"https:\/\/swimchannel.net\/br\/?s={search_term_string}\"},\"query-input\":{\"@type\":\"PropertyValueSpecification\",\"valueRequired\":true,\"valueName\":\"search_term_string\"}}],\"inLanguage\":\"pt-BR\"},{\"@type\":\"Organization\",\"@id\":\"https:\/\/swimchannel.net\/br\/#organization\",\"name\":\"Swimchannel - Conectando voc\u00ea a Nata\u00e7\u00e3o\",\"url\":\"https:\/\/swimchannel.net\/br\/\",\"logo\":{\"@type\":\"ImageObject\",\"inLanguage\":\"pt-BR\",\"@id\":\"https:\/\/swimchannel.net\/br\/#\/schema\/logo\/image\/\",\"url\":\"https:\/\/swimchannel.net\/br\/wp-content\/uploads\/2026\/02\/SWIM-CHANNEL.png\",\"contentUrl\":\"https:\/\/swimchannel.net\/br\/wp-content\/uploads\/2026\/02\/SWIM-CHANNEL.png\",\"width\":1120,\"height\":630,\"caption\":\"Swimchannel - Conectando voc\u00ea a Nata\u00e7\u00e3o\"},\"image\":{\"@id\":\"https:\/\/swimchannel.net\/br\/#\/schema\/logo\/image\/\"},\"sameAs\":[\"https:\/\/www.facebook.com\/swimchannel\",\"https:\/\/www.instagram.com\/swimchannel\"]},{\"@type\":\"Person\",\"@id\":\"https:\/\/swimchannel.net\/br\/#\/schema\/person\/cf549cb99cf75592fcf7c76213385e63\",\"name\":\"Alex Pussieldi\",\"image\":{\"@type\":\"ImageObject\",\"inLanguage\":\"pt-BR\",\"@id\":\"https:\/\/swimchannel.net\/br\/#\/schema\/person\/image\/\",\"url\":\"https:\/\/swimchannel.net\/br\/wp-content\/uploads\/2021\/02\/9b1c252d-a4bd-4eda-b399-24565cac4114-100x100.jpg\",\"contentUrl\":\"https:\/\/swimchannel.net\/br\/wp-content\/uploads\/2021\/02\/9b1c252d-a4bd-4eda-b399-24565cac4114-100x100.jpg\",\"caption\":\"Alex Pussieldi\"},\"description\":\"Alexandre Pussieldi, apelidado de \u201ccoach\u201d, Foi t\u00e9cnico da sele\u00e7\u00e3o verde e amarela nas Olimp\u00edadas de Pequim-2008 e Londres-2012. O treinador ainda comandou outros quatro pa\u00edses: Kuwait, Paraguai, Aruba e Antilhas Holandesas, al\u00e9m da sele\u00e7\u00e3o americana de \u00e1guas abertas. Pussieldi tem passagens como comentarista de nata\u00e7\u00e3o do Grupo Globo e Swim Channel.\",\"url\":\"https:\/\/swimchannel.net\/br\/author\/alexpussieldi\/\"}]}<\/script>\n<!-- \/ Yoast SEO plugin. -->","yoast_head_json":{"title":"Todos os campe\u00f5es da nata\u00e7\u00e3o brasileira de 2025 - Swimchannel","robots":{"index":"index","follow":"follow","max-snippet":"max-snippet:-1","max-image-preview":"max-image-preview:large","max-video-preview":"max-video-preview:-1"},"canonical":"https:\/\/swimchannel.net\/br\/todos-os-campeoes-da-natacao-brasileira-de-2025\/","og_locale":"pt_BR","og_type":"article","og_title":"Todos os campe\u00f5es da nata\u00e7\u00e3o brasileira de 2025 - Swimchannel","og_description":"Rela\u00e7\u00e3o de todos os campe\u00f5es nacionais e regionais da nata\u00e7\u00e3o brasileira em 2026 Trof\u00e9u Brasil, Rio de Janeiro \u2013 Minas T\u00eanis Clube Trof\u00e9u Jos\u00e9 Finkel, S\u00e3o Paulo \u2013 Minas T\u00eanis Clube Open, Rio de Janeiro \u2013 Esporte Clube Pinheiros Trof\u00e9u Daltely Guimar\u00e3es, Brasileiro S\u00eanior de Inverno, Recife \u2013 Minas T\u00eanis Clube Trof\u00e9u Daltely Guimar\u00e3es, Brasileiro [&hellip;]","og_url":"https:\/\/swimchannel.net\/br\/todos-os-campeoes-da-natacao-brasileira-de-2025\/","og_site_name":"Swimchannel","article_publisher":"https:\/\/www.facebook.com\/swimchannel","article_published_time":"2026-01-04T10:00:32+00:00","og_image":[{"width":2048,"height":1366,"url":"https:\/\/swimchannel.net\/br\/wp-content\/uploads\/2025\/11\/54895632796_4bc22074a5_k.jpg","type":"image\/jpeg"}],"author":"Alex Pussieldi","twitter_card":"summary_large_image","twitter_misc":{"Escrito por":"Alex Pussieldi","Est. tempo de leitura":"1 minuto"},"schema":{"@context":"https:\/\/schema.org","@graph":[{"@type":"Article","@id":"https:\/\/swimchannel.net\/br\/todos-os-campeoes-da-natacao-brasileira-de-2025\/#article","isPartOf":{"@id":"https:\/\/swimchannel.net\/br\/todos-os-campeoes-da-natacao-brasileira-de-2025\/"},"author":{"name":"Alex Pussieldi","@id":"https:\/\/swimchannel.net\/br\/#\/schema\/person\/cf549cb99cf75592fcf7c76213385e63"},"headline":"Todos os campe\u00f5es da nata\u00e7\u00e3o brasileira de 2025","datePublished":"2026-01-04T10:00:32+00:00","mainEntityOfPage":{"@id":"https:\/\/swimchannel.net\/br\/todos-os-campeoes-da-natacao-brasileira-de-2025\/"},"wordCount":300,"commentCount":0,"publisher":{"@id":"https:\/\/swimchannel.net\/br\/#organization"},"image":{"@id":"https:\/\/swimchannel.net\/br\/todos-os-campeoes-da-natacao-brasileira-de-2025\/#primaryimage"},"thumbnailUrl":"https:\/\/swimchannel.net\/br\/wp-content\/uploads\/2025\/11\/54895632796_4bc22074a5_k.jpg","keywords":["natacao","nata\u00e7\u00e3o brasileira"],"articleSection":["Nata\u00e7\u00e3o"],"inLanguage":"pt-BR","potentialAction":[{"@type":"CommentAction","name":"Comment","target":["https:\/\/swimchannel.net\/br\/todos-os-campeoes-da-natacao-brasileira-de-2025\/#respond"]}]},{"@type":"WebPage","@id":"https:\/\/swimchannel.net\/br\/todos-os-campeoes-da-natacao-brasileira-de-2025\/","url":"https:\/\/swimchannel.net\/br\/todos-os-campeoes-da-natacao-brasileira-de-2025\/","name":"Todos os campe\u00f5es da nata\u00e7\u00e3o brasileira de 2025 - Swimchannel","isPartOf":{"@id":"https:\/\/swimchannel.net\/br\/#website"},"primaryImageOfPage":{"@id":"https:\/\/swimchannel.net\/br\/todos-os-campeoes-da-natacao-brasileira-de-2025\/#primaryimage"},"image":{"@id":"https:\/\/swimchannel.net\/br\/todos-os-campeoes-da-natacao-brasileira-de-2025\/#primaryimage"},"thumbnailUrl":"https:\/\/swimchannel.net\/br\/wp-content\/uploads\/2025\/11\/54895632796_4bc22074a5_k.jpg","datePublished":"2026-01-04T10:00:32+00:00","breadcrumb":{"@id":"https:\/\/swimchannel.net\/br\/todos-os-campeoes-da-natacao-brasileira-de-2025\/#breadcrumb"},"inLanguage":"pt-BR","potentialAction":[{"@type":"ReadAction","target":["https:\/\/swimchannel.net\/br\/todos-os-campeoes-da-natacao-brasileira-de-2025\/"]}]},{"@type":"ImageObject","inLanguage":"pt-BR","@id":"https:\/\/swimchannel.net\/br\/todos-os-campeoes-da-natacao-brasileira-de-2025\/#primaryimage","url":"https:\/\/swimchannel.net\/br\/wp-content\/uploads\/2025\/11\/54895632796_4bc22074a5_k.jpg","contentUrl":"https:\/\/swimchannel.net\/br\/wp-content\/uploads\/2025\/11\/54895632796_4bc22074a5_k.jpg","width":2048,"height":1366,"caption":"Minas TC campe\u00e3o do Finkel 2025 - Foto: Satiro Sodr\u00e9"},{"@type":"BreadcrumbList","@id":"https:\/\/swimchannel.net\/br\/todos-os-campeoes-da-natacao-brasileira-de-2025\/#breadcrumb","itemListElement":[{"@type":"ListItem","position":1,"name":"Home","item":"https:\/\/swimchannel.net\/br\/"},{"@type":"ListItem","position":2,"name":"Todos os campe\u00f5es da nata\u00e7\u00e3o brasileira de 2025"}]},{"@type":"WebSite","@id":"https:\/\/swimchannel.net\/br\/#website","url":"https:\/\/swimchannel.net\/br\/","name":"Swimchannel","description":"Maior portal de nata\u00e7\u00e3o da america latina","publisher":{"@id":"https:\/\/swimchannel.net\/br\/#organization"},"potentialAction":[{"@type":"SearchAction","target":{"@type":"EntryPoint","urlTemplate":"https:\/\/swimchannel.net\/br\/?s={search_term_string}"},"query-input":{"@type":"PropertyValueSpecification","valueRequired":true,"valueName":"search_term_string"}}],"inLanguage":"pt-BR"},{"@type":"Organization","@id":"https:\/\/swimchannel.net\/br\/#organization","name":"Swimchannel - Conectando voc\u00ea a Nata\u00e7\u00e3o","url":"https:\/\/swimchannel.net\/br\/","logo":{"@type":"ImageObject","inLanguage":"pt-BR","@id":"https:\/\/swimchannel.net\/br\/#\/schema\/logo\/image\/","url":"https:\/\/swimchannel.net\/br\/wp-content\/uploads\/2026\/02\/SWIM-CHANNEL.png","contentUrl":"https:\/\/swimchannel.net\/br\/wp-content\/uploads\/2026\/02\/SWIM-CHANNEL.png","width":1120,"height":630,"caption":"Swimchannel - Conectando voc\u00ea a Nata\u00e7\u00e3o"},"image":{"@id":"https:\/\/swimchannel.net\/br\/#\/schema\/logo\/image\/"},"sameAs":["https:\/\/www.facebook.com\/swimchannel","https:\/\/www.instagram.com\/swimchannel"]},{"@type":"Person","@id":"https:\/\/swimchannel.net\/br\/#\/schema\/person\/cf549cb99cf75592fcf7c76213385e63","name":"Alex Pussieldi","image":{"@type":"ImageObject","inLanguage":"pt-BR","@id":"https:\/\/swimchannel.net\/br\/#\/schema\/person\/image\/","url":"https:\/\/swimchannel.net\/br\/wp-content\/uploads\/2021\/02\/9b1c252d-a4bd-4eda-b399-24565cac4114-100x100.jpg","contentUrl":"https:\/\/swimchannel.net\/br\/wp-content\/uploads\/2021\/02\/9b1c252d-a4bd-4eda-b399-24565cac4114-100x100.jpg","caption":"Alex Pussieldi"},"description":"Alexandre Pussieldi, apelidado de \u201ccoach\u201d, Foi t\u00e9cnico da sele\u00e7\u00e3o verde e amarela nas Olimp\u00edadas de Pequim-2008 e Londres-2012. O treinador ainda comandou outros quatro pa\u00edses: Kuwait, Paraguai, Aruba e Antilhas Holandesas, al\u00e9m da sele\u00e7\u00e3o americana de \u00e1guas abertas. Pussieldi tem passagens como comentarista de nata\u00e7\u00e3o do Grupo Globo e Swim Channel.","url":"https:\/\/swimchannel.net\/br\/author\/alexpussieldi\/"}]}},"_links":{"self":[{"href":"https:\/\/swimchannel.net\/br\/wp-json\/wp\/v2\/posts\/78441","targetHints":{"allow":["GET"]}}],"collection":[{"href":"https:\/\/swimchannel.net\/br\/wp-json\/wp\/v2\/posts"}],"about":[{"href":"https:\/\/swimchannel.net\/br\/wp-json\/wp\/v2\/types\/post"}],"author":[{"embeddable":true,"href":"https:\/\/swimchannel.net\/br\/wp-json\/wp\/v2\/users\/12"}],"replies":[{"embeddable":true,"href":"https:\/\/swimchannel.net\/br\/wp-json\/wp\/v2\/comments?post=78441"}],"version-history":[{"count":1,"href":"https:\/\/swimchannel.net\/br\/wp-json\/wp\/v2\/posts\/78441\/revisions"}],"predecessor-version":[{"id":78442,"href":"https:\/\/swimchannel.net\/br\/wp-json\/wp\/v2\/posts\/78441\/revisions\/78442"}],"wp:featuredmedia":[{"embeddable":true,"href":"https:\/\/swimchannel.net\/br\/wp-json\/wp\/v2\/media\/76954"}],"wp:attachment":[{"href":"https:\/\/swimchannel.net\/br\/wp-json\/wp\/v2\/media?parent=78441"}],"wp:term":[{"taxonomy":"category","embeddable":true,"href":"https:\/\/swimchannel.net\/br\/wp-json\/wp\/v2\/categories?post=78441"},{"taxonomy":"post_tag","embeddable":true,"href":"https:\/\/swimchannel.net\/br\/wp-json\/wp\/v2\/tags?post=78441"}],"curies":[{"name":"wp","href":"https:\/\/api.w.org\/{rel}","templated":true}]}}