{"id":78532,"date":"2026-01-10T08:00:37","date_gmt":"2026-01-10T11:00:37","guid":{"rendered":"https:\/\/swimchannel.net\/br\/?p=78532"},"modified":"2026-01-09T13:11:14","modified_gmt":"2026-01-09T16:11:14","slug":"os-lideres-do-ranking-nacional-masculino-em-piscina-curta","status":"publish","type":"post","link":"https:\/\/swimchannel.net\/br\/os-lideres-do-ranking-nacional-masculino-em-piscina-curta\/","title":{"rendered":"Os l\u00edderes do ranking nacional masculino em piscina curta"},"content":{"rendered":"<p>Apresentamos aqui a rela\u00e7\u00e3o completa dos melhores tempos do Brasil em 2025 na nata\u00e7\u00e3o masculina em piscina curta. Confira abaixo:<\/p>\n<figure id=\"attachment_76805\" aria-describedby=\"caption-attachment-76805\" style=\"width: 1199px\" class=\"wp-caption alignnone\"><img loading=\"lazy\" decoding=\"async\" class=\"size-large wp-image-76805\" src=\"https:\/\/swimchannel.net\/br\/wp-content\/uploads\/2025\/10\/54887285601_c2bd97ca42_k-1199x800.jpg\" alt=\"\" width=\"1199\" height=\"800\" srcset=\"https:\/\/swimchannel.net\/br\/wp-content\/uploads\/2025\/10\/54887285601_c2bd97ca42_k-1199x800.jpg 1199w, https:\/\/swimchannel.net\/br\/wp-content\/uploads\/2025\/10\/54887285601_c2bd97ca42_k-1012x675.jpg 1012w, https:\/\/swimchannel.net\/br\/wp-content\/uploads\/2025\/10\/54887285601_c2bd97ca42_k-270x180.jpg 270w, https:\/\/swimchannel.net\/br\/wp-content\/uploads\/2025\/10\/54887285601_c2bd97ca42_k-768x512.jpg 768w, https:\/\/swimchannel.net\/br\/wp-content\/uploads\/2025\/10\/54887285601_c2bd97ca42_k-1536x1025.jpg 1536w, https:\/\/swimchannel.net\/br\/wp-content\/uploads\/2025\/10\/54887285601_c2bd97ca42_k-750x500.jpg 750w, https:\/\/swimchannel.net\/br\/wp-content\/uploads\/2025\/10\/54887285601_c2bd97ca42_k-1140x760.jpg 1140w, https:\/\/swimchannel.net\/br\/wp-content\/uploads\/2025\/10\/54887285601_c2bd97ca42_k.jpg 2048w\" sizes=\"auto, (max-width: 1199px) 100vw, 1199px\" \/><figcaption id=\"caption-attachment-76805\" class=\"wp-caption-text\">Caio Pumputis &#8211; Foto: Satiro Sodre\/CBDA<\/figcaption><\/figure>\n<p>50m livre: Pedro Sansone (Pinheiros) \u2013 21s30<br \/>\n100m livre: Andre Calvelo (Internacional de Regatas) \u2013 47s28<br \/>\n200m livre: Murilo Sartoni (Minas TC) \u2013 1min43s83<br \/>\n400m livre: Arthur Mello (Flamengo) \u2013 3min44s77<br \/>\n800m livre: Stephan Steverink (Flamengo) \u2013 7min48s88<br \/>\n1500m livre: Guilherme Kanzler (Jaragu\u00e1 do Sul) \u2013 15min09s49<br \/>\n50m costas: Guilherme Basseto (Unisanta) \u2013 23s59<br \/>\n100m costas: Pedro Motta (Unisanta) \u2013 51s28<br \/>\n200m costas: Samuel Lopes (Pinheiros) \u2013 1min53s01<br \/>\n50m peito: Caio Pumputis (Pinheiros) \u2013 26s54<br \/>\n100m peito: Caio Pumputis (Pinheiros) \u2013 57s98<br \/>\n200m peito: Caio Pumputis (Pinheiros) \u2013 2min05s36<br \/>\n50m borboleta: Lucio Flavio de Paula (Pinheiros) \u2013 22s96<br \/>\n100m borboleta: Pedro Busch (Flamengo) \u2013 50s06<br \/>\n200m borboleta: Pedro Busch (Flamengo) \u2013 1min52s31<br \/>\n100m medley: Caio Pumputis (Pinheiros) \u2013 52s18<br \/>\n200m medley: Leonardo Santos (Pinheiros) \u2013 1min54s78<br \/>\n400m medley: Stephan Steverink (Flamengo) \u2013 4min10s80<\/p>\n<p>&nbsp;<\/p>\n<p>Gostaria de receber as not\u00edcias de nata\u00e7\u00e3o e \u00e1guas abertas no seu email?<\/p>\n<p><a href=\"https:\/\/lpa.nitro.news\/n-GNe\/ultimas-noticias-swim-channel\">Cadastre-se aqui<\/a><\/p>\n","protected":false},"excerpt":{"rendered":"<p>Apresentamos aqui a rela\u00e7\u00e3o completa dos melhores tempos do Brasil em 2025 na nata\u00e7\u00e3o masculina em piscina curta. Confira abaixo: 50m livre: Pedro Sansone (Pinheiros) \u2013 21s30 100m livre: Andre Calvelo (Internacional de Regatas) \u2013 47s28 200m livre: Murilo Sartoni (Minas TC) \u2013 1min43s83 400m livre: Arthur Mello (Flamengo) \u2013 3min44s77 800m livre: Stephan Steverink [&hellip;]<\/p>\n","protected":false},"author":3,"featured_media":73090,"comment_status":"open","ping_status":"open","sticky":false,"template":"","format":"standard","meta":{"footnotes":""},"categories":[137],"tags":[5,6748],"class_list":["post-78532","post","type-post","status-publish","format-standard","has-post-thumbnail","hentry","category-natacao","tag-natacao","tag-ranking-nacional"],"yoast_head":"<!-- This site is optimized with the Yoast SEO plugin v27.0 - https:\/\/yoast.com\/product\/yoast-seo-wordpress\/ -->\n<title>Os l\u00edderes do ranking nacional masculino em piscina curta - Swimchannel<\/title>\n<meta name=\"robots\" content=\"index, follow, max-snippet:-1, max-image-preview:large, max-video-preview:-1\" \/>\n<link rel=\"canonical\" href=\"https:\/\/swimchannel.net\/br\/os-lideres-do-ranking-nacional-masculino-em-piscina-curta\/\" \/>\n<meta property=\"og:locale\" content=\"pt_BR\" \/>\n<meta property=\"og:type\" content=\"article\" \/>\n<meta property=\"og:title\" content=\"Os l\u00edderes do ranking nacional masculino em piscina curta - Swimchannel\" \/>\n<meta property=\"og:description\" content=\"Apresentamos aqui a rela\u00e7\u00e3o completa dos melhores tempos do Brasil em 2025 na nata\u00e7\u00e3o masculina em piscina curta. Confira abaixo: 50m livre: Pedro Sansone (Pinheiros) \u2013 21s30 100m livre: Andre Calvelo (Internacional de Regatas) \u2013 47s28 200m livre: Murilo Sartoni (Minas TC) \u2013 1min43s83 400m livre: Arthur Mello (Flamengo) \u2013 3min44s77 800m livre: Stephan Steverink [&hellip;]\" \/>\n<meta property=\"og:url\" content=\"https:\/\/swimchannel.net\/br\/os-lideres-do-ranking-nacional-masculino-em-piscina-curta\/\" \/>\n<meta property=\"og:site_name\" content=\"Swimchannel\" \/>\n<meta property=\"article:publisher\" content=\"https:\/\/www.facebook.com\/swimchannel\" \/>\n<meta property=\"article:published_time\" content=\"2026-01-10T11:00:37+00:00\" \/>\n<meta property=\"og:image\" content=\"https:\/\/swimchannel.net\/br\/wp-content\/uploads\/2025\/04\/54471097551_3a96eaf5ef_o.jpg\" \/>\n\t<meta property=\"og:image:width\" content=\"2362\" \/>\n\t<meta property=\"og:image:height\" content=\"1575\" \/>\n\t<meta property=\"og:image:type\" content=\"image\/jpeg\" \/>\n<meta name=\"author\" content=\"Guilherme Freitas\" \/>\n<meta name=\"twitter:card\" content=\"summary_large_image\" \/>\n<meta name=\"twitter:label1\" content=\"Escrito por\" \/>\n\t<meta name=\"twitter:data1\" content=\"Guilherme Freitas\" \/>\n\t<meta name=\"twitter:label2\" content=\"Est. tempo de leitura\" \/>\n\t<meta name=\"twitter:data2\" content=\"1 minuto\" \/>\n<script type=\"application\/ld+json\" class=\"yoast-schema-graph\">{\"@context\":\"https:\/\/schema.org\",\"@graph\":[{\"@type\":\"Article\",\"@id\":\"https:\/\/swimchannel.net\/br\/os-lideres-do-ranking-nacional-masculino-em-piscina-curta\/#article\",\"isPartOf\":{\"@id\":\"https:\/\/swimchannel.net\/br\/os-lideres-do-ranking-nacional-masculino-em-piscina-curta\/\"},\"author\":{\"name\":\"Guilherme Freitas\",\"@id\":\"https:\/\/swimchannel.net\/br\/#\/schema\/person\/aa2a63bab3275f53749a83276b213c48\"},\"headline\":\"Os l\u00edderes do ranking nacional masculino em piscina curta\",\"datePublished\":\"2026-01-10T11:00:37+00:00\",\"mainEntityOfPage\":{\"@id\":\"https:\/\/swimchannel.net\/br\/os-lideres-do-ranking-nacional-masculino-em-piscina-curta\/\"},\"wordCount\":187,\"commentCount\":0,\"publisher\":{\"@id\":\"https:\/\/swimchannel.net\/br\/#organization\"},\"image\":{\"@id\":\"https:\/\/swimchannel.net\/br\/os-lideres-do-ranking-nacional-masculino-em-piscina-curta\/#primaryimage\"},\"thumbnailUrl\":\"https:\/\/swimchannel.net\/br\/wp-content\/uploads\/2025\/04\/54471097551_3a96eaf5ef_o.jpg\",\"keywords\":[\"natacao\",\"ranking nacional\"],\"articleSection\":[\"Nata\u00e7\u00e3o\"],\"inLanguage\":\"pt-BR\",\"potentialAction\":[{\"@type\":\"CommentAction\",\"name\":\"Comment\",\"target\":[\"https:\/\/swimchannel.net\/br\/os-lideres-do-ranking-nacional-masculino-em-piscina-curta\/#respond\"]}]},{\"@type\":\"WebPage\",\"@id\":\"https:\/\/swimchannel.net\/br\/os-lideres-do-ranking-nacional-masculino-em-piscina-curta\/\",\"url\":\"https:\/\/swimchannel.net\/br\/os-lideres-do-ranking-nacional-masculino-em-piscina-curta\/\",\"name\":\"Os l\u00edderes do ranking nacional masculino em piscina curta - Swimchannel\",\"isPartOf\":{\"@id\":\"https:\/\/swimchannel.net\/br\/#website\"},\"primaryImageOfPage\":{\"@id\":\"https:\/\/swimchannel.net\/br\/os-lideres-do-ranking-nacional-masculino-em-piscina-curta\/#primaryimage\"},\"image\":{\"@id\":\"https:\/\/swimchannel.net\/br\/os-lideres-do-ranking-nacional-masculino-em-piscina-curta\/#primaryimage\"},\"thumbnailUrl\":\"https:\/\/swimchannel.net\/br\/wp-content\/uploads\/2025\/04\/54471097551_3a96eaf5ef_o.jpg\",\"datePublished\":\"2026-01-10T11:00:37+00:00\",\"breadcrumb\":{\"@id\":\"https:\/\/swimchannel.net\/br\/os-lideres-do-ranking-nacional-masculino-em-piscina-curta\/#breadcrumb\"},\"inLanguage\":\"pt-BR\",\"potentialAction\":[{\"@type\":\"ReadAction\",\"target\":[\"https:\/\/swimchannel.net\/br\/os-lideres-do-ranking-nacional-masculino-em-piscina-curta\/\"]}]},{\"@type\":\"ImageObject\",\"inLanguage\":\"pt-BR\",\"@id\":\"https:\/\/swimchannel.net\/br\/os-lideres-do-ranking-nacional-masculino-em-piscina-curta\/#primaryimage\",\"url\":\"https:\/\/swimchannel.net\/br\/wp-content\/uploads\/2025\/04\/54471097551_3a96eaf5ef_o.jpg\",\"contentUrl\":\"https:\/\/swimchannel.net\/br\/wp-content\/uploads\/2025\/04\/54471097551_3a96eaf5ef_o.jpg\",\"width\":2362,\"height\":1575,\"caption\":\"Caio Pumputis - Foto: Satiro Sodr\u00e9\/SSPress\"},{\"@type\":\"BreadcrumbList\",\"@id\":\"https:\/\/swimchannel.net\/br\/os-lideres-do-ranking-nacional-masculino-em-piscina-curta\/#breadcrumb\",\"itemListElement\":[{\"@type\":\"ListItem\",\"position\":1,\"name\":\"Home\",\"item\":\"https:\/\/swimchannel.net\/br\/\"},{\"@type\":\"ListItem\",\"position\":2,\"name\":\"Os l\u00edderes do ranking nacional masculino em piscina curta\"}]},{\"@type\":\"WebSite\",\"@id\":\"https:\/\/swimchannel.net\/br\/#website\",\"url\":\"https:\/\/swimchannel.net\/br\/\",\"name\":\"Swimchannel\",\"description\":\"Maior portal de nata\u00e7\u00e3o da america latina\",\"publisher\":{\"@id\":\"https:\/\/swimchannel.net\/br\/#organization\"},\"potentialAction\":[{\"@type\":\"SearchAction\",\"target\":{\"@type\":\"EntryPoint\",\"urlTemplate\":\"https:\/\/swimchannel.net\/br\/?s={search_term_string}\"},\"query-input\":{\"@type\":\"PropertyValueSpecification\",\"valueRequired\":true,\"valueName\":\"search_term_string\"}}],\"inLanguage\":\"pt-BR\"},{\"@type\":\"Organization\",\"@id\":\"https:\/\/swimchannel.net\/br\/#organization\",\"name\":\"Swimchannel - Conectando voc\u00ea a Nata\u00e7\u00e3o\",\"url\":\"https:\/\/swimchannel.net\/br\/\",\"logo\":{\"@type\":\"ImageObject\",\"inLanguage\":\"pt-BR\",\"@id\":\"https:\/\/swimchannel.net\/br\/#\/schema\/logo\/image\/\",\"url\":\"https:\/\/swimchannel.net\/br\/wp-content\/uploads\/2026\/02\/SWIM-CHANNEL.png\",\"contentUrl\":\"https:\/\/swimchannel.net\/br\/wp-content\/uploads\/2026\/02\/SWIM-CHANNEL.png\",\"width\":1120,\"height\":630,\"caption\":\"Swimchannel - Conectando voc\u00ea a Nata\u00e7\u00e3o\"},\"image\":{\"@id\":\"https:\/\/swimchannel.net\/br\/#\/schema\/logo\/image\/\"},\"sameAs\":[\"https:\/\/www.facebook.com\/swimchannel\",\"https:\/\/www.instagram.com\/swimchannel\"]},{\"@type\":\"Person\",\"@id\":\"https:\/\/swimchannel.net\/br\/#\/schema\/person\/aa2a63bab3275f53749a83276b213c48\",\"name\":\"Guilherme Freitas\",\"image\":{\"@type\":\"ImageObject\",\"inLanguage\":\"pt-BR\",\"@id\":\"https:\/\/swimchannel.net\/br\/#\/schema\/person\/image\/\",\"url\":\"https:\/\/swimchannel.net\/br\/wp-content\/uploads\/2025\/10\/gui22-193x180.png\",\"contentUrl\":\"https:\/\/swimchannel.net\/br\/wp-content\/uploads\/2025\/10\/gui22-193x180.png\",\"caption\":\"Guilherme Freitas\"},\"description\":\"Jornalista s\u00eanior da SWIM CHANNEL, ex-correspondente da FINA no Brasil e pesquisador acad\u00eamico.\",\"sameAs\":[\"instagram.com\/guifreitas86\"],\"url\":\"https:\/\/swimchannel.net\/br\/author\/guilherme-freitas\/\"}]}<\/script>\n<!-- \/ Yoast SEO plugin. -->","yoast_head_json":{"title":"Os l\u00edderes do ranking nacional masculino em piscina curta - Swimchannel","robots":{"index":"index","follow":"follow","max-snippet":"max-snippet:-1","max-image-preview":"max-image-preview:large","max-video-preview":"max-video-preview:-1"},"canonical":"https:\/\/swimchannel.net\/br\/os-lideres-do-ranking-nacional-masculino-em-piscina-curta\/","og_locale":"pt_BR","og_type":"article","og_title":"Os l\u00edderes do ranking nacional masculino em piscina curta - Swimchannel","og_description":"Apresentamos aqui a rela\u00e7\u00e3o completa dos melhores tempos do Brasil em 2025 na nata\u00e7\u00e3o masculina em piscina curta. Confira abaixo: 50m livre: Pedro Sansone (Pinheiros) \u2013 21s30 100m livre: Andre Calvelo (Internacional de Regatas) \u2013 47s28 200m livre: Murilo Sartoni (Minas TC) \u2013 1min43s83 400m livre: Arthur Mello (Flamengo) \u2013 3min44s77 800m livre: Stephan Steverink [&hellip;]","og_url":"https:\/\/swimchannel.net\/br\/os-lideres-do-ranking-nacional-masculino-em-piscina-curta\/","og_site_name":"Swimchannel","article_publisher":"https:\/\/www.facebook.com\/swimchannel","article_published_time":"2026-01-10T11:00:37+00:00","og_image":[{"width":2362,"height":1575,"url":"https:\/\/swimchannel.net\/br\/wp-content\/uploads\/2025\/04\/54471097551_3a96eaf5ef_o.jpg","type":"image\/jpeg"}],"author":"Guilherme Freitas","twitter_card":"summary_large_image","twitter_misc":{"Escrito por":"Guilherme Freitas","Est. tempo de leitura":"1 minuto"},"schema":{"@context":"https:\/\/schema.org","@graph":[{"@type":"Article","@id":"https:\/\/swimchannel.net\/br\/os-lideres-do-ranking-nacional-masculino-em-piscina-curta\/#article","isPartOf":{"@id":"https:\/\/swimchannel.net\/br\/os-lideres-do-ranking-nacional-masculino-em-piscina-curta\/"},"author":{"name":"Guilherme Freitas","@id":"https:\/\/swimchannel.net\/br\/#\/schema\/person\/aa2a63bab3275f53749a83276b213c48"},"headline":"Os l\u00edderes do ranking nacional masculino em piscina curta","datePublished":"2026-01-10T11:00:37+00:00","mainEntityOfPage":{"@id":"https:\/\/swimchannel.net\/br\/os-lideres-do-ranking-nacional-masculino-em-piscina-curta\/"},"wordCount":187,"commentCount":0,"publisher":{"@id":"https:\/\/swimchannel.net\/br\/#organization"},"image":{"@id":"https:\/\/swimchannel.net\/br\/os-lideres-do-ranking-nacional-masculino-em-piscina-curta\/#primaryimage"},"thumbnailUrl":"https:\/\/swimchannel.net\/br\/wp-content\/uploads\/2025\/04\/54471097551_3a96eaf5ef_o.jpg","keywords":["natacao","ranking nacional"],"articleSection":["Nata\u00e7\u00e3o"],"inLanguage":"pt-BR","potentialAction":[{"@type":"CommentAction","name":"Comment","target":["https:\/\/swimchannel.net\/br\/os-lideres-do-ranking-nacional-masculino-em-piscina-curta\/#respond"]}]},{"@type":"WebPage","@id":"https:\/\/swimchannel.net\/br\/os-lideres-do-ranking-nacional-masculino-em-piscina-curta\/","url":"https:\/\/swimchannel.net\/br\/os-lideres-do-ranking-nacional-masculino-em-piscina-curta\/","name":"Os l\u00edderes do ranking nacional masculino em piscina curta - Swimchannel","isPartOf":{"@id":"https:\/\/swimchannel.net\/br\/#website"},"primaryImageOfPage":{"@id":"https:\/\/swimchannel.net\/br\/os-lideres-do-ranking-nacional-masculino-em-piscina-curta\/#primaryimage"},"image":{"@id":"https:\/\/swimchannel.net\/br\/os-lideres-do-ranking-nacional-masculino-em-piscina-curta\/#primaryimage"},"thumbnailUrl":"https:\/\/swimchannel.net\/br\/wp-content\/uploads\/2025\/04\/54471097551_3a96eaf5ef_o.jpg","datePublished":"2026-01-10T11:00:37+00:00","breadcrumb":{"@id":"https:\/\/swimchannel.net\/br\/os-lideres-do-ranking-nacional-masculino-em-piscina-curta\/#breadcrumb"},"inLanguage":"pt-BR","potentialAction":[{"@type":"ReadAction","target":["https:\/\/swimchannel.net\/br\/os-lideres-do-ranking-nacional-masculino-em-piscina-curta\/"]}]},{"@type":"ImageObject","inLanguage":"pt-BR","@id":"https:\/\/swimchannel.net\/br\/os-lideres-do-ranking-nacional-masculino-em-piscina-curta\/#primaryimage","url":"https:\/\/swimchannel.net\/br\/wp-content\/uploads\/2025\/04\/54471097551_3a96eaf5ef_o.jpg","contentUrl":"https:\/\/swimchannel.net\/br\/wp-content\/uploads\/2025\/04\/54471097551_3a96eaf5ef_o.jpg","width":2362,"height":1575,"caption":"Caio Pumputis - Foto: Satiro Sodr\u00e9\/SSPress"},{"@type":"BreadcrumbList","@id":"https:\/\/swimchannel.net\/br\/os-lideres-do-ranking-nacional-masculino-em-piscina-curta\/#breadcrumb","itemListElement":[{"@type":"ListItem","position":1,"name":"Home","item":"https:\/\/swimchannel.net\/br\/"},{"@type":"ListItem","position":2,"name":"Os l\u00edderes do ranking nacional masculino em piscina curta"}]},{"@type":"WebSite","@id":"https:\/\/swimchannel.net\/br\/#website","url":"https:\/\/swimchannel.net\/br\/","name":"Swimchannel","description":"Maior portal de nata\u00e7\u00e3o da america latina","publisher":{"@id":"https:\/\/swimchannel.net\/br\/#organization"},"potentialAction":[{"@type":"SearchAction","target":{"@type":"EntryPoint","urlTemplate":"https:\/\/swimchannel.net\/br\/?s={search_term_string}"},"query-input":{"@type":"PropertyValueSpecification","valueRequired":true,"valueName":"search_term_string"}}],"inLanguage":"pt-BR"},{"@type":"Organization","@id":"https:\/\/swimchannel.net\/br\/#organization","name":"Swimchannel - Conectando voc\u00ea a Nata\u00e7\u00e3o","url":"https:\/\/swimchannel.net\/br\/","logo":{"@type":"ImageObject","inLanguage":"pt-BR","@id":"https:\/\/swimchannel.net\/br\/#\/schema\/logo\/image\/","url":"https:\/\/swimchannel.net\/br\/wp-content\/uploads\/2026\/02\/SWIM-CHANNEL.png","contentUrl":"https:\/\/swimchannel.net\/br\/wp-content\/uploads\/2026\/02\/SWIM-CHANNEL.png","width":1120,"height":630,"caption":"Swimchannel - Conectando voc\u00ea a Nata\u00e7\u00e3o"},"image":{"@id":"https:\/\/swimchannel.net\/br\/#\/schema\/logo\/image\/"},"sameAs":["https:\/\/www.facebook.com\/swimchannel","https:\/\/www.instagram.com\/swimchannel"]},{"@type":"Person","@id":"https:\/\/swimchannel.net\/br\/#\/schema\/person\/aa2a63bab3275f53749a83276b213c48","name":"Guilherme Freitas","image":{"@type":"ImageObject","inLanguage":"pt-BR","@id":"https:\/\/swimchannel.net\/br\/#\/schema\/person\/image\/","url":"https:\/\/swimchannel.net\/br\/wp-content\/uploads\/2025\/10\/gui22-193x180.png","contentUrl":"https:\/\/swimchannel.net\/br\/wp-content\/uploads\/2025\/10\/gui22-193x180.png","caption":"Guilherme Freitas"},"description":"Jornalista s\u00eanior da SWIM CHANNEL, ex-correspondente da FINA no Brasil e pesquisador acad\u00eamico.","sameAs":["instagram.com\/guifreitas86"],"url":"https:\/\/swimchannel.net\/br\/author\/guilherme-freitas\/"}]}},"_links":{"self":[{"href":"https:\/\/swimchannel.net\/br\/wp-json\/wp\/v2\/posts\/78532","targetHints":{"allow":["GET"]}}],"collection":[{"href":"https:\/\/swimchannel.net\/br\/wp-json\/wp\/v2\/posts"}],"about":[{"href":"https:\/\/swimchannel.net\/br\/wp-json\/wp\/v2\/types\/post"}],"author":[{"embeddable":true,"href":"https:\/\/swimchannel.net\/br\/wp-json\/wp\/v2\/users\/3"}],"replies":[{"embeddable":true,"href":"https:\/\/swimchannel.net\/br\/wp-json\/wp\/v2\/comments?post=78532"}],"version-history":[{"count":1,"href":"https:\/\/swimchannel.net\/br\/wp-json\/wp\/v2\/posts\/78532\/revisions"}],"predecessor-version":[{"id":78540,"href":"https:\/\/swimchannel.net\/br\/wp-json\/wp\/v2\/posts\/78532\/revisions\/78540"}],"wp:featuredmedia":[{"embeddable":true,"href":"https:\/\/swimchannel.net\/br\/wp-json\/wp\/v2\/media\/73090"}],"wp:attachment":[{"href":"https:\/\/swimchannel.net\/br\/wp-json\/wp\/v2\/media?parent=78532"}],"wp:term":[{"taxonomy":"category","embeddable":true,"href":"https:\/\/swimchannel.net\/br\/wp-json\/wp\/v2\/categories?post=78532"},{"taxonomy":"post_tag","embeddable":true,"href":"https:\/\/swimchannel.net\/br\/wp-json\/wp\/v2\/tags?post=78532"}],"curies":[{"name":"wp","href":"https:\/\/api.w.org\/{rel}","templated":true}]}}