{"id":78541,"date":"2026-01-10T11:00:47","date_gmt":"2026-01-10T14:00:47","guid":{"rendered":"https:\/\/swimchannel.net\/br\/?p=78541"},"modified":"2026-01-10T19:12:58","modified_gmt":"2026-01-10T22:12:58","slug":"as-lideres-do-ranking-nacional-feminino-em-piscina-curta","status":"publish","type":"post","link":"https:\/\/swimchannel.net\/br\/as-lideres-do-ranking-nacional-feminino-em-piscina-curta\/","title":{"rendered":"As l\u00edderes do ranking nacional feminino em piscina curta"},"content":{"rendered":"<p>Finalizando s\u00e9rie especial dos melhores atletas da temporada passada, listamos aqui a rela\u00e7\u00e3o completa dos melhores tempos do Brasil em 2025 na nata\u00e7\u00e3o feminina em piscina curta. Confira abaixo:<\/p>\n<figure id=\"attachment_76804\" aria-describedby=\"caption-attachment-76804\" style=\"width: 1199px\" class=\"wp-caption alignnone\"><img loading=\"lazy\" decoding=\"async\" class=\"size-large wp-image-76804\" src=\"https:\/\/swimchannel.net\/br\/wp-content\/uploads\/2025\/10\/54887571960_143d8fe169_k-1199x800.jpg\" alt=\"\" width=\"1199\" height=\"800\" srcset=\"https:\/\/swimchannel.net\/br\/wp-content\/uploads\/2025\/10\/54887571960_143d8fe169_k-1199x800.jpg 1199w, https:\/\/swimchannel.net\/br\/wp-content\/uploads\/2025\/10\/54887571960_143d8fe169_k-1012x675.jpg 1012w, https:\/\/swimchannel.net\/br\/wp-content\/uploads\/2025\/10\/54887571960_143d8fe169_k-270x180.jpg 270w, https:\/\/swimchannel.net\/br\/wp-content\/uploads\/2025\/10\/54887571960_143d8fe169_k-768x512.jpg 768w, https:\/\/swimchannel.net\/br\/wp-content\/uploads\/2025\/10\/54887571960_143d8fe169_k-1536x1025.jpg 1536w, https:\/\/swimchannel.net\/br\/wp-content\/uploads\/2025\/10\/54887571960_143d8fe169_k-750x500.jpg 750w, https:\/\/swimchannel.net\/br\/wp-content\/uploads\/2025\/10\/54887571960_143d8fe169_k-1140x760.jpg 1140w, https:\/\/swimchannel.net\/br\/wp-content\/uploads\/2025\/10\/54887571960_143d8fe169_k.jpg 2048w\" sizes=\"auto, (max-width: 1199px) 100vw, 1199px\" \/><figcaption id=\"caption-attachment-76804\" class=\"wp-caption-text\">Gabi Assis &#8211; Foto: Satiro Sodre\/CBDA<\/figcaption><\/figure>\n<p>50m livre: Lorrane Ferreira (SESI-SP) \u2013 24s66<br \/>\n100m livre: Isabel Fagundes (Flamengo) \u2013 54s56<br \/>\n200m livre: Fernanda Celid\u00f4nio (Pinheiros) \u2013 1min58s01<br \/>\n400m livre: Manuela Correa (Unisanta) \u2013 4min13s18<br \/>\n800m livre: Julia Diogo (Corinthians) \u2013 8min50s36<br \/>\n1500m livre: Manuela Correa (Unisanta) \u2013 16min40s94<br \/>\n50m costas: Julia Go\u00e9s (SESI-SP) \u2013 26s97<br \/>\n100m costas: Julia Go\u00e9s (SESI-SP) \u2013 59s35<br \/>\n200m costas: Alexia Assun\u00e7\u00e3o (SESI-SP) \u2013 2min12s33<br \/>\n50m peito: Manuela Sega (Nata\u00e7\u00e3o Americana) \u2013 30s39<br \/>\n100m peito: Gabrielle Assis (Flamengo) \u2013 1min06s62<br \/>\n200m peito: Gabrielle Assis (Flamengo) \u2013 2min20s98<br \/>\n50m borboleta: Giulia Carvalho (Minas TC) \u2013 25s67<br \/>\n100m borboleta: Beatriz Bezerra (Pinheiros) \u2013 58s33<br \/>\n200m borboleta: Maria Luiza Pessanha (Pinheiros) \u2013 2min11s91<br \/>\n100m medley: Fernanda Celid\u00f4nio (Pinheiros) \u2013 1min00s81<br \/>\n200m medley: Gabrielle Assis (Flamengo) \u2013 2min12s49<br \/>\n400m medley: Anna Machado (Unisanta) \u2013 4min48s84<\/p>\n<p>&nbsp;<\/p>\n<p>Gostaria de receber as not\u00edcias de nata\u00e7\u00e3o e \u00e1guas abertas no seu email?<\/p>\n<p><a href=\"https:\/\/lpa.nitro.news\/n-GNe\/ultimas-noticias-swim-channel\">Cadastre-se aqui<\/a><\/p>\n","protected":false},"excerpt":{"rendered":"<p>Finalizando s\u00e9rie especial dos melhores atletas da temporada passada, listamos aqui a rela\u00e7\u00e3o completa dos melhores tempos do Brasil em 2025 na nata\u00e7\u00e3o feminina em piscina curta. Confira abaixo: 50m livre: Lorrane Ferreira (SESI-SP) \u2013 24s66 100m livre: Isabel Fagundes (Flamengo) \u2013 54s56 200m livre: Fernanda Celid\u00f4nio (Pinheiros) \u2013 1min58s01 400m livre: Manuela Correa (Unisanta) [&hellip;]<\/p>\n","protected":false},"author":3,"featured_media":73031,"comment_status":"open","ping_status":"open","sticky":false,"template":"","format":"standard","meta":{"footnotes":""},"categories":[137],"tags":[5,6748],"class_list":["post-78541","post","type-post","status-publish","format-standard","has-post-thumbnail","hentry","category-natacao","tag-natacao","tag-ranking-nacional"],"yoast_head":"<!-- This site is optimized with the Yoast SEO plugin v27.0 - https:\/\/yoast.com\/product\/yoast-seo-wordpress\/ -->\n<title>As l\u00edderes do ranking nacional feminino em piscina curta - Swimchannel<\/title>\n<meta name=\"robots\" content=\"index, follow, max-snippet:-1, max-image-preview:large, max-video-preview:-1\" \/>\n<link rel=\"canonical\" href=\"https:\/\/swimchannel.net\/br\/as-lideres-do-ranking-nacional-feminino-em-piscina-curta\/\" \/>\n<meta property=\"og:locale\" content=\"pt_BR\" \/>\n<meta property=\"og:type\" content=\"article\" \/>\n<meta property=\"og:title\" content=\"As l\u00edderes do ranking nacional feminino em piscina curta - Swimchannel\" \/>\n<meta property=\"og:description\" content=\"Finalizando s\u00e9rie especial dos melhores atletas da temporada passada, listamos aqui a rela\u00e7\u00e3o completa dos melhores tempos do Brasil em 2025 na nata\u00e7\u00e3o feminina em piscina curta. Confira abaixo: 50m livre: Lorrane Ferreira (SESI-SP) \u2013 24s66 100m livre: Isabel Fagundes (Flamengo) \u2013 54s56 200m livre: Fernanda Celid\u00f4nio (Pinheiros) \u2013 1min58s01 400m livre: Manuela Correa (Unisanta) [&hellip;]\" \/>\n<meta property=\"og:url\" content=\"https:\/\/swimchannel.net\/br\/as-lideres-do-ranking-nacional-feminino-em-piscina-curta\/\" \/>\n<meta property=\"og:site_name\" content=\"Swimchannel\" \/>\n<meta property=\"article:publisher\" content=\"https:\/\/www.facebook.com\/swimchannel\" \/>\n<meta property=\"article:published_time\" content=\"2026-01-10T14:00:47+00:00\" \/>\n<meta property=\"article:modified_time\" content=\"2026-01-10T22:12:58+00:00\" \/>\n<meta property=\"og:image\" content=\"https:\/\/swimchannel.net\/br\/wp-content\/uploads\/2025\/04\/54466380847_96f24304c4_o.jpg\" \/>\n\t<meta property=\"og:image:width\" content=\"2362\" \/>\n\t<meta property=\"og:image:height\" content=\"1575\" \/>\n\t<meta property=\"og:image:type\" content=\"image\/jpeg\" \/>\n<meta name=\"author\" content=\"Guilherme Freitas\" \/>\n<meta name=\"twitter:card\" content=\"summary_large_image\" \/>\n<meta name=\"twitter:label1\" content=\"Escrito por\" \/>\n\t<meta name=\"twitter:data1\" content=\"Guilherme Freitas\" \/>\n\t<meta name=\"twitter:label2\" content=\"Est. tempo de leitura\" \/>\n\t<meta name=\"twitter:data2\" content=\"1 minuto\" \/>\n<script type=\"application\/ld+json\" class=\"yoast-schema-graph\">{\"@context\":\"https:\/\/schema.org\",\"@graph\":[{\"@type\":\"Article\",\"@id\":\"https:\/\/swimchannel.net\/br\/as-lideres-do-ranking-nacional-feminino-em-piscina-curta\/#article\",\"isPartOf\":{\"@id\":\"https:\/\/swimchannel.net\/br\/as-lideres-do-ranking-nacional-feminino-em-piscina-curta\/\"},\"author\":{\"name\":\"Guilherme Freitas\",\"@id\":\"https:\/\/swimchannel.net\/br\/#\/schema\/person\/aa2a63bab3275f53749a83276b213c48\"},\"headline\":\"As l\u00edderes do ranking nacional feminino em piscina curta\",\"datePublished\":\"2026-01-10T14:00:47+00:00\",\"dateModified\":\"2026-01-10T22:12:58+00:00\",\"mainEntityOfPage\":{\"@id\":\"https:\/\/swimchannel.net\/br\/as-lideres-do-ranking-nacional-feminino-em-piscina-curta\/\"},\"wordCount\":201,\"commentCount\":0,\"publisher\":{\"@id\":\"https:\/\/swimchannel.net\/br\/#organization\"},\"image\":{\"@id\":\"https:\/\/swimchannel.net\/br\/as-lideres-do-ranking-nacional-feminino-em-piscina-curta\/#primaryimage\"},\"thumbnailUrl\":\"https:\/\/swimchannel.net\/br\/wp-content\/uploads\/2025\/04\/54466380847_96f24304c4_o.jpg\",\"keywords\":[\"natacao\",\"ranking nacional\"],\"articleSection\":[\"Nata\u00e7\u00e3o\"],\"inLanguage\":\"pt-BR\",\"potentialAction\":[{\"@type\":\"CommentAction\",\"name\":\"Comment\",\"target\":[\"https:\/\/swimchannel.net\/br\/as-lideres-do-ranking-nacional-feminino-em-piscina-curta\/#respond\"]}]},{\"@type\":\"WebPage\",\"@id\":\"https:\/\/swimchannel.net\/br\/as-lideres-do-ranking-nacional-feminino-em-piscina-curta\/\",\"url\":\"https:\/\/swimchannel.net\/br\/as-lideres-do-ranking-nacional-feminino-em-piscina-curta\/\",\"name\":\"As l\u00edderes do ranking nacional feminino em piscina curta - Swimchannel\",\"isPartOf\":{\"@id\":\"https:\/\/swimchannel.net\/br\/#website\"},\"primaryImageOfPage\":{\"@id\":\"https:\/\/swimchannel.net\/br\/as-lideres-do-ranking-nacional-feminino-em-piscina-curta\/#primaryimage\"},\"image\":{\"@id\":\"https:\/\/swimchannel.net\/br\/as-lideres-do-ranking-nacional-feminino-em-piscina-curta\/#primaryimage\"},\"thumbnailUrl\":\"https:\/\/swimchannel.net\/br\/wp-content\/uploads\/2025\/04\/54466380847_96f24304c4_o.jpg\",\"datePublished\":\"2026-01-10T14:00:47+00:00\",\"dateModified\":\"2026-01-10T22:12:58+00:00\",\"breadcrumb\":{\"@id\":\"https:\/\/swimchannel.net\/br\/as-lideres-do-ranking-nacional-feminino-em-piscina-curta\/#breadcrumb\"},\"inLanguage\":\"pt-BR\",\"potentialAction\":[{\"@type\":\"ReadAction\",\"target\":[\"https:\/\/swimchannel.net\/br\/as-lideres-do-ranking-nacional-feminino-em-piscina-curta\/\"]}]},{\"@type\":\"ImageObject\",\"inLanguage\":\"pt-BR\",\"@id\":\"https:\/\/swimchannel.net\/br\/as-lideres-do-ranking-nacional-feminino-em-piscina-curta\/#primaryimage\",\"url\":\"https:\/\/swimchannel.net\/br\/wp-content\/uploads\/2025\/04\/54466380847_96f24304c4_o.jpg\",\"contentUrl\":\"https:\/\/swimchannel.net\/br\/wp-content\/uploads\/2025\/04\/54466380847_96f24304c4_o.jpg\",\"width\":2362,\"height\":1575,\"caption\":\"Gabi Assis - Foto: Satiro Sodr\u00e9\/SSPress\"},{\"@type\":\"BreadcrumbList\",\"@id\":\"https:\/\/swimchannel.net\/br\/as-lideres-do-ranking-nacional-feminino-em-piscina-curta\/#breadcrumb\",\"itemListElement\":[{\"@type\":\"ListItem\",\"position\":1,\"name\":\"Home\",\"item\":\"https:\/\/swimchannel.net\/br\/\"},{\"@type\":\"ListItem\",\"position\":2,\"name\":\"As l\u00edderes do ranking nacional feminino em piscina curta\"}]},{\"@type\":\"WebSite\",\"@id\":\"https:\/\/swimchannel.net\/br\/#website\",\"url\":\"https:\/\/swimchannel.net\/br\/\",\"name\":\"Swimchannel\",\"description\":\"Maior portal de nata\u00e7\u00e3o da america latina\",\"publisher\":{\"@id\":\"https:\/\/swimchannel.net\/br\/#organization\"},\"potentialAction\":[{\"@type\":\"SearchAction\",\"target\":{\"@type\":\"EntryPoint\",\"urlTemplate\":\"https:\/\/swimchannel.net\/br\/?s={search_term_string}\"},\"query-input\":{\"@type\":\"PropertyValueSpecification\",\"valueRequired\":true,\"valueName\":\"search_term_string\"}}],\"inLanguage\":\"pt-BR\"},{\"@type\":\"Organization\",\"@id\":\"https:\/\/swimchannel.net\/br\/#organization\",\"name\":\"Swimchannel - Conectando voc\u00ea a Nata\u00e7\u00e3o\",\"url\":\"https:\/\/swimchannel.net\/br\/\",\"logo\":{\"@type\":\"ImageObject\",\"inLanguage\":\"pt-BR\",\"@id\":\"https:\/\/swimchannel.net\/br\/#\/schema\/logo\/image\/\",\"url\":\"https:\/\/swimchannel.net\/br\/wp-content\/uploads\/2026\/02\/SWIM-CHANNEL.png\",\"contentUrl\":\"https:\/\/swimchannel.net\/br\/wp-content\/uploads\/2026\/02\/SWIM-CHANNEL.png\",\"width\":1120,\"height\":630,\"caption\":\"Swimchannel - Conectando voc\u00ea a Nata\u00e7\u00e3o\"},\"image\":{\"@id\":\"https:\/\/swimchannel.net\/br\/#\/schema\/logo\/image\/\"},\"sameAs\":[\"https:\/\/www.facebook.com\/swimchannel\",\"https:\/\/www.instagram.com\/swimchannel\"]},{\"@type\":\"Person\",\"@id\":\"https:\/\/swimchannel.net\/br\/#\/schema\/person\/aa2a63bab3275f53749a83276b213c48\",\"name\":\"Guilherme Freitas\",\"image\":{\"@type\":\"ImageObject\",\"inLanguage\":\"pt-BR\",\"@id\":\"https:\/\/swimchannel.net\/br\/#\/schema\/person\/image\/\",\"url\":\"https:\/\/swimchannel.net\/br\/wp-content\/uploads\/2025\/10\/gui22-193x180.png\",\"contentUrl\":\"https:\/\/swimchannel.net\/br\/wp-content\/uploads\/2025\/10\/gui22-193x180.png\",\"caption\":\"Guilherme Freitas\"},\"description\":\"Jornalista s\u00eanior da SWIM CHANNEL, ex-correspondente da FINA no Brasil e pesquisador acad\u00eamico.\",\"sameAs\":[\"instagram.com\/guifreitas86\"],\"url\":\"https:\/\/swimchannel.net\/br\/author\/guilherme-freitas\/\"}]}<\/script>\n<!-- \/ Yoast SEO plugin. -->","yoast_head_json":{"title":"As l\u00edderes do ranking nacional feminino em piscina curta - Swimchannel","robots":{"index":"index","follow":"follow","max-snippet":"max-snippet:-1","max-image-preview":"max-image-preview:large","max-video-preview":"max-video-preview:-1"},"canonical":"https:\/\/swimchannel.net\/br\/as-lideres-do-ranking-nacional-feminino-em-piscina-curta\/","og_locale":"pt_BR","og_type":"article","og_title":"As l\u00edderes do ranking nacional feminino em piscina curta - Swimchannel","og_description":"Finalizando s\u00e9rie especial dos melhores atletas da temporada passada, listamos aqui a rela\u00e7\u00e3o completa dos melhores tempos do Brasil em 2025 na nata\u00e7\u00e3o feminina em piscina curta. Confira abaixo: 50m livre: Lorrane Ferreira (SESI-SP) \u2013 24s66 100m livre: Isabel Fagundes (Flamengo) \u2013 54s56 200m livre: Fernanda Celid\u00f4nio (Pinheiros) \u2013 1min58s01 400m livre: Manuela Correa (Unisanta) [&hellip;]","og_url":"https:\/\/swimchannel.net\/br\/as-lideres-do-ranking-nacional-feminino-em-piscina-curta\/","og_site_name":"Swimchannel","article_publisher":"https:\/\/www.facebook.com\/swimchannel","article_published_time":"2026-01-10T14:00:47+00:00","article_modified_time":"2026-01-10T22:12:58+00:00","og_image":[{"width":2362,"height":1575,"url":"https:\/\/swimchannel.net\/br\/wp-content\/uploads\/2025\/04\/54466380847_96f24304c4_o.jpg","type":"image\/jpeg"}],"author":"Guilherme Freitas","twitter_card":"summary_large_image","twitter_misc":{"Escrito por":"Guilherme Freitas","Est. tempo de leitura":"1 minuto"},"schema":{"@context":"https:\/\/schema.org","@graph":[{"@type":"Article","@id":"https:\/\/swimchannel.net\/br\/as-lideres-do-ranking-nacional-feminino-em-piscina-curta\/#article","isPartOf":{"@id":"https:\/\/swimchannel.net\/br\/as-lideres-do-ranking-nacional-feminino-em-piscina-curta\/"},"author":{"name":"Guilherme Freitas","@id":"https:\/\/swimchannel.net\/br\/#\/schema\/person\/aa2a63bab3275f53749a83276b213c48"},"headline":"As l\u00edderes do ranking nacional feminino em piscina curta","datePublished":"2026-01-10T14:00:47+00:00","dateModified":"2026-01-10T22:12:58+00:00","mainEntityOfPage":{"@id":"https:\/\/swimchannel.net\/br\/as-lideres-do-ranking-nacional-feminino-em-piscina-curta\/"},"wordCount":201,"commentCount":0,"publisher":{"@id":"https:\/\/swimchannel.net\/br\/#organization"},"image":{"@id":"https:\/\/swimchannel.net\/br\/as-lideres-do-ranking-nacional-feminino-em-piscina-curta\/#primaryimage"},"thumbnailUrl":"https:\/\/swimchannel.net\/br\/wp-content\/uploads\/2025\/04\/54466380847_96f24304c4_o.jpg","keywords":["natacao","ranking nacional"],"articleSection":["Nata\u00e7\u00e3o"],"inLanguage":"pt-BR","potentialAction":[{"@type":"CommentAction","name":"Comment","target":["https:\/\/swimchannel.net\/br\/as-lideres-do-ranking-nacional-feminino-em-piscina-curta\/#respond"]}]},{"@type":"WebPage","@id":"https:\/\/swimchannel.net\/br\/as-lideres-do-ranking-nacional-feminino-em-piscina-curta\/","url":"https:\/\/swimchannel.net\/br\/as-lideres-do-ranking-nacional-feminino-em-piscina-curta\/","name":"As l\u00edderes do ranking nacional feminino em piscina curta - Swimchannel","isPartOf":{"@id":"https:\/\/swimchannel.net\/br\/#website"},"primaryImageOfPage":{"@id":"https:\/\/swimchannel.net\/br\/as-lideres-do-ranking-nacional-feminino-em-piscina-curta\/#primaryimage"},"image":{"@id":"https:\/\/swimchannel.net\/br\/as-lideres-do-ranking-nacional-feminino-em-piscina-curta\/#primaryimage"},"thumbnailUrl":"https:\/\/swimchannel.net\/br\/wp-content\/uploads\/2025\/04\/54466380847_96f24304c4_o.jpg","datePublished":"2026-01-10T14:00:47+00:00","dateModified":"2026-01-10T22:12:58+00:00","breadcrumb":{"@id":"https:\/\/swimchannel.net\/br\/as-lideres-do-ranking-nacional-feminino-em-piscina-curta\/#breadcrumb"},"inLanguage":"pt-BR","potentialAction":[{"@type":"ReadAction","target":["https:\/\/swimchannel.net\/br\/as-lideres-do-ranking-nacional-feminino-em-piscina-curta\/"]}]},{"@type":"ImageObject","inLanguage":"pt-BR","@id":"https:\/\/swimchannel.net\/br\/as-lideres-do-ranking-nacional-feminino-em-piscina-curta\/#primaryimage","url":"https:\/\/swimchannel.net\/br\/wp-content\/uploads\/2025\/04\/54466380847_96f24304c4_o.jpg","contentUrl":"https:\/\/swimchannel.net\/br\/wp-content\/uploads\/2025\/04\/54466380847_96f24304c4_o.jpg","width":2362,"height":1575,"caption":"Gabi Assis - Foto: Satiro Sodr\u00e9\/SSPress"},{"@type":"BreadcrumbList","@id":"https:\/\/swimchannel.net\/br\/as-lideres-do-ranking-nacional-feminino-em-piscina-curta\/#breadcrumb","itemListElement":[{"@type":"ListItem","position":1,"name":"Home","item":"https:\/\/swimchannel.net\/br\/"},{"@type":"ListItem","position":2,"name":"As l\u00edderes do ranking nacional feminino em piscina curta"}]},{"@type":"WebSite","@id":"https:\/\/swimchannel.net\/br\/#website","url":"https:\/\/swimchannel.net\/br\/","name":"Swimchannel","description":"Maior portal de nata\u00e7\u00e3o da america latina","publisher":{"@id":"https:\/\/swimchannel.net\/br\/#organization"},"potentialAction":[{"@type":"SearchAction","target":{"@type":"EntryPoint","urlTemplate":"https:\/\/swimchannel.net\/br\/?s={search_term_string}"},"query-input":{"@type":"PropertyValueSpecification","valueRequired":true,"valueName":"search_term_string"}}],"inLanguage":"pt-BR"},{"@type":"Organization","@id":"https:\/\/swimchannel.net\/br\/#organization","name":"Swimchannel - Conectando voc\u00ea a Nata\u00e7\u00e3o","url":"https:\/\/swimchannel.net\/br\/","logo":{"@type":"ImageObject","inLanguage":"pt-BR","@id":"https:\/\/swimchannel.net\/br\/#\/schema\/logo\/image\/","url":"https:\/\/swimchannel.net\/br\/wp-content\/uploads\/2026\/02\/SWIM-CHANNEL.png","contentUrl":"https:\/\/swimchannel.net\/br\/wp-content\/uploads\/2026\/02\/SWIM-CHANNEL.png","width":1120,"height":630,"caption":"Swimchannel - Conectando voc\u00ea a Nata\u00e7\u00e3o"},"image":{"@id":"https:\/\/swimchannel.net\/br\/#\/schema\/logo\/image\/"},"sameAs":["https:\/\/www.facebook.com\/swimchannel","https:\/\/www.instagram.com\/swimchannel"]},{"@type":"Person","@id":"https:\/\/swimchannel.net\/br\/#\/schema\/person\/aa2a63bab3275f53749a83276b213c48","name":"Guilherme Freitas","image":{"@type":"ImageObject","inLanguage":"pt-BR","@id":"https:\/\/swimchannel.net\/br\/#\/schema\/person\/image\/","url":"https:\/\/swimchannel.net\/br\/wp-content\/uploads\/2025\/10\/gui22-193x180.png","contentUrl":"https:\/\/swimchannel.net\/br\/wp-content\/uploads\/2025\/10\/gui22-193x180.png","caption":"Guilherme Freitas"},"description":"Jornalista s\u00eanior da SWIM CHANNEL, ex-correspondente da FINA no Brasil e pesquisador acad\u00eamico.","sameAs":["instagram.com\/guifreitas86"],"url":"https:\/\/swimchannel.net\/br\/author\/guilherme-freitas\/"}]}},"_links":{"self":[{"href":"https:\/\/swimchannel.net\/br\/wp-json\/wp\/v2\/posts\/78541","targetHints":{"allow":["GET"]}}],"collection":[{"href":"https:\/\/swimchannel.net\/br\/wp-json\/wp\/v2\/posts"}],"about":[{"href":"https:\/\/swimchannel.net\/br\/wp-json\/wp\/v2\/types\/post"}],"author":[{"embeddable":true,"href":"https:\/\/swimchannel.net\/br\/wp-json\/wp\/v2\/users\/3"}],"replies":[{"embeddable":true,"href":"https:\/\/swimchannel.net\/br\/wp-json\/wp\/v2\/comments?post=78541"}],"version-history":[{"count":1,"href":"https:\/\/swimchannel.net\/br\/wp-json\/wp\/v2\/posts\/78541\/revisions"}],"predecessor-version":[{"id":78542,"href":"https:\/\/swimchannel.net\/br\/wp-json\/wp\/v2\/posts\/78541\/revisions\/78542"}],"wp:featuredmedia":[{"embeddable":true,"href":"https:\/\/swimchannel.net\/br\/wp-json\/wp\/v2\/media\/73031"}],"wp:attachment":[{"href":"https:\/\/swimchannel.net\/br\/wp-json\/wp\/v2\/media?parent=78541"}],"wp:term":[{"taxonomy":"category","embeddable":true,"href":"https:\/\/swimchannel.net\/br\/wp-json\/wp\/v2\/categories?post=78541"},{"taxonomy":"post_tag","embeddable":true,"href":"https:\/\/swimchannel.net\/br\/wp-json\/wp\/v2\/tags?post=78541"}],"curies":[{"name":"wp","href":"https:\/\/api.w.org\/{rel}","templated":true}]}}