{"id":78552,"date":"2026-01-09T18:55:53","date_gmt":"2026-01-09T21:55:53","guid":{"rendered":"https:\/\/swimchannel.net\/br\/?p=78552"},"modified":"2026-01-09T18:55:53","modified_gmt":"2026-01-09T21:55:53","slug":"nota-de-falecimento-mauri-fernandes-fonseca-1941-2026","status":"publish","type":"post","link":"https:\/\/swimchannel.net\/br\/nota-de-falecimento-mauri-fernandes-fonseca-1941-2026\/","title":{"rendered":"Nota de Falecimento \u2013 Mauri Fernandes Fonseca 1941-2026"},"content":{"rendered":"<p>Nos deixou hoje, Mauri Fonseca, um dos maiores \u00edcones da nata\u00e7\u00e3o do Sul do pa\u00eds. Aos 84 anos de idade, Mauri teve uma carreira brilhante como atleta, treinador, empres\u00e1rio e dirigente. Nadador que teve seus primeiros grandes resultados pelo Gr\u00eamio N\u00e1utico Ga\u00facho e na sequ\u00eancia pelo Gr\u00eamio N\u00e1utico Uni\u00e3o.<\/p>\n<p>Primeiro campe\u00e3o do Trof\u00e9u Brasil de Nata\u00e7\u00e3o na prova dos 100m borboleta, Mauri chegou a Sele\u00e7\u00e3o Brasileira e se tornou no primeiro nadador ga\u00facho convocado para os Jogos Ol\u00edmpicos. Mauri esteve no time da Olimp\u00edada de 1964 em T\u00f3quio, no Jap\u00e3o, onde nadou as provas de 100m livre e o revezamento 4x100m medley. Embora n\u00e3o tenha passado das eliminat\u00f3rias em ambas lembrava com humor que conseguiu passar na frente de Don Schollander, o ent\u00e3o campe\u00e3o ol\u00edmpico e recordista mundial.<\/p>\n<figure id=\"attachment_78553\" aria-describedby=\"caption-attachment-78553\" style=\"width: 377px\" class=\"wp-caption alignnone\"><img loading=\"lazy\" decoding=\"async\" class=\"size-full wp-image-78553\" src=\"https:\/\/swimchannel.net\/br\/wp-content\/uploads\/2026\/01\/556217968_25115078874752034_3503214953017524765_n.jpg\" alt=\"\" width=\"377\" height=\"427\" srcset=\"https:\/\/swimchannel.net\/br\/wp-content\/uploads\/2026\/01\/556217968_25115078874752034_3503214953017524765_n.jpg 377w, https:\/\/swimchannel.net\/br\/wp-content\/uploads\/2026\/01\/556217968_25115078874752034_3503214953017524765_n-159x180.jpg 159w\" sizes=\"auto, (max-width: 377px) 100vw, 377px\" \/><figcaption id=\"caption-attachment-78553\" class=\"wp-caption-text\">Mauri Fonseca &#8211; Foto: Arquivo pessoal\/Reprodu\u00e7\u00e3o<\/figcaption><\/figure>\n<p>Aposentado da nata\u00e7\u00e3o como atleta, Mauri iniciou uma carreira de muito sucesso, primeiro como treinador e depois ampliada para empres\u00e1rio. A Mauri Fonseca Escola de Nata\u00e7\u00e3o foi uma das primeiras escolas particulares de nata\u00e7\u00e3o da Am\u00e9rica do Sul e que se tornou na maior rede de escolas do pa\u00eds.<\/p>\n<p>Foram in\u00fameras as passagens de Mauri pelo Gr\u00eamio N\u00e1utico Uni\u00e3o. Foi l\u00e1 onde se tornou treinador e por diversas vezes era chamado para re-estruturar o programa. Sua escola de nata\u00e7\u00e3o tamb\u00e9m virou clube e com sucesso deflagrou grandes duelos contra o Uni\u00e3o. O Sport Clube Internacional abriu sua equipe de nata\u00e7\u00e3o e Mauri foi chamado para comandar o programa que acabou terminando uma sequ\u00eancia de mais de 30 anos de t\u00edtulos consecutivos do Uni\u00e3o.<\/p>\n<p>Recentemente, a Federa\u00e7\u00e3o Ga\u00facha dos Desportos Aqu\u00e1ticos decidiu fazer uma homenagem a Mauri, fez um torneio em sua homenagem e ele, acompanhado de sua fam\u00edlia se fez presente na competi\u00e7\u00e3o disputada no Uni\u00e3o. A diretoria do Gr\u00eamio N\u00e1utico Uni\u00e3o tamb\u00e9m promoveu outra homenagem, juntou os atletas ol\u00edmpicos e paral\u00edmpicos dos esportes aqu\u00e1ticos do clube com o descerramento de uma placa que est\u00e1 colocada no parque aqu\u00e1tico do clube.<\/p>\n<figure id=\"attachment_78554\" aria-describedby=\"caption-attachment-78554\" style=\"width: 1067px\" class=\"wp-caption alignnone\"><img loading=\"lazy\" decoding=\"async\" class=\"size-large wp-image-78554\" src=\"https:\/\/swimchannel.net\/br\/wp-content\/uploads\/2026\/01\/5609150_32b89e447c9d0ed-1067x800.webp\" alt=\"\" width=\"1067\" height=\"800\" srcset=\"https:\/\/swimchannel.net\/br\/wp-content\/uploads\/2026\/01\/5609150_32b89e447c9d0ed-1067x800.webp 1067w, https:\/\/swimchannel.net\/br\/wp-content\/uploads\/2026\/01\/5609150_32b89e447c9d0ed-900x675.webp 900w, https:\/\/swimchannel.net\/br\/wp-content\/uploads\/2026\/01\/5609150_32b89e447c9d0ed-240x180.webp 240w, https:\/\/swimchannel.net\/br\/wp-content\/uploads\/2026\/01\/5609150_32b89e447c9d0ed-768x576.webp 768w, https:\/\/swimchannel.net\/br\/wp-content\/uploads\/2026\/01\/5609150_32b89e447c9d0ed-1536x1152.webp 1536w, https:\/\/swimchannel.net\/br\/wp-content\/uploads\/2026\/01\/5609150_32b89e447c9d0ed-750x563.webp 750w, https:\/\/swimchannel.net\/br\/wp-content\/uploads\/2026\/01\/5609150_32b89e447c9d0ed-1140x855.webp 1140w, https:\/\/swimchannel.net\/br\/wp-content\/uploads\/2026\/01\/5609150_32b89e447c9d0ed.webp 1600w\" sizes=\"auto, (max-width: 1067px) 100vw, 1067px\" \/><figcaption id=\"caption-attachment-78554\" class=\"wp-caption-text\">Mauri Fonseca &#8211; Foto: Arquivo jornal Zero Hora\/Reprodu\u00e7\u00e3o<\/figcaption><\/figure>\n<p>Mauri Fernandes Fonseca nasceu em 12 de Setembro de 1941 e nos deixou hoje em 9 de Janeiro de 2026. Deixa esposa, filhos, netos, e uma legi\u00e3o de ex-atletas, amigos e muitos admiradores.<\/p>\n<p>Mauri ser\u00e1 velado hoje no Cremat\u00f3rio Municipal a partir das 13 horas, Capela 4. A cerim\u00f4nia est\u00e1 marcada para 18 horas.<\/p>\n<p>&nbsp;<\/p>\n<p>Gostaria de receber as not\u00edcias de nata\u00e7\u00e3o e \u00e1guas abertas no seu email?<\/p>\n<p><a href=\"https:\/\/lpa.nitro.news\/n-GNe\/ultimas-noticias-swim-channel\">Cadastre-se aqui<\/a><\/p>\n","protected":false},"excerpt":{"rendered":"<p>Nos deixou hoje, Mauri Fonseca, um dos maiores \u00edcones da nata\u00e7\u00e3o do Sul do pa\u00eds. Aos 84 anos de idade, Mauri teve uma carreira brilhante como atleta, treinador, empres\u00e1rio e dirigente. Nadador que teve seus primeiros grandes resultados pelo Gr\u00eamio N\u00e1utico Ga\u00facho e na sequ\u00eancia pelo Gr\u00eamio N\u00e1utico Uni\u00e3o. Primeiro campe\u00e3o do Trof\u00e9u Brasil de [&hellip;]<\/p>\n","protected":false},"author":12,"featured_media":78554,"comment_status":"open","ping_status":"open","sticky":false,"template":"","format":"gallery","meta":{"footnotes":""},"categories":[137],"tags":[6750,5],"class_list":["post-78552","post","type-post","status-publish","format-gallery","has-post-thumbnail","hentry","category-natacao","tag-mauri-fonseca","tag-natacao","post_format-post-format-gallery"],"yoast_head":"<!-- This site is optimized with the Yoast SEO plugin v27.0 - https:\/\/yoast.com\/product\/yoast-seo-wordpress\/ -->\n<title>Nota de Falecimento \u2013 Mauri Fernandes Fonseca 1941-2026 - Swimchannel<\/title>\n<meta name=\"robots\" content=\"index, follow, max-snippet:-1, max-image-preview:large, max-video-preview:-1\" \/>\n<link rel=\"canonical\" href=\"https:\/\/swimchannel.net\/br\/nota-de-falecimento-mauri-fernandes-fonseca-1941-2026\/\" \/>\n<meta property=\"og:locale\" content=\"pt_BR\" \/>\n<meta property=\"og:type\" content=\"article\" \/>\n<meta property=\"og:title\" content=\"Nota de Falecimento \u2013 Mauri Fernandes Fonseca 1941-2026 - Swimchannel\" \/>\n<meta property=\"og:description\" content=\"Nos deixou hoje, Mauri Fonseca, um dos maiores \u00edcones da nata\u00e7\u00e3o do Sul do pa\u00eds. Aos 84 anos de idade, Mauri teve uma carreira brilhante como atleta, treinador, empres\u00e1rio e dirigente. Nadador que teve seus primeiros grandes resultados pelo Gr\u00eamio N\u00e1utico Ga\u00facho e na sequ\u00eancia pelo Gr\u00eamio N\u00e1utico Uni\u00e3o. Primeiro campe\u00e3o do Trof\u00e9u Brasil de [&hellip;]\" \/>\n<meta property=\"og:url\" content=\"https:\/\/swimchannel.net\/br\/nota-de-falecimento-mauri-fernandes-fonseca-1941-2026\/\" \/>\n<meta property=\"og:site_name\" content=\"Swimchannel\" \/>\n<meta property=\"article:publisher\" content=\"https:\/\/www.facebook.com\/swimchannel\" \/>\n<meta property=\"article:published_time\" content=\"2026-01-09T21:55:53+00:00\" \/>\n<meta property=\"og:image\" content=\"https:\/\/swimchannel.net\/br\/wp-content\/uploads\/2026\/01\/5609150_32b89e447c9d0ed.webp\" \/>\n\t<meta property=\"og:image:width\" content=\"1600\" \/>\n\t<meta property=\"og:image:height\" content=\"1200\" \/>\n\t<meta property=\"og:image:type\" content=\"image\/webp\" \/>\n<meta name=\"author\" content=\"Alex Pussieldi\" \/>\n<meta name=\"twitter:card\" content=\"summary_large_image\" \/>\n<meta name=\"twitter:label1\" content=\"Escrito por\" \/>\n\t<meta name=\"twitter:data1\" content=\"Alex Pussieldi\" \/>\n\t<meta name=\"twitter:label2\" content=\"Est. tempo de leitura\" \/>\n\t<meta name=\"twitter:data2\" content=\"2 minutos\" \/>\n<script type=\"application\/ld+json\" class=\"yoast-schema-graph\">{\"@context\":\"https:\/\/schema.org\",\"@graph\":[{\"@type\":\"Article\",\"@id\":\"https:\/\/swimchannel.net\/br\/nota-de-falecimento-mauri-fernandes-fonseca-1941-2026\/#article\",\"isPartOf\":{\"@id\":\"https:\/\/swimchannel.net\/br\/nota-de-falecimento-mauri-fernandes-fonseca-1941-2026\/\"},\"author\":{\"name\":\"Alex Pussieldi\",\"@id\":\"https:\/\/swimchannel.net\/br\/#\/schema\/person\/cf549cb99cf75592fcf7c76213385e63\"},\"headline\":\"Nota de Falecimento \u2013 Mauri Fernandes Fonseca 1941-2026\",\"datePublished\":\"2026-01-09T21:55:53+00:00\",\"mainEntityOfPage\":{\"@id\":\"https:\/\/swimchannel.net\/br\/nota-de-falecimento-mauri-fernandes-fonseca-1941-2026\/\"},\"wordCount\":479,\"commentCount\":0,\"publisher\":{\"@id\":\"https:\/\/swimchannel.net\/br\/#organization\"},\"image\":{\"@id\":\"https:\/\/swimchannel.net\/br\/nota-de-falecimento-mauri-fernandes-fonseca-1941-2026\/#primaryimage\"},\"thumbnailUrl\":\"https:\/\/swimchannel.net\/br\/wp-content\/uploads\/2026\/01\/5609150_32b89e447c9d0ed.webp\",\"keywords\":[\"Mauri Fonseca\",\"natacao\"],\"articleSection\":[\"Nata\u00e7\u00e3o\"],\"inLanguage\":\"pt-BR\",\"potentialAction\":[{\"@type\":\"CommentAction\",\"name\":\"Comment\",\"target\":[\"https:\/\/swimchannel.net\/br\/nota-de-falecimento-mauri-fernandes-fonseca-1941-2026\/#respond\"]}]},{\"@type\":\"WebPage\",\"@id\":\"https:\/\/swimchannel.net\/br\/nota-de-falecimento-mauri-fernandes-fonseca-1941-2026\/\",\"url\":\"https:\/\/swimchannel.net\/br\/nota-de-falecimento-mauri-fernandes-fonseca-1941-2026\/\",\"name\":\"Nota de Falecimento \u2013 Mauri Fernandes Fonseca 1941-2026 - Swimchannel\",\"isPartOf\":{\"@id\":\"https:\/\/swimchannel.net\/br\/#website\"},\"primaryImageOfPage\":{\"@id\":\"https:\/\/swimchannel.net\/br\/nota-de-falecimento-mauri-fernandes-fonseca-1941-2026\/#primaryimage\"},\"image\":{\"@id\":\"https:\/\/swimchannel.net\/br\/nota-de-falecimento-mauri-fernandes-fonseca-1941-2026\/#primaryimage\"},\"thumbnailUrl\":\"https:\/\/swimchannel.net\/br\/wp-content\/uploads\/2026\/01\/5609150_32b89e447c9d0ed.webp\",\"datePublished\":\"2026-01-09T21:55:53+00:00\",\"breadcrumb\":{\"@id\":\"https:\/\/swimchannel.net\/br\/nota-de-falecimento-mauri-fernandes-fonseca-1941-2026\/#breadcrumb\"},\"inLanguage\":\"pt-BR\",\"potentialAction\":[{\"@type\":\"ReadAction\",\"target\":[\"https:\/\/swimchannel.net\/br\/nota-de-falecimento-mauri-fernandes-fonseca-1941-2026\/\"]}]},{\"@type\":\"ImageObject\",\"inLanguage\":\"pt-BR\",\"@id\":\"https:\/\/swimchannel.net\/br\/nota-de-falecimento-mauri-fernandes-fonseca-1941-2026\/#primaryimage\",\"url\":\"https:\/\/swimchannel.net\/br\/wp-content\/uploads\/2026\/01\/5609150_32b89e447c9d0ed.webp\",\"contentUrl\":\"https:\/\/swimchannel.net\/br\/wp-content\/uploads\/2026\/01\/5609150_32b89e447c9d0ed.webp\",\"width\":1600,\"height\":1200,\"caption\":\"Mauri Fonseca - Foto: Arquivo jornal Zero Hora\/Reprodu\u00e7\u00e3o\"},{\"@type\":\"BreadcrumbList\",\"@id\":\"https:\/\/swimchannel.net\/br\/nota-de-falecimento-mauri-fernandes-fonseca-1941-2026\/#breadcrumb\",\"itemListElement\":[{\"@type\":\"ListItem\",\"position\":1,\"name\":\"Home\",\"item\":\"https:\/\/swimchannel.net\/br\/\"},{\"@type\":\"ListItem\",\"position\":2,\"name\":\"Nota de Falecimento \u2013 Mauri Fernandes Fonseca 1941-2026\"}]},{\"@type\":\"WebSite\",\"@id\":\"https:\/\/swimchannel.net\/br\/#website\",\"url\":\"https:\/\/swimchannel.net\/br\/\",\"name\":\"Swimchannel\",\"description\":\"Maior portal de nata\u00e7\u00e3o da america latina\",\"publisher\":{\"@id\":\"https:\/\/swimchannel.net\/br\/#organization\"},\"potentialAction\":[{\"@type\":\"SearchAction\",\"target\":{\"@type\":\"EntryPoint\",\"urlTemplate\":\"https:\/\/swimchannel.net\/br\/?s={search_term_string}\"},\"query-input\":{\"@type\":\"PropertyValueSpecification\",\"valueRequired\":true,\"valueName\":\"search_term_string\"}}],\"inLanguage\":\"pt-BR\"},{\"@type\":\"Organization\",\"@id\":\"https:\/\/swimchannel.net\/br\/#organization\",\"name\":\"Swimchannel - Conectando voc\u00ea a Nata\u00e7\u00e3o\",\"url\":\"https:\/\/swimchannel.net\/br\/\",\"logo\":{\"@type\":\"ImageObject\",\"inLanguage\":\"pt-BR\",\"@id\":\"https:\/\/swimchannel.net\/br\/#\/schema\/logo\/image\/\",\"url\":\"https:\/\/swimchannel.net\/br\/wp-content\/uploads\/2026\/02\/SWIM-CHANNEL.png\",\"contentUrl\":\"https:\/\/swimchannel.net\/br\/wp-content\/uploads\/2026\/02\/SWIM-CHANNEL.png\",\"width\":1120,\"height\":630,\"caption\":\"Swimchannel - Conectando voc\u00ea a Nata\u00e7\u00e3o\"},\"image\":{\"@id\":\"https:\/\/swimchannel.net\/br\/#\/schema\/logo\/image\/\"},\"sameAs\":[\"https:\/\/www.facebook.com\/swimchannel\",\"https:\/\/www.instagram.com\/swimchannel\"]},{\"@type\":\"Person\",\"@id\":\"https:\/\/swimchannel.net\/br\/#\/schema\/person\/cf549cb99cf75592fcf7c76213385e63\",\"name\":\"Alex Pussieldi\",\"image\":{\"@type\":\"ImageObject\",\"inLanguage\":\"pt-BR\",\"@id\":\"https:\/\/swimchannel.net\/br\/#\/schema\/person\/image\/\",\"url\":\"https:\/\/swimchannel.net\/br\/wp-content\/uploads\/2021\/02\/9b1c252d-a4bd-4eda-b399-24565cac4114-100x100.jpg\",\"contentUrl\":\"https:\/\/swimchannel.net\/br\/wp-content\/uploads\/2021\/02\/9b1c252d-a4bd-4eda-b399-24565cac4114-100x100.jpg\",\"caption\":\"Alex Pussieldi\"},\"description\":\"Alexandre Pussieldi, apelidado de \u201ccoach\u201d, Foi t\u00e9cnico da sele\u00e7\u00e3o verde e amarela nas Olimp\u00edadas de Pequim-2008 e Londres-2012. O treinador ainda comandou outros quatro pa\u00edses: Kuwait, Paraguai, Aruba e Antilhas Holandesas, al\u00e9m da sele\u00e7\u00e3o americana de \u00e1guas abertas. Pussieldi tem passagens como comentarista de nata\u00e7\u00e3o do Grupo Globo e Swim Channel.\",\"url\":\"https:\/\/swimchannel.net\/br\/author\/alexpussieldi\/\"}]}<\/script>\n<!-- \/ Yoast SEO plugin. -->","yoast_head_json":{"title":"Nota de Falecimento \u2013 Mauri Fernandes Fonseca 1941-2026 - Swimchannel","robots":{"index":"index","follow":"follow","max-snippet":"max-snippet:-1","max-image-preview":"max-image-preview:large","max-video-preview":"max-video-preview:-1"},"canonical":"https:\/\/swimchannel.net\/br\/nota-de-falecimento-mauri-fernandes-fonseca-1941-2026\/","og_locale":"pt_BR","og_type":"article","og_title":"Nota de Falecimento \u2013 Mauri Fernandes Fonseca 1941-2026 - Swimchannel","og_description":"Nos deixou hoje, Mauri Fonseca, um dos maiores \u00edcones da nata\u00e7\u00e3o do Sul do pa\u00eds. Aos 84 anos de idade, Mauri teve uma carreira brilhante como atleta, treinador, empres\u00e1rio e dirigente. Nadador que teve seus primeiros grandes resultados pelo Gr\u00eamio N\u00e1utico Ga\u00facho e na sequ\u00eancia pelo Gr\u00eamio N\u00e1utico Uni\u00e3o. Primeiro campe\u00e3o do Trof\u00e9u Brasil de [&hellip;]","og_url":"https:\/\/swimchannel.net\/br\/nota-de-falecimento-mauri-fernandes-fonseca-1941-2026\/","og_site_name":"Swimchannel","article_publisher":"https:\/\/www.facebook.com\/swimchannel","article_published_time":"2026-01-09T21:55:53+00:00","og_image":[{"width":1600,"height":1200,"url":"https:\/\/swimchannel.net\/br\/wp-content\/uploads\/2026\/01\/5609150_32b89e447c9d0ed.webp","type":"image\/webp"}],"author":"Alex Pussieldi","twitter_card":"summary_large_image","twitter_misc":{"Escrito por":"Alex Pussieldi","Est. tempo de leitura":"2 minutos"},"schema":{"@context":"https:\/\/schema.org","@graph":[{"@type":"Article","@id":"https:\/\/swimchannel.net\/br\/nota-de-falecimento-mauri-fernandes-fonseca-1941-2026\/#article","isPartOf":{"@id":"https:\/\/swimchannel.net\/br\/nota-de-falecimento-mauri-fernandes-fonseca-1941-2026\/"},"author":{"name":"Alex Pussieldi","@id":"https:\/\/swimchannel.net\/br\/#\/schema\/person\/cf549cb99cf75592fcf7c76213385e63"},"headline":"Nota de Falecimento \u2013 Mauri Fernandes Fonseca 1941-2026","datePublished":"2026-01-09T21:55:53+00:00","mainEntityOfPage":{"@id":"https:\/\/swimchannel.net\/br\/nota-de-falecimento-mauri-fernandes-fonseca-1941-2026\/"},"wordCount":479,"commentCount":0,"publisher":{"@id":"https:\/\/swimchannel.net\/br\/#organization"},"image":{"@id":"https:\/\/swimchannel.net\/br\/nota-de-falecimento-mauri-fernandes-fonseca-1941-2026\/#primaryimage"},"thumbnailUrl":"https:\/\/swimchannel.net\/br\/wp-content\/uploads\/2026\/01\/5609150_32b89e447c9d0ed.webp","keywords":["Mauri Fonseca","natacao"],"articleSection":["Nata\u00e7\u00e3o"],"inLanguage":"pt-BR","potentialAction":[{"@type":"CommentAction","name":"Comment","target":["https:\/\/swimchannel.net\/br\/nota-de-falecimento-mauri-fernandes-fonseca-1941-2026\/#respond"]}]},{"@type":"WebPage","@id":"https:\/\/swimchannel.net\/br\/nota-de-falecimento-mauri-fernandes-fonseca-1941-2026\/","url":"https:\/\/swimchannel.net\/br\/nota-de-falecimento-mauri-fernandes-fonseca-1941-2026\/","name":"Nota de Falecimento \u2013 Mauri Fernandes Fonseca 1941-2026 - Swimchannel","isPartOf":{"@id":"https:\/\/swimchannel.net\/br\/#website"},"primaryImageOfPage":{"@id":"https:\/\/swimchannel.net\/br\/nota-de-falecimento-mauri-fernandes-fonseca-1941-2026\/#primaryimage"},"image":{"@id":"https:\/\/swimchannel.net\/br\/nota-de-falecimento-mauri-fernandes-fonseca-1941-2026\/#primaryimage"},"thumbnailUrl":"https:\/\/swimchannel.net\/br\/wp-content\/uploads\/2026\/01\/5609150_32b89e447c9d0ed.webp","datePublished":"2026-01-09T21:55:53+00:00","breadcrumb":{"@id":"https:\/\/swimchannel.net\/br\/nota-de-falecimento-mauri-fernandes-fonseca-1941-2026\/#breadcrumb"},"inLanguage":"pt-BR","potentialAction":[{"@type":"ReadAction","target":["https:\/\/swimchannel.net\/br\/nota-de-falecimento-mauri-fernandes-fonseca-1941-2026\/"]}]},{"@type":"ImageObject","inLanguage":"pt-BR","@id":"https:\/\/swimchannel.net\/br\/nota-de-falecimento-mauri-fernandes-fonseca-1941-2026\/#primaryimage","url":"https:\/\/swimchannel.net\/br\/wp-content\/uploads\/2026\/01\/5609150_32b89e447c9d0ed.webp","contentUrl":"https:\/\/swimchannel.net\/br\/wp-content\/uploads\/2026\/01\/5609150_32b89e447c9d0ed.webp","width":1600,"height":1200,"caption":"Mauri Fonseca - Foto: Arquivo jornal Zero Hora\/Reprodu\u00e7\u00e3o"},{"@type":"BreadcrumbList","@id":"https:\/\/swimchannel.net\/br\/nota-de-falecimento-mauri-fernandes-fonseca-1941-2026\/#breadcrumb","itemListElement":[{"@type":"ListItem","position":1,"name":"Home","item":"https:\/\/swimchannel.net\/br\/"},{"@type":"ListItem","position":2,"name":"Nota de Falecimento \u2013 Mauri Fernandes Fonseca 1941-2026"}]},{"@type":"WebSite","@id":"https:\/\/swimchannel.net\/br\/#website","url":"https:\/\/swimchannel.net\/br\/","name":"Swimchannel","description":"Maior portal de nata\u00e7\u00e3o da america latina","publisher":{"@id":"https:\/\/swimchannel.net\/br\/#organization"},"potentialAction":[{"@type":"SearchAction","target":{"@type":"EntryPoint","urlTemplate":"https:\/\/swimchannel.net\/br\/?s={search_term_string}"},"query-input":{"@type":"PropertyValueSpecification","valueRequired":true,"valueName":"search_term_string"}}],"inLanguage":"pt-BR"},{"@type":"Organization","@id":"https:\/\/swimchannel.net\/br\/#organization","name":"Swimchannel - Conectando voc\u00ea a Nata\u00e7\u00e3o","url":"https:\/\/swimchannel.net\/br\/","logo":{"@type":"ImageObject","inLanguage":"pt-BR","@id":"https:\/\/swimchannel.net\/br\/#\/schema\/logo\/image\/","url":"https:\/\/swimchannel.net\/br\/wp-content\/uploads\/2026\/02\/SWIM-CHANNEL.png","contentUrl":"https:\/\/swimchannel.net\/br\/wp-content\/uploads\/2026\/02\/SWIM-CHANNEL.png","width":1120,"height":630,"caption":"Swimchannel - Conectando voc\u00ea a Nata\u00e7\u00e3o"},"image":{"@id":"https:\/\/swimchannel.net\/br\/#\/schema\/logo\/image\/"},"sameAs":["https:\/\/www.facebook.com\/swimchannel","https:\/\/www.instagram.com\/swimchannel"]},{"@type":"Person","@id":"https:\/\/swimchannel.net\/br\/#\/schema\/person\/cf549cb99cf75592fcf7c76213385e63","name":"Alex Pussieldi","image":{"@type":"ImageObject","inLanguage":"pt-BR","@id":"https:\/\/swimchannel.net\/br\/#\/schema\/person\/image\/","url":"https:\/\/swimchannel.net\/br\/wp-content\/uploads\/2021\/02\/9b1c252d-a4bd-4eda-b399-24565cac4114-100x100.jpg","contentUrl":"https:\/\/swimchannel.net\/br\/wp-content\/uploads\/2021\/02\/9b1c252d-a4bd-4eda-b399-24565cac4114-100x100.jpg","caption":"Alex Pussieldi"},"description":"Alexandre Pussieldi, apelidado de \u201ccoach\u201d, Foi t\u00e9cnico da sele\u00e7\u00e3o verde e amarela nas Olimp\u00edadas de Pequim-2008 e Londres-2012. O treinador ainda comandou outros quatro pa\u00edses: Kuwait, Paraguai, Aruba e Antilhas Holandesas, al\u00e9m da sele\u00e7\u00e3o americana de \u00e1guas abertas. Pussieldi tem passagens como comentarista de nata\u00e7\u00e3o do Grupo Globo e Swim Channel.","url":"https:\/\/swimchannel.net\/br\/author\/alexpussieldi\/"}]}},"_links":{"self":[{"href":"https:\/\/swimchannel.net\/br\/wp-json\/wp\/v2\/posts\/78552","targetHints":{"allow":["GET"]}}],"collection":[{"href":"https:\/\/swimchannel.net\/br\/wp-json\/wp\/v2\/posts"}],"about":[{"href":"https:\/\/swimchannel.net\/br\/wp-json\/wp\/v2\/types\/post"}],"author":[{"embeddable":true,"href":"https:\/\/swimchannel.net\/br\/wp-json\/wp\/v2\/users\/12"}],"replies":[{"embeddable":true,"href":"https:\/\/swimchannel.net\/br\/wp-json\/wp\/v2\/comments?post=78552"}],"version-history":[{"count":1,"href":"https:\/\/swimchannel.net\/br\/wp-json\/wp\/v2\/posts\/78552\/revisions"}],"predecessor-version":[{"id":78555,"href":"https:\/\/swimchannel.net\/br\/wp-json\/wp\/v2\/posts\/78552\/revisions\/78555"}],"wp:featuredmedia":[{"embeddable":true,"href":"https:\/\/swimchannel.net\/br\/wp-json\/wp\/v2\/media\/78554"}],"wp:attachment":[{"href":"https:\/\/swimchannel.net\/br\/wp-json\/wp\/v2\/media?parent=78552"}],"wp:term":[{"taxonomy":"category","embeddable":true,"href":"https:\/\/swimchannel.net\/br\/wp-json\/wp\/v2\/categories?post=78552"},{"taxonomy":"post_tag","embeddable":true,"href":"https:\/\/swimchannel.net\/br\/wp-json\/wp\/v2\/tags?post=78552"}],"curies":[{"name":"wp","href":"https:\/\/api.w.org\/{rel}","templated":true}]}}