{"id":78681,"date":"2026-02-06T14:36:39","date_gmt":"2026-02-06T17:36:39","guid":{"rendered":"https:\/\/swimchannel.net\/br\/?p=78681"},"modified":"2026-02-23T14:35:59","modified_gmt":"2026-02-23T17:35:59","slug":"abertas-as-inscricoes-para-a-travessia-da-vitoria-2026","status":"publish","type":"post","link":"https:\/\/swimchannel.net\/br\/abertas-as-inscricoes-para-a-travessia-da-vitoria-2026\/","title":{"rendered":"Abertas as inscri\u00e7\u00f5es para a Travessia da Vit\u00f3ria 2026"},"content":{"rendered":"<p>J\u00e1 est\u00e3o abertas as inscri\u00e7\u00f5es para a Travessia da Vit\u00f3ria, evento de \u00e1guas abertas que acontecer\u00e1 no dia 26 de abril nas cidades capixabas de Vit\u00f3ria e Vila Velha. A competi\u00e7\u00e3o ter\u00e1 quatro provas de \u00e1guas abertas com percursos de 1 km, 3 km, 7 km e o revezmento 3x500m, chegando a sua 11\u00aa edi\u00e7\u00e3o.<\/p>\n<p>As inscri\u00e7\u00f5es podem ser feitas atrav\u00e9s da plataforma do site da Ticket Masters, clicando aqui: <a href=\"https:\/\/www.ticketsports.com.br\/e\/TRAVESSIA%20DA%20VIT%C3%93RIA%20-%20Desafio%20Vale-74692\" target=\"_blank\" rel=\"noopener\">https:\/\/www.ticketsports.com.br\/e\/TRAVESSIA%20DA%20VIT%C3%93RIA%20-%20Desafio%20Vale-74692<\/a>. As inscri\u00e7\u00f5es ficam abertas at\u00e9 o dia 24 de abril e os nadadores inscritos receber\u00e3o o kit do evento contendo touca e camisa alusiva do evento, medalha de participa\u00e7\u00e3o e chip de cronometragem.<\/p>\n<figure id=\"attachment_78682\" aria-describedby=\"caption-attachment-78682\" style=\"width: 634px\" class=\"wp-caption alignnone\"><img loading=\"lazy\" decoding=\"async\" class=\"size-full wp-image-78682\" src=\"https:\/\/swimchannel.net\/br\/wp-content\/uploads\/2026\/01\/Captura-de-tela-2026-01-19-103144.jpg\" alt=\"\" width=\"634\" height=\"630\" srcset=\"https:\/\/swimchannel.net\/br\/wp-content\/uploads\/2026\/01\/Captura-de-tela-2026-01-19-103144.jpg 634w, https:\/\/swimchannel.net\/br\/wp-content\/uploads\/2026\/01\/Captura-de-tela-2026-01-19-103144-181x180.jpg 181w, https:\/\/swimchannel.net\/br\/wp-content\/uploads\/2026\/01\/Captura-de-tela-2026-01-19-103144-75x75.jpg 75w\" sizes=\"auto, (max-width: 634px) 100vw, 634px\" \/><figcaption id=\"caption-attachment-78682\" class=\"wp-caption-text\">Logomarca da Travessia da Vit\u00f3ria 2026 &#8211; Foto: Organiza\u00e7\u00e3o do evento<\/figcaption><\/figure>\n<p>A prova principal da Travessia da Vit\u00f3ria tem percurso de 7 km com largada no hist\u00f3rico Farol de Santa Luzia, em Vila Velha, constru\u00eddo ainda no s\u00e9culo 19. O percurso passa por v\u00e1rias paisagens naturais do Canal de Vit\u00f3ria com chegada na capital capixaba.<\/p>\n<p>A prova de 1 km consiste em dar uma volta completa a nado na Ilha do Soc\u00f3. Na prova de 3 km os nadadores largam da Ilha do Soc\u00f3 com chegada a costa, no P\u00eder Central, na Praia de Camburi. Por fim, no revezamento 3x500m, uma equipe de tr\u00eas nadadores precisa nadar os 500m que ser\u00e3o montados em formato de circuito.<\/p>\n<figure id=\"attachment_78515\" aria-describedby=\"caption-attachment-78515\" style=\"width: 1120px\" class=\"wp-caption alignnone\"><img loading=\"lazy\" decoding=\"async\" class=\"size-full wp-image-78515\" src=\"https:\/\/swimchannel.net\/br\/wp-content\/uploads\/2026\/01\/drone.jpg\" alt=\"\" width=\"1120\" height=\"630\" srcset=\"https:\/\/swimchannel.net\/br\/wp-content\/uploads\/2026\/01\/drone.jpg 1120w, https:\/\/swimchannel.net\/br\/wp-content\/uploads\/2026\/01\/drone-320x180.jpg 320w, https:\/\/swimchannel.net\/br\/wp-content\/uploads\/2026\/01\/drone-768x432.jpg 768w, https:\/\/swimchannel.net\/br\/wp-content\/uploads\/2026\/01\/drone-750x422.jpg 750w\" sizes=\"auto, (max-width: 1120px) 100vw, 1120px\" \/><figcaption id=\"caption-attachment-78515\" class=\"wp-caption-text\">Travessia da Vit\u00f3ria de 2025 &#8211; Foto: Organiza\u00e7\u00e3o do evento<\/figcaption><\/figure>\n<p>A edi\u00e7\u00e3o 2026 da Travessia da Vit\u00f3ria tem patroc\u00ednio master da Vale e apoio da NAZCA, Construtora Abaurre e da marca esportiva Speedo. Mais informa\u00e7\u00f5es sobre o evento aqui: <a href=\"https:\/\/www.instagram.com\/travessiadavitoria.es\/\" target=\"_blank\" rel=\"noopener\"><strong>https:\/\/www.instagram.com\/travessiadavitoria.es\/<\/strong><\/a>.<\/p>\n<p>&nbsp;<\/p>\n<p>Gostaria de receber as not\u00edcias de nata\u00e7\u00e3o e \u00e1guas abertas no seu email?<\/p>\n<p><a href=\"https:\/\/lpa.nitro.news\/n-GNe\/ultimas-noticias-swim-channel\">Cadastre-se aqui<\/a><\/p>\n","protected":false},"excerpt":{"rendered":"<p>J\u00e1 est\u00e3o abertas as inscri\u00e7\u00f5es para a Travessia da Vit\u00f3ria, evento de \u00e1guas abertas que acontecer\u00e1 no dia 26 de abril nas cidades capixabas de Vit\u00f3ria e Vila Velha. A competi\u00e7\u00e3o ter\u00e1 quatro provas de \u00e1guas abertas com percursos de 1 km, 3 km, 7 km e o revezmento 3x500m, chegando a sua 11\u00aa edi\u00e7\u00e3o. [&hellip;]<\/p>\n","protected":false},"author":3,"featured_media":78514,"comment_status":"open","ping_status":"open","sticky":false,"template":"","format":"standard","meta":{"footnotes":""},"categories":[115],"tags":[14,5,1894],"class_list":["post-78681","post","type-post","status-publish","format-standard","has-post-thumbnail","hentry","category-aguas-abertas","tag-aguas-abertas","tag-natacao","tag-travessia-da-vitoria"],"yoast_head":"<!-- This site is optimized with the Yoast SEO plugin v27.0 - https:\/\/yoast.com\/product\/yoast-seo-wordpress\/ -->\n<title>Abertas as inscri\u00e7\u00f5es para a Travessia da Vit\u00f3ria 2026 - Swimchannel<\/title>\n<meta name=\"robots\" content=\"index, follow, max-snippet:-1, max-image-preview:large, max-video-preview:-1\" \/>\n<link rel=\"canonical\" href=\"https:\/\/swimchannel.net\/br\/abertas-as-inscricoes-para-a-travessia-da-vitoria-2026\/\" \/>\n<meta property=\"og:locale\" content=\"pt_BR\" \/>\n<meta property=\"og:type\" content=\"article\" \/>\n<meta property=\"og:title\" content=\"Abertas as inscri\u00e7\u00f5es para a Travessia da Vit\u00f3ria 2026 - Swimchannel\" \/>\n<meta property=\"og:description\" content=\"J\u00e1 est\u00e3o abertas as inscri\u00e7\u00f5es para a Travessia da Vit\u00f3ria, evento de \u00e1guas abertas que acontecer\u00e1 no dia 26 de abril nas cidades capixabas de Vit\u00f3ria e Vila Velha. A competi\u00e7\u00e3o ter\u00e1 quatro provas de \u00e1guas abertas com percursos de 1 km, 3 km, 7 km e o revezmento 3x500m, chegando a sua 11\u00aa edi\u00e7\u00e3o. [&hellip;]\" \/>\n<meta property=\"og:url\" content=\"https:\/\/swimchannel.net\/br\/abertas-as-inscricoes-para-a-travessia-da-vitoria-2026\/\" \/>\n<meta property=\"og:site_name\" content=\"Swimchannel\" \/>\n<meta property=\"article:publisher\" content=\"https:\/\/www.facebook.com\/swimchannel\" \/>\n<meta property=\"article:published_time\" content=\"2026-02-06T17:36:39+00:00\" \/>\n<meta property=\"article:modified_time\" content=\"2026-02-23T17:35:59+00:00\" \/>\n<meta property=\"og:image\" content=\"https:\/\/swimchannel.net\/br\/wp-content\/uploads\/2026\/01\/ANRR1514.jpg\" \/>\n\t<meta property=\"og:image:width\" content=\"945\" \/>\n\t<meta property=\"og:image:height\" content=\"630\" \/>\n\t<meta property=\"og:image:type\" content=\"image\/jpeg\" \/>\n<meta name=\"author\" content=\"Guilherme Freitas\" \/>\n<meta name=\"twitter:card\" content=\"summary_large_image\" \/>\n<meta name=\"twitter:label1\" content=\"Escrito por\" \/>\n\t<meta name=\"twitter:data1\" content=\"Guilherme Freitas\" \/>\n\t<meta name=\"twitter:label2\" content=\"Est. tempo de leitura\" \/>\n\t<meta name=\"twitter:data2\" content=\"2 minutos\" \/>\n<script type=\"application\/ld+json\" class=\"yoast-schema-graph\">{\"@context\":\"https:\/\/schema.org\",\"@graph\":[{\"@type\":\"Article\",\"@id\":\"https:\/\/swimchannel.net\/br\/abertas-as-inscricoes-para-a-travessia-da-vitoria-2026\/#article\",\"isPartOf\":{\"@id\":\"https:\/\/swimchannel.net\/br\/abertas-as-inscricoes-para-a-travessia-da-vitoria-2026\/\"},\"author\":{\"name\":\"Guilherme Freitas\",\"@id\":\"https:\/\/swimchannel.net\/br\/#\/schema\/person\/aa2a63bab3275f53749a83276b213c48\"},\"headline\":\"Abertas as inscri\u00e7\u00f5es para a Travessia da Vit\u00f3ria 2026\",\"datePublished\":\"2026-02-06T17:36:39+00:00\",\"dateModified\":\"2026-02-23T17:35:59+00:00\",\"mainEntityOfPage\":{\"@id\":\"https:\/\/swimchannel.net\/br\/abertas-as-inscricoes-para-a-travessia-da-vitoria-2026\/\"},\"wordCount\":337,\"commentCount\":0,\"publisher\":{\"@id\":\"https:\/\/swimchannel.net\/br\/#organization\"},\"image\":{\"@id\":\"https:\/\/swimchannel.net\/br\/abertas-as-inscricoes-para-a-travessia-da-vitoria-2026\/#primaryimage\"},\"thumbnailUrl\":\"https:\/\/swimchannel.net\/br\/wp-content\/uploads\/2026\/01\/ANRR1514.jpg\",\"keywords\":[\"\u00c1guas abertas\",\"natacao\",\"Travessia da Vit\u00f3ria\"],\"articleSection\":[\"\u00c1guas Abertas\"],\"inLanguage\":\"pt-BR\",\"potentialAction\":[{\"@type\":\"CommentAction\",\"name\":\"Comment\",\"target\":[\"https:\/\/swimchannel.net\/br\/abertas-as-inscricoes-para-a-travessia-da-vitoria-2026\/#respond\"]}]},{\"@type\":\"WebPage\",\"@id\":\"https:\/\/swimchannel.net\/br\/abertas-as-inscricoes-para-a-travessia-da-vitoria-2026\/\",\"url\":\"https:\/\/swimchannel.net\/br\/abertas-as-inscricoes-para-a-travessia-da-vitoria-2026\/\",\"name\":\"Abertas as inscri\u00e7\u00f5es para a Travessia da Vit\u00f3ria 2026 - Swimchannel\",\"isPartOf\":{\"@id\":\"https:\/\/swimchannel.net\/br\/#website\"},\"primaryImageOfPage\":{\"@id\":\"https:\/\/swimchannel.net\/br\/abertas-as-inscricoes-para-a-travessia-da-vitoria-2026\/#primaryimage\"},\"image\":{\"@id\":\"https:\/\/swimchannel.net\/br\/abertas-as-inscricoes-para-a-travessia-da-vitoria-2026\/#primaryimage\"},\"thumbnailUrl\":\"https:\/\/swimchannel.net\/br\/wp-content\/uploads\/2026\/01\/ANRR1514.jpg\",\"datePublished\":\"2026-02-06T17:36:39+00:00\",\"dateModified\":\"2026-02-23T17:35:59+00:00\",\"breadcrumb\":{\"@id\":\"https:\/\/swimchannel.net\/br\/abertas-as-inscricoes-para-a-travessia-da-vitoria-2026\/#breadcrumb\"},\"inLanguage\":\"pt-BR\",\"potentialAction\":[{\"@type\":\"ReadAction\",\"target\":[\"https:\/\/swimchannel.net\/br\/abertas-as-inscricoes-para-a-travessia-da-vitoria-2026\/\"]}]},{\"@type\":\"ImageObject\",\"inLanguage\":\"pt-BR\",\"@id\":\"https:\/\/swimchannel.net\/br\/abertas-as-inscricoes-para-a-travessia-da-vitoria-2026\/#primaryimage\",\"url\":\"https:\/\/swimchannel.net\/br\/wp-content\/uploads\/2026\/01\/ANRR1514.jpg\",\"contentUrl\":\"https:\/\/swimchannel.net\/br\/wp-content\/uploads\/2026\/01\/ANRR1514.jpg\",\"width\":945,\"height\":630,\"caption\":\"Travessia da Vit\u00f3ria de 2025 - Foto: Organiza\u00e7\u00e3o do evento\"},{\"@type\":\"BreadcrumbList\",\"@id\":\"https:\/\/swimchannel.net\/br\/abertas-as-inscricoes-para-a-travessia-da-vitoria-2026\/#breadcrumb\",\"itemListElement\":[{\"@type\":\"ListItem\",\"position\":1,\"name\":\"Home\",\"item\":\"https:\/\/swimchannel.net\/br\/\"},{\"@type\":\"ListItem\",\"position\":2,\"name\":\"Abertas as inscri\u00e7\u00f5es para a Travessia da Vit\u00f3ria 2026\"}]},{\"@type\":\"WebSite\",\"@id\":\"https:\/\/swimchannel.net\/br\/#website\",\"url\":\"https:\/\/swimchannel.net\/br\/\",\"name\":\"Swimchannel\",\"description\":\"Maior portal de nata\u00e7\u00e3o da america latina\",\"publisher\":{\"@id\":\"https:\/\/swimchannel.net\/br\/#organization\"},\"potentialAction\":[{\"@type\":\"SearchAction\",\"target\":{\"@type\":\"EntryPoint\",\"urlTemplate\":\"https:\/\/swimchannel.net\/br\/?s={search_term_string}\"},\"query-input\":{\"@type\":\"PropertyValueSpecification\",\"valueRequired\":true,\"valueName\":\"search_term_string\"}}],\"inLanguage\":\"pt-BR\"},{\"@type\":\"Organization\",\"@id\":\"https:\/\/swimchannel.net\/br\/#organization\",\"name\":\"Swimchannel - Conectando voc\u00ea a Nata\u00e7\u00e3o\",\"url\":\"https:\/\/swimchannel.net\/br\/\",\"logo\":{\"@type\":\"ImageObject\",\"inLanguage\":\"pt-BR\",\"@id\":\"https:\/\/swimchannel.net\/br\/#\/schema\/logo\/image\/\",\"url\":\"https:\/\/swimchannel.net\/br\/wp-content\/uploads\/2026\/02\/SWIM-CHANNEL.png\",\"contentUrl\":\"https:\/\/swimchannel.net\/br\/wp-content\/uploads\/2026\/02\/SWIM-CHANNEL.png\",\"width\":1120,\"height\":630,\"caption\":\"Swimchannel - Conectando voc\u00ea a Nata\u00e7\u00e3o\"},\"image\":{\"@id\":\"https:\/\/swimchannel.net\/br\/#\/schema\/logo\/image\/\"},\"sameAs\":[\"https:\/\/www.facebook.com\/swimchannel\",\"https:\/\/www.instagram.com\/swimchannel\"]},{\"@type\":\"Person\",\"@id\":\"https:\/\/swimchannel.net\/br\/#\/schema\/person\/aa2a63bab3275f53749a83276b213c48\",\"name\":\"Guilherme Freitas\",\"image\":{\"@type\":\"ImageObject\",\"inLanguage\":\"pt-BR\",\"@id\":\"https:\/\/swimchannel.net\/br\/#\/schema\/person\/image\/\",\"url\":\"https:\/\/swimchannel.net\/br\/wp-content\/uploads\/2025\/10\/gui22-193x180.png\",\"contentUrl\":\"https:\/\/swimchannel.net\/br\/wp-content\/uploads\/2025\/10\/gui22-193x180.png\",\"caption\":\"Guilherme Freitas\"},\"description\":\"Jornalista s\u00eanior da SWIM CHANNEL, ex-correspondente da FINA no Brasil e pesquisador acad\u00eamico.\",\"sameAs\":[\"instagram.com\/guifreitas86\"],\"url\":\"https:\/\/swimchannel.net\/br\/author\/guilherme-freitas\/\"}]}<\/script>\n<!-- \/ Yoast SEO plugin. -->","yoast_head_json":{"title":"Abertas as inscri\u00e7\u00f5es para a Travessia da Vit\u00f3ria 2026 - Swimchannel","robots":{"index":"index","follow":"follow","max-snippet":"max-snippet:-1","max-image-preview":"max-image-preview:large","max-video-preview":"max-video-preview:-1"},"canonical":"https:\/\/swimchannel.net\/br\/abertas-as-inscricoes-para-a-travessia-da-vitoria-2026\/","og_locale":"pt_BR","og_type":"article","og_title":"Abertas as inscri\u00e7\u00f5es para a Travessia da Vit\u00f3ria 2026 - Swimchannel","og_description":"J\u00e1 est\u00e3o abertas as inscri\u00e7\u00f5es para a Travessia da Vit\u00f3ria, evento de \u00e1guas abertas que acontecer\u00e1 no dia 26 de abril nas cidades capixabas de Vit\u00f3ria e Vila Velha. A competi\u00e7\u00e3o ter\u00e1 quatro provas de \u00e1guas abertas com percursos de 1 km, 3 km, 7 km e o revezmento 3x500m, chegando a sua 11\u00aa edi\u00e7\u00e3o. [&hellip;]","og_url":"https:\/\/swimchannel.net\/br\/abertas-as-inscricoes-para-a-travessia-da-vitoria-2026\/","og_site_name":"Swimchannel","article_publisher":"https:\/\/www.facebook.com\/swimchannel","article_published_time":"2026-02-06T17:36:39+00:00","article_modified_time":"2026-02-23T17:35:59+00:00","og_image":[{"width":945,"height":630,"url":"https:\/\/swimchannel.net\/br\/wp-content\/uploads\/2026\/01\/ANRR1514.jpg","type":"image\/jpeg"}],"author":"Guilherme Freitas","twitter_card":"summary_large_image","twitter_misc":{"Escrito por":"Guilherme Freitas","Est. tempo de leitura":"2 minutos"},"schema":{"@context":"https:\/\/schema.org","@graph":[{"@type":"Article","@id":"https:\/\/swimchannel.net\/br\/abertas-as-inscricoes-para-a-travessia-da-vitoria-2026\/#article","isPartOf":{"@id":"https:\/\/swimchannel.net\/br\/abertas-as-inscricoes-para-a-travessia-da-vitoria-2026\/"},"author":{"name":"Guilherme Freitas","@id":"https:\/\/swimchannel.net\/br\/#\/schema\/person\/aa2a63bab3275f53749a83276b213c48"},"headline":"Abertas as inscri\u00e7\u00f5es para a Travessia da Vit\u00f3ria 2026","datePublished":"2026-02-06T17:36:39+00:00","dateModified":"2026-02-23T17:35:59+00:00","mainEntityOfPage":{"@id":"https:\/\/swimchannel.net\/br\/abertas-as-inscricoes-para-a-travessia-da-vitoria-2026\/"},"wordCount":337,"commentCount":0,"publisher":{"@id":"https:\/\/swimchannel.net\/br\/#organization"},"image":{"@id":"https:\/\/swimchannel.net\/br\/abertas-as-inscricoes-para-a-travessia-da-vitoria-2026\/#primaryimage"},"thumbnailUrl":"https:\/\/swimchannel.net\/br\/wp-content\/uploads\/2026\/01\/ANRR1514.jpg","keywords":["\u00c1guas abertas","natacao","Travessia da Vit\u00f3ria"],"articleSection":["\u00c1guas Abertas"],"inLanguage":"pt-BR","potentialAction":[{"@type":"CommentAction","name":"Comment","target":["https:\/\/swimchannel.net\/br\/abertas-as-inscricoes-para-a-travessia-da-vitoria-2026\/#respond"]}]},{"@type":"WebPage","@id":"https:\/\/swimchannel.net\/br\/abertas-as-inscricoes-para-a-travessia-da-vitoria-2026\/","url":"https:\/\/swimchannel.net\/br\/abertas-as-inscricoes-para-a-travessia-da-vitoria-2026\/","name":"Abertas as inscri\u00e7\u00f5es para a Travessia da Vit\u00f3ria 2026 - Swimchannel","isPartOf":{"@id":"https:\/\/swimchannel.net\/br\/#website"},"primaryImageOfPage":{"@id":"https:\/\/swimchannel.net\/br\/abertas-as-inscricoes-para-a-travessia-da-vitoria-2026\/#primaryimage"},"image":{"@id":"https:\/\/swimchannel.net\/br\/abertas-as-inscricoes-para-a-travessia-da-vitoria-2026\/#primaryimage"},"thumbnailUrl":"https:\/\/swimchannel.net\/br\/wp-content\/uploads\/2026\/01\/ANRR1514.jpg","datePublished":"2026-02-06T17:36:39+00:00","dateModified":"2026-02-23T17:35:59+00:00","breadcrumb":{"@id":"https:\/\/swimchannel.net\/br\/abertas-as-inscricoes-para-a-travessia-da-vitoria-2026\/#breadcrumb"},"inLanguage":"pt-BR","potentialAction":[{"@type":"ReadAction","target":["https:\/\/swimchannel.net\/br\/abertas-as-inscricoes-para-a-travessia-da-vitoria-2026\/"]}]},{"@type":"ImageObject","inLanguage":"pt-BR","@id":"https:\/\/swimchannel.net\/br\/abertas-as-inscricoes-para-a-travessia-da-vitoria-2026\/#primaryimage","url":"https:\/\/swimchannel.net\/br\/wp-content\/uploads\/2026\/01\/ANRR1514.jpg","contentUrl":"https:\/\/swimchannel.net\/br\/wp-content\/uploads\/2026\/01\/ANRR1514.jpg","width":945,"height":630,"caption":"Travessia da Vit\u00f3ria de 2025 - Foto: Organiza\u00e7\u00e3o do evento"},{"@type":"BreadcrumbList","@id":"https:\/\/swimchannel.net\/br\/abertas-as-inscricoes-para-a-travessia-da-vitoria-2026\/#breadcrumb","itemListElement":[{"@type":"ListItem","position":1,"name":"Home","item":"https:\/\/swimchannel.net\/br\/"},{"@type":"ListItem","position":2,"name":"Abertas as inscri\u00e7\u00f5es para a Travessia da Vit\u00f3ria 2026"}]},{"@type":"WebSite","@id":"https:\/\/swimchannel.net\/br\/#website","url":"https:\/\/swimchannel.net\/br\/","name":"Swimchannel","description":"Maior portal de nata\u00e7\u00e3o da america latina","publisher":{"@id":"https:\/\/swimchannel.net\/br\/#organization"},"potentialAction":[{"@type":"SearchAction","target":{"@type":"EntryPoint","urlTemplate":"https:\/\/swimchannel.net\/br\/?s={search_term_string}"},"query-input":{"@type":"PropertyValueSpecification","valueRequired":true,"valueName":"search_term_string"}}],"inLanguage":"pt-BR"},{"@type":"Organization","@id":"https:\/\/swimchannel.net\/br\/#organization","name":"Swimchannel - Conectando voc\u00ea a Nata\u00e7\u00e3o","url":"https:\/\/swimchannel.net\/br\/","logo":{"@type":"ImageObject","inLanguage":"pt-BR","@id":"https:\/\/swimchannel.net\/br\/#\/schema\/logo\/image\/","url":"https:\/\/swimchannel.net\/br\/wp-content\/uploads\/2026\/02\/SWIM-CHANNEL.png","contentUrl":"https:\/\/swimchannel.net\/br\/wp-content\/uploads\/2026\/02\/SWIM-CHANNEL.png","width":1120,"height":630,"caption":"Swimchannel - Conectando voc\u00ea a Nata\u00e7\u00e3o"},"image":{"@id":"https:\/\/swimchannel.net\/br\/#\/schema\/logo\/image\/"},"sameAs":["https:\/\/www.facebook.com\/swimchannel","https:\/\/www.instagram.com\/swimchannel"]},{"@type":"Person","@id":"https:\/\/swimchannel.net\/br\/#\/schema\/person\/aa2a63bab3275f53749a83276b213c48","name":"Guilherme Freitas","image":{"@type":"ImageObject","inLanguage":"pt-BR","@id":"https:\/\/swimchannel.net\/br\/#\/schema\/person\/image\/","url":"https:\/\/swimchannel.net\/br\/wp-content\/uploads\/2025\/10\/gui22-193x180.png","contentUrl":"https:\/\/swimchannel.net\/br\/wp-content\/uploads\/2025\/10\/gui22-193x180.png","caption":"Guilherme Freitas"},"description":"Jornalista s\u00eanior da SWIM CHANNEL, ex-correspondente da FINA no Brasil e pesquisador acad\u00eamico.","sameAs":["instagram.com\/guifreitas86"],"url":"https:\/\/swimchannel.net\/br\/author\/guilherme-freitas\/"}]}},"_links":{"self":[{"href":"https:\/\/swimchannel.net\/br\/wp-json\/wp\/v2\/posts\/78681","targetHints":{"allow":["GET"]}}],"collection":[{"href":"https:\/\/swimchannel.net\/br\/wp-json\/wp\/v2\/posts"}],"about":[{"href":"https:\/\/swimchannel.net\/br\/wp-json\/wp\/v2\/types\/post"}],"author":[{"embeddable":true,"href":"https:\/\/swimchannel.net\/br\/wp-json\/wp\/v2\/users\/3"}],"replies":[{"embeddable":true,"href":"https:\/\/swimchannel.net\/br\/wp-json\/wp\/v2\/comments?post=78681"}],"version-history":[{"count":3,"href":"https:\/\/swimchannel.net\/br\/wp-json\/wp\/v2\/posts\/78681\/revisions"}],"predecessor-version":[{"id":79063,"href":"https:\/\/swimchannel.net\/br\/wp-json\/wp\/v2\/posts\/78681\/revisions\/79063"}],"wp:featuredmedia":[{"embeddable":true,"href":"https:\/\/swimchannel.net\/br\/wp-json\/wp\/v2\/media\/78514"}],"wp:attachment":[{"href":"https:\/\/swimchannel.net\/br\/wp-json\/wp\/v2\/media?parent=78681"}],"wp:term":[{"taxonomy":"category","embeddable":true,"href":"https:\/\/swimchannel.net\/br\/wp-json\/wp\/v2\/categories?post=78681"},{"taxonomy":"post_tag","embeddable":true,"href":"https:\/\/swimchannel.net\/br\/wp-json\/wp\/v2\/tags?post=78681"}],"curies":[{"name":"wp","href":"https:\/\/api.w.org\/{rel}","templated":true}]}}