{"id":78693,"date":"2026-01-21T08:10:56","date_gmt":"2026-01-21T11:10:56","guid":{"rendered":"https:\/\/swimchannel.net\/br\/?p=78693"},"modified":"2026-01-20T15:59:12","modified_gmt":"2026-01-20T18:59:12","slug":"o-incrivel-inicio-de-temporada-de-katie-ledecky","status":"publish","type":"post","link":"https:\/\/swimchannel.net\/br\/o-incrivel-inicio-de-temporada-de-katie-ledecky\/","title":{"rendered":"O incr\u00edvel in\u00edcio de temporada de Katie Ledecky"},"content":{"rendered":"<p>Katie Ledecky \u00e9 sem d\u00favidas uma das maiores nadadoras de todos os tempos. Seus feitos nas grandes competi\u00e7\u00f5es e sua soberania nas provas de fundo confirmam esta afirma\u00e7\u00e3o. Na \u00faltima semana a americana deu mais uma mostra ao marcar o segundo melhor tempo da hist\u00f3ria nos 1500m livre, abrindo o ano durante o Pro Swim Series de Austin. Um resultado animador. Ser\u00e1 que estamos diante de mais uma temporada brilhante de Ledecky?<\/p>\n<p>Com <span dir=\"auto\">15min23s21<\/span>, a americana ficou a menos de tr\u00eas segundos de superar sua marca mundial que vigora desde o Pro Swim Series de Indian\u00e1polis de 2018: 15min20s48. Ledecky j\u00e1 havia se aproximado desta marca ano passado, quando marcou 15min24s51 durante o Pro Swim Series de <span dir=\"auto\">Fort Lauderdale<\/span>. Essas recentes performances demonstram que a nadadora segue em alto n\u00edvel aos 28 anos de idade.<\/p>\n<figure id=\"attachment_78656\" aria-describedby=\"caption-attachment-78656\" style=\"width: 945px\" class=\"wp-caption alignnone\"><img loading=\"lazy\" decoding=\"async\" class=\"size-full wp-image-78656\" src=\"https:\/\/swimchannel.net\/br\/wp-content\/uploads\/2026\/01\/A62I5896-scaled-1.jpg\" alt=\"\" width=\"945\" height=\"630\" srcset=\"https:\/\/swimchannel.net\/br\/wp-content\/uploads\/2026\/01\/A62I5896-scaled-1.jpg 945w, https:\/\/swimchannel.net\/br\/wp-content\/uploads\/2026\/01\/A62I5896-scaled-1-270x180.jpg 270w, https:\/\/swimchannel.net\/br\/wp-content\/uploads\/2026\/01\/A62I5896-scaled-1-768x512.jpg 768w, https:\/\/swimchannel.net\/br\/wp-content\/uploads\/2026\/01\/A62I5896-scaled-1-750x500.jpg 750w\" sizes=\"auto, (max-width: 945px) 100vw, 945px\" \/><figcaption id=\"caption-attachment-78656\" class=\"wp-caption-text\">Katie Ledecky &#8211; Foto: Chris Pose\/SwimSwam<\/figcaption><\/figure>\n<p>Veja aqui as insanas parciais dos 1500m livre de Ledecky: 100m: 58s95 (58s95) \/ 200: 1min01s80 (2min00s75) \/ 300m: 1min01s98 (3min02s73) \/ 400m: 1min02s31 (4min05s04) \/ 500m: 1min02s42 (5min07s46) \/ 600m: 1min01s94 (6min09s40) \/ 700m: 1min02s06 (7min11s46) \/ 800m: 1min01s63 (8min13s09) \/ 900m: 1min01s65 (9min14s74) \/ 1000m: 1min01s91 (10min16s65) \/ 1100m: 1min01s65 (11min18s30) \/ 1200m: 1min01s79 (12min20s09) \/ 1300m: 1min01s47 (13min21s56) \/ 1400m: 1min01s35 (14min22s91) \/ 1500m: 1min00s30 (15min23s21).<\/p>\n<p>Desde que surgiu ao mundo nos Jogos Ol\u00edmpicos de Londres-2012, quando foi campe\u00e3 ol\u00edmpica nos 800m livre aos 15 anos de idade, Ledecky manteve uma longa hegemonia nas provas de fundo, principalmente os 800m e 1500m livre. Em ambas as provas ela det\u00e9m as melhores marcas de todos os tempos. Nos 800m livre das dez melhores marcas de todo os tempos, sete s\u00e3o dela. Nos 1500m livre o dom\u00ednio \u00e9 ainda maior com Ledecky tendo os 12 melhores tempos da hist\u00f3ria.<\/p>\n<figure id=\"attachment_78696\" aria-describedby=\"caption-attachment-78696\" style=\"width: 945px\" class=\"wp-caption alignnone\"><img loading=\"lazy\" decoding=\"async\" class=\"size-full wp-image-78696\" src=\"https:\/\/swimchannel.net\/br\/wp-content\/uploads\/2026\/01\/Katie-Ledecky-By-Jack-Spitser-A53I4954-Enhanced-NR-scaled-1.jpg\" alt=\"\" width=\"945\" height=\"630\" srcset=\"https:\/\/swimchannel.net\/br\/wp-content\/uploads\/2026\/01\/Katie-Ledecky-By-Jack-Spitser-A53I4954-Enhanced-NR-scaled-1.jpg 945w, https:\/\/swimchannel.net\/br\/wp-content\/uploads\/2026\/01\/Katie-Ledecky-By-Jack-Spitser-A53I4954-Enhanced-NR-scaled-1-270x180.jpg 270w, https:\/\/swimchannel.net\/br\/wp-content\/uploads\/2026\/01\/Katie-Ledecky-By-Jack-Spitser-A53I4954-Enhanced-NR-scaled-1-768x512.jpg 768w, https:\/\/swimchannel.net\/br\/wp-content\/uploads\/2026\/01\/Katie-Ledecky-By-Jack-Spitser-A53I4954-Enhanced-NR-scaled-1-750x500.jpg 750w\" sizes=\"auto, (max-width: 945px) 100vw, 945px\" \/><figcaption id=\"caption-attachment-78696\" class=\"wp-caption-text\">Katie Ledecky &#8211; Foto: Jack Spitser<\/figcaption><\/figure>\n<p>Em Austin na semana passada, ela esteve em ritmo de recorde mundial e chegou a nadar quase toda a dist\u00e2ncia em parciais pr\u00f3xima de sua melhor marca. O desempenho no Pro Swim Series tamb\u00e9m demonstrou que Ledecky esta em \u00f3tima fase. Ano passado, em abril, ela bateu o recorde mundial dos 800m livre com 8min04s12 durante o Pro Swim Series de Fort Lauderdale. E em dezembro\u00a0tornou-se a primeira mulher da hist\u00f3ria a nadar as 1650 jardas livre abaixo dos 15 minutos com 14min59s62.<\/p>\n<p>O restrospecto recente \u00e9 bem animador para mais uma grande temporada da americana, que pode muito bem bater o recorde mundial dos 1500m livre mais uma vez. \u00c9 bem prov\u00e1vel que ela esteja no \u00e1pice da forma f\u00edsica no meio da temporada, quando nadar\u00e1 o Campeonato Nacional dos Estados Unidos e o Campeonato Pan-Pac\u00edfico, ambos em Irvine, na Calif\u00f3rnia. Ser\u00e1 que a lenda das piscinas continuar\u00e1 escrevendo seu nome na galeria dos recordes mundiais?<\/p>\n<p>&nbsp;<\/p>\n<p>Gostaria de receber as not\u00edcias de nata\u00e7\u00e3o e \u00e1guas abertas no seu email?<\/p>\n<p><a href=\"https:\/\/lpa.nitro.news\/n-GNe\/ultimas-noticias-swim-channel\">Cadastre-se aqui<\/a><\/p>\n","protected":false},"excerpt":{"rendered":"<p>Katie Ledecky \u00e9 sem d\u00favidas uma das maiores nadadoras de todos os tempos. Seus feitos nas grandes competi\u00e7\u00f5es e sua soberania nas provas de fundo confirmam esta afirma\u00e7\u00e3o. Na \u00faltima semana a americana deu mais uma mostra ao marcar o segundo melhor tempo da hist\u00f3ria nos 1500m livre, abrindo o ano durante o Pro Swim [&hellip;]<\/p>\n","protected":false},"author":3,"featured_media":78697,"comment_status":"open","ping_status":"open","sticky":false,"template":"","format":"standard","meta":{"footnotes":""},"categories":[137],"tags":[85,5,92],"class_list":["post-78693","post","type-post","status-publish","format-standard","has-post-thumbnail","hentry","category-natacao","tag-katie-ledecky","tag-natacao","tag-recorde-mundial"],"yoast_head":"<!-- This site is optimized with the Yoast SEO plugin v27.0 - https:\/\/yoast.com\/product\/yoast-seo-wordpress\/ -->\n<title>O incr\u00edvel in\u00edcio de temporada de Katie Ledecky - Swimchannel<\/title>\n<meta name=\"robots\" content=\"index, follow, max-snippet:-1, max-image-preview:large, max-video-preview:-1\" \/>\n<link rel=\"canonical\" href=\"https:\/\/swimchannel.net\/br\/o-incrivel-inicio-de-temporada-de-katie-ledecky\/\" \/>\n<meta property=\"og:locale\" content=\"pt_BR\" \/>\n<meta property=\"og:type\" content=\"article\" \/>\n<meta property=\"og:title\" content=\"O incr\u00edvel in\u00edcio de temporada de Katie Ledecky - Swimchannel\" \/>\n<meta property=\"og:description\" content=\"Katie Ledecky \u00e9 sem d\u00favidas uma das maiores nadadoras de todos os tempos. Seus feitos nas grandes competi\u00e7\u00f5es e sua soberania nas provas de fundo confirmam esta afirma\u00e7\u00e3o. Na \u00faltima semana a americana deu mais uma mostra ao marcar o segundo melhor tempo da hist\u00f3ria nos 1500m livre, abrindo o ano durante o Pro Swim [&hellip;]\" \/>\n<meta property=\"og:url\" content=\"https:\/\/swimchannel.net\/br\/o-incrivel-inicio-de-temporada-de-katie-ledecky\/\" \/>\n<meta property=\"og:site_name\" content=\"Swimchannel\" \/>\n<meta property=\"article:publisher\" content=\"https:\/\/www.facebook.com\/swimchannel\" \/>\n<meta property=\"article:published_time\" content=\"2026-01-21T11:10:56+00:00\" \/>\n<meta property=\"og:image\" content=\"https:\/\/swimchannel.net\/br\/wp-content\/uploads\/2026\/01\/Katie-Ledecky-By-Jack-Spitser-DSC06379-scaled-1.jpg\" \/>\n\t<meta property=\"og:image:width\" content=\"945\" \/>\n\t<meta property=\"og:image:height\" content=\"630\" \/>\n\t<meta property=\"og:image:type\" content=\"image\/jpeg\" \/>\n<meta name=\"author\" content=\"Guilherme Freitas\" \/>\n<meta name=\"twitter:card\" content=\"summary_large_image\" \/>\n<meta name=\"twitter:label1\" content=\"Escrito por\" \/>\n\t<meta name=\"twitter:data1\" content=\"Guilherme Freitas\" \/>\n\t<meta name=\"twitter:label2\" content=\"Est. tempo de leitura\" \/>\n\t<meta name=\"twitter:data2\" content=\"3 minutos\" \/>\n<script type=\"application\/ld+json\" class=\"yoast-schema-graph\">{\"@context\":\"https:\/\/schema.org\",\"@graph\":[{\"@type\":\"Article\",\"@id\":\"https:\/\/swimchannel.net\/br\/o-incrivel-inicio-de-temporada-de-katie-ledecky\/#article\",\"isPartOf\":{\"@id\":\"https:\/\/swimchannel.net\/br\/o-incrivel-inicio-de-temporada-de-katie-ledecky\/\"},\"author\":{\"name\":\"Guilherme Freitas\",\"@id\":\"https:\/\/swimchannel.net\/br\/#\/schema\/person\/aa2a63bab3275f53749a83276b213c48\"},\"headline\":\"O incr\u00edvel in\u00edcio de temporada de Katie Ledecky\",\"datePublished\":\"2026-01-21T11:10:56+00:00\",\"mainEntityOfPage\":{\"@id\":\"https:\/\/swimchannel.net\/br\/o-incrivel-inicio-de-temporada-de-katie-ledecky\/\"},\"wordCount\":527,\"commentCount\":0,\"publisher\":{\"@id\":\"https:\/\/swimchannel.net\/br\/#organization\"},\"image\":{\"@id\":\"https:\/\/swimchannel.net\/br\/o-incrivel-inicio-de-temporada-de-katie-ledecky\/#primaryimage\"},\"thumbnailUrl\":\"https:\/\/swimchannel.net\/br\/wp-content\/uploads\/2026\/01\/Katie-Ledecky-By-Jack-Spitser-DSC06379-scaled-1.jpg\",\"keywords\":[\"Katie Ledecky\",\"natacao\",\"recorde mundial\"],\"articleSection\":[\"Nata\u00e7\u00e3o\"],\"inLanguage\":\"pt-BR\",\"potentialAction\":[{\"@type\":\"CommentAction\",\"name\":\"Comment\",\"target\":[\"https:\/\/swimchannel.net\/br\/o-incrivel-inicio-de-temporada-de-katie-ledecky\/#respond\"]}]},{\"@type\":\"WebPage\",\"@id\":\"https:\/\/swimchannel.net\/br\/o-incrivel-inicio-de-temporada-de-katie-ledecky\/\",\"url\":\"https:\/\/swimchannel.net\/br\/o-incrivel-inicio-de-temporada-de-katie-ledecky\/\",\"name\":\"O incr\u00edvel in\u00edcio de temporada de Katie Ledecky - Swimchannel\",\"isPartOf\":{\"@id\":\"https:\/\/swimchannel.net\/br\/#website\"},\"primaryImageOfPage\":{\"@id\":\"https:\/\/swimchannel.net\/br\/o-incrivel-inicio-de-temporada-de-katie-ledecky\/#primaryimage\"},\"image\":{\"@id\":\"https:\/\/swimchannel.net\/br\/o-incrivel-inicio-de-temporada-de-katie-ledecky\/#primaryimage\"},\"thumbnailUrl\":\"https:\/\/swimchannel.net\/br\/wp-content\/uploads\/2026\/01\/Katie-Ledecky-By-Jack-Spitser-DSC06379-scaled-1.jpg\",\"datePublished\":\"2026-01-21T11:10:56+00:00\",\"breadcrumb\":{\"@id\":\"https:\/\/swimchannel.net\/br\/o-incrivel-inicio-de-temporada-de-katie-ledecky\/#breadcrumb\"},\"inLanguage\":\"pt-BR\",\"potentialAction\":[{\"@type\":\"ReadAction\",\"target\":[\"https:\/\/swimchannel.net\/br\/o-incrivel-inicio-de-temporada-de-katie-ledecky\/\"]}]},{\"@type\":\"ImageObject\",\"inLanguage\":\"pt-BR\",\"@id\":\"https:\/\/swimchannel.net\/br\/o-incrivel-inicio-de-temporada-de-katie-ledecky\/#primaryimage\",\"url\":\"https:\/\/swimchannel.net\/br\/wp-content\/uploads\/2026\/01\/Katie-Ledecky-By-Jack-Spitser-DSC06379-scaled-1.jpg\",\"contentUrl\":\"https:\/\/swimchannel.net\/br\/wp-content\/uploads\/2026\/01\/Katie-Ledecky-By-Jack-Spitser-DSC06379-scaled-1.jpg\",\"width\":945,\"height\":630,\"caption\":\"Katie Ledecky - Foto: Jack Spitser\"},{\"@type\":\"BreadcrumbList\",\"@id\":\"https:\/\/swimchannel.net\/br\/o-incrivel-inicio-de-temporada-de-katie-ledecky\/#breadcrumb\",\"itemListElement\":[{\"@type\":\"ListItem\",\"position\":1,\"name\":\"Home\",\"item\":\"https:\/\/swimchannel.net\/br\/\"},{\"@type\":\"ListItem\",\"position\":2,\"name\":\"O incr\u00edvel in\u00edcio de temporada de Katie Ledecky\"}]},{\"@type\":\"WebSite\",\"@id\":\"https:\/\/swimchannel.net\/br\/#website\",\"url\":\"https:\/\/swimchannel.net\/br\/\",\"name\":\"Swimchannel\",\"description\":\"Maior portal de nata\u00e7\u00e3o da america latina\",\"publisher\":{\"@id\":\"https:\/\/swimchannel.net\/br\/#organization\"},\"potentialAction\":[{\"@type\":\"SearchAction\",\"target\":{\"@type\":\"EntryPoint\",\"urlTemplate\":\"https:\/\/swimchannel.net\/br\/?s={search_term_string}\"},\"query-input\":{\"@type\":\"PropertyValueSpecification\",\"valueRequired\":true,\"valueName\":\"search_term_string\"}}],\"inLanguage\":\"pt-BR\"},{\"@type\":\"Organization\",\"@id\":\"https:\/\/swimchannel.net\/br\/#organization\",\"name\":\"Swimchannel - Conectando voc\u00ea a Nata\u00e7\u00e3o\",\"url\":\"https:\/\/swimchannel.net\/br\/\",\"logo\":{\"@type\":\"ImageObject\",\"inLanguage\":\"pt-BR\",\"@id\":\"https:\/\/swimchannel.net\/br\/#\/schema\/logo\/image\/\",\"url\":\"https:\/\/swimchannel.net\/br\/wp-content\/uploads\/2026\/02\/SWIM-CHANNEL.png\",\"contentUrl\":\"https:\/\/swimchannel.net\/br\/wp-content\/uploads\/2026\/02\/SWIM-CHANNEL.png\",\"width\":1120,\"height\":630,\"caption\":\"Swimchannel - Conectando voc\u00ea a Nata\u00e7\u00e3o\"},\"image\":{\"@id\":\"https:\/\/swimchannel.net\/br\/#\/schema\/logo\/image\/\"},\"sameAs\":[\"https:\/\/www.facebook.com\/swimchannel\",\"https:\/\/www.instagram.com\/swimchannel\"]},{\"@type\":\"Person\",\"@id\":\"https:\/\/swimchannel.net\/br\/#\/schema\/person\/aa2a63bab3275f53749a83276b213c48\",\"name\":\"Guilherme Freitas\",\"image\":{\"@type\":\"ImageObject\",\"inLanguage\":\"pt-BR\",\"@id\":\"https:\/\/swimchannel.net\/br\/#\/schema\/person\/image\/\",\"url\":\"https:\/\/swimchannel.net\/br\/wp-content\/uploads\/2025\/10\/gui22-193x180.png\",\"contentUrl\":\"https:\/\/swimchannel.net\/br\/wp-content\/uploads\/2025\/10\/gui22-193x180.png\",\"caption\":\"Guilherme Freitas\"},\"description\":\"Jornalista s\u00eanior da SWIM CHANNEL, ex-correspondente da FINA no Brasil e pesquisador acad\u00eamico.\",\"sameAs\":[\"instagram.com\/guifreitas86\"],\"url\":\"https:\/\/swimchannel.net\/br\/author\/guilherme-freitas\/\"}]}<\/script>\n<!-- \/ Yoast SEO plugin. -->","yoast_head_json":{"title":"O incr\u00edvel in\u00edcio de temporada de Katie Ledecky - Swimchannel","robots":{"index":"index","follow":"follow","max-snippet":"max-snippet:-1","max-image-preview":"max-image-preview:large","max-video-preview":"max-video-preview:-1"},"canonical":"https:\/\/swimchannel.net\/br\/o-incrivel-inicio-de-temporada-de-katie-ledecky\/","og_locale":"pt_BR","og_type":"article","og_title":"O incr\u00edvel in\u00edcio de temporada de Katie Ledecky - Swimchannel","og_description":"Katie Ledecky \u00e9 sem d\u00favidas uma das maiores nadadoras de todos os tempos. Seus feitos nas grandes competi\u00e7\u00f5es e sua soberania nas provas de fundo confirmam esta afirma\u00e7\u00e3o. Na \u00faltima semana a americana deu mais uma mostra ao marcar o segundo melhor tempo da hist\u00f3ria nos 1500m livre, abrindo o ano durante o Pro Swim [&hellip;]","og_url":"https:\/\/swimchannel.net\/br\/o-incrivel-inicio-de-temporada-de-katie-ledecky\/","og_site_name":"Swimchannel","article_publisher":"https:\/\/www.facebook.com\/swimchannel","article_published_time":"2026-01-21T11:10:56+00:00","og_image":[{"width":945,"height":630,"url":"https:\/\/swimchannel.net\/br\/wp-content\/uploads\/2026\/01\/Katie-Ledecky-By-Jack-Spitser-DSC06379-scaled-1.jpg","type":"image\/jpeg"}],"author":"Guilherme Freitas","twitter_card":"summary_large_image","twitter_misc":{"Escrito por":"Guilherme Freitas","Est. tempo de leitura":"3 minutos"},"schema":{"@context":"https:\/\/schema.org","@graph":[{"@type":"Article","@id":"https:\/\/swimchannel.net\/br\/o-incrivel-inicio-de-temporada-de-katie-ledecky\/#article","isPartOf":{"@id":"https:\/\/swimchannel.net\/br\/o-incrivel-inicio-de-temporada-de-katie-ledecky\/"},"author":{"name":"Guilherme Freitas","@id":"https:\/\/swimchannel.net\/br\/#\/schema\/person\/aa2a63bab3275f53749a83276b213c48"},"headline":"O incr\u00edvel in\u00edcio de temporada de Katie Ledecky","datePublished":"2026-01-21T11:10:56+00:00","mainEntityOfPage":{"@id":"https:\/\/swimchannel.net\/br\/o-incrivel-inicio-de-temporada-de-katie-ledecky\/"},"wordCount":527,"commentCount":0,"publisher":{"@id":"https:\/\/swimchannel.net\/br\/#organization"},"image":{"@id":"https:\/\/swimchannel.net\/br\/o-incrivel-inicio-de-temporada-de-katie-ledecky\/#primaryimage"},"thumbnailUrl":"https:\/\/swimchannel.net\/br\/wp-content\/uploads\/2026\/01\/Katie-Ledecky-By-Jack-Spitser-DSC06379-scaled-1.jpg","keywords":["Katie Ledecky","natacao","recorde mundial"],"articleSection":["Nata\u00e7\u00e3o"],"inLanguage":"pt-BR","potentialAction":[{"@type":"CommentAction","name":"Comment","target":["https:\/\/swimchannel.net\/br\/o-incrivel-inicio-de-temporada-de-katie-ledecky\/#respond"]}]},{"@type":"WebPage","@id":"https:\/\/swimchannel.net\/br\/o-incrivel-inicio-de-temporada-de-katie-ledecky\/","url":"https:\/\/swimchannel.net\/br\/o-incrivel-inicio-de-temporada-de-katie-ledecky\/","name":"O incr\u00edvel in\u00edcio de temporada de Katie Ledecky - Swimchannel","isPartOf":{"@id":"https:\/\/swimchannel.net\/br\/#website"},"primaryImageOfPage":{"@id":"https:\/\/swimchannel.net\/br\/o-incrivel-inicio-de-temporada-de-katie-ledecky\/#primaryimage"},"image":{"@id":"https:\/\/swimchannel.net\/br\/o-incrivel-inicio-de-temporada-de-katie-ledecky\/#primaryimage"},"thumbnailUrl":"https:\/\/swimchannel.net\/br\/wp-content\/uploads\/2026\/01\/Katie-Ledecky-By-Jack-Spitser-DSC06379-scaled-1.jpg","datePublished":"2026-01-21T11:10:56+00:00","breadcrumb":{"@id":"https:\/\/swimchannel.net\/br\/o-incrivel-inicio-de-temporada-de-katie-ledecky\/#breadcrumb"},"inLanguage":"pt-BR","potentialAction":[{"@type":"ReadAction","target":["https:\/\/swimchannel.net\/br\/o-incrivel-inicio-de-temporada-de-katie-ledecky\/"]}]},{"@type":"ImageObject","inLanguage":"pt-BR","@id":"https:\/\/swimchannel.net\/br\/o-incrivel-inicio-de-temporada-de-katie-ledecky\/#primaryimage","url":"https:\/\/swimchannel.net\/br\/wp-content\/uploads\/2026\/01\/Katie-Ledecky-By-Jack-Spitser-DSC06379-scaled-1.jpg","contentUrl":"https:\/\/swimchannel.net\/br\/wp-content\/uploads\/2026\/01\/Katie-Ledecky-By-Jack-Spitser-DSC06379-scaled-1.jpg","width":945,"height":630,"caption":"Katie Ledecky - Foto: Jack Spitser"},{"@type":"BreadcrumbList","@id":"https:\/\/swimchannel.net\/br\/o-incrivel-inicio-de-temporada-de-katie-ledecky\/#breadcrumb","itemListElement":[{"@type":"ListItem","position":1,"name":"Home","item":"https:\/\/swimchannel.net\/br\/"},{"@type":"ListItem","position":2,"name":"O incr\u00edvel in\u00edcio de temporada de Katie Ledecky"}]},{"@type":"WebSite","@id":"https:\/\/swimchannel.net\/br\/#website","url":"https:\/\/swimchannel.net\/br\/","name":"Swimchannel","description":"Maior portal de nata\u00e7\u00e3o da america latina","publisher":{"@id":"https:\/\/swimchannel.net\/br\/#organization"},"potentialAction":[{"@type":"SearchAction","target":{"@type":"EntryPoint","urlTemplate":"https:\/\/swimchannel.net\/br\/?s={search_term_string}"},"query-input":{"@type":"PropertyValueSpecification","valueRequired":true,"valueName":"search_term_string"}}],"inLanguage":"pt-BR"},{"@type":"Organization","@id":"https:\/\/swimchannel.net\/br\/#organization","name":"Swimchannel - Conectando voc\u00ea a Nata\u00e7\u00e3o","url":"https:\/\/swimchannel.net\/br\/","logo":{"@type":"ImageObject","inLanguage":"pt-BR","@id":"https:\/\/swimchannel.net\/br\/#\/schema\/logo\/image\/","url":"https:\/\/swimchannel.net\/br\/wp-content\/uploads\/2026\/02\/SWIM-CHANNEL.png","contentUrl":"https:\/\/swimchannel.net\/br\/wp-content\/uploads\/2026\/02\/SWIM-CHANNEL.png","width":1120,"height":630,"caption":"Swimchannel - Conectando voc\u00ea a Nata\u00e7\u00e3o"},"image":{"@id":"https:\/\/swimchannel.net\/br\/#\/schema\/logo\/image\/"},"sameAs":["https:\/\/www.facebook.com\/swimchannel","https:\/\/www.instagram.com\/swimchannel"]},{"@type":"Person","@id":"https:\/\/swimchannel.net\/br\/#\/schema\/person\/aa2a63bab3275f53749a83276b213c48","name":"Guilherme Freitas","image":{"@type":"ImageObject","inLanguage":"pt-BR","@id":"https:\/\/swimchannel.net\/br\/#\/schema\/person\/image\/","url":"https:\/\/swimchannel.net\/br\/wp-content\/uploads\/2025\/10\/gui22-193x180.png","contentUrl":"https:\/\/swimchannel.net\/br\/wp-content\/uploads\/2025\/10\/gui22-193x180.png","caption":"Guilherme Freitas"},"description":"Jornalista s\u00eanior da SWIM CHANNEL, ex-correspondente da FINA no Brasil e pesquisador acad\u00eamico.","sameAs":["instagram.com\/guifreitas86"],"url":"https:\/\/swimchannel.net\/br\/author\/guilherme-freitas\/"}]}},"_links":{"self":[{"href":"https:\/\/swimchannel.net\/br\/wp-json\/wp\/v2\/posts\/78693","targetHints":{"allow":["GET"]}}],"collection":[{"href":"https:\/\/swimchannel.net\/br\/wp-json\/wp\/v2\/posts"}],"about":[{"href":"https:\/\/swimchannel.net\/br\/wp-json\/wp\/v2\/types\/post"}],"author":[{"embeddable":true,"href":"https:\/\/swimchannel.net\/br\/wp-json\/wp\/v2\/users\/3"}],"replies":[{"embeddable":true,"href":"https:\/\/swimchannel.net\/br\/wp-json\/wp\/v2\/comments?post=78693"}],"version-history":[{"count":1,"href":"https:\/\/swimchannel.net\/br\/wp-json\/wp\/v2\/posts\/78693\/revisions"}],"predecessor-version":[{"id":78698,"href":"https:\/\/swimchannel.net\/br\/wp-json\/wp\/v2\/posts\/78693\/revisions\/78698"}],"wp:featuredmedia":[{"embeddable":true,"href":"https:\/\/swimchannel.net\/br\/wp-json\/wp\/v2\/media\/78697"}],"wp:attachment":[{"href":"https:\/\/swimchannel.net\/br\/wp-json\/wp\/v2\/media?parent=78693"}],"wp:term":[{"taxonomy":"category","embeddable":true,"href":"https:\/\/swimchannel.net\/br\/wp-json\/wp\/v2\/categories?post=78693"},{"taxonomy":"post_tag","embeddable":true,"href":"https:\/\/swimchannel.net\/br\/wp-json\/wp\/v2\/tags?post=78693"}],"curies":[{"name":"wp","href":"https:\/\/api.w.org\/{rel}","templated":true}]}}