{"id":78739,"date":"2026-01-20T18:57:37","date_gmt":"2026-01-20T21:57:37","guid":{"rendered":"https:\/\/swimchannel.net\/br\/?p=78739"},"modified":"2026-01-20T18:57:37","modified_gmt":"2026-01-20T21:57:37","slug":"documentario-a-travessia-um-manifesto-a-14-bis-celebra-uma-das-mais-tradicionais-ultramaratonas-aquaticas-do-brasil","status":"publish","type":"post","link":"https:\/\/swimchannel.net\/br\/documentario-a-travessia-um-manifesto-a-14-bis-celebra-uma-das-mais-tradicionais-ultramaratonas-aquaticas-do-brasil\/","title":{"rendered":"Document\u00e1rio \u201cA Travessia \u2013 Um manifesto \u00e0 14 Bis\u201d celebra uma das mais tradicionais ultramaratonas aqu\u00e1ticas do Brasil"},"content":{"rendered":"<p data-start=\"125\" data-end=\"509\">A Travessia 14 Bis, uma das provas mais emblem\u00e1ticas da nata\u00e7\u00e3o em \u00e1guas abertas no pa\u00eds, ganhou recentemente um registro audiovisual \u00e0 altura de sua hist\u00f3ria com o document\u00e1rio <em data-start=\"301\" data-end=\"340\">\u201cA Travessia \u2013 Um manifesto \u00e0 14 Bis\u201d<\/em>. Com dire\u00e7\u00e3o de Beatriz Nantes e Gabriel Carvalho e produ\u00e7\u00e3o da B12 Criativa, o filme teve pr\u00e9-estreias em alguns cinemas do estado de S\u00e3o Paulo e agora j\u00e1 pode ser assistido na \u00edntegra no Youtube.<\/p>\n<p data-start=\"511\" data-end=\"853\">Com 55 minutos de dura\u00e7\u00e3o, o document\u00e1rio re\u00fane imagens da 56\u00aa edi\u00e7\u00e3o da Travessia 14 Bis, realizada em 2024, al\u00e9m de entrevistas em est\u00fadio com atletas e treinadores que marcaram presen\u00e7a na prova. A proposta \u00e9 retratar a relev\u00e2ncia esportiva, hist\u00f3rica e simb\u00f3lica da ultramaratona aqu\u00e1tica, considerada uma das mais tradicionais do Brasil.<\/p>\n<figure id=\"attachment_78743\" aria-describedby=\"caption-attachment-78743\" style=\"width: 941px\" class=\"wp-caption alignnone\"><img loading=\"lazy\" decoding=\"async\" class=\"size-full wp-image-78743\" src=\"https:\/\/swimchannel.net\/br\/wp-content\/uploads\/2026\/01\/708A9407.jpg\" alt=\"\" width=\"941\" height=\"630\" srcset=\"https:\/\/swimchannel.net\/br\/wp-content\/uploads\/2026\/01\/708A9407.jpg 941w, https:\/\/swimchannel.net\/br\/wp-content\/uploads\/2026\/01\/708A9407-269x180.jpg 269w, https:\/\/swimchannel.net\/br\/wp-content\/uploads\/2026\/01\/708A9407-768x514.jpg 768w, https:\/\/swimchannel.net\/br\/wp-content\/uploads\/2026\/01\/708A9407-750x502.jpg 750w\" sizes=\"auto, (max-width: 941px) 100vw, 941px\" \/><figcaption id=\"caption-attachment-78743\" class=\"wp-caption-text\">Pr\u00e9-estreias foram realizadas em setembro do ano passado. Foto: Divulga\u00e7\u00e3o<\/figcaption><\/figure>\n<p data-start=\"855\" data-end=\"1163\">Criada em 1970, a Travessia 14 Bis re\u00fane anualmente cerca de 200 atletas que encaram um percurso de 24 quil\u00f4metros, com largada no Forte S\u00e3o Jo\u00e3o, em Bertioga, e chegada na Base A\u00e9rea de Santos, no Guaruj\u00e1. O filme retrata toda a hist\u00f3ria da prova, que chegou a ser gratuita durante muitos anos.<\/p>\n<p data-start=\"1165\" data-end=\"1731\"><img loading=\"lazy\" decoding=\"async\" class=\"alignnone size-full wp-image-78741\" src=\"https:\/\/swimchannel.net\/br\/wp-content\/uploads\/2026\/01\/Captura-de-tela-2026-01-20-185039.jpg\" alt=\"\" width=\"1017\" height=\"511\" srcset=\"https:\/\/swimchannel.net\/br\/wp-content\/uploads\/2026\/01\/Captura-de-tela-2026-01-20-185039.jpg 1017w, https:\/\/swimchannel.net\/br\/wp-content\/uploads\/2026\/01\/Captura-de-tela-2026-01-20-185039-320x161.jpg 320w, https:\/\/swimchannel.net\/br\/wp-content\/uploads\/2026\/01\/Captura-de-tela-2026-01-20-185039-768x386.jpg 768w, https:\/\/swimchannel.net\/br\/wp-content\/uploads\/2026\/01\/Captura-de-tela-2026-01-20-185039-360x180.jpg 360w, https:\/\/swimchannel.net\/br\/wp-content\/uploads\/2026\/01\/Captura-de-tela-2026-01-20-185039-750x377.jpg 750w\" sizes=\"auto, (max-width: 1017px) 100vw, 1017px\" \/>A narrativa do filme \u00e9 conduzida a partir de personagens centrais que representam diferentes gera\u00e7\u00f5es e perspectivas da modalidade. Entre eles est\u00e3o Samir Barel, ultramaratonista aqu\u00e1tico, campe\u00e3o da 14 Bis em 2008 e atualmente treinador; Percival Milani, presidente da Associa\u00e7\u00e3o 14 Bis at\u00e9 2024; Ana L\u00edcia Sudo, maior vencedora feminina da hist\u00f3ria da prova; Thais Sant\u2019Ana, ultramaratonista aqu\u00e1tica, quatro vezes campe\u00e3 da 14 Bis e treinadora; e Sophia Queiroz, atleta de apenas 12 anos, integrante do projeto Talentos do Cap\u00e3o, que estreou na travessia em 2024.<\/p>\n<p data-start=\"1733\" data-end=\"1981\" data-is-last-node=\"\" data-is-only-node=\"\">Veja o filme completo aqui: <a href=\"https:\/\/www.youtube.com\/watch?v=VWcNtsvbcKg\">https:\/\/www.youtube.com\/watch?v=VWcNtsvbcKg\u00a0<\/a><\/p>\n<p>Gostaria de receber as not\u00edcias de nata\u00e7\u00e3o e \u00e1guas abertas no seu email?<\/p>\n<p><a href=\"https:\/\/lpa.nitro.news\/n-GNe\/ultimas-noticias-swim-channel\">Cadastre-se aqui<\/a><\/p>\n","protected":false},"excerpt":{"rendered":"<p>A Travessia 14 Bis, uma das provas mais emblem\u00e1ticas da nata\u00e7\u00e3o em \u00e1guas abertas no pa\u00eds, ganhou recentemente um registro audiovisual \u00e0 altura de sua hist\u00f3ria com o document\u00e1rio \u201cA Travessia \u2013 Um manifesto \u00e0 14 Bis\u201d. Com dire\u00e7\u00e3o de Beatriz Nantes e Gabriel Carvalho e produ\u00e7\u00e3o da B12 Criativa, o filme teve pr\u00e9-estreias em [&hellip;]<\/p>\n","protected":false},"author":9,"featured_media":4679,"comment_status":"open","ping_status":"open","sticky":false,"template":"","format":"standard","meta":{"footnotes":""},"categories":[115,2576],"tags":[6760,6759,14,6758],"class_list":["post-78739","post","type-post","status-publish","format-standard","has-post-thumbnail","hentry","category-aguas-abertas","category-ultimas-noticias","tag-a-travessia-um-manifesto-a-14-bis","tag-a-travessia","tag-aguas-abertas","tag-filme"],"yoast_head":"<!-- This site is optimized with the Yoast SEO plugin v27.0 - https:\/\/yoast.com\/product\/yoast-seo-wordpress\/ -->\n<title>Document\u00e1rio \u201cA Travessia \u2013 Um manifesto \u00e0 14 Bis\u201d celebra uma das mais tradicionais ultramaratonas aqu\u00e1ticas do Brasil - Swimchannel<\/title>\n<meta name=\"robots\" content=\"index, follow, max-snippet:-1, max-image-preview:large, max-video-preview:-1\" \/>\n<link rel=\"canonical\" href=\"https:\/\/swimchannel.net\/br\/documentario-a-travessia-um-manifesto-a-14-bis-celebra-uma-das-mais-tradicionais-ultramaratonas-aquaticas-do-brasil\/\" \/>\n<meta property=\"og:locale\" content=\"pt_BR\" \/>\n<meta property=\"og:type\" content=\"article\" \/>\n<meta property=\"og:title\" content=\"Document\u00e1rio \u201cA Travessia \u2013 Um manifesto \u00e0 14 Bis\u201d celebra uma das mais tradicionais ultramaratonas aqu\u00e1ticas do Brasil - Swimchannel\" \/>\n<meta property=\"og:description\" content=\"A Travessia 14 Bis, uma das provas mais emblem\u00e1ticas da nata\u00e7\u00e3o em \u00e1guas abertas no pa\u00eds, ganhou recentemente um registro audiovisual \u00e0 altura de sua hist\u00f3ria com o document\u00e1rio \u201cA Travessia \u2013 Um manifesto \u00e0 14 Bis\u201d. Com dire\u00e7\u00e3o de Beatriz Nantes e Gabriel Carvalho e produ\u00e7\u00e3o da B12 Criativa, o filme teve pr\u00e9-estreias em [&hellip;]\" \/>\n<meta property=\"og:url\" content=\"https:\/\/swimchannel.net\/br\/documentario-a-travessia-um-manifesto-a-14-bis-celebra-uma-das-mais-tradicionais-ultramaratonas-aquaticas-do-brasil\/\" \/>\n<meta property=\"og:site_name\" content=\"Swimchannel\" \/>\n<meta property=\"article:publisher\" content=\"https:\/\/www.facebook.com\/swimchannel\" \/>\n<meta property=\"article:published_time\" content=\"2026-01-20T21:57:37+00:00\" \/>\n<meta property=\"og:image\" content=\"https:\/\/swimchannel.net\/br\/wp-content\/uploads\/2017\/08\/IMG_6622.jpg\" \/>\n\t<meta property=\"og:image:width\" content=\"677\" \/>\n\t<meta property=\"og:image:height\" content=\"508\" \/>\n\t<meta property=\"og:image:type\" content=\"image\/jpeg\" \/>\n<meta name=\"author\" content=\"Katarine Monteiro\" \/>\n<meta name=\"twitter:card\" content=\"summary_large_image\" \/>\n<meta name=\"twitter:creator\" content=\"@https:\/\/twitter.com\/Katarinem\" \/>\n<meta name=\"twitter:label1\" content=\"Escrito por\" \/>\n\t<meta name=\"twitter:data1\" content=\"Katarine Monteiro\" \/>\n\t<meta name=\"twitter:label2\" content=\"Est. tempo de leitura\" \/>\n\t<meta name=\"twitter:data2\" content=\"2 minutos\" \/>\n<script type=\"application\/ld+json\" class=\"yoast-schema-graph\">{\"@context\":\"https:\/\/schema.org\",\"@graph\":[{\"@type\":\"Article\",\"@id\":\"https:\/\/swimchannel.net\/br\/documentario-a-travessia-um-manifesto-a-14-bis-celebra-uma-das-mais-tradicionais-ultramaratonas-aquaticas-do-brasil\/#article\",\"isPartOf\":{\"@id\":\"https:\/\/swimchannel.net\/br\/documentario-a-travessia-um-manifesto-a-14-bis-celebra-uma-das-mais-tradicionais-ultramaratonas-aquaticas-do-brasil\/\"},\"author\":{\"name\":\"Katarine Monteiro\",\"@id\":\"https:\/\/swimchannel.net\/br\/#\/schema\/person\/73ae9cec62249968bca1f0a8098ef002\"},\"headline\":\"Document\u00e1rio \u201cA Travessia \u2013 Um manifesto \u00e0 14 Bis\u201d celebra uma das mais tradicionais ultramaratonas aqu\u00e1ticas do Brasil\",\"datePublished\":\"2026-01-20T21:57:37+00:00\",\"mainEntityOfPage\":{\"@id\":\"https:\/\/swimchannel.net\/br\/documentario-a-travessia-um-manifesto-a-14-bis-celebra-uma-das-mais-tradicionais-ultramaratonas-aquaticas-do-brasil\/\"},\"wordCount\":343,\"commentCount\":0,\"publisher\":{\"@id\":\"https:\/\/swimchannel.net\/br\/#organization\"},\"image\":{\"@id\":\"https:\/\/swimchannel.net\/br\/documentario-a-travessia-um-manifesto-a-14-bis-celebra-uma-das-mais-tradicionais-ultramaratonas-aquaticas-do-brasil\/#primaryimage\"},\"thumbnailUrl\":\"https:\/\/swimchannel.net\/br\/wp-content\/uploads\/2017\/08\/IMG_6622.jpg\",\"keywords\":[\"\u201cA Travessia \u2013 Um manifesto \u00e0 14 Bis\\\"\",\"A Travessia\",\"\u00c1guas abertas\",\"filme\"],\"articleSection\":[\"\u00c1guas Abertas\",\"\u00daltimas Not\u00edcias\"],\"inLanguage\":\"pt-BR\",\"potentialAction\":[{\"@type\":\"CommentAction\",\"name\":\"Comment\",\"target\":[\"https:\/\/swimchannel.net\/br\/documentario-a-travessia-um-manifesto-a-14-bis-celebra-uma-das-mais-tradicionais-ultramaratonas-aquaticas-do-brasil\/#respond\"]}]},{\"@type\":\"WebPage\",\"@id\":\"https:\/\/swimchannel.net\/br\/documentario-a-travessia-um-manifesto-a-14-bis-celebra-uma-das-mais-tradicionais-ultramaratonas-aquaticas-do-brasil\/\",\"url\":\"https:\/\/swimchannel.net\/br\/documentario-a-travessia-um-manifesto-a-14-bis-celebra-uma-das-mais-tradicionais-ultramaratonas-aquaticas-do-brasil\/\",\"name\":\"Document\u00e1rio \u201cA Travessia \u2013 Um manifesto \u00e0 14 Bis\u201d celebra uma das mais tradicionais ultramaratonas aqu\u00e1ticas do Brasil - Swimchannel\",\"isPartOf\":{\"@id\":\"https:\/\/swimchannel.net\/br\/#website\"},\"primaryImageOfPage\":{\"@id\":\"https:\/\/swimchannel.net\/br\/documentario-a-travessia-um-manifesto-a-14-bis-celebra-uma-das-mais-tradicionais-ultramaratonas-aquaticas-do-brasil\/#primaryimage\"},\"image\":{\"@id\":\"https:\/\/swimchannel.net\/br\/documentario-a-travessia-um-manifesto-a-14-bis-celebra-uma-das-mais-tradicionais-ultramaratonas-aquaticas-do-brasil\/#primaryimage\"},\"thumbnailUrl\":\"https:\/\/swimchannel.net\/br\/wp-content\/uploads\/2017\/08\/IMG_6622.jpg\",\"datePublished\":\"2026-01-20T21:57:37+00:00\",\"breadcrumb\":{\"@id\":\"https:\/\/swimchannel.net\/br\/documentario-a-travessia-um-manifesto-a-14-bis-celebra-uma-das-mais-tradicionais-ultramaratonas-aquaticas-do-brasil\/#breadcrumb\"},\"inLanguage\":\"pt-BR\",\"potentialAction\":[{\"@type\":\"ReadAction\",\"target\":[\"https:\/\/swimchannel.net\/br\/documentario-a-travessia-um-manifesto-a-14-bis-celebra-uma-das-mais-tradicionais-ultramaratonas-aquaticas-do-brasil\/\"]}]},{\"@type\":\"ImageObject\",\"inLanguage\":\"pt-BR\",\"@id\":\"https:\/\/swimchannel.net\/br\/documentario-a-travessia-um-manifesto-a-14-bis-celebra-uma-das-mais-tradicionais-ultramaratonas-aquaticas-do-brasil\/#primaryimage\",\"url\":\"https:\/\/swimchannel.net\/br\/wp-content\/uploads\/2017\/08\/IMG_6622.jpg\",\"contentUrl\":\"https:\/\/swimchannel.net\/br\/wp-content\/uploads\/2017\/08\/IMG_6622.jpg\",\"width\":677,\"height\":508,\"caption\":\"14 Bis; Foto: Jacqueline Dalia\"},{\"@type\":\"BreadcrumbList\",\"@id\":\"https:\/\/swimchannel.net\/br\/documentario-a-travessia-um-manifesto-a-14-bis-celebra-uma-das-mais-tradicionais-ultramaratonas-aquaticas-do-brasil\/#breadcrumb\",\"itemListElement\":[{\"@type\":\"ListItem\",\"position\":1,\"name\":\"Home\",\"item\":\"https:\/\/swimchannel.net\/br\/\"},{\"@type\":\"ListItem\",\"position\":2,\"name\":\"Document\u00e1rio \u201cA Travessia \u2013 Um manifesto \u00e0 14 Bis\u201d celebra uma das mais tradicionais ultramaratonas aqu\u00e1ticas do Brasil\"}]},{\"@type\":\"WebSite\",\"@id\":\"https:\/\/swimchannel.net\/br\/#website\",\"url\":\"https:\/\/swimchannel.net\/br\/\",\"name\":\"Swimchannel\",\"description\":\"Maior portal de nata\u00e7\u00e3o da america latina\",\"publisher\":{\"@id\":\"https:\/\/swimchannel.net\/br\/#organization\"},\"potentialAction\":[{\"@type\":\"SearchAction\",\"target\":{\"@type\":\"EntryPoint\",\"urlTemplate\":\"https:\/\/swimchannel.net\/br\/?s={search_term_string}\"},\"query-input\":{\"@type\":\"PropertyValueSpecification\",\"valueRequired\":true,\"valueName\":\"search_term_string\"}}],\"inLanguage\":\"pt-BR\"},{\"@type\":\"Organization\",\"@id\":\"https:\/\/swimchannel.net\/br\/#organization\",\"name\":\"Swimchannel - Conectando voc\u00ea a Nata\u00e7\u00e3o\",\"url\":\"https:\/\/swimchannel.net\/br\/\",\"logo\":{\"@type\":\"ImageObject\",\"inLanguage\":\"pt-BR\",\"@id\":\"https:\/\/swimchannel.net\/br\/#\/schema\/logo\/image\/\",\"url\":\"https:\/\/swimchannel.net\/br\/wp-content\/uploads\/2026\/02\/SWIM-CHANNEL.png\",\"contentUrl\":\"https:\/\/swimchannel.net\/br\/wp-content\/uploads\/2026\/02\/SWIM-CHANNEL.png\",\"width\":1120,\"height\":630,\"caption\":\"Swimchannel - Conectando voc\u00ea a Nata\u00e7\u00e3o\"},\"image\":{\"@id\":\"https:\/\/swimchannel.net\/br\/#\/schema\/logo\/image\/\"},\"sameAs\":[\"https:\/\/www.facebook.com\/swimchannel\",\"https:\/\/www.instagram.com\/swimchannel\"]},{\"@type\":\"Person\",\"@id\":\"https:\/\/swimchannel.net\/br\/#\/schema\/person\/73ae9cec62249968bca1f0a8098ef002\",\"name\":\"Katarine Monteiro\",\"image\":{\"@type\":\"ImageObject\",\"inLanguage\":\"pt-BR\",\"@id\":\"https:\/\/swimchannel.net\/br\/#\/schema\/person\/image\/\",\"url\":\"https:\/\/swimchannel.net\/br\/wp-content\/uploads\/2022\/01\/Katarine-Monteiro-100x100.jpg\",\"contentUrl\":\"https:\/\/swimchannel.net\/br\/wp-content\/uploads\/2022\/01\/Katarine-Monteiro-100x100.jpg\",\"caption\":\"Katarine Monteiro\"},\"description\":\"Jornalista SWIM CHANNEL especializada em esportes ol\u00edmpicos e em sa\u00fade. Com cobertura de grandes eventos internacionais, como Jogos Ol\u00edmpicos Rio 2016, Jogos Pan-Americanos em Lima 2019, Qatar Total Open 2020, Qatar ExxonMobil Open 2019 - t\u00eanis em Doha (QT), Semana Internacional de Vela de Ilhabela, Transat Jacques Vabre 2019 (Fran\u00e7a-Brasil), L'\u00c9tape Brasil by Tour de France, j\u00e1 fez in\u00fameras coberturas de nata\u00e7\u00e3o, maratona aqu\u00e1tica e polo aqu\u00e1tico. Formada tamb\u00e9m em Letras, a jornalista atua como assessora de imprensa, rela\u00e7\u00f5es p\u00fablicas e social media, com especializa\u00e7\u00e3o em marketing esportivo. Nadadora amadora de \u00e1guas abertas, j\u00e1 trabalhou com grandes nomes da nata\u00e7\u00e3o e do polo aqu\u00e1tico brasileiro.\",\"sameAs\":[\"https:\/\/www.instagram.com\/_katarinemonteiro\/\",\"https:\/\/www.linkedin.com\/in\/katarine-monteiro-19385297\/\",\"https:\/\/x.com\/https:\/\/twitter.com\/Katarinem\"],\"url\":\"https:\/\/swimchannel.net\/br\/author\/katarine-monteiro\/\"}]}<\/script>\n<!-- \/ Yoast SEO plugin. -->","yoast_head_json":{"title":"Document\u00e1rio \u201cA Travessia \u2013 Um manifesto \u00e0 14 Bis\u201d celebra uma das mais tradicionais ultramaratonas aqu\u00e1ticas do Brasil - Swimchannel","robots":{"index":"index","follow":"follow","max-snippet":"max-snippet:-1","max-image-preview":"max-image-preview:large","max-video-preview":"max-video-preview:-1"},"canonical":"https:\/\/swimchannel.net\/br\/documentario-a-travessia-um-manifesto-a-14-bis-celebra-uma-das-mais-tradicionais-ultramaratonas-aquaticas-do-brasil\/","og_locale":"pt_BR","og_type":"article","og_title":"Document\u00e1rio \u201cA Travessia \u2013 Um manifesto \u00e0 14 Bis\u201d celebra uma das mais tradicionais ultramaratonas aqu\u00e1ticas do Brasil - Swimchannel","og_description":"A Travessia 14 Bis, uma das provas mais emblem\u00e1ticas da nata\u00e7\u00e3o em \u00e1guas abertas no pa\u00eds, ganhou recentemente um registro audiovisual \u00e0 altura de sua hist\u00f3ria com o document\u00e1rio \u201cA Travessia \u2013 Um manifesto \u00e0 14 Bis\u201d. Com dire\u00e7\u00e3o de Beatriz Nantes e Gabriel Carvalho e produ\u00e7\u00e3o da B12 Criativa, o filme teve pr\u00e9-estreias em [&hellip;]","og_url":"https:\/\/swimchannel.net\/br\/documentario-a-travessia-um-manifesto-a-14-bis-celebra-uma-das-mais-tradicionais-ultramaratonas-aquaticas-do-brasil\/","og_site_name":"Swimchannel","article_publisher":"https:\/\/www.facebook.com\/swimchannel","article_published_time":"2026-01-20T21:57:37+00:00","og_image":[{"width":677,"height":508,"url":"https:\/\/swimchannel.net\/br\/wp-content\/uploads\/2017\/08\/IMG_6622.jpg","type":"image\/jpeg"}],"author":"Katarine Monteiro","twitter_card":"summary_large_image","twitter_creator":"@https:\/\/twitter.com\/Katarinem","twitter_misc":{"Escrito por":"Katarine Monteiro","Est. tempo de leitura":"2 minutos"},"schema":{"@context":"https:\/\/schema.org","@graph":[{"@type":"Article","@id":"https:\/\/swimchannel.net\/br\/documentario-a-travessia-um-manifesto-a-14-bis-celebra-uma-das-mais-tradicionais-ultramaratonas-aquaticas-do-brasil\/#article","isPartOf":{"@id":"https:\/\/swimchannel.net\/br\/documentario-a-travessia-um-manifesto-a-14-bis-celebra-uma-das-mais-tradicionais-ultramaratonas-aquaticas-do-brasil\/"},"author":{"name":"Katarine Monteiro","@id":"https:\/\/swimchannel.net\/br\/#\/schema\/person\/73ae9cec62249968bca1f0a8098ef002"},"headline":"Document\u00e1rio \u201cA Travessia \u2013 Um manifesto \u00e0 14 Bis\u201d celebra uma das mais tradicionais ultramaratonas aqu\u00e1ticas do Brasil","datePublished":"2026-01-20T21:57:37+00:00","mainEntityOfPage":{"@id":"https:\/\/swimchannel.net\/br\/documentario-a-travessia-um-manifesto-a-14-bis-celebra-uma-das-mais-tradicionais-ultramaratonas-aquaticas-do-brasil\/"},"wordCount":343,"commentCount":0,"publisher":{"@id":"https:\/\/swimchannel.net\/br\/#organization"},"image":{"@id":"https:\/\/swimchannel.net\/br\/documentario-a-travessia-um-manifesto-a-14-bis-celebra-uma-das-mais-tradicionais-ultramaratonas-aquaticas-do-brasil\/#primaryimage"},"thumbnailUrl":"https:\/\/swimchannel.net\/br\/wp-content\/uploads\/2017\/08\/IMG_6622.jpg","keywords":["\u201cA Travessia \u2013 Um manifesto \u00e0 14 Bis\"","A Travessia","\u00c1guas abertas","filme"],"articleSection":["\u00c1guas Abertas","\u00daltimas Not\u00edcias"],"inLanguage":"pt-BR","potentialAction":[{"@type":"CommentAction","name":"Comment","target":["https:\/\/swimchannel.net\/br\/documentario-a-travessia-um-manifesto-a-14-bis-celebra-uma-das-mais-tradicionais-ultramaratonas-aquaticas-do-brasil\/#respond"]}]},{"@type":"WebPage","@id":"https:\/\/swimchannel.net\/br\/documentario-a-travessia-um-manifesto-a-14-bis-celebra-uma-das-mais-tradicionais-ultramaratonas-aquaticas-do-brasil\/","url":"https:\/\/swimchannel.net\/br\/documentario-a-travessia-um-manifesto-a-14-bis-celebra-uma-das-mais-tradicionais-ultramaratonas-aquaticas-do-brasil\/","name":"Document\u00e1rio \u201cA Travessia \u2013 Um manifesto \u00e0 14 Bis\u201d celebra uma das mais tradicionais ultramaratonas aqu\u00e1ticas do Brasil - Swimchannel","isPartOf":{"@id":"https:\/\/swimchannel.net\/br\/#website"},"primaryImageOfPage":{"@id":"https:\/\/swimchannel.net\/br\/documentario-a-travessia-um-manifesto-a-14-bis-celebra-uma-das-mais-tradicionais-ultramaratonas-aquaticas-do-brasil\/#primaryimage"},"image":{"@id":"https:\/\/swimchannel.net\/br\/documentario-a-travessia-um-manifesto-a-14-bis-celebra-uma-das-mais-tradicionais-ultramaratonas-aquaticas-do-brasil\/#primaryimage"},"thumbnailUrl":"https:\/\/swimchannel.net\/br\/wp-content\/uploads\/2017\/08\/IMG_6622.jpg","datePublished":"2026-01-20T21:57:37+00:00","breadcrumb":{"@id":"https:\/\/swimchannel.net\/br\/documentario-a-travessia-um-manifesto-a-14-bis-celebra-uma-das-mais-tradicionais-ultramaratonas-aquaticas-do-brasil\/#breadcrumb"},"inLanguage":"pt-BR","potentialAction":[{"@type":"ReadAction","target":["https:\/\/swimchannel.net\/br\/documentario-a-travessia-um-manifesto-a-14-bis-celebra-uma-das-mais-tradicionais-ultramaratonas-aquaticas-do-brasil\/"]}]},{"@type":"ImageObject","inLanguage":"pt-BR","@id":"https:\/\/swimchannel.net\/br\/documentario-a-travessia-um-manifesto-a-14-bis-celebra-uma-das-mais-tradicionais-ultramaratonas-aquaticas-do-brasil\/#primaryimage","url":"https:\/\/swimchannel.net\/br\/wp-content\/uploads\/2017\/08\/IMG_6622.jpg","contentUrl":"https:\/\/swimchannel.net\/br\/wp-content\/uploads\/2017\/08\/IMG_6622.jpg","width":677,"height":508,"caption":"14 Bis; Foto: Jacqueline Dalia"},{"@type":"BreadcrumbList","@id":"https:\/\/swimchannel.net\/br\/documentario-a-travessia-um-manifesto-a-14-bis-celebra-uma-das-mais-tradicionais-ultramaratonas-aquaticas-do-brasil\/#breadcrumb","itemListElement":[{"@type":"ListItem","position":1,"name":"Home","item":"https:\/\/swimchannel.net\/br\/"},{"@type":"ListItem","position":2,"name":"Document\u00e1rio \u201cA Travessia \u2013 Um manifesto \u00e0 14 Bis\u201d celebra uma das mais tradicionais ultramaratonas aqu\u00e1ticas do Brasil"}]},{"@type":"WebSite","@id":"https:\/\/swimchannel.net\/br\/#website","url":"https:\/\/swimchannel.net\/br\/","name":"Swimchannel","description":"Maior portal de nata\u00e7\u00e3o da america latina","publisher":{"@id":"https:\/\/swimchannel.net\/br\/#organization"},"potentialAction":[{"@type":"SearchAction","target":{"@type":"EntryPoint","urlTemplate":"https:\/\/swimchannel.net\/br\/?s={search_term_string}"},"query-input":{"@type":"PropertyValueSpecification","valueRequired":true,"valueName":"search_term_string"}}],"inLanguage":"pt-BR"},{"@type":"Organization","@id":"https:\/\/swimchannel.net\/br\/#organization","name":"Swimchannel - Conectando voc\u00ea a Nata\u00e7\u00e3o","url":"https:\/\/swimchannel.net\/br\/","logo":{"@type":"ImageObject","inLanguage":"pt-BR","@id":"https:\/\/swimchannel.net\/br\/#\/schema\/logo\/image\/","url":"https:\/\/swimchannel.net\/br\/wp-content\/uploads\/2026\/02\/SWIM-CHANNEL.png","contentUrl":"https:\/\/swimchannel.net\/br\/wp-content\/uploads\/2026\/02\/SWIM-CHANNEL.png","width":1120,"height":630,"caption":"Swimchannel - Conectando voc\u00ea a Nata\u00e7\u00e3o"},"image":{"@id":"https:\/\/swimchannel.net\/br\/#\/schema\/logo\/image\/"},"sameAs":["https:\/\/www.facebook.com\/swimchannel","https:\/\/www.instagram.com\/swimchannel"]},{"@type":"Person","@id":"https:\/\/swimchannel.net\/br\/#\/schema\/person\/73ae9cec62249968bca1f0a8098ef002","name":"Katarine Monteiro","image":{"@type":"ImageObject","inLanguage":"pt-BR","@id":"https:\/\/swimchannel.net\/br\/#\/schema\/person\/image\/","url":"https:\/\/swimchannel.net\/br\/wp-content\/uploads\/2022\/01\/Katarine-Monteiro-100x100.jpg","contentUrl":"https:\/\/swimchannel.net\/br\/wp-content\/uploads\/2022\/01\/Katarine-Monteiro-100x100.jpg","caption":"Katarine Monteiro"},"description":"Jornalista SWIM CHANNEL especializada em esportes ol\u00edmpicos e em sa\u00fade. Com cobertura de grandes eventos internacionais, como Jogos Ol\u00edmpicos Rio 2016, Jogos Pan-Americanos em Lima 2019, Qatar Total Open 2020, Qatar ExxonMobil Open 2019 - t\u00eanis em Doha (QT), Semana Internacional de Vela de Ilhabela, Transat Jacques Vabre 2019 (Fran\u00e7a-Brasil), L'\u00c9tape Brasil by Tour de France, j\u00e1 fez in\u00fameras coberturas de nata\u00e7\u00e3o, maratona aqu\u00e1tica e polo aqu\u00e1tico. Formada tamb\u00e9m em Letras, a jornalista atua como assessora de imprensa, rela\u00e7\u00f5es p\u00fablicas e social media, com especializa\u00e7\u00e3o em marketing esportivo. Nadadora amadora de \u00e1guas abertas, j\u00e1 trabalhou com grandes nomes da nata\u00e7\u00e3o e do polo aqu\u00e1tico brasileiro.","sameAs":["https:\/\/www.instagram.com\/_katarinemonteiro\/","https:\/\/www.linkedin.com\/in\/katarine-monteiro-19385297\/","https:\/\/x.com\/https:\/\/twitter.com\/Katarinem"],"url":"https:\/\/swimchannel.net\/br\/author\/katarine-monteiro\/"}]}},"_links":{"self":[{"href":"https:\/\/swimchannel.net\/br\/wp-json\/wp\/v2\/posts\/78739","targetHints":{"allow":["GET"]}}],"collection":[{"href":"https:\/\/swimchannel.net\/br\/wp-json\/wp\/v2\/posts"}],"about":[{"href":"https:\/\/swimchannel.net\/br\/wp-json\/wp\/v2\/types\/post"}],"author":[{"embeddable":true,"href":"https:\/\/swimchannel.net\/br\/wp-json\/wp\/v2\/users\/9"}],"replies":[{"embeddable":true,"href":"https:\/\/swimchannel.net\/br\/wp-json\/wp\/v2\/comments?post=78739"}],"version-history":[{"count":4,"href":"https:\/\/swimchannel.net\/br\/wp-json\/wp\/v2\/posts\/78739\/revisions"}],"predecessor-version":[{"id":78746,"href":"https:\/\/swimchannel.net\/br\/wp-json\/wp\/v2\/posts\/78739\/revisions\/78746"}],"wp:featuredmedia":[{"embeddable":true,"href":"https:\/\/swimchannel.net\/br\/wp-json\/wp\/v2\/media\/4679"}],"wp:attachment":[{"href":"https:\/\/swimchannel.net\/br\/wp-json\/wp\/v2\/media?parent=78739"}],"wp:term":[{"taxonomy":"category","embeddable":true,"href":"https:\/\/swimchannel.net\/br\/wp-json\/wp\/v2\/categories?post=78739"},{"taxonomy":"post_tag","embeddable":true,"href":"https:\/\/swimchannel.net\/br\/wp-json\/wp\/v2\/tags?post=78739"}],"curies":[{"name":"wp","href":"https:\/\/api.w.org\/{rel}","templated":true}]}}