{"id":78798,"date":"2026-01-27T11:32:27","date_gmt":"2026-01-27T14:32:27","guid":{"rendered":"https:\/\/swimchannel.net\/br\/?p=78798"},"modified":"2026-01-27T11:32:27","modified_gmt":"2026-01-27T14:32:27","slug":"nadadores-portugueses-conquistam-oito-medalhas-em-evento-na-suica","status":"publish","type":"post","link":"https:\/\/swimchannel.net\/br\/nadadores-portugueses-conquistam-oito-medalhas-em-evento-na-suica\/","title":{"rendered":"Nadadores portugueses conquistam oito medalhas em evento na Su\u00ed\u00e7a"},"content":{"rendered":"<p>A nata\u00e7\u00e3o portuguesa fez uma grande campanha na disputa do Challenge International de Gen\u00e8ve, evento disputado no \u00faltimo fim de semana em Genebra, na Su\u00ed\u00e7a. Com um equipe de 16 atletas, Portugal conquistou oito medalhas na competi\u00e7\u00e3o com destaque para Diogo Ribeiro e Francisca Martins que venceram duas provas cada um.<\/p>\n<p>O jovem campe\u00e3o mundial venceu duas provas em Genebra, os 50m livre com o tempo de 22s38 e os 50m borboleta com a marca de 23s36. Ribeiro foi ao p\u00f3dio tamb\u00e9m nos 100m borboleta ao nadar para 53s08, ficando atr\u00e1s do campe\u00e3o, o franc\u00eas Clement Secchi com 52s39 e do vice-campe\u00e3o, o espanhol Isak Fernandez com 52s45.<\/p>\n<figure id=\"attachment_78799\" aria-describedby=\"caption-attachment-78799\" style=\"width: 886px\" class=\"wp-caption alignnone\"><img loading=\"lazy\" decoding=\"async\" class=\"size-full wp-image-78799\" src=\"https:\/\/swimchannel.net\/br\/wp-content\/uploads\/2026\/01\/FranciscaMartins.jpg\" alt=\"\" width=\"886\" height=\"630\" srcset=\"https:\/\/swimchannel.net\/br\/wp-content\/uploads\/2026\/01\/FranciscaMartins.jpg 886w, https:\/\/swimchannel.net\/br\/wp-content\/uploads\/2026\/01\/FranciscaMartins-253x180.jpg 253w, https:\/\/swimchannel.net\/br\/wp-content\/uploads\/2026\/01\/FranciscaMartins-768x546.jpg 768w, https:\/\/swimchannel.net\/br\/wp-content\/uploads\/2026\/01\/FranciscaMartins-120x86.jpg 120w, https:\/\/swimchannel.net\/br\/wp-content\/uploads\/2026\/01\/FranciscaMartins-350x250.jpg 350w, https:\/\/swimchannel.net\/br\/wp-content\/uploads\/2026\/01\/FranciscaMartins-750x533.jpg 750w\" sizes=\"auto, (max-width: 886px) 100vw, 886px\" \/><figcaption id=\"caption-attachment-78799\" class=\"wp-caption-text\">Francisca Martins &#8211; Foto: Simone Castrovillari<\/figcaption><\/figure>\n<p>J\u00e1 Francisca tamb\u00e9m obteve duas vit\u00f3rias em Genebra. A nadadora portuguesa venceu os 400m livre com 4mis13s52, ap\u00f3s uma acirrada disputa com a italiana Lucrezia Domina que veio logo em seguida com 4min13s65. A outra vit\u00f3ria veio nos 200m livre com o tempo total de 2min00s78.<\/p>\n<p>Portugal teve ainda outras tr\u00eas medalhas na competi\u00e7\u00e3o, com Mariana Cunha e Ema Concei\u00e7\u00e3o. Mariana triunfou nos 50m borboleta feminino com tempo de 27s09 e Ema foi prata nos 50m livre com 56s53 e bronze nos 50m livre com 25s80.\u00a0Os resultados completos do Challenge International de Gen\u00e8ve podem ser conferidos aqui: <a href=\"https:\/\/live.swimrankings.net\/47912\/index_us.html\" target=\"_blank\" rel=\"noopener\"><strong>https:\/\/live.swimrankings.net\/47912\/index_us.html<\/strong><\/a>.<\/p>\n<p>&nbsp;<\/p>\n<p>Gostaria de receber as not\u00edcias de nata\u00e7\u00e3o e \u00e1guas abertas no seu email?<\/p>\n<p><a href=\"https:\/\/lpa.nitro.news\/n-GNe\/ultimas-noticias-swim-channel\">Cadastre-se aqui<\/a><\/p>\n","protected":false},"excerpt":{"rendered":"<p>A nata\u00e7\u00e3o portuguesa fez uma grande campanha na disputa do Challenge International de Gen\u00e8ve, evento disputado no \u00faltimo fim de semana em Genebra, na Su\u00ed\u00e7a. Com um equipe de 16 atletas, Portugal conquistou oito medalhas na competi\u00e7\u00e3o com destaque para Diogo Ribeiro e Francisca Martins que venceram duas provas cada um. O jovem campe\u00e3o mundial [&hellip;]<\/p>\n","protected":false},"author":3,"featured_media":78665,"comment_status":"open","ping_status":"open","sticky":false,"template":"","format":"gallery","meta":{"footnotes":""},"categories":[4188],"tags":[4466,4653,4763,4764,5,631],"class_list":["post-78798","post","type-post","status-publish","format-gallery","has-post-thumbnail","hentry","category-natacao-portuguesa","tag-diogo-ribeiro","tag-ema-conceicao","tag-francisca-martins","tag-mariana-cunha","tag-natacao","tag-portugal","post_format-post-format-gallery"],"yoast_head":"<!-- This site is optimized with the Yoast SEO plugin v27.0 - https:\/\/yoast.com\/product\/yoast-seo-wordpress\/ -->\n<title>Nadadores portugueses conquistam oito medalhas em evento na Su\u00ed\u00e7a - Swimchannel<\/title>\n<meta name=\"robots\" content=\"index, follow, max-snippet:-1, max-image-preview:large, max-video-preview:-1\" \/>\n<link rel=\"canonical\" href=\"https:\/\/swimchannel.net\/br\/nadadores-portugueses-conquistam-oito-medalhas-em-evento-na-suica\/\" \/>\n<meta property=\"og:locale\" content=\"pt_BR\" \/>\n<meta property=\"og:type\" content=\"article\" \/>\n<meta property=\"og:title\" content=\"Nadadores portugueses conquistam oito medalhas em evento na Su\u00ed\u00e7a - Swimchannel\" \/>\n<meta property=\"og:description\" content=\"A nata\u00e7\u00e3o portuguesa fez uma grande campanha na disputa do Challenge International de Gen\u00e8ve, evento disputado no \u00faltimo fim de semana em Genebra, na Su\u00ed\u00e7a. Com um equipe de 16 atletas, Portugal conquistou oito medalhas na competi\u00e7\u00e3o com destaque para Diogo Ribeiro e Francisca Martins que venceram duas provas cada um. O jovem campe\u00e3o mundial [&hellip;]\" \/>\n<meta property=\"og:url\" content=\"https:\/\/swimchannel.net\/br\/nadadores-portugueses-conquistam-oito-medalhas-em-evento-na-suica\/\" \/>\n<meta property=\"og:site_name\" content=\"Swimchannel\" \/>\n<meta property=\"article:publisher\" content=\"https:\/\/www.facebook.com\/swimchannel\" \/>\n<meta property=\"article:published_time\" content=\"2026-01-27T14:32:27+00:00\" \/>\n<meta property=\"og:image\" content=\"https:\/\/swimchannel.net\/br\/wp-content\/uploads\/2026\/01\/diogo-portugal.jpg\" \/>\n\t<meta property=\"og:image:width\" content=\"945\" \/>\n\t<meta property=\"og:image:height\" content=\"630\" \/>\n\t<meta property=\"og:image:type\" content=\"image\/jpeg\" \/>\n<meta name=\"author\" content=\"Guilherme Freitas\" \/>\n<meta name=\"twitter:card\" content=\"summary_large_image\" \/>\n<meta name=\"twitter:label1\" content=\"Escrito por\" \/>\n\t<meta name=\"twitter:data1\" content=\"Guilherme Freitas\" \/>\n\t<meta name=\"twitter:label2\" content=\"Est. tempo de leitura\" \/>\n\t<meta name=\"twitter:data2\" content=\"1 minuto\" \/>\n<script type=\"application\/ld+json\" class=\"yoast-schema-graph\">{\"@context\":\"https:\/\/schema.org\",\"@graph\":[{\"@type\":\"Article\",\"@id\":\"https:\/\/swimchannel.net\/br\/nadadores-portugueses-conquistam-oito-medalhas-em-evento-na-suica\/#article\",\"isPartOf\":{\"@id\":\"https:\/\/swimchannel.net\/br\/nadadores-portugueses-conquistam-oito-medalhas-em-evento-na-suica\/\"},\"author\":{\"name\":\"Guilherme Freitas\",\"@id\":\"https:\/\/swimchannel.net\/br\/#\/schema\/person\/aa2a63bab3275f53749a83276b213c48\"},\"headline\":\"Nadadores portugueses conquistam oito medalhas em evento na Su\u00ed\u00e7a\",\"datePublished\":\"2026-01-27T14:32:27+00:00\",\"mainEntityOfPage\":{\"@id\":\"https:\/\/swimchannel.net\/br\/nadadores-portugueses-conquistam-oito-medalhas-em-evento-na-suica\/\"},\"wordCount\":275,\"commentCount\":0,\"publisher\":{\"@id\":\"https:\/\/swimchannel.net\/br\/#organization\"},\"image\":{\"@id\":\"https:\/\/swimchannel.net\/br\/nadadores-portugueses-conquistam-oito-medalhas-em-evento-na-suica\/#primaryimage\"},\"thumbnailUrl\":\"https:\/\/swimchannel.net\/br\/wp-content\/uploads\/2026\/01\/diogo-portugal.jpg\",\"keywords\":[\"Diogo Ribeiro\",\"Ema Concei\u00e7\u00e3o\",\"Francisca Martins\",\"Mariana Cunha\",\"natacao\",\"Portugal\"],\"articleSection\":[\"Nata\u00e7\u00e3o Portuguesa\"],\"inLanguage\":\"pt-BR\",\"potentialAction\":[{\"@type\":\"CommentAction\",\"name\":\"Comment\",\"target\":[\"https:\/\/swimchannel.net\/br\/nadadores-portugueses-conquistam-oito-medalhas-em-evento-na-suica\/#respond\"]}]},{\"@type\":\"WebPage\",\"@id\":\"https:\/\/swimchannel.net\/br\/nadadores-portugueses-conquistam-oito-medalhas-em-evento-na-suica\/\",\"url\":\"https:\/\/swimchannel.net\/br\/nadadores-portugueses-conquistam-oito-medalhas-em-evento-na-suica\/\",\"name\":\"Nadadores portugueses conquistam oito medalhas em evento na Su\u00ed\u00e7a - Swimchannel\",\"isPartOf\":{\"@id\":\"https:\/\/swimchannel.net\/br\/#website\"},\"primaryImageOfPage\":{\"@id\":\"https:\/\/swimchannel.net\/br\/nadadores-portugueses-conquistam-oito-medalhas-em-evento-na-suica\/#primaryimage\"},\"image\":{\"@id\":\"https:\/\/swimchannel.net\/br\/nadadores-portugueses-conquistam-oito-medalhas-em-evento-na-suica\/#primaryimage\"},\"thumbnailUrl\":\"https:\/\/swimchannel.net\/br\/wp-content\/uploads\/2026\/01\/diogo-portugal.jpg\",\"datePublished\":\"2026-01-27T14:32:27+00:00\",\"breadcrumb\":{\"@id\":\"https:\/\/swimchannel.net\/br\/nadadores-portugueses-conquistam-oito-medalhas-em-evento-na-suica\/#breadcrumb\"},\"inLanguage\":\"pt-BR\",\"potentialAction\":[{\"@type\":\"ReadAction\",\"target\":[\"https:\/\/swimchannel.net\/br\/nadadores-portugueses-conquistam-oito-medalhas-em-evento-na-suica\/\"]}]},{\"@type\":\"ImageObject\",\"inLanguage\":\"pt-BR\",\"@id\":\"https:\/\/swimchannel.net\/br\/nadadores-portugueses-conquistam-oito-medalhas-em-evento-na-suica\/#primaryimage\",\"url\":\"https:\/\/swimchannel.net\/br\/wp-content\/uploads\/2026\/01\/diogo-portugal.jpg\",\"contentUrl\":\"https:\/\/swimchannel.net\/br\/wp-content\/uploads\/2026\/01\/diogo-portugal.jpg\",\"width\":945,\"height\":630,\"caption\":\"Diogo Ribeiro - Foto: Simone Castrovillari\"},{\"@type\":\"BreadcrumbList\",\"@id\":\"https:\/\/swimchannel.net\/br\/nadadores-portugueses-conquistam-oito-medalhas-em-evento-na-suica\/#breadcrumb\",\"itemListElement\":[{\"@type\":\"ListItem\",\"position\":1,\"name\":\"Home\",\"item\":\"https:\/\/swimchannel.net\/br\/\"},{\"@type\":\"ListItem\",\"position\":2,\"name\":\"Nadadores portugueses conquistam oito medalhas em evento na Su\u00ed\u00e7a\"}]},{\"@type\":\"WebSite\",\"@id\":\"https:\/\/swimchannel.net\/br\/#website\",\"url\":\"https:\/\/swimchannel.net\/br\/\",\"name\":\"Swimchannel\",\"description\":\"Maior portal de nata\u00e7\u00e3o da america latina\",\"publisher\":{\"@id\":\"https:\/\/swimchannel.net\/br\/#organization\"},\"potentialAction\":[{\"@type\":\"SearchAction\",\"target\":{\"@type\":\"EntryPoint\",\"urlTemplate\":\"https:\/\/swimchannel.net\/br\/?s={search_term_string}\"},\"query-input\":{\"@type\":\"PropertyValueSpecification\",\"valueRequired\":true,\"valueName\":\"search_term_string\"}}],\"inLanguage\":\"pt-BR\"},{\"@type\":\"Organization\",\"@id\":\"https:\/\/swimchannel.net\/br\/#organization\",\"name\":\"Swimchannel - Conectando voc\u00ea a Nata\u00e7\u00e3o\",\"url\":\"https:\/\/swimchannel.net\/br\/\",\"logo\":{\"@type\":\"ImageObject\",\"inLanguage\":\"pt-BR\",\"@id\":\"https:\/\/swimchannel.net\/br\/#\/schema\/logo\/image\/\",\"url\":\"https:\/\/swimchannel.net\/br\/wp-content\/uploads\/2026\/02\/SWIM-CHANNEL.png\",\"contentUrl\":\"https:\/\/swimchannel.net\/br\/wp-content\/uploads\/2026\/02\/SWIM-CHANNEL.png\",\"width\":1120,\"height\":630,\"caption\":\"Swimchannel - Conectando voc\u00ea a Nata\u00e7\u00e3o\"},\"image\":{\"@id\":\"https:\/\/swimchannel.net\/br\/#\/schema\/logo\/image\/\"},\"sameAs\":[\"https:\/\/www.facebook.com\/swimchannel\",\"https:\/\/www.instagram.com\/swimchannel\"]},{\"@type\":\"Person\",\"@id\":\"https:\/\/swimchannel.net\/br\/#\/schema\/person\/aa2a63bab3275f53749a83276b213c48\",\"name\":\"Guilherme Freitas\",\"image\":{\"@type\":\"ImageObject\",\"inLanguage\":\"pt-BR\",\"@id\":\"https:\/\/swimchannel.net\/br\/#\/schema\/person\/image\/\",\"url\":\"https:\/\/swimchannel.net\/br\/wp-content\/uploads\/2025\/10\/gui22-193x180.png\",\"contentUrl\":\"https:\/\/swimchannel.net\/br\/wp-content\/uploads\/2025\/10\/gui22-193x180.png\",\"caption\":\"Guilherme Freitas\"},\"description\":\"Jornalista s\u00eanior da SWIM CHANNEL, ex-correspondente da FINA no Brasil e pesquisador acad\u00eamico.\",\"sameAs\":[\"instagram.com\/guifreitas86\"],\"url\":\"https:\/\/swimchannel.net\/br\/author\/guilherme-freitas\/\"}]}<\/script>\n<!-- \/ Yoast SEO plugin. -->","yoast_head_json":{"title":"Nadadores portugueses conquistam oito medalhas em evento na Su\u00ed\u00e7a - Swimchannel","robots":{"index":"index","follow":"follow","max-snippet":"max-snippet:-1","max-image-preview":"max-image-preview:large","max-video-preview":"max-video-preview:-1"},"canonical":"https:\/\/swimchannel.net\/br\/nadadores-portugueses-conquistam-oito-medalhas-em-evento-na-suica\/","og_locale":"pt_BR","og_type":"article","og_title":"Nadadores portugueses conquistam oito medalhas em evento na Su\u00ed\u00e7a - Swimchannel","og_description":"A nata\u00e7\u00e3o portuguesa fez uma grande campanha na disputa do Challenge International de Gen\u00e8ve, evento disputado no \u00faltimo fim de semana em Genebra, na Su\u00ed\u00e7a. Com um equipe de 16 atletas, Portugal conquistou oito medalhas na competi\u00e7\u00e3o com destaque para Diogo Ribeiro e Francisca Martins que venceram duas provas cada um. O jovem campe\u00e3o mundial [&hellip;]","og_url":"https:\/\/swimchannel.net\/br\/nadadores-portugueses-conquistam-oito-medalhas-em-evento-na-suica\/","og_site_name":"Swimchannel","article_publisher":"https:\/\/www.facebook.com\/swimchannel","article_published_time":"2026-01-27T14:32:27+00:00","og_image":[{"width":945,"height":630,"url":"https:\/\/swimchannel.net\/br\/wp-content\/uploads\/2026\/01\/diogo-portugal.jpg","type":"image\/jpeg"}],"author":"Guilherme Freitas","twitter_card":"summary_large_image","twitter_misc":{"Escrito por":"Guilherme Freitas","Est. tempo de leitura":"1 minuto"},"schema":{"@context":"https:\/\/schema.org","@graph":[{"@type":"Article","@id":"https:\/\/swimchannel.net\/br\/nadadores-portugueses-conquistam-oito-medalhas-em-evento-na-suica\/#article","isPartOf":{"@id":"https:\/\/swimchannel.net\/br\/nadadores-portugueses-conquistam-oito-medalhas-em-evento-na-suica\/"},"author":{"name":"Guilherme Freitas","@id":"https:\/\/swimchannel.net\/br\/#\/schema\/person\/aa2a63bab3275f53749a83276b213c48"},"headline":"Nadadores portugueses conquistam oito medalhas em evento na Su\u00ed\u00e7a","datePublished":"2026-01-27T14:32:27+00:00","mainEntityOfPage":{"@id":"https:\/\/swimchannel.net\/br\/nadadores-portugueses-conquistam-oito-medalhas-em-evento-na-suica\/"},"wordCount":275,"commentCount":0,"publisher":{"@id":"https:\/\/swimchannel.net\/br\/#organization"},"image":{"@id":"https:\/\/swimchannel.net\/br\/nadadores-portugueses-conquistam-oito-medalhas-em-evento-na-suica\/#primaryimage"},"thumbnailUrl":"https:\/\/swimchannel.net\/br\/wp-content\/uploads\/2026\/01\/diogo-portugal.jpg","keywords":["Diogo Ribeiro","Ema Concei\u00e7\u00e3o","Francisca Martins","Mariana Cunha","natacao","Portugal"],"articleSection":["Nata\u00e7\u00e3o Portuguesa"],"inLanguage":"pt-BR","potentialAction":[{"@type":"CommentAction","name":"Comment","target":["https:\/\/swimchannel.net\/br\/nadadores-portugueses-conquistam-oito-medalhas-em-evento-na-suica\/#respond"]}]},{"@type":"WebPage","@id":"https:\/\/swimchannel.net\/br\/nadadores-portugueses-conquistam-oito-medalhas-em-evento-na-suica\/","url":"https:\/\/swimchannel.net\/br\/nadadores-portugueses-conquistam-oito-medalhas-em-evento-na-suica\/","name":"Nadadores portugueses conquistam oito medalhas em evento na Su\u00ed\u00e7a - Swimchannel","isPartOf":{"@id":"https:\/\/swimchannel.net\/br\/#website"},"primaryImageOfPage":{"@id":"https:\/\/swimchannel.net\/br\/nadadores-portugueses-conquistam-oito-medalhas-em-evento-na-suica\/#primaryimage"},"image":{"@id":"https:\/\/swimchannel.net\/br\/nadadores-portugueses-conquistam-oito-medalhas-em-evento-na-suica\/#primaryimage"},"thumbnailUrl":"https:\/\/swimchannel.net\/br\/wp-content\/uploads\/2026\/01\/diogo-portugal.jpg","datePublished":"2026-01-27T14:32:27+00:00","breadcrumb":{"@id":"https:\/\/swimchannel.net\/br\/nadadores-portugueses-conquistam-oito-medalhas-em-evento-na-suica\/#breadcrumb"},"inLanguage":"pt-BR","potentialAction":[{"@type":"ReadAction","target":["https:\/\/swimchannel.net\/br\/nadadores-portugueses-conquistam-oito-medalhas-em-evento-na-suica\/"]}]},{"@type":"ImageObject","inLanguage":"pt-BR","@id":"https:\/\/swimchannel.net\/br\/nadadores-portugueses-conquistam-oito-medalhas-em-evento-na-suica\/#primaryimage","url":"https:\/\/swimchannel.net\/br\/wp-content\/uploads\/2026\/01\/diogo-portugal.jpg","contentUrl":"https:\/\/swimchannel.net\/br\/wp-content\/uploads\/2026\/01\/diogo-portugal.jpg","width":945,"height":630,"caption":"Diogo Ribeiro - Foto: Simone Castrovillari"},{"@type":"BreadcrumbList","@id":"https:\/\/swimchannel.net\/br\/nadadores-portugueses-conquistam-oito-medalhas-em-evento-na-suica\/#breadcrumb","itemListElement":[{"@type":"ListItem","position":1,"name":"Home","item":"https:\/\/swimchannel.net\/br\/"},{"@type":"ListItem","position":2,"name":"Nadadores portugueses conquistam oito medalhas em evento na Su\u00ed\u00e7a"}]},{"@type":"WebSite","@id":"https:\/\/swimchannel.net\/br\/#website","url":"https:\/\/swimchannel.net\/br\/","name":"Swimchannel","description":"Maior portal de nata\u00e7\u00e3o da america latina","publisher":{"@id":"https:\/\/swimchannel.net\/br\/#organization"},"potentialAction":[{"@type":"SearchAction","target":{"@type":"EntryPoint","urlTemplate":"https:\/\/swimchannel.net\/br\/?s={search_term_string}"},"query-input":{"@type":"PropertyValueSpecification","valueRequired":true,"valueName":"search_term_string"}}],"inLanguage":"pt-BR"},{"@type":"Organization","@id":"https:\/\/swimchannel.net\/br\/#organization","name":"Swimchannel - Conectando voc\u00ea a Nata\u00e7\u00e3o","url":"https:\/\/swimchannel.net\/br\/","logo":{"@type":"ImageObject","inLanguage":"pt-BR","@id":"https:\/\/swimchannel.net\/br\/#\/schema\/logo\/image\/","url":"https:\/\/swimchannel.net\/br\/wp-content\/uploads\/2026\/02\/SWIM-CHANNEL.png","contentUrl":"https:\/\/swimchannel.net\/br\/wp-content\/uploads\/2026\/02\/SWIM-CHANNEL.png","width":1120,"height":630,"caption":"Swimchannel - Conectando voc\u00ea a Nata\u00e7\u00e3o"},"image":{"@id":"https:\/\/swimchannel.net\/br\/#\/schema\/logo\/image\/"},"sameAs":["https:\/\/www.facebook.com\/swimchannel","https:\/\/www.instagram.com\/swimchannel"]},{"@type":"Person","@id":"https:\/\/swimchannel.net\/br\/#\/schema\/person\/aa2a63bab3275f53749a83276b213c48","name":"Guilherme Freitas","image":{"@type":"ImageObject","inLanguage":"pt-BR","@id":"https:\/\/swimchannel.net\/br\/#\/schema\/person\/image\/","url":"https:\/\/swimchannel.net\/br\/wp-content\/uploads\/2025\/10\/gui22-193x180.png","contentUrl":"https:\/\/swimchannel.net\/br\/wp-content\/uploads\/2025\/10\/gui22-193x180.png","caption":"Guilherme Freitas"},"description":"Jornalista s\u00eanior da SWIM CHANNEL, ex-correspondente da FINA no Brasil e pesquisador acad\u00eamico.","sameAs":["instagram.com\/guifreitas86"],"url":"https:\/\/swimchannel.net\/br\/author\/guilherme-freitas\/"}]}},"_links":{"self":[{"href":"https:\/\/swimchannel.net\/br\/wp-json\/wp\/v2\/posts\/78798","targetHints":{"allow":["GET"]}}],"collection":[{"href":"https:\/\/swimchannel.net\/br\/wp-json\/wp\/v2\/posts"}],"about":[{"href":"https:\/\/swimchannel.net\/br\/wp-json\/wp\/v2\/types\/post"}],"author":[{"embeddable":true,"href":"https:\/\/swimchannel.net\/br\/wp-json\/wp\/v2\/users\/3"}],"replies":[{"embeddable":true,"href":"https:\/\/swimchannel.net\/br\/wp-json\/wp\/v2\/comments?post=78798"}],"version-history":[{"count":1,"href":"https:\/\/swimchannel.net\/br\/wp-json\/wp\/v2\/posts\/78798\/revisions"}],"predecessor-version":[{"id":78800,"href":"https:\/\/swimchannel.net\/br\/wp-json\/wp\/v2\/posts\/78798\/revisions\/78800"}],"wp:featuredmedia":[{"embeddable":true,"href":"https:\/\/swimchannel.net\/br\/wp-json\/wp\/v2\/media\/78665"}],"wp:attachment":[{"href":"https:\/\/swimchannel.net\/br\/wp-json\/wp\/v2\/media?parent=78798"}],"wp:term":[{"taxonomy":"category","embeddable":true,"href":"https:\/\/swimchannel.net\/br\/wp-json\/wp\/v2\/categories?post=78798"},{"taxonomy":"post_tag","embeddable":true,"href":"https:\/\/swimchannel.net\/br\/wp-json\/wp\/v2\/tags?post=78798"}],"curies":[{"name":"wp","href":"https:\/\/api.w.org\/{rel}","templated":true}]}}