{"id":78848,"date":"2026-01-30T16:20:42","date_gmt":"2026-01-30T19:20:42","guid":{"rendered":"https:\/\/swimchannel.net\/br\/?p=78848"},"modified":"2026-01-30T16:26:12","modified_gmt":"2026-01-30T19:26:12","slug":"a-lista-dos-nadadores-de-elite-que-trocaram-de-cidadania-esportiva","status":"publish","type":"post","link":"https:\/\/swimchannel.net\/br\/a-lista-dos-nadadores-de-elite-que-trocaram-de-cidadania-esportiva\/","title":{"rendered":"A lista dos nadadores de elite que trocaram de cidadania esportiva"},"content":{"rendered":"<p>O tema da mudan\u00e7a de nacionalidade de Ilya Kharun do Canad\u00e1 para os Estados Unidos nos faz revisar alguns dos maiores nadadores internacionais que j\u00e1 passaram por esta mudan\u00e7a de representatividade esportiva. N\u00e3o foram considerados aqueles que mesmo nascendo em diferentes pa\u00edses de sua representa\u00e7\u00e3o esportiva, mas n\u00e3o efetuaram qualquer mudan\u00e7a de cidadania. A lista possui apenas atletas que chegaram a competir com uma nacionalidade para trocar para outra dentro dos par\u00e2metros e exig\u00eancias legais.<\/p>\n<p>A rela\u00e7\u00e3o tem Santo Condorelli em destaque, o \u00fanico a trocar tr\u00eas vezes de nacionalidade esportiva. Dois nomes relacionados ao Brasil, Gabrielle Rose que era americana, nadou pelo Brasil e voltou a nadar pelos Estados Unidos, e Nick Albiero que nadou pela Sele\u00e7\u00e3o Americana J\u00fanior e foi ol\u00edmpico pelo Brasil em Paris 2024.<\/p>\n<figure id=\"attachment_74719\" aria-describedby=\"caption-attachment-74719\" style=\"width: 1030px\" class=\"wp-caption alignnone\"><img loading=\"lazy\" decoding=\"async\" class=\"size-full wp-image-74719\" src=\"https:\/\/swimchannel.net\/br\/wp-content\/uploads\/2025\/07\/Santo-Condorelli-By-Jack-Spitser-DSC02364-scaled-1-1030x687-1.jpg\" alt=\"\" width=\"1030\" height=\"687\" srcset=\"https:\/\/swimchannel.net\/br\/wp-content\/uploads\/2025\/07\/Santo-Condorelli-By-Jack-Spitser-DSC02364-scaled-1-1030x687-1.jpg 1030w, https:\/\/swimchannel.net\/br\/wp-content\/uploads\/2025\/07\/Santo-Condorelli-By-Jack-Spitser-DSC02364-scaled-1-1030x687-1-1012x675.jpg 1012w, https:\/\/swimchannel.net\/br\/wp-content\/uploads\/2025\/07\/Santo-Condorelli-By-Jack-Spitser-DSC02364-scaled-1-1030x687-1-270x180.jpg 270w, https:\/\/swimchannel.net\/br\/wp-content\/uploads\/2025\/07\/Santo-Condorelli-By-Jack-Spitser-DSC02364-scaled-1-1030x687-1-768x512.jpg 768w, https:\/\/swimchannel.net\/br\/wp-content\/uploads\/2025\/07\/Santo-Condorelli-By-Jack-Spitser-DSC02364-scaled-1-1030x687-1-750x500.jpg 750w\" sizes=\"auto, (max-width: 1030px) 100vw, 1030px\" \/><figcaption id=\"caption-attachment-74719\" class=\"wp-caption-text\">Santo Condorelli &#8211; Foto: Jack Spitser<\/figcaption><\/figure>\n<p><strong>3 trocas de nacionalidades<\/strong><br \/>\nSanto Condorelli dos Estados Unidos para o Canad\u00e1 para a It\u00e1lia para os Estados Unidos<\/p>\n<p><strong>2 trocas<\/strong><br \/>\nGabrielle Rose dos Estados Unidos para o Brasil para os Estados Unidos<\/p>\n<p><strong>1 troca de nacionalidade<\/strong><br \/>\nDarian Townsend da \u00c1frica do Sul para os Estados Unidos<br \/>\nIlya Kharun do Canad\u00e1 para os Estados Unidos<br \/>\nNick Albiero dos Estados Unidos para o Brasil<br \/>\nAnastasia Kirpichnikova da R\u00fassia para a Fran\u00e7a<br \/>\nLisa Pou da Fran\u00e7a para Monaco<br \/>\nLevenia Sim dos Estados Unidos para Singapura<br \/>\nKaii Winkler dos Estados Unidos para Alemanha<br \/>\nArkady Vyatchnanin da R\u00fassia para os Estados Unidos<br \/>\nKayla Sanchez do Canad\u00e1 para Filipinas<br \/>\nJack McMillan da Irlanda para Gr\u00e3-Bretanha<br \/>\nMikhail Alexandrov da Bulg\u00e1ria para Estados Unidos<br \/>\nNina Zhivanevskaya da R\u00fassia para Espanha<br \/>\nViktoria Gunes da Ucr\u00e2nia para Turquia<br \/>\nEllen Gandy da Gr\u00e3-Bretanha para Austr\u00e1lia<br \/>\nSzebasztian Szabo da S\u00e9rvia para Hungria<br \/>\nKeneth To da Austr\u00e1lia para Hong Kong<br \/>\nMilorad Cavic dos Estados Unidos para S\u00e9rvia<br \/>\nAlena Popchanka de Belarus para Fran\u00e7a<br \/>\nBen Hockin da Gr\u00e3-Bretanha para o Paraguai<\/p>\n<p>&nbsp;<\/p>\n<p>Gostaria de receber as not\u00edcias de nata\u00e7\u00e3o e \u00e1guas abertas no seu email?<\/p>\n<p><a href=\"https:\/\/lpa.nitro.news\/n-GNe\/ultimas-noticias-swim-channel\">Cadastre-se aqui<\/a><\/p>\n","protected":false},"excerpt":{"rendered":"<p>O tema da mudan\u00e7a de nacionalidade de Ilya Kharun do Canad\u00e1 para os Estados Unidos nos faz revisar alguns dos maiores nadadores internacionais que j\u00e1 passaram por esta mudan\u00e7a de representatividade esportiva. N\u00e3o foram considerados aqueles que mesmo nascendo em diferentes pa\u00edses de sua representa\u00e7\u00e3o esportiva, mas n\u00e3o efetuaram qualquer mudan\u00e7a de cidadania. A lista [&hellip;]<\/p>\n","protected":false},"author":12,"featured_media":67969,"comment_status":"open","ping_status":"open","sticky":false,"template":"","format":"gallery","meta":{"footnotes":""},"categories":[137],"tags":[6772,5,6432,5085],"class_list":["post-78848","post","type-post","status-publish","format-gallery","has-post-thumbnail","hentry","category-natacao","tag-nacionaldiade","tag-natacao","tag-nick-albiero","tag-santo-condorelli","post_format-post-format-gallery"],"yoast_head":"<!-- This site is optimized with the Yoast SEO plugin v27.0 - https:\/\/yoast.com\/product\/yoast-seo-wordpress\/ -->\n<title>A lista dos nadadores de elite que trocaram de cidadania esportiva - Swimchannel<\/title>\n<meta name=\"robots\" content=\"index, follow, max-snippet:-1, max-image-preview:large, max-video-preview:-1\" \/>\n<link rel=\"canonical\" href=\"https:\/\/swimchannel.net\/br\/a-lista-dos-nadadores-de-elite-que-trocaram-de-cidadania-esportiva\/\" \/>\n<meta property=\"og:locale\" content=\"pt_BR\" \/>\n<meta property=\"og:type\" content=\"article\" \/>\n<meta property=\"og:title\" content=\"A lista dos nadadores de elite que trocaram de cidadania esportiva - Swimchannel\" \/>\n<meta property=\"og:description\" content=\"O tema da mudan\u00e7a de nacionalidade de Ilya Kharun do Canad\u00e1 para os Estados Unidos nos faz revisar alguns dos maiores nadadores internacionais que j\u00e1 passaram por esta mudan\u00e7a de representatividade esportiva. N\u00e3o foram considerados aqueles que mesmo nascendo em diferentes pa\u00edses de sua representa\u00e7\u00e3o esportiva, mas n\u00e3o efetuaram qualquer mudan\u00e7a de cidadania. A lista [&hellip;]\" \/>\n<meta property=\"og:url\" content=\"https:\/\/swimchannel.net\/br\/a-lista-dos-nadadores-de-elite-que-trocaram-de-cidadania-esportiva\/\" \/>\n<meta property=\"og:site_name\" content=\"Swimchannel\" \/>\n<meta property=\"article:publisher\" content=\"https:\/\/www.facebook.com\/swimchannel\" \/>\n<meta property=\"article:published_time\" content=\"2026-01-30T19:20:42+00:00\" \/>\n<meta property=\"article:modified_time\" content=\"2026-01-30T19:26:12+00:00\" \/>\n<meta property=\"og:image\" content=\"https:\/\/swimchannel.net\/br\/wp-content\/uploads\/2024\/07\/WhatsApp-Image-2024-07-30-at-06.28.19.jpeg\" \/>\n\t<meta property=\"og:image:width\" content=\"2560\" \/>\n\t<meta property=\"og:image:height\" content=\"1706\" \/>\n\t<meta property=\"og:image:type\" content=\"image\/jpeg\" \/>\n<meta name=\"author\" content=\"Alex Pussieldi\" \/>\n<meta name=\"twitter:card\" content=\"summary_large_image\" \/>\n<meta name=\"twitter:label1\" content=\"Escrito por\" \/>\n\t<meta name=\"twitter:data1\" content=\"Alex Pussieldi\" \/>\n\t<meta name=\"twitter:label2\" content=\"Est. tempo de leitura\" \/>\n\t<meta name=\"twitter:data2\" content=\"2 minutos\" \/>\n<script type=\"application\/ld+json\" class=\"yoast-schema-graph\">{\"@context\":\"https:\/\/schema.org\",\"@graph\":[{\"@type\":\"Article\",\"@id\":\"https:\/\/swimchannel.net\/br\/a-lista-dos-nadadores-de-elite-que-trocaram-de-cidadania-esportiva\/#article\",\"isPartOf\":{\"@id\":\"https:\/\/swimchannel.net\/br\/a-lista-dos-nadadores-de-elite-que-trocaram-de-cidadania-esportiva\/\"},\"author\":{\"name\":\"Alex Pussieldi\",\"@id\":\"https:\/\/swimchannel.net\/br\/#\/schema\/person\/cf549cb99cf75592fcf7c76213385e63\"},\"headline\":\"A lista dos nadadores de elite que trocaram de cidadania esportiva\",\"datePublished\":\"2026-01-30T19:20:42+00:00\",\"dateModified\":\"2026-01-30T19:26:12+00:00\",\"mainEntityOfPage\":{\"@id\":\"https:\/\/swimchannel.net\/br\/a-lista-dos-nadadores-de-elite-que-trocaram-de-cidadania-esportiva\/\"},\"wordCount\":364,\"commentCount\":0,\"publisher\":{\"@id\":\"https:\/\/swimchannel.net\/br\/#organization\"},\"image\":{\"@id\":\"https:\/\/swimchannel.net\/br\/a-lista-dos-nadadores-de-elite-que-trocaram-de-cidadania-esportiva\/#primaryimage\"},\"thumbnailUrl\":\"https:\/\/swimchannel.net\/br\/wp-content\/uploads\/2024\/07\/WhatsApp-Image-2024-07-30-at-06.28.19.jpeg\",\"keywords\":[\"nacionaldiade\",\"natacao\",\"Nick Albiero\",\"Santo Condorelli\"],\"articleSection\":[\"Nata\u00e7\u00e3o\"],\"inLanguage\":\"pt-BR\",\"potentialAction\":[{\"@type\":\"CommentAction\",\"name\":\"Comment\",\"target\":[\"https:\/\/swimchannel.net\/br\/a-lista-dos-nadadores-de-elite-que-trocaram-de-cidadania-esportiva\/#respond\"]}]},{\"@type\":\"WebPage\",\"@id\":\"https:\/\/swimchannel.net\/br\/a-lista-dos-nadadores-de-elite-que-trocaram-de-cidadania-esportiva\/\",\"url\":\"https:\/\/swimchannel.net\/br\/a-lista-dos-nadadores-de-elite-que-trocaram-de-cidadania-esportiva\/\",\"name\":\"A lista dos nadadores de elite que trocaram de cidadania esportiva - Swimchannel\",\"isPartOf\":{\"@id\":\"https:\/\/swimchannel.net\/br\/#website\"},\"primaryImageOfPage\":{\"@id\":\"https:\/\/swimchannel.net\/br\/a-lista-dos-nadadores-de-elite-que-trocaram-de-cidadania-esportiva\/#primaryimage\"},\"image\":{\"@id\":\"https:\/\/swimchannel.net\/br\/a-lista-dos-nadadores-de-elite-que-trocaram-de-cidadania-esportiva\/#primaryimage\"},\"thumbnailUrl\":\"https:\/\/swimchannel.net\/br\/wp-content\/uploads\/2024\/07\/WhatsApp-Image-2024-07-30-at-06.28.19.jpeg\",\"datePublished\":\"2026-01-30T19:20:42+00:00\",\"dateModified\":\"2026-01-30T19:26:12+00:00\",\"breadcrumb\":{\"@id\":\"https:\/\/swimchannel.net\/br\/a-lista-dos-nadadores-de-elite-que-trocaram-de-cidadania-esportiva\/#breadcrumb\"},\"inLanguage\":\"pt-BR\",\"potentialAction\":[{\"@type\":\"ReadAction\",\"target\":[\"https:\/\/swimchannel.net\/br\/a-lista-dos-nadadores-de-elite-que-trocaram-de-cidadania-esportiva\/\"]}]},{\"@type\":\"ImageObject\",\"inLanguage\":\"pt-BR\",\"@id\":\"https:\/\/swimchannel.net\/br\/a-lista-dos-nadadores-de-elite-que-trocaram-de-cidadania-esportiva\/#primaryimage\",\"url\":\"https:\/\/swimchannel.net\/br\/wp-content\/uploads\/2024\/07\/WhatsApp-Image-2024-07-30-at-06.28.19.jpeg\",\"contentUrl\":\"https:\/\/swimchannel.net\/br\/wp-content\/uploads\/2024\/07\/WhatsApp-Image-2024-07-30-at-06.28.19.jpeg\",\"width\":2560,\"height\":1706,\"caption\":\"Nicolas Albiero - Foto: Satiro Sodr\u00e9\"},{\"@type\":\"BreadcrumbList\",\"@id\":\"https:\/\/swimchannel.net\/br\/a-lista-dos-nadadores-de-elite-que-trocaram-de-cidadania-esportiva\/#breadcrumb\",\"itemListElement\":[{\"@type\":\"ListItem\",\"position\":1,\"name\":\"Home\",\"item\":\"https:\/\/swimchannel.net\/br\/\"},{\"@type\":\"ListItem\",\"position\":2,\"name\":\"A lista dos nadadores de elite que trocaram de cidadania esportiva\"}]},{\"@type\":\"WebSite\",\"@id\":\"https:\/\/swimchannel.net\/br\/#website\",\"url\":\"https:\/\/swimchannel.net\/br\/\",\"name\":\"Swimchannel\",\"description\":\"Maior portal de nata\u00e7\u00e3o da america latina\",\"publisher\":{\"@id\":\"https:\/\/swimchannel.net\/br\/#organization\"},\"potentialAction\":[{\"@type\":\"SearchAction\",\"target\":{\"@type\":\"EntryPoint\",\"urlTemplate\":\"https:\/\/swimchannel.net\/br\/?s={search_term_string}\"},\"query-input\":{\"@type\":\"PropertyValueSpecification\",\"valueRequired\":true,\"valueName\":\"search_term_string\"}}],\"inLanguage\":\"pt-BR\"},{\"@type\":\"Organization\",\"@id\":\"https:\/\/swimchannel.net\/br\/#organization\",\"name\":\"Swimchannel - Conectando voc\u00ea a Nata\u00e7\u00e3o\",\"url\":\"https:\/\/swimchannel.net\/br\/\",\"logo\":{\"@type\":\"ImageObject\",\"inLanguage\":\"pt-BR\",\"@id\":\"https:\/\/swimchannel.net\/br\/#\/schema\/logo\/image\/\",\"url\":\"https:\/\/swimchannel.net\/br\/wp-content\/uploads\/2026\/02\/SWIM-CHANNEL.png\",\"contentUrl\":\"https:\/\/swimchannel.net\/br\/wp-content\/uploads\/2026\/02\/SWIM-CHANNEL.png\",\"width\":1120,\"height\":630,\"caption\":\"Swimchannel - Conectando voc\u00ea a Nata\u00e7\u00e3o\"},\"image\":{\"@id\":\"https:\/\/swimchannel.net\/br\/#\/schema\/logo\/image\/\"},\"sameAs\":[\"https:\/\/www.facebook.com\/swimchannel\",\"https:\/\/www.instagram.com\/swimchannel\"]},{\"@type\":\"Person\",\"@id\":\"https:\/\/swimchannel.net\/br\/#\/schema\/person\/cf549cb99cf75592fcf7c76213385e63\",\"name\":\"Alex Pussieldi\",\"image\":{\"@type\":\"ImageObject\",\"inLanguage\":\"pt-BR\",\"@id\":\"https:\/\/swimchannel.net\/br\/#\/schema\/person\/image\/\",\"url\":\"https:\/\/swimchannel.net\/br\/wp-content\/uploads\/2021\/02\/9b1c252d-a4bd-4eda-b399-24565cac4114-100x100.jpg\",\"contentUrl\":\"https:\/\/swimchannel.net\/br\/wp-content\/uploads\/2021\/02\/9b1c252d-a4bd-4eda-b399-24565cac4114-100x100.jpg\",\"caption\":\"Alex Pussieldi\"},\"description\":\"Alexandre Pussieldi, apelidado de \u201ccoach\u201d, Foi t\u00e9cnico da sele\u00e7\u00e3o verde e amarela nas Olimp\u00edadas de Pequim-2008 e Londres-2012. O treinador ainda comandou outros quatro pa\u00edses: Kuwait, Paraguai, Aruba e Antilhas Holandesas, al\u00e9m da sele\u00e7\u00e3o americana de \u00e1guas abertas. Pussieldi tem passagens como comentarista de nata\u00e7\u00e3o do Grupo Globo e Swim Channel.\",\"url\":\"https:\/\/swimchannel.net\/br\/author\/alexpussieldi\/\"}]}<\/script>\n<!-- \/ Yoast SEO plugin. -->","yoast_head_json":{"title":"A lista dos nadadores de elite que trocaram de cidadania esportiva - Swimchannel","robots":{"index":"index","follow":"follow","max-snippet":"max-snippet:-1","max-image-preview":"max-image-preview:large","max-video-preview":"max-video-preview:-1"},"canonical":"https:\/\/swimchannel.net\/br\/a-lista-dos-nadadores-de-elite-que-trocaram-de-cidadania-esportiva\/","og_locale":"pt_BR","og_type":"article","og_title":"A lista dos nadadores de elite que trocaram de cidadania esportiva - Swimchannel","og_description":"O tema da mudan\u00e7a de nacionalidade de Ilya Kharun do Canad\u00e1 para os Estados Unidos nos faz revisar alguns dos maiores nadadores internacionais que j\u00e1 passaram por esta mudan\u00e7a de representatividade esportiva. N\u00e3o foram considerados aqueles que mesmo nascendo em diferentes pa\u00edses de sua representa\u00e7\u00e3o esportiva, mas n\u00e3o efetuaram qualquer mudan\u00e7a de cidadania. A lista [&hellip;]","og_url":"https:\/\/swimchannel.net\/br\/a-lista-dos-nadadores-de-elite-que-trocaram-de-cidadania-esportiva\/","og_site_name":"Swimchannel","article_publisher":"https:\/\/www.facebook.com\/swimchannel","article_published_time":"2026-01-30T19:20:42+00:00","article_modified_time":"2026-01-30T19:26:12+00:00","og_image":[{"width":2560,"height":1706,"url":"https:\/\/swimchannel.net\/br\/wp-content\/uploads\/2024\/07\/WhatsApp-Image-2024-07-30-at-06.28.19.jpeg","type":"image\/jpeg"}],"author":"Alex Pussieldi","twitter_card":"summary_large_image","twitter_misc":{"Escrito por":"Alex Pussieldi","Est. tempo de leitura":"2 minutos"},"schema":{"@context":"https:\/\/schema.org","@graph":[{"@type":"Article","@id":"https:\/\/swimchannel.net\/br\/a-lista-dos-nadadores-de-elite-que-trocaram-de-cidadania-esportiva\/#article","isPartOf":{"@id":"https:\/\/swimchannel.net\/br\/a-lista-dos-nadadores-de-elite-que-trocaram-de-cidadania-esportiva\/"},"author":{"name":"Alex Pussieldi","@id":"https:\/\/swimchannel.net\/br\/#\/schema\/person\/cf549cb99cf75592fcf7c76213385e63"},"headline":"A lista dos nadadores de elite que trocaram de cidadania esportiva","datePublished":"2026-01-30T19:20:42+00:00","dateModified":"2026-01-30T19:26:12+00:00","mainEntityOfPage":{"@id":"https:\/\/swimchannel.net\/br\/a-lista-dos-nadadores-de-elite-que-trocaram-de-cidadania-esportiva\/"},"wordCount":364,"commentCount":0,"publisher":{"@id":"https:\/\/swimchannel.net\/br\/#organization"},"image":{"@id":"https:\/\/swimchannel.net\/br\/a-lista-dos-nadadores-de-elite-que-trocaram-de-cidadania-esportiva\/#primaryimage"},"thumbnailUrl":"https:\/\/swimchannel.net\/br\/wp-content\/uploads\/2024\/07\/WhatsApp-Image-2024-07-30-at-06.28.19.jpeg","keywords":["nacionaldiade","natacao","Nick Albiero","Santo Condorelli"],"articleSection":["Nata\u00e7\u00e3o"],"inLanguage":"pt-BR","potentialAction":[{"@type":"CommentAction","name":"Comment","target":["https:\/\/swimchannel.net\/br\/a-lista-dos-nadadores-de-elite-que-trocaram-de-cidadania-esportiva\/#respond"]}]},{"@type":"WebPage","@id":"https:\/\/swimchannel.net\/br\/a-lista-dos-nadadores-de-elite-que-trocaram-de-cidadania-esportiva\/","url":"https:\/\/swimchannel.net\/br\/a-lista-dos-nadadores-de-elite-que-trocaram-de-cidadania-esportiva\/","name":"A lista dos nadadores de elite que trocaram de cidadania esportiva - Swimchannel","isPartOf":{"@id":"https:\/\/swimchannel.net\/br\/#website"},"primaryImageOfPage":{"@id":"https:\/\/swimchannel.net\/br\/a-lista-dos-nadadores-de-elite-que-trocaram-de-cidadania-esportiva\/#primaryimage"},"image":{"@id":"https:\/\/swimchannel.net\/br\/a-lista-dos-nadadores-de-elite-que-trocaram-de-cidadania-esportiva\/#primaryimage"},"thumbnailUrl":"https:\/\/swimchannel.net\/br\/wp-content\/uploads\/2024\/07\/WhatsApp-Image-2024-07-30-at-06.28.19.jpeg","datePublished":"2026-01-30T19:20:42+00:00","dateModified":"2026-01-30T19:26:12+00:00","breadcrumb":{"@id":"https:\/\/swimchannel.net\/br\/a-lista-dos-nadadores-de-elite-que-trocaram-de-cidadania-esportiva\/#breadcrumb"},"inLanguage":"pt-BR","potentialAction":[{"@type":"ReadAction","target":["https:\/\/swimchannel.net\/br\/a-lista-dos-nadadores-de-elite-que-trocaram-de-cidadania-esportiva\/"]}]},{"@type":"ImageObject","inLanguage":"pt-BR","@id":"https:\/\/swimchannel.net\/br\/a-lista-dos-nadadores-de-elite-que-trocaram-de-cidadania-esportiva\/#primaryimage","url":"https:\/\/swimchannel.net\/br\/wp-content\/uploads\/2024\/07\/WhatsApp-Image-2024-07-30-at-06.28.19.jpeg","contentUrl":"https:\/\/swimchannel.net\/br\/wp-content\/uploads\/2024\/07\/WhatsApp-Image-2024-07-30-at-06.28.19.jpeg","width":2560,"height":1706,"caption":"Nicolas Albiero - Foto: Satiro Sodr\u00e9"},{"@type":"BreadcrumbList","@id":"https:\/\/swimchannel.net\/br\/a-lista-dos-nadadores-de-elite-que-trocaram-de-cidadania-esportiva\/#breadcrumb","itemListElement":[{"@type":"ListItem","position":1,"name":"Home","item":"https:\/\/swimchannel.net\/br\/"},{"@type":"ListItem","position":2,"name":"A lista dos nadadores de elite que trocaram de cidadania esportiva"}]},{"@type":"WebSite","@id":"https:\/\/swimchannel.net\/br\/#website","url":"https:\/\/swimchannel.net\/br\/","name":"Swimchannel","description":"Maior portal de nata\u00e7\u00e3o da america latina","publisher":{"@id":"https:\/\/swimchannel.net\/br\/#organization"},"potentialAction":[{"@type":"SearchAction","target":{"@type":"EntryPoint","urlTemplate":"https:\/\/swimchannel.net\/br\/?s={search_term_string}"},"query-input":{"@type":"PropertyValueSpecification","valueRequired":true,"valueName":"search_term_string"}}],"inLanguage":"pt-BR"},{"@type":"Organization","@id":"https:\/\/swimchannel.net\/br\/#organization","name":"Swimchannel - Conectando voc\u00ea a Nata\u00e7\u00e3o","url":"https:\/\/swimchannel.net\/br\/","logo":{"@type":"ImageObject","inLanguage":"pt-BR","@id":"https:\/\/swimchannel.net\/br\/#\/schema\/logo\/image\/","url":"https:\/\/swimchannel.net\/br\/wp-content\/uploads\/2026\/02\/SWIM-CHANNEL.png","contentUrl":"https:\/\/swimchannel.net\/br\/wp-content\/uploads\/2026\/02\/SWIM-CHANNEL.png","width":1120,"height":630,"caption":"Swimchannel - Conectando voc\u00ea a Nata\u00e7\u00e3o"},"image":{"@id":"https:\/\/swimchannel.net\/br\/#\/schema\/logo\/image\/"},"sameAs":["https:\/\/www.facebook.com\/swimchannel","https:\/\/www.instagram.com\/swimchannel"]},{"@type":"Person","@id":"https:\/\/swimchannel.net\/br\/#\/schema\/person\/cf549cb99cf75592fcf7c76213385e63","name":"Alex Pussieldi","image":{"@type":"ImageObject","inLanguage":"pt-BR","@id":"https:\/\/swimchannel.net\/br\/#\/schema\/person\/image\/","url":"https:\/\/swimchannel.net\/br\/wp-content\/uploads\/2021\/02\/9b1c252d-a4bd-4eda-b399-24565cac4114-100x100.jpg","contentUrl":"https:\/\/swimchannel.net\/br\/wp-content\/uploads\/2021\/02\/9b1c252d-a4bd-4eda-b399-24565cac4114-100x100.jpg","caption":"Alex Pussieldi"},"description":"Alexandre Pussieldi, apelidado de \u201ccoach\u201d, Foi t\u00e9cnico da sele\u00e7\u00e3o verde e amarela nas Olimp\u00edadas de Pequim-2008 e Londres-2012. O treinador ainda comandou outros quatro pa\u00edses: Kuwait, Paraguai, Aruba e Antilhas Holandesas, al\u00e9m da sele\u00e7\u00e3o americana de \u00e1guas abertas. Pussieldi tem passagens como comentarista de nata\u00e7\u00e3o do Grupo Globo e Swim Channel.","url":"https:\/\/swimchannel.net\/br\/author\/alexpussieldi\/"}]}},"_links":{"self":[{"href":"https:\/\/swimchannel.net\/br\/wp-json\/wp\/v2\/posts\/78848","targetHints":{"allow":["GET"]}}],"collection":[{"href":"https:\/\/swimchannel.net\/br\/wp-json\/wp\/v2\/posts"}],"about":[{"href":"https:\/\/swimchannel.net\/br\/wp-json\/wp\/v2\/types\/post"}],"author":[{"embeddable":true,"href":"https:\/\/swimchannel.net\/br\/wp-json\/wp\/v2\/users\/12"}],"replies":[{"embeddable":true,"href":"https:\/\/swimchannel.net\/br\/wp-json\/wp\/v2\/comments?post=78848"}],"version-history":[{"count":2,"href":"https:\/\/swimchannel.net\/br\/wp-json\/wp\/v2\/posts\/78848\/revisions"}],"predecessor-version":[{"id":78851,"href":"https:\/\/swimchannel.net\/br\/wp-json\/wp\/v2\/posts\/78848\/revisions\/78851"}],"wp:featuredmedia":[{"embeddable":true,"href":"https:\/\/swimchannel.net\/br\/wp-json\/wp\/v2\/media\/67969"}],"wp:attachment":[{"href":"https:\/\/swimchannel.net\/br\/wp-json\/wp\/v2\/media?parent=78848"}],"wp:term":[{"taxonomy":"category","embeddable":true,"href":"https:\/\/swimchannel.net\/br\/wp-json\/wp\/v2\/categories?post=78848"},{"taxonomy":"post_tag","embeddable":true,"href":"https:\/\/swimchannel.net\/br\/wp-json\/wp\/v2\/tags?post=78848"}],"curies":[{"name":"wp","href":"https:\/\/api.w.org\/{rel}","templated":true}]}}