{"id":79127,"date":"2026-02-09T18:47:44","date_gmt":"2026-02-09T21:47:44","guid":{"rendered":"https:\/\/swimchannel.net\/br\/?p=79127"},"modified":"2026-02-10T12:09:19","modified_gmt":"2026-02-10T15:09:19","slug":"vitoria-farabulini-e-gabriel-galluzzi-vencem-challenge-na-abertura-do-circuito-mares-2026","status":"publish","type":"post","link":"https:\/\/swimchannel.net\/br\/vitoria-farabulini-e-gabriel-galluzzi-vencem-challenge-na-abertura-do-circuito-mares-2026\/","title":{"rendered":"Vit\u00f3ria Farabulini e Gabriel Galluzzi vencem Challenge na abertura do Circuito Mares 2026"},"content":{"rendered":"<p>A Praia da Cocanha, em Caraguatatuba (SP), foi tomada por atletas, fam\u00edlias e equipes de todo o pa\u00eds neste fim de semana (7 e 8) para a primeira etapa do Circuito Mares 2026. Com mais de 3 mil participantes, a etapa &#8220;Atl\u00e2ntico&#8221; abriu a temporada com programa\u00e7\u00e3o intensa em diversas modalidades e teve como grandes destaques as vit\u00f3rias de Vit\u00f3ria Farabulini, no feminino, e Gabriel Galluzzi, no masculino, na prova principal do Challenge.<\/p>\n<p>O s\u00e1bado foi dedicado \u00e0s provas de SUP Fun, SUP Race, Paddleboard, Nata\u00e7\u00e3o Kids (50 m e 100 m), largadas por categorias, corridas infantis e \u00e0 tradicional cerim\u00f4nia de premia\u00e7\u00e3o do ranking 2025, reunindo os atletas mais bem colocados da temporada passada.<\/p>\n<p>No domingo (08), o tempo colaborou e a programa\u00e7\u00e3o contou com Corrida 5 km, Aquathlon masculino e feminino (individual e revezamento), Challenge, Marathon e Short, movimentando todas as faixas et\u00e1rias: do infantil ao master e PCD. As provas de \u00e1guas abertas tiveram as dist\u00e2ncias ajustadas e reduzidas como medida preventiva, priorizando a seguran\u00e7a dos atletas diante das condi\u00e7\u00f5es clim\u00e1ticas inst\u00e1veis e da previs\u00e3o de chuva na regi\u00e3o.<\/p>\n<blockquote class=\"instagram-media\" style=\"background: #FFF; border: 0; border-radius: 3px; box-shadow: 0 0 1px 0 rgba(0,0,0,0.5),0 1px 10px 0 rgba(0,0,0,0.15); margin: 1px; max-width: 540px; min-width: 326px; padding: 0; width: calc(100% - 2px);\" data-instgrm-captioned=\"\" data-instgrm-permalink=\"https:\/\/www.instagram.com\/reel\/DUghIV_EXiK\/?utm_source=ig_embed&amp;utm_campaign=loading\" data-instgrm-version=\"14\">\n<div style=\"padding: 16px;\">\n<p>&nbsp;<\/p>\n<div style=\"display: flex; flex-direction: row; align-items: center;\">\n<div style=\"background-color: #f4f4f4; border-radius: 50%; flex-grow: 0; height: 40px; margin-right: 14px; width: 40px;\"><\/div>\n<div style=\"display: flex; flex-direction: column; flex-grow: 1; justify-content: center;\">\n<div style=\"background-color: #f4f4f4; border-radius: 4px; flex-grow: 0; height: 14px; margin-bottom: 6px; width: 100px;\"><\/div>\n<div style=\"background-color: #f4f4f4; border-radius: 4px; flex-grow: 0; height: 14px; width: 60px;\"><\/div>\n<\/div>\n<\/div>\n<div style=\"padding: 19% 0;\"><\/div>\n<div style=\"display: block; height: 50px; margin: 0 auto 12px; width: 50px;\"><\/div>\n<div style=\"padding-top: 8px;\">\n<div style=\"color: #3897f0; font-family: Arial,sans-serif; font-size: 14px; font-style: normal; font-weight: 550; line-height: 18px;\">Ver essa foto no Instagram<\/div>\n<\/div>\n<div style=\"padding: 12.5% 0;\"><\/div>\n<div style=\"display: flex; flex-direction: row; margin-bottom: 14px; align-items: center;\">\n<div>\n<div style=\"background-color: #f4f4f4; border-radius: 50%; height: 12.5px; width: 12.5px; transform: translateX(0px) translateY(7px);\"><\/div>\n<div style=\"background-color: #f4f4f4; height: 12.5px; transform: rotate(-45deg) translateX(3px) translateY(1px); width: 12.5px; flex-grow: 0; margin-right: 14px; margin-left: 2px;\"><\/div>\n<div style=\"background-color: #f4f4f4; border-radius: 50%; height: 12.5px; width: 12.5px; transform: translateX(9px) translateY(-18px);\"><\/div>\n<\/div>\n<div style=\"margin-left: 8px;\">\n<div style=\"background-color: #f4f4f4; border-radius: 50%; flex-grow: 0; height: 20px; width: 20px;\"><\/div>\n<div style=\"width: 0; height: 0; border-top: 2px solid transparent; border-left: 6px solid #f4f4f4; border-bottom: 2px solid transparent; transform: translateX(16px) translateY(-4px) rotate(30deg);\"><\/div>\n<\/div>\n<div style=\"margin-left: auto;\">\n<div style=\"width: 0px; border-top: 8px solid #F4F4F4; border-right: 8px solid transparent; transform: translateY(16px);\"><\/div>\n<div style=\"background-color: #f4f4f4; flex-grow: 0; height: 12px; width: 16px; transform: translateY(-4px);\"><\/div>\n<div style=\"width: 0; height: 0; border-top: 8px solid #F4F4F4; border-left: 8px solid transparent; transform: translateY(-4px) translateX(8px);\"><\/div>\n<\/div>\n<\/div>\n<div style=\"display: flex; flex-direction: column; flex-grow: 1; justify-content: center; margin-bottom: 24px;\">\n<div style=\"background-color: #f4f4f4; border-radius: 4px; flex-grow: 0; height: 14px; margin-bottom: 6px; width: 224px;\"><\/div>\n<div style=\"background-color: #f4f4f4; border-radius: 4px; flex-grow: 0; height: 14px; width: 144px;\"><\/div>\n<\/div>\n<p>&nbsp;<\/p>\n<p style=\"color: #c9c8cd; font-family: Arial,sans-serif; font-size: 14px; line-height: 17px; margin-bottom: 0; margin-top: 8px; overflow: hidden; padding: 8px 0 7px; text-align: center; text-overflow: ellipsis; white-space: nowrap;\"><a style=\"color: #c9c8cd; font-family: Arial,sans-serif; font-size: 14px; font-style: normal; font-weight: normal; line-height: 17px; text-decoration: none;\" href=\"https:\/\/www.instagram.com\/reel\/DUghIV_EXiK\/?utm_source=ig_embed&amp;utm_campaign=loading\" target=\"_blank\" rel=\"noopener\">Um post compartilhado por Circuito Mares (@circuitomaresbr)<\/a><\/p>\n<\/div>\n<\/blockquote>\n<p><script async src=\"\/\/www.instagram.com\/embed.js\"><\/script><\/p>\n<p data-start=\"651\" data-end=\"1242\">No Challenge feminino, que passou a ter 4.800m,\u00a0 Vit\u00f3ria Farabulini (ATLEF Nina) nadou lado a lado da segunda colocada, Luana Gondek Gon\u00e7alves (Nata\u00e7\u00e3o Osasco\/FAE-W e Academia) quase a dist\u00e2ncia inteira e conseguiu se afastar nos metros finais para vencer a prova com 1h0min06s8. A segunda coloca\u00e7\u00e3o ficou com Luana Gondek Gon\u00e7alves, que registrou 1h00min15s277. Amanda de Oliveira Estevam Scanferla (W E Academia) completou o p\u00f3dio com 1h13min18s026. O Top 5 foi fechado por Iara Araujo Takamiya (Treino Online Glauco Rangel), com 1h15min51s766, e Maira Ozi Almeida (RGJ Swimming).<\/p>\n<p data-start=\"1244\" data-end=\"1876\">Entre os homens, o ritmo foi ainda mais intenso, com dois atletas rompendo a barreira de uma hora. Gabriel Santos Galluzzi (MLATUFF C\u00edrculo Militar de SP) foi o mais r\u00e1pido do dia, vencendo com 59min28s.\u00a0Logo atr\u00e1s, Gabriel Annunciato (Aspen Sports GA \u2013 Assessoria) cruzou a linha apenas 14 segundos depois, em 59min42s. Patrick Winkler (Swim Channel) ficou em terceiro, com 1h01min52s, seguido por Joir Vicente Alvarenga dos Santos (Deixa a \u00c1gua Me Levar), quarto colocado com 1h02min42s, e Giovanni Boninsenha (Baduca Swim Team), completando o grupo dos cinco melhores.<\/p>\n<figure id=\"attachment_79128\" aria-describedby=\"caption-attachment-79128\" style=\"width: 544px\" class=\"wp-caption alignnone\"><img loading=\"lazy\" decoding=\"async\" class=\"size-full wp-image-79128\" src=\"https:\/\/swimchannel.net\/br\/wp-content\/uploads\/2026\/02\/629076948_18324480202220733_6602199977309069606_n.jpg\" alt=\"\" width=\"544\" height=\"630\" srcset=\"https:\/\/swimchannel.net\/br\/wp-content\/uploads\/2026\/02\/629076948_18324480202220733_6602199977309069606_n.jpg 544w, https:\/\/swimchannel.net\/br\/wp-content\/uploads\/2026\/02\/629076948_18324480202220733_6602199977309069606_n-155x180.jpg 155w\" sizes=\"auto, (max-width: 544px) 100vw, 544px\" \/><figcaption id=\"caption-attachment-79128\" class=\"wp-caption-text\">Foto: @vitoria_farabulini<\/figcaption><\/figure>\n<p>Na Marathon, os primeiros a chegarem foram Enzo Sestaro Colauto (MLATUF Nata\u00e7\u00e3o Praia Grande),\u00a0 no masculino, cruzando a linha de chegada em 32min13s e garantindo o primeiro lugar e Rebeca Marim (Equipe CM), que completou a prova em 35min58s623, com o primeiro lugar geral feminino.<\/p>\n<p>Nas provas short, no masculino, o melhor tempo geral ficou com Gustavo Girotto (Assessoria Aqua Experience), com 13min40s129.\u00a0Entre as mulheres, a vit\u00f3ria ficou com a jovem Luiza de Paiva Costa (Ferrovi\u00e1ria SEMELP),\u00a0 campe\u00e3 com 14min59s.<\/p>\n<p>Veja os resulatdos completos aqui: <a href=\"https:\/\/polesportivo.com.br\/resultado.php?ev=1360\">https:\/\/polesportivo.com.br\/resultado.php?ev=1360<\/a><\/p>\n<blockquote class=\"instagram-media\" style=\"background: #FFF; border: 0; border-radius: 3px; box-shadow: 0 0 1px 0 rgba(0,0,0,0.5),0 1px 10px 0 rgba(0,0,0,0.15); margin: 1px; max-width: 540px; min-width: 326px; padding: 0; width: calc(100% - 2px);\" data-instgrm-captioned=\"\" data-instgrm-permalink=\"https:\/\/www.instagram.com\/reel\/DUeYe6KEXTJ\/?utm_source=ig_embed&amp;utm_campaign=loading\" data-instgrm-version=\"14\">\n<div style=\"padding: 16px;\">\n<p>&nbsp;<\/p>\n<div style=\"display: flex; flex-direction: row; align-items: center;\">\n<div style=\"background-color: #f4f4f4; border-radius: 50%; flex-grow: 0; height: 40px; margin-right: 14px; width: 40px;\"><\/div>\n<div style=\"display: flex; flex-direction: column; flex-grow: 1; justify-content: center;\">\n<div style=\"background-color: #f4f4f4; border-radius: 4px; flex-grow: 0; height: 14px; margin-bottom: 6px; width: 100px;\"><\/div>\n<div style=\"background-color: #f4f4f4; border-radius: 4px; flex-grow: 0; height: 14px; width: 60px;\"><\/div>\n<\/div>\n<\/div>\n<div style=\"padding: 19% 0;\"><\/div>\n<div style=\"display: block; height: 50px; margin: 0 auto 12px; width: 50px;\"><\/div>\n<div style=\"padding-top: 8px;\">\n<div style=\"color: #3897f0; font-family: Arial,sans-serif; font-size: 14px; font-style: normal; font-weight: 550; line-height: 18px;\">Ver essa foto no Instagram<\/div>\n<\/div>\n<div style=\"padding: 12.5% 0;\"><\/div>\n<div style=\"display: flex; flex-direction: row; margin-bottom: 14px; align-items: center;\">\n<div>\n<div style=\"background-color: #f4f4f4; border-radius: 50%; height: 12.5px; width: 12.5px; transform: translateX(0px) translateY(7px);\"><\/div>\n<div style=\"background-color: #f4f4f4; height: 12.5px; transform: rotate(-45deg) translateX(3px) translateY(1px); width: 12.5px; flex-grow: 0; margin-right: 14px; margin-left: 2px;\"><\/div>\n<div style=\"background-color: #f4f4f4; border-radius: 50%; height: 12.5px; width: 12.5px; transform: translateX(9px) translateY(-18px);\"><\/div>\n<\/div>\n<div style=\"margin-left: 8px;\">\n<div style=\"background-color: #f4f4f4; border-radius: 50%; flex-grow: 0; height: 20px; width: 20px;\"><\/div>\n<div style=\"width: 0; height: 0; border-top: 2px solid transparent; border-left: 6px solid #f4f4f4; border-bottom: 2px solid transparent; transform: translateX(16px) translateY(-4px) rotate(30deg);\"><\/div>\n<\/div>\n<div style=\"margin-left: auto;\">\n<div style=\"width: 0px; border-top: 8px solid #F4F4F4; border-right: 8px solid transparent; transform: translateY(16px);\"><\/div>\n<div style=\"background-color: #f4f4f4; flex-grow: 0; height: 12px; width: 16px; transform: translateY(-4px);\"><\/div>\n<div style=\"width: 0; height: 0; border-top: 8px solid #F4F4F4; border-left: 8px solid transparent; transform: translateY(-4px) translateX(8px);\"><\/div>\n<\/div>\n<\/div>\n<div style=\"display: flex; flex-direction: column; flex-grow: 1; justify-content: center; margin-bottom: 24px;\">\n<div style=\"background-color: #f4f4f4; border-radius: 4px; flex-grow: 0; height: 14px; margin-bottom: 6px; width: 224px;\"><\/div>\n<div style=\"background-color: #f4f4f4; border-radius: 4px; flex-grow: 0; height: 14px; width: 144px;\"><\/div>\n<\/div>\n<p>&nbsp;<\/p>\n<p style=\"color: #c9c8cd; font-family: Arial,sans-serif; font-size: 14px; line-height: 17px; margin-bottom: 0; margin-top: 8px; overflow: hidden; padding: 8px 0 7px; text-align: center; text-overflow: ellipsis; white-space: nowrap;\"><a style=\"color: #c9c8cd; font-family: Arial,sans-serif; font-size: 14px; font-style: normal; font-weight: normal; line-height: 17px; text-decoration: none;\" href=\"https:\/\/www.instagram.com\/reel\/DUeYe6KEXTJ\/?utm_source=ig_embed&amp;utm_campaign=loading\" target=\"_blank\" rel=\"noopener\">Um post compartilhado por Circuito Mares (@circuitomaresbr)<\/a><\/p>\n<\/div>\n<\/blockquote>\n<p><script async src=\"\/\/www.instagram.com\/embed.js\"><\/script><\/p>\n<p>Com patroc\u00ednio master do Nubank, o Circuito Mares amplia o calend\u00e1rio em 2026 e confirma as inscri\u00e7\u00f5es exclusivamente pela Ticket Sports. Ao todo, ser\u00e3o cinco etapas no estado de S\u00e3o Paulo, al\u00e9m de duas datas extras ainda a serem anunciadas, com possibilidade de expans\u00e3o para a regi\u00e3o Sul. A etapa tamb\u00e9m contou com o patroc\u00ednio da Blueseventy, o apoio da Prefeitura de Caraguatatuba e a parceria de Fotop e Bananinha Paraibuna.<\/p>\n<figure id=\"attachment_79163\" aria-describedby=\"caption-attachment-79163\" style=\"width: 1120px\" class=\"wp-caption alignnone\"><img loading=\"lazy\" decoding=\"async\" class=\"size-full wp-image-79163\" src=\"https:\/\/swimchannel.net\/br\/wp-content\/uploads\/2026\/02\/WhatsApp-Image-2026-02-09-at-18.19.41.jpeg\" alt=\"\" width=\"1120\" height=\"630\" srcset=\"https:\/\/swimchannel.net\/br\/wp-content\/uploads\/2026\/02\/WhatsApp-Image-2026-02-09-at-18.19.41.jpeg 1120w, https:\/\/swimchannel.net\/br\/wp-content\/uploads\/2026\/02\/WhatsApp-Image-2026-02-09-at-18.19.41-320x180.jpeg 320w, https:\/\/swimchannel.net\/br\/wp-content\/uploads\/2026\/02\/WhatsApp-Image-2026-02-09-at-18.19.41-768x432.jpeg 768w, https:\/\/swimchannel.net\/br\/wp-content\/uploads\/2026\/02\/WhatsApp-Image-2026-02-09-at-18.19.41-750x422.jpeg 750w\" sizes=\"auto, (max-width: 1120px) 100vw, 1120px\" \/><figcaption id=\"caption-attachment-79163\" class=\"wp-caption-text\">Circuito Mares. Foto: Divulga\u00e7\u00e3o<\/figcaption><\/figure>\n<p>A segunda etapa j\u00e1 est\u00e1 com inscri\u00e7\u00f5es abertas e ser\u00e1 realizada entre os dias 11 e 12 de abril em Toque-Toque Pequeno (S\u00e3o Sebasti\u00e3o). Saiba mais aqui: <a href=\"https:\/\/www.circuitomares.com.br\/sao-sebastiao-2026\">https:\/\/www.circuitomares.com.br\/sao-sebastiao-2026<\/a>.\u00a0As provas de domingo tiveram transmiss\u00e3o ao vivo pela Swim Channel, com narra\u00e7\u00e3o do Coach Alex Pussieldi, coment\u00e1rios de Katarine Monteiro e reportagens de Catarina Ganzeli, ampliando o alcance do evento para todo o pa\u00eds.<\/p>\n<p>Baixe nosso aplicativo e n\u00e3o perca nenhuma transmiss\u00e3o ao vivo da\u00a0<strong>Swim Channel TV.\u00a0<\/strong>Para Android clique em: <a href=\"https:\/\/play.google.com\/store\/apps\/details?id=tv.swimchannel.net\">https:\/\/play.google.com\/store\/apps\/details?id=tv.swimchannel.net<\/a>. E para sistema IOS (IPhone) clique em: <a href=\"https:\/\/apps.apple.com\/br\/app\/swimchannel\/id6749420004\">https:\/\/apps.apple.com\/br\/app\/swimchannel\/id6749420004<\/a>.<\/p>\n<p>Toda essa cobertura tecnol\u00f3gica s\u00f3 \u00e9 poss\u00edvel gra\u00e7as \u00e0 parceria com a Giga+ Fibra, fornecedora oficial de internet nas Transmiss\u00f5es Swim Channel TV. Eleita melhor internet Gamer 2024 pelo pr\u00eamio melhor plano.net. Se \u00e9 melhor para os Gamers, imagine para voc\u00ea? Acesse o site:\u00a0<a href=\"http:\/\/www.gigamaisfibra.com.br\/\">gigamaisfibra.com.br<\/a>.<\/p>\n<figure id=\"attachment_79165\" aria-describedby=\"caption-attachment-79165\" style=\"width: 1120px\" class=\"wp-caption alignnone\"><img loading=\"lazy\" decoding=\"async\" class=\"size-full wp-image-79165\" src=\"https:\/\/swimchannel.net\/br\/wp-content\/uploads\/2026\/02\/WhatsApp-Image-2026-02-09-at-18.19.42-1-1.jpeg\" alt=\"\" width=\"1120\" height=\"630\" srcset=\"https:\/\/swimchannel.net\/br\/wp-content\/uploads\/2026\/02\/WhatsApp-Image-2026-02-09-at-18.19.42-1-1.jpeg 1120w, https:\/\/swimchannel.net\/br\/wp-content\/uploads\/2026\/02\/WhatsApp-Image-2026-02-09-at-18.19.42-1-1-320x180.jpeg 320w, https:\/\/swimchannel.net\/br\/wp-content\/uploads\/2026\/02\/WhatsApp-Image-2026-02-09-at-18.19.42-1-1-768x432.jpeg 768w, https:\/\/swimchannel.net\/br\/wp-content\/uploads\/2026\/02\/WhatsApp-Image-2026-02-09-at-18.19.42-1-1-750x422.jpeg 750w\" sizes=\"auto, (max-width: 1120px) 100vw, 1120px\" \/><figcaption id=\"caption-attachment-79165\" class=\"wp-caption-text\">Circuito Mares. Foto: Divulga\u00e7\u00e3o<\/figcaption><\/figure>\n<p><strong>Quer receber mensagem sempre que entrarmos ao vivo e sempre que publicarmos noticias e resultados?<\/strong><\/p>\n<p>Entre em nossos canais de comunica\u00e7\u00e3o (e compartilhe esses links com os amigos!)<\/p>\n<p>Clique para entrar no grupo do whats:\u00a0<a href=\"https:\/\/chat.whatsapp.com\/KpkmJUTsp6yKWanY0HQZNQ\">https:\/\/chat.whatsapp.com\/KpkmJUTsp6yKWanY0HQZNQ<\/a><\/p>\n<p>Clique para entrar no canal no Instagram :\u00a0<a href=\"https:\/\/www.instagram.com\/channel\/AbaiBVa1hmLtB71q\/?igsh=MWU5M3ZlcjM5eDR4dA==\">https:\/\/www.instagram.com\/channel\/AbaiBVa1hmLtB71q\/?igsh=MWU5M3ZlcjM5eDR4dA==<\/a><\/p>\n<p>Voc\u00ea tamb\u00e9m pode assistir via Youtube a partir de 7:30 no\u00a0<a href=\"https:\/\/www.youtube.com\/@SwimChanneltv\">Swim Channel TV Youtube<\/a><\/p>\n<p>&nbsp;<\/p>\n<p>\u2049\ufe0f\u00a0<strong>D\u00favidas\u00a0<\/strong><\/p>\n<p>Entre em contato com nosso atendimento via whatsapp 11 93947-7540 ou\u00a0<a href=\"https:\/\/wa.me\/message\/IZ4G3QE5ISFVN1\">clique aqui!<\/a><\/p>\n<p>Toda equipe de transmiss\u00e3o da Swim Channel estar\u00e1 hospedada no Hotel Bossa Nova Ipanema, bem pr\u00f3xima da arena do evento!\u00a0<a href=\"https:\/\/sambahoteis.com\/destinos\/bossa-nova-ipanema-hotel\/\">Clique aqui<\/a>\u00a0e fa\u00e7a j\u00e1 sua reserva!<\/p>\n<p>&nbsp;<\/p>\n<p>Gostaria de receber as not\u00edcias de nata\u00e7\u00e3o e \u00e1guas abertas no seu email?<\/p>\n<p><a href=\"https:\/\/lpa.nitro.news\/n-GNe\/ultimas-noticias-swim-channel\">Cadastre-se aqui<\/a><\/p>\n","protected":false},"excerpt":{"rendered":"<p>A Praia da Cocanha, em Caraguatatuba (SP), foi tomada por atletas, fam\u00edlias e equipes de todo o pa\u00eds neste fim de semana (7 e 8) para a primeira etapa do Circuito Mares 2026. Com mais de 3 mil participantes, a etapa &#8220;Atl\u00e2ntico&#8221; abriu a temporada com programa\u00e7\u00e3o intensa em diversas modalidades e teve como grandes [&hellip;]<\/p>\n","protected":false},"author":9,"featured_media":79162,"comment_status":"open","ping_status":"open","sticky":false,"template":"","format":"standard","meta":{"footnotes":""},"categories":[115],"tags":[14,340,5352,5,1762],"class_list":["post-79127","post","type-post","status-publish","format-standard","has-post-thumbnail","hentry","category-aguas-abertas","tag-aguas-abertas","tag-circuito-mares","tag-gabriel-galluzzi","tag-natacao","tag-vitoria-farabulini"],"yoast_head":"<!-- This site is optimized with the Yoast SEO plugin v27.0 - https:\/\/yoast.com\/product\/yoast-seo-wordpress\/ -->\n<title>Vit\u00f3ria Farabulini e Gabriel Galluzzi vencem Challenge na abertura do Circuito Mares 2026 - Swimchannel<\/title>\n<meta name=\"robots\" content=\"index, follow, max-snippet:-1, max-image-preview:large, max-video-preview:-1\" \/>\n<link rel=\"canonical\" href=\"https:\/\/swimchannel.net\/br\/vitoria-farabulini-e-gabriel-galluzzi-vencem-challenge-na-abertura-do-circuito-mares-2026\/\" \/>\n<meta property=\"og:locale\" content=\"pt_BR\" \/>\n<meta property=\"og:type\" content=\"article\" \/>\n<meta property=\"og:title\" content=\"Vit\u00f3ria Farabulini e Gabriel Galluzzi vencem Challenge na abertura do Circuito Mares 2026 - Swimchannel\" \/>\n<meta property=\"og:description\" content=\"A Praia da Cocanha, em Caraguatatuba (SP), foi tomada por atletas, fam\u00edlias e equipes de todo o pa\u00eds neste fim de semana (7 e 8) para a primeira etapa do Circuito Mares 2026. Com mais de 3 mil participantes, a etapa &#8220;Atl\u00e2ntico&#8221; abriu a temporada com programa\u00e7\u00e3o intensa em diversas modalidades e teve como grandes [&hellip;]\" \/>\n<meta property=\"og:url\" content=\"https:\/\/swimchannel.net\/br\/vitoria-farabulini-e-gabriel-galluzzi-vencem-challenge-na-abertura-do-circuito-mares-2026\/\" \/>\n<meta property=\"og:site_name\" content=\"Swimchannel\" \/>\n<meta property=\"article:publisher\" content=\"https:\/\/www.facebook.com\/swimchannel\" \/>\n<meta property=\"article:published_time\" content=\"2026-02-09T21:47:44+00:00\" \/>\n<meta property=\"article:modified_time\" content=\"2026-02-10T15:09:19+00:00\" \/>\n<meta property=\"og:image\" content=\"https:\/\/swimchannel.net\/br\/wp-content\/uploads\/2026\/02\/WhatsApp-Image-2026-02-09-at-18.19.42-1.jpeg\" \/>\n\t<meta property=\"og:image:width\" content=\"1120\" \/>\n\t<meta property=\"og:image:height\" content=\"630\" \/>\n\t<meta property=\"og:image:type\" content=\"image\/jpeg\" \/>\n<meta name=\"author\" content=\"Katarine Monteiro\" \/>\n<meta name=\"twitter:card\" content=\"summary_large_image\" \/>\n<meta name=\"twitter:creator\" content=\"@https:\/\/twitter.com\/Katarinem\" \/>\n<meta name=\"twitter:label1\" content=\"Escrito por\" \/>\n\t<meta name=\"twitter:data1\" content=\"Katarine Monteiro\" \/>\n\t<meta name=\"twitter:label2\" content=\"Est. tempo de leitura\" \/>\n\t<meta name=\"twitter:data2\" content=\"5 minutos\" \/>\n<script type=\"application\/ld+json\" class=\"yoast-schema-graph\">{\"@context\":\"https:\/\/schema.org\",\"@graph\":[{\"@type\":\"Article\",\"@id\":\"https:\/\/swimchannel.net\/br\/vitoria-farabulini-e-gabriel-galluzzi-vencem-challenge-na-abertura-do-circuito-mares-2026\/#article\",\"isPartOf\":{\"@id\":\"https:\/\/swimchannel.net\/br\/vitoria-farabulini-e-gabriel-galluzzi-vencem-challenge-na-abertura-do-circuito-mares-2026\/\"},\"author\":{\"name\":\"Katarine Monteiro\",\"@id\":\"https:\/\/swimchannel.net\/br\/#\/schema\/person\/73ae9cec62249968bca1f0a8098ef002\"},\"headline\":\"Vit\u00f3ria Farabulini e Gabriel Galluzzi vencem Challenge na abertura do Circuito Mares 2026\",\"datePublished\":\"2026-02-09T21:47:44+00:00\",\"dateModified\":\"2026-02-10T15:09:19+00:00\",\"mainEntityOfPage\":{\"@id\":\"https:\/\/swimchannel.net\/br\/vitoria-farabulini-e-gabriel-galluzzi-vencem-challenge-na-abertura-do-circuito-mares-2026\/\"},\"wordCount\":956,\"commentCount\":1,\"publisher\":{\"@id\":\"https:\/\/swimchannel.net\/br\/#organization\"},\"image\":{\"@id\":\"https:\/\/swimchannel.net\/br\/vitoria-farabulini-e-gabriel-galluzzi-vencem-challenge-na-abertura-do-circuito-mares-2026\/#primaryimage\"},\"thumbnailUrl\":\"https:\/\/swimchannel.net\/br\/wp-content\/uploads\/2026\/02\/WhatsApp-Image-2026-02-09-at-18.19.42-1.jpeg\",\"keywords\":[\"\u00c1guas abertas\",\"Circuito Mares\",\"Gabriel Galluzzi\",\"natacao\",\"Vit\u00f3ria Farabulini\"],\"articleSection\":[\"\u00c1guas Abertas\"],\"inLanguage\":\"pt-BR\",\"potentialAction\":[{\"@type\":\"CommentAction\",\"name\":\"Comment\",\"target\":[\"https:\/\/swimchannel.net\/br\/vitoria-farabulini-e-gabriel-galluzzi-vencem-challenge-na-abertura-do-circuito-mares-2026\/#respond\"]}]},{\"@type\":\"WebPage\",\"@id\":\"https:\/\/swimchannel.net\/br\/vitoria-farabulini-e-gabriel-galluzzi-vencem-challenge-na-abertura-do-circuito-mares-2026\/\",\"url\":\"https:\/\/swimchannel.net\/br\/vitoria-farabulini-e-gabriel-galluzzi-vencem-challenge-na-abertura-do-circuito-mares-2026\/\",\"name\":\"Vit\u00f3ria Farabulini e Gabriel Galluzzi vencem Challenge na abertura do Circuito Mares 2026 - Swimchannel\",\"isPartOf\":{\"@id\":\"https:\/\/swimchannel.net\/br\/#website\"},\"primaryImageOfPage\":{\"@id\":\"https:\/\/swimchannel.net\/br\/vitoria-farabulini-e-gabriel-galluzzi-vencem-challenge-na-abertura-do-circuito-mares-2026\/#primaryimage\"},\"image\":{\"@id\":\"https:\/\/swimchannel.net\/br\/vitoria-farabulini-e-gabriel-galluzzi-vencem-challenge-na-abertura-do-circuito-mares-2026\/#primaryimage\"},\"thumbnailUrl\":\"https:\/\/swimchannel.net\/br\/wp-content\/uploads\/2026\/02\/WhatsApp-Image-2026-02-09-at-18.19.42-1.jpeg\",\"datePublished\":\"2026-02-09T21:47:44+00:00\",\"dateModified\":\"2026-02-10T15:09:19+00:00\",\"breadcrumb\":{\"@id\":\"https:\/\/swimchannel.net\/br\/vitoria-farabulini-e-gabriel-galluzzi-vencem-challenge-na-abertura-do-circuito-mares-2026\/#breadcrumb\"},\"inLanguage\":\"pt-BR\",\"potentialAction\":[{\"@type\":\"ReadAction\",\"target\":[\"https:\/\/swimchannel.net\/br\/vitoria-farabulini-e-gabriel-galluzzi-vencem-challenge-na-abertura-do-circuito-mares-2026\/\"]}]},{\"@type\":\"ImageObject\",\"inLanguage\":\"pt-BR\",\"@id\":\"https:\/\/swimchannel.net\/br\/vitoria-farabulini-e-gabriel-galluzzi-vencem-challenge-na-abertura-do-circuito-mares-2026\/#primaryimage\",\"url\":\"https:\/\/swimchannel.net\/br\/wp-content\/uploads\/2026\/02\/WhatsApp-Image-2026-02-09-at-18.19.42-1.jpeg\",\"contentUrl\":\"https:\/\/swimchannel.net\/br\/wp-content\/uploads\/2026\/02\/WhatsApp-Image-2026-02-09-at-18.19.42-1.jpeg\",\"width\":1120,\"height\":630,\"caption\":\"Circuito Mares. Foto: Divulga\u00e7\u00e3o\"},{\"@type\":\"BreadcrumbList\",\"@id\":\"https:\/\/swimchannel.net\/br\/vitoria-farabulini-e-gabriel-galluzzi-vencem-challenge-na-abertura-do-circuito-mares-2026\/#breadcrumb\",\"itemListElement\":[{\"@type\":\"ListItem\",\"position\":1,\"name\":\"Home\",\"item\":\"https:\/\/swimchannel.net\/br\/\"},{\"@type\":\"ListItem\",\"position\":2,\"name\":\"Vit\u00f3ria Farabulini e Gabriel Galluzzi vencem Challenge na abertura do Circuito Mares 2026\"}]},{\"@type\":\"WebSite\",\"@id\":\"https:\/\/swimchannel.net\/br\/#website\",\"url\":\"https:\/\/swimchannel.net\/br\/\",\"name\":\"Swimchannel\",\"description\":\"Maior portal de nata\u00e7\u00e3o da america latina\",\"publisher\":{\"@id\":\"https:\/\/swimchannel.net\/br\/#organization\"},\"potentialAction\":[{\"@type\":\"SearchAction\",\"target\":{\"@type\":\"EntryPoint\",\"urlTemplate\":\"https:\/\/swimchannel.net\/br\/?s={search_term_string}\"},\"query-input\":{\"@type\":\"PropertyValueSpecification\",\"valueRequired\":true,\"valueName\":\"search_term_string\"}}],\"inLanguage\":\"pt-BR\"},{\"@type\":\"Organization\",\"@id\":\"https:\/\/swimchannel.net\/br\/#organization\",\"name\":\"Swimchannel - Conectando voc\u00ea a Nata\u00e7\u00e3o\",\"url\":\"https:\/\/swimchannel.net\/br\/\",\"logo\":{\"@type\":\"ImageObject\",\"inLanguage\":\"pt-BR\",\"@id\":\"https:\/\/swimchannel.net\/br\/#\/schema\/logo\/image\/\",\"url\":\"https:\/\/swimchannel.net\/br\/wp-content\/uploads\/2026\/02\/SWIM-CHANNEL.png\",\"contentUrl\":\"https:\/\/swimchannel.net\/br\/wp-content\/uploads\/2026\/02\/SWIM-CHANNEL.png\",\"width\":1120,\"height\":630,\"caption\":\"Swimchannel - Conectando voc\u00ea a Nata\u00e7\u00e3o\"},\"image\":{\"@id\":\"https:\/\/swimchannel.net\/br\/#\/schema\/logo\/image\/\"},\"sameAs\":[\"https:\/\/www.facebook.com\/swimchannel\",\"https:\/\/www.instagram.com\/swimchannel\"]},{\"@type\":\"Person\",\"@id\":\"https:\/\/swimchannel.net\/br\/#\/schema\/person\/73ae9cec62249968bca1f0a8098ef002\",\"name\":\"Katarine Monteiro\",\"image\":{\"@type\":\"ImageObject\",\"inLanguage\":\"pt-BR\",\"@id\":\"https:\/\/swimchannel.net\/br\/#\/schema\/person\/image\/\",\"url\":\"https:\/\/swimchannel.net\/br\/wp-content\/uploads\/2022\/01\/Katarine-Monteiro-100x100.jpg\",\"contentUrl\":\"https:\/\/swimchannel.net\/br\/wp-content\/uploads\/2022\/01\/Katarine-Monteiro-100x100.jpg\",\"caption\":\"Katarine Monteiro\"},\"description\":\"Jornalista SWIM CHANNEL especializada em esportes ol\u00edmpicos e em sa\u00fade. Com cobertura de grandes eventos internacionais, como Jogos Ol\u00edmpicos Rio 2016, Jogos Pan-Americanos em Lima 2019, Qatar Total Open 2020, Qatar ExxonMobil Open 2019 - t\u00eanis em Doha (QT), Semana Internacional de Vela de Ilhabela, Transat Jacques Vabre 2019 (Fran\u00e7a-Brasil), L'\u00c9tape Brasil by Tour de France, j\u00e1 fez in\u00fameras coberturas de nata\u00e7\u00e3o, maratona aqu\u00e1tica e polo aqu\u00e1tico. Formada tamb\u00e9m em Letras, a jornalista atua como assessora de imprensa, rela\u00e7\u00f5es p\u00fablicas e social media, com especializa\u00e7\u00e3o em marketing esportivo. Nadadora amadora de \u00e1guas abertas, j\u00e1 trabalhou com grandes nomes da nata\u00e7\u00e3o e do polo aqu\u00e1tico brasileiro.\",\"sameAs\":[\"https:\/\/www.instagram.com\/_katarinemonteiro\/\",\"https:\/\/www.linkedin.com\/in\/katarine-monteiro-19385297\/\",\"https:\/\/x.com\/https:\/\/twitter.com\/Katarinem\"],\"url\":\"https:\/\/swimchannel.net\/br\/author\/katarine-monteiro\/\"}]}<\/script>\n<!-- \/ Yoast SEO plugin. -->","yoast_head_json":{"title":"Vit\u00f3ria Farabulini e Gabriel Galluzzi vencem Challenge na abertura do Circuito Mares 2026 - Swimchannel","robots":{"index":"index","follow":"follow","max-snippet":"max-snippet:-1","max-image-preview":"max-image-preview:large","max-video-preview":"max-video-preview:-1"},"canonical":"https:\/\/swimchannel.net\/br\/vitoria-farabulini-e-gabriel-galluzzi-vencem-challenge-na-abertura-do-circuito-mares-2026\/","og_locale":"pt_BR","og_type":"article","og_title":"Vit\u00f3ria Farabulini e Gabriel Galluzzi vencem Challenge na abertura do Circuito Mares 2026 - Swimchannel","og_description":"A Praia da Cocanha, em Caraguatatuba (SP), foi tomada por atletas, fam\u00edlias e equipes de todo o pa\u00eds neste fim de semana (7 e 8) para a primeira etapa do Circuito Mares 2026. Com mais de 3 mil participantes, a etapa &#8220;Atl\u00e2ntico&#8221; abriu a temporada com programa\u00e7\u00e3o intensa em diversas modalidades e teve como grandes [&hellip;]","og_url":"https:\/\/swimchannel.net\/br\/vitoria-farabulini-e-gabriel-galluzzi-vencem-challenge-na-abertura-do-circuito-mares-2026\/","og_site_name":"Swimchannel","article_publisher":"https:\/\/www.facebook.com\/swimchannel","article_published_time":"2026-02-09T21:47:44+00:00","article_modified_time":"2026-02-10T15:09:19+00:00","og_image":[{"width":1120,"height":630,"url":"https:\/\/swimchannel.net\/br\/wp-content\/uploads\/2026\/02\/WhatsApp-Image-2026-02-09-at-18.19.42-1.jpeg","type":"image\/jpeg"}],"author":"Katarine Monteiro","twitter_card":"summary_large_image","twitter_creator":"@https:\/\/twitter.com\/Katarinem","twitter_misc":{"Escrito por":"Katarine Monteiro","Est. tempo de leitura":"5 minutos"},"schema":{"@context":"https:\/\/schema.org","@graph":[{"@type":"Article","@id":"https:\/\/swimchannel.net\/br\/vitoria-farabulini-e-gabriel-galluzzi-vencem-challenge-na-abertura-do-circuito-mares-2026\/#article","isPartOf":{"@id":"https:\/\/swimchannel.net\/br\/vitoria-farabulini-e-gabriel-galluzzi-vencem-challenge-na-abertura-do-circuito-mares-2026\/"},"author":{"name":"Katarine Monteiro","@id":"https:\/\/swimchannel.net\/br\/#\/schema\/person\/73ae9cec62249968bca1f0a8098ef002"},"headline":"Vit\u00f3ria Farabulini e Gabriel Galluzzi vencem Challenge na abertura do Circuito Mares 2026","datePublished":"2026-02-09T21:47:44+00:00","dateModified":"2026-02-10T15:09:19+00:00","mainEntityOfPage":{"@id":"https:\/\/swimchannel.net\/br\/vitoria-farabulini-e-gabriel-galluzzi-vencem-challenge-na-abertura-do-circuito-mares-2026\/"},"wordCount":956,"commentCount":1,"publisher":{"@id":"https:\/\/swimchannel.net\/br\/#organization"},"image":{"@id":"https:\/\/swimchannel.net\/br\/vitoria-farabulini-e-gabriel-galluzzi-vencem-challenge-na-abertura-do-circuito-mares-2026\/#primaryimage"},"thumbnailUrl":"https:\/\/swimchannel.net\/br\/wp-content\/uploads\/2026\/02\/WhatsApp-Image-2026-02-09-at-18.19.42-1.jpeg","keywords":["\u00c1guas abertas","Circuito Mares","Gabriel Galluzzi","natacao","Vit\u00f3ria Farabulini"],"articleSection":["\u00c1guas Abertas"],"inLanguage":"pt-BR","potentialAction":[{"@type":"CommentAction","name":"Comment","target":["https:\/\/swimchannel.net\/br\/vitoria-farabulini-e-gabriel-galluzzi-vencem-challenge-na-abertura-do-circuito-mares-2026\/#respond"]}]},{"@type":"WebPage","@id":"https:\/\/swimchannel.net\/br\/vitoria-farabulini-e-gabriel-galluzzi-vencem-challenge-na-abertura-do-circuito-mares-2026\/","url":"https:\/\/swimchannel.net\/br\/vitoria-farabulini-e-gabriel-galluzzi-vencem-challenge-na-abertura-do-circuito-mares-2026\/","name":"Vit\u00f3ria Farabulini e Gabriel Galluzzi vencem Challenge na abertura do Circuito Mares 2026 - Swimchannel","isPartOf":{"@id":"https:\/\/swimchannel.net\/br\/#website"},"primaryImageOfPage":{"@id":"https:\/\/swimchannel.net\/br\/vitoria-farabulini-e-gabriel-galluzzi-vencem-challenge-na-abertura-do-circuito-mares-2026\/#primaryimage"},"image":{"@id":"https:\/\/swimchannel.net\/br\/vitoria-farabulini-e-gabriel-galluzzi-vencem-challenge-na-abertura-do-circuito-mares-2026\/#primaryimage"},"thumbnailUrl":"https:\/\/swimchannel.net\/br\/wp-content\/uploads\/2026\/02\/WhatsApp-Image-2026-02-09-at-18.19.42-1.jpeg","datePublished":"2026-02-09T21:47:44+00:00","dateModified":"2026-02-10T15:09:19+00:00","breadcrumb":{"@id":"https:\/\/swimchannel.net\/br\/vitoria-farabulini-e-gabriel-galluzzi-vencem-challenge-na-abertura-do-circuito-mares-2026\/#breadcrumb"},"inLanguage":"pt-BR","potentialAction":[{"@type":"ReadAction","target":["https:\/\/swimchannel.net\/br\/vitoria-farabulini-e-gabriel-galluzzi-vencem-challenge-na-abertura-do-circuito-mares-2026\/"]}]},{"@type":"ImageObject","inLanguage":"pt-BR","@id":"https:\/\/swimchannel.net\/br\/vitoria-farabulini-e-gabriel-galluzzi-vencem-challenge-na-abertura-do-circuito-mares-2026\/#primaryimage","url":"https:\/\/swimchannel.net\/br\/wp-content\/uploads\/2026\/02\/WhatsApp-Image-2026-02-09-at-18.19.42-1.jpeg","contentUrl":"https:\/\/swimchannel.net\/br\/wp-content\/uploads\/2026\/02\/WhatsApp-Image-2026-02-09-at-18.19.42-1.jpeg","width":1120,"height":630,"caption":"Circuito Mares. Foto: Divulga\u00e7\u00e3o"},{"@type":"BreadcrumbList","@id":"https:\/\/swimchannel.net\/br\/vitoria-farabulini-e-gabriel-galluzzi-vencem-challenge-na-abertura-do-circuito-mares-2026\/#breadcrumb","itemListElement":[{"@type":"ListItem","position":1,"name":"Home","item":"https:\/\/swimchannel.net\/br\/"},{"@type":"ListItem","position":2,"name":"Vit\u00f3ria Farabulini e Gabriel Galluzzi vencem Challenge na abertura do Circuito Mares 2026"}]},{"@type":"WebSite","@id":"https:\/\/swimchannel.net\/br\/#website","url":"https:\/\/swimchannel.net\/br\/","name":"Swimchannel","description":"Maior portal de nata\u00e7\u00e3o da america latina","publisher":{"@id":"https:\/\/swimchannel.net\/br\/#organization"},"potentialAction":[{"@type":"SearchAction","target":{"@type":"EntryPoint","urlTemplate":"https:\/\/swimchannel.net\/br\/?s={search_term_string}"},"query-input":{"@type":"PropertyValueSpecification","valueRequired":true,"valueName":"search_term_string"}}],"inLanguage":"pt-BR"},{"@type":"Organization","@id":"https:\/\/swimchannel.net\/br\/#organization","name":"Swimchannel - Conectando voc\u00ea a Nata\u00e7\u00e3o","url":"https:\/\/swimchannel.net\/br\/","logo":{"@type":"ImageObject","inLanguage":"pt-BR","@id":"https:\/\/swimchannel.net\/br\/#\/schema\/logo\/image\/","url":"https:\/\/swimchannel.net\/br\/wp-content\/uploads\/2026\/02\/SWIM-CHANNEL.png","contentUrl":"https:\/\/swimchannel.net\/br\/wp-content\/uploads\/2026\/02\/SWIM-CHANNEL.png","width":1120,"height":630,"caption":"Swimchannel - Conectando voc\u00ea a Nata\u00e7\u00e3o"},"image":{"@id":"https:\/\/swimchannel.net\/br\/#\/schema\/logo\/image\/"},"sameAs":["https:\/\/www.facebook.com\/swimchannel","https:\/\/www.instagram.com\/swimchannel"]},{"@type":"Person","@id":"https:\/\/swimchannel.net\/br\/#\/schema\/person\/73ae9cec62249968bca1f0a8098ef002","name":"Katarine Monteiro","image":{"@type":"ImageObject","inLanguage":"pt-BR","@id":"https:\/\/swimchannel.net\/br\/#\/schema\/person\/image\/","url":"https:\/\/swimchannel.net\/br\/wp-content\/uploads\/2022\/01\/Katarine-Monteiro-100x100.jpg","contentUrl":"https:\/\/swimchannel.net\/br\/wp-content\/uploads\/2022\/01\/Katarine-Monteiro-100x100.jpg","caption":"Katarine Monteiro"},"description":"Jornalista SWIM CHANNEL especializada em esportes ol\u00edmpicos e em sa\u00fade. Com cobertura de grandes eventos internacionais, como Jogos Ol\u00edmpicos Rio 2016, Jogos Pan-Americanos em Lima 2019, Qatar Total Open 2020, Qatar ExxonMobil Open 2019 - t\u00eanis em Doha (QT), Semana Internacional de Vela de Ilhabela, Transat Jacques Vabre 2019 (Fran\u00e7a-Brasil), L'\u00c9tape Brasil by Tour de France, j\u00e1 fez in\u00fameras coberturas de nata\u00e7\u00e3o, maratona aqu\u00e1tica e polo aqu\u00e1tico. Formada tamb\u00e9m em Letras, a jornalista atua como assessora de imprensa, rela\u00e7\u00f5es p\u00fablicas e social media, com especializa\u00e7\u00e3o em marketing esportivo. Nadadora amadora de \u00e1guas abertas, j\u00e1 trabalhou com grandes nomes da nata\u00e7\u00e3o e do polo aqu\u00e1tico brasileiro.","sameAs":["https:\/\/www.instagram.com\/_katarinemonteiro\/","https:\/\/www.linkedin.com\/in\/katarine-monteiro-19385297\/","https:\/\/x.com\/https:\/\/twitter.com\/Katarinem"],"url":"https:\/\/swimchannel.net\/br\/author\/katarine-monteiro\/"}]}},"_links":{"self":[{"href":"https:\/\/swimchannel.net\/br\/wp-json\/wp\/v2\/posts\/79127","targetHints":{"allow":["GET"]}}],"collection":[{"href":"https:\/\/swimchannel.net\/br\/wp-json\/wp\/v2\/posts"}],"about":[{"href":"https:\/\/swimchannel.net\/br\/wp-json\/wp\/v2\/types\/post"}],"author":[{"embeddable":true,"href":"https:\/\/swimchannel.net\/br\/wp-json\/wp\/v2\/users\/9"}],"replies":[{"embeddable":true,"href":"https:\/\/swimchannel.net\/br\/wp-json\/wp\/v2\/comments?post=79127"}],"version-history":[{"count":8,"href":"https:\/\/swimchannel.net\/br\/wp-json\/wp\/v2\/posts\/79127\/revisions"}],"predecessor-version":[{"id":79172,"href":"https:\/\/swimchannel.net\/br\/wp-json\/wp\/v2\/posts\/79127\/revisions\/79172"}],"wp:featuredmedia":[{"embeddable":true,"href":"https:\/\/swimchannel.net\/br\/wp-json\/wp\/v2\/media\/79162"}],"wp:attachment":[{"href":"https:\/\/swimchannel.net\/br\/wp-json\/wp\/v2\/media?parent=79127"}],"wp:term":[{"taxonomy":"category","embeddable":true,"href":"https:\/\/swimchannel.net\/br\/wp-json\/wp\/v2\/categories?post=79127"},{"taxonomy":"post_tag","embeddable":true,"href":"https:\/\/swimchannel.net\/br\/wp-json\/wp\/v2\/tags?post=79127"}],"curies":[{"name":"wp","href":"https:\/\/api.w.org\/{rel}","templated":true}]}}