{"id":79388,"date":"2026-02-19T06:00:38","date_gmt":"2026-02-19T09:00:38","guid":{"rendered":"https:\/\/swimchannel.net\/br\/?p=79388"},"modified":"2026-02-17T19:08:43","modified_gmt":"2026-02-17T22:08:43","slug":"nadadora-colombiana-realiza-travessia-inedita-a-ilha-grande","status":"publish","type":"post","link":"https:\/\/swimchannel.net\/br\/nadadora-colombiana-realiza-travessia-inedita-a-ilha-grande\/","title":{"rendered":"Nadadora colombiana realiza travessia in\u00e9dita a Ilha Grande"},"content":{"rendered":"<p>A ultramaratonista aqu\u00e1tica M\u00f3nica Calder\u00f3n Guzm\u00e1n realizar\u00e1 na janela dos dias 21 e 27 de fevereiro um novo desafio em sua carreira. A colombiana, que vive em Paraty, busca concluir uma travessia in\u00e9dita de 30 km no litoral de Angra dos Reis, nadando entre Ponta da Juatinga at\u00e9 a Praia do Pontal, localizada no centro da cidade.<\/p>\n<p>Al\u00e9m do desafio esportivo, M\u00f3nica tamb\u00e9m tem um objetivo social, visando arrecadar alimentos para comunidades em situa\u00e7\u00e3o de vulnerabilidade social e em apoio \u00e0s comunidades locais, que historicamente enfrentam conflitos fundi\u00e1rios e processos de grilagem de terras. A nadadora est\u00e1 realizando doa\u00e7\u00f5es de alimentos, que poder\u00e3o ser entregues nos pontos de arrecada\u00e7\u00e3o credenciados ou realizadas via pix.<\/p>\n<p>\u201cMinha expectativa \u00e9 arrecadar bastante alimento para distribuir nas comunidades, porque esse \u00e9 um prop\u00f3sito<br \/>\nque criei como motiva\u00e7\u00e3o para treinar e realizar a travessia. Tamb\u00e9m espero concluir os 30km com integridade,<br \/>\nsa\u00fade e alegria, levando essa mensagem de solidariedade, for\u00e7a e coragem para homens, mulheres e crian\u00e7as\u201d,<br \/>\ndisse a atleta colombiana que \u00e9 treinada por Samir Barel.<\/p>\n<figure id=\"attachment_79390\" aria-describedby=\"caption-attachment-79390\" style=\"width: 630px\" class=\"wp-caption alignnone\"><img loading=\"lazy\" decoding=\"async\" class=\"size-full wp-image-79390\" src=\"https:\/\/swimchannel.net\/br\/wp-content\/uploads\/2026\/02\/30abd24b-8cfe-46d0-9f42-1adc9a8c5b97.jpg\" alt=\"\" width=\"630\" height=\"630\" srcset=\"https:\/\/swimchannel.net\/br\/wp-content\/uploads\/2026\/02\/30abd24b-8cfe-46d0-9f42-1adc9a8c5b97.jpg 630w, https:\/\/swimchannel.net\/br\/wp-content\/uploads\/2026\/02\/30abd24b-8cfe-46d0-9f42-1adc9a8c5b97-180x180.jpg 180w, https:\/\/swimchannel.net\/br\/wp-content\/uploads\/2026\/02\/30abd24b-8cfe-46d0-9f42-1adc9a8c5b97-75x75.jpg 75w\" sizes=\"auto, (max-width: 630px) 100vw, 630px\" \/><figcaption id=\"caption-attachment-79390\" class=\"wp-caption-text\">M\u00f3nica Calder\u00f3n Guzm\u00e1n &#8211; Foto: Divulga\u00e7\u00e3o\/Arquivo pessoal<\/figcaption><\/figure>\n<p>A travessia ter\u00e1 in\u00edcio na comunidade cai\u00e7ara da Juatinga, dentro da Reserva Ecol\u00f3gica Estadual da Juatinga, e seguir\u00e1 em dire\u00e7\u00e3o a Angra dos Reis. A nadadora espera enfrentar muitos desafios, j\u00e1 que a regi\u00e3o \u00e9 conhecida por \u00e1guas agitadas e mudan\u00e7as de correntes mar\u00edtimas. No dia 21, ela far\u00e1 encontro de pr\u00e9-lan\u00e7amento na<br \/>\nPraia do Jabaquara.<\/p>\n<p>M\u00f3nica tem no curr\u00edculo a conclus\u00e3o de travessias famosas no Brasil como a Maratona Aqu\u00e1tica 14 Bis (24 km) e a Travessia do Leme ao Pontal (36 km). A travessia conta com a parceria da Marinha do Brasil, por meio da Capitania dos Portos de Paraty, al\u00e9m da Secretaria de Esportes de Paraty, entre outros parceiros.<\/p>\n<p>&nbsp;<\/p>\n<p>Gostaria de receber as not\u00edcias de nata\u00e7\u00e3o e \u00e1guas abertas no seu email?<\/p>\n<p><a href=\"https:\/\/lpa.nitro.news\/n-GNe\/ultimas-noticias-swim-channel\">Cadastre-se aqui<\/a><\/p>\n","protected":false},"excerpt":{"rendered":"<p>A ultramaratonista aqu\u00e1tica M\u00f3nica Calder\u00f3n Guzm\u00e1n realizar\u00e1 na janela dos dias 21 e 27 de fevereiro um novo desafio em sua carreira. A colombiana, que vive em Paraty, busca concluir uma travessia in\u00e9dita de 30 km no litoral de Angra dos Reis, nadando entre Ponta da Juatinga at\u00e9 a Praia do Pontal, localizada no centro [&hellip;]<\/p>\n","protected":false},"author":3,"featured_media":79389,"comment_status":"open","ping_status":"open","sticky":false,"template":"","format":"gallery","meta":{"footnotes":""},"categories":[115],"tags":[14,6797,5],"class_list":["post-79388","post","type-post","status-publish","format-gallery","has-post-thumbnail","hentry","category-aguas-abertas","tag-aguas-abertas","tag-monica-calderon-guzman","tag-natacao","post_format-post-format-gallery"],"yoast_head":"<!-- This site is optimized with the Yoast SEO plugin v27.0 - https:\/\/yoast.com\/product\/yoast-seo-wordpress\/ -->\n<title>Nadadora colombiana realiza travessia in\u00e9dita a Ilha Grande - Swimchannel<\/title>\n<meta name=\"robots\" content=\"index, follow, max-snippet:-1, max-image-preview:large, max-video-preview:-1\" \/>\n<link rel=\"canonical\" href=\"https:\/\/swimchannel.net\/br\/nadadora-colombiana-realiza-travessia-inedita-a-ilha-grande\/\" \/>\n<meta property=\"og:locale\" content=\"pt_BR\" \/>\n<meta property=\"og:type\" content=\"article\" \/>\n<meta property=\"og:title\" content=\"Nadadora colombiana realiza travessia in\u00e9dita a Ilha Grande - Swimchannel\" \/>\n<meta property=\"og:description\" content=\"A ultramaratonista aqu\u00e1tica M\u00f3nica Calder\u00f3n Guzm\u00e1n realizar\u00e1 na janela dos dias 21 e 27 de fevereiro um novo desafio em sua carreira. A colombiana, que vive em Paraty, busca concluir uma travessia in\u00e9dita de 30 km no litoral de Angra dos Reis, nadando entre Ponta da Juatinga at\u00e9 a Praia do Pontal, localizada no centro [&hellip;]\" \/>\n<meta property=\"og:url\" content=\"https:\/\/swimchannel.net\/br\/nadadora-colombiana-realiza-travessia-inedita-a-ilha-grande\/\" \/>\n<meta property=\"og:site_name\" content=\"Swimchannel\" \/>\n<meta property=\"article:publisher\" content=\"https:\/\/www.facebook.com\/swimchannel\" \/>\n<meta property=\"article:published_time\" content=\"2026-02-19T09:00:38+00:00\" \/>\n<meta property=\"og:image\" content=\"https:\/\/swimchannel.net\/br\/wp-content\/uploads\/2026\/02\/monica.jpg\" \/>\n\t<meta property=\"og:image:width\" content=\"945\" \/>\n\t<meta property=\"og:image:height\" content=\"630\" \/>\n\t<meta property=\"og:image:type\" content=\"image\/jpeg\" \/>\n<meta name=\"author\" content=\"Guilherme Freitas\" \/>\n<meta name=\"twitter:card\" content=\"summary_large_image\" \/>\n<meta name=\"twitter:label1\" content=\"Escrito por\" \/>\n\t<meta name=\"twitter:data1\" content=\"Guilherme Freitas\" \/>\n\t<meta name=\"twitter:label2\" content=\"Est. tempo de leitura\" \/>\n\t<meta name=\"twitter:data2\" content=\"2 minutos\" \/>\n<script type=\"application\/ld+json\" class=\"yoast-schema-graph\">{\"@context\":\"https:\/\/schema.org\",\"@graph\":[{\"@type\":\"Article\",\"@id\":\"https:\/\/swimchannel.net\/br\/nadadora-colombiana-realiza-travessia-inedita-a-ilha-grande\/#article\",\"isPartOf\":{\"@id\":\"https:\/\/swimchannel.net\/br\/nadadora-colombiana-realiza-travessia-inedita-a-ilha-grande\/\"},\"author\":{\"name\":\"Guilherme Freitas\",\"@id\":\"https:\/\/swimchannel.net\/br\/#\/schema\/person\/aa2a63bab3275f53749a83276b213c48\"},\"headline\":\"Nadadora colombiana realiza travessia in\u00e9dita a Ilha Grande\",\"datePublished\":\"2026-02-19T09:00:38+00:00\",\"mainEntityOfPage\":{\"@id\":\"https:\/\/swimchannel.net\/br\/nadadora-colombiana-realiza-travessia-inedita-a-ilha-grande\/\"},\"wordCount\":352,\"commentCount\":0,\"publisher\":{\"@id\":\"https:\/\/swimchannel.net\/br\/#organization\"},\"image\":{\"@id\":\"https:\/\/swimchannel.net\/br\/nadadora-colombiana-realiza-travessia-inedita-a-ilha-grande\/#primaryimage\"},\"thumbnailUrl\":\"https:\/\/swimchannel.net\/br\/wp-content\/uploads\/2026\/02\/monica.jpg\",\"keywords\":[\"\u00c1guas abertas\",\"M\u00f3nica Calder\u00f3n Guzm\u00e1n\",\"natacao\"],\"articleSection\":[\"\u00c1guas Abertas\"],\"inLanguage\":\"pt-BR\",\"potentialAction\":[{\"@type\":\"CommentAction\",\"name\":\"Comment\",\"target\":[\"https:\/\/swimchannel.net\/br\/nadadora-colombiana-realiza-travessia-inedita-a-ilha-grande\/#respond\"]}]},{\"@type\":\"WebPage\",\"@id\":\"https:\/\/swimchannel.net\/br\/nadadora-colombiana-realiza-travessia-inedita-a-ilha-grande\/\",\"url\":\"https:\/\/swimchannel.net\/br\/nadadora-colombiana-realiza-travessia-inedita-a-ilha-grande\/\",\"name\":\"Nadadora colombiana realiza travessia in\u00e9dita a Ilha Grande - Swimchannel\",\"isPartOf\":{\"@id\":\"https:\/\/swimchannel.net\/br\/#website\"},\"primaryImageOfPage\":{\"@id\":\"https:\/\/swimchannel.net\/br\/nadadora-colombiana-realiza-travessia-inedita-a-ilha-grande\/#primaryimage\"},\"image\":{\"@id\":\"https:\/\/swimchannel.net\/br\/nadadora-colombiana-realiza-travessia-inedita-a-ilha-grande\/#primaryimage\"},\"thumbnailUrl\":\"https:\/\/swimchannel.net\/br\/wp-content\/uploads\/2026\/02\/monica.jpg\",\"datePublished\":\"2026-02-19T09:00:38+00:00\",\"breadcrumb\":{\"@id\":\"https:\/\/swimchannel.net\/br\/nadadora-colombiana-realiza-travessia-inedita-a-ilha-grande\/#breadcrumb\"},\"inLanguage\":\"pt-BR\",\"potentialAction\":[{\"@type\":\"ReadAction\",\"target\":[\"https:\/\/swimchannel.net\/br\/nadadora-colombiana-realiza-travessia-inedita-a-ilha-grande\/\"]}]},{\"@type\":\"ImageObject\",\"inLanguage\":\"pt-BR\",\"@id\":\"https:\/\/swimchannel.net\/br\/nadadora-colombiana-realiza-travessia-inedita-a-ilha-grande\/#primaryimage\",\"url\":\"https:\/\/swimchannel.net\/br\/wp-content\/uploads\/2026\/02\/monica.jpg\",\"contentUrl\":\"https:\/\/swimchannel.net\/br\/wp-content\/uploads\/2026\/02\/monica.jpg\",\"width\":945,\"height\":630,\"caption\":\"M\u00f3nica Calder\u00f3n Guzm\u00e1n - Foto: Rafael Cruz\"},{\"@type\":\"BreadcrumbList\",\"@id\":\"https:\/\/swimchannel.net\/br\/nadadora-colombiana-realiza-travessia-inedita-a-ilha-grande\/#breadcrumb\",\"itemListElement\":[{\"@type\":\"ListItem\",\"position\":1,\"name\":\"Home\",\"item\":\"https:\/\/swimchannel.net\/br\/\"},{\"@type\":\"ListItem\",\"position\":2,\"name\":\"Nadadora colombiana realiza travessia in\u00e9dita a Ilha Grande\"}]},{\"@type\":\"WebSite\",\"@id\":\"https:\/\/swimchannel.net\/br\/#website\",\"url\":\"https:\/\/swimchannel.net\/br\/\",\"name\":\"Swimchannel\",\"description\":\"Maior portal de nata\u00e7\u00e3o da america latina\",\"publisher\":{\"@id\":\"https:\/\/swimchannel.net\/br\/#organization\"},\"potentialAction\":[{\"@type\":\"SearchAction\",\"target\":{\"@type\":\"EntryPoint\",\"urlTemplate\":\"https:\/\/swimchannel.net\/br\/?s={search_term_string}\"},\"query-input\":{\"@type\":\"PropertyValueSpecification\",\"valueRequired\":true,\"valueName\":\"search_term_string\"}}],\"inLanguage\":\"pt-BR\"},{\"@type\":\"Organization\",\"@id\":\"https:\/\/swimchannel.net\/br\/#organization\",\"name\":\"Swimchannel - Conectando voc\u00ea a Nata\u00e7\u00e3o\",\"url\":\"https:\/\/swimchannel.net\/br\/\",\"logo\":{\"@type\":\"ImageObject\",\"inLanguage\":\"pt-BR\",\"@id\":\"https:\/\/swimchannel.net\/br\/#\/schema\/logo\/image\/\",\"url\":\"https:\/\/swimchannel.net\/br\/wp-content\/uploads\/2026\/02\/SWIM-CHANNEL.png\",\"contentUrl\":\"https:\/\/swimchannel.net\/br\/wp-content\/uploads\/2026\/02\/SWIM-CHANNEL.png\",\"width\":1120,\"height\":630,\"caption\":\"Swimchannel - Conectando voc\u00ea a Nata\u00e7\u00e3o\"},\"image\":{\"@id\":\"https:\/\/swimchannel.net\/br\/#\/schema\/logo\/image\/\"},\"sameAs\":[\"https:\/\/www.facebook.com\/swimchannel\",\"https:\/\/www.instagram.com\/swimchannel\"]},{\"@type\":\"Person\",\"@id\":\"https:\/\/swimchannel.net\/br\/#\/schema\/person\/aa2a63bab3275f53749a83276b213c48\",\"name\":\"Guilherme Freitas\",\"image\":{\"@type\":\"ImageObject\",\"inLanguage\":\"pt-BR\",\"@id\":\"https:\/\/swimchannel.net\/br\/#\/schema\/person\/image\/\",\"url\":\"https:\/\/swimchannel.net\/br\/wp-content\/uploads\/2025\/10\/gui22-193x180.png\",\"contentUrl\":\"https:\/\/swimchannel.net\/br\/wp-content\/uploads\/2025\/10\/gui22-193x180.png\",\"caption\":\"Guilherme Freitas\"},\"description\":\"Jornalista s\u00eanior da SWIM CHANNEL, ex-correspondente da FINA no Brasil e pesquisador acad\u00eamico.\",\"sameAs\":[\"instagram.com\/guifreitas86\"],\"url\":\"https:\/\/swimchannel.net\/br\/author\/guilherme-freitas\/\"}]}<\/script>\n<!-- \/ Yoast SEO plugin. -->","yoast_head_json":{"title":"Nadadora colombiana realiza travessia in\u00e9dita a Ilha Grande - Swimchannel","robots":{"index":"index","follow":"follow","max-snippet":"max-snippet:-1","max-image-preview":"max-image-preview:large","max-video-preview":"max-video-preview:-1"},"canonical":"https:\/\/swimchannel.net\/br\/nadadora-colombiana-realiza-travessia-inedita-a-ilha-grande\/","og_locale":"pt_BR","og_type":"article","og_title":"Nadadora colombiana realiza travessia in\u00e9dita a Ilha Grande - Swimchannel","og_description":"A ultramaratonista aqu\u00e1tica M\u00f3nica Calder\u00f3n Guzm\u00e1n realizar\u00e1 na janela dos dias 21 e 27 de fevereiro um novo desafio em sua carreira. A colombiana, que vive em Paraty, busca concluir uma travessia in\u00e9dita de 30 km no litoral de Angra dos Reis, nadando entre Ponta da Juatinga at\u00e9 a Praia do Pontal, localizada no centro [&hellip;]","og_url":"https:\/\/swimchannel.net\/br\/nadadora-colombiana-realiza-travessia-inedita-a-ilha-grande\/","og_site_name":"Swimchannel","article_publisher":"https:\/\/www.facebook.com\/swimchannel","article_published_time":"2026-02-19T09:00:38+00:00","og_image":[{"width":945,"height":630,"url":"https:\/\/swimchannel.net\/br\/wp-content\/uploads\/2026\/02\/monica.jpg","type":"image\/jpeg"}],"author":"Guilherme Freitas","twitter_card":"summary_large_image","twitter_misc":{"Escrito por":"Guilherme Freitas","Est. tempo de leitura":"2 minutos"},"schema":{"@context":"https:\/\/schema.org","@graph":[{"@type":"Article","@id":"https:\/\/swimchannel.net\/br\/nadadora-colombiana-realiza-travessia-inedita-a-ilha-grande\/#article","isPartOf":{"@id":"https:\/\/swimchannel.net\/br\/nadadora-colombiana-realiza-travessia-inedita-a-ilha-grande\/"},"author":{"name":"Guilherme Freitas","@id":"https:\/\/swimchannel.net\/br\/#\/schema\/person\/aa2a63bab3275f53749a83276b213c48"},"headline":"Nadadora colombiana realiza travessia in\u00e9dita a Ilha Grande","datePublished":"2026-02-19T09:00:38+00:00","mainEntityOfPage":{"@id":"https:\/\/swimchannel.net\/br\/nadadora-colombiana-realiza-travessia-inedita-a-ilha-grande\/"},"wordCount":352,"commentCount":0,"publisher":{"@id":"https:\/\/swimchannel.net\/br\/#organization"},"image":{"@id":"https:\/\/swimchannel.net\/br\/nadadora-colombiana-realiza-travessia-inedita-a-ilha-grande\/#primaryimage"},"thumbnailUrl":"https:\/\/swimchannel.net\/br\/wp-content\/uploads\/2026\/02\/monica.jpg","keywords":["\u00c1guas abertas","M\u00f3nica Calder\u00f3n Guzm\u00e1n","natacao"],"articleSection":["\u00c1guas Abertas"],"inLanguage":"pt-BR","potentialAction":[{"@type":"CommentAction","name":"Comment","target":["https:\/\/swimchannel.net\/br\/nadadora-colombiana-realiza-travessia-inedita-a-ilha-grande\/#respond"]}]},{"@type":"WebPage","@id":"https:\/\/swimchannel.net\/br\/nadadora-colombiana-realiza-travessia-inedita-a-ilha-grande\/","url":"https:\/\/swimchannel.net\/br\/nadadora-colombiana-realiza-travessia-inedita-a-ilha-grande\/","name":"Nadadora colombiana realiza travessia in\u00e9dita a Ilha Grande - Swimchannel","isPartOf":{"@id":"https:\/\/swimchannel.net\/br\/#website"},"primaryImageOfPage":{"@id":"https:\/\/swimchannel.net\/br\/nadadora-colombiana-realiza-travessia-inedita-a-ilha-grande\/#primaryimage"},"image":{"@id":"https:\/\/swimchannel.net\/br\/nadadora-colombiana-realiza-travessia-inedita-a-ilha-grande\/#primaryimage"},"thumbnailUrl":"https:\/\/swimchannel.net\/br\/wp-content\/uploads\/2026\/02\/monica.jpg","datePublished":"2026-02-19T09:00:38+00:00","breadcrumb":{"@id":"https:\/\/swimchannel.net\/br\/nadadora-colombiana-realiza-travessia-inedita-a-ilha-grande\/#breadcrumb"},"inLanguage":"pt-BR","potentialAction":[{"@type":"ReadAction","target":["https:\/\/swimchannel.net\/br\/nadadora-colombiana-realiza-travessia-inedita-a-ilha-grande\/"]}]},{"@type":"ImageObject","inLanguage":"pt-BR","@id":"https:\/\/swimchannel.net\/br\/nadadora-colombiana-realiza-travessia-inedita-a-ilha-grande\/#primaryimage","url":"https:\/\/swimchannel.net\/br\/wp-content\/uploads\/2026\/02\/monica.jpg","contentUrl":"https:\/\/swimchannel.net\/br\/wp-content\/uploads\/2026\/02\/monica.jpg","width":945,"height":630,"caption":"M\u00f3nica Calder\u00f3n Guzm\u00e1n - Foto: Rafael Cruz"},{"@type":"BreadcrumbList","@id":"https:\/\/swimchannel.net\/br\/nadadora-colombiana-realiza-travessia-inedita-a-ilha-grande\/#breadcrumb","itemListElement":[{"@type":"ListItem","position":1,"name":"Home","item":"https:\/\/swimchannel.net\/br\/"},{"@type":"ListItem","position":2,"name":"Nadadora colombiana realiza travessia in\u00e9dita a Ilha Grande"}]},{"@type":"WebSite","@id":"https:\/\/swimchannel.net\/br\/#website","url":"https:\/\/swimchannel.net\/br\/","name":"Swimchannel","description":"Maior portal de nata\u00e7\u00e3o da america latina","publisher":{"@id":"https:\/\/swimchannel.net\/br\/#organization"},"potentialAction":[{"@type":"SearchAction","target":{"@type":"EntryPoint","urlTemplate":"https:\/\/swimchannel.net\/br\/?s={search_term_string}"},"query-input":{"@type":"PropertyValueSpecification","valueRequired":true,"valueName":"search_term_string"}}],"inLanguage":"pt-BR"},{"@type":"Organization","@id":"https:\/\/swimchannel.net\/br\/#organization","name":"Swimchannel - Conectando voc\u00ea a Nata\u00e7\u00e3o","url":"https:\/\/swimchannel.net\/br\/","logo":{"@type":"ImageObject","inLanguage":"pt-BR","@id":"https:\/\/swimchannel.net\/br\/#\/schema\/logo\/image\/","url":"https:\/\/swimchannel.net\/br\/wp-content\/uploads\/2026\/02\/SWIM-CHANNEL.png","contentUrl":"https:\/\/swimchannel.net\/br\/wp-content\/uploads\/2026\/02\/SWIM-CHANNEL.png","width":1120,"height":630,"caption":"Swimchannel - Conectando voc\u00ea a Nata\u00e7\u00e3o"},"image":{"@id":"https:\/\/swimchannel.net\/br\/#\/schema\/logo\/image\/"},"sameAs":["https:\/\/www.facebook.com\/swimchannel","https:\/\/www.instagram.com\/swimchannel"]},{"@type":"Person","@id":"https:\/\/swimchannel.net\/br\/#\/schema\/person\/aa2a63bab3275f53749a83276b213c48","name":"Guilherme Freitas","image":{"@type":"ImageObject","inLanguage":"pt-BR","@id":"https:\/\/swimchannel.net\/br\/#\/schema\/person\/image\/","url":"https:\/\/swimchannel.net\/br\/wp-content\/uploads\/2025\/10\/gui22-193x180.png","contentUrl":"https:\/\/swimchannel.net\/br\/wp-content\/uploads\/2025\/10\/gui22-193x180.png","caption":"Guilherme Freitas"},"description":"Jornalista s\u00eanior da SWIM CHANNEL, ex-correspondente da FINA no Brasil e pesquisador acad\u00eamico.","sameAs":["instagram.com\/guifreitas86"],"url":"https:\/\/swimchannel.net\/br\/author\/guilherme-freitas\/"}]}},"_links":{"self":[{"href":"https:\/\/swimchannel.net\/br\/wp-json\/wp\/v2\/posts\/79388","targetHints":{"allow":["GET"]}}],"collection":[{"href":"https:\/\/swimchannel.net\/br\/wp-json\/wp\/v2\/posts"}],"about":[{"href":"https:\/\/swimchannel.net\/br\/wp-json\/wp\/v2\/types\/post"}],"author":[{"embeddable":true,"href":"https:\/\/swimchannel.net\/br\/wp-json\/wp\/v2\/users\/3"}],"replies":[{"embeddable":true,"href":"https:\/\/swimchannel.net\/br\/wp-json\/wp\/v2\/comments?post=79388"}],"version-history":[{"count":1,"href":"https:\/\/swimchannel.net\/br\/wp-json\/wp\/v2\/posts\/79388\/revisions"}],"predecessor-version":[{"id":79391,"href":"https:\/\/swimchannel.net\/br\/wp-json\/wp\/v2\/posts\/79388\/revisions\/79391"}],"wp:featuredmedia":[{"embeddable":true,"href":"https:\/\/swimchannel.net\/br\/wp-json\/wp\/v2\/media\/79389"}],"wp:attachment":[{"href":"https:\/\/swimchannel.net\/br\/wp-json\/wp\/v2\/media?parent=79388"}],"wp:term":[{"taxonomy":"category","embeddable":true,"href":"https:\/\/swimchannel.net\/br\/wp-json\/wp\/v2\/categories?post=79388"},{"taxonomy":"post_tag","embeddable":true,"href":"https:\/\/swimchannel.net\/br\/wp-json\/wp\/v2\/tags?post=79388"}],"curies":[{"name":"wp","href":"https:\/\/api.w.org\/{rel}","templated":true}]}}