{"id":79460,"date":"2026-02-21T08:00:41","date_gmt":"2026-02-21T11:00:41","guid":{"rendered":"https:\/\/swimchannel.net\/br\/?p=79460"},"modified":"2026-02-20T18:44:05","modified_gmt":"2026-02-20T21:44:05","slug":"atualizando-a-tabela-dos-recordes-brasileiros-de-jardas-2","status":"publish","type":"post","link":"https:\/\/swimchannel.net\/br\/atualizando-a-tabela-dos-recordes-brasileiros-de-jardas-2\/","title":{"rendered":"Atualizando a Tabela dos Recordes Brasileiros de Jardas"},"content":{"rendered":"<p><strong>RECORDES MASCULINOS<\/strong><\/p>\n<table width=\"833\">\n<tbody>\n<tr>\n<td width=\"130\">PROVAS<\/td>\n<td width=\"150\">RECORDISTA<\/td>\n<td width=\"136\">EQUIPE<\/td>\n<td width=\"120\">TEMPO<\/td>\n<td width=\"152\">COMPETI\u00c7\u00c3O<\/td>\n<td width=\"144\">DATA<\/td>\n<\/tr>\n<tr>\n<td width=\"130\">50 LIVRE<\/td>\n<td width=\"150\">Guilherme Carib\u00e9<\/td>\n<td width=\"136\">Tennessee<\/td>\n<td width=\"120\">18.26<\/td>\n<td width=\"152\">NCAA<\/td>\n<td width=\"144\">27\/03\/2025<\/td>\n<\/tr>\n<tr>\n<td width=\"130\">100 LIVRE<\/td>\n<td width=\"150\">Guilherme Cairb\u00e9<\/td>\n<td width=\"136\">Tennessee<\/td>\n<td width=\"120\">40.15<\/td>\n<td width=\"152\">NCAA<\/td>\n<td width=\"144\">29\/02\/2025<\/td>\n<\/tr>\n<tr>\n<td width=\"130\">200 LIVRE<\/td>\n<td width=\"150\">Murilo Sartori<\/td>\n<td width=\"136\">Louisville<\/td>\n<td width=\"120\">1:31:42<\/td>\n<td width=\"152\">NCAA<\/td>\n<td width=\"144\">29\/03\/2024<\/td>\n<\/tr>\n<tr>\n<td width=\"130\">500 LIVRE<\/td>\n<td width=\"150\">Leonardo Alc\u00e2ntarar<\/td>\n<td width=\"136\">Alabama<\/td>\n<td width=\"120\">4:11.28<\/td>\n<td width=\"152\">UGA Invite<\/td>\n<td width=\"144\">20\/11\/2025<\/td>\n<\/tr>\n<tr>\n<td width=\"130\">1000 LIVRE<\/td>\n<td width=\"150\">Leonardo Alc\u00e2ntara<\/td>\n<td width=\"136\">Alabama<\/td>\n<td width=\"120\">8:50.19<\/td>\n<td width=\"152\">Dual Meet<\/td>\n<td width=\"144\">30\/01\/2026<\/td>\n<\/tr>\n<tr>\n<td width=\"130\">1650 LIVRE<\/td>\n<td width=\"150\">Leonardo Alc\u00e2ntara<\/td>\n<td width=\"136\">Alabama<\/td>\n<td width=\"120\">14:45.45<\/td>\n<td width=\"152\">SEC<\/td>\n<td width=\"144\">22\/02\/2025<\/td>\n<\/tr>\n<tr>\n<td width=\"130\">100 COSTAS<\/td>\n<td width=\"150\">Gabriel Fantoni<\/td>\n<td width=\"136\">Indiana<\/td>\n<td width=\"120\">44.70<\/td>\n<td width=\"152\">NCAA<\/td>\n<td width=\"144\">25\/03\/2022<\/td>\n<\/tr>\n<tr>\n<td width=\"130\">200 COSTAS<\/td>\n<td width=\"150\">Gabriel Fantoni<\/td>\n<td width=\"136\">Indiana<\/td>\n<td width=\"120\">1:39.53<\/td>\n<td width=\"152\">Big Ten Conference<\/td>\n<td width=\"144\">02\/03\/2019<\/td>\n<\/tr>\n<tr>\n<td width=\"130\">100 PEITO<\/td>\n<td width=\"150\">Kaique Alves<\/td>\n<td width=\"136\">Alabama<\/td>\n<td width=\"120\">51.37<\/td>\n<td width=\"152\">SEC<\/td>\n<td width=\"144\">21\/02\/2025<\/td>\n<\/tr>\n<tr>\n<td width=\"130\">200PEITO<\/td>\n<td width=\"150\">Caio Pumputis<\/td>\n<td width=\"136\">Georgia Tech<\/td>\n<td width=\"120\">1:50.61<\/td>\n<td width=\"152\">NCAA<\/td>\n<td width=\"144\">26\/03\/2022<\/td>\n<\/tr>\n<tr>\n<td width=\"130\">100 BORBOLETA<\/td>\n<td width=\"150\">Guilherme Carib\u00e9<\/td>\n<td width=\"136\">Tennessee<\/td>\n<td width=\"120\">43.93<\/td>\n<td width=\"152\">SEC<\/td>\n<td width=\"144\">19\/02\/2026<\/td>\n<\/tr>\n<tr>\n<td width=\"130\">200 BORBOLETA<\/td>\n<td width=\"150\">Vinicius Lanza<\/td>\n<td width=\"136\">Indiana<\/td>\n<td width=\"120\">1:39.28<\/td>\n<td width=\"152\">Big 10 Conference<\/td>\n<td width=\"144\">02\/03\/2019<\/td>\n<\/tr>\n<tr>\n<td width=\"130\">200 MEDLEY<\/td>\n<td width=\"150\">Vinicius Lanza<\/td>\n<td width=\"136\">Indiana<\/td>\n<td width=\"120\">1:40.23<\/td>\n<td width=\"152\">NCAA<\/td>\n<td width=\"144\">28\/03\/2019<\/td>\n<\/tr>\n<tr>\n<td width=\"130\">400 MEDLEY<\/td>\n<td width=\"150\">Brandonn Almeida<\/td>\n<td width=\"136\">South Carolina<\/td>\n<td width=\"120\">3:39.09<\/td>\n<td width=\"152\">SEC<\/td>\n<td width=\"144\">17\/02\/2018<\/td>\n<\/tr>\n<\/tbody>\n<\/table>\n<figure id=\"attachment_75129\" aria-describedby=\"caption-attachment-75129\" style=\"width: 1200px\" class=\"wp-caption alignnone\"><img loading=\"lazy\" decoding=\"async\" class=\"size-large wp-image-75129\" src=\"https:\/\/swimchannel.net\/br\/wp-content\/uploads\/2025\/07\/WhatsApp-Image-2025-07-27-at-01.07.42-1200x800.jpeg\" alt=\"\" width=\"1200\" height=\"800\" srcset=\"https:\/\/swimchannel.net\/br\/wp-content\/uploads\/2025\/07\/WhatsApp-Image-2025-07-27-at-01.07.42-1200x800.jpeg 1200w, https:\/\/swimchannel.net\/br\/wp-content\/uploads\/2025\/07\/WhatsApp-Image-2025-07-27-at-01.07.42-1013x675.jpeg 1013w, https:\/\/swimchannel.net\/br\/wp-content\/uploads\/2025\/07\/WhatsApp-Image-2025-07-27-at-01.07.42-270x180.jpeg 270w, https:\/\/swimchannel.net\/br\/wp-content\/uploads\/2025\/07\/WhatsApp-Image-2025-07-27-at-01.07.42-768x512.jpeg 768w, https:\/\/swimchannel.net\/br\/wp-content\/uploads\/2025\/07\/WhatsApp-Image-2025-07-27-at-01.07.42-1536x1024.jpeg 1536w, https:\/\/swimchannel.net\/br\/wp-content\/uploads\/2025\/07\/WhatsApp-Image-2025-07-27-at-01.07.42-2048x1365.jpeg 2048w, https:\/\/swimchannel.net\/br\/wp-content\/uploads\/2025\/07\/WhatsApp-Image-2025-07-27-at-01.07.42-750x500.jpeg 750w, https:\/\/swimchannel.net\/br\/wp-content\/uploads\/2025\/07\/WhatsApp-Image-2025-07-27-at-01.07.42-1140x760.jpeg 1140w\" sizes=\"auto, (max-width: 1200px) 100vw, 1200px\" \/><figcaption id=\"caption-attachment-75129\" class=\"wp-caption-text\">Stephanie Balduccini &#8211; Foto: Satiro Sodr\u00e9<\/figcaption><\/figure>\n<p><strong>RECORDES FEMININOS<\/strong><\/p>\n<table width=\"833\">\n<tbody>\n<tr>\n<td width=\"97\">PROVAS<\/td>\n<td width=\"124\">RECORDISTA<\/td>\n<td width=\"90\">EQUIPE<\/td>\n<td width=\"84\">TEMPO<\/td>\n<td width=\"120\">COMPETI\u00c7\u00c3O<\/td>\n<td width=\"108\">DATA<\/td>\n<\/tr>\n<tr>\n<td width=\"97\">50 LIVRE<\/td>\n<td width=\"124\">Giulia Carvalho<\/td>\n<td width=\"90\">Miami<\/td>\n<td width=\"84\">21.65<\/td>\n<td width=\"120\">NCAA<\/td>\n<td width=\"108\">20\/03\/2025<\/td>\n<\/tr>\n<tr>\n<td width=\"97\">100 LIVRE<\/td>\n<td width=\"124\">Stephanie Balduccini<\/td>\n<td width=\"90\">Michigan<\/td>\n<td width=\"84\">46.98<\/td>\n<td width=\"120\">CSCAA Invite<\/td>\n<td width=\"108\">21\/11\/2025<\/td>\n<\/tr>\n<tr>\n<td width=\"97\">200 LIVRE<\/td>\n<td width=\"124\">Stephanie Balduccini<\/td>\n<td width=\"90\">Michigan<\/td>\n<td width=\"84\">1:40.89<\/td>\n<td width=\"120\">NCAA<\/td>\n<td width=\"108\">21\/03\/2025<\/td>\n<\/tr>\n<tr>\n<td width=\"97\">500 LIVRE<\/td>\n<td width=\"124\">Maria Paula Heitmann<\/td>\n<td width=\"90\">Indiana<\/td>\n<td width=\"84\">4:40.24<\/td>\n<td width=\"120\">Indiana Senior Meet<\/td>\n<td width=\"108\">20\/07\/2019<\/td>\n<\/tr>\n<tr>\n<td width=\"97\">1000 LIVRE<\/td>\n<td width=\"124\">Leticia Rom\u00e3o<\/td>\n<td width=\"90\">Louisville<\/td>\n<td width=\"84\">9:32.33<\/td>\n<td width=\"120\">Dual Meet<\/td>\n<td width=\"108\">31\/01\/2025<\/td>\n<\/tr>\n<tr>\n<td width=\"97\">1650 LIVRE<\/td>\n<td width=\"124\">Leticia Rom\u00e3o<\/td>\n<td width=\"90\">Louisville<\/td>\n<td width=\"84\">15:57.78<\/td>\n<td width=\"120\">Ohio State Invite<\/td>\n<td width=\"108\">21\/11\/2025<\/td>\n<\/tr>\n<tr>\n<td width=\"97\">100 COSTAS<\/td>\n<td width=\"124\">Ana Giulia Zortea<\/td>\n<td width=\"90\">West Virgnia<\/td>\n<td width=\"84\">53.41<\/td>\n<td width=\"120\">WVInvitational<\/td>\n<td width=\"108\">19\/11\/2021<\/td>\n<\/tr>\n<tr>\n<td width=\"97\">200 COSTAS<\/td>\n<td width=\"124\">Fernanda de Goeij<\/td>\n<td width=\"90\">Missouri<\/td>\n<td width=\"84\">1:55.57<\/td>\n<td width=\"120\">Mizzou Qualifier<\/td>\n<td width=\"108\">26\/02\/2023<\/td>\n<\/tr>\n<tr>\n<td width=\"97\">100 PEITO<\/td>\n<td width=\"124\">Giulia Carvalho<\/td>\n<td width=\"90\">Miami<\/td>\n<td width=\"84\">1:00.05<\/td>\n<td width=\"120\">SMU Invite<\/td>\n<td width=\"108\">22\/11\/2024<\/td>\n<\/tr>\n<tr>\n<td width=\"97\">200PEITO<\/td>\n<td width=\"124\">Fernanda Celid\u00f4nio<\/td>\n<td width=\"90\">Louisville<\/td>\n<td width=\"84\">2:09.59<\/td>\n<td width=\"120\">NCAA<\/td>\n<td width=\"108\">23\/03\/2024<\/td>\n<\/tr>\n<tr>\n<td width=\"97\">100 BORBOLETA<\/td>\n<td width=\"124\">Giulia Carvalho<\/td>\n<td width=\"90\">Miami<\/td>\n<td width=\"84\">50.91<\/td>\n<td width=\"120\">ACC<\/td>\n<td width=\"108\">20\/02\/2025<\/td>\n<\/tr>\n<tr>\n<td width=\"97\">200 BORBOLETA<\/td>\n<td width=\"124\">Rafaela Raurich<\/td>\n<td width=\"90\">NSU<\/td>\n<td width=\"84\">1:56.17<\/td>\n<td width=\"120\">NCAA Divis\u00e3o II<\/td>\n<td width=\"108\">15\/03\/2024<\/td>\n<\/tr>\n<tr>\n<td width=\"97\">200 MEDLEY<\/td>\n<td width=\"124\">Fernanda Celid\u00f4nio<\/td>\n<td width=\"90\">Louisville<\/td>\n<td width=\"84\">1:55.11<\/td>\n<td width=\"120\">NCAA<\/td>\n<td width=\"108\">21\/03\/2024<\/td>\n<\/tr>\n<tr>\n<td width=\"97\">400 MEDLEY<\/td>\n<td width=\"124\">Maria Eduarda Sumida<\/td>\n<td width=\"90\">Louisville<\/td>\n<td width=\"84\">4:08.87<\/td>\n<td width=\"120\">Last Chance Meet<\/td>\n<td width=\"108\">01\/03\/2019<\/td>\n<\/tr>\n<\/tbody>\n<\/table>\n<p>&nbsp;<\/p>\n<p>Gostaria de receber as not\u00edcias de nata\u00e7\u00e3o e \u00e1guas abertas no seu email?<\/p>\n<p><a href=\"https:\/\/lpa.nitro.news\/n-GNe\/ultimas-noticias-swim-channel\">Cadastre-se aqui<\/a><\/p>\n","protected":false},"excerpt":{"rendered":"<p>RECORDES MASCULINOS PROVAS RECORDISTA EQUIPE TEMPO COMPETI\u00c7\u00c3O DATA 50 LIVRE Guilherme Carib\u00e9 Tennessee 18.26 NCAA 27\/03\/2025 100 LIVRE Guilherme Cairb\u00e9 Tennessee 40.15 NCAA 29\/02\/2025 200 LIVRE Murilo Sartori Louisville 1:31:42 NCAA 29\/03\/2024 500 LIVRE Leonardo Alc\u00e2ntarar Alabama 4:11.28 UGA Invite 20\/11\/2025 1000 LIVRE Leonardo Alc\u00e2ntara Alabama 8:50.19 Dual Meet 30\/01\/2026 1650 LIVRE Leonardo Alc\u00e2ntara Alabama [&hellip;]<\/p>\n","protected":false},"author":12,"featured_media":75279,"comment_status":"open","ping_status":"open","sticky":false,"template":"","format":"standard","meta":{"footnotes":""},"categories":[137],"tags":[5,305,738,128],"class_list":["post-79460","post","type-post","status-publish","format-standard","has-post-thumbnail","hentry","category-natacao","tag-natacao","tag-ncaa","tag-piscina-de-jardas","tag-recordes"],"yoast_head":"<!-- This site is optimized with the Yoast SEO plugin v27.0 - https:\/\/yoast.com\/product\/yoast-seo-wordpress\/ -->\n<title>Atualizando a Tabela dos Recordes Brasileiros de Jardas - Swimchannel<\/title>\n<meta name=\"robots\" content=\"index, follow, max-snippet:-1, max-image-preview:large, max-video-preview:-1\" \/>\n<link rel=\"canonical\" href=\"https:\/\/swimchannel.net\/br\/atualizando-a-tabela-dos-recordes-brasileiros-de-jardas-2\/\" \/>\n<meta property=\"og:locale\" content=\"pt_BR\" \/>\n<meta property=\"og:type\" content=\"article\" \/>\n<meta property=\"og:title\" content=\"Atualizando a Tabela dos Recordes Brasileiros de Jardas - Swimchannel\" \/>\n<meta property=\"og:description\" content=\"RECORDES MASCULINOS PROVAS RECORDISTA EQUIPE TEMPO COMPETI\u00c7\u00c3O DATA 50 LIVRE Guilherme Carib\u00e9 Tennessee 18.26 NCAA 27\/03\/2025 100 LIVRE Guilherme Cairb\u00e9 Tennessee 40.15 NCAA 29\/02\/2025 200 LIVRE Murilo Sartori Louisville 1:31:42 NCAA 29\/03\/2024 500 LIVRE Leonardo Alc\u00e2ntarar Alabama 4:11.28 UGA Invite 20\/11\/2025 1000 LIVRE Leonardo Alc\u00e2ntara Alabama 8:50.19 Dual Meet 30\/01\/2026 1650 LIVRE Leonardo Alc\u00e2ntara Alabama [&hellip;]\" \/>\n<meta property=\"og:url\" content=\"https:\/\/swimchannel.net\/br\/atualizando-a-tabela-dos-recordes-brasileiros-de-jardas-2\/\" \/>\n<meta property=\"og:site_name\" content=\"Swimchannel\" \/>\n<meta property=\"article:publisher\" content=\"https:\/\/www.facebook.com\/swimchannel\" \/>\n<meta property=\"article:published_time\" content=\"2026-02-21T11:00:41+00:00\" \/>\n<meta property=\"og:image\" content=\"https:\/\/swimchannel.net\/br\/wp-content\/uploads\/2025\/07\/54688297103_ab7beff0b8_k.jpg\" \/>\n\t<meta property=\"og:image:width\" content=\"2048\" \/>\n\t<meta property=\"og:image:height\" content=\"1365\" \/>\n\t<meta property=\"og:image:type\" content=\"image\/jpeg\" \/>\n<meta name=\"author\" content=\"Alex Pussieldi\" \/>\n<meta name=\"twitter:card\" content=\"summary_large_image\" \/>\n<meta name=\"twitter:label1\" content=\"Escrito por\" \/>\n\t<meta name=\"twitter:data1\" content=\"Alex Pussieldi\" \/>\n\t<meta name=\"twitter:label2\" content=\"Est. tempo de leitura\" \/>\n\t<meta name=\"twitter:data2\" content=\"1 minuto\" \/>\n<script type=\"application\/ld+json\" class=\"yoast-schema-graph\">{\"@context\":\"https:\/\/schema.org\",\"@graph\":[{\"@type\":\"Article\",\"@id\":\"https:\/\/swimchannel.net\/br\/atualizando-a-tabela-dos-recordes-brasileiros-de-jardas-2\/#article\",\"isPartOf\":{\"@id\":\"https:\/\/swimchannel.net\/br\/atualizando-a-tabela-dos-recordes-brasileiros-de-jardas-2\/\"},\"author\":{\"name\":\"Alex Pussieldi\",\"@id\":\"https:\/\/swimchannel.net\/br\/#\/schema\/person\/cf549cb99cf75592fcf7c76213385e63\"},\"headline\":\"Atualizando a Tabela dos Recordes Brasileiros de Jardas\",\"datePublished\":\"2026-02-21T11:00:41+00:00\",\"mainEntityOfPage\":{\"@id\":\"https:\/\/swimchannel.net\/br\/atualizando-a-tabela-dos-recordes-brasileiros-de-jardas-2\/\"},\"wordCount\":229,\"commentCount\":0,\"publisher\":{\"@id\":\"https:\/\/swimchannel.net\/br\/#organization\"},\"image\":{\"@id\":\"https:\/\/swimchannel.net\/br\/atualizando-a-tabela-dos-recordes-brasileiros-de-jardas-2\/#primaryimage\"},\"thumbnailUrl\":\"https:\/\/swimchannel.net\/br\/wp-content\/uploads\/2025\/07\/54688297103_ab7beff0b8_k.jpg\",\"keywords\":[\"natacao\",\"NCAA\",\"piscina de jardas\",\"recordes\"],\"articleSection\":[\"Nata\u00e7\u00e3o\"],\"inLanguage\":\"pt-BR\",\"potentialAction\":[{\"@type\":\"CommentAction\",\"name\":\"Comment\",\"target\":[\"https:\/\/swimchannel.net\/br\/atualizando-a-tabela-dos-recordes-brasileiros-de-jardas-2\/#respond\"]}]},{\"@type\":\"WebPage\",\"@id\":\"https:\/\/swimchannel.net\/br\/atualizando-a-tabela-dos-recordes-brasileiros-de-jardas-2\/\",\"url\":\"https:\/\/swimchannel.net\/br\/atualizando-a-tabela-dos-recordes-brasileiros-de-jardas-2\/\",\"name\":\"Atualizando a Tabela dos Recordes Brasileiros de Jardas - Swimchannel\",\"isPartOf\":{\"@id\":\"https:\/\/swimchannel.net\/br\/#website\"},\"primaryImageOfPage\":{\"@id\":\"https:\/\/swimchannel.net\/br\/atualizando-a-tabela-dos-recordes-brasileiros-de-jardas-2\/#primaryimage\"},\"image\":{\"@id\":\"https:\/\/swimchannel.net\/br\/atualizando-a-tabela-dos-recordes-brasileiros-de-jardas-2\/#primaryimage\"},\"thumbnailUrl\":\"https:\/\/swimchannel.net\/br\/wp-content\/uploads\/2025\/07\/54688297103_ab7beff0b8_k.jpg\",\"datePublished\":\"2026-02-21T11:00:41+00:00\",\"breadcrumb\":{\"@id\":\"https:\/\/swimchannel.net\/br\/atualizando-a-tabela-dos-recordes-brasileiros-de-jardas-2\/#breadcrumb\"},\"inLanguage\":\"pt-BR\",\"potentialAction\":[{\"@type\":\"ReadAction\",\"target\":[\"https:\/\/swimchannel.net\/br\/atualizando-a-tabela-dos-recordes-brasileiros-de-jardas-2\/\"]}]},{\"@type\":\"ImageObject\",\"inLanguage\":\"pt-BR\",\"@id\":\"https:\/\/swimchannel.net\/br\/atualizando-a-tabela-dos-recordes-brasileiros-de-jardas-2\/#primaryimage\",\"url\":\"https:\/\/swimchannel.net\/br\/wp-content\/uploads\/2025\/07\/54688297103_ab7beff0b8_k.jpg\",\"contentUrl\":\"https:\/\/swimchannel.net\/br\/wp-content\/uploads\/2025\/07\/54688297103_ab7beff0b8_k.jpg\",\"width\":2048,\"height\":1365,\"caption\":\"Guilherme Carib\u00e9 - Foto: Satiro Sodr\u00e9\"},{\"@type\":\"BreadcrumbList\",\"@id\":\"https:\/\/swimchannel.net\/br\/atualizando-a-tabela-dos-recordes-brasileiros-de-jardas-2\/#breadcrumb\",\"itemListElement\":[{\"@type\":\"ListItem\",\"position\":1,\"name\":\"Home\",\"item\":\"https:\/\/swimchannel.net\/br\/\"},{\"@type\":\"ListItem\",\"position\":2,\"name\":\"Atualizando a Tabela dos Recordes Brasileiros de Jardas\"}]},{\"@type\":\"WebSite\",\"@id\":\"https:\/\/swimchannel.net\/br\/#website\",\"url\":\"https:\/\/swimchannel.net\/br\/\",\"name\":\"Swimchannel\",\"description\":\"Maior portal de nata\u00e7\u00e3o da america latina\",\"publisher\":{\"@id\":\"https:\/\/swimchannel.net\/br\/#organization\"},\"potentialAction\":[{\"@type\":\"SearchAction\",\"target\":{\"@type\":\"EntryPoint\",\"urlTemplate\":\"https:\/\/swimchannel.net\/br\/?s={search_term_string}\"},\"query-input\":{\"@type\":\"PropertyValueSpecification\",\"valueRequired\":true,\"valueName\":\"search_term_string\"}}],\"inLanguage\":\"pt-BR\"},{\"@type\":\"Organization\",\"@id\":\"https:\/\/swimchannel.net\/br\/#organization\",\"name\":\"Swimchannel - Conectando voc\u00ea a Nata\u00e7\u00e3o\",\"url\":\"https:\/\/swimchannel.net\/br\/\",\"logo\":{\"@type\":\"ImageObject\",\"inLanguage\":\"pt-BR\",\"@id\":\"https:\/\/swimchannel.net\/br\/#\/schema\/logo\/image\/\",\"url\":\"https:\/\/swimchannel.net\/br\/wp-content\/uploads\/2026\/02\/SWIM-CHANNEL.png\",\"contentUrl\":\"https:\/\/swimchannel.net\/br\/wp-content\/uploads\/2026\/02\/SWIM-CHANNEL.png\",\"width\":1120,\"height\":630,\"caption\":\"Swimchannel - Conectando voc\u00ea a Nata\u00e7\u00e3o\"},\"image\":{\"@id\":\"https:\/\/swimchannel.net\/br\/#\/schema\/logo\/image\/\"},\"sameAs\":[\"https:\/\/www.facebook.com\/swimchannel\",\"https:\/\/www.instagram.com\/swimchannel\"]},{\"@type\":\"Person\",\"@id\":\"https:\/\/swimchannel.net\/br\/#\/schema\/person\/cf549cb99cf75592fcf7c76213385e63\",\"name\":\"Alex Pussieldi\",\"image\":{\"@type\":\"ImageObject\",\"inLanguage\":\"pt-BR\",\"@id\":\"https:\/\/swimchannel.net\/br\/#\/schema\/person\/image\/\",\"url\":\"https:\/\/swimchannel.net\/br\/wp-content\/uploads\/2021\/02\/9b1c252d-a4bd-4eda-b399-24565cac4114-100x100.jpg\",\"contentUrl\":\"https:\/\/swimchannel.net\/br\/wp-content\/uploads\/2021\/02\/9b1c252d-a4bd-4eda-b399-24565cac4114-100x100.jpg\",\"caption\":\"Alex Pussieldi\"},\"description\":\"Alexandre Pussieldi, apelidado de \u201ccoach\u201d, Foi t\u00e9cnico da sele\u00e7\u00e3o verde e amarela nas Olimp\u00edadas de Pequim-2008 e Londres-2012. O treinador ainda comandou outros quatro pa\u00edses: Kuwait, Paraguai, Aruba e Antilhas Holandesas, al\u00e9m da sele\u00e7\u00e3o americana de \u00e1guas abertas. Pussieldi tem passagens como comentarista de nata\u00e7\u00e3o do Grupo Globo e Swim Channel.\",\"url\":\"https:\/\/swimchannel.net\/br\/author\/alexpussieldi\/\"}]}<\/script>\n<!-- \/ Yoast SEO plugin. -->","yoast_head_json":{"title":"Atualizando a Tabela dos Recordes Brasileiros de Jardas - Swimchannel","robots":{"index":"index","follow":"follow","max-snippet":"max-snippet:-1","max-image-preview":"max-image-preview:large","max-video-preview":"max-video-preview:-1"},"canonical":"https:\/\/swimchannel.net\/br\/atualizando-a-tabela-dos-recordes-brasileiros-de-jardas-2\/","og_locale":"pt_BR","og_type":"article","og_title":"Atualizando a Tabela dos Recordes Brasileiros de Jardas - Swimchannel","og_description":"RECORDES MASCULINOS PROVAS RECORDISTA EQUIPE TEMPO COMPETI\u00c7\u00c3O DATA 50 LIVRE Guilherme Carib\u00e9 Tennessee 18.26 NCAA 27\/03\/2025 100 LIVRE Guilherme Cairb\u00e9 Tennessee 40.15 NCAA 29\/02\/2025 200 LIVRE Murilo Sartori Louisville 1:31:42 NCAA 29\/03\/2024 500 LIVRE Leonardo Alc\u00e2ntarar Alabama 4:11.28 UGA Invite 20\/11\/2025 1000 LIVRE Leonardo Alc\u00e2ntara Alabama 8:50.19 Dual Meet 30\/01\/2026 1650 LIVRE Leonardo Alc\u00e2ntara Alabama [&hellip;]","og_url":"https:\/\/swimchannel.net\/br\/atualizando-a-tabela-dos-recordes-brasileiros-de-jardas-2\/","og_site_name":"Swimchannel","article_publisher":"https:\/\/www.facebook.com\/swimchannel","article_published_time":"2026-02-21T11:00:41+00:00","og_image":[{"width":2048,"height":1365,"url":"https:\/\/swimchannel.net\/br\/wp-content\/uploads\/2025\/07\/54688297103_ab7beff0b8_k.jpg","type":"image\/jpeg"}],"author":"Alex Pussieldi","twitter_card":"summary_large_image","twitter_misc":{"Escrito por":"Alex Pussieldi","Est. tempo de leitura":"1 minuto"},"schema":{"@context":"https:\/\/schema.org","@graph":[{"@type":"Article","@id":"https:\/\/swimchannel.net\/br\/atualizando-a-tabela-dos-recordes-brasileiros-de-jardas-2\/#article","isPartOf":{"@id":"https:\/\/swimchannel.net\/br\/atualizando-a-tabela-dos-recordes-brasileiros-de-jardas-2\/"},"author":{"name":"Alex Pussieldi","@id":"https:\/\/swimchannel.net\/br\/#\/schema\/person\/cf549cb99cf75592fcf7c76213385e63"},"headline":"Atualizando a Tabela dos Recordes Brasileiros de Jardas","datePublished":"2026-02-21T11:00:41+00:00","mainEntityOfPage":{"@id":"https:\/\/swimchannel.net\/br\/atualizando-a-tabela-dos-recordes-brasileiros-de-jardas-2\/"},"wordCount":229,"commentCount":0,"publisher":{"@id":"https:\/\/swimchannel.net\/br\/#organization"},"image":{"@id":"https:\/\/swimchannel.net\/br\/atualizando-a-tabela-dos-recordes-brasileiros-de-jardas-2\/#primaryimage"},"thumbnailUrl":"https:\/\/swimchannel.net\/br\/wp-content\/uploads\/2025\/07\/54688297103_ab7beff0b8_k.jpg","keywords":["natacao","NCAA","piscina de jardas","recordes"],"articleSection":["Nata\u00e7\u00e3o"],"inLanguage":"pt-BR","potentialAction":[{"@type":"CommentAction","name":"Comment","target":["https:\/\/swimchannel.net\/br\/atualizando-a-tabela-dos-recordes-brasileiros-de-jardas-2\/#respond"]}]},{"@type":"WebPage","@id":"https:\/\/swimchannel.net\/br\/atualizando-a-tabela-dos-recordes-brasileiros-de-jardas-2\/","url":"https:\/\/swimchannel.net\/br\/atualizando-a-tabela-dos-recordes-brasileiros-de-jardas-2\/","name":"Atualizando a Tabela dos Recordes Brasileiros de Jardas - Swimchannel","isPartOf":{"@id":"https:\/\/swimchannel.net\/br\/#website"},"primaryImageOfPage":{"@id":"https:\/\/swimchannel.net\/br\/atualizando-a-tabela-dos-recordes-brasileiros-de-jardas-2\/#primaryimage"},"image":{"@id":"https:\/\/swimchannel.net\/br\/atualizando-a-tabela-dos-recordes-brasileiros-de-jardas-2\/#primaryimage"},"thumbnailUrl":"https:\/\/swimchannel.net\/br\/wp-content\/uploads\/2025\/07\/54688297103_ab7beff0b8_k.jpg","datePublished":"2026-02-21T11:00:41+00:00","breadcrumb":{"@id":"https:\/\/swimchannel.net\/br\/atualizando-a-tabela-dos-recordes-brasileiros-de-jardas-2\/#breadcrumb"},"inLanguage":"pt-BR","potentialAction":[{"@type":"ReadAction","target":["https:\/\/swimchannel.net\/br\/atualizando-a-tabela-dos-recordes-brasileiros-de-jardas-2\/"]}]},{"@type":"ImageObject","inLanguage":"pt-BR","@id":"https:\/\/swimchannel.net\/br\/atualizando-a-tabela-dos-recordes-brasileiros-de-jardas-2\/#primaryimage","url":"https:\/\/swimchannel.net\/br\/wp-content\/uploads\/2025\/07\/54688297103_ab7beff0b8_k.jpg","contentUrl":"https:\/\/swimchannel.net\/br\/wp-content\/uploads\/2025\/07\/54688297103_ab7beff0b8_k.jpg","width":2048,"height":1365,"caption":"Guilherme Carib\u00e9 - Foto: Satiro Sodr\u00e9"},{"@type":"BreadcrumbList","@id":"https:\/\/swimchannel.net\/br\/atualizando-a-tabela-dos-recordes-brasileiros-de-jardas-2\/#breadcrumb","itemListElement":[{"@type":"ListItem","position":1,"name":"Home","item":"https:\/\/swimchannel.net\/br\/"},{"@type":"ListItem","position":2,"name":"Atualizando a Tabela dos Recordes Brasileiros de Jardas"}]},{"@type":"WebSite","@id":"https:\/\/swimchannel.net\/br\/#website","url":"https:\/\/swimchannel.net\/br\/","name":"Swimchannel","description":"Maior portal de nata\u00e7\u00e3o da america latina","publisher":{"@id":"https:\/\/swimchannel.net\/br\/#organization"},"potentialAction":[{"@type":"SearchAction","target":{"@type":"EntryPoint","urlTemplate":"https:\/\/swimchannel.net\/br\/?s={search_term_string}"},"query-input":{"@type":"PropertyValueSpecification","valueRequired":true,"valueName":"search_term_string"}}],"inLanguage":"pt-BR"},{"@type":"Organization","@id":"https:\/\/swimchannel.net\/br\/#organization","name":"Swimchannel - Conectando voc\u00ea a Nata\u00e7\u00e3o","url":"https:\/\/swimchannel.net\/br\/","logo":{"@type":"ImageObject","inLanguage":"pt-BR","@id":"https:\/\/swimchannel.net\/br\/#\/schema\/logo\/image\/","url":"https:\/\/swimchannel.net\/br\/wp-content\/uploads\/2026\/02\/SWIM-CHANNEL.png","contentUrl":"https:\/\/swimchannel.net\/br\/wp-content\/uploads\/2026\/02\/SWIM-CHANNEL.png","width":1120,"height":630,"caption":"Swimchannel - Conectando voc\u00ea a Nata\u00e7\u00e3o"},"image":{"@id":"https:\/\/swimchannel.net\/br\/#\/schema\/logo\/image\/"},"sameAs":["https:\/\/www.facebook.com\/swimchannel","https:\/\/www.instagram.com\/swimchannel"]},{"@type":"Person","@id":"https:\/\/swimchannel.net\/br\/#\/schema\/person\/cf549cb99cf75592fcf7c76213385e63","name":"Alex Pussieldi","image":{"@type":"ImageObject","inLanguage":"pt-BR","@id":"https:\/\/swimchannel.net\/br\/#\/schema\/person\/image\/","url":"https:\/\/swimchannel.net\/br\/wp-content\/uploads\/2021\/02\/9b1c252d-a4bd-4eda-b399-24565cac4114-100x100.jpg","contentUrl":"https:\/\/swimchannel.net\/br\/wp-content\/uploads\/2021\/02\/9b1c252d-a4bd-4eda-b399-24565cac4114-100x100.jpg","caption":"Alex Pussieldi"},"description":"Alexandre Pussieldi, apelidado de \u201ccoach\u201d, Foi t\u00e9cnico da sele\u00e7\u00e3o verde e amarela nas Olimp\u00edadas de Pequim-2008 e Londres-2012. O treinador ainda comandou outros quatro pa\u00edses: Kuwait, Paraguai, Aruba e Antilhas Holandesas, al\u00e9m da sele\u00e7\u00e3o americana de \u00e1guas abertas. Pussieldi tem passagens como comentarista de nata\u00e7\u00e3o do Grupo Globo e Swim Channel.","url":"https:\/\/swimchannel.net\/br\/author\/alexpussieldi\/"}]}},"_links":{"self":[{"href":"https:\/\/swimchannel.net\/br\/wp-json\/wp\/v2\/posts\/79460","targetHints":{"allow":["GET"]}}],"collection":[{"href":"https:\/\/swimchannel.net\/br\/wp-json\/wp\/v2\/posts"}],"about":[{"href":"https:\/\/swimchannel.net\/br\/wp-json\/wp\/v2\/types\/post"}],"author":[{"embeddable":true,"href":"https:\/\/swimchannel.net\/br\/wp-json\/wp\/v2\/users\/12"}],"replies":[{"embeddable":true,"href":"https:\/\/swimchannel.net\/br\/wp-json\/wp\/v2\/comments?post=79460"}],"version-history":[{"count":2,"href":"https:\/\/swimchannel.net\/br\/wp-json\/wp\/v2\/posts\/79460\/revisions"}],"predecessor-version":[{"id":79462,"href":"https:\/\/swimchannel.net\/br\/wp-json\/wp\/v2\/posts\/79460\/revisions\/79462"}],"wp:featuredmedia":[{"embeddable":true,"href":"https:\/\/swimchannel.net\/br\/wp-json\/wp\/v2\/media\/75279"}],"wp:attachment":[{"href":"https:\/\/swimchannel.net\/br\/wp-json\/wp\/v2\/media?parent=79460"}],"wp:term":[{"taxonomy":"category","embeddable":true,"href":"https:\/\/swimchannel.net\/br\/wp-json\/wp\/v2\/categories?post=79460"},{"taxonomy":"post_tag","embeddable":true,"href":"https:\/\/swimchannel.net\/br\/wp-json\/wp\/v2\/tags?post=79460"}],"curies":[{"name":"wp","href":"https:\/\/api.w.org\/{rel}","templated":true}]}}