{"id":79559,"date":"2026-02-25T12:00:10","date_gmt":"2026-02-25T15:00:10","guid":{"rendered":"https:\/\/swimchannel.net\/br\/?p=79559"},"modified":"2026-02-24T14:36:22","modified_gmt":"2026-02-24T17:36:22","slug":"copa-do-mundo-de-saltos-ornamentais-tem-inicio-esta-semana","status":"publish","type":"post","link":"https:\/\/swimchannel.net\/br\/copa-do-mundo-de-saltos-ornamentais-tem-inicio-esta-semana\/","title":{"rendered":"Copa do Mundo de saltos ornamentais tem in\u00edcio esta semana"},"content":{"rendered":"<p>Tem in\u00edcio amanh\u00e3 a temporada 2026 da Copa do Mundo de Saltos Ornamentais, principal circuito internacional da modalidade e que \u00e9 organizado pela World Aquatics. E ser\u00e1 uma temporada curta com apenas tr\u00eas etapas.<\/p>\n<p>O pontap\u00e9 inicial ser\u00e1 em Montreal, no Canad\u00e1, de quinta a domingo. A segunda etapa acontece em Zapopan, no M\u00e9xico, entre 5 a 8 de mar\u00e7o. A terceira e \u00faltima etapa ser\u00e1 a Superfinal da Copa do Mundo, em Pequim, na China, durante os dias 1\u00ba e 3 de maio.<\/p>\n<p>Nesta primeira etapa em Montreal o Brasil estar\u00e1 representado pelas saltadoras Luana Lira e Anna Santos. Luana disputar\u00e1 o trampolim de 3 metros individual e tamb\u00e9m a prova sincronizada. J\u00e1 Anna competir\u00e1 no trampolim de 3 metros sincronizado. As atletas est\u00e3o sob orienta\u00e7\u00e3o do t\u00e9cnico Gabriel Serra.<\/p>\n<p>&nbsp;<\/p>\n<p>Gostaria de receber as not\u00edcias de nata\u00e7\u00e3o e \u00e1guas abertas no seu email?<\/p>\n<p><a href=\"https:\/\/lpa.nitro.news\/n-GNe\/ultimas-noticias-swim-channel\">Cadastre-se aqui<\/a><\/p>\n","protected":false},"excerpt":{"rendered":"<p>Tem in\u00edcio amanh\u00e3 a temporada 2026 da Copa do Mundo de Saltos Ornamentais, principal circuito internacional da modalidade e que \u00e9 organizado pela World Aquatics. E ser\u00e1 uma temporada curta com apenas tr\u00eas etapas. O pontap\u00e9 inicial ser\u00e1 em Montreal, no Canad\u00e1, de quinta a domingo. A segunda etapa acontece em Zapopan, no M\u00e9xico, entre [&hellip;]<\/p>\n","protected":false},"author":3,"featured_media":79562,"comment_status":"open","ping_status":"open","sticky":false,"template":"","format":"standard","meta":{"footnotes":""},"categories":[1172],"tags":[482,5,2586,5101],"class_list":["post-79559","post","type-post","status-publish","format-standard","has-post-thumbnail","hentry","category-aqua","tag-copa-do-mundo","tag-natacao","tag-saltos-ornamentais","tag-world-aquatics"],"yoast_head":"<!-- This site is optimized with the Yoast SEO plugin v27.0 - https:\/\/yoast.com\/product\/yoast-seo-wordpress\/ -->\n<title>Copa do Mundo de saltos ornamentais tem in\u00edcio esta semana - Swimchannel<\/title>\n<meta name=\"robots\" content=\"index, follow, max-snippet:-1, max-image-preview:large, max-video-preview:-1\" \/>\n<link rel=\"canonical\" href=\"https:\/\/swimchannel.net\/br\/copa-do-mundo-de-saltos-ornamentais-tem-inicio-esta-semana\/\" \/>\n<meta property=\"og:locale\" content=\"pt_BR\" \/>\n<meta property=\"og:type\" content=\"article\" \/>\n<meta property=\"og:title\" content=\"Copa do Mundo de saltos ornamentais tem in\u00edcio esta semana - Swimchannel\" \/>\n<meta property=\"og:description\" content=\"Tem in\u00edcio amanh\u00e3 a temporada 2026 da Copa do Mundo de Saltos Ornamentais, principal circuito internacional da modalidade e que \u00e9 organizado pela World Aquatics. E ser\u00e1 uma temporada curta com apenas tr\u00eas etapas. O pontap\u00e9 inicial ser\u00e1 em Montreal, no Canad\u00e1, de quinta a domingo. A segunda etapa acontece em Zapopan, no M\u00e9xico, entre [&hellip;]\" \/>\n<meta property=\"og:url\" content=\"https:\/\/swimchannel.net\/br\/copa-do-mundo-de-saltos-ornamentais-tem-inicio-esta-semana\/\" \/>\n<meta property=\"og:site_name\" content=\"Swimchannel\" \/>\n<meta property=\"article:publisher\" content=\"https:\/\/www.facebook.com\/swimchannel\" \/>\n<meta property=\"article:published_time\" content=\"2026-02-25T15:00:10+00:00\" \/>\n<meta property=\"og:image\" content=\"https:\/\/swimchannel.net\/br\/wp-content\/uploads\/2026\/02\/ntc_1771948206.jpeg\" \/>\n\t<meta property=\"og:image:width\" content=\"840\" \/>\n\t<meta property=\"og:image:height\" content=\"630\" \/>\n\t<meta property=\"og:image:type\" content=\"image\/jpeg\" \/>\n<meta name=\"author\" content=\"Guilherme Freitas\" \/>\n<meta name=\"twitter:card\" content=\"summary_large_image\" \/>\n<meta name=\"twitter:label1\" content=\"Escrito por\" \/>\n\t<meta name=\"twitter:data1\" content=\"Guilherme Freitas\" \/>\n\t<meta name=\"twitter:label2\" content=\"Est. tempo de leitura\" \/>\n\t<meta name=\"twitter:data2\" content=\"1 minuto\" \/>\n<script type=\"application\/ld+json\" class=\"yoast-schema-graph\">{\"@context\":\"https:\/\/schema.org\",\"@graph\":[{\"@type\":\"Article\",\"@id\":\"https:\/\/swimchannel.net\/br\/copa-do-mundo-de-saltos-ornamentais-tem-inicio-esta-semana\/#article\",\"isPartOf\":{\"@id\":\"https:\/\/swimchannel.net\/br\/copa-do-mundo-de-saltos-ornamentais-tem-inicio-esta-semana\/\"},\"author\":{\"name\":\"Guilherme Freitas\",\"@id\":\"https:\/\/swimchannel.net\/br\/#\/schema\/person\/aa2a63bab3275f53749a83276b213c48\"},\"headline\":\"Copa do Mundo de saltos ornamentais tem in\u00edcio esta semana\",\"datePublished\":\"2026-02-25T15:00:10+00:00\",\"mainEntityOfPage\":{\"@id\":\"https:\/\/swimchannel.net\/br\/copa-do-mundo-de-saltos-ornamentais-tem-inicio-esta-semana\/\"},\"wordCount\":160,\"commentCount\":0,\"publisher\":{\"@id\":\"https:\/\/swimchannel.net\/br\/#organization\"},\"image\":{\"@id\":\"https:\/\/swimchannel.net\/br\/copa-do-mundo-de-saltos-ornamentais-tem-inicio-esta-semana\/#primaryimage\"},\"thumbnailUrl\":\"https:\/\/swimchannel.net\/br\/wp-content\/uploads\/2026\/02\/ntc_1771948206.jpeg\",\"keywords\":[\"Copa do Mundo\",\"natacao\",\"saltos ornamentais\",\"World Aquatics\"],\"articleSection\":[\"AQUA\"],\"inLanguage\":\"pt-BR\",\"potentialAction\":[{\"@type\":\"CommentAction\",\"name\":\"Comment\",\"target\":[\"https:\/\/swimchannel.net\/br\/copa-do-mundo-de-saltos-ornamentais-tem-inicio-esta-semana\/#respond\"]}]},{\"@type\":\"WebPage\",\"@id\":\"https:\/\/swimchannel.net\/br\/copa-do-mundo-de-saltos-ornamentais-tem-inicio-esta-semana\/\",\"url\":\"https:\/\/swimchannel.net\/br\/copa-do-mundo-de-saltos-ornamentais-tem-inicio-esta-semana\/\",\"name\":\"Copa do Mundo de saltos ornamentais tem in\u00edcio esta semana - Swimchannel\",\"isPartOf\":{\"@id\":\"https:\/\/swimchannel.net\/br\/#website\"},\"primaryImageOfPage\":{\"@id\":\"https:\/\/swimchannel.net\/br\/copa-do-mundo-de-saltos-ornamentais-tem-inicio-esta-semana\/#primaryimage\"},\"image\":{\"@id\":\"https:\/\/swimchannel.net\/br\/copa-do-mundo-de-saltos-ornamentais-tem-inicio-esta-semana\/#primaryimage\"},\"thumbnailUrl\":\"https:\/\/swimchannel.net\/br\/wp-content\/uploads\/2026\/02\/ntc_1771948206.jpeg\",\"datePublished\":\"2026-02-25T15:00:10+00:00\",\"breadcrumb\":{\"@id\":\"https:\/\/swimchannel.net\/br\/copa-do-mundo-de-saltos-ornamentais-tem-inicio-esta-semana\/#breadcrumb\"},\"inLanguage\":\"pt-BR\",\"potentialAction\":[{\"@type\":\"ReadAction\",\"target\":[\"https:\/\/swimchannel.net\/br\/copa-do-mundo-de-saltos-ornamentais-tem-inicio-esta-semana\/\"]}]},{\"@type\":\"ImageObject\",\"inLanguage\":\"pt-BR\",\"@id\":\"https:\/\/swimchannel.net\/br\/copa-do-mundo-de-saltos-ornamentais-tem-inicio-esta-semana\/#primaryimage\",\"url\":\"https:\/\/swimchannel.net\/br\/wp-content\/uploads\/2026\/02\/ntc_1771948206.jpeg\",\"contentUrl\":\"https:\/\/swimchannel.net\/br\/wp-content\/uploads\/2026\/02\/ntc_1771948206.jpeg\",\"width\":840,\"height\":630,\"caption\":\"Anna Santos e Luana Lira - Foto: Divulga\u00e7\u00e3o\/Saltos Brasil\"},{\"@type\":\"BreadcrumbList\",\"@id\":\"https:\/\/swimchannel.net\/br\/copa-do-mundo-de-saltos-ornamentais-tem-inicio-esta-semana\/#breadcrumb\",\"itemListElement\":[{\"@type\":\"ListItem\",\"position\":1,\"name\":\"Home\",\"item\":\"https:\/\/swimchannel.net\/br\/\"},{\"@type\":\"ListItem\",\"position\":2,\"name\":\"Copa do Mundo de saltos ornamentais tem in\u00edcio esta semana\"}]},{\"@type\":\"WebSite\",\"@id\":\"https:\/\/swimchannel.net\/br\/#website\",\"url\":\"https:\/\/swimchannel.net\/br\/\",\"name\":\"Swimchannel\",\"description\":\"Maior portal de nata\u00e7\u00e3o da america latina\",\"publisher\":{\"@id\":\"https:\/\/swimchannel.net\/br\/#organization\"},\"potentialAction\":[{\"@type\":\"SearchAction\",\"target\":{\"@type\":\"EntryPoint\",\"urlTemplate\":\"https:\/\/swimchannel.net\/br\/?s={search_term_string}\"},\"query-input\":{\"@type\":\"PropertyValueSpecification\",\"valueRequired\":true,\"valueName\":\"search_term_string\"}}],\"inLanguage\":\"pt-BR\"},{\"@type\":\"Organization\",\"@id\":\"https:\/\/swimchannel.net\/br\/#organization\",\"name\":\"Swimchannel - Conectando voc\u00ea a Nata\u00e7\u00e3o\",\"url\":\"https:\/\/swimchannel.net\/br\/\",\"logo\":{\"@type\":\"ImageObject\",\"inLanguage\":\"pt-BR\",\"@id\":\"https:\/\/swimchannel.net\/br\/#\/schema\/logo\/image\/\",\"url\":\"https:\/\/swimchannel.net\/br\/wp-content\/uploads\/2026\/02\/SWIM-CHANNEL.png\",\"contentUrl\":\"https:\/\/swimchannel.net\/br\/wp-content\/uploads\/2026\/02\/SWIM-CHANNEL.png\",\"width\":1120,\"height\":630,\"caption\":\"Swimchannel - Conectando voc\u00ea a Nata\u00e7\u00e3o\"},\"image\":{\"@id\":\"https:\/\/swimchannel.net\/br\/#\/schema\/logo\/image\/\"},\"sameAs\":[\"https:\/\/www.facebook.com\/swimchannel\",\"https:\/\/www.instagram.com\/swimchannel\"]},{\"@type\":\"Person\",\"@id\":\"https:\/\/swimchannel.net\/br\/#\/schema\/person\/aa2a63bab3275f53749a83276b213c48\",\"name\":\"Guilherme Freitas\",\"image\":{\"@type\":\"ImageObject\",\"inLanguage\":\"pt-BR\",\"@id\":\"https:\/\/swimchannel.net\/br\/#\/schema\/person\/image\/\",\"url\":\"https:\/\/swimchannel.net\/br\/wp-content\/uploads\/2025\/10\/gui22-193x180.png\",\"contentUrl\":\"https:\/\/swimchannel.net\/br\/wp-content\/uploads\/2025\/10\/gui22-193x180.png\",\"caption\":\"Guilherme Freitas\"},\"description\":\"Jornalista s\u00eanior da SWIM CHANNEL, ex-correspondente da FINA no Brasil e pesquisador acad\u00eamico.\",\"sameAs\":[\"instagram.com\/guifreitas86\"],\"url\":\"https:\/\/swimchannel.net\/br\/author\/guilherme-freitas\/\"}]}<\/script>\n<!-- \/ Yoast SEO plugin. -->","yoast_head_json":{"title":"Copa do Mundo de saltos ornamentais tem in\u00edcio esta semana - Swimchannel","robots":{"index":"index","follow":"follow","max-snippet":"max-snippet:-1","max-image-preview":"max-image-preview:large","max-video-preview":"max-video-preview:-1"},"canonical":"https:\/\/swimchannel.net\/br\/copa-do-mundo-de-saltos-ornamentais-tem-inicio-esta-semana\/","og_locale":"pt_BR","og_type":"article","og_title":"Copa do Mundo de saltos ornamentais tem in\u00edcio esta semana - Swimchannel","og_description":"Tem in\u00edcio amanh\u00e3 a temporada 2026 da Copa do Mundo de Saltos Ornamentais, principal circuito internacional da modalidade e que \u00e9 organizado pela World Aquatics. E ser\u00e1 uma temporada curta com apenas tr\u00eas etapas. O pontap\u00e9 inicial ser\u00e1 em Montreal, no Canad\u00e1, de quinta a domingo. A segunda etapa acontece em Zapopan, no M\u00e9xico, entre [&hellip;]","og_url":"https:\/\/swimchannel.net\/br\/copa-do-mundo-de-saltos-ornamentais-tem-inicio-esta-semana\/","og_site_name":"Swimchannel","article_publisher":"https:\/\/www.facebook.com\/swimchannel","article_published_time":"2026-02-25T15:00:10+00:00","og_image":[{"width":840,"height":630,"url":"https:\/\/swimchannel.net\/br\/wp-content\/uploads\/2026\/02\/ntc_1771948206.jpeg","type":"image\/jpeg"}],"author":"Guilherme Freitas","twitter_card":"summary_large_image","twitter_misc":{"Escrito por":"Guilherme Freitas","Est. tempo de leitura":"1 minuto"},"schema":{"@context":"https:\/\/schema.org","@graph":[{"@type":"Article","@id":"https:\/\/swimchannel.net\/br\/copa-do-mundo-de-saltos-ornamentais-tem-inicio-esta-semana\/#article","isPartOf":{"@id":"https:\/\/swimchannel.net\/br\/copa-do-mundo-de-saltos-ornamentais-tem-inicio-esta-semana\/"},"author":{"name":"Guilherme Freitas","@id":"https:\/\/swimchannel.net\/br\/#\/schema\/person\/aa2a63bab3275f53749a83276b213c48"},"headline":"Copa do Mundo de saltos ornamentais tem in\u00edcio esta semana","datePublished":"2026-02-25T15:00:10+00:00","mainEntityOfPage":{"@id":"https:\/\/swimchannel.net\/br\/copa-do-mundo-de-saltos-ornamentais-tem-inicio-esta-semana\/"},"wordCount":160,"commentCount":0,"publisher":{"@id":"https:\/\/swimchannel.net\/br\/#organization"},"image":{"@id":"https:\/\/swimchannel.net\/br\/copa-do-mundo-de-saltos-ornamentais-tem-inicio-esta-semana\/#primaryimage"},"thumbnailUrl":"https:\/\/swimchannel.net\/br\/wp-content\/uploads\/2026\/02\/ntc_1771948206.jpeg","keywords":["Copa do Mundo","natacao","saltos ornamentais","World Aquatics"],"articleSection":["AQUA"],"inLanguage":"pt-BR","potentialAction":[{"@type":"CommentAction","name":"Comment","target":["https:\/\/swimchannel.net\/br\/copa-do-mundo-de-saltos-ornamentais-tem-inicio-esta-semana\/#respond"]}]},{"@type":"WebPage","@id":"https:\/\/swimchannel.net\/br\/copa-do-mundo-de-saltos-ornamentais-tem-inicio-esta-semana\/","url":"https:\/\/swimchannel.net\/br\/copa-do-mundo-de-saltos-ornamentais-tem-inicio-esta-semana\/","name":"Copa do Mundo de saltos ornamentais tem in\u00edcio esta semana - Swimchannel","isPartOf":{"@id":"https:\/\/swimchannel.net\/br\/#website"},"primaryImageOfPage":{"@id":"https:\/\/swimchannel.net\/br\/copa-do-mundo-de-saltos-ornamentais-tem-inicio-esta-semana\/#primaryimage"},"image":{"@id":"https:\/\/swimchannel.net\/br\/copa-do-mundo-de-saltos-ornamentais-tem-inicio-esta-semana\/#primaryimage"},"thumbnailUrl":"https:\/\/swimchannel.net\/br\/wp-content\/uploads\/2026\/02\/ntc_1771948206.jpeg","datePublished":"2026-02-25T15:00:10+00:00","breadcrumb":{"@id":"https:\/\/swimchannel.net\/br\/copa-do-mundo-de-saltos-ornamentais-tem-inicio-esta-semana\/#breadcrumb"},"inLanguage":"pt-BR","potentialAction":[{"@type":"ReadAction","target":["https:\/\/swimchannel.net\/br\/copa-do-mundo-de-saltos-ornamentais-tem-inicio-esta-semana\/"]}]},{"@type":"ImageObject","inLanguage":"pt-BR","@id":"https:\/\/swimchannel.net\/br\/copa-do-mundo-de-saltos-ornamentais-tem-inicio-esta-semana\/#primaryimage","url":"https:\/\/swimchannel.net\/br\/wp-content\/uploads\/2026\/02\/ntc_1771948206.jpeg","contentUrl":"https:\/\/swimchannel.net\/br\/wp-content\/uploads\/2026\/02\/ntc_1771948206.jpeg","width":840,"height":630,"caption":"Anna Santos e Luana Lira - Foto: Divulga\u00e7\u00e3o\/Saltos Brasil"},{"@type":"BreadcrumbList","@id":"https:\/\/swimchannel.net\/br\/copa-do-mundo-de-saltos-ornamentais-tem-inicio-esta-semana\/#breadcrumb","itemListElement":[{"@type":"ListItem","position":1,"name":"Home","item":"https:\/\/swimchannel.net\/br\/"},{"@type":"ListItem","position":2,"name":"Copa do Mundo de saltos ornamentais tem in\u00edcio esta semana"}]},{"@type":"WebSite","@id":"https:\/\/swimchannel.net\/br\/#website","url":"https:\/\/swimchannel.net\/br\/","name":"Swimchannel","description":"Maior portal de nata\u00e7\u00e3o da america latina","publisher":{"@id":"https:\/\/swimchannel.net\/br\/#organization"},"potentialAction":[{"@type":"SearchAction","target":{"@type":"EntryPoint","urlTemplate":"https:\/\/swimchannel.net\/br\/?s={search_term_string}"},"query-input":{"@type":"PropertyValueSpecification","valueRequired":true,"valueName":"search_term_string"}}],"inLanguage":"pt-BR"},{"@type":"Organization","@id":"https:\/\/swimchannel.net\/br\/#organization","name":"Swimchannel - Conectando voc\u00ea a Nata\u00e7\u00e3o","url":"https:\/\/swimchannel.net\/br\/","logo":{"@type":"ImageObject","inLanguage":"pt-BR","@id":"https:\/\/swimchannel.net\/br\/#\/schema\/logo\/image\/","url":"https:\/\/swimchannel.net\/br\/wp-content\/uploads\/2026\/02\/SWIM-CHANNEL.png","contentUrl":"https:\/\/swimchannel.net\/br\/wp-content\/uploads\/2026\/02\/SWIM-CHANNEL.png","width":1120,"height":630,"caption":"Swimchannel - Conectando voc\u00ea a Nata\u00e7\u00e3o"},"image":{"@id":"https:\/\/swimchannel.net\/br\/#\/schema\/logo\/image\/"},"sameAs":["https:\/\/www.facebook.com\/swimchannel","https:\/\/www.instagram.com\/swimchannel"]},{"@type":"Person","@id":"https:\/\/swimchannel.net\/br\/#\/schema\/person\/aa2a63bab3275f53749a83276b213c48","name":"Guilherme Freitas","image":{"@type":"ImageObject","inLanguage":"pt-BR","@id":"https:\/\/swimchannel.net\/br\/#\/schema\/person\/image\/","url":"https:\/\/swimchannel.net\/br\/wp-content\/uploads\/2025\/10\/gui22-193x180.png","contentUrl":"https:\/\/swimchannel.net\/br\/wp-content\/uploads\/2025\/10\/gui22-193x180.png","caption":"Guilherme Freitas"},"description":"Jornalista s\u00eanior da SWIM CHANNEL, ex-correspondente da FINA no Brasil e pesquisador acad\u00eamico.","sameAs":["instagram.com\/guifreitas86"],"url":"https:\/\/swimchannel.net\/br\/author\/guilherme-freitas\/"}]}},"_links":{"self":[{"href":"https:\/\/swimchannel.net\/br\/wp-json\/wp\/v2\/posts\/79559","targetHints":{"allow":["GET"]}}],"collection":[{"href":"https:\/\/swimchannel.net\/br\/wp-json\/wp\/v2\/posts"}],"about":[{"href":"https:\/\/swimchannel.net\/br\/wp-json\/wp\/v2\/types\/post"}],"author":[{"embeddable":true,"href":"https:\/\/swimchannel.net\/br\/wp-json\/wp\/v2\/users\/3"}],"replies":[{"embeddable":true,"href":"https:\/\/swimchannel.net\/br\/wp-json\/wp\/v2\/comments?post=79559"}],"version-history":[{"count":3,"href":"https:\/\/swimchannel.net\/br\/wp-json\/wp\/v2\/posts\/79559\/revisions"}],"predecessor-version":[{"id":79563,"href":"https:\/\/swimchannel.net\/br\/wp-json\/wp\/v2\/posts\/79559\/revisions\/79563"}],"wp:featuredmedia":[{"embeddable":true,"href":"https:\/\/swimchannel.net\/br\/wp-json\/wp\/v2\/media\/79562"}],"wp:attachment":[{"href":"https:\/\/swimchannel.net\/br\/wp-json\/wp\/v2\/media?parent=79559"}],"wp:term":[{"taxonomy":"category","embeddable":true,"href":"https:\/\/swimchannel.net\/br\/wp-json\/wp\/v2\/categories?post=79559"},{"taxonomy":"post_tag","embeddable":true,"href":"https:\/\/swimchannel.net\/br\/wp-json\/wp\/v2\/tags?post=79559"}],"curies":[{"name":"wp","href":"https:\/\/api.w.org\/{rel}","templated":true}]}}