{"id":79592,"date":"2026-02-26T11:29:42","date_gmt":"2026-02-26T14:29:42","guid":{"rendered":"https:\/\/swimchannel.net\/br\/?p=79592"},"modified":"2026-02-26T16:17:52","modified_gmt":"2026-02-26T19:17:52","slug":"gabi-assis-gabi-roncatto-e-brandonn-almeida-competiram-no-mexico","status":"publish","type":"post","link":"https:\/\/swimchannel.net\/br\/gabi-assis-gabi-roncatto-e-brandonn-almeida-competiram-no-mexico\/","title":{"rendered":"Gabi Assis, Gabi Roncatto e Brandonn Almeida competiram no M\u00e9xico"},"content":{"rendered":"<p>Abrindo a temporada 2026 e num final de semana de muita tens\u00e3o no M\u00e9xico. L\u00e1 estavam tr\u00eas dos principais nadadores brasileiros participando do Torneio Internacional de Queretaro. Gabrielle Assis, Gabrielle Roncatto e Brandonn Almeida estiveram no torneio que ainda teve presen\u00e7a de outras estrelas internacionais.<\/p>\n<p>&nbsp;<\/p>\n<p><strong>Confira os resultados dos nadadores brasileiros:<\/strong><\/p>\n<figure id=\"attachment_61379\" aria-describedby=\"caption-attachment-61379\" style=\"width: 945px\" class=\"wp-caption alignnone\"><img loading=\"lazy\" decoding=\"async\" class=\"size-full wp-image-61379\" src=\"https:\/\/swimchannel.net\/br\/wp-content\/uploads\/2023\/10\/53280935165_9142a41d10_k.jpg\" alt=\"\" width=\"945\" height=\"630\" srcset=\"https:\/\/swimchannel.net\/br\/wp-content\/uploads\/2023\/10\/53280935165_9142a41d10_k.jpg 945w, https:\/\/swimchannel.net\/br\/wp-content\/uploads\/2023\/10\/53280935165_9142a41d10_k-270x180.jpg 270w, https:\/\/swimchannel.net\/br\/wp-content\/uploads\/2023\/10\/53280935165_9142a41d10_k-768x512.jpg 768w, https:\/\/swimchannel.net\/br\/wp-content\/uploads\/2023\/10\/53280935165_9142a41d10_k-750x500.jpg 750w\" sizes=\"auto, (max-width: 945px) 100vw, 945px\" \/><figcaption id=\"caption-attachment-61379\" class=\"wp-caption-text\">Gabrielle Assis &#8211; Foto: Satiro Sodr\u00e9<\/figcaption><\/figure>\n<p>Gabrielle Assis<br \/>\n1o 400m medley 5:02.90<br \/>\n1o 200m peito 2:31.28<br \/>\n1o 100m peito 1:11.38<br \/>\n1o 50m peito 33.16<\/p>\n<p>&nbsp;<\/p>\n<figure id=\"attachment_68533\" aria-describedby=\"caption-attachment-68533\" style=\"width: 1199px\" class=\"wp-caption alignnone\"><img loading=\"lazy\" decoding=\"async\" class=\"size-large wp-image-68533\" src=\"https:\/\/swimchannel.net\/br\/wp-content\/uploads\/2024\/08\/53927509680_576211f6dc_k-1199x800.jpg\" alt=\"\" width=\"1199\" height=\"800\" srcset=\"https:\/\/swimchannel.net\/br\/wp-content\/uploads\/2024\/08\/53927509680_576211f6dc_k-1199x800.jpg 1199w, https:\/\/swimchannel.net\/br\/wp-content\/uploads\/2024\/08\/53927509680_576211f6dc_k-1012x675.jpg 1012w, https:\/\/swimchannel.net\/br\/wp-content\/uploads\/2024\/08\/53927509680_576211f6dc_k-270x180.jpg 270w, https:\/\/swimchannel.net\/br\/wp-content\/uploads\/2024\/08\/53927509680_576211f6dc_k-768x512.jpg 768w, https:\/\/swimchannel.net\/br\/wp-content\/uploads\/2024\/08\/53927509680_576211f6dc_k-1536x1025.jpg 1536w, https:\/\/swimchannel.net\/br\/wp-content\/uploads\/2024\/08\/53927509680_576211f6dc_k-750x500.jpg 750w, https:\/\/swimchannel.net\/br\/wp-content\/uploads\/2024\/08\/53927509680_576211f6dc_k-1140x760.jpg 1140w, https:\/\/swimchannel.net\/br\/wp-content\/uploads\/2024\/08\/53927509680_576211f6dc_k.jpg 2048w\" sizes=\"auto, (max-width: 1199px) 100vw, 1199px\" \/><figcaption id=\"caption-attachment-68533\" class=\"wp-caption-text\">Gabrielle Roncatto &#8211; Foto: Satiro Sodr\u00e9<\/figcaption><\/figure>\n<p>Gabrielle Roncatto<br \/>\n1o 1500m livre 17:29.04<br \/>\n1o 800m livre 9:00.46<br \/>\n1o 100m livre 59.87<br \/>\n1o 400m livre 4:20.51<br \/>\n1o 200m livre 2:10.41<\/p>\n<p>&nbsp;<\/p>\n<figure id=\"attachment_61435\" aria-describedby=\"caption-attachment-61435\" style=\"width: 946px\" class=\"wp-caption alignnone\"><img loading=\"lazy\" decoding=\"async\" class=\"size-full wp-image-61435\" src=\"https:\/\/swimchannel.net\/br\/wp-content\/uploads\/2023\/10\/24a02998-ee1b-4495-ba74-fd1ed5284f68.jpg\" alt=\"\" width=\"946\" height=\"630\" srcset=\"https:\/\/swimchannel.net\/br\/wp-content\/uploads\/2023\/10\/24a02998-ee1b-4495-ba74-fd1ed5284f68.jpg 946w, https:\/\/swimchannel.net\/br\/wp-content\/uploads\/2023\/10\/24a02998-ee1b-4495-ba74-fd1ed5284f68-270x180.jpg 270w, https:\/\/swimchannel.net\/br\/wp-content\/uploads\/2023\/10\/24a02998-ee1b-4495-ba74-fd1ed5284f68-768x511.jpg 768w, https:\/\/swimchannel.net\/br\/wp-content\/uploads\/2023\/10\/24a02998-ee1b-4495-ba74-fd1ed5284f68-750x499.jpg 750w\" sizes=\"auto, (max-width: 946px) 100vw, 946px\" \/><figcaption id=\"caption-attachment-61435\" class=\"wp-caption-text\">Brandonn Almeida. Foto: Satiro Sodre<\/figcaption><\/figure>\n<p>Brandonn Almeida<br \/>\n1o 400m medley 4:32.68<br \/>\n1o 200m peito 2:26.48<br \/>\n1o 200m costas 2:07.60<\/p>\n<p>&nbsp;<\/p>\n<p>Gostaria de receber as not\u00edcias de nata\u00e7\u00e3o e \u00e1guas abertas no seu email?<\/p>\n<p><a href=\"https:\/\/lpa.nitro.news\/n-GNe\/ultimas-noticias-swim-channel\">Cadastre-se aqui<\/a><\/p>\n","protected":false},"excerpt":{"rendered":"<p>Abrindo a temporada 2026 e num final de semana de muita tens\u00e3o no M\u00e9xico. L\u00e1 estavam tr\u00eas dos principais nadadores brasileiros participando do Torneio Internacional de Queretaro. Gabrielle Assis, Gabrielle Roncatto e Brandonn Almeida estiveram no torneio que ainda teve presen\u00e7a de outras estrelas internacionais. &nbsp; Confira os resultados dos nadadores brasileiros: Gabrielle Assis 1o [&hellip;]<\/p>\n","protected":false},"author":12,"featured_media":61379,"comment_status":"open","ping_status":"open","sticky":false,"template":"","format":"gallery","meta":{"footnotes":""},"categories":[137],"tags":[337,4691,774,5],"class_list":["post-79592","post","type-post","status-publish","format-gallery","has-post-thumbnail","hentry","category-natacao","tag-brandonn-almeida","tag-gabrielle-assis","tag-gabrielle-roncatto","tag-natacao","post_format-post-format-gallery"],"yoast_head":"<!-- This site is optimized with the Yoast SEO plugin v27.0 - https:\/\/yoast.com\/product\/yoast-seo-wordpress\/ -->\n<title>Gabi Assis, Gabi Roncatto e Brandonn Almeida competiram no M\u00e9xico - Swimchannel<\/title>\n<meta name=\"robots\" content=\"index, follow, max-snippet:-1, max-image-preview:large, max-video-preview:-1\" \/>\n<link rel=\"canonical\" href=\"https:\/\/swimchannel.net\/br\/gabi-assis-gabi-roncatto-e-brandonn-almeida-competiram-no-mexico\/\" \/>\n<meta property=\"og:locale\" content=\"pt_BR\" \/>\n<meta property=\"og:type\" content=\"article\" \/>\n<meta property=\"og:title\" content=\"Gabi Assis, Gabi Roncatto e Brandonn Almeida competiram no M\u00e9xico - Swimchannel\" \/>\n<meta property=\"og:description\" content=\"Abrindo a temporada 2026 e num final de semana de muita tens\u00e3o no M\u00e9xico. L\u00e1 estavam tr\u00eas dos principais nadadores brasileiros participando do Torneio Internacional de Queretaro. Gabrielle Assis, Gabrielle Roncatto e Brandonn Almeida estiveram no torneio que ainda teve presen\u00e7a de outras estrelas internacionais. &nbsp; Confira os resultados dos nadadores brasileiros: Gabrielle Assis 1o [&hellip;]\" \/>\n<meta property=\"og:url\" content=\"https:\/\/swimchannel.net\/br\/gabi-assis-gabi-roncatto-e-brandonn-almeida-competiram-no-mexico\/\" \/>\n<meta property=\"og:site_name\" content=\"Swimchannel\" \/>\n<meta property=\"article:publisher\" content=\"https:\/\/www.facebook.com\/swimchannel\" \/>\n<meta property=\"article:published_time\" content=\"2026-02-26T14:29:42+00:00\" \/>\n<meta property=\"article:modified_time\" content=\"2026-02-26T19:17:52+00:00\" \/>\n<meta property=\"og:image\" content=\"https:\/\/swimchannel.net\/br\/wp-content\/uploads\/2023\/10\/53280935165_9142a41d10_k.jpg\" \/>\n\t<meta property=\"og:image:width\" content=\"945\" \/>\n\t<meta property=\"og:image:height\" content=\"630\" \/>\n\t<meta property=\"og:image:type\" content=\"image\/jpeg\" \/>\n<meta name=\"author\" content=\"Alex Pussieldi\" \/>\n<meta name=\"twitter:card\" content=\"summary_large_image\" \/>\n<meta name=\"twitter:label1\" content=\"Escrito por\" \/>\n\t<meta name=\"twitter:data1\" content=\"Alex Pussieldi\" \/>\n\t<meta name=\"twitter:label2\" content=\"Est. tempo de leitura\" \/>\n\t<meta name=\"twitter:data2\" content=\"2 minutos\" \/>\n<script type=\"application\/ld+json\" class=\"yoast-schema-graph\">{\"@context\":\"https:\/\/schema.org\",\"@graph\":[{\"@type\":\"Article\",\"@id\":\"https:\/\/swimchannel.net\/br\/gabi-assis-gabi-roncatto-e-brandonn-almeida-competiram-no-mexico\/#article\",\"isPartOf\":{\"@id\":\"https:\/\/swimchannel.net\/br\/gabi-assis-gabi-roncatto-e-brandonn-almeida-competiram-no-mexico\/\"},\"author\":{\"name\":\"Alex Pussieldi\",\"@id\":\"https:\/\/swimchannel.net\/br\/#\/schema\/person\/cf549cb99cf75592fcf7c76213385e63\"},\"headline\":\"Gabi Assis, Gabi Roncatto e Brandonn Almeida competiram no M\u00e9xico\",\"datePublished\":\"2026-02-26T14:29:42+00:00\",\"dateModified\":\"2026-02-26T19:17:52+00:00\",\"mainEntityOfPage\":{\"@id\":\"https:\/\/swimchannel.net\/br\/gabi-assis-gabi-roncatto-e-brandonn-almeida-competiram-no-mexico\/\"},\"wordCount\":166,\"commentCount\":0,\"publisher\":{\"@id\":\"https:\/\/swimchannel.net\/br\/#organization\"},\"image\":{\"@id\":\"https:\/\/swimchannel.net\/br\/gabi-assis-gabi-roncatto-e-brandonn-almeida-competiram-no-mexico\/#primaryimage\"},\"thumbnailUrl\":\"https:\/\/swimchannel.net\/br\/wp-content\/uploads\/2023\/10\/53280935165_9142a41d10_k.jpg\",\"keywords\":[\"Brandonn Almeida\",\"Gabrielle Assis\",\"Gabrielle Roncatto\",\"natacao\"],\"articleSection\":[\"Nata\u00e7\u00e3o\"],\"inLanguage\":\"pt-BR\",\"potentialAction\":[{\"@type\":\"CommentAction\",\"name\":\"Comment\",\"target\":[\"https:\/\/swimchannel.net\/br\/gabi-assis-gabi-roncatto-e-brandonn-almeida-competiram-no-mexico\/#respond\"]}]},{\"@type\":\"WebPage\",\"@id\":\"https:\/\/swimchannel.net\/br\/gabi-assis-gabi-roncatto-e-brandonn-almeida-competiram-no-mexico\/\",\"url\":\"https:\/\/swimchannel.net\/br\/gabi-assis-gabi-roncatto-e-brandonn-almeida-competiram-no-mexico\/\",\"name\":\"Gabi Assis, Gabi Roncatto e Brandonn Almeida competiram no M\u00e9xico - Swimchannel\",\"isPartOf\":{\"@id\":\"https:\/\/swimchannel.net\/br\/#website\"},\"primaryImageOfPage\":{\"@id\":\"https:\/\/swimchannel.net\/br\/gabi-assis-gabi-roncatto-e-brandonn-almeida-competiram-no-mexico\/#primaryimage\"},\"image\":{\"@id\":\"https:\/\/swimchannel.net\/br\/gabi-assis-gabi-roncatto-e-brandonn-almeida-competiram-no-mexico\/#primaryimage\"},\"thumbnailUrl\":\"https:\/\/swimchannel.net\/br\/wp-content\/uploads\/2023\/10\/53280935165_9142a41d10_k.jpg\",\"datePublished\":\"2026-02-26T14:29:42+00:00\",\"dateModified\":\"2026-02-26T19:17:52+00:00\",\"breadcrumb\":{\"@id\":\"https:\/\/swimchannel.net\/br\/gabi-assis-gabi-roncatto-e-brandonn-almeida-competiram-no-mexico\/#breadcrumb\"},\"inLanguage\":\"pt-BR\",\"potentialAction\":[{\"@type\":\"ReadAction\",\"target\":[\"https:\/\/swimchannel.net\/br\/gabi-assis-gabi-roncatto-e-brandonn-almeida-competiram-no-mexico\/\"]}]},{\"@type\":\"ImageObject\",\"inLanguage\":\"pt-BR\",\"@id\":\"https:\/\/swimchannel.net\/br\/gabi-assis-gabi-roncatto-e-brandonn-almeida-competiram-no-mexico\/#primaryimage\",\"url\":\"https:\/\/swimchannel.net\/br\/wp-content\/uploads\/2023\/10\/53280935165_9142a41d10_k.jpg\",\"contentUrl\":\"https:\/\/swimchannel.net\/br\/wp-content\/uploads\/2023\/10\/53280935165_9142a41d10_k.jpg\",\"width\":945,\"height\":630,\"caption\":\"Gabrielle Assis - Foto: Satiro Sodr\u00e9\"},{\"@type\":\"BreadcrumbList\",\"@id\":\"https:\/\/swimchannel.net\/br\/gabi-assis-gabi-roncatto-e-brandonn-almeida-competiram-no-mexico\/#breadcrumb\",\"itemListElement\":[{\"@type\":\"ListItem\",\"position\":1,\"name\":\"Home\",\"item\":\"https:\/\/swimchannel.net\/br\/\"},{\"@type\":\"ListItem\",\"position\":2,\"name\":\"Gabi Assis, Gabi Roncatto e Brandonn Almeida competiram no M\u00e9xico\"}]},{\"@type\":\"WebSite\",\"@id\":\"https:\/\/swimchannel.net\/br\/#website\",\"url\":\"https:\/\/swimchannel.net\/br\/\",\"name\":\"Swimchannel\",\"description\":\"Maior portal de nata\u00e7\u00e3o da america latina\",\"publisher\":{\"@id\":\"https:\/\/swimchannel.net\/br\/#organization\"},\"potentialAction\":[{\"@type\":\"SearchAction\",\"target\":{\"@type\":\"EntryPoint\",\"urlTemplate\":\"https:\/\/swimchannel.net\/br\/?s={search_term_string}\"},\"query-input\":{\"@type\":\"PropertyValueSpecification\",\"valueRequired\":true,\"valueName\":\"search_term_string\"}}],\"inLanguage\":\"pt-BR\"},{\"@type\":\"Organization\",\"@id\":\"https:\/\/swimchannel.net\/br\/#organization\",\"name\":\"Swimchannel - Conectando voc\u00ea a Nata\u00e7\u00e3o\",\"url\":\"https:\/\/swimchannel.net\/br\/\",\"logo\":{\"@type\":\"ImageObject\",\"inLanguage\":\"pt-BR\",\"@id\":\"https:\/\/swimchannel.net\/br\/#\/schema\/logo\/image\/\",\"url\":\"https:\/\/swimchannel.net\/br\/wp-content\/uploads\/2026\/02\/SWIM-CHANNEL.png\",\"contentUrl\":\"https:\/\/swimchannel.net\/br\/wp-content\/uploads\/2026\/02\/SWIM-CHANNEL.png\",\"width\":1120,\"height\":630,\"caption\":\"Swimchannel - Conectando voc\u00ea a Nata\u00e7\u00e3o\"},\"image\":{\"@id\":\"https:\/\/swimchannel.net\/br\/#\/schema\/logo\/image\/\"},\"sameAs\":[\"https:\/\/www.facebook.com\/swimchannel\",\"https:\/\/www.instagram.com\/swimchannel\"]},{\"@type\":\"Person\",\"@id\":\"https:\/\/swimchannel.net\/br\/#\/schema\/person\/cf549cb99cf75592fcf7c76213385e63\",\"name\":\"Alex Pussieldi\",\"image\":{\"@type\":\"ImageObject\",\"inLanguage\":\"pt-BR\",\"@id\":\"https:\/\/swimchannel.net\/br\/#\/schema\/person\/image\/\",\"url\":\"https:\/\/swimchannel.net\/br\/wp-content\/uploads\/2021\/02\/9b1c252d-a4bd-4eda-b399-24565cac4114-100x100.jpg\",\"contentUrl\":\"https:\/\/swimchannel.net\/br\/wp-content\/uploads\/2021\/02\/9b1c252d-a4bd-4eda-b399-24565cac4114-100x100.jpg\",\"caption\":\"Alex Pussieldi\"},\"description\":\"Alexandre Pussieldi, apelidado de \u201ccoach\u201d, Foi t\u00e9cnico da sele\u00e7\u00e3o verde e amarela nas Olimp\u00edadas de Pequim-2008 e Londres-2012. O treinador ainda comandou outros quatro pa\u00edses: Kuwait, Paraguai, Aruba e Antilhas Holandesas, al\u00e9m da sele\u00e7\u00e3o americana de \u00e1guas abertas. Pussieldi tem passagens como comentarista de nata\u00e7\u00e3o do Grupo Globo e Swim Channel.\",\"url\":\"https:\/\/swimchannel.net\/br\/author\/alexpussieldi\/\"}]}<\/script>\n<!-- \/ Yoast SEO plugin. -->","yoast_head_json":{"title":"Gabi Assis, Gabi Roncatto e Brandonn Almeida competiram no M\u00e9xico - Swimchannel","robots":{"index":"index","follow":"follow","max-snippet":"max-snippet:-1","max-image-preview":"max-image-preview:large","max-video-preview":"max-video-preview:-1"},"canonical":"https:\/\/swimchannel.net\/br\/gabi-assis-gabi-roncatto-e-brandonn-almeida-competiram-no-mexico\/","og_locale":"pt_BR","og_type":"article","og_title":"Gabi Assis, Gabi Roncatto e Brandonn Almeida competiram no M\u00e9xico - Swimchannel","og_description":"Abrindo a temporada 2026 e num final de semana de muita tens\u00e3o no M\u00e9xico. L\u00e1 estavam tr\u00eas dos principais nadadores brasileiros participando do Torneio Internacional de Queretaro. Gabrielle Assis, Gabrielle Roncatto e Brandonn Almeida estiveram no torneio que ainda teve presen\u00e7a de outras estrelas internacionais. &nbsp; Confira os resultados dos nadadores brasileiros: Gabrielle Assis 1o [&hellip;]","og_url":"https:\/\/swimchannel.net\/br\/gabi-assis-gabi-roncatto-e-brandonn-almeida-competiram-no-mexico\/","og_site_name":"Swimchannel","article_publisher":"https:\/\/www.facebook.com\/swimchannel","article_published_time":"2026-02-26T14:29:42+00:00","article_modified_time":"2026-02-26T19:17:52+00:00","og_image":[{"width":945,"height":630,"url":"https:\/\/swimchannel.net\/br\/wp-content\/uploads\/2023\/10\/53280935165_9142a41d10_k.jpg","type":"image\/jpeg"}],"author":"Alex Pussieldi","twitter_card":"summary_large_image","twitter_misc":{"Escrito por":"Alex Pussieldi","Est. tempo de leitura":"2 minutos"},"schema":{"@context":"https:\/\/schema.org","@graph":[{"@type":"Article","@id":"https:\/\/swimchannel.net\/br\/gabi-assis-gabi-roncatto-e-brandonn-almeida-competiram-no-mexico\/#article","isPartOf":{"@id":"https:\/\/swimchannel.net\/br\/gabi-assis-gabi-roncatto-e-brandonn-almeida-competiram-no-mexico\/"},"author":{"name":"Alex Pussieldi","@id":"https:\/\/swimchannel.net\/br\/#\/schema\/person\/cf549cb99cf75592fcf7c76213385e63"},"headline":"Gabi Assis, Gabi Roncatto e Brandonn Almeida competiram no M\u00e9xico","datePublished":"2026-02-26T14:29:42+00:00","dateModified":"2026-02-26T19:17:52+00:00","mainEntityOfPage":{"@id":"https:\/\/swimchannel.net\/br\/gabi-assis-gabi-roncatto-e-brandonn-almeida-competiram-no-mexico\/"},"wordCount":166,"commentCount":0,"publisher":{"@id":"https:\/\/swimchannel.net\/br\/#organization"},"image":{"@id":"https:\/\/swimchannel.net\/br\/gabi-assis-gabi-roncatto-e-brandonn-almeida-competiram-no-mexico\/#primaryimage"},"thumbnailUrl":"https:\/\/swimchannel.net\/br\/wp-content\/uploads\/2023\/10\/53280935165_9142a41d10_k.jpg","keywords":["Brandonn Almeida","Gabrielle Assis","Gabrielle Roncatto","natacao"],"articleSection":["Nata\u00e7\u00e3o"],"inLanguage":"pt-BR","potentialAction":[{"@type":"CommentAction","name":"Comment","target":["https:\/\/swimchannel.net\/br\/gabi-assis-gabi-roncatto-e-brandonn-almeida-competiram-no-mexico\/#respond"]}]},{"@type":"WebPage","@id":"https:\/\/swimchannel.net\/br\/gabi-assis-gabi-roncatto-e-brandonn-almeida-competiram-no-mexico\/","url":"https:\/\/swimchannel.net\/br\/gabi-assis-gabi-roncatto-e-brandonn-almeida-competiram-no-mexico\/","name":"Gabi Assis, Gabi Roncatto e Brandonn Almeida competiram no M\u00e9xico - Swimchannel","isPartOf":{"@id":"https:\/\/swimchannel.net\/br\/#website"},"primaryImageOfPage":{"@id":"https:\/\/swimchannel.net\/br\/gabi-assis-gabi-roncatto-e-brandonn-almeida-competiram-no-mexico\/#primaryimage"},"image":{"@id":"https:\/\/swimchannel.net\/br\/gabi-assis-gabi-roncatto-e-brandonn-almeida-competiram-no-mexico\/#primaryimage"},"thumbnailUrl":"https:\/\/swimchannel.net\/br\/wp-content\/uploads\/2023\/10\/53280935165_9142a41d10_k.jpg","datePublished":"2026-02-26T14:29:42+00:00","dateModified":"2026-02-26T19:17:52+00:00","breadcrumb":{"@id":"https:\/\/swimchannel.net\/br\/gabi-assis-gabi-roncatto-e-brandonn-almeida-competiram-no-mexico\/#breadcrumb"},"inLanguage":"pt-BR","potentialAction":[{"@type":"ReadAction","target":["https:\/\/swimchannel.net\/br\/gabi-assis-gabi-roncatto-e-brandonn-almeida-competiram-no-mexico\/"]}]},{"@type":"ImageObject","inLanguage":"pt-BR","@id":"https:\/\/swimchannel.net\/br\/gabi-assis-gabi-roncatto-e-brandonn-almeida-competiram-no-mexico\/#primaryimage","url":"https:\/\/swimchannel.net\/br\/wp-content\/uploads\/2023\/10\/53280935165_9142a41d10_k.jpg","contentUrl":"https:\/\/swimchannel.net\/br\/wp-content\/uploads\/2023\/10\/53280935165_9142a41d10_k.jpg","width":945,"height":630,"caption":"Gabrielle Assis - Foto: Satiro Sodr\u00e9"},{"@type":"BreadcrumbList","@id":"https:\/\/swimchannel.net\/br\/gabi-assis-gabi-roncatto-e-brandonn-almeida-competiram-no-mexico\/#breadcrumb","itemListElement":[{"@type":"ListItem","position":1,"name":"Home","item":"https:\/\/swimchannel.net\/br\/"},{"@type":"ListItem","position":2,"name":"Gabi Assis, Gabi Roncatto e Brandonn Almeida competiram no M\u00e9xico"}]},{"@type":"WebSite","@id":"https:\/\/swimchannel.net\/br\/#website","url":"https:\/\/swimchannel.net\/br\/","name":"Swimchannel","description":"Maior portal de nata\u00e7\u00e3o da america latina","publisher":{"@id":"https:\/\/swimchannel.net\/br\/#organization"},"potentialAction":[{"@type":"SearchAction","target":{"@type":"EntryPoint","urlTemplate":"https:\/\/swimchannel.net\/br\/?s={search_term_string}"},"query-input":{"@type":"PropertyValueSpecification","valueRequired":true,"valueName":"search_term_string"}}],"inLanguage":"pt-BR"},{"@type":"Organization","@id":"https:\/\/swimchannel.net\/br\/#organization","name":"Swimchannel - Conectando voc\u00ea a Nata\u00e7\u00e3o","url":"https:\/\/swimchannel.net\/br\/","logo":{"@type":"ImageObject","inLanguage":"pt-BR","@id":"https:\/\/swimchannel.net\/br\/#\/schema\/logo\/image\/","url":"https:\/\/swimchannel.net\/br\/wp-content\/uploads\/2026\/02\/SWIM-CHANNEL.png","contentUrl":"https:\/\/swimchannel.net\/br\/wp-content\/uploads\/2026\/02\/SWIM-CHANNEL.png","width":1120,"height":630,"caption":"Swimchannel - Conectando voc\u00ea a Nata\u00e7\u00e3o"},"image":{"@id":"https:\/\/swimchannel.net\/br\/#\/schema\/logo\/image\/"},"sameAs":["https:\/\/www.facebook.com\/swimchannel","https:\/\/www.instagram.com\/swimchannel"]},{"@type":"Person","@id":"https:\/\/swimchannel.net\/br\/#\/schema\/person\/cf549cb99cf75592fcf7c76213385e63","name":"Alex Pussieldi","image":{"@type":"ImageObject","inLanguage":"pt-BR","@id":"https:\/\/swimchannel.net\/br\/#\/schema\/person\/image\/","url":"https:\/\/swimchannel.net\/br\/wp-content\/uploads\/2021\/02\/9b1c252d-a4bd-4eda-b399-24565cac4114-100x100.jpg","contentUrl":"https:\/\/swimchannel.net\/br\/wp-content\/uploads\/2021\/02\/9b1c252d-a4bd-4eda-b399-24565cac4114-100x100.jpg","caption":"Alex Pussieldi"},"description":"Alexandre Pussieldi, apelidado de \u201ccoach\u201d, Foi t\u00e9cnico da sele\u00e7\u00e3o verde e amarela nas Olimp\u00edadas de Pequim-2008 e Londres-2012. O treinador ainda comandou outros quatro pa\u00edses: Kuwait, Paraguai, Aruba e Antilhas Holandesas, al\u00e9m da sele\u00e7\u00e3o americana de \u00e1guas abertas. Pussieldi tem passagens como comentarista de nata\u00e7\u00e3o do Grupo Globo e Swim Channel.","url":"https:\/\/swimchannel.net\/br\/author\/alexpussieldi\/"}]}},"_links":{"self":[{"href":"https:\/\/swimchannel.net\/br\/wp-json\/wp\/v2\/posts\/79592","targetHints":{"allow":["GET"]}}],"collection":[{"href":"https:\/\/swimchannel.net\/br\/wp-json\/wp\/v2\/posts"}],"about":[{"href":"https:\/\/swimchannel.net\/br\/wp-json\/wp\/v2\/types\/post"}],"author":[{"embeddable":true,"href":"https:\/\/swimchannel.net\/br\/wp-json\/wp\/v2\/users\/12"}],"replies":[{"embeddable":true,"href":"https:\/\/swimchannel.net\/br\/wp-json\/wp\/v2\/comments?post=79592"}],"version-history":[{"count":3,"href":"https:\/\/swimchannel.net\/br\/wp-json\/wp\/v2\/posts\/79592\/revisions"}],"predecessor-version":[{"id":79596,"href":"https:\/\/swimchannel.net\/br\/wp-json\/wp\/v2\/posts\/79592\/revisions\/79596"}],"wp:featuredmedia":[{"embeddable":true,"href":"https:\/\/swimchannel.net\/br\/wp-json\/wp\/v2\/media\/61379"}],"wp:attachment":[{"href":"https:\/\/swimchannel.net\/br\/wp-json\/wp\/v2\/media?parent=79592"}],"wp:term":[{"taxonomy":"category","embeddable":true,"href":"https:\/\/swimchannel.net\/br\/wp-json\/wp\/v2\/categories?post=79592"},{"taxonomy":"post_tag","embeddable":true,"href":"https:\/\/swimchannel.net\/br\/wp-json\/wp\/v2\/tags?post=79592"}],"curies":[{"name":"wp","href":"https:\/\/api.w.org\/{rel}","templated":true}]}}