{"id":7962,"date":"2018-03-25T21:54:32","date_gmt":"2018-03-25T21:54:32","guid":{"rendered":"https:\/\/swimchannel.flywheelsites.com\/?p=7962"},"modified":"2018-04-30T16:22:11","modified_gmt":"2018-04-30T16:22:11","slug":"betina-lorscheitter-e-o-destaque-da-2a-etapa-do-campeonato-brasileiro","status":"publish","type":"post","link":"https:\/\/swimchannel.net\/br\/betina-lorscheitter-e-o-destaque-da-2a-etapa-do-campeonato-brasileiro\/","title":{"rendered":"Betina Lorscheitter \u00e9 o destaque da 2\u00aa etapa do Campeonato Brasileiro"},"content":{"rendered":"<p>A Praia da Cocanha em Caraguatatub, no litoral norte de S\u00e3o Paulo, foi palco da segunda etapa do Campeonato Brasileiro de Maratonas Aqu\u00e1ticas, principal circuito de \u00e1guas abertas da Confedera\u00e7\u00e3o Brasileira de Desportos Aqu\u00e1ticos (CBDA). E quem brilhou foi a nadadora ga\u00facha Betina Lorscheitter que triunfou nas duas provas da etapa. Na sexta-feira ela venceu os 10 km e no domingo faturou os 5 km. Com esses resultados Betina assumiu tamb\u00e9m a lideran\u00e7a do campeonato.<\/p>\n<p>Nos 10 km Betina n\u00e3o teve maiores dificuldades para conquistar a vit\u00f3ria. Favorita entre as participantes, a nadadora do Gr\u00eamio N\u00e1utico Uni\u00e3o fez uma prova segura em 2h01min49s, sendo quase dois minutos mais r\u00e1pida que a vice-campe\u00e3 Mariana Vignoli, tamb\u00e9m do GNU, com 2h03min17s. Rafaela Souza do Esp\u00e9ria completou o p\u00f3dio em terceiro lugar com 2h07smin41s.<\/p>\n<p>J\u00e1 nos 5 km a vit\u00f3ria foi ainda mais tranquila com 59min49s. Nesta prova Betina nadou a primeira volta junto ao pelot\u00e3o masculino e na segunda apenas administrou a boa vantagem. O p\u00f3dio foi 100% GNU com\u00a0Marina Amorim levando a prata com 1h02min35s e Cibelle Jungblut, irm\u00e3 de Viviane Jungblut, o bronze com 1h04min29s.<\/p>\n<div id='gallery-1' class='gallery galleryid-7962 gallery-columns-3 gallery-size-thumbnail'><figure class='gallery-item'>\n\t\t\t<div class='gallery-icon landscape'>\n\t\t\t\t<a href='https:\/\/swimchannel.net\/br\/betina-lorscheitter-e-o-destaque-da-2a-etapa-do-campeonato-brasileiro\/o-credito-da-foto-e-obrigatorio-satiro-sodre-sspress-cbda-59\/'><img loading=\"lazy\" decoding=\"async\" width=\"270\" height=\"180\" src=\"https:\/\/swimchannel.net\/br\/wp-content\/uploads\/2018\/03\/75I7798-scaled.jpg\" class=\"attachment-thumbnail size-thumbnail\" alt=\"\" aria-describedby=\"gallery-1-7969\" srcset=\"https:\/\/swimchannel.net\/br\/wp-content\/uploads\/2018\/03\/75I7798-scaled.jpg 2560w, https:\/\/swimchannel.net\/br\/wp-content\/uploads\/2018\/03\/75I7798-600x400.jpg 600w\" sizes=\"auto, (max-width: 270px) 100vw, 270px\" \/><\/a>\n\t\t\t<\/div>\n\t\t\t\t<figcaption class='wp-caption-text gallery-caption' id='gallery-1-7969'>\n\t\t\t\tBetina Lorscheitter ganhou as duas provas em Caragu\u00e1 &#8211; Foto: Satiro Sodr\u00e9\/SSPress\n\t\t\t\t<\/figcaption><\/figure><figure class='gallery-item'>\n\t\t\t<div class='gallery-icon landscape'>\n\t\t\t\t<a href='https:\/\/swimchannel.net\/br\/betina-lorscheitter-e-o-destaque-da-2a-etapa-do-campeonato-brasileiro\/o-credito-da-foto-e-obrigatorio-satiro-sodre-sspress-cbda-58\/'><img loading=\"lazy\" decoding=\"async\" width=\"270\" height=\"180\" src=\"https:\/\/swimchannel.net\/br\/wp-content\/uploads\/2018\/03\/75I6570-scaled.jpg\" class=\"attachment-thumbnail size-thumbnail\" alt=\"\" aria-describedby=\"gallery-1-7968\" srcset=\"https:\/\/swimchannel.net\/br\/wp-content\/uploads\/2018\/03\/75I6570-scaled.jpg 2560w, https:\/\/swimchannel.net\/br\/wp-content\/uploads\/2018\/03\/75I6570-600x400.jpg 600w\" sizes=\"auto, (max-width: 270px) 100vw, 270px\" \/><\/a>\n\t\t\t<\/div>\n\t\t\t\t<figcaption class='wp-caption-text gallery-caption' id='gallery-1-7968'>\n\t\t\t\tAlexandre Finco ganhou a prova dos 10 km &#8211; Foto: Satiro Sodr\u00e9\/SSPress\n\t\t\t\t<\/figcaption><\/figure><figure class='gallery-item'>\n\t\t\t<div class='gallery-icon landscape'>\n\t\t\t\t<a href='https:\/\/swimchannel.net\/br\/betina-lorscheitter-e-o-destaque-da-2a-etapa-do-campeonato-brasileiro\/o-credito-da-foto-e-obrigatorio-satiro-sodre-sspress-cbda-57\/'><img loading=\"lazy\" decoding=\"async\" width=\"270\" height=\"180\" src=\"https:\/\/swimchannel.net\/br\/wp-content\/uploads\/2018\/03\/75I5830-scaled.jpg\" class=\"attachment-thumbnail size-thumbnail\" alt=\"\" aria-describedby=\"gallery-1-7967\" srcset=\"https:\/\/swimchannel.net\/br\/wp-content\/uploads\/2018\/03\/75I5830-scaled.jpg 2560w, https:\/\/swimchannel.net\/br\/wp-content\/uploads\/2018\/03\/75I5830-600x400.jpg 600w\" sizes=\"auto, (max-width: 270px) 100vw, 270px\" \/><\/a>\n\t\t\t<\/div>\n\t\t\t\t<figcaption class='wp-caption-text gallery-caption' id='gallery-1-7967'>\n\t\t\t\tVictor Colonese &#8211; Foto: Satiro Sodr\u00e9\/SSPress\n\t\t\t\t<\/figcaption><\/figure><figure class='gallery-item'>\n\t\t\t<div class='gallery-icon landscape'>\n\t\t\t\t<a href='https:\/\/swimchannel.net\/br\/betina-lorscheitter-e-o-destaque-da-2a-etapa-do-campeonato-brasileiro\/o-credito-da-foto-e-obrigatorio-satiro-sodre-sspress-cbda-56\/'><img loading=\"lazy\" decoding=\"async\" width=\"270\" height=\"180\" src=\"https:\/\/swimchannel.net\/br\/wp-content\/uploads\/2018\/03\/75I5732-scaled.jpg\" class=\"attachment-thumbnail size-thumbnail\" alt=\"\" aria-describedby=\"gallery-1-7966\" srcset=\"https:\/\/swimchannel.net\/br\/wp-content\/uploads\/2018\/03\/75I5732-scaled.jpg 2560w, https:\/\/swimchannel.net\/br\/wp-content\/uploads\/2018\/03\/75I5732-600x400.jpg 600w\" sizes=\"auto, (max-width: 270px) 100vw, 270px\" \/><\/a>\n\t\t\t<\/div>\n\t\t\t\t<figcaption class='wp-caption-text gallery-caption' id='gallery-1-7966'>\n\t\t\t\tOs participantes da ultramaratona de 25 km. Foto: Satiro Sodr\u00e9\/SSPress\n\t\t\t\t<\/figcaption><\/figure>\n\t\t<\/div>\n\n<p>Nas provas masculinas tivemos dois campe\u00f5es diferentes. Nos 10 km a vit\u00f3ria ficou com uma surpresa: Alexandre Finco. O nadador do\u00a0Gr\u00eamio N\u00e1utico Uni\u00e3o n\u00e3o estava entre os favoritos, mas conseguiu na \u00faltima bra\u00e7ada uma suada vit\u00f3ria no Campeonato Brasileiro, a primeira da carreira. Finco chegou apenas 44 cent\u00e9simos a frente de Bruce Hanson Almeida: 1h54min25s2 contra 1h54min25s6 do corintiano e irm\u00e3o de Brandonn Almeida. Victor Colonese terminou na terceira coloca\u00e7\u00e3o com 1h54min26s0.<\/p>\n<p>Nos 5 km o campe\u00e3o foi Colonese. Ap\u00f3s o bronze na sexta-feira o nadador da Unisanta adotou uma estrat\u00e9gia mais agressiva e sagrou-se campe\u00e3o com o tempo de 56min51s. Atr\u00e1s dele veio a dupla do Gr\u00eamio N\u00e1utico Luiz Gustavo Barros com a prata e Matheus Evangelista com o bronze com 56min55s e 56min57s respectivamente. Com os resultados destas duas etapas, Betina Lorscheitter assumiu a lideran\u00e7a o campeonato feminino com 151 pontos e Colonese agora \u00e9 o l\u00edder no masculino com 125 pontos.<\/p>\n<p>Al\u00e9m do Brasileiro foram realizados no mesmo fim de semana outros dois eventos: a primeira prova de ultramaratona aqu\u00e1tica do calend\u00e1rio da CBDA e a 2\u00aa etapa da Copa Brasil. Apenas cinco nadadores disputaram o circuito de 25 km da ultramaratona: Artur Pedroza,\u00a0Atila Brand\u00e3o, Arthur Rizzo, Tiago Sato e Catarina Ganzeli, a \u00fanica mulher a encarar o desafio. O circuito foi o mesmo utilizado nas provas do Campeonato Brasileiro e da Copa Brasil e os nadadores tiveram que completar dez voltas.\u00a0Por fim, vit\u00f3ria de Artur Pedroza com\u00a05h27min41s e Catarina com 5h38min33s.<\/p>\n<p>A Copa Brasil teve duas dist\u00e2ncias de 2,5 km e 5 km. No maior percurso os campe\u00f5es foram\u00a0Bruno Yamamoto do C\u00edrculo Militar com 1h01min17s0 e\u00a0Giovanna Ara\u00fajo do Santa Maria com 1h09min07s0. J\u00e1 nos 2,5 km as vit\u00f3rias foram de\u00a0Thomas Thisted do C\u00edrculo Militar com 35min54s0 e\u00a0Anna Julia Hatsbach do Curitibano com 36min01s0.<\/p>\n","protected":false},"excerpt":{"rendered":"<p>A Praia da Cocanha em Caraguatatub, no litoral norte de S\u00e3o Paulo, foi palco da segunda etapa do Campeonato Brasileiro de Maratonas Aqu\u00e1ticas, principal circuito de \u00e1guas abertas da Confedera\u00e7\u00e3o Brasileira de Desportos Aqu\u00e1ticos (CBDA). E quem brilhou foi a nadadora ga\u00facha Betina Lorscheitter que triunfou nas duas provas da etapa. Na sexta-feira ela venceu [&hellip;]<\/p>\n","protected":false},"author":3,"featured_media":7965,"comment_status":"open","ping_status":"open","sticky":false,"template":"","format":"standard","meta":{"footnotes":""},"categories":[115,1171],"tags":[14,1237,520,194,5,52],"class_list":["post-7962","post","type-post","status-publish","format-standard","has-post-thumbnail","hentry","category-aguas-abertas","category-cbda","tag-aguas-abertas","tag-alexandre-finco","tag-betina-lorscheitter","tag-cbda","tag-natacao","tag-victor-colonese"],"yoast_head":"<!-- This site is optimized with the Yoast SEO plugin v27.0 - https:\/\/yoast.com\/product\/yoast-seo-wordpress\/ -->\n<title>Betina Lorscheitter \u00e9 o destaque da 2\u00aa etapa do Campeonato Brasileiro - Swimchannel<\/title>\n<meta name=\"description\" content=\"Nadadora do Gr\u00eamio N\u00e1utico Uni\u00e3o venceu as duas provas no fim de semana e assume a lideran\u00e7a na classifica\u00e7\u00e3o do campeonato.\" \/>\n<meta name=\"robots\" content=\"index, follow, max-snippet:-1, max-image-preview:large, max-video-preview:-1\" \/>\n<link rel=\"canonical\" href=\"https:\/\/swimchannel.net\/br\/betina-lorscheitter-e-o-destaque-da-2a-etapa-do-campeonato-brasileiro\/\" \/>\n<meta property=\"og:locale\" content=\"pt_BR\" \/>\n<meta property=\"og:type\" content=\"article\" \/>\n<meta property=\"og:title\" content=\"Betina Lorscheitter \u00e9 o destaque da 2\u00aa etapa do Campeonato Brasileiro - Swimchannel\" \/>\n<meta property=\"og:description\" content=\"Nadadora do Gr\u00eamio N\u00e1utico Uni\u00e3o venceu as duas provas no fim de semana e assume a lideran\u00e7a na classifica\u00e7\u00e3o do campeonato.\" \/>\n<meta property=\"og:url\" content=\"https:\/\/swimchannel.net\/br\/betina-lorscheitter-e-o-destaque-da-2a-etapa-do-campeonato-brasileiro\/\" \/>\n<meta property=\"og:site_name\" content=\"Swimchannel\" \/>\n<meta property=\"article:publisher\" content=\"https:\/\/www.facebook.com\/swimchannel\" \/>\n<meta property=\"article:published_time\" content=\"2018-03-25T21:54:32+00:00\" \/>\n<meta property=\"article:modified_time\" content=\"2018-04-30T16:22:11+00:00\" \/>\n<meta property=\"og:image\" content=\"https:\/\/swimchannel.net\/br\/wp-content\/uploads\/2018\/03\/betina0.jpg\" \/>\n\t<meta property=\"og:image:width\" content=\"1200\" \/>\n\t<meta property=\"og:image:height\" content=\"675\" \/>\n\t<meta property=\"og:image:type\" content=\"image\/jpeg\" \/>\n<meta name=\"author\" content=\"Guilherme Freitas\" \/>\n<meta name=\"twitter:card\" content=\"summary_large_image\" \/>\n<meta name=\"twitter:label1\" content=\"Escrito por\" \/>\n\t<meta name=\"twitter:data1\" content=\"Guilherme Freitas\" \/>\n\t<meta name=\"twitter:label2\" content=\"Est. tempo de leitura\" \/>\n\t<meta name=\"twitter:data2\" content=\"3 minutos\" \/>\n<script type=\"application\/ld+json\" class=\"yoast-schema-graph\">{\"@context\":\"https:\/\/schema.org\",\"@graph\":[{\"@type\":\"Article\",\"@id\":\"https:\/\/swimchannel.net\/br\/betina-lorscheitter-e-o-destaque-da-2a-etapa-do-campeonato-brasileiro\/#article\",\"isPartOf\":{\"@id\":\"https:\/\/swimchannel.net\/br\/betina-lorscheitter-e-o-destaque-da-2a-etapa-do-campeonato-brasileiro\/\"},\"author\":{\"name\":\"Guilherme Freitas\",\"@id\":\"https:\/\/swimchannel.net\/br\/#\/schema\/person\/aa2a63bab3275f53749a83276b213c48\"},\"headline\":\"Betina Lorscheitter \u00e9 o destaque da 2\u00aa etapa do Campeonato Brasileiro\",\"datePublished\":\"2018-03-25T21:54:32+00:00\",\"dateModified\":\"2018-04-30T16:22:11+00:00\",\"mainEntityOfPage\":{\"@id\":\"https:\/\/swimchannel.net\/br\/betina-lorscheitter-e-o-destaque-da-2a-etapa-do-campeonato-brasileiro\/\"},\"wordCount\":566,\"commentCount\":0,\"publisher\":{\"@id\":\"https:\/\/swimchannel.net\/br\/#organization\"},\"image\":{\"@id\":\"https:\/\/swimchannel.net\/br\/betina-lorscheitter-e-o-destaque-da-2a-etapa-do-campeonato-brasileiro\/#primaryimage\"},\"thumbnailUrl\":\"https:\/\/swimchannel.net\/br\/wp-content\/uploads\/2018\/03\/betina0.jpg\",\"keywords\":[\"\u00c1guas abertas\",\"Alexandre Finco\",\"Betina Lorscheitter\",\"CBDA\",\"natacao\",\"Victor Colonese\"],\"articleSection\":[\"\u00c1guas Abertas\",\"CBDA\"],\"inLanguage\":\"pt-BR\",\"potentialAction\":[{\"@type\":\"CommentAction\",\"name\":\"Comment\",\"target\":[\"https:\/\/swimchannel.net\/br\/betina-lorscheitter-e-o-destaque-da-2a-etapa-do-campeonato-brasileiro\/#respond\"]}]},{\"@type\":\"WebPage\",\"@id\":\"https:\/\/swimchannel.net\/br\/betina-lorscheitter-e-o-destaque-da-2a-etapa-do-campeonato-brasileiro\/\",\"url\":\"https:\/\/swimchannel.net\/br\/betina-lorscheitter-e-o-destaque-da-2a-etapa-do-campeonato-brasileiro\/\",\"name\":\"Betina Lorscheitter \u00e9 o destaque da 2\u00aa etapa do Campeonato Brasileiro - Swimchannel\",\"isPartOf\":{\"@id\":\"https:\/\/swimchannel.net\/br\/#website\"},\"primaryImageOfPage\":{\"@id\":\"https:\/\/swimchannel.net\/br\/betina-lorscheitter-e-o-destaque-da-2a-etapa-do-campeonato-brasileiro\/#primaryimage\"},\"image\":{\"@id\":\"https:\/\/swimchannel.net\/br\/betina-lorscheitter-e-o-destaque-da-2a-etapa-do-campeonato-brasileiro\/#primaryimage\"},\"thumbnailUrl\":\"https:\/\/swimchannel.net\/br\/wp-content\/uploads\/2018\/03\/betina0.jpg\",\"datePublished\":\"2018-03-25T21:54:32+00:00\",\"dateModified\":\"2018-04-30T16:22:11+00:00\",\"description\":\"Nadadora do Gr\u00eamio N\u00e1utico Uni\u00e3o venceu as duas provas no fim de semana e assume a lideran\u00e7a na classifica\u00e7\u00e3o do campeonato.\",\"breadcrumb\":{\"@id\":\"https:\/\/swimchannel.net\/br\/betina-lorscheitter-e-o-destaque-da-2a-etapa-do-campeonato-brasileiro\/#breadcrumb\"},\"inLanguage\":\"pt-BR\",\"potentialAction\":[{\"@type\":\"ReadAction\",\"target\":[\"https:\/\/swimchannel.net\/br\/betina-lorscheitter-e-o-destaque-da-2a-etapa-do-campeonato-brasileiro\/\"]}]},{\"@type\":\"ImageObject\",\"inLanguage\":\"pt-BR\",\"@id\":\"https:\/\/swimchannel.net\/br\/betina-lorscheitter-e-o-destaque-da-2a-etapa-do-campeonato-brasileiro\/#primaryimage\",\"url\":\"https:\/\/swimchannel.net\/br\/wp-content\/uploads\/2018\/03\/betina0.jpg\",\"contentUrl\":\"https:\/\/swimchannel.net\/br\/wp-content\/uploads\/2018\/03\/betina0.jpg\",\"width\":1200,\"height\":675,\"caption\":\"Betina Lorscheitter - Foto: Satiro Sodr\u00e9\/SSPress\"},{\"@type\":\"BreadcrumbList\",\"@id\":\"https:\/\/swimchannel.net\/br\/betina-lorscheitter-e-o-destaque-da-2a-etapa-do-campeonato-brasileiro\/#breadcrumb\",\"itemListElement\":[{\"@type\":\"ListItem\",\"position\":1,\"name\":\"Home\",\"item\":\"https:\/\/swimchannel.net\/br\/\"},{\"@type\":\"ListItem\",\"position\":2,\"name\":\"Betina Lorscheitter \u00e9 o destaque da 2\u00aa etapa do Campeonato Brasileiro\"}]},{\"@type\":\"WebSite\",\"@id\":\"https:\/\/swimchannel.net\/br\/#website\",\"url\":\"https:\/\/swimchannel.net\/br\/\",\"name\":\"Swimchannel\",\"description\":\"Maior portal de nata\u00e7\u00e3o da america latina\",\"publisher\":{\"@id\":\"https:\/\/swimchannel.net\/br\/#organization\"},\"potentialAction\":[{\"@type\":\"SearchAction\",\"target\":{\"@type\":\"EntryPoint\",\"urlTemplate\":\"https:\/\/swimchannel.net\/br\/?s={search_term_string}\"},\"query-input\":{\"@type\":\"PropertyValueSpecification\",\"valueRequired\":true,\"valueName\":\"search_term_string\"}}],\"inLanguage\":\"pt-BR\"},{\"@type\":\"Organization\",\"@id\":\"https:\/\/swimchannel.net\/br\/#organization\",\"name\":\"Swimchannel - Conectando voc\u00ea a Nata\u00e7\u00e3o\",\"url\":\"https:\/\/swimchannel.net\/br\/\",\"logo\":{\"@type\":\"ImageObject\",\"inLanguage\":\"pt-BR\",\"@id\":\"https:\/\/swimchannel.net\/br\/#\/schema\/logo\/image\/\",\"url\":\"https:\/\/swimchannel.net\/br\/wp-content\/uploads\/2026\/02\/SWIM-CHANNEL.png\",\"contentUrl\":\"https:\/\/swimchannel.net\/br\/wp-content\/uploads\/2026\/02\/SWIM-CHANNEL.png\",\"width\":1120,\"height\":630,\"caption\":\"Swimchannel - Conectando voc\u00ea a Nata\u00e7\u00e3o\"},\"image\":{\"@id\":\"https:\/\/swimchannel.net\/br\/#\/schema\/logo\/image\/\"},\"sameAs\":[\"https:\/\/www.facebook.com\/swimchannel\",\"https:\/\/www.instagram.com\/swimchannel\"]},{\"@type\":\"Person\",\"@id\":\"https:\/\/swimchannel.net\/br\/#\/schema\/person\/aa2a63bab3275f53749a83276b213c48\",\"name\":\"Guilherme Freitas\",\"image\":{\"@type\":\"ImageObject\",\"inLanguage\":\"pt-BR\",\"@id\":\"https:\/\/swimchannel.net\/br\/#\/schema\/person\/image\/\",\"url\":\"https:\/\/swimchannel.net\/br\/wp-content\/uploads\/2025\/10\/gui22-193x180.png\",\"contentUrl\":\"https:\/\/swimchannel.net\/br\/wp-content\/uploads\/2025\/10\/gui22-193x180.png\",\"caption\":\"Guilherme Freitas\"},\"description\":\"Jornalista s\u00eanior da SWIM CHANNEL, ex-correspondente da FINA no Brasil e pesquisador acad\u00eamico.\",\"sameAs\":[\"instagram.com\/guifreitas86\"],\"url\":\"https:\/\/swimchannel.net\/br\/author\/guilherme-freitas\/\"}]}<\/script>\n<!-- \/ Yoast SEO plugin. -->","yoast_head_json":{"title":"Betina Lorscheitter \u00e9 o destaque da 2\u00aa etapa do Campeonato Brasileiro - Swimchannel","description":"Nadadora do Gr\u00eamio N\u00e1utico Uni\u00e3o venceu as duas provas no fim de semana e assume a lideran\u00e7a na classifica\u00e7\u00e3o do campeonato.","robots":{"index":"index","follow":"follow","max-snippet":"max-snippet:-1","max-image-preview":"max-image-preview:large","max-video-preview":"max-video-preview:-1"},"canonical":"https:\/\/swimchannel.net\/br\/betina-lorscheitter-e-o-destaque-da-2a-etapa-do-campeonato-brasileiro\/","og_locale":"pt_BR","og_type":"article","og_title":"Betina Lorscheitter \u00e9 o destaque da 2\u00aa etapa do Campeonato Brasileiro - Swimchannel","og_description":"Nadadora do Gr\u00eamio N\u00e1utico Uni\u00e3o venceu as duas provas no fim de semana e assume a lideran\u00e7a na classifica\u00e7\u00e3o do campeonato.","og_url":"https:\/\/swimchannel.net\/br\/betina-lorscheitter-e-o-destaque-da-2a-etapa-do-campeonato-brasileiro\/","og_site_name":"Swimchannel","article_publisher":"https:\/\/www.facebook.com\/swimchannel","article_published_time":"2018-03-25T21:54:32+00:00","article_modified_time":"2018-04-30T16:22:11+00:00","og_image":[{"width":1200,"height":675,"url":"https:\/\/swimchannel.net\/br\/wp-content\/uploads\/2018\/03\/betina0.jpg","type":"image\/jpeg"}],"author":"Guilherme Freitas","twitter_card":"summary_large_image","twitter_misc":{"Escrito por":"Guilherme Freitas","Est. tempo de leitura":"3 minutos"},"schema":{"@context":"https:\/\/schema.org","@graph":[{"@type":"Article","@id":"https:\/\/swimchannel.net\/br\/betina-lorscheitter-e-o-destaque-da-2a-etapa-do-campeonato-brasileiro\/#article","isPartOf":{"@id":"https:\/\/swimchannel.net\/br\/betina-lorscheitter-e-o-destaque-da-2a-etapa-do-campeonato-brasileiro\/"},"author":{"name":"Guilherme Freitas","@id":"https:\/\/swimchannel.net\/br\/#\/schema\/person\/aa2a63bab3275f53749a83276b213c48"},"headline":"Betina Lorscheitter \u00e9 o destaque da 2\u00aa etapa do Campeonato Brasileiro","datePublished":"2018-03-25T21:54:32+00:00","dateModified":"2018-04-30T16:22:11+00:00","mainEntityOfPage":{"@id":"https:\/\/swimchannel.net\/br\/betina-lorscheitter-e-o-destaque-da-2a-etapa-do-campeonato-brasileiro\/"},"wordCount":566,"commentCount":0,"publisher":{"@id":"https:\/\/swimchannel.net\/br\/#organization"},"image":{"@id":"https:\/\/swimchannel.net\/br\/betina-lorscheitter-e-o-destaque-da-2a-etapa-do-campeonato-brasileiro\/#primaryimage"},"thumbnailUrl":"https:\/\/swimchannel.net\/br\/wp-content\/uploads\/2018\/03\/betina0.jpg","keywords":["\u00c1guas abertas","Alexandre Finco","Betina Lorscheitter","CBDA","natacao","Victor Colonese"],"articleSection":["\u00c1guas Abertas","CBDA"],"inLanguage":"pt-BR","potentialAction":[{"@type":"CommentAction","name":"Comment","target":["https:\/\/swimchannel.net\/br\/betina-lorscheitter-e-o-destaque-da-2a-etapa-do-campeonato-brasileiro\/#respond"]}]},{"@type":"WebPage","@id":"https:\/\/swimchannel.net\/br\/betina-lorscheitter-e-o-destaque-da-2a-etapa-do-campeonato-brasileiro\/","url":"https:\/\/swimchannel.net\/br\/betina-lorscheitter-e-o-destaque-da-2a-etapa-do-campeonato-brasileiro\/","name":"Betina Lorscheitter \u00e9 o destaque da 2\u00aa etapa do Campeonato Brasileiro - Swimchannel","isPartOf":{"@id":"https:\/\/swimchannel.net\/br\/#website"},"primaryImageOfPage":{"@id":"https:\/\/swimchannel.net\/br\/betina-lorscheitter-e-o-destaque-da-2a-etapa-do-campeonato-brasileiro\/#primaryimage"},"image":{"@id":"https:\/\/swimchannel.net\/br\/betina-lorscheitter-e-o-destaque-da-2a-etapa-do-campeonato-brasileiro\/#primaryimage"},"thumbnailUrl":"https:\/\/swimchannel.net\/br\/wp-content\/uploads\/2018\/03\/betina0.jpg","datePublished":"2018-03-25T21:54:32+00:00","dateModified":"2018-04-30T16:22:11+00:00","description":"Nadadora do Gr\u00eamio N\u00e1utico Uni\u00e3o venceu as duas provas no fim de semana e assume a lideran\u00e7a na classifica\u00e7\u00e3o do campeonato.","breadcrumb":{"@id":"https:\/\/swimchannel.net\/br\/betina-lorscheitter-e-o-destaque-da-2a-etapa-do-campeonato-brasileiro\/#breadcrumb"},"inLanguage":"pt-BR","potentialAction":[{"@type":"ReadAction","target":["https:\/\/swimchannel.net\/br\/betina-lorscheitter-e-o-destaque-da-2a-etapa-do-campeonato-brasileiro\/"]}]},{"@type":"ImageObject","inLanguage":"pt-BR","@id":"https:\/\/swimchannel.net\/br\/betina-lorscheitter-e-o-destaque-da-2a-etapa-do-campeonato-brasileiro\/#primaryimage","url":"https:\/\/swimchannel.net\/br\/wp-content\/uploads\/2018\/03\/betina0.jpg","contentUrl":"https:\/\/swimchannel.net\/br\/wp-content\/uploads\/2018\/03\/betina0.jpg","width":1200,"height":675,"caption":"Betina Lorscheitter - Foto: Satiro Sodr\u00e9\/SSPress"},{"@type":"BreadcrumbList","@id":"https:\/\/swimchannel.net\/br\/betina-lorscheitter-e-o-destaque-da-2a-etapa-do-campeonato-brasileiro\/#breadcrumb","itemListElement":[{"@type":"ListItem","position":1,"name":"Home","item":"https:\/\/swimchannel.net\/br\/"},{"@type":"ListItem","position":2,"name":"Betina Lorscheitter \u00e9 o destaque da 2\u00aa etapa do Campeonato Brasileiro"}]},{"@type":"WebSite","@id":"https:\/\/swimchannel.net\/br\/#website","url":"https:\/\/swimchannel.net\/br\/","name":"Swimchannel","description":"Maior portal de nata\u00e7\u00e3o da america latina","publisher":{"@id":"https:\/\/swimchannel.net\/br\/#organization"},"potentialAction":[{"@type":"SearchAction","target":{"@type":"EntryPoint","urlTemplate":"https:\/\/swimchannel.net\/br\/?s={search_term_string}"},"query-input":{"@type":"PropertyValueSpecification","valueRequired":true,"valueName":"search_term_string"}}],"inLanguage":"pt-BR"},{"@type":"Organization","@id":"https:\/\/swimchannel.net\/br\/#organization","name":"Swimchannel - Conectando voc\u00ea a Nata\u00e7\u00e3o","url":"https:\/\/swimchannel.net\/br\/","logo":{"@type":"ImageObject","inLanguage":"pt-BR","@id":"https:\/\/swimchannel.net\/br\/#\/schema\/logo\/image\/","url":"https:\/\/swimchannel.net\/br\/wp-content\/uploads\/2026\/02\/SWIM-CHANNEL.png","contentUrl":"https:\/\/swimchannel.net\/br\/wp-content\/uploads\/2026\/02\/SWIM-CHANNEL.png","width":1120,"height":630,"caption":"Swimchannel - Conectando voc\u00ea a Nata\u00e7\u00e3o"},"image":{"@id":"https:\/\/swimchannel.net\/br\/#\/schema\/logo\/image\/"},"sameAs":["https:\/\/www.facebook.com\/swimchannel","https:\/\/www.instagram.com\/swimchannel"]},{"@type":"Person","@id":"https:\/\/swimchannel.net\/br\/#\/schema\/person\/aa2a63bab3275f53749a83276b213c48","name":"Guilherme Freitas","image":{"@type":"ImageObject","inLanguage":"pt-BR","@id":"https:\/\/swimchannel.net\/br\/#\/schema\/person\/image\/","url":"https:\/\/swimchannel.net\/br\/wp-content\/uploads\/2025\/10\/gui22-193x180.png","contentUrl":"https:\/\/swimchannel.net\/br\/wp-content\/uploads\/2025\/10\/gui22-193x180.png","caption":"Guilherme Freitas"},"description":"Jornalista s\u00eanior da SWIM CHANNEL, ex-correspondente da FINA no Brasil e pesquisador acad\u00eamico.","sameAs":["instagram.com\/guifreitas86"],"url":"https:\/\/swimchannel.net\/br\/author\/guilherme-freitas\/"}]}},"_links":{"self":[{"href":"https:\/\/swimchannel.net\/br\/wp-json\/wp\/v2\/posts\/7962","targetHints":{"allow":["GET"]}}],"collection":[{"href":"https:\/\/swimchannel.net\/br\/wp-json\/wp\/v2\/posts"}],"about":[{"href":"https:\/\/swimchannel.net\/br\/wp-json\/wp\/v2\/types\/post"}],"author":[{"embeddable":true,"href":"https:\/\/swimchannel.net\/br\/wp-json\/wp\/v2\/users\/3"}],"replies":[{"embeddable":true,"href":"https:\/\/swimchannel.net\/br\/wp-json\/wp\/v2\/comments?post=7962"}],"version-history":[{"count":0,"href":"https:\/\/swimchannel.net\/br\/wp-json\/wp\/v2\/posts\/7962\/revisions"}],"wp:featuredmedia":[{"embeddable":true,"href":"https:\/\/swimchannel.net\/br\/wp-json\/wp\/v2\/media\/7965"}],"wp:attachment":[{"href":"https:\/\/swimchannel.net\/br\/wp-json\/wp\/v2\/media?parent=7962"}],"wp:term":[{"taxonomy":"category","embeddable":true,"href":"https:\/\/swimchannel.net\/br\/wp-json\/wp\/v2\/categories?post=7962"},{"taxonomy":"post_tag","embeddable":true,"href":"https:\/\/swimchannel.net\/br\/wp-json\/wp\/v2\/tags?post=7962"}],"curies":[{"name":"wp","href":"https:\/\/api.w.org\/{rel}","templated":true}]}}