{"id":79776,"date":"2026-03-04T07:00:28","date_gmt":"2026-03-04T10:00:28","guid":{"rendered":"https:\/\/swimchannel.net\/br\/?p=79776"},"modified":"2026-03-04T10:57:59","modified_gmt":"2026-03-04T13:57:59","slug":"gabriel-araujo-esta-na-disputa-do-premio-laureus-2026","status":"publish","type":"post","link":"https:\/\/swimchannel.net\/br\/gabriel-araujo-esta-na-disputa-do-premio-laureus-2026\/","title":{"rendered":"Gabriel Ara\u00fajo est\u00e1 na disputa do Pr\u00eamio Laureus 2026"},"content":{"rendered":"<p>Nosso nadador paral\u00edmpico Gabriel Ara\u00fajo \u00e9 um dos quatro brasileiros que aparece na lista dos concorrentes ao Pr\u00eamio Laureus, considerado o Oscar do esporte que ser\u00e1 realizado em Madri, na Espanha, no dia 20 de abril. Os nomes apurados foram votados por um Painel Mundial de Especialistas com 1.300 participantes dos quais dois s\u00e3o do Grupo Swim Channel, Patrick Winkler e Alexandre Pussieldi.<\/p>\n<p>Um total de cinco atletas da nata\u00e7\u00e3o est\u00e3o concorrendo este ano. No Melhor Atleta Paral\u00edmpico, al\u00e9m de Gabriel Ara\u00fajo, aparece o italiano Simone Barlaam e o tcheco David Kratochvil. Na melhor atleta feminino est\u00e1 a americana Katie Ledecky e na revela\u00e7\u00e3o do ano aparece a chinesa Yu Zidi.<\/p>\n<figure id=\"attachment_78196\" aria-describedby=\"caption-attachment-78196\" style=\"width: 945px\" class=\"wp-caption alignnone\"><img loading=\"lazy\" decoding=\"async\" class=\"size-full wp-image-78196\" src=\"https:\/\/swimchannel.net\/br\/wp-content\/uploads\/2025\/12\/DM_20240901_066-1030x687-1.jpg\" alt=\"\" width=\"945\" height=\"630\" srcset=\"https:\/\/swimchannel.net\/br\/wp-content\/uploads\/2025\/12\/DM_20240901_066-1030x687-1.jpg 945w, https:\/\/swimchannel.net\/br\/wp-content\/uploads\/2025\/12\/DM_20240901_066-1030x687-1-270x180.jpg 270w, https:\/\/swimchannel.net\/br\/wp-content\/uploads\/2025\/12\/DM_20240901_066-1030x687-1-768x512.jpg 768w, https:\/\/swimchannel.net\/br\/wp-content\/uploads\/2025\/12\/DM_20240901_066-1030x687-1-750x500.jpg 750w\" sizes=\"auto, (max-width: 945px) 100vw, 945px\" \/><figcaption id=\"caption-attachment-78196\" class=\"wp-caption-text\">Gabriel Ara\u00fajo &#8211; Foto: Douglas Magno \/CPB<\/figcaption><\/figure>\n<p><strong>Veja a lista completa dos indicados:<\/strong><\/p>\n<p><strong>PR\u00caMIO LAUREUS DE MELHOR ATLETA HOMEM DO ANO<\/strong><br \/>\nCarlos Alcaraz (Espanha) T\u00eanis, Ousmane Demb\u00e9l\u00e9 (Fran\u00e7a) Futebol, Mondo Duplantis (Su\u00e9cia) Atletismo, Marc M\u00e1rquez (Espanha) Motociclismo, Tadej Poga\u010dar (Eslov\u00eania) Ciclismo e Jannik Sinner (It\u00e1lia) T\u00eanis.<\/p>\n<p><strong>PR\u00caMIO LAUREUS DE MELHOR ATLETA MULHER DO ANO<\/strong><br \/>\nAitana Bonmat\u00ed (Espanha) Futebol, Melissa Jefferson-Wooden (Estados Unidos) Atletismo, Faith Kipyegon (Qu\u00eania) Atletismo, Katie Ledecky (Estados Unidos) Nata\u00e7\u00e3o, Sydney McLaughlin-Levrone (Estados Unidos) Atletismo e Aryna Sabalenka T\u00eanis.<\/p>\n<figure id=\"attachment_78656\" aria-describedby=\"caption-attachment-78656\" style=\"width: 945px\" class=\"wp-caption alignnone\"><img loading=\"lazy\" decoding=\"async\" class=\"size-full wp-image-78656\" src=\"https:\/\/swimchannel.net\/br\/wp-content\/uploads\/2026\/01\/A62I5896-scaled-1.jpg\" alt=\"\" width=\"945\" height=\"630\" srcset=\"https:\/\/swimchannel.net\/br\/wp-content\/uploads\/2026\/01\/A62I5896-scaled-1.jpg 945w, https:\/\/swimchannel.net\/br\/wp-content\/uploads\/2026\/01\/A62I5896-scaled-1-270x180.jpg 270w, https:\/\/swimchannel.net\/br\/wp-content\/uploads\/2026\/01\/A62I5896-scaled-1-768x512.jpg 768w, https:\/\/swimchannel.net\/br\/wp-content\/uploads\/2026\/01\/A62I5896-scaled-1-750x500.jpg 750w\" sizes=\"auto, (max-width: 945px) 100vw, 945px\" \/><figcaption id=\"caption-attachment-78656\" class=\"wp-caption-text\">Katie Ledecky &#8211; Foto: Chris Pose\/SwimSwam<\/figcaption><\/figure>\n<p><strong>PR\u00caMIO LAUREUS DE MELHOR EQUIPE DO ANO<\/strong><br \/>\nSele\u00e7\u00e3o Feminina de Futebol da Inglaterra, Equipe Europeia da Ryder Cup Golfe, Sele\u00e7\u00e3o Feminina de Cr\u00edquete da \u00cdndia, McLaren Mastercard Formula 1 Team (Reino Unido) Automobilismo, Oklahoma City Thunder (Estados Unidos) Basquete, Paris Saint-Germain (Fran\u00e7a) Futebol.<\/p>\n<p><strong>PR\u00caMIO LAUREUS DE REVELA\u00c7\u00c3O DO ANO<\/strong><br \/>\nD\u00e9sir\u00e9 Dou\u00e9 (Fran\u00e7a) Futebol, Jo\u00e3o Fonseca (Brasil) T\u00eanis, Shai Gilgeous-Alexander (Canad\u00e1) Basquete, Luke Littler (Reino Unido) Dardos, Lando Norris (Reino Unido) Automobilismo, Yu Zidi (China) Nata\u00e7\u00e3o.<\/p>\n<p><strong>PR\u00caMIO LAUREUS DE RETORNO DO ANO<\/strong><br \/>\nAmanda Anisimova (Estados Unidos) T\u00eanis, Egan Bernal (Col\u00f4mbia) Ciclismo, Rory McIlroy (Reino Unido) Golfe, Yulimar Rojas (Venezuela) Atletismo, Leah Williamson (Reino Unido) Futebol e Simon Yates (Reino Unido) Ciclismo.<\/p>\n<figure id=\"attachment_78233\" aria-describedby=\"caption-attachment-78233\" style=\"width: 945px\" class=\"wp-caption alignnone\"><img loading=\"lazy\" decoding=\"async\" class=\"size-full wp-image-78233\" src=\"https:\/\/swimchannel.net\/br\/wp-content\/uploads\/2025\/12\/Zidi-Yu-By-Jack-Spitser-DSC06728-scaled-1.jpg\" alt=\"\" width=\"945\" height=\"630\" srcset=\"https:\/\/swimchannel.net\/br\/wp-content\/uploads\/2025\/12\/Zidi-Yu-By-Jack-Spitser-DSC06728-scaled-1.jpg 945w, https:\/\/swimchannel.net\/br\/wp-content\/uploads\/2025\/12\/Zidi-Yu-By-Jack-Spitser-DSC06728-scaled-1-270x180.jpg 270w, https:\/\/swimchannel.net\/br\/wp-content\/uploads\/2025\/12\/Zidi-Yu-By-Jack-Spitser-DSC06728-scaled-1-768x512.jpg 768w, https:\/\/swimchannel.net\/br\/wp-content\/uploads\/2025\/12\/Zidi-Yu-By-Jack-Spitser-DSC06728-scaled-1-750x500.jpg 750w\" sizes=\"auto, (max-width: 945px) 100vw, 945px\" \/><figcaption id=\"caption-attachment-78233\" class=\"wp-caption-text\">Zidi Yu &#8211; Foto: Jack Spitser<\/figcaption><\/figure>\n<p><strong>PR\u00caMIO LAUREUS DE MELHOR ATLETA NOS ESPORTES DE A\u00c7\u00c3O DO ANO<\/strong><br \/>\nYago Dora (Brasil) Surfe, Kilian Jornet (Espanha) Ultra Running, Chloe Kim (Estados Unidos) Snowboard, Rayssa Leal (Brasil) Skate, Molly Picklum (Austr\u00e1lia) Surfe e Tom Pidcock (Reino Unido) Ciclismo.<\/p>\n<p><strong>PR\u00caMIO LAUREUS DE MELHOR PARATLETA DO ANO<\/strong><br \/>\nGabriel Ara\u00fajo (Brasil) Nata\u00e7\u00e3o paral\u00edmpica, Simone Barlaam (It\u00e1lia) Nata\u00e7\u00e3o paral\u00edmpica, Catherine Debrunner (Su\u00ed\u00e7a) Atletismo paral\u00edmpico, Kelsey DiClaudio (Estados Unidos) H\u00f3quei no gelo paral\u00edmpico, David Kratochv\u00edl (Rep\u00fablica Tcheca) Nata\u00e7\u00e3o paral\u00edmpica e Kiara Rodr\u00edguez (Equador) Atletismo paral\u00edmpico.<\/p>\n<p><strong>PR\u00caMIO LAUREUS ESPORTE PARA O BEM<\/strong><br \/>\nA.S.D. Gruppo Sportivo Valanga (It\u00e1lia) Multiesporte x Empregabilidade, F\u00fatbol M\u00e1s (Global) Futebol x Bem-estar, Kings County Tennis League (Estados Unidos) T\u00eanis x Inclus\u00e3o, MindLeaps (Global) Dan\u00e7a x Empregabilidade, Rugby for Good (Hong Kong, China) Rugby x Inclus\u00e3o e Transformaci\u00f3n Social TRASO (M\u00e9xico) Artes marciais x Bem-estar.<\/p>\n<p>&nbsp;<\/p>\n<p>Gostaria de receber as not\u00edcias de nata\u00e7\u00e3o e \u00e1guas abertas no seu email?<\/p>\n<p><a href=\"https:\/\/lpa.nitro.news\/n-GNe\/ultimas-noticias-swim-channel\">Cadastre-se aqui<\/a><\/p>\n","protected":false},"excerpt":{"rendered":"<p>Nosso nadador paral\u00edmpico Gabriel Ara\u00fajo \u00e9 um dos quatro brasileiros que aparece na lista dos concorrentes ao Pr\u00eamio Laureus, considerado o Oscar do esporte que ser\u00e1 realizado em Madri, na Espanha, no dia 20 de abril. Os nomes apurados foram votados por um Painel Mundial de Especialistas com 1.300 participantes dos quais dois s\u00e3o do [&hellip;]<\/p>\n","protected":false},"author":12,"featured_media":76210,"comment_status":"open","ping_status":"open","sticky":false,"template":"","format":"gallery","meta":{"footnotes":""},"categories":[137],"tags":[4347,85,5,127,1108,5944],"class_list":["post-79776","post","type-post","status-publish","format-gallery","has-post-thumbnail","hentry","category-natacao","tag-gabriel-araujo","tag-katie-ledecky","tag-natacao","tag-natacao-paralimpica","tag-premio-laureus","tag-yu-zidi","post_format-post-format-gallery"],"yoast_head":"<!-- This site is optimized with the Yoast SEO plugin v27.0 - https:\/\/yoast.com\/product\/yoast-seo-wordpress\/ -->\n<title>Gabriel Ara\u00fajo est\u00e1 na disputa do Pr\u00eamio Laureus 2026 - Swimchannel<\/title>\n<meta name=\"robots\" content=\"index, follow, max-snippet:-1, max-image-preview:large, max-video-preview:-1\" \/>\n<link rel=\"canonical\" href=\"https:\/\/swimchannel.net\/br\/gabriel-araujo-esta-na-disputa-do-premio-laureus-2026\/\" \/>\n<meta property=\"og:locale\" content=\"pt_BR\" \/>\n<meta property=\"og:type\" content=\"article\" \/>\n<meta property=\"og:title\" content=\"Gabriel Ara\u00fajo est\u00e1 na disputa do Pr\u00eamio Laureus 2026 - Swimchannel\" \/>\n<meta property=\"og:description\" content=\"Nosso nadador paral\u00edmpico Gabriel Ara\u00fajo \u00e9 um dos quatro brasileiros que aparece na lista dos concorrentes ao Pr\u00eamio Laureus, considerado o Oscar do esporte que ser\u00e1 realizado em Madri, na Espanha, no dia 20 de abril. Os nomes apurados foram votados por um Painel Mundial de Especialistas com 1.300 participantes dos quais dois s\u00e3o do [&hellip;]\" \/>\n<meta property=\"og:url\" content=\"https:\/\/swimchannel.net\/br\/gabriel-araujo-esta-na-disputa-do-premio-laureus-2026\/\" \/>\n<meta property=\"og:site_name\" content=\"Swimchannel\" \/>\n<meta property=\"article:publisher\" content=\"https:\/\/www.facebook.com\/swimchannel\" \/>\n<meta property=\"article:published_time\" content=\"2026-03-04T10:00:28+00:00\" \/>\n<meta property=\"article:modified_time\" content=\"2026-03-04T13:57:59+00:00\" \/>\n<meta property=\"og:image\" content=\"https:\/\/swimchannel.net\/br\/wp-content\/uploads\/2025\/09\/309-1024x713-1.jpg\" \/>\n\t<meta property=\"og:image:width\" content=\"1024\" \/>\n\t<meta property=\"og:image:height\" content=\"713\" \/>\n\t<meta property=\"og:image:type\" content=\"image\/jpeg\" \/>\n<meta name=\"author\" content=\"Alex Pussieldi\" \/>\n<meta name=\"twitter:card\" content=\"summary_large_image\" \/>\n<meta name=\"twitter:label1\" content=\"Escrito por\" \/>\n\t<meta name=\"twitter:data1\" content=\"Alex Pussieldi\" \/>\n\t<meta name=\"twitter:label2\" content=\"Est. tempo de leitura\" \/>\n\t<meta name=\"twitter:data2\" content=\"4 minutos\" \/>\n<script type=\"application\/ld+json\" class=\"yoast-schema-graph\">{\"@context\":\"https:\/\/schema.org\",\"@graph\":[{\"@type\":\"Article\",\"@id\":\"https:\/\/swimchannel.net\/br\/gabriel-araujo-esta-na-disputa-do-premio-laureus-2026\/#article\",\"isPartOf\":{\"@id\":\"https:\/\/swimchannel.net\/br\/gabriel-araujo-esta-na-disputa-do-premio-laureus-2026\/\"},\"author\":{\"name\":\"Alex Pussieldi\",\"@id\":\"https:\/\/swimchannel.net\/br\/#\/schema\/person\/cf549cb99cf75592fcf7c76213385e63\"},\"headline\":\"Gabriel Ara\u00fajo est\u00e1 na disputa do Pr\u00eamio Laureus 2026\",\"datePublished\":\"2026-03-04T10:00:28+00:00\",\"dateModified\":\"2026-03-04T13:57:59+00:00\",\"mainEntityOfPage\":{\"@id\":\"https:\/\/swimchannel.net\/br\/gabriel-araujo-esta-na-disputa-do-premio-laureus-2026\/\"},\"wordCount\":565,\"commentCount\":0,\"publisher\":{\"@id\":\"https:\/\/swimchannel.net\/br\/#organization\"},\"image\":{\"@id\":\"https:\/\/swimchannel.net\/br\/gabriel-araujo-esta-na-disputa-do-premio-laureus-2026\/#primaryimage\"},\"thumbnailUrl\":\"https:\/\/swimchannel.net\/br\/wp-content\/uploads\/2025\/09\/309-1024x713-1.jpg\",\"keywords\":[\"Gabriel Ara\u00fajo\",\"Katie Ledecky\",\"natacao\",\"nata\u00e7\u00e3o paral\u00edmpica\",\"Pr\u00eamio Laureus\",\"Yu Zidi\"],\"articleSection\":[\"Nata\u00e7\u00e3o\"],\"inLanguage\":\"pt-BR\",\"potentialAction\":[{\"@type\":\"CommentAction\",\"name\":\"Comment\",\"target\":[\"https:\/\/swimchannel.net\/br\/gabriel-araujo-esta-na-disputa-do-premio-laureus-2026\/#respond\"]}]},{\"@type\":\"WebPage\",\"@id\":\"https:\/\/swimchannel.net\/br\/gabriel-araujo-esta-na-disputa-do-premio-laureus-2026\/\",\"url\":\"https:\/\/swimchannel.net\/br\/gabriel-araujo-esta-na-disputa-do-premio-laureus-2026\/\",\"name\":\"Gabriel Ara\u00fajo est\u00e1 na disputa do Pr\u00eamio Laureus 2026 - Swimchannel\",\"isPartOf\":{\"@id\":\"https:\/\/swimchannel.net\/br\/#website\"},\"primaryImageOfPage\":{\"@id\":\"https:\/\/swimchannel.net\/br\/gabriel-araujo-esta-na-disputa-do-premio-laureus-2026\/#primaryimage\"},\"image\":{\"@id\":\"https:\/\/swimchannel.net\/br\/gabriel-araujo-esta-na-disputa-do-premio-laureus-2026\/#primaryimage\"},\"thumbnailUrl\":\"https:\/\/swimchannel.net\/br\/wp-content\/uploads\/2025\/09\/309-1024x713-1.jpg\",\"datePublished\":\"2026-03-04T10:00:28+00:00\",\"dateModified\":\"2026-03-04T13:57:59+00:00\",\"breadcrumb\":{\"@id\":\"https:\/\/swimchannel.net\/br\/gabriel-araujo-esta-na-disputa-do-premio-laureus-2026\/#breadcrumb\"},\"inLanguage\":\"pt-BR\",\"potentialAction\":[{\"@type\":\"ReadAction\",\"target\":[\"https:\/\/swimchannel.net\/br\/gabriel-araujo-esta-na-disputa-do-premio-laureus-2026\/\"]}]},{\"@type\":\"ImageObject\",\"inLanguage\":\"pt-BR\",\"@id\":\"https:\/\/swimchannel.net\/br\/gabriel-araujo-esta-na-disputa-do-premio-laureus-2026\/#primaryimage\",\"url\":\"https:\/\/swimchannel.net\/br\/wp-content\/uploads\/2025\/09\/309-1024x713-1.jpg\",\"contentUrl\":\"https:\/\/swimchannel.net\/br\/wp-content\/uploads\/2025\/09\/309-1024x713-1.jpg\",\"width\":1024,\"height\":713,\"caption\":\"Gabriel Ara\u00fajo - Foto: Ale Cabral\/CPB\"},{\"@type\":\"BreadcrumbList\",\"@id\":\"https:\/\/swimchannel.net\/br\/gabriel-araujo-esta-na-disputa-do-premio-laureus-2026\/#breadcrumb\",\"itemListElement\":[{\"@type\":\"ListItem\",\"position\":1,\"name\":\"Home\",\"item\":\"https:\/\/swimchannel.net\/br\/\"},{\"@type\":\"ListItem\",\"position\":2,\"name\":\"Gabriel Ara\u00fajo est\u00e1 na disputa do Pr\u00eamio Laureus 2026\"}]},{\"@type\":\"WebSite\",\"@id\":\"https:\/\/swimchannel.net\/br\/#website\",\"url\":\"https:\/\/swimchannel.net\/br\/\",\"name\":\"Swimchannel\",\"description\":\"Maior portal de nata\u00e7\u00e3o da america latina\",\"publisher\":{\"@id\":\"https:\/\/swimchannel.net\/br\/#organization\"},\"potentialAction\":[{\"@type\":\"SearchAction\",\"target\":{\"@type\":\"EntryPoint\",\"urlTemplate\":\"https:\/\/swimchannel.net\/br\/?s={search_term_string}\"},\"query-input\":{\"@type\":\"PropertyValueSpecification\",\"valueRequired\":true,\"valueName\":\"search_term_string\"}}],\"inLanguage\":\"pt-BR\"},{\"@type\":\"Organization\",\"@id\":\"https:\/\/swimchannel.net\/br\/#organization\",\"name\":\"Swimchannel - Conectando voc\u00ea a Nata\u00e7\u00e3o\",\"url\":\"https:\/\/swimchannel.net\/br\/\",\"logo\":{\"@type\":\"ImageObject\",\"inLanguage\":\"pt-BR\",\"@id\":\"https:\/\/swimchannel.net\/br\/#\/schema\/logo\/image\/\",\"url\":\"https:\/\/swimchannel.net\/br\/wp-content\/uploads\/2026\/02\/SWIM-CHANNEL.png\",\"contentUrl\":\"https:\/\/swimchannel.net\/br\/wp-content\/uploads\/2026\/02\/SWIM-CHANNEL.png\",\"width\":1120,\"height\":630,\"caption\":\"Swimchannel - Conectando voc\u00ea a Nata\u00e7\u00e3o\"},\"image\":{\"@id\":\"https:\/\/swimchannel.net\/br\/#\/schema\/logo\/image\/\"},\"sameAs\":[\"https:\/\/www.facebook.com\/swimchannel\",\"https:\/\/www.instagram.com\/swimchannel\"]},{\"@type\":\"Person\",\"@id\":\"https:\/\/swimchannel.net\/br\/#\/schema\/person\/cf549cb99cf75592fcf7c76213385e63\",\"name\":\"Alex Pussieldi\",\"image\":{\"@type\":\"ImageObject\",\"inLanguage\":\"pt-BR\",\"@id\":\"https:\/\/swimchannel.net\/br\/#\/schema\/person\/image\/\",\"url\":\"https:\/\/swimchannel.net\/br\/wp-content\/uploads\/2021\/02\/9b1c252d-a4bd-4eda-b399-24565cac4114-100x100.jpg\",\"contentUrl\":\"https:\/\/swimchannel.net\/br\/wp-content\/uploads\/2021\/02\/9b1c252d-a4bd-4eda-b399-24565cac4114-100x100.jpg\",\"caption\":\"Alex Pussieldi\"},\"description\":\"Alexandre Pussieldi, apelidado de \u201ccoach\u201d, Foi t\u00e9cnico da sele\u00e7\u00e3o verde e amarela nas Olimp\u00edadas de Pequim-2008 e Londres-2012. O treinador ainda comandou outros quatro pa\u00edses: Kuwait, Paraguai, Aruba e Antilhas Holandesas, al\u00e9m da sele\u00e7\u00e3o americana de \u00e1guas abertas. Pussieldi tem passagens como comentarista de nata\u00e7\u00e3o do Grupo Globo e Swim Channel.\",\"url\":\"https:\/\/swimchannel.net\/br\/author\/alexpussieldi\/\"}]}<\/script>\n<!-- \/ Yoast SEO plugin. -->","yoast_head_json":{"title":"Gabriel Ara\u00fajo est\u00e1 na disputa do Pr\u00eamio Laureus 2026 - Swimchannel","robots":{"index":"index","follow":"follow","max-snippet":"max-snippet:-1","max-image-preview":"max-image-preview:large","max-video-preview":"max-video-preview:-1"},"canonical":"https:\/\/swimchannel.net\/br\/gabriel-araujo-esta-na-disputa-do-premio-laureus-2026\/","og_locale":"pt_BR","og_type":"article","og_title":"Gabriel Ara\u00fajo est\u00e1 na disputa do Pr\u00eamio Laureus 2026 - Swimchannel","og_description":"Nosso nadador paral\u00edmpico Gabriel Ara\u00fajo \u00e9 um dos quatro brasileiros que aparece na lista dos concorrentes ao Pr\u00eamio Laureus, considerado o Oscar do esporte que ser\u00e1 realizado em Madri, na Espanha, no dia 20 de abril. Os nomes apurados foram votados por um Painel Mundial de Especialistas com 1.300 participantes dos quais dois s\u00e3o do [&hellip;]","og_url":"https:\/\/swimchannel.net\/br\/gabriel-araujo-esta-na-disputa-do-premio-laureus-2026\/","og_site_name":"Swimchannel","article_publisher":"https:\/\/www.facebook.com\/swimchannel","article_published_time":"2026-03-04T10:00:28+00:00","article_modified_time":"2026-03-04T13:57:59+00:00","og_image":[{"width":1024,"height":713,"url":"https:\/\/swimchannel.net\/br\/wp-content\/uploads\/2025\/09\/309-1024x713-1.jpg","type":"image\/jpeg"}],"author":"Alex Pussieldi","twitter_card":"summary_large_image","twitter_misc":{"Escrito por":"Alex Pussieldi","Est. tempo de leitura":"4 minutos"},"schema":{"@context":"https:\/\/schema.org","@graph":[{"@type":"Article","@id":"https:\/\/swimchannel.net\/br\/gabriel-araujo-esta-na-disputa-do-premio-laureus-2026\/#article","isPartOf":{"@id":"https:\/\/swimchannel.net\/br\/gabriel-araujo-esta-na-disputa-do-premio-laureus-2026\/"},"author":{"name":"Alex Pussieldi","@id":"https:\/\/swimchannel.net\/br\/#\/schema\/person\/cf549cb99cf75592fcf7c76213385e63"},"headline":"Gabriel Ara\u00fajo est\u00e1 na disputa do Pr\u00eamio Laureus 2026","datePublished":"2026-03-04T10:00:28+00:00","dateModified":"2026-03-04T13:57:59+00:00","mainEntityOfPage":{"@id":"https:\/\/swimchannel.net\/br\/gabriel-araujo-esta-na-disputa-do-premio-laureus-2026\/"},"wordCount":565,"commentCount":0,"publisher":{"@id":"https:\/\/swimchannel.net\/br\/#organization"},"image":{"@id":"https:\/\/swimchannel.net\/br\/gabriel-araujo-esta-na-disputa-do-premio-laureus-2026\/#primaryimage"},"thumbnailUrl":"https:\/\/swimchannel.net\/br\/wp-content\/uploads\/2025\/09\/309-1024x713-1.jpg","keywords":["Gabriel Ara\u00fajo","Katie Ledecky","natacao","nata\u00e7\u00e3o paral\u00edmpica","Pr\u00eamio Laureus","Yu Zidi"],"articleSection":["Nata\u00e7\u00e3o"],"inLanguage":"pt-BR","potentialAction":[{"@type":"CommentAction","name":"Comment","target":["https:\/\/swimchannel.net\/br\/gabriel-araujo-esta-na-disputa-do-premio-laureus-2026\/#respond"]}]},{"@type":"WebPage","@id":"https:\/\/swimchannel.net\/br\/gabriel-araujo-esta-na-disputa-do-premio-laureus-2026\/","url":"https:\/\/swimchannel.net\/br\/gabriel-araujo-esta-na-disputa-do-premio-laureus-2026\/","name":"Gabriel Ara\u00fajo est\u00e1 na disputa do Pr\u00eamio Laureus 2026 - Swimchannel","isPartOf":{"@id":"https:\/\/swimchannel.net\/br\/#website"},"primaryImageOfPage":{"@id":"https:\/\/swimchannel.net\/br\/gabriel-araujo-esta-na-disputa-do-premio-laureus-2026\/#primaryimage"},"image":{"@id":"https:\/\/swimchannel.net\/br\/gabriel-araujo-esta-na-disputa-do-premio-laureus-2026\/#primaryimage"},"thumbnailUrl":"https:\/\/swimchannel.net\/br\/wp-content\/uploads\/2025\/09\/309-1024x713-1.jpg","datePublished":"2026-03-04T10:00:28+00:00","dateModified":"2026-03-04T13:57:59+00:00","breadcrumb":{"@id":"https:\/\/swimchannel.net\/br\/gabriel-araujo-esta-na-disputa-do-premio-laureus-2026\/#breadcrumb"},"inLanguage":"pt-BR","potentialAction":[{"@type":"ReadAction","target":["https:\/\/swimchannel.net\/br\/gabriel-araujo-esta-na-disputa-do-premio-laureus-2026\/"]}]},{"@type":"ImageObject","inLanguage":"pt-BR","@id":"https:\/\/swimchannel.net\/br\/gabriel-araujo-esta-na-disputa-do-premio-laureus-2026\/#primaryimage","url":"https:\/\/swimchannel.net\/br\/wp-content\/uploads\/2025\/09\/309-1024x713-1.jpg","contentUrl":"https:\/\/swimchannel.net\/br\/wp-content\/uploads\/2025\/09\/309-1024x713-1.jpg","width":1024,"height":713,"caption":"Gabriel Ara\u00fajo - Foto: Ale Cabral\/CPB"},{"@type":"BreadcrumbList","@id":"https:\/\/swimchannel.net\/br\/gabriel-araujo-esta-na-disputa-do-premio-laureus-2026\/#breadcrumb","itemListElement":[{"@type":"ListItem","position":1,"name":"Home","item":"https:\/\/swimchannel.net\/br\/"},{"@type":"ListItem","position":2,"name":"Gabriel Ara\u00fajo est\u00e1 na disputa do Pr\u00eamio Laureus 2026"}]},{"@type":"WebSite","@id":"https:\/\/swimchannel.net\/br\/#website","url":"https:\/\/swimchannel.net\/br\/","name":"Swimchannel","description":"Maior portal de nata\u00e7\u00e3o da america latina","publisher":{"@id":"https:\/\/swimchannel.net\/br\/#organization"},"potentialAction":[{"@type":"SearchAction","target":{"@type":"EntryPoint","urlTemplate":"https:\/\/swimchannel.net\/br\/?s={search_term_string}"},"query-input":{"@type":"PropertyValueSpecification","valueRequired":true,"valueName":"search_term_string"}}],"inLanguage":"pt-BR"},{"@type":"Organization","@id":"https:\/\/swimchannel.net\/br\/#organization","name":"Swimchannel - Conectando voc\u00ea a Nata\u00e7\u00e3o","url":"https:\/\/swimchannel.net\/br\/","logo":{"@type":"ImageObject","inLanguage":"pt-BR","@id":"https:\/\/swimchannel.net\/br\/#\/schema\/logo\/image\/","url":"https:\/\/swimchannel.net\/br\/wp-content\/uploads\/2026\/02\/SWIM-CHANNEL.png","contentUrl":"https:\/\/swimchannel.net\/br\/wp-content\/uploads\/2026\/02\/SWIM-CHANNEL.png","width":1120,"height":630,"caption":"Swimchannel - Conectando voc\u00ea a Nata\u00e7\u00e3o"},"image":{"@id":"https:\/\/swimchannel.net\/br\/#\/schema\/logo\/image\/"},"sameAs":["https:\/\/www.facebook.com\/swimchannel","https:\/\/www.instagram.com\/swimchannel"]},{"@type":"Person","@id":"https:\/\/swimchannel.net\/br\/#\/schema\/person\/cf549cb99cf75592fcf7c76213385e63","name":"Alex Pussieldi","image":{"@type":"ImageObject","inLanguage":"pt-BR","@id":"https:\/\/swimchannel.net\/br\/#\/schema\/person\/image\/","url":"https:\/\/swimchannel.net\/br\/wp-content\/uploads\/2021\/02\/9b1c252d-a4bd-4eda-b399-24565cac4114-100x100.jpg","contentUrl":"https:\/\/swimchannel.net\/br\/wp-content\/uploads\/2021\/02\/9b1c252d-a4bd-4eda-b399-24565cac4114-100x100.jpg","caption":"Alex Pussieldi"},"description":"Alexandre Pussieldi, apelidado de \u201ccoach\u201d, Foi t\u00e9cnico da sele\u00e7\u00e3o verde e amarela nas Olimp\u00edadas de Pequim-2008 e Londres-2012. O treinador ainda comandou outros quatro pa\u00edses: Kuwait, Paraguai, Aruba e Antilhas Holandesas, al\u00e9m da sele\u00e7\u00e3o americana de \u00e1guas abertas. Pussieldi tem passagens como comentarista de nata\u00e7\u00e3o do Grupo Globo e Swim Channel.","url":"https:\/\/swimchannel.net\/br\/author\/alexpussieldi\/"}]}},"_links":{"self":[{"href":"https:\/\/swimchannel.net\/br\/wp-json\/wp\/v2\/posts\/79776","targetHints":{"allow":["GET"]}}],"collection":[{"href":"https:\/\/swimchannel.net\/br\/wp-json\/wp\/v2\/posts"}],"about":[{"href":"https:\/\/swimchannel.net\/br\/wp-json\/wp\/v2\/types\/post"}],"author":[{"embeddable":true,"href":"https:\/\/swimchannel.net\/br\/wp-json\/wp\/v2\/users\/12"}],"replies":[{"embeddable":true,"href":"https:\/\/swimchannel.net\/br\/wp-json\/wp\/v2\/comments?post=79776"}],"version-history":[{"count":2,"href":"https:\/\/swimchannel.net\/br\/wp-json\/wp\/v2\/posts\/79776\/revisions"}],"predecessor-version":[{"id":79828,"href":"https:\/\/swimchannel.net\/br\/wp-json\/wp\/v2\/posts\/79776\/revisions\/79828"}],"wp:featuredmedia":[{"embeddable":true,"href":"https:\/\/swimchannel.net\/br\/wp-json\/wp\/v2\/media\/76210"}],"wp:attachment":[{"href":"https:\/\/swimchannel.net\/br\/wp-json\/wp\/v2\/media?parent=79776"}],"wp:term":[{"taxonomy":"category","embeddable":true,"href":"https:\/\/swimchannel.net\/br\/wp-json\/wp\/v2\/categories?post=79776"},{"taxonomy":"post_tag","embeddable":true,"href":"https:\/\/swimchannel.net\/br\/wp-json\/wp\/v2\/tags?post=79776"}],"curies":[{"name":"wp","href":"https:\/\/api.w.org\/{rel}","templated":true}]}}