{"id":79968,"date":"2026-03-07T16:12:43","date_gmt":"2026-03-07T19:12:43","guid":{"rendered":"https:\/\/swimchannel.net\/br\/?p=79968"},"modified":"2026-03-07T16:12:43","modified_gmt":"2026-03-07T19:12:43","slug":"travessia-da-vitoria-como-a-capital-capixaba-se-consolidou-como-referencia-nacional-em-aguas-abertas","status":"publish","type":"post","link":"https:\/\/swimchannel.net\/br\/travessia-da-vitoria-como-a-capital-capixaba-se-consolidou-como-referencia-nacional-em-aguas-abertas\/","title":{"rendered":"Travessia da Vit\u00f3ria: Como a capital capixaba se consolidou como refer\u00eancia nacional em \u00e1guas abertas?"},"content":{"rendered":"<p data-start=\"127\" data-end=\"539\">Cercada pelo mar e por um dos cen\u00e1rios costeiros mais marcantes do pa\u00eds, a capital capixaba vem se consolidando como um dos principais polos brasileiros das \u00e1guas abertas. A combina\u00e7\u00e3o entre geografia privilegiada, tradi\u00e7\u00e3o esportiva e eventos cada vez mais estruturados transformou a cidade em destino frequente para nadadores de diferentes n\u00edveis, dos iniciantes aos atletas de alto rendimento.<\/p>\n<p data-start=\"541\" data-end=\"903\">Entre os eventos que simbolizam esse crescimento est\u00e1 a Travessia da Vit\u00f3ria, prova que ao longo dos anos se tornou uma das mais tradicionais do calend\u00e1rio nacional da modalidade. Em 2026, a competi\u00e7\u00e3o chega \u00e0 11\u00aa edi\u00e7\u00e3o, marcada para o dia 26 de abril, conectando dois dos cart\u00f5es-postais mais conhecidos do Esp\u00edrito Santo: Vit\u00f3ria e Vila Velha.<\/p>\n<p data-start=\"959\" data-end=\"1136\">A Travessia da Vit\u00f3ria oferece quatro dist\u00e2ncias: 1 km, 3 km, 7 km e o revezamento 3&#215;500 metros, permitindo a participa\u00e7\u00e3o de nadadores com diferentes n\u00edveis de experi\u00eancia. A prova principal, de 7 km, \u00e9 considerada uma das mais emblem\u00e1ticas do evento. A largada acontece no Farol de Santa Luzia, em Vila Velha, constru\u00e7\u00e3o hist\u00f3rica do s\u00e9culo XIX, e segue pelo Canal de Vit\u00f3ria, passando por paisagens naturais da ba\u00eda at\u00e9 a chegada na capital capixaba.<\/p>\n<figure id=\"attachment_71254\" aria-describedby=\"caption-attachment-71254\" style=\"width: 946px\" class=\"wp-caption alignnone\"><img loading=\"lazy\" decoding=\"async\" class=\"size-full wp-image-71254\" src=\"https:\/\/swimchannel.net\/br\/wp-content\/uploads\/2025\/01\/WhatsApp-Image-2025-01-13-at-12.22.28.jpeg\" alt=\"\" width=\"946\" height=\"630\" srcset=\"https:\/\/swimchannel.net\/br\/wp-content\/uploads\/2025\/01\/WhatsApp-Image-2025-01-13-at-12.22.28.jpeg 946w, https:\/\/swimchannel.net\/br\/wp-content\/uploads\/2025\/01\/WhatsApp-Image-2025-01-13-at-12.22.28-270x180.jpeg 270w, https:\/\/swimchannel.net\/br\/wp-content\/uploads\/2025\/01\/WhatsApp-Image-2025-01-13-at-12.22.28-768x511.jpeg 768w, https:\/\/swimchannel.net\/br\/wp-content\/uploads\/2025\/01\/WhatsApp-Image-2025-01-13-at-12.22.28-750x499.jpeg 750w\" sizes=\"auto, (max-width: 946px) 100vw, 946px\" \/><figcaption id=\"caption-attachment-71254\" class=\"wp-caption-text\">Travessia da Vit\u00f3ria &#8211; Foto: Reprodu\u00e7\u00e3o do evento<\/figcaption><\/figure>\n<p data-start=\"1967\" data-end=\"2242\">Mais do que sediar eventos, Vit\u00f3ria tamb\u00e9m tem revelado atletas que ajudam a fortalecer a modalidade no pa\u00eds. Um dos nomes mais conhecidos \u00e9 Thais Santana, nadadora capixaba que construiu carreira nas \u00e1guas abertas e se tornou uma das refer\u00eancias da modalidade na regi\u00e3o.<\/p>\n<p data-start=\"2244\" data-end=\"2437\">Outra atleta revelada no estado \u00e9 Thammy Ventorim, integrou a delega\u00e7\u00e3o brasileira nos <b data-path-to-node=\"0\" data-index-in-node=\"109\">Jogos Pan-Americanos de 2011<\/b>, realizados em Guadalajara, hoje participa com frequ\u00eancia de provas de \u00e1guas abertas no estado, al\u00e9m de competi\u00e7\u00f5es nacionais.<\/p>\n<p data-start=\"2439\" data-end=\"2668\">A tradi\u00e7\u00e3o local nas travessias e a proximidade com o mar criam um ambiente favor\u00e1vel para o desenvolvimento de nadadores acostumados a diferentes condi\u00e7\u00f5es de prova, desde \u00e1guas mais protegidas at\u00e9 desafios com corrente e vento.<\/p>\n<figure id=\"attachment_45911\" aria-describedby=\"caption-attachment-45911\" style=\"width: 955px\" class=\"wp-caption alignnone\"><img loading=\"lazy\" decoding=\"async\" class=\"size-full wp-image-45911\" src=\"https:\/\/swimchannel.net\/br\/wp-content\/uploads\/2021\/09\/thaus.jpg\" alt=\"\" width=\"955\" height=\"599\" srcset=\"https:\/\/swimchannel.net\/br\/wp-content\/uploads\/2021\/09\/thaus.jpg 955w, https:\/\/swimchannel.net\/br\/wp-content\/uploads\/2021\/09\/thaus-287x180.jpg 287w, https:\/\/swimchannel.net\/br\/wp-content\/uploads\/2021\/09\/thaus-768x482.jpg 768w, https:\/\/swimchannel.net\/br\/wp-content\/uploads\/2021\/09\/thaus-200x125.jpg 200w, https:\/\/swimchannel.net\/br\/wp-content\/uploads\/2021\/09\/thaus-600x376.jpg 600w, https:\/\/swimchannel.net\/br\/wp-content\/uploads\/2021\/09\/thaus-750x470.jpg 750w\" sizes=\"auto, (max-width: 955px) 100vw, 955px\" \/><figcaption id=\"caption-attachment-45911\" class=\"wp-caption-text\">Thais Sant&#8217;Ana &#8211; Foto: Reprodu\u00e7\u00e3o<\/figcaption><\/figure>\n<p data-start=\"2715\" data-end=\"2997\">O Esp\u00edrito Santo tamb\u00e9m j\u00e1 foi palco de desafios que ganharam destaque no universo das ultramaratonas aqu\u00e1ticas. Um exemplo \u00e9 o feito do nadador Fl\u00e1vio Toi, conhecido por travessias de longa dist\u00e2ncia, incluindo desafios no litoral brasileiro como o arquip\u00e9lago de Abrolhos. Essas iniciativas ajudam a fortalecer a cultura das \u00e1guas abertas e refor\u00e7am o Esp\u00edrito Santo como um dos territ\u00f3rios brasileiros mais conectados \u00e0 modalidade.<\/p>\n<p>Ao longo de suas edi\u00e7\u00f5es, a Travessia da Vit\u00f3ria j\u00e1 contou com a participa\u00e7\u00e3o de diversos nadadores de destaque no cen\u00e1rio nacional, como Alan Viana, campe\u00e3o da prova de 7 km em 2019, e Luiz Felipe Lebeis, vencedor da mesma dist\u00e2ncia em 2025. A presen\u00e7a de atletas experientes dividindo o mar com iniciantes e amadores \u00e9 uma das caracter\u00edsticas que tornam a prova ainda mais especial, criando um ambiente \u00fanico que combina competi\u00e7\u00e3o de alto n\u00edvel, supera\u00e7\u00e3o pessoal e celebra\u00e7\u00e3o da comunidade das \u00e1guas abertas.<\/p>\n<p data-start=\"3845\" data-end=\"4031\">Com praias acess\u00edveis, \u00e1guas favor\u00e1veis para treino e uma comunidade crescente de praticantes, Vit\u00f3ria re\u00fane caracter\u00edsticas que ajudam a explicar o crescimento das travessias na regi\u00e3o. A edi\u00e7\u00e3o 2026 da Travessia da Vit\u00f3ria tem patroc\u00ednio master da Vale e apoio da NAZCA, Construtora Abaurre e da marca esportiva Speedo. Mais informa\u00e7\u00f5es sobre o evento aqui:\u00a0<a href=\"https:\/\/www.instagram.com\/travessiadavitoria.es\/\" target=\"_blank\" rel=\"noopener\"><strong>https:\/\/www.instagram.com\/travessiadavitoria.es\/<\/strong><\/a>.<\/p>\n<p>&nbsp;<\/p>\n<p>Gostaria de receber as not\u00edcias de nata\u00e7\u00e3o e \u00e1guas abertas no seu email?<\/p>\n<p><a href=\"https:\/\/lpa.nitro.news\/n-GNe\/ultimas-noticias-swim-channel\">Cadastre-se aqui<\/a><\/p>\n","protected":false},"excerpt":{"rendered":"<p>Cercada pelo mar e por um dos cen\u00e1rios costeiros mais marcantes do pa\u00eds, a capital capixaba vem se consolidando como um dos principais polos brasileiros das \u00e1guas abertas. A combina\u00e7\u00e3o entre geografia privilegiada, tradi\u00e7\u00e3o esportiva e eventos cada vez mais estruturados transformou a cidade em destino frequente para nadadores de diferentes n\u00edveis, dos iniciantes aos [&hellip;]<\/p>\n","protected":false},"author":9,"featured_media":73387,"comment_status":"open","ping_status":"open","sticky":false,"template":"","format":"standard","meta":{"footnotes":""},"categories":[115],"tags":[14,5,1894],"class_list":["post-79968","post","type-post","status-publish","format-standard","has-post-thumbnail","hentry","category-aguas-abertas","tag-aguas-abertas","tag-natacao","tag-travessia-da-vitoria"],"yoast_head":"<!-- This site is optimized with the Yoast SEO plugin v27.0 - https:\/\/yoast.com\/product\/yoast-seo-wordpress\/ -->\n<title>Travessia da Vit\u00f3ria: Como a capital capixaba se consolidou como refer\u00eancia nacional em \u00e1guas abertas? - Swimchannel<\/title>\n<meta name=\"robots\" content=\"index, follow, max-snippet:-1, max-image-preview:large, max-video-preview:-1\" \/>\n<link rel=\"canonical\" href=\"https:\/\/swimchannel.net\/br\/travessia-da-vitoria-como-a-capital-capixaba-se-consolidou-como-referencia-nacional-em-aguas-abertas\/\" \/>\n<meta property=\"og:locale\" content=\"pt_BR\" \/>\n<meta property=\"og:type\" content=\"article\" \/>\n<meta property=\"og:title\" content=\"Travessia da Vit\u00f3ria: Como a capital capixaba se consolidou como refer\u00eancia nacional em \u00e1guas abertas? - Swimchannel\" \/>\n<meta property=\"og:description\" content=\"Cercada pelo mar e por um dos cen\u00e1rios costeiros mais marcantes do pa\u00eds, a capital capixaba vem se consolidando como um dos principais polos brasileiros das \u00e1guas abertas. A combina\u00e7\u00e3o entre geografia privilegiada, tradi\u00e7\u00e3o esportiva e eventos cada vez mais estruturados transformou a cidade em destino frequente para nadadores de diferentes n\u00edveis, dos iniciantes aos [&hellip;]\" \/>\n<meta property=\"og:url\" content=\"https:\/\/swimchannel.net\/br\/travessia-da-vitoria-como-a-capital-capixaba-se-consolidou-como-referencia-nacional-em-aguas-abertas\/\" \/>\n<meta property=\"og:site_name\" content=\"Swimchannel\" \/>\n<meta property=\"article:publisher\" content=\"https:\/\/www.facebook.com\/swimchannel\" \/>\n<meta property=\"article:published_time\" content=\"2026-03-07T19:12:43+00:00\" \/>\n<meta property=\"og:image\" content=\"https:\/\/swimchannel.net\/br\/wp-content\/uploads\/2025\/05\/8ae3c7e5-dd0e-4b60-806a-6bf193ca1325.jpg\" \/>\n\t<meta property=\"og:image:width\" content=\"1600\" \/>\n\t<meta property=\"og:image:height\" content=\"900\" \/>\n\t<meta property=\"og:image:type\" content=\"image\/jpeg\" \/>\n<meta name=\"author\" content=\"Katarine Monteiro\" \/>\n<meta name=\"twitter:card\" content=\"summary_large_image\" \/>\n<meta name=\"twitter:creator\" content=\"@https:\/\/twitter.com\/Katarinem\" \/>\n<meta name=\"twitter:label1\" content=\"Escrito por\" \/>\n\t<meta name=\"twitter:data1\" content=\"Katarine Monteiro\" \/>\n\t<meta name=\"twitter:label2\" content=\"Est. tempo de leitura\" \/>\n\t<meta name=\"twitter:data2\" content=\"4 minutos\" \/>\n<script type=\"application\/ld+json\" class=\"yoast-schema-graph\">{\"@context\":\"https:\/\/schema.org\",\"@graph\":[{\"@type\":\"Article\",\"@id\":\"https:\/\/swimchannel.net\/br\/travessia-da-vitoria-como-a-capital-capixaba-se-consolidou-como-referencia-nacional-em-aguas-abertas\/#article\",\"isPartOf\":{\"@id\":\"https:\/\/swimchannel.net\/br\/travessia-da-vitoria-como-a-capital-capixaba-se-consolidou-como-referencia-nacional-em-aguas-abertas\/\"},\"author\":{\"name\":\"Katarine Monteiro\",\"@id\":\"https:\/\/swimchannel.net\/br\/#\/schema\/person\/73ae9cec62249968bca1f0a8098ef002\"},\"headline\":\"Travessia da Vit\u00f3ria: Como a capital capixaba se consolidou como refer\u00eancia nacional em \u00e1guas abertas?\",\"datePublished\":\"2026-03-07T19:12:43+00:00\",\"mainEntityOfPage\":{\"@id\":\"https:\/\/swimchannel.net\/br\/travessia-da-vitoria-como-a-capital-capixaba-se-consolidou-como-referencia-nacional-em-aguas-abertas\/\"},\"wordCount\":632,\"commentCount\":0,\"publisher\":{\"@id\":\"https:\/\/swimchannel.net\/br\/#organization\"},\"image\":{\"@id\":\"https:\/\/swimchannel.net\/br\/travessia-da-vitoria-como-a-capital-capixaba-se-consolidou-como-referencia-nacional-em-aguas-abertas\/#primaryimage\"},\"thumbnailUrl\":\"https:\/\/swimchannel.net\/br\/wp-content\/uploads\/2025\/05\/8ae3c7e5-dd0e-4b60-806a-6bf193ca1325.jpg\",\"keywords\":[\"\u00c1guas abertas\",\"natacao\",\"Travessia da Vit\u00f3ria\"],\"articleSection\":[\"\u00c1guas Abertas\"],\"inLanguage\":\"pt-BR\",\"potentialAction\":[{\"@type\":\"CommentAction\",\"name\":\"Comment\",\"target\":[\"https:\/\/swimchannel.net\/br\/travessia-da-vitoria-como-a-capital-capixaba-se-consolidou-como-referencia-nacional-em-aguas-abertas\/#respond\"]}]},{\"@type\":\"WebPage\",\"@id\":\"https:\/\/swimchannel.net\/br\/travessia-da-vitoria-como-a-capital-capixaba-se-consolidou-como-referencia-nacional-em-aguas-abertas\/\",\"url\":\"https:\/\/swimchannel.net\/br\/travessia-da-vitoria-como-a-capital-capixaba-se-consolidou-como-referencia-nacional-em-aguas-abertas\/\",\"name\":\"Travessia da Vit\u00f3ria: Como a capital capixaba se consolidou como refer\u00eancia nacional em \u00e1guas abertas? - Swimchannel\",\"isPartOf\":{\"@id\":\"https:\/\/swimchannel.net\/br\/#website\"},\"primaryImageOfPage\":{\"@id\":\"https:\/\/swimchannel.net\/br\/travessia-da-vitoria-como-a-capital-capixaba-se-consolidou-como-referencia-nacional-em-aguas-abertas\/#primaryimage\"},\"image\":{\"@id\":\"https:\/\/swimchannel.net\/br\/travessia-da-vitoria-como-a-capital-capixaba-se-consolidou-como-referencia-nacional-em-aguas-abertas\/#primaryimage\"},\"thumbnailUrl\":\"https:\/\/swimchannel.net\/br\/wp-content\/uploads\/2025\/05\/8ae3c7e5-dd0e-4b60-806a-6bf193ca1325.jpg\",\"datePublished\":\"2026-03-07T19:12:43+00:00\",\"breadcrumb\":{\"@id\":\"https:\/\/swimchannel.net\/br\/travessia-da-vitoria-como-a-capital-capixaba-se-consolidou-como-referencia-nacional-em-aguas-abertas\/#breadcrumb\"},\"inLanguage\":\"pt-BR\",\"potentialAction\":[{\"@type\":\"ReadAction\",\"target\":[\"https:\/\/swimchannel.net\/br\/travessia-da-vitoria-como-a-capital-capixaba-se-consolidou-como-referencia-nacional-em-aguas-abertas\/\"]}]},{\"@type\":\"ImageObject\",\"inLanguage\":\"pt-BR\",\"@id\":\"https:\/\/swimchannel.net\/br\/travessia-da-vitoria-como-a-capital-capixaba-se-consolidou-como-referencia-nacional-em-aguas-abertas\/#primaryimage\",\"url\":\"https:\/\/swimchannel.net\/br\/wp-content\/uploads\/2025\/05\/8ae3c7e5-dd0e-4b60-806a-6bf193ca1325.jpg\",\"contentUrl\":\"https:\/\/swimchannel.net\/br\/wp-content\/uploads\/2025\/05\/8ae3c7e5-dd0e-4b60-806a-6bf193ca1325.jpg\",\"width\":1600,\"height\":900,\"caption\":\"Travessia da Vit\u00f3ria. Foto: Eduardo Gotardo\"},{\"@type\":\"BreadcrumbList\",\"@id\":\"https:\/\/swimchannel.net\/br\/travessia-da-vitoria-como-a-capital-capixaba-se-consolidou-como-referencia-nacional-em-aguas-abertas\/#breadcrumb\",\"itemListElement\":[{\"@type\":\"ListItem\",\"position\":1,\"name\":\"Home\",\"item\":\"https:\/\/swimchannel.net\/br\/\"},{\"@type\":\"ListItem\",\"position\":2,\"name\":\"Travessia da Vit\u00f3ria: Como a capital capixaba se consolidou como refer\u00eancia nacional em \u00e1guas abertas?\"}]},{\"@type\":\"WebSite\",\"@id\":\"https:\/\/swimchannel.net\/br\/#website\",\"url\":\"https:\/\/swimchannel.net\/br\/\",\"name\":\"Swimchannel\",\"description\":\"Maior portal de nata\u00e7\u00e3o da america latina\",\"publisher\":{\"@id\":\"https:\/\/swimchannel.net\/br\/#organization\"},\"potentialAction\":[{\"@type\":\"SearchAction\",\"target\":{\"@type\":\"EntryPoint\",\"urlTemplate\":\"https:\/\/swimchannel.net\/br\/?s={search_term_string}\"},\"query-input\":{\"@type\":\"PropertyValueSpecification\",\"valueRequired\":true,\"valueName\":\"search_term_string\"}}],\"inLanguage\":\"pt-BR\"},{\"@type\":\"Organization\",\"@id\":\"https:\/\/swimchannel.net\/br\/#organization\",\"name\":\"Swimchannel - Conectando voc\u00ea a Nata\u00e7\u00e3o\",\"url\":\"https:\/\/swimchannel.net\/br\/\",\"logo\":{\"@type\":\"ImageObject\",\"inLanguage\":\"pt-BR\",\"@id\":\"https:\/\/swimchannel.net\/br\/#\/schema\/logo\/image\/\",\"url\":\"https:\/\/swimchannel.net\/br\/wp-content\/uploads\/2026\/02\/SWIM-CHANNEL.png\",\"contentUrl\":\"https:\/\/swimchannel.net\/br\/wp-content\/uploads\/2026\/02\/SWIM-CHANNEL.png\",\"width\":1120,\"height\":630,\"caption\":\"Swimchannel - Conectando voc\u00ea a Nata\u00e7\u00e3o\"},\"image\":{\"@id\":\"https:\/\/swimchannel.net\/br\/#\/schema\/logo\/image\/\"},\"sameAs\":[\"https:\/\/www.facebook.com\/swimchannel\",\"https:\/\/www.instagram.com\/swimchannel\"]},{\"@type\":\"Person\",\"@id\":\"https:\/\/swimchannel.net\/br\/#\/schema\/person\/73ae9cec62249968bca1f0a8098ef002\",\"name\":\"Katarine Monteiro\",\"image\":{\"@type\":\"ImageObject\",\"inLanguage\":\"pt-BR\",\"@id\":\"https:\/\/swimchannel.net\/br\/#\/schema\/person\/image\/\",\"url\":\"https:\/\/swimchannel.net\/br\/wp-content\/uploads\/2022\/01\/Katarine-Monteiro-100x100.jpg\",\"contentUrl\":\"https:\/\/swimchannel.net\/br\/wp-content\/uploads\/2022\/01\/Katarine-Monteiro-100x100.jpg\",\"caption\":\"Katarine Monteiro\"},\"description\":\"Jornalista SWIM CHANNEL especializada em esportes ol\u00edmpicos e em sa\u00fade. Com cobertura de grandes eventos internacionais, como Jogos Ol\u00edmpicos Rio 2016, Jogos Pan-Americanos em Lima 2019, Qatar Total Open 2020, Qatar ExxonMobil Open 2019 - t\u00eanis em Doha (QT), Semana Internacional de Vela de Ilhabela, Transat Jacques Vabre 2019 (Fran\u00e7a-Brasil), L'\u00c9tape Brasil by Tour de France, j\u00e1 fez in\u00fameras coberturas de nata\u00e7\u00e3o, maratona aqu\u00e1tica e polo aqu\u00e1tico. Formada tamb\u00e9m em Letras, a jornalista atua como assessora de imprensa, rela\u00e7\u00f5es p\u00fablicas e social media, com especializa\u00e7\u00e3o em marketing esportivo. Nadadora amadora de \u00e1guas abertas, j\u00e1 trabalhou com grandes nomes da nata\u00e7\u00e3o e do polo aqu\u00e1tico brasileiro.\",\"sameAs\":[\"https:\/\/www.instagram.com\/_katarinemonteiro\/\",\"https:\/\/www.linkedin.com\/in\/katarine-monteiro-19385297\/\",\"https:\/\/x.com\/https:\/\/twitter.com\/Katarinem\"],\"url\":\"https:\/\/swimchannel.net\/br\/author\/katarine-monteiro\/\"}]}<\/script>\n<!-- \/ Yoast SEO plugin. -->","yoast_head_json":{"title":"Travessia da Vit\u00f3ria: Como a capital capixaba se consolidou como refer\u00eancia nacional em \u00e1guas abertas? - Swimchannel","robots":{"index":"index","follow":"follow","max-snippet":"max-snippet:-1","max-image-preview":"max-image-preview:large","max-video-preview":"max-video-preview:-1"},"canonical":"https:\/\/swimchannel.net\/br\/travessia-da-vitoria-como-a-capital-capixaba-se-consolidou-como-referencia-nacional-em-aguas-abertas\/","og_locale":"pt_BR","og_type":"article","og_title":"Travessia da Vit\u00f3ria: Como a capital capixaba se consolidou como refer\u00eancia nacional em \u00e1guas abertas? - Swimchannel","og_description":"Cercada pelo mar e por um dos cen\u00e1rios costeiros mais marcantes do pa\u00eds, a capital capixaba vem se consolidando como um dos principais polos brasileiros das \u00e1guas abertas. A combina\u00e7\u00e3o entre geografia privilegiada, tradi\u00e7\u00e3o esportiva e eventos cada vez mais estruturados transformou a cidade em destino frequente para nadadores de diferentes n\u00edveis, dos iniciantes aos [&hellip;]","og_url":"https:\/\/swimchannel.net\/br\/travessia-da-vitoria-como-a-capital-capixaba-se-consolidou-como-referencia-nacional-em-aguas-abertas\/","og_site_name":"Swimchannel","article_publisher":"https:\/\/www.facebook.com\/swimchannel","article_published_time":"2026-03-07T19:12:43+00:00","og_image":[{"width":1600,"height":900,"url":"https:\/\/swimchannel.net\/br\/wp-content\/uploads\/2025\/05\/8ae3c7e5-dd0e-4b60-806a-6bf193ca1325.jpg","type":"image\/jpeg"}],"author":"Katarine Monteiro","twitter_card":"summary_large_image","twitter_creator":"@https:\/\/twitter.com\/Katarinem","twitter_misc":{"Escrito por":"Katarine Monteiro","Est. tempo de leitura":"4 minutos"},"schema":{"@context":"https:\/\/schema.org","@graph":[{"@type":"Article","@id":"https:\/\/swimchannel.net\/br\/travessia-da-vitoria-como-a-capital-capixaba-se-consolidou-como-referencia-nacional-em-aguas-abertas\/#article","isPartOf":{"@id":"https:\/\/swimchannel.net\/br\/travessia-da-vitoria-como-a-capital-capixaba-se-consolidou-como-referencia-nacional-em-aguas-abertas\/"},"author":{"name":"Katarine Monteiro","@id":"https:\/\/swimchannel.net\/br\/#\/schema\/person\/73ae9cec62249968bca1f0a8098ef002"},"headline":"Travessia da Vit\u00f3ria: Como a capital capixaba se consolidou como refer\u00eancia nacional em \u00e1guas abertas?","datePublished":"2026-03-07T19:12:43+00:00","mainEntityOfPage":{"@id":"https:\/\/swimchannel.net\/br\/travessia-da-vitoria-como-a-capital-capixaba-se-consolidou-como-referencia-nacional-em-aguas-abertas\/"},"wordCount":632,"commentCount":0,"publisher":{"@id":"https:\/\/swimchannel.net\/br\/#organization"},"image":{"@id":"https:\/\/swimchannel.net\/br\/travessia-da-vitoria-como-a-capital-capixaba-se-consolidou-como-referencia-nacional-em-aguas-abertas\/#primaryimage"},"thumbnailUrl":"https:\/\/swimchannel.net\/br\/wp-content\/uploads\/2025\/05\/8ae3c7e5-dd0e-4b60-806a-6bf193ca1325.jpg","keywords":["\u00c1guas abertas","natacao","Travessia da Vit\u00f3ria"],"articleSection":["\u00c1guas Abertas"],"inLanguage":"pt-BR","potentialAction":[{"@type":"CommentAction","name":"Comment","target":["https:\/\/swimchannel.net\/br\/travessia-da-vitoria-como-a-capital-capixaba-se-consolidou-como-referencia-nacional-em-aguas-abertas\/#respond"]}]},{"@type":"WebPage","@id":"https:\/\/swimchannel.net\/br\/travessia-da-vitoria-como-a-capital-capixaba-se-consolidou-como-referencia-nacional-em-aguas-abertas\/","url":"https:\/\/swimchannel.net\/br\/travessia-da-vitoria-como-a-capital-capixaba-se-consolidou-como-referencia-nacional-em-aguas-abertas\/","name":"Travessia da Vit\u00f3ria: Como a capital capixaba se consolidou como refer\u00eancia nacional em \u00e1guas abertas? - Swimchannel","isPartOf":{"@id":"https:\/\/swimchannel.net\/br\/#website"},"primaryImageOfPage":{"@id":"https:\/\/swimchannel.net\/br\/travessia-da-vitoria-como-a-capital-capixaba-se-consolidou-como-referencia-nacional-em-aguas-abertas\/#primaryimage"},"image":{"@id":"https:\/\/swimchannel.net\/br\/travessia-da-vitoria-como-a-capital-capixaba-se-consolidou-como-referencia-nacional-em-aguas-abertas\/#primaryimage"},"thumbnailUrl":"https:\/\/swimchannel.net\/br\/wp-content\/uploads\/2025\/05\/8ae3c7e5-dd0e-4b60-806a-6bf193ca1325.jpg","datePublished":"2026-03-07T19:12:43+00:00","breadcrumb":{"@id":"https:\/\/swimchannel.net\/br\/travessia-da-vitoria-como-a-capital-capixaba-se-consolidou-como-referencia-nacional-em-aguas-abertas\/#breadcrumb"},"inLanguage":"pt-BR","potentialAction":[{"@type":"ReadAction","target":["https:\/\/swimchannel.net\/br\/travessia-da-vitoria-como-a-capital-capixaba-se-consolidou-como-referencia-nacional-em-aguas-abertas\/"]}]},{"@type":"ImageObject","inLanguage":"pt-BR","@id":"https:\/\/swimchannel.net\/br\/travessia-da-vitoria-como-a-capital-capixaba-se-consolidou-como-referencia-nacional-em-aguas-abertas\/#primaryimage","url":"https:\/\/swimchannel.net\/br\/wp-content\/uploads\/2025\/05\/8ae3c7e5-dd0e-4b60-806a-6bf193ca1325.jpg","contentUrl":"https:\/\/swimchannel.net\/br\/wp-content\/uploads\/2025\/05\/8ae3c7e5-dd0e-4b60-806a-6bf193ca1325.jpg","width":1600,"height":900,"caption":"Travessia da Vit\u00f3ria. Foto: Eduardo Gotardo"},{"@type":"BreadcrumbList","@id":"https:\/\/swimchannel.net\/br\/travessia-da-vitoria-como-a-capital-capixaba-se-consolidou-como-referencia-nacional-em-aguas-abertas\/#breadcrumb","itemListElement":[{"@type":"ListItem","position":1,"name":"Home","item":"https:\/\/swimchannel.net\/br\/"},{"@type":"ListItem","position":2,"name":"Travessia da Vit\u00f3ria: Como a capital capixaba se consolidou como refer\u00eancia nacional em \u00e1guas abertas?"}]},{"@type":"WebSite","@id":"https:\/\/swimchannel.net\/br\/#website","url":"https:\/\/swimchannel.net\/br\/","name":"Swimchannel","description":"Maior portal de nata\u00e7\u00e3o da america latina","publisher":{"@id":"https:\/\/swimchannel.net\/br\/#organization"},"potentialAction":[{"@type":"SearchAction","target":{"@type":"EntryPoint","urlTemplate":"https:\/\/swimchannel.net\/br\/?s={search_term_string}"},"query-input":{"@type":"PropertyValueSpecification","valueRequired":true,"valueName":"search_term_string"}}],"inLanguage":"pt-BR"},{"@type":"Organization","@id":"https:\/\/swimchannel.net\/br\/#organization","name":"Swimchannel - Conectando voc\u00ea a Nata\u00e7\u00e3o","url":"https:\/\/swimchannel.net\/br\/","logo":{"@type":"ImageObject","inLanguage":"pt-BR","@id":"https:\/\/swimchannel.net\/br\/#\/schema\/logo\/image\/","url":"https:\/\/swimchannel.net\/br\/wp-content\/uploads\/2026\/02\/SWIM-CHANNEL.png","contentUrl":"https:\/\/swimchannel.net\/br\/wp-content\/uploads\/2026\/02\/SWIM-CHANNEL.png","width":1120,"height":630,"caption":"Swimchannel - Conectando voc\u00ea a Nata\u00e7\u00e3o"},"image":{"@id":"https:\/\/swimchannel.net\/br\/#\/schema\/logo\/image\/"},"sameAs":["https:\/\/www.facebook.com\/swimchannel","https:\/\/www.instagram.com\/swimchannel"]},{"@type":"Person","@id":"https:\/\/swimchannel.net\/br\/#\/schema\/person\/73ae9cec62249968bca1f0a8098ef002","name":"Katarine Monteiro","image":{"@type":"ImageObject","inLanguage":"pt-BR","@id":"https:\/\/swimchannel.net\/br\/#\/schema\/person\/image\/","url":"https:\/\/swimchannel.net\/br\/wp-content\/uploads\/2022\/01\/Katarine-Monteiro-100x100.jpg","contentUrl":"https:\/\/swimchannel.net\/br\/wp-content\/uploads\/2022\/01\/Katarine-Monteiro-100x100.jpg","caption":"Katarine Monteiro"},"description":"Jornalista SWIM CHANNEL especializada em esportes ol\u00edmpicos e em sa\u00fade. Com cobertura de grandes eventos internacionais, como Jogos Ol\u00edmpicos Rio 2016, Jogos Pan-Americanos em Lima 2019, Qatar Total Open 2020, Qatar ExxonMobil Open 2019 - t\u00eanis em Doha (QT), Semana Internacional de Vela de Ilhabela, Transat Jacques Vabre 2019 (Fran\u00e7a-Brasil), L'\u00c9tape Brasil by Tour de France, j\u00e1 fez in\u00fameras coberturas de nata\u00e7\u00e3o, maratona aqu\u00e1tica e polo aqu\u00e1tico. Formada tamb\u00e9m em Letras, a jornalista atua como assessora de imprensa, rela\u00e7\u00f5es p\u00fablicas e social media, com especializa\u00e7\u00e3o em marketing esportivo. Nadadora amadora de \u00e1guas abertas, j\u00e1 trabalhou com grandes nomes da nata\u00e7\u00e3o e do polo aqu\u00e1tico brasileiro.","sameAs":["https:\/\/www.instagram.com\/_katarinemonteiro\/","https:\/\/www.linkedin.com\/in\/katarine-monteiro-19385297\/","https:\/\/x.com\/https:\/\/twitter.com\/Katarinem"],"url":"https:\/\/swimchannel.net\/br\/author\/katarine-monteiro\/"}]}},"_links":{"self":[{"href":"https:\/\/swimchannel.net\/br\/wp-json\/wp\/v2\/posts\/79968","targetHints":{"allow":["GET"]}}],"collection":[{"href":"https:\/\/swimchannel.net\/br\/wp-json\/wp\/v2\/posts"}],"about":[{"href":"https:\/\/swimchannel.net\/br\/wp-json\/wp\/v2\/types\/post"}],"author":[{"embeddable":true,"href":"https:\/\/swimchannel.net\/br\/wp-json\/wp\/v2\/users\/9"}],"replies":[{"embeddable":true,"href":"https:\/\/swimchannel.net\/br\/wp-json\/wp\/v2\/comments?post=79968"}],"version-history":[{"count":6,"href":"https:\/\/swimchannel.net\/br\/wp-json\/wp\/v2\/posts\/79968\/revisions"}],"predecessor-version":[{"id":79977,"href":"https:\/\/swimchannel.net\/br\/wp-json\/wp\/v2\/posts\/79968\/revisions\/79977"}],"wp:featuredmedia":[{"embeddable":true,"href":"https:\/\/swimchannel.net\/br\/wp-json\/wp\/v2\/media\/73387"}],"wp:attachment":[{"href":"https:\/\/swimchannel.net\/br\/wp-json\/wp\/v2\/media?parent=79968"}],"wp:term":[{"taxonomy":"category","embeddable":true,"href":"https:\/\/swimchannel.net\/br\/wp-json\/wp\/v2\/categories?post=79968"},{"taxonomy":"post_tag","embeddable":true,"href":"https:\/\/swimchannel.net\/br\/wp-json\/wp\/v2\/tags?post=79968"}],"curies":[{"name":"wp","href":"https:\/\/api.w.org\/{rel}","templated":true}]}}