{"id":79980,"date":"2026-03-08T17:54:03","date_gmt":"2026-03-08T20:54:03","guid":{"rendered":"https:\/\/swimchannel.net\/br\/?p=79980"},"modified":"2026-03-08T17:54:03","modified_gmt":"2026-03-08T20:54:03","slug":"maria-fernanda-costa-completa-tyr-pro-swim-series-com-prata-nos-400m-livre","status":"publish","type":"post","link":"https:\/\/swimchannel.net\/br\/maria-fernanda-costa-completa-tyr-pro-swim-series-com-prata-nos-400m-livre\/","title":{"rendered":"Maria Fernanda Costa completa TYR Pro Swim Series com prata nos 400m livre"},"content":{"rendered":"<p>Resultados do TYR Pro Swim Series, bronze nos 800m livre, quinta colocada nos 200m livre e vice campe\u00e3 nos 400m livre, um belo in\u00edcio de temporada para Maria Fernanda Costa, sem d\u00favidas, os melhores resultados desde que chegou a Austr\u00e1lia em Maio do ano passado. Principal nadadora do Brasil nas duas \u00faltimas temporadas<\/p>\n<p><strong>Resultados de Sexta-feira:<\/strong><br \/>\n1500m livre feminino \u2013 Katie Ledecky 15:40.86<br \/>\n1500m livre masculino \u2013 Sam Short da Austr\u00e1lia 14:52.33 recorde da competi\u00e7\u00e3o<br \/>\n200m livre feminino \u2013 Summer McIntosh do Canad\u00e1 1:53.80<br \/>\n5o Maria Fernanda Costa do Brasil 1:57.15<br \/>\n200m livre masculino \u2013 Chris Giuliano 1:45.53<br \/>\n12o Stephan Steverink do Brasil 1:49.63<br \/>\n13o Victor Balan Sega do Brasil 1:49.88<br \/>\n21o Fernando Scheffer 1:53.29<br \/>\n100m peito feminino \u2013 Kate Douglass 1:06.42<br \/>\n3o Macarena Ceballos da Argentina 1:07.92<br \/>\n100m peito masculino \u2013 Denis Petrashov do Quirguist\u00e3o 59.70<\/p>\n<figure id=\"attachment_75238\" aria-describedby=\"caption-attachment-75238\" style=\"width: 1200px\" class=\"wp-caption alignnone\"><img loading=\"lazy\" decoding=\"async\" class=\"size-large wp-image-75238\" src=\"https:\/\/swimchannel.net\/br\/wp-content\/uploads\/2025\/07\/54680437602_5c728d85c6_k-1200x800.jpg\" alt=\"\" width=\"1200\" height=\"800\" srcset=\"https:\/\/swimchannel.net\/br\/wp-content\/uploads\/2025\/07\/54680437602_5c728d85c6_k-1200x800.jpg 1200w, https:\/\/swimchannel.net\/br\/wp-content\/uploads\/2025\/07\/54680437602_5c728d85c6_k-1013x675.jpg 1013w, https:\/\/swimchannel.net\/br\/wp-content\/uploads\/2025\/07\/54680437602_5c728d85c6_k-270x180.jpg 270w, https:\/\/swimchannel.net\/br\/wp-content\/uploads\/2025\/07\/54680437602_5c728d85c6_k-768x512.jpg 768w, https:\/\/swimchannel.net\/br\/wp-content\/uploads\/2025\/07\/54680437602_5c728d85c6_k-1536x1024.jpg 1536w, https:\/\/swimchannel.net\/br\/wp-content\/uploads\/2025\/07\/54680437602_5c728d85c6_k-750x500.jpg 750w, https:\/\/swimchannel.net\/br\/wp-content\/uploads\/2025\/07\/54680437602_5c728d85c6_k-1140x760.jpg 1140w, https:\/\/swimchannel.net\/br\/wp-content\/uploads\/2025\/07\/54680437602_5c728d85c6_k.jpg 2048w\" sizes=\"auto, (max-width: 1200px) 100vw, 1200px\" \/><figcaption id=\"caption-attachment-75238\" class=\"wp-caption-text\">Maria Fernanda Costa &#8211; Foto: Satiro Sodr\u00e9<\/figcaption><\/figure>\n<p><strong>Resultados de S\u00e1bado:<\/strong><br \/>\n100m borboleta feminino \u2013 Gretchen Walsh 55.20<br \/>\n100m borboleta masculino \u2013 Shaine Casas 51.02<br \/>\n200m medley feminino \u2013 Summer McIntosh do Canad\u00e1 2:08.21<br \/>\n3o Agostina Hein da Argentina 2:13.08<br \/>\n200m medley masculino \u2013 Carson Foster 1:57.39<br \/>\n50m peito feminino \u2013 Mona McSharry da Irlanda 30.88<br \/>\n50m peito masculino \u2013 Michael Andrew 27.00<br \/>\n100m costas feminino \u2013 Isablle Stadden da Alemanha 58.54<br \/>\n100 costas masculino \u2013 Blake Tierney do Canad\u00e1 53.60<br \/>\n400m livre feminino \u2013 Katie Ledecky 4:00.54<br \/>\n2o Maria Fernanda Costa do Brasil 4:08.05<br \/>\n3o Agostina Hein da Argentina 4:10.64<br \/>\n400m livre masculino \u2013 Sam Short da Austr\u00e1lia 3:43.49<br \/>\n6o Stephan Steverink do Brasil 3:51.48<br \/>\n16o Vitor Balan Sega do Brasil 4:02.75<br \/>\n50m livre feminino \u2013 Gretchen Walsh 24.39<br \/>\n50m livre masculino \u2013 Chris Giuliano 21.43<br \/>\n15o Thiago Senna Cintra do Brasil 22.78<br \/>\n23o Marco Antonio Ferreira do Brasil 23.36<br \/>\n<strong><br \/>\nLink para os resultados completos: <\/strong><a href=\"https:\/\/www.swmeets.com\/Realtime\/ProSeries\/2026\/Westmont\/\">https:\/\/www.swmeets.com\/Realtime\/ProSeries\/2026\/Westmont\/<\/a>.<\/p>\n<p>&nbsp;<\/p>\n<p>Gostaria de receber as not\u00edcias de nata\u00e7\u00e3o e \u00e1guas abertas no seu email?<\/p>\n<p><a href=\"https:\/\/lpa.nitro.news\/n-GNe\/ultimas-noticias-swim-channel\">Cadastre-se aqui<\/a><\/p>\n","protected":false},"excerpt":{"rendered":"<p>Resultados do TYR Pro Swim Series, bronze nos 800m livre, quinta colocada nos 200m livre e vice campe\u00e3 nos 400m livre, um belo in\u00edcio de temporada para Maria Fernanda Costa, sem d\u00favidas, os melhores resultados desde que chegou a Austr\u00e1lia em Maio do ano passado. Principal nadadora do Brasil nas duas \u00faltimas temporadas Resultados de [&hellip;]<\/p>\n","protected":false},"author":12,"featured_media":73009,"comment_status":"open","ping_status":"open","sticky":false,"template":"","format":"standard","meta":{"footnotes":""},"categories":[137],"tags":[5325,5,6749],"class_list":["post-79980","post","type-post","status-publish","format-standard","has-post-thumbnail","hentry","category-natacao","tag-maria-fernanda-costa","tag-natacao","tag-pro-swim-series"],"yoast_head":"<!-- This site is optimized with the Yoast SEO plugin v27.0 - https:\/\/yoast.com\/product\/yoast-seo-wordpress\/ -->\n<title>Maria Fernanda Costa completa TYR Pro Swim Series com prata nos 400m livre - Swimchannel<\/title>\n<meta name=\"robots\" content=\"index, follow, max-snippet:-1, max-image-preview:large, max-video-preview:-1\" \/>\n<link rel=\"canonical\" href=\"https:\/\/swimchannel.net\/br\/maria-fernanda-costa-completa-tyr-pro-swim-series-com-prata-nos-400m-livre\/\" \/>\n<meta property=\"og:locale\" content=\"pt_BR\" \/>\n<meta property=\"og:type\" content=\"article\" \/>\n<meta property=\"og:title\" content=\"Maria Fernanda Costa completa TYR Pro Swim Series com prata nos 400m livre - Swimchannel\" \/>\n<meta property=\"og:description\" content=\"Resultados do TYR Pro Swim Series, bronze nos 800m livre, quinta colocada nos 200m livre e vice campe\u00e3 nos 400m livre, um belo in\u00edcio de temporada para Maria Fernanda Costa, sem d\u00favidas, os melhores resultados desde que chegou a Austr\u00e1lia em Maio do ano passado. Principal nadadora do Brasil nas duas \u00faltimas temporadas Resultados de [&hellip;]\" \/>\n<meta property=\"og:url\" content=\"https:\/\/swimchannel.net\/br\/maria-fernanda-costa-completa-tyr-pro-swim-series-com-prata-nos-400m-livre\/\" \/>\n<meta property=\"og:site_name\" content=\"Swimchannel\" \/>\n<meta property=\"article:publisher\" content=\"https:\/\/www.facebook.com\/swimchannel\" \/>\n<meta property=\"article:published_time\" content=\"2026-03-08T20:54:03+00:00\" \/>\n<meta property=\"og:image\" content=\"https:\/\/swimchannel.net\/br\/wp-content\/uploads\/2025\/04\/54466836168_ea1e4661db_o.jpg\" \/>\n\t<meta property=\"og:image:width\" content=\"2362\" \/>\n\t<meta property=\"og:image:height\" content=\"1575\" \/>\n\t<meta property=\"og:image:type\" content=\"image\/jpeg\" \/>\n<meta name=\"author\" content=\"Alex Pussieldi\" \/>\n<meta name=\"twitter:card\" content=\"summary_large_image\" \/>\n<meta name=\"twitter:label1\" content=\"Escrito por\" \/>\n\t<meta name=\"twitter:data1\" content=\"Alex Pussieldi\" \/>\n\t<meta name=\"twitter:label2\" content=\"Est. tempo de leitura\" \/>\n\t<meta name=\"twitter:data2\" content=\"3 minutos\" \/>\n<script type=\"application\/ld+json\" class=\"yoast-schema-graph\">{\"@context\":\"https:\/\/schema.org\",\"@graph\":[{\"@type\":\"Article\",\"@id\":\"https:\/\/swimchannel.net\/br\/maria-fernanda-costa-completa-tyr-pro-swim-series-com-prata-nos-400m-livre\/#article\",\"isPartOf\":{\"@id\":\"https:\/\/swimchannel.net\/br\/maria-fernanda-costa-completa-tyr-pro-swim-series-com-prata-nos-400m-livre\/\"},\"author\":{\"name\":\"Alex Pussieldi\",\"@id\":\"https:\/\/swimchannel.net\/br\/#\/schema\/person\/cf549cb99cf75592fcf7c76213385e63\"},\"headline\":\"Maria Fernanda Costa completa TYR Pro Swim Series com prata nos 400m livre\",\"datePublished\":\"2026-03-08T20:54:03+00:00\",\"mainEntityOfPage\":{\"@id\":\"https:\/\/swimchannel.net\/br\/maria-fernanda-costa-completa-tyr-pro-swim-series-com-prata-nos-400m-livre\/\"},\"wordCount\":296,\"commentCount\":0,\"publisher\":{\"@id\":\"https:\/\/swimchannel.net\/br\/#organization\"},\"image\":{\"@id\":\"https:\/\/swimchannel.net\/br\/maria-fernanda-costa-completa-tyr-pro-swim-series-com-prata-nos-400m-livre\/#primaryimage\"},\"thumbnailUrl\":\"https:\/\/swimchannel.net\/br\/wp-content\/uploads\/2025\/04\/54466836168_ea1e4661db_o.jpg\",\"keywords\":[\"Maria Fernanda Costa\",\"natacao\",\"Pro Swim Series\"],\"articleSection\":[\"Nata\u00e7\u00e3o\"],\"inLanguage\":\"pt-BR\",\"potentialAction\":[{\"@type\":\"CommentAction\",\"name\":\"Comment\",\"target\":[\"https:\/\/swimchannel.net\/br\/maria-fernanda-costa-completa-tyr-pro-swim-series-com-prata-nos-400m-livre\/#respond\"]}]},{\"@type\":\"WebPage\",\"@id\":\"https:\/\/swimchannel.net\/br\/maria-fernanda-costa-completa-tyr-pro-swim-series-com-prata-nos-400m-livre\/\",\"url\":\"https:\/\/swimchannel.net\/br\/maria-fernanda-costa-completa-tyr-pro-swim-series-com-prata-nos-400m-livre\/\",\"name\":\"Maria Fernanda Costa completa TYR Pro Swim Series com prata nos 400m livre - Swimchannel\",\"isPartOf\":{\"@id\":\"https:\/\/swimchannel.net\/br\/#website\"},\"primaryImageOfPage\":{\"@id\":\"https:\/\/swimchannel.net\/br\/maria-fernanda-costa-completa-tyr-pro-swim-series-com-prata-nos-400m-livre\/#primaryimage\"},\"image\":{\"@id\":\"https:\/\/swimchannel.net\/br\/maria-fernanda-costa-completa-tyr-pro-swim-series-com-prata-nos-400m-livre\/#primaryimage\"},\"thumbnailUrl\":\"https:\/\/swimchannel.net\/br\/wp-content\/uploads\/2025\/04\/54466836168_ea1e4661db_o.jpg\",\"datePublished\":\"2026-03-08T20:54:03+00:00\",\"breadcrumb\":{\"@id\":\"https:\/\/swimchannel.net\/br\/maria-fernanda-costa-completa-tyr-pro-swim-series-com-prata-nos-400m-livre\/#breadcrumb\"},\"inLanguage\":\"pt-BR\",\"potentialAction\":[{\"@type\":\"ReadAction\",\"target\":[\"https:\/\/swimchannel.net\/br\/maria-fernanda-costa-completa-tyr-pro-swim-series-com-prata-nos-400m-livre\/\"]}]},{\"@type\":\"ImageObject\",\"inLanguage\":\"pt-BR\",\"@id\":\"https:\/\/swimchannel.net\/br\/maria-fernanda-costa-completa-tyr-pro-swim-series-com-prata-nos-400m-livre\/#primaryimage\",\"url\":\"https:\/\/swimchannel.net\/br\/wp-content\/uploads\/2025\/04\/54466836168_ea1e4661db_o.jpg\",\"contentUrl\":\"https:\/\/swimchannel.net\/br\/wp-content\/uploads\/2025\/04\/54466836168_ea1e4661db_o.jpg\",\"width\":2362,\"height\":1575,\"caption\":\"Maria Fernanda Costa - Foto: Satiro Sodr\u00e9\/SSPress\"},{\"@type\":\"BreadcrumbList\",\"@id\":\"https:\/\/swimchannel.net\/br\/maria-fernanda-costa-completa-tyr-pro-swim-series-com-prata-nos-400m-livre\/#breadcrumb\",\"itemListElement\":[{\"@type\":\"ListItem\",\"position\":1,\"name\":\"Home\",\"item\":\"https:\/\/swimchannel.net\/br\/\"},{\"@type\":\"ListItem\",\"position\":2,\"name\":\"Maria Fernanda Costa completa TYR Pro Swim Series com prata nos 400m livre\"}]},{\"@type\":\"WebSite\",\"@id\":\"https:\/\/swimchannel.net\/br\/#website\",\"url\":\"https:\/\/swimchannel.net\/br\/\",\"name\":\"Swimchannel\",\"description\":\"Maior portal de nata\u00e7\u00e3o da america latina\",\"publisher\":{\"@id\":\"https:\/\/swimchannel.net\/br\/#organization\"},\"potentialAction\":[{\"@type\":\"SearchAction\",\"target\":{\"@type\":\"EntryPoint\",\"urlTemplate\":\"https:\/\/swimchannel.net\/br\/?s={search_term_string}\"},\"query-input\":{\"@type\":\"PropertyValueSpecification\",\"valueRequired\":true,\"valueName\":\"search_term_string\"}}],\"inLanguage\":\"pt-BR\"},{\"@type\":\"Organization\",\"@id\":\"https:\/\/swimchannel.net\/br\/#organization\",\"name\":\"Swimchannel - Conectando voc\u00ea a Nata\u00e7\u00e3o\",\"url\":\"https:\/\/swimchannel.net\/br\/\",\"logo\":{\"@type\":\"ImageObject\",\"inLanguage\":\"pt-BR\",\"@id\":\"https:\/\/swimchannel.net\/br\/#\/schema\/logo\/image\/\",\"url\":\"https:\/\/swimchannel.net\/br\/wp-content\/uploads\/2026\/02\/SWIM-CHANNEL.png\",\"contentUrl\":\"https:\/\/swimchannel.net\/br\/wp-content\/uploads\/2026\/02\/SWIM-CHANNEL.png\",\"width\":1120,\"height\":630,\"caption\":\"Swimchannel - Conectando voc\u00ea a Nata\u00e7\u00e3o\"},\"image\":{\"@id\":\"https:\/\/swimchannel.net\/br\/#\/schema\/logo\/image\/\"},\"sameAs\":[\"https:\/\/www.facebook.com\/swimchannel\",\"https:\/\/www.instagram.com\/swimchannel\"]},{\"@type\":\"Person\",\"@id\":\"https:\/\/swimchannel.net\/br\/#\/schema\/person\/cf549cb99cf75592fcf7c76213385e63\",\"name\":\"Alex Pussieldi\",\"image\":{\"@type\":\"ImageObject\",\"inLanguage\":\"pt-BR\",\"@id\":\"https:\/\/swimchannel.net\/br\/#\/schema\/person\/image\/\",\"url\":\"https:\/\/swimchannel.net\/br\/wp-content\/uploads\/2021\/02\/9b1c252d-a4bd-4eda-b399-24565cac4114-100x100.jpg\",\"contentUrl\":\"https:\/\/swimchannel.net\/br\/wp-content\/uploads\/2021\/02\/9b1c252d-a4bd-4eda-b399-24565cac4114-100x100.jpg\",\"caption\":\"Alex Pussieldi\"},\"description\":\"Alexandre Pussieldi, apelidado de \u201ccoach\u201d, Foi t\u00e9cnico da sele\u00e7\u00e3o verde e amarela nas Olimp\u00edadas de Pequim-2008 e Londres-2012. O treinador ainda comandou outros quatro pa\u00edses: Kuwait, Paraguai, Aruba e Antilhas Holandesas, al\u00e9m da sele\u00e7\u00e3o americana de \u00e1guas abertas. Pussieldi tem passagens como comentarista de nata\u00e7\u00e3o do Grupo Globo e Swim Channel.\",\"url\":\"https:\/\/swimchannel.net\/br\/author\/alexpussieldi\/\"}]}<\/script>\n<!-- \/ Yoast SEO plugin. -->","yoast_head_json":{"title":"Maria Fernanda Costa completa TYR Pro Swim Series com prata nos 400m livre - Swimchannel","robots":{"index":"index","follow":"follow","max-snippet":"max-snippet:-1","max-image-preview":"max-image-preview:large","max-video-preview":"max-video-preview:-1"},"canonical":"https:\/\/swimchannel.net\/br\/maria-fernanda-costa-completa-tyr-pro-swim-series-com-prata-nos-400m-livre\/","og_locale":"pt_BR","og_type":"article","og_title":"Maria Fernanda Costa completa TYR Pro Swim Series com prata nos 400m livre - Swimchannel","og_description":"Resultados do TYR Pro Swim Series, bronze nos 800m livre, quinta colocada nos 200m livre e vice campe\u00e3 nos 400m livre, um belo in\u00edcio de temporada para Maria Fernanda Costa, sem d\u00favidas, os melhores resultados desde que chegou a Austr\u00e1lia em Maio do ano passado. Principal nadadora do Brasil nas duas \u00faltimas temporadas Resultados de [&hellip;]","og_url":"https:\/\/swimchannel.net\/br\/maria-fernanda-costa-completa-tyr-pro-swim-series-com-prata-nos-400m-livre\/","og_site_name":"Swimchannel","article_publisher":"https:\/\/www.facebook.com\/swimchannel","article_published_time":"2026-03-08T20:54:03+00:00","og_image":[{"width":2362,"height":1575,"url":"https:\/\/swimchannel.net\/br\/wp-content\/uploads\/2025\/04\/54466836168_ea1e4661db_o.jpg","type":"image\/jpeg"}],"author":"Alex Pussieldi","twitter_card":"summary_large_image","twitter_misc":{"Escrito por":"Alex Pussieldi","Est. tempo de leitura":"3 minutos"},"schema":{"@context":"https:\/\/schema.org","@graph":[{"@type":"Article","@id":"https:\/\/swimchannel.net\/br\/maria-fernanda-costa-completa-tyr-pro-swim-series-com-prata-nos-400m-livre\/#article","isPartOf":{"@id":"https:\/\/swimchannel.net\/br\/maria-fernanda-costa-completa-tyr-pro-swim-series-com-prata-nos-400m-livre\/"},"author":{"name":"Alex Pussieldi","@id":"https:\/\/swimchannel.net\/br\/#\/schema\/person\/cf549cb99cf75592fcf7c76213385e63"},"headline":"Maria Fernanda Costa completa TYR Pro Swim Series com prata nos 400m livre","datePublished":"2026-03-08T20:54:03+00:00","mainEntityOfPage":{"@id":"https:\/\/swimchannel.net\/br\/maria-fernanda-costa-completa-tyr-pro-swim-series-com-prata-nos-400m-livre\/"},"wordCount":296,"commentCount":0,"publisher":{"@id":"https:\/\/swimchannel.net\/br\/#organization"},"image":{"@id":"https:\/\/swimchannel.net\/br\/maria-fernanda-costa-completa-tyr-pro-swim-series-com-prata-nos-400m-livre\/#primaryimage"},"thumbnailUrl":"https:\/\/swimchannel.net\/br\/wp-content\/uploads\/2025\/04\/54466836168_ea1e4661db_o.jpg","keywords":["Maria Fernanda Costa","natacao","Pro Swim Series"],"articleSection":["Nata\u00e7\u00e3o"],"inLanguage":"pt-BR","potentialAction":[{"@type":"CommentAction","name":"Comment","target":["https:\/\/swimchannel.net\/br\/maria-fernanda-costa-completa-tyr-pro-swim-series-com-prata-nos-400m-livre\/#respond"]}]},{"@type":"WebPage","@id":"https:\/\/swimchannel.net\/br\/maria-fernanda-costa-completa-tyr-pro-swim-series-com-prata-nos-400m-livre\/","url":"https:\/\/swimchannel.net\/br\/maria-fernanda-costa-completa-tyr-pro-swim-series-com-prata-nos-400m-livre\/","name":"Maria Fernanda Costa completa TYR Pro Swim Series com prata nos 400m livre - Swimchannel","isPartOf":{"@id":"https:\/\/swimchannel.net\/br\/#website"},"primaryImageOfPage":{"@id":"https:\/\/swimchannel.net\/br\/maria-fernanda-costa-completa-tyr-pro-swim-series-com-prata-nos-400m-livre\/#primaryimage"},"image":{"@id":"https:\/\/swimchannel.net\/br\/maria-fernanda-costa-completa-tyr-pro-swim-series-com-prata-nos-400m-livre\/#primaryimage"},"thumbnailUrl":"https:\/\/swimchannel.net\/br\/wp-content\/uploads\/2025\/04\/54466836168_ea1e4661db_o.jpg","datePublished":"2026-03-08T20:54:03+00:00","breadcrumb":{"@id":"https:\/\/swimchannel.net\/br\/maria-fernanda-costa-completa-tyr-pro-swim-series-com-prata-nos-400m-livre\/#breadcrumb"},"inLanguage":"pt-BR","potentialAction":[{"@type":"ReadAction","target":["https:\/\/swimchannel.net\/br\/maria-fernanda-costa-completa-tyr-pro-swim-series-com-prata-nos-400m-livre\/"]}]},{"@type":"ImageObject","inLanguage":"pt-BR","@id":"https:\/\/swimchannel.net\/br\/maria-fernanda-costa-completa-tyr-pro-swim-series-com-prata-nos-400m-livre\/#primaryimage","url":"https:\/\/swimchannel.net\/br\/wp-content\/uploads\/2025\/04\/54466836168_ea1e4661db_o.jpg","contentUrl":"https:\/\/swimchannel.net\/br\/wp-content\/uploads\/2025\/04\/54466836168_ea1e4661db_o.jpg","width":2362,"height":1575,"caption":"Maria Fernanda Costa - Foto: Satiro Sodr\u00e9\/SSPress"},{"@type":"BreadcrumbList","@id":"https:\/\/swimchannel.net\/br\/maria-fernanda-costa-completa-tyr-pro-swim-series-com-prata-nos-400m-livre\/#breadcrumb","itemListElement":[{"@type":"ListItem","position":1,"name":"Home","item":"https:\/\/swimchannel.net\/br\/"},{"@type":"ListItem","position":2,"name":"Maria Fernanda Costa completa TYR Pro Swim Series com prata nos 400m livre"}]},{"@type":"WebSite","@id":"https:\/\/swimchannel.net\/br\/#website","url":"https:\/\/swimchannel.net\/br\/","name":"Swimchannel","description":"Maior portal de nata\u00e7\u00e3o da america latina","publisher":{"@id":"https:\/\/swimchannel.net\/br\/#organization"},"potentialAction":[{"@type":"SearchAction","target":{"@type":"EntryPoint","urlTemplate":"https:\/\/swimchannel.net\/br\/?s={search_term_string}"},"query-input":{"@type":"PropertyValueSpecification","valueRequired":true,"valueName":"search_term_string"}}],"inLanguage":"pt-BR"},{"@type":"Organization","@id":"https:\/\/swimchannel.net\/br\/#organization","name":"Swimchannel - Conectando voc\u00ea a Nata\u00e7\u00e3o","url":"https:\/\/swimchannel.net\/br\/","logo":{"@type":"ImageObject","inLanguage":"pt-BR","@id":"https:\/\/swimchannel.net\/br\/#\/schema\/logo\/image\/","url":"https:\/\/swimchannel.net\/br\/wp-content\/uploads\/2026\/02\/SWIM-CHANNEL.png","contentUrl":"https:\/\/swimchannel.net\/br\/wp-content\/uploads\/2026\/02\/SWIM-CHANNEL.png","width":1120,"height":630,"caption":"Swimchannel - Conectando voc\u00ea a Nata\u00e7\u00e3o"},"image":{"@id":"https:\/\/swimchannel.net\/br\/#\/schema\/logo\/image\/"},"sameAs":["https:\/\/www.facebook.com\/swimchannel","https:\/\/www.instagram.com\/swimchannel"]},{"@type":"Person","@id":"https:\/\/swimchannel.net\/br\/#\/schema\/person\/cf549cb99cf75592fcf7c76213385e63","name":"Alex Pussieldi","image":{"@type":"ImageObject","inLanguage":"pt-BR","@id":"https:\/\/swimchannel.net\/br\/#\/schema\/person\/image\/","url":"https:\/\/swimchannel.net\/br\/wp-content\/uploads\/2021\/02\/9b1c252d-a4bd-4eda-b399-24565cac4114-100x100.jpg","contentUrl":"https:\/\/swimchannel.net\/br\/wp-content\/uploads\/2021\/02\/9b1c252d-a4bd-4eda-b399-24565cac4114-100x100.jpg","caption":"Alex Pussieldi"},"description":"Alexandre Pussieldi, apelidado de \u201ccoach\u201d, Foi t\u00e9cnico da sele\u00e7\u00e3o verde e amarela nas Olimp\u00edadas de Pequim-2008 e Londres-2012. O treinador ainda comandou outros quatro pa\u00edses: Kuwait, Paraguai, Aruba e Antilhas Holandesas, al\u00e9m da sele\u00e7\u00e3o americana de \u00e1guas abertas. Pussieldi tem passagens como comentarista de nata\u00e7\u00e3o do Grupo Globo e Swim Channel.","url":"https:\/\/swimchannel.net\/br\/author\/alexpussieldi\/"}]}},"_links":{"self":[{"href":"https:\/\/swimchannel.net\/br\/wp-json\/wp\/v2\/posts\/79980","targetHints":{"allow":["GET"]}}],"collection":[{"href":"https:\/\/swimchannel.net\/br\/wp-json\/wp\/v2\/posts"}],"about":[{"href":"https:\/\/swimchannel.net\/br\/wp-json\/wp\/v2\/types\/post"}],"author":[{"embeddable":true,"href":"https:\/\/swimchannel.net\/br\/wp-json\/wp\/v2\/users\/12"}],"replies":[{"embeddable":true,"href":"https:\/\/swimchannel.net\/br\/wp-json\/wp\/v2\/comments?post=79980"}],"version-history":[{"count":1,"href":"https:\/\/swimchannel.net\/br\/wp-json\/wp\/v2\/posts\/79980\/revisions"}],"predecessor-version":[{"id":79981,"href":"https:\/\/swimchannel.net\/br\/wp-json\/wp\/v2\/posts\/79980\/revisions\/79981"}],"wp:featuredmedia":[{"embeddable":true,"href":"https:\/\/swimchannel.net\/br\/wp-json\/wp\/v2\/media\/73009"}],"wp:attachment":[{"href":"https:\/\/swimchannel.net\/br\/wp-json\/wp\/v2\/media?parent=79980"}],"wp:term":[{"taxonomy":"category","embeddable":true,"href":"https:\/\/swimchannel.net\/br\/wp-json\/wp\/v2\/categories?post=79980"},{"taxonomy":"post_tag","embeddable":true,"href":"https:\/\/swimchannel.net\/br\/wp-json\/wp\/v2\/tags?post=79980"}],"curies":[{"name":"wp","href":"https:\/\/api.w.org\/{rel}","templated":true}]}}