{"id":80049,"date":"2026-03-09T18:08:03","date_gmt":"2026-03-09T21:08:03","guid":{"rendered":"https:\/\/swimchannel.net\/br\/?p=80049"},"modified":"2026-03-09T18:08:03","modified_gmt":"2026-03-09T21:08:03","slug":"world-aquatics-anuncia-mudanca-no-programa-de-provas-de-mundiais","status":"publish","type":"post","link":"https:\/\/swimchannel.net\/br\/world-aquatics-anuncia-mudanca-no-programa-de-provas-de-mundiais\/","title":{"rendered":"World Aquatics anuncia mudan\u00e7a no programa de provas de Mundiais"},"content":{"rendered":"<p>Os pr\u00f3ximos Campeonatos Mundiais de nata\u00e7\u00e3o ter\u00e3o novidades em seus programas de provas. O Mundial de longa ter\u00e1 a prova do revezamento 4x100m livre misto excluida a partir do Campeonato Mundial de Esportes Aqu\u00e1ticos de Budapeste-2027. J\u00e1 no Mundial de curta, os revezamentos 4x50m livre masculino e 4x50m livre feminino est\u00e3o fora do programa, que ganha a adi\u00e7\u00e3o do 4x100m medley misto.<\/p>\n<p>A World Aquatics anunciou que a principal raz\u00e3o para a exclus\u00e3o 4x100m livre misto \u00e9 de adequear a programa\u00e7\u00e3o de seu principal evento ao programa ol\u00edmpico, favorecendo a prepara\u00e7\u00e3o dos nadadores j\u00e1 que a dist\u00e2ncia n\u00e3o acontece nos Jogos Ol\u00edmpicos. No entanto, a disputa do 4x100m livre misto seguir\u00e1 fazendo parte da programa\u00e7\u00e3o do Campeonato Mundial J\u00fanior.<\/p>\n<figure id=\"attachment_41412\" aria-describedby=\"caption-attachment-41412\" style=\"width: 1200px\" class=\"wp-caption alignnone\"><img loading=\"lazy\" decoding=\"async\" class=\"size-large wp-image-41412\" src=\"https:\/\/swimchannel.net\/br\/wp-content\/uploads\/2021\/04\/71Q2495-1200x800.jpg\" alt=\"\" width=\"1200\" height=\"800\" srcset=\"https:\/\/swimchannel.net\/br\/wp-content\/uploads\/2021\/04\/71Q2495-1200x800.jpg 1200w, https:\/\/swimchannel.net\/br\/wp-content\/uploads\/2021\/04\/71Q2495-1012x675.jpg 1012w, https:\/\/swimchannel.net\/br\/wp-content\/uploads\/2021\/04\/71Q2495-270x180.jpg 270w, https:\/\/swimchannel.net\/br\/wp-content\/uploads\/2021\/04\/71Q2495-768x512.jpg 768w, https:\/\/swimchannel.net\/br\/wp-content\/uploads\/2021\/04\/71Q2495-1536x1024.jpg 1536w, https:\/\/swimchannel.net\/br\/wp-content\/uploads\/2021\/04\/71Q2495-2048x1366.jpg 2048w, https:\/\/swimchannel.net\/br\/wp-content\/uploads\/2021\/04\/71Q2495-600x400.jpg 600w, https:\/\/swimchannel.net\/br\/wp-content\/uploads\/2021\/04\/71Q2495-750x500.jpg 750w, https:\/\/swimchannel.net\/br\/wp-content\/uploads\/2021\/04\/71Q2495-1140x760.jpg 1140w\" sizes=\"auto, (max-width: 1200px) 100vw, 1200px\" \/><figcaption id=\"caption-attachment-41412\" class=\"wp-caption-text\">Revezamento 4x100m medley misto do Brasil em T\u00f3quio-2020 &#8211; Foto: Satiro Sodr\u00e9\/SSPress\/CBDA<\/figcaption><\/figure>\n<p>Referente as mudan\u00e7as no Mundial de curta, a partir da edi\u00e7\u00e3o deste ano em Pequim o programa de provas ter\u00e1 nove disputas em revezamento: 4x100m livre masculino e feminino, 4x200m livre masculino e feminino, 4x100m medley masculino e feminino, 4x50m livre misto, 4x50m medley misto e 4x100m medley misto. Desta forma, as provas 4x50m livre masculino e feminino n\u00e3o ser\u00e3o mais disputadas.<\/p>\n<p>As mudan\u00e7as na programa\u00e7\u00e3o dos eventos est\u00e3o dispon\u00edveis no site da World Aquatics e podem ser conferidas aqui: <a href=\"https:\/\/resources.fina.org\/fina\/document\/2026\/02\/18\/e6815ecc-06d9-4f0b-98e9-4c441cf5e6a3\/2026-02-18_World-Aquatics_CR-Final.pdf\" target=\"_blank\" rel=\"noopener\">https:\/\/resources.fina.org\/fina\/document\/2026\/02\/18\/e6815ecc-06d9-4f0b-98e9-4c441cf5e6a3\/2026-02-18_World-Aquatics_CR-Final.pdf<\/a>.<\/p>\n<p>&nbsp;<\/p>\n<p>Gostaria de receber as not\u00edcias de nata\u00e7\u00e3o e \u00e1guas abertas no seu email?<\/p>\n<p><a href=\"https:\/\/lpa.nitro.news\/n-GNe\/ultimas-noticias-swim-channel\">Cadastre-se aqui<\/a><\/p>\n","protected":false},"excerpt":{"rendered":"<p>Os pr\u00f3ximos Campeonatos Mundiais de nata\u00e7\u00e3o ter\u00e3o novidades em seus programas de provas. O Mundial de longa ter\u00e1 a prova do revezamento 4x100m livre misto excluida a partir do Campeonato Mundial de Esportes Aqu\u00e1ticos de Budapeste-2027. J\u00e1 no Mundial de curta, os revezamentos 4x50m livre masculino e 4x50m livre feminino est\u00e3o fora do programa, que [&hellip;]<\/p>\n","protected":false},"author":3,"featured_media":41412,"comment_status":"open","ping_status":"open","sticky":false,"template":"","format":"gallery","meta":{"footnotes":""},"categories":[58],"tags":[44,5,5101],"class_list":["post-80049","post","type-post","status-publish","format-gallery","has-post-thumbnail","hentry","category-campeonato-mundial","tag-campeonato-mundial","tag-natacao","tag-world-aquatics","post_format-post-format-gallery"],"yoast_head":"<!-- This site is optimized with the Yoast SEO plugin v27.0 - https:\/\/yoast.com\/product\/yoast-seo-wordpress\/ -->\n<title>World Aquatics anuncia mudan\u00e7a no programa de provas de Mundiais - Swimchannel<\/title>\n<meta name=\"robots\" content=\"index, follow, max-snippet:-1, max-image-preview:large, max-video-preview:-1\" \/>\n<link rel=\"canonical\" href=\"https:\/\/swimchannel.net\/br\/world-aquatics-anuncia-mudanca-no-programa-de-provas-de-mundiais\/\" \/>\n<meta property=\"og:locale\" content=\"pt_BR\" \/>\n<meta property=\"og:type\" content=\"article\" \/>\n<meta property=\"og:title\" content=\"World Aquatics anuncia mudan\u00e7a no programa de provas de Mundiais - Swimchannel\" \/>\n<meta property=\"og:description\" content=\"Os pr\u00f3ximos Campeonatos Mundiais de nata\u00e7\u00e3o ter\u00e3o novidades em seus programas de provas. O Mundial de longa ter\u00e1 a prova do revezamento 4x100m livre misto excluida a partir do Campeonato Mundial de Esportes Aqu\u00e1ticos de Budapeste-2027. J\u00e1 no Mundial de curta, os revezamentos 4x50m livre masculino e 4x50m livre feminino est\u00e3o fora do programa, que [&hellip;]\" \/>\n<meta property=\"og:url\" content=\"https:\/\/swimchannel.net\/br\/world-aquatics-anuncia-mudanca-no-programa-de-provas-de-mundiais\/\" \/>\n<meta property=\"og:site_name\" content=\"Swimchannel\" \/>\n<meta property=\"article:publisher\" content=\"https:\/\/www.facebook.com\/swimchannel\" \/>\n<meta property=\"article:published_time\" content=\"2026-03-09T21:08:03+00:00\" \/>\n<meta property=\"og:image\" content=\"https:\/\/swimchannel.net\/br\/wp-content\/uploads\/2021\/04\/71Q2495.jpg\" \/>\n\t<meta property=\"og:image:width\" content=\"2362\" \/>\n\t<meta property=\"og:image:height\" content=\"1575\" \/>\n\t<meta property=\"og:image:type\" content=\"image\/jpeg\" \/>\n<meta name=\"author\" content=\"Guilherme Freitas\" \/>\n<meta name=\"twitter:card\" content=\"summary_large_image\" \/>\n<meta name=\"twitter:label1\" content=\"Escrito por\" \/>\n\t<meta name=\"twitter:data1\" content=\"Guilherme Freitas\" \/>\n\t<meta name=\"twitter:label2\" content=\"Est. tempo de leitura\" \/>\n\t<meta name=\"twitter:data2\" content=\"2 minutos\" \/>\n<script type=\"application\/ld+json\" class=\"yoast-schema-graph\">{\"@context\":\"https:\/\/schema.org\",\"@graph\":[{\"@type\":\"Article\",\"@id\":\"https:\/\/swimchannel.net\/br\/world-aquatics-anuncia-mudanca-no-programa-de-provas-de-mundiais\/#article\",\"isPartOf\":{\"@id\":\"https:\/\/swimchannel.net\/br\/world-aquatics-anuncia-mudanca-no-programa-de-provas-de-mundiais\/\"},\"author\":{\"name\":\"Guilherme Freitas\",\"@id\":\"https:\/\/swimchannel.net\/br\/#\/schema\/person\/aa2a63bab3275f53749a83276b213c48\"},\"headline\":\"World Aquatics anuncia mudan\u00e7a no programa de provas de Mundiais\",\"datePublished\":\"2026-03-09T21:08:03+00:00\",\"mainEntityOfPage\":{\"@id\":\"https:\/\/swimchannel.net\/br\/world-aquatics-anuncia-mudanca-no-programa-de-provas-de-mundiais\/\"},\"wordCount\":310,\"commentCount\":0,\"publisher\":{\"@id\":\"https:\/\/swimchannel.net\/br\/#organization\"},\"image\":{\"@id\":\"https:\/\/swimchannel.net\/br\/world-aquatics-anuncia-mudanca-no-programa-de-provas-de-mundiais\/#primaryimage\"},\"thumbnailUrl\":\"https:\/\/swimchannel.net\/br\/wp-content\/uploads\/2021\/04\/71Q2495.jpg\",\"keywords\":[\"Campeonato Mundial\",\"natacao\",\"World Aquatics\"],\"articleSection\":[\"Campeonato Mundial\"],\"inLanguage\":\"pt-BR\",\"potentialAction\":[{\"@type\":\"CommentAction\",\"name\":\"Comment\",\"target\":[\"https:\/\/swimchannel.net\/br\/world-aquatics-anuncia-mudanca-no-programa-de-provas-de-mundiais\/#respond\"]}]},{\"@type\":\"WebPage\",\"@id\":\"https:\/\/swimchannel.net\/br\/world-aquatics-anuncia-mudanca-no-programa-de-provas-de-mundiais\/\",\"url\":\"https:\/\/swimchannel.net\/br\/world-aquatics-anuncia-mudanca-no-programa-de-provas-de-mundiais\/\",\"name\":\"World Aquatics anuncia mudan\u00e7a no programa de provas de Mundiais - Swimchannel\",\"isPartOf\":{\"@id\":\"https:\/\/swimchannel.net\/br\/#website\"},\"primaryImageOfPage\":{\"@id\":\"https:\/\/swimchannel.net\/br\/world-aquatics-anuncia-mudanca-no-programa-de-provas-de-mundiais\/#primaryimage\"},\"image\":{\"@id\":\"https:\/\/swimchannel.net\/br\/world-aquatics-anuncia-mudanca-no-programa-de-provas-de-mundiais\/#primaryimage\"},\"thumbnailUrl\":\"https:\/\/swimchannel.net\/br\/wp-content\/uploads\/2021\/04\/71Q2495.jpg\",\"datePublished\":\"2026-03-09T21:08:03+00:00\",\"breadcrumb\":{\"@id\":\"https:\/\/swimchannel.net\/br\/world-aquatics-anuncia-mudanca-no-programa-de-provas-de-mundiais\/#breadcrumb\"},\"inLanguage\":\"pt-BR\",\"potentialAction\":[{\"@type\":\"ReadAction\",\"target\":[\"https:\/\/swimchannel.net\/br\/world-aquatics-anuncia-mudanca-no-programa-de-provas-de-mundiais\/\"]}]},{\"@type\":\"ImageObject\",\"inLanguage\":\"pt-BR\",\"@id\":\"https:\/\/swimchannel.net\/br\/world-aquatics-anuncia-mudanca-no-programa-de-provas-de-mundiais\/#primaryimage\",\"url\":\"https:\/\/swimchannel.net\/br\/wp-content\/uploads\/2021\/04\/71Q2495.jpg\",\"contentUrl\":\"https:\/\/swimchannel.net\/br\/wp-content\/uploads\/2021\/04\/71Q2495.jpg\",\"width\":2362,\"height\":1575,\"caption\":\"Revezamento 4x100m medley misto - Foto: Satiro Sodr\u00e9\/SSPress\/CBDA\"},{\"@type\":\"BreadcrumbList\",\"@id\":\"https:\/\/swimchannel.net\/br\/world-aquatics-anuncia-mudanca-no-programa-de-provas-de-mundiais\/#breadcrumb\",\"itemListElement\":[{\"@type\":\"ListItem\",\"position\":1,\"name\":\"Home\",\"item\":\"https:\/\/swimchannel.net\/br\/\"},{\"@type\":\"ListItem\",\"position\":2,\"name\":\"World Aquatics anuncia mudan\u00e7a no programa de provas de Mundiais\"}]},{\"@type\":\"WebSite\",\"@id\":\"https:\/\/swimchannel.net\/br\/#website\",\"url\":\"https:\/\/swimchannel.net\/br\/\",\"name\":\"Swimchannel\",\"description\":\"Maior portal de nata\u00e7\u00e3o da america latina\",\"publisher\":{\"@id\":\"https:\/\/swimchannel.net\/br\/#organization\"},\"potentialAction\":[{\"@type\":\"SearchAction\",\"target\":{\"@type\":\"EntryPoint\",\"urlTemplate\":\"https:\/\/swimchannel.net\/br\/?s={search_term_string}\"},\"query-input\":{\"@type\":\"PropertyValueSpecification\",\"valueRequired\":true,\"valueName\":\"search_term_string\"}}],\"inLanguage\":\"pt-BR\"},{\"@type\":\"Organization\",\"@id\":\"https:\/\/swimchannel.net\/br\/#organization\",\"name\":\"Swimchannel - Conectando voc\u00ea a Nata\u00e7\u00e3o\",\"url\":\"https:\/\/swimchannel.net\/br\/\",\"logo\":{\"@type\":\"ImageObject\",\"inLanguage\":\"pt-BR\",\"@id\":\"https:\/\/swimchannel.net\/br\/#\/schema\/logo\/image\/\",\"url\":\"https:\/\/swimchannel.net\/br\/wp-content\/uploads\/2026\/02\/SWIM-CHANNEL.png\",\"contentUrl\":\"https:\/\/swimchannel.net\/br\/wp-content\/uploads\/2026\/02\/SWIM-CHANNEL.png\",\"width\":1120,\"height\":630,\"caption\":\"Swimchannel - Conectando voc\u00ea a Nata\u00e7\u00e3o\"},\"image\":{\"@id\":\"https:\/\/swimchannel.net\/br\/#\/schema\/logo\/image\/\"},\"sameAs\":[\"https:\/\/www.facebook.com\/swimchannel\",\"https:\/\/www.instagram.com\/swimchannel\"]},{\"@type\":\"Person\",\"@id\":\"https:\/\/swimchannel.net\/br\/#\/schema\/person\/aa2a63bab3275f53749a83276b213c48\",\"name\":\"Guilherme Freitas\",\"image\":{\"@type\":\"ImageObject\",\"inLanguage\":\"pt-BR\",\"@id\":\"https:\/\/swimchannel.net\/br\/#\/schema\/person\/image\/\",\"url\":\"https:\/\/swimchannel.net\/br\/wp-content\/uploads\/2025\/10\/gui22-193x180.png\",\"contentUrl\":\"https:\/\/swimchannel.net\/br\/wp-content\/uploads\/2025\/10\/gui22-193x180.png\",\"caption\":\"Guilherme Freitas\"},\"description\":\"Jornalista s\u00eanior da SWIM CHANNEL, ex-correspondente da FINA no Brasil e pesquisador acad\u00eamico.\",\"sameAs\":[\"instagram.com\/guifreitas86\"],\"url\":\"https:\/\/swimchannel.net\/br\/author\/guilherme-freitas\/\"}]}<\/script>\n<!-- \/ Yoast SEO plugin. -->","yoast_head_json":{"title":"World Aquatics anuncia mudan\u00e7a no programa de provas de Mundiais - Swimchannel","robots":{"index":"index","follow":"follow","max-snippet":"max-snippet:-1","max-image-preview":"max-image-preview:large","max-video-preview":"max-video-preview:-1"},"canonical":"https:\/\/swimchannel.net\/br\/world-aquatics-anuncia-mudanca-no-programa-de-provas-de-mundiais\/","og_locale":"pt_BR","og_type":"article","og_title":"World Aquatics anuncia mudan\u00e7a no programa de provas de Mundiais - Swimchannel","og_description":"Os pr\u00f3ximos Campeonatos Mundiais de nata\u00e7\u00e3o ter\u00e3o novidades em seus programas de provas. O Mundial de longa ter\u00e1 a prova do revezamento 4x100m livre misto excluida a partir do Campeonato Mundial de Esportes Aqu\u00e1ticos de Budapeste-2027. J\u00e1 no Mundial de curta, os revezamentos 4x50m livre masculino e 4x50m livre feminino est\u00e3o fora do programa, que [&hellip;]","og_url":"https:\/\/swimchannel.net\/br\/world-aquatics-anuncia-mudanca-no-programa-de-provas-de-mundiais\/","og_site_name":"Swimchannel","article_publisher":"https:\/\/www.facebook.com\/swimchannel","article_published_time":"2026-03-09T21:08:03+00:00","og_image":[{"width":2362,"height":1575,"url":"https:\/\/swimchannel.net\/br\/wp-content\/uploads\/2021\/04\/71Q2495.jpg","type":"image\/jpeg"}],"author":"Guilherme Freitas","twitter_card":"summary_large_image","twitter_misc":{"Escrito por":"Guilherme Freitas","Est. tempo de leitura":"2 minutos"},"schema":{"@context":"https:\/\/schema.org","@graph":[{"@type":"Article","@id":"https:\/\/swimchannel.net\/br\/world-aquatics-anuncia-mudanca-no-programa-de-provas-de-mundiais\/#article","isPartOf":{"@id":"https:\/\/swimchannel.net\/br\/world-aquatics-anuncia-mudanca-no-programa-de-provas-de-mundiais\/"},"author":{"name":"Guilherme Freitas","@id":"https:\/\/swimchannel.net\/br\/#\/schema\/person\/aa2a63bab3275f53749a83276b213c48"},"headline":"World Aquatics anuncia mudan\u00e7a no programa de provas de Mundiais","datePublished":"2026-03-09T21:08:03+00:00","mainEntityOfPage":{"@id":"https:\/\/swimchannel.net\/br\/world-aquatics-anuncia-mudanca-no-programa-de-provas-de-mundiais\/"},"wordCount":310,"commentCount":0,"publisher":{"@id":"https:\/\/swimchannel.net\/br\/#organization"},"image":{"@id":"https:\/\/swimchannel.net\/br\/world-aquatics-anuncia-mudanca-no-programa-de-provas-de-mundiais\/#primaryimage"},"thumbnailUrl":"https:\/\/swimchannel.net\/br\/wp-content\/uploads\/2021\/04\/71Q2495.jpg","keywords":["Campeonato Mundial","natacao","World Aquatics"],"articleSection":["Campeonato Mundial"],"inLanguage":"pt-BR","potentialAction":[{"@type":"CommentAction","name":"Comment","target":["https:\/\/swimchannel.net\/br\/world-aquatics-anuncia-mudanca-no-programa-de-provas-de-mundiais\/#respond"]}]},{"@type":"WebPage","@id":"https:\/\/swimchannel.net\/br\/world-aquatics-anuncia-mudanca-no-programa-de-provas-de-mundiais\/","url":"https:\/\/swimchannel.net\/br\/world-aquatics-anuncia-mudanca-no-programa-de-provas-de-mundiais\/","name":"World Aquatics anuncia mudan\u00e7a no programa de provas de Mundiais - Swimchannel","isPartOf":{"@id":"https:\/\/swimchannel.net\/br\/#website"},"primaryImageOfPage":{"@id":"https:\/\/swimchannel.net\/br\/world-aquatics-anuncia-mudanca-no-programa-de-provas-de-mundiais\/#primaryimage"},"image":{"@id":"https:\/\/swimchannel.net\/br\/world-aquatics-anuncia-mudanca-no-programa-de-provas-de-mundiais\/#primaryimage"},"thumbnailUrl":"https:\/\/swimchannel.net\/br\/wp-content\/uploads\/2021\/04\/71Q2495.jpg","datePublished":"2026-03-09T21:08:03+00:00","breadcrumb":{"@id":"https:\/\/swimchannel.net\/br\/world-aquatics-anuncia-mudanca-no-programa-de-provas-de-mundiais\/#breadcrumb"},"inLanguage":"pt-BR","potentialAction":[{"@type":"ReadAction","target":["https:\/\/swimchannel.net\/br\/world-aquatics-anuncia-mudanca-no-programa-de-provas-de-mundiais\/"]}]},{"@type":"ImageObject","inLanguage":"pt-BR","@id":"https:\/\/swimchannel.net\/br\/world-aquatics-anuncia-mudanca-no-programa-de-provas-de-mundiais\/#primaryimage","url":"https:\/\/swimchannel.net\/br\/wp-content\/uploads\/2021\/04\/71Q2495.jpg","contentUrl":"https:\/\/swimchannel.net\/br\/wp-content\/uploads\/2021\/04\/71Q2495.jpg","width":2362,"height":1575,"caption":"Revezamento 4x100m medley misto - Foto: Satiro Sodr\u00e9\/SSPress\/CBDA"},{"@type":"BreadcrumbList","@id":"https:\/\/swimchannel.net\/br\/world-aquatics-anuncia-mudanca-no-programa-de-provas-de-mundiais\/#breadcrumb","itemListElement":[{"@type":"ListItem","position":1,"name":"Home","item":"https:\/\/swimchannel.net\/br\/"},{"@type":"ListItem","position":2,"name":"World Aquatics anuncia mudan\u00e7a no programa de provas de Mundiais"}]},{"@type":"WebSite","@id":"https:\/\/swimchannel.net\/br\/#website","url":"https:\/\/swimchannel.net\/br\/","name":"Swimchannel","description":"Maior portal de nata\u00e7\u00e3o da america latina","publisher":{"@id":"https:\/\/swimchannel.net\/br\/#organization"},"potentialAction":[{"@type":"SearchAction","target":{"@type":"EntryPoint","urlTemplate":"https:\/\/swimchannel.net\/br\/?s={search_term_string}"},"query-input":{"@type":"PropertyValueSpecification","valueRequired":true,"valueName":"search_term_string"}}],"inLanguage":"pt-BR"},{"@type":"Organization","@id":"https:\/\/swimchannel.net\/br\/#organization","name":"Swimchannel - Conectando voc\u00ea a Nata\u00e7\u00e3o","url":"https:\/\/swimchannel.net\/br\/","logo":{"@type":"ImageObject","inLanguage":"pt-BR","@id":"https:\/\/swimchannel.net\/br\/#\/schema\/logo\/image\/","url":"https:\/\/swimchannel.net\/br\/wp-content\/uploads\/2026\/02\/SWIM-CHANNEL.png","contentUrl":"https:\/\/swimchannel.net\/br\/wp-content\/uploads\/2026\/02\/SWIM-CHANNEL.png","width":1120,"height":630,"caption":"Swimchannel - Conectando voc\u00ea a Nata\u00e7\u00e3o"},"image":{"@id":"https:\/\/swimchannel.net\/br\/#\/schema\/logo\/image\/"},"sameAs":["https:\/\/www.facebook.com\/swimchannel","https:\/\/www.instagram.com\/swimchannel"]},{"@type":"Person","@id":"https:\/\/swimchannel.net\/br\/#\/schema\/person\/aa2a63bab3275f53749a83276b213c48","name":"Guilherme Freitas","image":{"@type":"ImageObject","inLanguage":"pt-BR","@id":"https:\/\/swimchannel.net\/br\/#\/schema\/person\/image\/","url":"https:\/\/swimchannel.net\/br\/wp-content\/uploads\/2025\/10\/gui22-193x180.png","contentUrl":"https:\/\/swimchannel.net\/br\/wp-content\/uploads\/2025\/10\/gui22-193x180.png","caption":"Guilherme Freitas"},"description":"Jornalista s\u00eanior da SWIM CHANNEL, ex-correspondente da FINA no Brasil e pesquisador acad\u00eamico.","sameAs":["instagram.com\/guifreitas86"],"url":"https:\/\/swimchannel.net\/br\/author\/guilherme-freitas\/"}]}},"_links":{"self":[{"href":"https:\/\/swimchannel.net\/br\/wp-json\/wp\/v2\/posts\/80049","targetHints":{"allow":["GET"]}}],"collection":[{"href":"https:\/\/swimchannel.net\/br\/wp-json\/wp\/v2\/posts"}],"about":[{"href":"https:\/\/swimchannel.net\/br\/wp-json\/wp\/v2\/types\/post"}],"author":[{"embeddable":true,"href":"https:\/\/swimchannel.net\/br\/wp-json\/wp\/v2\/users\/3"}],"replies":[{"embeddable":true,"href":"https:\/\/swimchannel.net\/br\/wp-json\/wp\/v2\/comments?post=80049"}],"version-history":[{"count":3,"href":"https:\/\/swimchannel.net\/br\/wp-json\/wp\/v2\/posts\/80049\/revisions"}],"predecessor-version":[{"id":80060,"href":"https:\/\/swimchannel.net\/br\/wp-json\/wp\/v2\/posts\/80049\/revisions\/80060"}],"wp:featuredmedia":[{"embeddable":true,"href":"https:\/\/swimchannel.net\/br\/wp-json\/wp\/v2\/media\/41412"}],"wp:attachment":[{"href":"https:\/\/swimchannel.net\/br\/wp-json\/wp\/v2\/media?parent=80049"}],"wp:term":[{"taxonomy":"category","embeddable":true,"href":"https:\/\/swimchannel.net\/br\/wp-json\/wp\/v2\/categories?post=80049"},{"taxonomy":"post_tag","embeddable":true,"href":"https:\/\/swimchannel.net\/br\/wp-json\/wp\/v2\/tags?post=80049"}],"curies":[{"name":"wp","href":"https:\/\/api.w.org\/{rel}","templated":true}]}}