{"id":80139,"date":"2026-03-11T11:40:54","date_gmt":"2026-03-11T14:40:54","guid":{"rendered":"https:\/\/swimchannel.net\/br\/?p=80139"},"modified":"2026-03-11T11:40:54","modified_gmt":"2026-03-11T14:40:54","slug":"etapa-de-fortaleza-no-brasileiro-de-aguas-abertas-vai-definir-selecao-para-o-mundial-junior","status":"publish","type":"post","link":"https:\/\/swimchannel.net\/br\/etapa-de-fortaleza-no-brasileiro-de-aguas-abertas-vai-definir-selecao-para-o-mundial-junior\/","title":{"rendered":"Etapa de Fortaleza no Brasileiro de \u00c1guas Abertas vai definir Sele\u00e7\u00e3o para o Mundial J\u00fanior"},"content":{"rendered":"<p>Oito atletas, quatro de cada sexo, nos dias 10 e 11 de Julho ser\u00e3o apurados na etapa de Fortaleza do Campeonato Brasileiro de \u00c1guas Abertas para a forma\u00e7\u00e3o da Sele\u00e7\u00e3o Brasileira que participar\u00e1 da 7\u00aa edi\u00e7\u00e3o do Campeonato Mundial J\u00fanior de \u00c1guas Abertas que est\u00e1 marcado para os dias 3 a 6 de Setembro em Santa F\u00e9, na Argentina.<\/p>\n<p>No dia 10 de Julho, na prova dos 5 quil\u00f4metros ser\u00e3o classificados os vencedores masculino e feminino da prova na faixa et\u00e1ria 2011\/2012. No dia seguinte, na prova dos 10 quil\u00f4metros o primeiro colocado feminino e masculino nascidos nos anos 2009\/2010 ser\u00e3o os representantes no Mundial para a prova dos 7,5 quil\u00f4metros. Ainda na prova dos 10 quil\u00f4metros, os dois melhores classificados nas categorias 2007\/2008 ser\u00e3o os classificados para a mesma dist\u00e2ncia no Mundial J\u00fanior.<\/p>\n<p>O boletim de classifica\u00e7\u00e3o com os crit\u00e9rios publicados pela CBDA podem ser consultados aqui:<a href=\"https:\/\/sge-aquaticos.bigmidia.com\/_uploads\/boletim\/o_1jitkida217tj8q62e5bt4g67b.pdf\"> https:\/\/sge-aquaticos.bigmidia.com\/_uploads\/boletim\/o_1jitkida217tj8q62e5bt4g67b.pdf<\/a>.<\/p>\n<p>&nbsp;<\/p>\n<p>Gostaria de receber as not\u00edcias de nata\u00e7\u00e3o e \u00e1guas abertas no seu email?<\/p>\n<p><a href=\"https:\/\/lpa.nitro.news\/n-GNe\/ultimas-noticias-swim-channel\">Cadastre-se aqui<\/a><\/p>\n","protected":false},"excerpt":{"rendered":"<p>Oito atletas, quatro de cada sexo, nos dias 10 e 11 de Julho ser\u00e3o apurados na etapa de Fortaleza do Campeonato Brasileiro de \u00c1guas Abertas para a forma\u00e7\u00e3o da Sele\u00e7\u00e3o Brasileira que participar\u00e1 da 7\u00aa edi\u00e7\u00e3o do Campeonato Mundial J\u00fanior de \u00c1guas Abertas que est\u00e1 marcado para os dias 3 a 6 de Setembro em [&hellip;]<\/p>\n","protected":false},"author":2,"featured_media":29615,"comment_status":"open","ping_status":"open","sticky":false,"template":"","format":"gallery","meta":{"footnotes":""},"categories":[115],"tags":[14,1374,4590,194,5],"class_list":["post-80139","post","type-post","status-publish","format-gallery","has-post-thumbnail","hentry","category-aguas-abertas","tag-aguas-abertas","tag-campeonato-brasileiro-de-aguas-abertas","tag-campeonato-mundial-junior-de-aguas-abertas","tag-cbda","tag-natacao","post_format-post-format-gallery"],"yoast_head":"<!-- This site is optimized with the Yoast SEO plugin v27.0 - https:\/\/yoast.com\/product\/yoast-seo-wordpress\/ -->\n<title>Etapa de Fortaleza no Brasileiro de \u00c1guas Abertas vai definir Sele\u00e7\u00e3o para o Mundial J\u00fanior - Swimchannel<\/title>\n<meta name=\"robots\" content=\"index, follow, max-snippet:-1, max-image-preview:large, max-video-preview:-1\" \/>\n<link rel=\"canonical\" href=\"https:\/\/swimchannel.net\/br\/etapa-de-fortaleza-no-brasileiro-de-aguas-abertas-vai-definir-selecao-para-o-mundial-junior\/\" \/>\n<meta property=\"og:locale\" content=\"pt_BR\" \/>\n<meta property=\"og:type\" content=\"article\" \/>\n<meta property=\"og:title\" content=\"Etapa de Fortaleza no Brasileiro de \u00c1guas Abertas vai definir Sele\u00e7\u00e3o para o Mundial J\u00fanior - Swimchannel\" \/>\n<meta property=\"og:description\" content=\"Oito atletas, quatro de cada sexo, nos dias 10 e 11 de Julho ser\u00e3o apurados na etapa de Fortaleza do Campeonato Brasileiro de \u00c1guas Abertas para a forma\u00e7\u00e3o da Sele\u00e7\u00e3o Brasileira que participar\u00e1 da 7\u00aa edi\u00e7\u00e3o do Campeonato Mundial J\u00fanior de \u00c1guas Abertas que est\u00e1 marcado para os dias 3 a 6 de Setembro em [&hellip;]\" \/>\n<meta property=\"og:url\" content=\"https:\/\/swimchannel.net\/br\/etapa-de-fortaleza-no-brasileiro-de-aguas-abertas-vai-definir-selecao-para-o-mundial-junior\/\" \/>\n<meta property=\"og:site_name\" content=\"Swimchannel\" \/>\n<meta property=\"article:publisher\" content=\"https:\/\/www.facebook.com\/swimchannel\" \/>\n<meta property=\"article:published_time\" content=\"2026-03-11T14:40:54+00:00\" \/>\n<meta property=\"og:image\" content=\"https:\/\/swimchannel.net\/br\/wp-content\/uploads\/2021\/03\/A71Q8741.jpg\" \/>\n\t<meta property=\"og:image:width\" content=\"2362\" \/>\n\t<meta property=\"og:image:height\" content=\"1575\" \/>\n\t<meta property=\"og:image:type\" content=\"image\/jpeg\" \/>\n<meta name=\"author\" content=\"SwimChannel\" \/>\n<meta name=\"twitter:card\" content=\"summary_large_image\" \/>\n<meta name=\"twitter:label1\" content=\"Escrito por\" \/>\n\t<meta name=\"twitter:data1\" content=\"SwimChannel\" \/>\n\t<meta name=\"twitter:label2\" content=\"Est. tempo de leitura\" \/>\n\t<meta name=\"twitter:data2\" content=\"2 minutos\" \/>\n<script type=\"application\/ld+json\" class=\"yoast-schema-graph\">{\"@context\":\"https:\/\/schema.org\",\"@graph\":[{\"@type\":\"Article\",\"@id\":\"https:\/\/swimchannel.net\/br\/etapa-de-fortaleza-no-brasileiro-de-aguas-abertas-vai-definir-selecao-para-o-mundial-junior\/#article\",\"isPartOf\":{\"@id\":\"https:\/\/swimchannel.net\/br\/etapa-de-fortaleza-no-brasileiro-de-aguas-abertas-vai-definir-selecao-para-o-mundial-junior\/\"},\"author\":{\"name\":\"SwimChannel\",\"@id\":\"https:\/\/swimchannel.net\/br\/#\/schema\/person\/8b903436c3c0b427a4ec3402a0579c30\"},\"headline\":\"Etapa de Fortaleza no Brasileiro de \u00c1guas Abertas vai definir Sele\u00e7\u00e3o para o Mundial J\u00fanior\",\"datePublished\":\"2026-03-11T14:40:54+00:00\",\"mainEntityOfPage\":{\"@id\":\"https:\/\/swimchannel.net\/br\/etapa-de-fortaleza-no-brasileiro-de-aguas-abertas-vai-definir-selecao-para-o-mundial-junior\/\"},\"wordCount\":202,\"commentCount\":0,\"publisher\":{\"@id\":\"https:\/\/swimchannel.net\/br\/#organization\"},\"image\":{\"@id\":\"https:\/\/swimchannel.net\/br\/etapa-de-fortaleza-no-brasileiro-de-aguas-abertas-vai-definir-selecao-para-o-mundial-junior\/#primaryimage\"},\"thumbnailUrl\":\"https:\/\/swimchannel.net\/br\/wp-content\/uploads\/2021\/03\/A71Q8741.jpg\",\"keywords\":[\"\u00c1guas abertas\",\"Campeonato Brasileiro de \u00c1guas Abertas\",\"Campeonato Mundial J\u00fanior de \u00e1guas abertas\",\"CBDA\",\"natacao\"],\"articleSection\":[\"\u00c1guas Abertas\"],\"inLanguage\":\"pt-BR\",\"potentialAction\":[{\"@type\":\"CommentAction\",\"name\":\"Comment\",\"target\":[\"https:\/\/swimchannel.net\/br\/etapa-de-fortaleza-no-brasileiro-de-aguas-abertas-vai-definir-selecao-para-o-mundial-junior\/#respond\"]}]},{\"@type\":\"WebPage\",\"@id\":\"https:\/\/swimchannel.net\/br\/etapa-de-fortaleza-no-brasileiro-de-aguas-abertas-vai-definir-selecao-para-o-mundial-junior\/\",\"url\":\"https:\/\/swimchannel.net\/br\/etapa-de-fortaleza-no-brasileiro-de-aguas-abertas-vai-definir-selecao-para-o-mundial-junior\/\",\"name\":\"Etapa de Fortaleza no Brasileiro de \u00c1guas Abertas vai definir Sele\u00e7\u00e3o para o Mundial J\u00fanior - Swimchannel\",\"isPartOf\":{\"@id\":\"https:\/\/swimchannel.net\/br\/#website\"},\"primaryImageOfPage\":{\"@id\":\"https:\/\/swimchannel.net\/br\/etapa-de-fortaleza-no-brasileiro-de-aguas-abertas-vai-definir-selecao-para-o-mundial-junior\/#primaryimage\"},\"image\":{\"@id\":\"https:\/\/swimchannel.net\/br\/etapa-de-fortaleza-no-brasileiro-de-aguas-abertas-vai-definir-selecao-para-o-mundial-junior\/#primaryimage\"},\"thumbnailUrl\":\"https:\/\/swimchannel.net\/br\/wp-content\/uploads\/2021\/03\/A71Q8741.jpg\",\"datePublished\":\"2026-03-11T14:40:54+00:00\",\"breadcrumb\":{\"@id\":\"https:\/\/swimchannel.net\/br\/etapa-de-fortaleza-no-brasileiro-de-aguas-abertas-vai-definir-selecao-para-o-mundial-junior\/#breadcrumb\"},\"inLanguage\":\"pt-BR\",\"potentialAction\":[{\"@type\":\"ReadAction\",\"target\":[\"https:\/\/swimchannel.net\/br\/etapa-de-fortaleza-no-brasileiro-de-aguas-abertas-vai-definir-selecao-para-o-mundial-junior\/\"]}]},{\"@type\":\"ImageObject\",\"inLanguage\":\"pt-BR\",\"@id\":\"https:\/\/swimchannel.net\/br\/etapa-de-fortaleza-no-brasileiro-de-aguas-abertas-vai-definir-selecao-para-o-mundial-junior\/#primaryimage\",\"url\":\"https:\/\/swimchannel.net\/br\/wp-content\/uploads\/2021\/03\/A71Q8741.jpg\",\"contentUrl\":\"https:\/\/swimchannel.net\/br\/wp-content\/uploads\/2021\/03\/A71Q8741.jpg\",\"width\":2362,\"height\":1575,\"caption\":\"\u00c1guas abertas - Foto: Satiro Sodr\u00e9\/SSPress\"},{\"@type\":\"BreadcrumbList\",\"@id\":\"https:\/\/swimchannel.net\/br\/etapa-de-fortaleza-no-brasileiro-de-aguas-abertas-vai-definir-selecao-para-o-mundial-junior\/#breadcrumb\",\"itemListElement\":[{\"@type\":\"ListItem\",\"position\":1,\"name\":\"Home\",\"item\":\"https:\/\/swimchannel.net\/br\/\"},{\"@type\":\"ListItem\",\"position\":2,\"name\":\"Etapa de Fortaleza no Brasileiro de \u00c1guas Abertas vai definir Sele\u00e7\u00e3o para o Mundial J\u00fanior\"}]},{\"@type\":\"WebSite\",\"@id\":\"https:\/\/swimchannel.net\/br\/#website\",\"url\":\"https:\/\/swimchannel.net\/br\/\",\"name\":\"Swimchannel\",\"description\":\"Maior portal de nata\u00e7\u00e3o da america latina\",\"publisher\":{\"@id\":\"https:\/\/swimchannel.net\/br\/#organization\"},\"potentialAction\":[{\"@type\":\"SearchAction\",\"target\":{\"@type\":\"EntryPoint\",\"urlTemplate\":\"https:\/\/swimchannel.net\/br\/?s={search_term_string}\"},\"query-input\":{\"@type\":\"PropertyValueSpecification\",\"valueRequired\":true,\"valueName\":\"search_term_string\"}}],\"inLanguage\":\"pt-BR\"},{\"@type\":\"Organization\",\"@id\":\"https:\/\/swimchannel.net\/br\/#organization\",\"name\":\"Swimchannel - Conectando voc\u00ea a Nata\u00e7\u00e3o\",\"url\":\"https:\/\/swimchannel.net\/br\/\",\"logo\":{\"@type\":\"ImageObject\",\"inLanguage\":\"pt-BR\",\"@id\":\"https:\/\/swimchannel.net\/br\/#\/schema\/logo\/image\/\",\"url\":\"https:\/\/swimchannel.net\/br\/wp-content\/uploads\/2026\/02\/SWIM-CHANNEL.png\",\"contentUrl\":\"https:\/\/swimchannel.net\/br\/wp-content\/uploads\/2026\/02\/SWIM-CHANNEL.png\",\"width\":1120,\"height\":630,\"caption\":\"Swimchannel - Conectando voc\u00ea a Nata\u00e7\u00e3o\"},\"image\":{\"@id\":\"https:\/\/swimchannel.net\/br\/#\/schema\/logo\/image\/\"},\"sameAs\":[\"https:\/\/www.facebook.com\/swimchannel\",\"https:\/\/www.instagram.com\/swimchannel\"]},{\"@type\":\"Person\",\"@id\":\"https:\/\/swimchannel.net\/br\/#\/schema\/person\/8b903436c3c0b427a4ec3402a0579c30\",\"name\":\"SwimChannel\",\"image\":{\"@type\":\"ImageObject\",\"inLanguage\":\"pt-BR\",\"@id\":\"https:\/\/swimchannel.net\/br\/#\/schema\/person\/image\/\",\"url\":\"https:\/\/swimchannel.net\/br\/wp-content\/uploads\/2021\/03\/SWIM-CHANNEL_JPG22-100x100.jpg\",\"contentUrl\":\"https:\/\/swimchannel.net\/br\/wp-content\/uploads\/2021\/03\/SWIM-CHANNEL_JPG22-100x100.jpg\",\"caption\":\"SwimChannel\"},\"url\":\"https:\/\/swimchannel.net\/br\/author\/swimchanneladmin\/\"}]}<\/script>\n<!-- \/ Yoast SEO plugin. -->","yoast_head_json":{"title":"Etapa de Fortaleza no Brasileiro de \u00c1guas Abertas vai definir Sele\u00e7\u00e3o para o Mundial J\u00fanior - Swimchannel","robots":{"index":"index","follow":"follow","max-snippet":"max-snippet:-1","max-image-preview":"max-image-preview:large","max-video-preview":"max-video-preview:-1"},"canonical":"https:\/\/swimchannel.net\/br\/etapa-de-fortaleza-no-brasileiro-de-aguas-abertas-vai-definir-selecao-para-o-mundial-junior\/","og_locale":"pt_BR","og_type":"article","og_title":"Etapa de Fortaleza no Brasileiro de \u00c1guas Abertas vai definir Sele\u00e7\u00e3o para o Mundial J\u00fanior - Swimchannel","og_description":"Oito atletas, quatro de cada sexo, nos dias 10 e 11 de Julho ser\u00e3o apurados na etapa de Fortaleza do Campeonato Brasileiro de \u00c1guas Abertas para a forma\u00e7\u00e3o da Sele\u00e7\u00e3o Brasileira que participar\u00e1 da 7\u00aa edi\u00e7\u00e3o do Campeonato Mundial J\u00fanior de \u00c1guas Abertas que est\u00e1 marcado para os dias 3 a 6 de Setembro em [&hellip;]","og_url":"https:\/\/swimchannel.net\/br\/etapa-de-fortaleza-no-brasileiro-de-aguas-abertas-vai-definir-selecao-para-o-mundial-junior\/","og_site_name":"Swimchannel","article_publisher":"https:\/\/www.facebook.com\/swimchannel","article_published_time":"2026-03-11T14:40:54+00:00","og_image":[{"width":2362,"height":1575,"url":"https:\/\/swimchannel.net\/br\/wp-content\/uploads\/2021\/03\/A71Q8741.jpg","type":"image\/jpeg"}],"author":"SwimChannel","twitter_card":"summary_large_image","twitter_misc":{"Escrito por":"SwimChannel","Est. tempo de leitura":"2 minutos"},"schema":{"@context":"https:\/\/schema.org","@graph":[{"@type":"Article","@id":"https:\/\/swimchannel.net\/br\/etapa-de-fortaleza-no-brasileiro-de-aguas-abertas-vai-definir-selecao-para-o-mundial-junior\/#article","isPartOf":{"@id":"https:\/\/swimchannel.net\/br\/etapa-de-fortaleza-no-brasileiro-de-aguas-abertas-vai-definir-selecao-para-o-mundial-junior\/"},"author":{"name":"SwimChannel","@id":"https:\/\/swimchannel.net\/br\/#\/schema\/person\/8b903436c3c0b427a4ec3402a0579c30"},"headline":"Etapa de Fortaleza no Brasileiro de \u00c1guas Abertas vai definir Sele\u00e7\u00e3o para o Mundial J\u00fanior","datePublished":"2026-03-11T14:40:54+00:00","mainEntityOfPage":{"@id":"https:\/\/swimchannel.net\/br\/etapa-de-fortaleza-no-brasileiro-de-aguas-abertas-vai-definir-selecao-para-o-mundial-junior\/"},"wordCount":202,"commentCount":0,"publisher":{"@id":"https:\/\/swimchannel.net\/br\/#organization"},"image":{"@id":"https:\/\/swimchannel.net\/br\/etapa-de-fortaleza-no-brasileiro-de-aguas-abertas-vai-definir-selecao-para-o-mundial-junior\/#primaryimage"},"thumbnailUrl":"https:\/\/swimchannel.net\/br\/wp-content\/uploads\/2021\/03\/A71Q8741.jpg","keywords":["\u00c1guas abertas","Campeonato Brasileiro de \u00c1guas Abertas","Campeonato Mundial J\u00fanior de \u00e1guas abertas","CBDA","natacao"],"articleSection":["\u00c1guas Abertas"],"inLanguage":"pt-BR","potentialAction":[{"@type":"CommentAction","name":"Comment","target":["https:\/\/swimchannel.net\/br\/etapa-de-fortaleza-no-brasileiro-de-aguas-abertas-vai-definir-selecao-para-o-mundial-junior\/#respond"]}]},{"@type":"WebPage","@id":"https:\/\/swimchannel.net\/br\/etapa-de-fortaleza-no-brasileiro-de-aguas-abertas-vai-definir-selecao-para-o-mundial-junior\/","url":"https:\/\/swimchannel.net\/br\/etapa-de-fortaleza-no-brasileiro-de-aguas-abertas-vai-definir-selecao-para-o-mundial-junior\/","name":"Etapa de Fortaleza no Brasileiro de \u00c1guas Abertas vai definir Sele\u00e7\u00e3o para o Mundial J\u00fanior - Swimchannel","isPartOf":{"@id":"https:\/\/swimchannel.net\/br\/#website"},"primaryImageOfPage":{"@id":"https:\/\/swimchannel.net\/br\/etapa-de-fortaleza-no-brasileiro-de-aguas-abertas-vai-definir-selecao-para-o-mundial-junior\/#primaryimage"},"image":{"@id":"https:\/\/swimchannel.net\/br\/etapa-de-fortaleza-no-brasileiro-de-aguas-abertas-vai-definir-selecao-para-o-mundial-junior\/#primaryimage"},"thumbnailUrl":"https:\/\/swimchannel.net\/br\/wp-content\/uploads\/2021\/03\/A71Q8741.jpg","datePublished":"2026-03-11T14:40:54+00:00","breadcrumb":{"@id":"https:\/\/swimchannel.net\/br\/etapa-de-fortaleza-no-brasileiro-de-aguas-abertas-vai-definir-selecao-para-o-mundial-junior\/#breadcrumb"},"inLanguage":"pt-BR","potentialAction":[{"@type":"ReadAction","target":["https:\/\/swimchannel.net\/br\/etapa-de-fortaleza-no-brasileiro-de-aguas-abertas-vai-definir-selecao-para-o-mundial-junior\/"]}]},{"@type":"ImageObject","inLanguage":"pt-BR","@id":"https:\/\/swimchannel.net\/br\/etapa-de-fortaleza-no-brasileiro-de-aguas-abertas-vai-definir-selecao-para-o-mundial-junior\/#primaryimage","url":"https:\/\/swimchannel.net\/br\/wp-content\/uploads\/2021\/03\/A71Q8741.jpg","contentUrl":"https:\/\/swimchannel.net\/br\/wp-content\/uploads\/2021\/03\/A71Q8741.jpg","width":2362,"height":1575,"caption":"\u00c1guas abertas - Foto: Satiro Sodr\u00e9\/SSPress"},{"@type":"BreadcrumbList","@id":"https:\/\/swimchannel.net\/br\/etapa-de-fortaleza-no-brasileiro-de-aguas-abertas-vai-definir-selecao-para-o-mundial-junior\/#breadcrumb","itemListElement":[{"@type":"ListItem","position":1,"name":"Home","item":"https:\/\/swimchannel.net\/br\/"},{"@type":"ListItem","position":2,"name":"Etapa de Fortaleza no Brasileiro de \u00c1guas Abertas vai definir Sele\u00e7\u00e3o para o Mundial J\u00fanior"}]},{"@type":"WebSite","@id":"https:\/\/swimchannel.net\/br\/#website","url":"https:\/\/swimchannel.net\/br\/","name":"Swimchannel","description":"Maior portal de nata\u00e7\u00e3o da america latina","publisher":{"@id":"https:\/\/swimchannel.net\/br\/#organization"},"potentialAction":[{"@type":"SearchAction","target":{"@type":"EntryPoint","urlTemplate":"https:\/\/swimchannel.net\/br\/?s={search_term_string}"},"query-input":{"@type":"PropertyValueSpecification","valueRequired":true,"valueName":"search_term_string"}}],"inLanguage":"pt-BR"},{"@type":"Organization","@id":"https:\/\/swimchannel.net\/br\/#organization","name":"Swimchannel - Conectando voc\u00ea a Nata\u00e7\u00e3o","url":"https:\/\/swimchannel.net\/br\/","logo":{"@type":"ImageObject","inLanguage":"pt-BR","@id":"https:\/\/swimchannel.net\/br\/#\/schema\/logo\/image\/","url":"https:\/\/swimchannel.net\/br\/wp-content\/uploads\/2026\/02\/SWIM-CHANNEL.png","contentUrl":"https:\/\/swimchannel.net\/br\/wp-content\/uploads\/2026\/02\/SWIM-CHANNEL.png","width":1120,"height":630,"caption":"Swimchannel - Conectando voc\u00ea a Nata\u00e7\u00e3o"},"image":{"@id":"https:\/\/swimchannel.net\/br\/#\/schema\/logo\/image\/"},"sameAs":["https:\/\/www.facebook.com\/swimchannel","https:\/\/www.instagram.com\/swimchannel"]},{"@type":"Person","@id":"https:\/\/swimchannel.net\/br\/#\/schema\/person\/8b903436c3c0b427a4ec3402a0579c30","name":"SwimChannel","image":{"@type":"ImageObject","inLanguage":"pt-BR","@id":"https:\/\/swimchannel.net\/br\/#\/schema\/person\/image\/","url":"https:\/\/swimchannel.net\/br\/wp-content\/uploads\/2021\/03\/SWIM-CHANNEL_JPG22-100x100.jpg","contentUrl":"https:\/\/swimchannel.net\/br\/wp-content\/uploads\/2021\/03\/SWIM-CHANNEL_JPG22-100x100.jpg","caption":"SwimChannel"},"url":"https:\/\/swimchannel.net\/br\/author\/swimchanneladmin\/"}]}},"_links":{"self":[{"href":"https:\/\/swimchannel.net\/br\/wp-json\/wp\/v2\/posts\/80139","targetHints":{"allow":["GET"]}}],"collection":[{"href":"https:\/\/swimchannel.net\/br\/wp-json\/wp\/v2\/posts"}],"about":[{"href":"https:\/\/swimchannel.net\/br\/wp-json\/wp\/v2\/types\/post"}],"author":[{"embeddable":true,"href":"https:\/\/swimchannel.net\/br\/wp-json\/wp\/v2\/users\/2"}],"replies":[{"embeddable":true,"href":"https:\/\/swimchannel.net\/br\/wp-json\/wp\/v2\/comments?post=80139"}],"version-history":[{"count":1,"href":"https:\/\/swimchannel.net\/br\/wp-json\/wp\/v2\/posts\/80139\/revisions"}],"predecessor-version":[{"id":80140,"href":"https:\/\/swimchannel.net\/br\/wp-json\/wp\/v2\/posts\/80139\/revisions\/80140"}],"wp:featuredmedia":[{"embeddable":true,"href":"https:\/\/swimchannel.net\/br\/wp-json\/wp\/v2\/media\/29615"}],"wp:attachment":[{"href":"https:\/\/swimchannel.net\/br\/wp-json\/wp\/v2\/media?parent=80139"}],"wp:term":[{"taxonomy":"category","embeddable":true,"href":"https:\/\/swimchannel.net\/br\/wp-json\/wp\/v2\/categories?post=80139"},{"taxonomy":"post_tag","embeddable":true,"href":"https:\/\/swimchannel.net\/br\/wp-json\/wp\/v2\/tags?post=80139"}],"curies":[{"name":"wp","href":"https:\/\/api.w.org\/{rel}","templated":true}]}}