{"id":80232,"date":"2026-03-16T18:40:39","date_gmt":"2026-03-16T21:40:39","guid":{"rendered":"https:\/\/swimchannel.net\/br\/?p=80232"},"modified":"2026-03-16T18:49:56","modified_gmt":"2026-03-16T21:49:56","slug":"swim-gp-e-turismo-esportivo-o-oceano-como-palco-e-convite","status":"publish","type":"post","link":"https:\/\/swimchannel.net\/br\/swim-gp-e-turismo-esportivo-o-oceano-como-palco-e-convite\/","title":{"rendered":"Swim GP e turismo esportivo: o oceano como palco e convite"},"content":{"rendered":"<p data-start=\"64\" data-end=\"548\">O crescimento das provas de \u00e1guas abertas ao redor do mundo tem impulsionado um fen\u00f4meno cada vez mais evidente: o turismo esportivo. Nesse cen\u00e1rio, o Swim GP, realizado em Portugal, tornou-se um dos eventos mais emblem\u00e1ticos ao unir desafio esportivo e paisagens hist\u00f3ricas. Com percursos que atravessam o Rio Tejo e o Oceano Atl\u00e2ntico, o evento transforma monumentos, ba\u00edas e vilas costeiras em parte da experi\u00eancia competitiva dos nadadores.<\/p>\n<p data-start=\"64\" data-end=\"548\">Entre os dias 18 e 19 de julho de 2026, a vila de Cascais, em Portugal, volta a receber o Swim Grand Prix. As inscri\u00e7\u00f5es j\u00e1 est\u00e3o abertas aqui: <a href=\"https:\/\/lap2go.com\/pt\/event\/swim-grand-prix-2026\">https:\/\/lap2go.com\/pt\/event\/swim-grand-prix-2026 <\/a>e o evento reune oito diferentes dist\u00e2ncias.<\/p>\n<p data-start=\"550\" data-end=\"1152\">Entre os principais desafios est\u00e1 a travessia Lisboa\u2013Cascais, de 20 km, considerada uma das provas mais ic\u00f4nicas do evento. A largada acontece na hist\u00f3rica Doca de Bel\u00e9m, pr\u00f3xima a monumentos que celebram as grandes navega\u00e7\u00f5es portuguesas, como a Torre de Bel\u00e9m e o Padr\u00e3o dos Descobrimentos. A partir dali, os nadadores percorrem as \u00e1guas do Rio Tejo at\u00e9 alcan\u00e7ar o Atl\u00e2ntico, seguindo rumo \u00e0 chegada na Praia dos Pescadores, em Cascais.<\/p>\n<p data-start=\"64\" data-end=\"548\">Com mais de 650 anos de hist\u00f3ria, Cascais nasceu como uma tradicional vila de pescadores e, ao longo do tempo, tornou-se um dos destinos mais charmosos do litoral portugu\u00eas. No final do s\u00e9culo XIX, a cidade passou a ser frequentada pela realeza portuguesa e por fam\u00edlias nobres europeias, atra\u00eddas pelo clima ameno, pelas praias de areia clara e pela paisagem do Atl\u00e2ntico. Hoje, essa combina\u00e7\u00e3o de hist\u00f3ria, cultura e natureza cria o cen\u00e1rio perfeito para um evento que une esporte e turismo.<\/p>\n<figure id=\"attachment_72601\" aria-describedby=\"caption-attachment-72601\" style=\"width: 1120px\" class=\"wp-caption alignnone\"><img loading=\"lazy\" decoding=\"async\" class=\"size-full wp-image-72601\" src=\"https:\/\/swimchannel.net\/br\/wp-content\/uploads\/2025\/03\/20180213202005_cascais.jpg\" alt=\"\" width=\"1120\" height=\"630\" srcset=\"https:\/\/swimchannel.net\/br\/wp-content\/uploads\/2025\/03\/20180213202005_cascais.jpg 1120w, https:\/\/swimchannel.net\/br\/wp-content\/uploads\/2025\/03\/20180213202005_cascais-320x180.jpg 320w, https:\/\/swimchannel.net\/br\/wp-content\/uploads\/2025\/03\/20180213202005_cascais-768x432.jpg 768w, https:\/\/swimchannel.net\/br\/wp-content\/uploads\/2025\/03\/20180213202005_cascais-750x422.jpg 750w\" sizes=\"auto, (max-width: 1120px) 100vw, 1120px\" \/><figcaption id=\"caption-attachment-72601\" class=\"wp-caption-text\">Foto: Divulga\u00e7\u00e3o\/SWIM GP 2025<\/figcaption><\/figure>\n<p data-start=\"1154\" data-end=\"1611\">Durante o Swim GP, nadadores de diferentes pa\u00edses percorrem trajetos que exploram a costa da regi\u00e3o, tendo como pano de fundo pontos hist\u00f3ricos e naturais do litoral de Cascais. As largadas e chegadas acontecem na pr\u00f3pria Ba\u00eda de Cascais, um dos cart\u00f5es-postais da cidade, permitindo que atletas e espectadores acompanhem de perto as provas em meio ao centro hist\u00f3rico, repleto de restaurantes, caf\u00e9s e constru\u00e7\u00f5es tradicionais.<\/p>\n<p data-start=\"1154\" data-end=\"1611\">Outro percurso marcante \u00e9 a travessia Oeiras\u2013Cascais, de 10 km. A prova come\u00e7a na Praia da Torre, ao lado do hist\u00f3rico Forte de S\u00e3o Juli\u00e3o da Barra, uma imponente fortifica\u00e7\u00e3o do s\u00e9culo XVI que guardava a entrada do estu\u00e1rio do Tejo. Durante o trajeto, os atletas avan\u00e7am pelo litoral portugu\u00eas at\u00e9 a Ba\u00eda de Cascais, tendo o oceano como cen\u00e1rio e a arquitetura hist\u00f3rica como refer\u00eancia visual ao longo da travessia.<\/p>\n<figure id=\"attachment_71635\" aria-describedby=\"caption-attachment-71635\" style=\"width: 945px\" class=\"wp-caption alignnone\"><img loading=\"lazy\" decoding=\"async\" class=\"size-full wp-image-71635\" src=\"https:\/\/swimchannel.net\/br\/wp-content\/uploads\/2025\/02\/joao-osga-8.jpeg\" alt=\"\" width=\"945\" height=\"630\" srcset=\"https:\/\/swimchannel.net\/br\/wp-content\/uploads\/2025\/02\/joao-osga-8.jpeg 945w, https:\/\/swimchannel.net\/br\/wp-content\/uploads\/2025\/02\/joao-osga-8-270x180.jpeg 270w, https:\/\/swimchannel.net\/br\/wp-content\/uploads\/2025\/02\/joao-osga-8-768x512.jpeg 768w, https:\/\/swimchannel.net\/br\/wp-content\/uploads\/2025\/02\/joao-osga-8-750x500.jpeg 750w\" sizes=\"auto, (max-width: 945px) 100vw, 945px\" \/><figcaption id=\"caption-attachment-71635\" class=\"wp-caption-text\">Swim GP &#8211; Foto: Jo\u00e3o Osga<\/figcaption><\/figure>\n<p data-start=\"2177\" data-end=\"2628\">O evento tamb\u00e9m oferece dist\u00e2ncias intermedi\u00e1rias e provas mais acess\u00edveis, que refor\u00e7am o car\u00e1ter inclusivo do festival. A travessia de 5 km parte da Praia de S\u00e3o Pedro, no Estoril, e segue at\u00e9 o cora\u00e7\u00e3o da Ba\u00eda de Cascais, enquanto provas como 3,8 km, 1,9 km e 1 km acontecem em circuito pr\u00f3ximo \u00e0 Praia dos Pescadores.<\/p>\n<p data-start=\"2177\" data-end=\"2628\">Mais do que uma competi\u00e7\u00e3o, o Swim GP se consolidou como uma experi\u00eancia esportiva e tur\u00edstica. O evento convida atletas e visitantes a explorarem o litoral portugu\u00eas de uma forma \u00fanica: nadando.A estrutura do evento, organizada pela 3 Iron Sports, aproveita a localiza\u00e7\u00e3o privilegiada de Cascais para oferecer n\u00e3o apenas provas desafiadoras, mas tamb\u00e9m um convite para explorar o destino: seja pelas praias, pela gastronomia ou pelas atividades ao ar livre que a regi\u00e3o oferece.<\/p>\n<p data-start=\"2177\" data-end=\"2628\">Saiba mais aqui: <a href=\"https:\/\/swimgp.com\/pt\/\">https:\/\/swimgp.com\/pt\/\u00a0<\/a><\/p>\n<p>Gostaria de receber as not\u00edcias de nata\u00e7\u00e3o e \u00e1guas abertas no seu email?<\/p>\n<p><a href=\"https:\/\/lpa.nitro.news\/n-GNe\/ultimas-noticias-swim-channel\">Cadastre-se aqui<\/a><\/p>\n","protected":false},"excerpt":{"rendered":"<p>O crescimento das provas de \u00e1guas abertas ao redor do mundo tem impulsionado um fen\u00f4meno cada vez mais evidente: o turismo esportivo. Nesse cen\u00e1rio, o Swim GP, realizado em Portugal, tornou-se um dos eventos mais emblem\u00e1ticos ao unir desafio esportivo e paisagens hist\u00f3ricas. Com percursos que atravessam o Rio Tejo e o Oceano Atl\u00e2ntico, o [&hellip;]<\/p>\n","protected":false},"author":9,"featured_media":75010,"comment_status":"open","ping_status":"open","sticky":false,"template":"","format":"standard","meta":{"footnotes":""},"categories":[115],"tags":[14,5,631,5877],"class_list":["post-80232","post","type-post","status-publish","format-standard","has-post-thumbnail","hentry","category-aguas-abertas","tag-aguas-abertas","tag-natacao","tag-portugal","tag-swim-gp"],"yoast_head":"<!-- This site is optimized with the Yoast SEO plugin v27.0 - https:\/\/yoast.com\/product\/yoast-seo-wordpress\/ -->\n<title>Swim GP e turismo esportivo: o oceano como palco e convite - Swimchannel<\/title>\n<meta name=\"robots\" content=\"index, follow, max-snippet:-1, max-image-preview:large, max-video-preview:-1\" \/>\n<link rel=\"canonical\" href=\"https:\/\/swimchannel.net\/br\/swim-gp-e-turismo-esportivo-o-oceano-como-palco-e-convite\/\" \/>\n<meta property=\"og:locale\" content=\"pt_BR\" \/>\n<meta property=\"og:type\" content=\"article\" \/>\n<meta property=\"og:title\" content=\"Swim GP e turismo esportivo: o oceano como palco e convite - Swimchannel\" \/>\n<meta property=\"og:description\" content=\"O crescimento das provas de \u00e1guas abertas ao redor do mundo tem impulsionado um fen\u00f4meno cada vez mais evidente: o turismo esportivo. Nesse cen\u00e1rio, o Swim GP, realizado em Portugal, tornou-se um dos eventos mais emblem\u00e1ticos ao unir desafio esportivo e paisagens hist\u00f3ricas. Com percursos que atravessam o Rio Tejo e o Oceano Atl\u00e2ntico, o [&hellip;]\" \/>\n<meta property=\"og:url\" content=\"https:\/\/swimchannel.net\/br\/swim-gp-e-turismo-esportivo-o-oceano-como-palco-e-convite\/\" \/>\n<meta property=\"og:site_name\" content=\"Swimchannel\" \/>\n<meta property=\"article:publisher\" content=\"https:\/\/www.facebook.com\/swimchannel\" \/>\n<meta property=\"article:published_time\" content=\"2026-03-16T21:40:39+00:00\" \/>\n<meta property=\"article:modified_time\" content=\"2026-03-16T21:49:56+00:00\" \/>\n<meta property=\"og:image\" content=\"https:\/\/swimchannel.net\/br\/wp-content\/uploads\/2025\/07\/9dc9520b-fcae-4d0b-924a-c6f5cff1596d.jpg\" \/>\n\t<meta property=\"og:image:width\" content=\"1170\" \/>\n\t<meta property=\"og:image:height\" content=\"1335\" \/>\n\t<meta property=\"og:image:type\" content=\"image\/jpeg\" \/>\n<meta name=\"author\" content=\"Katarine Monteiro\" \/>\n<meta name=\"twitter:card\" content=\"summary_large_image\" \/>\n<meta name=\"twitter:creator\" content=\"@https:\/\/twitter.com\/Katarinem\" \/>\n<meta name=\"twitter:label1\" content=\"Escrito por\" \/>\n\t<meta name=\"twitter:data1\" content=\"Katarine Monteiro\" \/>\n\t<meta name=\"twitter:label2\" content=\"Est. tempo de leitura\" \/>\n\t<meta name=\"twitter:data2\" content=\"4 minutos\" \/>\n<script type=\"application\/ld+json\" class=\"yoast-schema-graph\">{\"@context\":\"https:\/\/schema.org\",\"@graph\":[{\"@type\":\"Article\",\"@id\":\"https:\/\/swimchannel.net\/br\/swim-gp-e-turismo-esportivo-o-oceano-como-palco-e-convite\/#article\",\"isPartOf\":{\"@id\":\"https:\/\/swimchannel.net\/br\/swim-gp-e-turismo-esportivo-o-oceano-como-palco-e-convite\/\"},\"author\":{\"name\":\"Katarine Monteiro\",\"@id\":\"https:\/\/swimchannel.net\/br\/#\/schema\/person\/73ae9cec62249968bca1f0a8098ef002\"},\"headline\":\"Swim GP e turismo esportivo: o oceano como palco e convite\",\"datePublished\":\"2026-03-16T21:40:39+00:00\",\"dateModified\":\"2026-03-16T21:49:56+00:00\",\"mainEntityOfPage\":{\"@id\":\"https:\/\/swimchannel.net\/br\/swim-gp-e-turismo-esportivo-o-oceano-como-palco-e-convite\/\"},\"wordCount\":652,\"commentCount\":0,\"publisher\":{\"@id\":\"https:\/\/swimchannel.net\/br\/#organization\"},\"image\":{\"@id\":\"https:\/\/swimchannel.net\/br\/swim-gp-e-turismo-esportivo-o-oceano-como-palco-e-convite\/#primaryimage\"},\"thumbnailUrl\":\"https:\/\/swimchannel.net\/br\/wp-content\/uploads\/2025\/07\/9dc9520b-fcae-4d0b-924a-c6f5cff1596d.jpg\",\"keywords\":[\"\u00c1guas abertas\",\"natacao\",\"Portugal\",\"Swim GP\"],\"articleSection\":[\"\u00c1guas Abertas\"],\"inLanguage\":\"pt-BR\",\"potentialAction\":[{\"@type\":\"CommentAction\",\"name\":\"Comment\",\"target\":[\"https:\/\/swimchannel.net\/br\/swim-gp-e-turismo-esportivo-o-oceano-como-palco-e-convite\/#respond\"]}]},{\"@type\":\"WebPage\",\"@id\":\"https:\/\/swimchannel.net\/br\/swim-gp-e-turismo-esportivo-o-oceano-como-palco-e-convite\/\",\"url\":\"https:\/\/swimchannel.net\/br\/swim-gp-e-turismo-esportivo-o-oceano-como-palco-e-convite\/\",\"name\":\"Swim GP e turismo esportivo: o oceano como palco e convite - Swimchannel\",\"isPartOf\":{\"@id\":\"https:\/\/swimchannel.net\/br\/#website\"},\"primaryImageOfPage\":{\"@id\":\"https:\/\/swimchannel.net\/br\/swim-gp-e-turismo-esportivo-o-oceano-como-palco-e-convite\/#primaryimage\"},\"image\":{\"@id\":\"https:\/\/swimchannel.net\/br\/swim-gp-e-turismo-esportivo-o-oceano-como-palco-e-convite\/#primaryimage\"},\"thumbnailUrl\":\"https:\/\/swimchannel.net\/br\/wp-content\/uploads\/2025\/07\/9dc9520b-fcae-4d0b-924a-c6f5cff1596d.jpg\",\"datePublished\":\"2026-03-16T21:40:39+00:00\",\"dateModified\":\"2026-03-16T21:49:56+00:00\",\"breadcrumb\":{\"@id\":\"https:\/\/swimchannel.net\/br\/swim-gp-e-turismo-esportivo-o-oceano-como-palco-e-convite\/#breadcrumb\"},\"inLanguage\":\"pt-BR\",\"potentialAction\":[{\"@type\":\"ReadAction\",\"target\":[\"https:\/\/swimchannel.net\/br\/swim-gp-e-turismo-esportivo-o-oceano-como-palco-e-convite\/\"]}]},{\"@type\":\"ImageObject\",\"inLanguage\":\"pt-BR\",\"@id\":\"https:\/\/swimchannel.net\/br\/swim-gp-e-turismo-esportivo-o-oceano-como-palco-e-convite\/#primaryimage\",\"url\":\"https:\/\/swimchannel.net\/br\/wp-content\/uploads\/2025\/07\/9dc9520b-fcae-4d0b-924a-c6f5cff1596d.jpg\",\"contentUrl\":\"https:\/\/swimchannel.net\/br\/wp-content\/uploads\/2025\/07\/9dc9520b-fcae-4d0b-924a-c6f5cff1596d.jpg\",\"width\":1170,\"height\":1335,\"caption\":\"Swim GP 2025 - Foto: Jorge Costa Ferreira \/ @osga_photo\"},{\"@type\":\"BreadcrumbList\",\"@id\":\"https:\/\/swimchannel.net\/br\/swim-gp-e-turismo-esportivo-o-oceano-como-palco-e-convite\/#breadcrumb\",\"itemListElement\":[{\"@type\":\"ListItem\",\"position\":1,\"name\":\"Home\",\"item\":\"https:\/\/swimchannel.net\/br\/\"},{\"@type\":\"ListItem\",\"position\":2,\"name\":\"Swim GP e turismo esportivo: o oceano como palco e convite\"}]},{\"@type\":\"WebSite\",\"@id\":\"https:\/\/swimchannel.net\/br\/#website\",\"url\":\"https:\/\/swimchannel.net\/br\/\",\"name\":\"Swimchannel\",\"description\":\"Maior portal de nata\u00e7\u00e3o da america latina\",\"publisher\":{\"@id\":\"https:\/\/swimchannel.net\/br\/#organization\"},\"potentialAction\":[{\"@type\":\"SearchAction\",\"target\":{\"@type\":\"EntryPoint\",\"urlTemplate\":\"https:\/\/swimchannel.net\/br\/?s={search_term_string}\"},\"query-input\":{\"@type\":\"PropertyValueSpecification\",\"valueRequired\":true,\"valueName\":\"search_term_string\"}}],\"inLanguage\":\"pt-BR\"},{\"@type\":\"Organization\",\"@id\":\"https:\/\/swimchannel.net\/br\/#organization\",\"name\":\"Swimchannel - Conectando voc\u00ea a Nata\u00e7\u00e3o\",\"url\":\"https:\/\/swimchannel.net\/br\/\",\"logo\":{\"@type\":\"ImageObject\",\"inLanguage\":\"pt-BR\",\"@id\":\"https:\/\/swimchannel.net\/br\/#\/schema\/logo\/image\/\",\"url\":\"https:\/\/swimchannel.net\/br\/wp-content\/uploads\/2026\/02\/SWIM-CHANNEL.png\",\"contentUrl\":\"https:\/\/swimchannel.net\/br\/wp-content\/uploads\/2026\/02\/SWIM-CHANNEL.png\",\"width\":1120,\"height\":630,\"caption\":\"Swimchannel - Conectando voc\u00ea a Nata\u00e7\u00e3o\"},\"image\":{\"@id\":\"https:\/\/swimchannel.net\/br\/#\/schema\/logo\/image\/\"},\"sameAs\":[\"https:\/\/www.facebook.com\/swimchannel\",\"https:\/\/www.instagram.com\/swimchannel\"]},{\"@type\":\"Person\",\"@id\":\"https:\/\/swimchannel.net\/br\/#\/schema\/person\/73ae9cec62249968bca1f0a8098ef002\",\"name\":\"Katarine Monteiro\",\"image\":{\"@type\":\"ImageObject\",\"inLanguage\":\"pt-BR\",\"@id\":\"https:\/\/swimchannel.net\/br\/#\/schema\/person\/image\/\",\"url\":\"https:\/\/swimchannel.net\/br\/wp-content\/uploads\/2022\/01\/Katarine-Monteiro-100x100.jpg\",\"contentUrl\":\"https:\/\/swimchannel.net\/br\/wp-content\/uploads\/2022\/01\/Katarine-Monteiro-100x100.jpg\",\"caption\":\"Katarine Monteiro\"},\"description\":\"Jornalista SWIM CHANNEL especializada em esportes ol\u00edmpicos e em sa\u00fade. Com cobertura de grandes eventos internacionais, como Jogos Ol\u00edmpicos Rio 2016, Jogos Pan-Americanos em Lima 2019, Qatar Total Open 2020, Qatar ExxonMobil Open 2019 - t\u00eanis em Doha (QT), Semana Internacional de Vela de Ilhabela, Transat Jacques Vabre 2019 (Fran\u00e7a-Brasil), L'\u00c9tape Brasil by Tour de France, j\u00e1 fez in\u00fameras coberturas de nata\u00e7\u00e3o, maratona aqu\u00e1tica e polo aqu\u00e1tico. Formada tamb\u00e9m em Letras, a jornalista atua como assessora de imprensa, rela\u00e7\u00f5es p\u00fablicas e social media, com especializa\u00e7\u00e3o em marketing esportivo. Nadadora amadora de \u00e1guas abertas, j\u00e1 trabalhou com grandes nomes da nata\u00e7\u00e3o e do polo aqu\u00e1tico brasileiro.\",\"sameAs\":[\"https:\/\/www.instagram.com\/_katarinemonteiro\/\",\"https:\/\/www.linkedin.com\/in\/katarine-monteiro-19385297\/\",\"https:\/\/x.com\/https:\/\/twitter.com\/Katarinem\"],\"url\":\"https:\/\/swimchannel.net\/br\/author\/katarine-monteiro\/\"}]}<\/script>\n<!-- \/ Yoast SEO plugin. -->","yoast_head_json":{"title":"Swim GP e turismo esportivo: o oceano como palco e convite - Swimchannel","robots":{"index":"index","follow":"follow","max-snippet":"max-snippet:-1","max-image-preview":"max-image-preview:large","max-video-preview":"max-video-preview:-1"},"canonical":"https:\/\/swimchannel.net\/br\/swim-gp-e-turismo-esportivo-o-oceano-como-palco-e-convite\/","og_locale":"pt_BR","og_type":"article","og_title":"Swim GP e turismo esportivo: o oceano como palco e convite - Swimchannel","og_description":"O crescimento das provas de \u00e1guas abertas ao redor do mundo tem impulsionado um fen\u00f4meno cada vez mais evidente: o turismo esportivo. Nesse cen\u00e1rio, o Swim GP, realizado em Portugal, tornou-se um dos eventos mais emblem\u00e1ticos ao unir desafio esportivo e paisagens hist\u00f3ricas. Com percursos que atravessam o Rio Tejo e o Oceano Atl\u00e2ntico, o [&hellip;]","og_url":"https:\/\/swimchannel.net\/br\/swim-gp-e-turismo-esportivo-o-oceano-como-palco-e-convite\/","og_site_name":"Swimchannel","article_publisher":"https:\/\/www.facebook.com\/swimchannel","article_published_time":"2026-03-16T21:40:39+00:00","article_modified_time":"2026-03-16T21:49:56+00:00","og_image":[{"width":1170,"height":1335,"url":"https:\/\/swimchannel.net\/br\/wp-content\/uploads\/2025\/07\/9dc9520b-fcae-4d0b-924a-c6f5cff1596d.jpg","type":"image\/jpeg"}],"author":"Katarine Monteiro","twitter_card":"summary_large_image","twitter_creator":"@https:\/\/twitter.com\/Katarinem","twitter_misc":{"Escrito por":"Katarine Monteiro","Est. tempo de leitura":"4 minutos"},"schema":{"@context":"https:\/\/schema.org","@graph":[{"@type":"Article","@id":"https:\/\/swimchannel.net\/br\/swim-gp-e-turismo-esportivo-o-oceano-como-palco-e-convite\/#article","isPartOf":{"@id":"https:\/\/swimchannel.net\/br\/swim-gp-e-turismo-esportivo-o-oceano-como-palco-e-convite\/"},"author":{"name":"Katarine Monteiro","@id":"https:\/\/swimchannel.net\/br\/#\/schema\/person\/73ae9cec62249968bca1f0a8098ef002"},"headline":"Swim GP e turismo esportivo: o oceano como palco e convite","datePublished":"2026-03-16T21:40:39+00:00","dateModified":"2026-03-16T21:49:56+00:00","mainEntityOfPage":{"@id":"https:\/\/swimchannel.net\/br\/swim-gp-e-turismo-esportivo-o-oceano-como-palco-e-convite\/"},"wordCount":652,"commentCount":0,"publisher":{"@id":"https:\/\/swimchannel.net\/br\/#organization"},"image":{"@id":"https:\/\/swimchannel.net\/br\/swim-gp-e-turismo-esportivo-o-oceano-como-palco-e-convite\/#primaryimage"},"thumbnailUrl":"https:\/\/swimchannel.net\/br\/wp-content\/uploads\/2025\/07\/9dc9520b-fcae-4d0b-924a-c6f5cff1596d.jpg","keywords":["\u00c1guas abertas","natacao","Portugal","Swim GP"],"articleSection":["\u00c1guas Abertas"],"inLanguage":"pt-BR","potentialAction":[{"@type":"CommentAction","name":"Comment","target":["https:\/\/swimchannel.net\/br\/swim-gp-e-turismo-esportivo-o-oceano-como-palco-e-convite\/#respond"]}]},{"@type":"WebPage","@id":"https:\/\/swimchannel.net\/br\/swim-gp-e-turismo-esportivo-o-oceano-como-palco-e-convite\/","url":"https:\/\/swimchannel.net\/br\/swim-gp-e-turismo-esportivo-o-oceano-como-palco-e-convite\/","name":"Swim GP e turismo esportivo: o oceano como palco e convite - Swimchannel","isPartOf":{"@id":"https:\/\/swimchannel.net\/br\/#website"},"primaryImageOfPage":{"@id":"https:\/\/swimchannel.net\/br\/swim-gp-e-turismo-esportivo-o-oceano-como-palco-e-convite\/#primaryimage"},"image":{"@id":"https:\/\/swimchannel.net\/br\/swim-gp-e-turismo-esportivo-o-oceano-como-palco-e-convite\/#primaryimage"},"thumbnailUrl":"https:\/\/swimchannel.net\/br\/wp-content\/uploads\/2025\/07\/9dc9520b-fcae-4d0b-924a-c6f5cff1596d.jpg","datePublished":"2026-03-16T21:40:39+00:00","dateModified":"2026-03-16T21:49:56+00:00","breadcrumb":{"@id":"https:\/\/swimchannel.net\/br\/swim-gp-e-turismo-esportivo-o-oceano-como-palco-e-convite\/#breadcrumb"},"inLanguage":"pt-BR","potentialAction":[{"@type":"ReadAction","target":["https:\/\/swimchannel.net\/br\/swim-gp-e-turismo-esportivo-o-oceano-como-palco-e-convite\/"]}]},{"@type":"ImageObject","inLanguage":"pt-BR","@id":"https:\/\/swimchannel.net\/br\/swim-gp-e-turismo-esportivo-o-oceano-como-palco-e-convite\/#primaryimage","url":"https:\/\/swimchannel.net\/br\/wp-content\/uploads\/2025\/07\/9dc9520b-fcae-4d0b-924a-c6f5cff1596d.jpg","contentUrl":"https:\/\/swimchannel.net\/br\/wp-content\/uploads\/2025\/07\/9dc9520b-fcae-4d0b-924a-c6f5cff1596d.jpg","width":1170,"height":1335,"caption":"Swim GP 2025 - Foto: Jorge Costa Ferreira \/ @osga_photo"},{"@type":"BreadcrumbList","@id":"https:\/\/swimchannel.net\/br\/swim-gp-e-turismo-esportivo-o-oceano-como-palco-e-convite\/#breadcrumb","itemListElement":[{"@type":"ListItem","position":1,"name":"Home","item":"https:\/\/swimchannel.net\/br\/"},{"@type":"ListItem","position":2,"name":"Swim GP e turismo esportivo: o oceano como palco e convite"}]},{"@type":"WebSite","@id":"https:\/\/swimchannel.net\/br\/#website","url":"https:\/\/swimchannel.net\/br\/","name":"Swimchannel","description":"Maior portal de nata\u00e7\u00e3o da america latina","publisher":{"@id":"https:\/\/swimchannel.net\/br\/#organization"},"potentialAction":[{"@type":"SearchAction","target":{"@type":"EntryPoint","urlTemplate":"https:\/\/swimchannel.net\/br\/?s={search_term_string}"},"query-input":{"@type":"PropertyValueSpecification","valueRequired":true,"valueName":"search_term_string"}}],"inLanguage":"pt-BR"},{"@type":"Organization","@id":"https:\/\/swimchannel.net\/br\/#organization","name":"Swimchannel - Conectando voc\u00ea a Nata\u00e7\u00e3o","url":"https:\/\/swimchannel.net\/br\/","logo":{"@type":"ImageObject","inLanguage":"pt-BR","@id":"https:\/\/swimchannel.net\/br\/#\/schema\/logo\/image\/","url":"https:\/\/swimchannel.net\/br\/wp-content\/uploads\/2026\/02\/SWIM-CHANNEL.png","contentUrl":"https:\/\/swimchannel.net\/br\/wp-content\/uploads\/2026\/02\/SWIM-CHANNEL.png","width":1120,"height":630,"caption":"Swimchannel - Conectando voc\u00ea a Nata\u00e7\u00e3o"},"image":{"@id":"https:\/\/swimchannel.net\/br\/#\/schema\/logo\/image\/"},"sameAs":["https:\/\/www.facebook.com\/swimchannel","https:\/\/www.instagram.com\/swimchannel"]},{"@type":"Person","@id":"https:\/\/swimchannel.net\/br\/#\/schema\/person\/73ae9cec62249968bca1f0a8098ef002","name":"Katarine Monteiro","image":{"@type":"ImageObject","inLanguage":"pt-BR","@id":"https:\/\/swimchannel.net\/br\/#\/schema\/person\/image\/","url":"https:\/\/swimchannel.net\/br\/wp-content\/uploads\/2022\/01\/Katarine-Monteiro-100x100.jpg","contentUrl":"https:\/\/swimchannel.net\/br\/wp-content\/uploads\/2022\/01\/Katarine-Monteiro-100x100.jpg","caption":"Katarine Monteiro"},"description":"Jornalista SWIM CHANNEL especializada em esportes ol\u00edmpicos e em sa\u00fade. Com cobertura de grandes eventos internacionais, como Jogos Ol\u00edmpicos Rio 2016, Jogos Pan-Americanos em Lima 2019, Qatar Total Open 2020, Qatar ExxonMobil Open 2019 - t\u00eanis em Doha (QT), Semana Internacional de Vela de Ilhabela, Transat Jacques Vabre 2019 (Fran\u00e7a-Brasil), L'\u00c9tape Brasil by Tour de France, j\u00e1 fez in\u00fameras coberturas de nata\u00e7\u00e3o, maratona aqu\u00e1tica e polo aqu\u00e1tico. Formada tamb\u00e9m em Letras, a jornalista atua como assessora de imprensa, rela\u00e7\u00f5es p\u00fablicas e social media, com especializa\u00e7\u00e3o em marketing esportivo. Nadadora amadora de \u00e1guas abertas, j\u00e1 trabalhou com grandes nomes da nata\u00e7\u00e3o e do polo aqu\u00e1tico brasileiro.","sameAs":["https:\/\/www.instagram.com\/_katarinemonteiro\/","https:\/\/www.linkedin.com\/in\/katarine-monteiro-19385297\/","https:\/\/x.com\/https:\/\/twitter.com\/Katarinem"],"url":"https:\/\/swimchannel.net\/br\/author\/katarine-monteiro\/"}]}},"_links":{"self":[{"href":"https:\/\/swimchannel.net\/br\/wp-json\/wp\/v2\/posts\/80232","targetHints":{"allow":["GET"]}}],"collection":[{"href":"https:\/\/swimchannel.net\/br\/wp-json\/wp\/v2\/posts"}],"about":[{"href":"https:\/\/swimchannel.net\/br\/wp-json\/wp\/v2\/types\/post"}],"author":[{"embeddable":true,"href":"https:\/\/swimchannel.net\/br\/wp-json\/wp\/v2\/users\/9"}],"replies":[{"embeddable":true,"href":"https:\/\/swimchannel.net\/br\/wp-json\/wp\/v2\/comments?post=80232"}],"version-history":[{"count":5,"href":"https:\/\/swimchannel.net\/br\/wp-json\/wp\/v2\/posts\/80232\/revisions"}],"predecessor-version":[{"id":80466,"href":"https:\/\/swimchannel.net\/br\/wp-json\/wp\/v2\/posts\/80232\/revisions\/80466"}],"wp:featuredmedia":[{"embeddable":true,"href":"https:\/\/swimchannel.net\/br\/wp-json\/wp\/v2\/media\/75010"}],"wp:attachment":[{"href":"https:\/\/swimchannel.net\/br\/wp-json\/wp\/v2\/media?parent=80232"}],"wp:term":[{"taxonomy":"category","embeddable":true,"href":"https:\/\/swimchannel.net\/br\/wp-json\/wp\/v2\/categories?post=80232"},{"taxonomy":"post_tag","embeddable":true,"href":"https:\/\/swimchannel.net\/br\/wp-json\/wp\/v2\/tags?post=80232"}],"curies":[{"name":"wp","href":"https:\/\/api.w.org\/{rel}","templated":true}]}}