{"id":80235,"date":"2026-03-12T13:45:26","date_gmt":"2026-03-12T16:45:26","guid":{"rendered":"https:\/\/swimchannel.net\/br\/?p=80235"},"modified":"2026-03-12T14:06:59","modified_gmt":"2026-03-12T17:06:59","slug":"as-rainhas-do-nado-peito-assinam-patrocinio-com-a-speedo","status":"publish","type":"post","link":"https:\/\/swimchannel.net\/br\/as-rainhas-do-nado-peito-assinam-patrocinio-com-a-speedo\/","title":{"rendered":"As rainhas do nado peito assinam patroc\u00ednio com a  Speedo"},"content":{"rendered":"<p>O Speedo Elite Team ganhou tr\u00eas refor\u00e7os para sua equipe nesta temporada de 2026. Trata-se das nadadoras da sele\u00e7\u00e3o brasileira Gabrielle Assis e Bruna Leme, especialistas em provas de peito e medley, e do nadador da sele\u00e7\u00e3o brasileira paral\u00edmpica, Arthur Xavier. Os tr\u00eas passar\u00e3o a fazer parte das campanhas oficiais da marca esportiva, al\u00e9m de serem apoiadas pela empresa.<\/p>\n<p>Gabrielle Assis dispensa apresenta\u00e7\u00f5es. A nadadora \u00e9 atualmente a melhor peitista do pa\u00eds, al\u00e9m de obter bons resultados nas provas de medley. Gabi det\u00e9m o recorde nacional dos 200m peito em curta e longa. Em 2024 foi finalista nesta prova no Campeonato Mundial de Doha. Soma ainda um bronze nos 200m peito nos Jogos Pan-Americanos de Santiago-2023 e um t\u00edtulo na mesma prova nos Jogos Sul-Americanos de Assun\u00e7\u00e3o-2022.<\/p>\n<figure id=\"attachment_80341\" aria-describedby=\"caption-attachment-80341\" style=\"width: 562px\" class=\"wp-caption alignnone\"><img loading=\"lazy\" decoding=\"async\" class=\"size-full wp-image-80341\" src=\"https:\/\/swimchannel.net\/br\/wp-content\/uploads\/2026\/03\/bruna.jpg\" alt=\"\" width=\"562\" height=\"630\" srcset=\"https:\/\/swimchannel.net\/br\/wp-content\/uploads\/2026\/03\/bruna.jpg 562w, https:\/\/swimchannel.net\/br\/wp-content\/uploads\/2026\/03\/bruna-161x180.jpg 161w\" sizes=\"auto, (max-width: 562px) 100vw, 562px\" \/><figcaption id=\"caption-attachment-80341\" class=\"wp-caption-text\">Bruna Leme &#8211; Foto: Minas TC\/Divulga\u00e7\u00e3o<\/figcaption><\/figure>\n<p>Atleta do Minas TC, Bruna Leme soma diversas medalhas em campeonatos nacionais, com destaque para o t\u00edtulo brasileiro nos 200m medley em 2023, quando marcou a segunda melhor marca da hist\u00f3ria do Brasil. Pela sele\u00e7\u00e3o brasileira foi campe\u00e3o sul-americana nos 200m medley em Cali-2024 e disputou o Campeonato Mundial de Fukuoka e os Jogos Pan-Americanos de Santiago ambos em 2023.<\/p>\n<p>Al\u00e9m da dupla da sele\u00e7\u00e3o brasileira Arthur Xavier tamb\u00e9m foi anunciado pela marca. Jovem revela\u00e7\u00e3o da nata\u00e7\u00e3o paral\u00edmpica, Arthur esteve nos Jogos Ol\u00edmpicos de Paris-2024 e foi medalhista de bronze com o revezamento 4x100m livre misto classe S14. Ano passado, no Campeonato Mundial de Singapura ele ganhou mais duas medalhas de prata com o 4x100m livre misto e o 4x100m medley misto.<\/p>\n<figure id=\"attachment_80238\" aria-describedby=\"caption-attachment-80238\" style=\"width: 946px\" class=\"wp-caption alignnone\"><img loading=\"lazy\" decoding=\"async\" class=\"size-full wp-image-80238\" src=\"https:\/\/swimchannel.net\/br\/wp-content\/uploads\/2026\/03\/arthur.jpg\" alt=\"\" width=\"946\" height=\"630\" srcset=\"https:\/\/swimchannel.net\/br\/wp-content\/uploads\/2026\/03\/arthur.jpg 946w, https:\/\/swimchannel.net\/br\/wp-content\/uploads\/2026\/03\/arthur-270x180.jpg 270w, https:\/\/swimchannel.net\/br\/wp-content\/uploads\/2026\/03\/arthur-768x511.jpg 768w, https:\/\/swimchannel.net\/br\/wp-content\/uploads\/2026\/03\/arthur-750x499.jpg 750w\" sizes=\"auto, (max-width: 946px) 100vw, 946px\" \/><figcaption id=\"caption-attachment-80238\" class=\"wp-caption-text\">Arthur Xavier &#8211; Foto: CPB\/Divulga\u00e7\u00e3o<\/figcaption><\/figure>\n<p>A equipe do Speedo Elite Team conta com nomes de peso da nata\u00e7\u00e3o brasileira, como a campe\u00e3 ol\u00edmpica Ana Marcela Cunha, a medalhista ol\u00edmpica Poliana Okimoto, o finalista ol\u00edmpico Guilherme Costa e os atletas da sele\u00e7\u00e3o brasileira Viviane Jungblut, Gabrielle Roncatto, Brandonn Almeida, Maria Paula Heitmann, Lorrane Ferreira, Maria Luisa Pessanha, Kau\u00e3 Carvalho, Thiago Ruffini e Thais Xavier.<\/p>\n<p>Conhe\u00e7a mais da Speedo Multisport no site da marca aqui: <a href=\"https:\/\/www.speedo.com.br\/\" target=\"_blank\" rel=\"noopener\">https:\/\/www.speedo.com.br\/<\/a> ou no perfil do Instagram: <a href=\"https:\/\/www.instagram.com\/speedo_msport\/\" target=\"_blank\" rel=\"noopener\">https:\/\/www.instagram.com\/speedo_msport\/<\/a>.<\/p>\n<p>&nbsp;<\/p>\n<p>Gostaria de receber as not\u00edcias de nata\u00e7\u00e3o e \u00e1guas abertas no seu email?<\/p>\n<p><a href=\"https:\/\/lpa.nitro.news\/n-GNe\/ultimas-noticias-swim-channel\">Cadastre-se aqui<\/a><\/p>\n","protected":false},"excerpt":{"rendered":"<p>O Speedo Elite Team ganhou tr\u00eas refor\u00e7os para sua equipe nesta temporada de 2026. Trata-se das nadadoras da sele\u00e7\u00e3o brasileira Gabrielle Assis e Bruna Leme, especialistas em provas de peito e medley, e do nadador da sele\u00e7\u00e3o brasileira paral\u00edmpica, Arthur Xavier. Os tr\u00eas passar\u00e3o a fazer parte das campanhas oficiais da marca esportiva, al\u00e9m de [&hellip;]<\/p>\n","protected":false},"author":2,"featured_media":70228,"comment_status":"open","ping_status":"open","sticky":false,"template":"","format":"gallery","meta":{"footnotes":""},"categories":[137],"tags":[6098,5327,4691,5,6836],"class_list":["post-80235","post","type-post","status-publish","format-gallery","has-post-thumbnail","hentry","category-natacao","tag-arthur-xavier","tag-bruna-leme","tag-gabrielle-assis","tag-natacao","tag-speedo-elite-team","post_format-post-format-gallery"],"yoast_head":"<!-- This site is optimized with the Yoast SEO plugin v27.0 - https:\/\/yoast.com\/product\/yoast-seo-wordpress\/ -->\n<title>As rainhas do nado peito assinam patroc\u00ednio com a Speedo - Swimchannel<\/title>\n<meta name=\"robots\" content=\"index, follow, max-snippet:-1, max-image-preview:large, max-video-preview:-1\" \/>\n<link rel=\"canonical\" href=\"https:\/\/swimchannel.net\/br\/as-rainhas-do-nado-peito-assinam-patrocinio-com-a-speedo\/\" \/>\n<meta property=\"og:locale\" content=\"pt_BR\" \/>\n<meta property=\"og:type\" content=\"article\" \/>\n<meta property=\"og:title\" content=\"As rainhas do nado peito assinam patroc\u00ednio com a Speedo - Swimchannel\" \/>\n<meta property=\"og:description\" content=\"O Speedo Elite Team ganhou tr\u00eas refor\u00e7os para sua equipe nesta temporada de 2026. Trata-se das nadadoras da sele\u00e7\u00e3o brasileira Gabrielle Assis e Bruna Leme, especialistas em provas de peito e medley, e do nadador da sele\u00e7\u00e3o brasileira paral\u00edmpica, Arthur Xavier. Os tr\u00eas passar\u00e3o a fazer parte das campanhas oficiais da marca esportiva, al\u00e9m de [&hellip;]\" \/>\n<meta property=\"og:url\" content=\"https:\/\/swimchannel.net\/br\/as-rainhas-do-nado-peito-assinam-patrocinio-com-a-speedo\/\" \/>\n<meta property=\"og:site_name\" content=\"Swimchannel\" \/>\n<meta property=\"article:publisher\" content=\"https:\/\/www.facebook.com\/swimchannel\" \/>\n<meta property=\"article:published_time\" content=\"2026-03-12T16:45:26+00:00\" \/>\n<meta property=\"article:modified_time\" content=\"2026-03-12T17:06:59+00:00\" \/>\n<meta property=\"og:image\" content=\"https:\/\/swimchannel.net\/br\/wp-content\/uploads\/2024\/11\/53921903552_0702862fcd_c.jpg\" \/>\n\t<meta property=\"og:image:width\" content=\"799\" \/>\n\t<meta property=\"og:image:height\" content=\"533\" \/>\n\t<meta property=\"og:image:type\" content=\"image\/jpeg\" \/>\n<meta name=\"author\" content=\"SwimChannel\" \/>\n<meta name=\"twitter:card\" content=\"summary_large_image\" \/>\n<meta name=\"twitter:label1\" content=\"Escrito por\" \/>\n\t<meta name=\"twitter:data1\" content=\"SwimChannel\" \/>\n\t<meta name=\"twitter:label2\" content=\"Est. tempo de leitura\" \/>\n\t<meta name=\"twitter:data2\" content=\"3 minutos\" \/>\n<script type=\"application\/ld+json\" class=\"yoast-schema-graph\">{\"@context\":\"https:\/\/schema.org\",\"@graph\":[{\"@type\":\"Article\",\"@id\":\"https:\/\/swimchannel.net\/br\/as-rainhas-do-nado-peito-assinam-patrocinio-com-a-speedo\/#article\",\"isPartOf\":{\"@id\":\"https:\/\/swimchannel.net\/br\/as-rainhas-do-nado-peito-assinam-patrocinio-com-a-speedo\/\"},\"author\":{\"name\":\"SwimChannel\",\"@id\":\"https:\/\/swimchannel.net\/br\/#\/schema\/person\/8b903436c3c0b427a4ec3402a0579c30\"},\"headline\":\"As rainhas do nado peito assinam patroc\u00ednio com a Speedo\",\"datePublished\":\"2026-03-12T16:45:26+00:00\",\"dateModified\":\"2026-03-12T17:06:59+00:00\",\"mainEntityOfPage\":{\"@id\":\"https:\/\/swimchannel.net\/br\/as-rainhas-do-nado-peito-assinam-patrocinio-com-a-speedo\/\"},\"wordCount\":420,\"commentCount\":0,\"publisher\":{\"@id\":\"https:\/\/swimchannel.net\/br\/#organization\"},\"image\":{\"@id\":\"https:\/\/swimchannel.net\/br\/as-rainhas-do-nado-peito-assinam-patrocinio-com-a-speedo\/#primaryimage\"},\"thumbnailUrl\":\"https:\/\/swimchannel.net\/br\/wp-content\/uploads\/2024\/11\/53921903552_0702862fcd_c.jpg\",\"keywords\":[\"Arthur Xavier\",\"Bruna Leme\",\"Gabrielle Assis\",\"natacao\",\"Speedo Elite Team\"],\"articleSection\":[\"Nata\u00e7\u00e3o\"],\"inLanguage\":\"pt-BR\",\"potentialAction\":[{\"@type\":\"CommentAction\",\"name\":\"Comment\",\"target\":[\"https:\/\/swimchannel.net\/br\/as-rainhas-do-nado-peito-assinam-patrocinio-com-a-speedo\/#respond\"]}]},{\"@type\":\"WebPage\",\"@id\":\"https:\/\/swimchannel.net\/br\/as-rainhas-do-nado-peito-assinam-patrocinio-com-a-speedo\/\",\"url\":\"https:\/\/swimchannel.net\/br\/as-rainhas-do-nado-peito-assinam-patrocinio-com-a-speedo\/\",\"name\":\"As rainhas do nado peito assinam patroc\u00ednio com a Speedo - Swimchannel\",\"isPartOf\":{\"@id\":\"https:\/\/swimchannel.net\/br\/#website\"},\"primaryImageOfPage\":{\"@id\":\"https:\/\/swimchannel.net\/br\/as-rainhas-do-nado-peito-assinam-patrocinio-com-a-speedo\/#primaryimage\"},\"image\":{\"@id\":\"https:\/\/swimchannel.net\/br\/as-rainhas-do-nado-peito-assinam-patrocinio-com-a-speedo\/#primaryimage\"},\"thumbnailUrl\":\"https:\/\/swimchannel.net\/br\/wp-content\/uploads\/2024\/11\/53921903552_0702862fcd_c.jpg\",\"datePublished\":\"2026-03-12T16:45:26+00:00\",\"dateModified\":\"2026-03-12T17:06:59+00:00\",\"breadcrumb\":{\"@id\":\"https:\/\/swimchannel.net\/br\/as-rainhas-do-nado-peito-assinam-patrocinio-com-a-speedo\/#breadcrumb\"},\"inLanguage\":\"pt-BR\",\"potentialAction\":[{\"@type\":\"ReadAction\",\"target\":[\"https:\/\/swimchannel.net\/br\/as-rainhas-do-nado-peito-assinam-patrocinio-com-a-speedo\/\"]}]},{\"@type\":\"ImageObject\",\"inLanguage\":\"pt-BR\",\"@id\":\"https:\/\/swimchannel.net\/br\/as-rainhas-do-nado-peito-assinam-patrocinio-com-a-speedo\/#primaryimage\",\"url\":\"https:\/\/swimchannel.net\/br\/wp-content\/uploads\/2024\/11\/53921903552_0702862fcd_c.jpg\",\"contentUrl\":\"https:\/\/swimchannel.net\/br\/wp-content\/uploads\/2024\/11\/53921903552_0702862fcd_c.jpg\",\"width\":799,\"height\":533,\"caption\":\"Gabrielle Assis. Foto: Satiro Sodr\u00e9\/CBDA\"},{\"@type\":\"BreadcrumbList\",\"@id\":\"https:\/\/swimchannel.net\/br\/as-rainhas-do-nado-peito-assinam-patrocinio-com-a-speedo\/#breadcrumb\",\"itemListElement\":[{\"@type\":\"ListItem\",\"position\":1,\"name\":\"Home\",\"item\":\"https:\/\/swimchannel.net\/br\/\"},{\"@type\":\"ListItem\",\"position\":2,\"name\":\"As rainhas do nado peito assinam patroc\u00ednio com a Speedo\"}]},{\"@type\":\"WebSite\",\"@id\":\"https:\/\/swimchannel.net\/br\/#website\",\"url\":\"https:\/\/swimchannel.net\/br\/\",\"name\":\"Swimchannel\",\"description\":\"Maior portal de nata\u00e7\u00e3o da america latina\",\"publisher\":{\"@id\":\"https:\/\/swimchannel.net\/br\/#organization\"},\"potentialAction\":[{\"@type\":\"SearchAction\",\"target\":{\"@type\":\"EntryPoint\",\"urlTemplate\":\"https:\/\/swimchannel.net\/br\/?s={search_term_string}\"},\"query-input\":{\"@type\":\"PropertyValueSpecification\",\"valueRequired\":true,\"valueName\":\"search_term_string\"}}],\"inLanguage\":\"pt-BR\"},{\"@type\":\"Organization\",\"@id\":\"https:\/\/swimchannel.net\/br\/#organization\",\"name\":\"Swimchannel - Conectando voc\u00ea a Nata\u00e7\u00e3o\",\"url\":\"https:\/\/swimchannel.net\/br\/\",\"logo\":{\"@type\":\"ImageObject\",\"inLanguage\":\"pt-BR\",\"@id\":\"https:\/\/swimchannel.net\/br\/#\/schema\/logo\/image\/\",\"url\":\"https:\/\/swimchannel.net\/br\/wp-content\/uploads\/2026\/02\/SWIM-CHANNEL.png\",\"contentUrl\":\"https:\/\/swimchannel.net\/br\/wp-content\/uploads\/2026\/02\/SWIM-CHANNEL.png\",\"width\":1120,\"height\":630,\"caption\":\"Swimchannel - Conectando voc\u00ea a Nata\u00e7\u00e3o\"},\"image\":{\"@id\":\"https:\/\/swimchannel.net\/br\/#\/schema\/logo\/image\/\"},\"sameAs\":[\"https:\/\/www.facebook.com\/swimchannel\",\"https:\/\/www.instagram.com\/swimchannel\"]},{\"@type\":\"Person\",\"@id\":\"https:\/\/swimchannel.net\/br\/#\/schema\/person\/8b903436c3c0b427a4ec3402a0579c30\",\"name\":\"SwimChannel\",\"image\":{\"@type\":\"ImageObject\",\"inLanguage\":\"pt-BR\",\"@id\":\"https:\/\/swimchannel.net\/br\/#\/schema\/person\/image\/\",\"url\":\"https:\/\/swimchannel.net\/br\/wp-content\/uploads\/2021\/03\/SWIM-CHANNEL_JPG22-100x100.jpg\",\"contentUrl\":\"https:\/\/swimchannel.net\/br\/wp-content\/uploads\/2021\/03\/SWIM-CHANNEL_JPG22-100x100.jpg\",\"caption\":\"SwimChannel\"},\"url\":\"https:\/\/swimchannel.net\/br\/author\/swimchanneladmin\/\"}]}<\/script>\n<!-- \/ Yoast SEO plugin. -->","yoast_head_json":{"title":"As rainhas do nado peito assinam patroc\u00ednio com a Speedo - Swimchannel","robots":{"index":"index","follow":"follow","max-snippet":"max-snippet:-1","max-image-preview":"max-image-preview:large","max-video-preview":"max-video-preview:-1"},"canonical":"https:\/\/swimchannel.net\/br\/as-rainhas-do-nado-peito-assinam-patrocinio-com-a-speedo\/","og_locale":"pt_BR","og_type":"article","og_title":"As rainhas do nado peito assinam patroc\u00ednio com a Speedo - Swimchannel","og_description":"O Speedo Elite Team ganhou tr\u00eas refor\u00e7os para sua equipe nesta temporada de 2026. Trata-se das nadadoras da sele\u00e7\u00e3o brasileira Gabrielle Assis e Bruna Leme, especialistas em provas de peito e medley, e do nadador da sele\u00e7\u00e3o brasileira paral\u00edmpica, Arthur Xavier. Os tr\u00eas passar\u00e3o a fazer parte das campanhas oficiais da marca esportiva, al\u00e9m de [&hellip;]","og_url":"https:\/\/swimchannel.net\/br\/as-rainhas-do-nado-peito-assinam-patrocinio-com-a-speedo\/","og_site_name":"Swimchannel","article_publisher":"https:\/\/www.facebook.com\/swimchannel","article_published_time":"2026-03-12T16:45:26+00:00","article_modified_time":"2026-03-12T17:06:59+00:00","og_image":[{"width":799,"height":533,"url":"https:\/\/swimchannel.net\/br\/wp-content\/uploads\/2024\/11\/53921903552_0702862fcd_c.jpg","type":"image\/jpeg"}],"author":"SwimChannel","twitter_card":"summary_large_image","twitter_misc":{"Escrito por":"SwimChannel","Est. tempo de leitura":"3 minutos"},"schema":{"@context":"https:\/\/schema.org","@graph":[{"@type":"Article","@id":"https:\/\/swimchannel.net\/br\/as-rainhas-do-nado-peito-assinam-patrocinio-com-a-speedo\/#article","isPartOf":{"@id":"https:\/\/swimchannel.net\/br\/as-rainhas-do-nado-peito-assinam-patrocinio-com-a-speedo\/"},"author":{"name":"SwimChannel","@id":"https:\/\/swimchannel.net\/br\/#\/schema\/person\/8b903436c3c0b427a4ec3402a0579c30"},"headline":"As rainhas do nado peito assinam patroc\u00ednio com a Speedo","datePublished":"2026-03-12T16:45:26+00:00","dateModified":"2026-03-12T17:06:59+00:00","mainEntityOfPage":{"@id":"https:\/\/swimchannel.net\/br\/as-rainhas-do-nado-peito-assinam-patrocinio-com-a-speedo\/"},"wordCount":420,"commentCount":0,"publisher":{"@id":"https:\/\/swimchannel.net\/br\/#organization"},"image":{"@id":"https:\/\/swimchannel.net\/br\/as-rainhas-do-nado-peito-assinam-patrocinio-com-a-speedo\/#primaryimage"},"thumbnailUrl":"https:\/\/swimchannel.net\/br\/wp-content\/uploads\/2024\/11\/53921903552_0702862fcd_c.jpg","keywords":["Arthur Xavier","Bruna Leme","Gabrielle Assis","natacao","Speedo Elite Team"],"articleSection":["Nata\u00e7\u00e3o"],"inLanguage":"pt-BR","potentialAction":[{"@type":"CommentAction","name":"Comment","target":["https:\/\/swimchannel.net\/br\/as-rainhas-do-nado-peito-assinam-patrocinio-com-a-speedo\/#respond"]}]},{"@type":"WebPage","@id":"https:\/\/swimchannel.net\/br\/as-rainhas-do-nado-peito-assinam-patrocinio-com-a-speedo\/","url":"https:\/\/swimchannel.net\/br\/as-rainhas-do-nado-peito-assinam-patrocinio-com-a-speedo\/","name":"As rainhas do nado peito assinam patroc\u00ednio com a Speedo - Swimchannel","isPartOf":{"@id":"https:\/\/swimchannel.net\/br\/#website"},"primaryImageOfPage":{"@id":"https:\/\/swimchannel.net\/br\/as-rainhas-do-nado-peito-assinam-patrocinio-com-a-speedo\/#primaryimage"},"image":{"@id":"https:\/\/swimchannel.net\/br\/as-rainhas-do-nado-peito-assinam-patrocinio-com-a-speedo\/#primaryimage"},"thumbnailUrl":"https:\/\/swimchannel.net\/br\/wp-content\/uploads\/2024\/11\/53921903552_0702862fcd_c.jpg","datePublished":"2026-03-12T16:45:26+00:00","dateModified":"2026-03-12T17:06:59+00:00","breadcrumb":{"@id":"https:\/\/swimchannel.net\/br\/as-rainhas-do-nado-peito-assinam-patrocinio-com-a-speedo\/#breadcrumb"},"inLanguage":"pt-BR","potentialAction":[{"@type":"ReadAction","target":["https:\/\/swimchannel.net\/br\/as-rainhas-do-nado-peito-assinam-patrocinio-com-a-speedo\/"]}]},{"@type":"ImageObject","inLanguage":"pt-BR","@id":"https:\/\/swimchannel.net\/br\/as-rainhas-do-nado-peito-assinam-patrocinio-com-a-speedo\/#primaryimage","url":"https:\/\/swimchannel.net\/br\/wp-content\/uploads\/2024\/11\/53921903552_0702862fcd_c.jpg","contentUrl":"https:\/\/swimchannel.net\/br\/wp-content\/uploads\/2024\/11\/53921903552_0702862fcd_c.jpg","width":799,"height":533,"caption":"Gabrielle Assis. Foto: Satiro Sodr\u00e9\/CBDA"},{"@type":"BreadcrumbList","@id":"https:\/\/swimchannel.net\/br\/as-rainhas-do-nado-peito-assinam-patrocinio-com-a-speedo\/#breadcrumb","itemListElement":[{"@type":"ListItem","position":1,"name":"Home","item":"https:\/\/swimchannel.net\/br\/"},{"@type":"ListItem","position":2,"name":"As rainhas do nado peito assinam patroc\u00ednio com a Speedo"}]},{"@type":"WebSite","@id":"https:\/\/swimchannel.net\/br\/#website","url":"https:\/\/swimchannel.net\/br\/","name":"Swimchannel","description":"Maior portal de nata\u00e7\u00e3o da america latina","publisher":{"@id":"https:\/\/swimchannel.net\/br\/#organization"},"potentialAction":[{"@type":"SearchAction","target":{"@type":"EntryPoint","urlTemplate":"https:\/\/swimchannel.net\/br\/?s={search_term_string}"},"query-input":{"@type":"PropertyValueSpecification","valueRequired":true,"valueName":"search_term_string"}}],"inLanguage":"pt-BR"},{"@type":"Organization","@id":"https:\/\/swimchannel.net\/br\/#organization","name":"Swimchannel - Conectando voc\u00ea a Nata\u00e7\u00e3o","url":"https:\/\/swimchannel.net\/br\/","logo":{"@type":"ImageObject","inLanguage":"pt-BR","@id":"https:\/\/swimchannel.net\/br\/#\/schema\/logo\/image\/","url":"https:\/\/swimchannel.net\/br\/wp-content\/uploads\/2026\/02\/SWIM-CHANNEL.png","contentUrl":"https:\/\/swimchannel.net\/br\/wp-content\/uploads\/2026\/02\/SWIM-CHANNEL.png","width":1120,"height":630,"caption":"Swimchannel - Conectando voc\u00ea a Nata\u00e7\u00e3o"},"image":{"@id":"https:\/\/swimchannel.net\/br\/#\/schema\/logo\/image\/"},"sameAs":["https:\/\/www.facebook.com\/swimchannel","https:\/\/www.instagram.com\/swimchannel"]},{"@type":"Person","@id":"https:\/\/swimchannel.net\/br\/#\/schema\/person\/8b903436c3c0b427a4ec3402a0579c30","name":"SwimChannel","image":{"@type":"ImageObject","inLanguage":"pt-BR","@id":"https:\/\/swimchannel.net\/br\/#\/schema\/person\/image\/","url":"https:\/\/swimchannel.net\/br\/wp-content\/uploads\/2021\/03\/SWIM-CHANNEL_JPG22-100x100.jpg","contentUrl":"https:\/\/swimchannel.net\/br\/wp-content\/uploads\/2021\/03\/SWIM-CHANNEL_JPG22-100x100.jpg","caption":"SwimChannel"},"url":"https:\/\/swimchannel.net\/br\/author\/swimchanneladmin\/"}]}},"_links":{"self":[{"href":"https:\/\/swimchannel.net\/br\/wp-json\/wp\/v2\/posts\/80235","targetHints":{"allow":["GET"]}}],"collection":[{"href":"https:\/\/swimchannel.net\/br\/wp-json\/wp\/v2\/posts"}],"about":[{"href":"https:\/\/swimchannel.net\/br\/wp-json\/wp\/v2\/types\/post"}],"author":[{"embeddable":true,"href":"https:\/\/swimchannel.net\/br\/wp-json\/wp\/v2\/users\/2"}],"replies":[{"embeddable":true,"href":"https:\/\/swimchannel.net\/br\/wp-json\/wp\/v2\/comments?post=80235"}],"version-history":[{"count":5,"href":"https:\/\/swimchannel.net\/br\/wp-json\/wp\/v2\/posts\/80235\/revisions"}],"predecessor-version":[{"id":80342,"href":"https:\/\/swimchannel.net\/br\/wp-json\/wp\/v2\/posts\/80235\/revisions\/80342"}],"wp:featuredmedia":[{"embeddable":true,"href":"https:\/\/swimchannel.net\/br\/wp-json\/wp\/v2\/media\/70228"}],"wp:attachment":[{"href":"https:\/\/swimchannel.net\/br\/wp-json\/wp\/v2\/media?parent=80235"}],"wp:term":[{"taxonomy":"category","embeddable":true,"href":"https:\/\/swimchannel.net\/br\/wp-json\/wp\/v2\/categories?post=80235"},{"taxonomy":"post_tag","embeddable":true,"href":"https:\/\/swimchannel.net\/br\/wp-json\/wp\/v2\/tags?post=80235"}],"curies":[{"name":"wp","href":"https:\/\/api.w.org\/{rel}","templated":true}]}}