{"id":80240,"date":"2026-03-11T17:33:50","date_gmt":"2026-03-11T20:33:50","guid":{"rendered":"https:\/\/swimchannel.net\/br\/?p=80240"},"modified":"2026-03-11T17:33:50","modified_gmt":"2026-03-11T20:33:50","slug":"brasil-deve-ter-cinco-nadadores-no-ncaa-divisao-i-masculino-deste-ano","status":"publish","type":"post","link":"https:\/\/swimchannel.net\/br\/brasil-deve-ter-cinco-nadadores-no-ncaa-divisao-i-masculino-deste-ano\/","title":{"rendered":"Brasil deve ter cinco nadadores no NCAA Divis\u00e3o I Masculino deste ano"},"content":{"rendered":"<p>Guilherme Carib\u00e9, Pedro Sansone e Lucio Flavio da Universidade do Tennessee, Leonardo Alcantara do Alabama, Eduardo Moraes da Universidade da California devem ser confirmados como os cinco representantes do Brasil no Campeonato Universit\u00e1rio Americano do NCAA Divis\u00e3o I que est\u00e1 marcado para os dias 25 a 28 de Mar\u00e7o, em Atlanta.<\/p>\n<p>Os nomes citados fazem parte da pr\u00e9-sele\u00e7\u00e3o divulgada pelo NCAA e USA Swimming que devem ser confirmados com as entradas (e cortes) dos nadadores reservas e composi\u00e7\u00e3o de revezamentos. Os crit\u00e9rios deste ano foram alterados agora dando vagas autom\u00e1ticas para atletas vencedores das Confer\u00eancias desde que tenham marcado o \u00edndice exigido. No total ser\u00e3o 270 nadadores a serem confirmados numa m\u00e9dia de 30 atletas por prova.<\/p>\n<figure id=\"attachment_78877\" aria-describedby=\"caption-attachment-78877\" style=\"width: 1023px\" class=\"wp-caption alignnone\"><img loading=\"lazy\" decoding=\"async\" class=\"size-full wp-image-78877\" src=\"https:\/\/swimchannel.net\/br\/wp-content\/uploads\/2026\/02\/fit.webp\" alt=\"\" width=\"1023\" height=\"682\" srcset=\"https:\/\/swimchannel.net\/br\/wp-content\/uploads\/2026\/02\/fit.webp 1023w, https:\/\/swimchannel.net\/br\/wp-content\/uploads\/2026\/02\/fit-1013x675.webp 1013w, https:\/\/swimchannel.net\/br\/wp-content\/uploads\/2026\/02\/fit-270x180.webp 270w, https:\/\/swimchannel.net\/br\/wp-content\/uploads\/2026\/02\/fit-768x512.webp 768w, https:\/\/swimchannel.net\/br\/wp-content\/uploads\/2026\/02\/fit-750x500.webp 750w\" sizes=\"auto, (max-width: 1023px) 100vw, 1023px\" \/><figcaption id=\"caption-attachment-78877\" class=\"wp-caption-text\">Leonardo Alcantara &#8211; Foto: Crimson Tide Photos\/UA Athletics<\/figcaption><\/figure>\n<p>Carib\u00e9 \u00e9 o melhor ranqueado entre os brasileiros com o segundo tempo nos 100 livre, terceiro tempo nos 50 livre e quinto nos 100 borboleta. A surpresa da temporada \u00e9 Leonardo Alcantara do Alabama que est\u00e1 ranqueado com o 9o tempo nos 500 livre.<\/p>\n<p><strong>Veja aqui a pr\u00e9-sele\u00e7\u00e3o do NCAA Divis\u00e3o I Masculino: <\/strong><a href=\"https:\/\/bestswimming.swimchannel.net\/wp-content\/uploads\/2026\/03\/ncaad1.pdf\">ncaad1<\/a>.<\/p>\n<p>&nbsp;<\/p>\n<p>Gostaria de receber as not\u00edcias de nata\u00e7\u00e3o e \u00e1guas abertas no seu email?<\/p>\n<p><a href=\"https:\/\/lpa.nitro.news\/n-GNe\/ultimas-noticias-swim-channel\">Cadastre-se aqui<\/a><\/p>\n","protected":false},"excerpt":{"rendered":"<p>Guilherme Carib\u00e9, Pedro Sansone e Lucio Flavio da Universidade do Tennessee, Leonardo Alcantara do Alabama, Eduardo Moraes da Universidade da California devem ser confirmados como os cinco representantes do Brasil no Campeonato Universit\u00e1rio Americano do NCAA Divis\u00e3o I que est\u00e1 marcado para os dias 25 a 28 de Mar\u00e7o, em Atlanta. Os nomes citados fazem [&hellip;]<\/p>\n","protected":false},"author":12,"featured_media":75279,"comment_status":"open","ping_status":"open","sticky":false,"template":"","format":"gallery","meta":{"footnotes":""},"categories":[137],"tags":[4687,5130,6289,6837,5,305,5376],"class_list":["post-80240","post","type-post","status-publish","format-gallery","has-post-thumbnail","hentry","category-natacao","tag-eduardo-moraes","tag-guilherme-caribe","tag-leonardo-alcantara","tag-lucio-flavio","tag-natacao","tag-ncaa","tag-pedro-sansone","post_format-post-format-gallery"],"yoast_head":"<!-- This site is optimized with the Yoast SEO plugin v27.0 - https:\/\/yoast.com\/product\/yoast-seo-wordpress\/ -->\n<title>Brasil deve ter cinco nadadores no NCAA Divis\u00e3o I Masculino deste ano - Swimchannel<\/title>\n<meta name=\"robots\" content=\"index, follow, max-snippet:-1, max-image-preview:large, max-video-preview:-1\" \/>\n<link rel=\"canonical\" href=\"https:\/\/swimchannel.net\/br\/brasil-deve-ter-cinco-nadadores-no-ncaa-divisao-i-masculino-deste-ano\/\" \/>\n<meta property=\"og:locale\" content=\"pt_BR\" \/>\n<meta property=\"og:type\" content=\"article\" \/>\n<meta property=\"og:title\" content=\"Brasil deve ter cinco nadadores no NCAA Divis\u00e3o I Masculino deste ano - Swimchannel\" \/>\n<meta property=\"og:description\" content=\"Guilherme Carib\u00e9, Pedro Sansone e Lucio Flavio da Universidade do Tennessee, Leonardo Alcantara do Alabama, Eduardo Moraes da Universidade da California devem ser confirmados como os cinco representantes do Brasil no Campeonato Universit\u00e1rio Americano do NCAA Divis\u00e3o I que est\u00e1 marcado para os dias 25 a 28 de Mar\u00e7o, em Atlanta. Os nomes citados fazem [&hellip;]\" \/>\n<meta property=\"og:url\" content=\"https:\/\/swimchannel.net\/br\/brasil-deve-ter-cinco-nadadores-no-ncaa-divisao-i-masculino-deste-ano\/\" \/>\n<meta property=\"og:site_name\" content=\"Swimchannel\" \/>\n<meta property=\"article:publisher\" content=\"https:\/\/www.facebook.com\/swimchannel\" \/>\n<meta property=\"article:published_time\" content=\"2026-03-11T20:33:50+00:00\" \/>\n<meta property=\"og:image\" content=\"https:\/\/swimchannel.net\/br\/wp-content\/uploads\/2025\/07\/54688297103_ab7beff0b8_k.jpg\" \/>\n\t<meta property=\"og:image:width\" content=\"2048\" \/>\n\t<meta property=\"og:image:height\" content=\"1365\" \/>\n\t<meta property=\"og:image:type\" content=\"image\/jpeg\" \/>\n<meta name=\"author\" content=\"Alex Pussieldi\" \/>\n<meta name=\"twitter:card\" content=\"summary_large_image\" \/>\n<meta name=\"twitter:label1\" content=\"Escrito por\" \/>\n\t<meta name=\"twitter:data1\" content=\"Alex Pussieldi\" \/>\n\t<meta name=\"twitter:label2\" content=\"Est. tempo de leitura\" \/>\n\t<meta name=\"twitter:data2\" content=\"2 minutos\" \/>\n<script type=\"application\/ld+json\" class=\"yoast-schema-graph\">{\"@context\":\"https:\/\/schema.org\",\"@graph\":[{\"@type\":\"Article\",\"@id\":\"https:\/\/swimchannel.net\/br\/brasil-deve-ter-cinco-nadadores-no-ncaa-divisao-i-masculino-deste-ano\/#article\",\"isPartOf\":{\"@id\":\"https:\/\/swimchannel.net\/br\/brasil-deve-ter-cinco-nadadores-no-ncaa-divisao-i-masculino-deste-ano\/\"},\"author\":{\"name\":\"Alex Pussieldi\",\"@id\":\"https:\/\/swimchannel.net\/br\/#\/schema\/person\/cf549cb99cf75592fcf7c76213385e63\"},\"headline\":\"Brasil deve ter cinco nadadores no NCAA Divis\u00e3o I Masculino deste ano\",\"datePublished\":\"2026-03-11T20:33:50+00:00\",\"mainEntityOfPage\":{\"@id\":\"https:\/\/swimchannel.net\/br\/brasil-deve-ter-cinco-nadadores-no-ncaa-divisao-i-masculino-deste-ano\/\"},\"wordCount\":222,\"commentCount\":0,\"publisher\":{\"@id\":\"https:\/\/swimchannel.net\/br\/#organization\"},\"image\":{\"@id\":\"https:\/\/swimchannel.net\/br\/brasil-deve-ter-cinco-nadadores-no-ncaa-divisao-i-masculino-deste-ano\/#primaryimage\"},\"thumbnailUrl\":\"https:\/\/swimchannel.net\/br\/wp-content\/uploads\/2025\/07\/54688297103_ab7beff0b8_k.jpg\",\"keywords\":[\"Eduardo Moraes\",\"Guilherme Carib\u00e9\",\"Leonardo Alc\u00e2ntara\",\"Lucio Flavio\",\"natacao\",\"NCAA\",\"pedro sansone\"],\"articleSection\":[\"Nata\u00e7\u00e3o\"],\"inLanguage\":\"pt-BR\",\"potentialAction\":[{\"@type\":\"CommentAction\",\"name\":\"Comment\",\"target\":[\"https:\/\/swimchannel.net\/br\/brasil-deve-ter-cinco-nadadores-no-ncaa-divisao-i-masculino-deste-ano\/#respond\"]}]},{\"@type\":\"WebPage\",\"@id\":\"https:\/\/swimchannel.net\/br\/brasil-deve-ter-cinco-nadadores-no-ncaa-divisao-i-masculino-deste-ano\/\",\"url\":\"https:\/\/swimchannel.net\/br\/brasil-deve-ter-cinco-nadadores-no-ncaa-divisao-i-masculino-deste-ano\/\",\"name\":\"Brasil deve ter cinco nadadores no NCAA Divis\u00e3o I Masculino deste ano - Swimchannel\",\"isPartOf\":{\"@id\":\"https:\/\/swimchannel.net\/br\/#website\"},\"primaryImageOfPage\":{\"@id\":\"https:\/\/swimchannel.net\/br\/brasil-deve-ter-cinco-nadadores-no-ncaa-divisao-i-masculino-deste-ano\/#primaryimage\"},\"image\":{\"@id\":\"https:\/\/swimchannel.net\/br\/brasil-deve-ter-cinco-nadadores-no-ncaa-divisao-i-masculino-deste-ano\/#primaryimage\"},\"thumbnailUrl\":\"https:\/\/swimchannel.net\/br\/wp-content\/uploads\/2025\/07\/54688297103_ab7beff0b8_k.jpg\",\"datePublished\":\"2026-03-11T20:33:50+00:00\",\"breadcrumb\":{\"@id\":\"https:\/\/swimchannel.net\/br\/brasil-deve-ter-cinco-nadadores-no-ncaa-divisao-i-masculino-deste-ano\/#breadcrumb\"},\"inLanguage\":\"pt-BR\",\"potentialAction\":[{\"@type\":\"ReadAction\",\"target\":[\"https:\/\/swimchannel.net\/br\/brasil-deve-ter-cinco-nadadores-no-ncaa-divisao-i-masculino-deste-ano\/\"]}]},{\"@type\":\"ImageObject\",\"inLanguage\":\"pt-BR\",\"@id\":\"https:\/\/swimchannel.net\/br\/brasil-deve-ter-cinco-nadadores-no-ncaa-divisao-i-masculino-deste-ano\/#primaryimage\",\"url\":\"https:\/\/swimchannel.net\/br\/wp-content\/uploads\/2025\/07\/54688297103_ab7beff0b8_k.jpg\",\"contentUrl\":\"https:\/\/swimchannel.net\/br\/wp-content\/uploads\/2025\/07\/54688297103_ab7beff0b8_k.jpg\",\"width\":2048,\"height\":1365,\"caption\":\"Guilherme Carib\u00e9 - Foto: Satiro Sodr\u00e9\"},{\"@type\":\"BreadcrumbList\",\"@id\":\"https:\/\/swimchannel.net\/br\/brasil-deve-ter-cinco-nadadores-no-ncaa-divisao-i-masculino-deste-ano\/#breadcrumb\",\"itemListElement\":[{\"@type\":\"ListItem\",\"position\":1,\"name\":\"Home\",\"item\":\"https:\/\/swimchannel.net\/br\/\"},{\"@type\":\"ListItem\",\"position\":2,\"name\":\"Brasil deve ter cinco nadadores no NCAA Divis\u00e3o I Masculino deste ano\"}]},{\"@type\":\"WebSite\",\"@id\":\"https:\/\/swimchannel.net\/br\/#website\",\"url\":\"https:\/\/swimchannel.net\/br\/\",\"name\":\"Swimchannel\",\"description\":\"Maior portal de nata\u00e7\u00e3o da america latina\",\"publisher\":{\"@id\":\"https:\/\/swimchannel.net\/br\/#organization\"},\"potentialAction\":[{\"@type\":\"SearchAction\",\"target\":{\"@type\":\"EntryPoint\",\"urlTemplate\":\"https:\/\/swimchannel.net\/br\/?s={search_term_string}\"},\"query-input\":{\"@type\":\"PropertyValueSpecification\",\"valueRequired\":true,\"valueName\":\"search_term_string\"}}],\"inLanguage\":\"pt-BR\"},{\"@type\":\"Organization\",\"@id\":\"https:\/\/swimchannel.net\/br\/#organization\",\"name\":\"Swimchannel - Conectando voc\u00ea a Nata\u00e7\u00e3o\",\"url\":\"https:\/\/swimchannel.net\/br\/\",\"logo\":{\"@type\":\"ImageObject\",\"inLanguage\":\"pt-BR\",\"@id\":\"https:\/\/swimchannel.net\/br\/#\/schema\/logo\/image\/\",\"url\":\"https:\/\/swimchannel.net\/br\/wp-content\/uploads\/2026\/02\/SWIM-CHANNEL.png\",\"contentUrl\":\"https:\/\/swimchannel.net\/br\/wp-content\/uploads\/2026\/02\/SWIM-CHANNEL.png\",\"width\":1120,\"height\":630,\"caption\":\"Swimchannel - Conectando voc\u00ea a Nata\u00e7\u00e3o\"},\"image\":{\"@id\":\"https:\/\/swimchannel.net\/br\/#\/schema\/logo\/image\/\"},\"sameAs\":[\"https:\/\/www.facebook.com\/swimchannel\",\"https:\/\/www.instagram.com\/swimchannel\"]},{\"@type\":\"Person\",\"@id\":\"https:\/\/swimchannel.net\/br\/#\/schema\/person\/cf549cb99cf75592fcf7c76213385e63\",\"name\":\"Alex Pussieldi\",\"image\":{\"@type\":\"ImageObject\",\"inLanguage\":\"pt-BR\",\"@id\":\"https:\/\/swimchannel.net\/br\/#\/schema\/person\/image\/\",\"url\":\"https:\/\/swimchannel.net\/br\/wp-content\/uploads\/2021\/02\/9b1c252d-a4bd-4eda-b399-24565cac4114-100x100.jpg\",\"contentUrl\":\"https:\/\/swimchannel.net\/br\/wp-content\/uploads\/2021\/02\/9b1c252d-a4bd-4eda-b399-24565cac4114-100x100.jpg\",\"caption\":\"Alex Pussieldi\"},\"description\":\"Alexandre Pussieldi, apelidado de \u201ccoach\u201d, Foi t\u00e9cnico da sele\u00e7\u00e3o verde e amarela nas Olimp\u00edadas de Pequim-2008 e Londres-2012. O treinador ainda comandou outros quatro pa\u00edses: Kuwait, Paraguai, Aruba e Antilhas Holandesas, al\u00e9m da sele\u00e7\u00e3o americana de \u00e1guas abertas. Pussieldi tem passagens como comentarista de nata\u00e7\u00e3o do Grupo Globo e Swim Channel.\",\"url\":\"https:\/\/swimchannel.net\/br\/author\/alexpussieldi\/\"}]}<\/script>\n<!-- \/ Yoast SEO plugin. -->","yoast_head_json":{"title":"Brasil deve ter cinco nadadores no NCAA Divis\u00e3o I Masculino deste ano - Swimchannel","robots":{"index":"index","follow":"follow","max-snippet":"max-snippet:-1","max-image-preview":"max-image-preview:large","max-video-preview":"max-video-preview:-1"},"canonical":"https:\/\/swimchannel.net\/br\/brasil-deve-ter-cinco-nadadores-no-ncaa-divisao-i-masculino-deste-ano\/","og_locale":"pt_BR","og_type":"article","og_title":"Brasil deve ter cinco nadadores no NCAA Divis\u00e3o I Masculino deste ano - Swimchannel","og_description":"Guilherme Carib\u00e9, Pedro Sansone e Lucio Flavio da Universidade do Tennessee, Leonardo Alcantara do Alabama, Eduardo Moraes da Universidade da California devem ser confirmados como os cinco representantes do Brasil no Campeonato Universit\u00e1rio Americano do NCAA Divis\u00e3o I que est\u00e1 marcado para os dias 25 a 28 de Mar\u00e7o, em Atlanta. Os nomes citados fazem [&hellip;]","og_url":"https:\/\/swimchannel.net\/br\/brasil-deve-ter-cinco-nadadores-no-ncaa-divisao-i-masculino-deste-ano\/","og_site_name":"Swimchannel","article_publisher":"https:\/\/www.facebook.com\/swimchannel","article_published_time":"2026-03-11T20:33:50+00:00","og_image":[{"width":2048,"height":1365,"url":"https:\/\/swimchannel.net\/br\/wp-content\/uploads\/2025\/07\/54688297103_ab7beff0b8_k.jpg","type":"image\/jpeg"}],"author":"Alex Pussieldi","twitter_card":"summary_large_image","twitter_misc":{"Escrito por":"Alex Pussieldi","Est. tempo de leitura":"2 minutos"},"schema":{"@context":"https:\/\/schema.org","@graph":[{"@type":"Article","@id":"https:\/\/swimchannel.net\/br\/brasil-deve-ter-cinco-nadadores-no-ncaa-divisao-i-masculino-deste-ano\/#article","isPartOf":{"@id":"https:\/\/swimchannel.net\/br\/brasil-deve-ter-cinco-nadadores-no-ncaa-divisao-i-masculino-deste-ano\/"},"author":{"name":"Alex Pussieldi","@id":"https:\/\/swimchannel.net\/br\/#\/schema\/person\/cf549cb99cf75592fcf7c76213385e63"},"headline":"Brasil deve ter cinco nadadores no NCAA Divis\u00e3o I Masculino deste ano","datePublished":"2026-03-11T20:33:50+00:00","mainEntityOfPage":{"@id":"https:\/\/swimchannel.net\/br\/brasil-deve-ter-cinco-nadadores-no-ncaa-divisao-i-masculino-deste-ano\/"},"wordCount":222,"commentCount":0,"publisher":{"@id":"https:\/\/swimchannel.net\/br\/#organization"},"image":{"@id":"https:\/\/swimchannel.net\/br\/brasil-deve-ter-cinco-nadadores-no-ncaa-divisao-i-masculino-deste-ano\/#primaryimage"},"thumbnailUrl":"https:\/\/swimchannel.net\/br\/wp-content\/uploads\/2025\/07\/54688297103_ab7beff0b8_k.jpg","keywords":["Eduardo Moraes","Guilherme Carib\u00e9","Leonardo Alc\u00e2ntara","Lucio Flavio","natacao","NCAA","pedro sansone"],"articleSection":["Nata\u00e7\u00e3o"],"inLanguage":"pt-BR","potentialAction":[{"@type":"CommentAction","name":"Comment","target":["https:\/\/swimchannel.net\/br\/brasil-deve-ter-cinco-nadadores-no-ncaa-divisao-i-masculino-deste-ano\/#respond"]}]},{"@type":"WebPage","@id":"https:\/\/swimchannel.net\/br\/brasil-deve-ter-cinco-nadadores-no-ncaa-divisao-i-masculino-deste-ano\/","url":"https:\/\/swimchannel.net\/br\/brasil-deve-ter-cinco-nadadores-no-ncaa-divisao-i-masculino-deste-ano\/","name":"Brasil deve ter cinco nadadores no NCAA Divis\u00e3o I Masculino deste ano - Swimchannel","isPartOf":{"@id":"https:\/\/swimchannel.net\/br\/#website"},"primaryImageOfPage":{"@id":"https:\/\/swimchannel.net\/br\/brasil-deve-ter-cinco-nadadores-no-ncaa-divisao-i-masculino-deste-ano\/#primaryimage"},"image":{"@id":"https:\/\/swimchannel.net\/br\/brasil-deve-ter-cinco-nadadores-no-ncaa-divisao-i-masculino-deste-ano\/#primaryimage"},"thumbnailUrl":"https:\/\/swimchannel.net\/br\/wp-content\/uploads\/2025\/07\/54688297103_ab7beff0b8_k.jpg","datePublished":"2026-03-11T20:33:50+00:00","breadcrumb":{"@id":"https:\/\/swimchannel.net\/br\/brasil-deve-ter-cinco-nadadores-no-ncaa-divisao-i-masculino-deste-ano\/#breadcrumb"},"inLanguage":"pt-BR","potentialAction":[{"@type":"ReadAction","target":["https:\/\/swimchannel.net\/br\/brasil-deve-ter-cinco-nadadores-no-ncaa-divisao-i-masculino-deste-ano\/"]}]},{"@type":"ImageObject","inLanguage":"pt-BR","@id":"https:\/\/swimchannel.net\/br\/brasil-deve-ter-cinco-nadadores-no-ncaa-divisao-i-masculino-deste-ano\/#primaryimage","url":"https:\/\/swimchannel.net\/br\/wp-content\/uploads\/2025\/07\/54688297103_ab7beff0b8_k.jpg","contentUrl":"https:\/\/swimchannel.net\/br\/wp-content\/uploads\/2025\/07\/54688297103_ab7beff0b8_k.jpg","width":2048,"height":1365,"caption":"Guilherme Carib\u00e9 - Foto: Satiro Sodr\u00e9"},{"@type":"BreadcrumbList","@id":"https:\/\/swimchannel.net\/br\/brasil-deve-ter-cinco-nadadores-no-ncaa-divisao-i-masculino-deste-ano\/#breadcrumb","itemListElement":[{"@type":"ListItem","position":1,"name":"Home","item":"https:\/\/swimchannel.net\/br\/"},{"@type":"ListItem","position":2,"name":"Brasil deve ter cinco nadadores no NCAA Divis\u00e3o I Masculino deste ano"}]},{"@type":"WebSite","@id":"https:\/\/swimchannel.net\/br\/#website","url":"https:\/\/swimchannel.net\/br\/","name":"Swimchannel","description":"Maior portal de nata\u00e7\u00e3o da america latina","publisher":{"@id":"https:\/\/swimchannel.net\/br\/#organization"},"potentialAction":[{"@type":"SearchAction","target":{"@type":"EntryPoint","urlTemplate":"https:\/\/swimchannel.net\/br\/?s={search_term_string}"},"query-input":{"@type":"PropertyValueSpecification","valueRequired":true,"valueName":"search_term_string"}}],"inLanguage":"pt-BR"},{"@type":"Organization","@id":"https:\/\/swimchannel.net\/br\/#organization","name":"Swimchannel - Conectando voc\u00ea a Nata\u00e7\u00e3o","url":"https:\/\/swimchannel.net\/br\/","logo":{"@type":"ImageObject","inLanguage":"pt-BR","@id":"https:\/\/swimchannel.net\/br\/#\/schema\/logo\/image\/","url":"https:\/\/swimchannel.net\/br\/wp-content\/uploads\/2026\/02\/SWIM-CHANNEL.png","contentUrl":"https:\/\/swimchannel.net\/br\/wp-content\/uploads\/2026\/02\/SWIM-CHANNEL.png","width":1120,"height":630,"caption":"Swimchannel - Conectando voc\u00ea a Nata\u00e7\u00e3o"},"image":{"@id":"https:\/\/swimchannel.net\/br\/#\/schema\/logo\/image\/"},"sameAs":["https:\/\/www.facebook.com\/swimchannel","https:\/\/www.instagram.com\/swimchannel"]},{"@type":"Person","@id":"https:\/\/swimchannel.net\/br\/#\/schema\/person\/cf549cb99cf75592fcf7c76213385e63","name":"Alex Pussieldi","image":{"@type":"ImageObject","inLanguage":"pt-BR","@id":"https:\/\/swimchannel.net\/br\/#\/schema\/person\/image\/","url":"https:\/\/swimchannel.net\/br\/wp-content\/uploads\/2021\/02\/9b1c252d-a4bd-4eda-b399-24565cac4114-100x100.jpg","contentUrl":"https:\/\/swimchannel.net\/br\/wp-content\/uploads\/2021\/02\/9b1c252d-a4bd-4eda-b399-24565cac4114-100x100.jpg","caption":"Alex Pussieldi"},"description":"Alexandre Pussieldi, apelidado de \u201ccoach\u201d, Foi t\u00e9cnico da sele\u00e7\u00e3o verde e amarela nas Olimp\u00edadas de Pequim-2008 e Londres-2012. O treinador ainda comandou outros quatro pa\u00edses: Kuwait, Paraguai, Aruba e Antilhas Holandesas, al\u00e9m da sele\u00e7\u00e3o americana de \u00e1guas abertas. Pussieldi tem passagens como comentarista de nata\u00e7\u00e3o do Grupo Globo e Swim Channel.","url":"https:\/\/swimchannel.net\/br\/author\/alexpussieldi\/"}]}},"_links":{"self":[{"href":"https:\/\/swimchannel.net\/br\/wp-json\/wp\/v2\/posts\/80240","targetHints":{"allow":["GET"]}}],"collection":[{"href":"https:\/\/swimchannel.net\/br\/wp-json\/wp\/v2\/posts"}],"about":[{"href":"https:\/\/swimchannel.net\/br\/wp-json\/wp\/v2\/types\/post"}],"author":[{"embeddable":true,"href":"https:\/\/swimchannel.net\/br\/wp-json\/wp\/v2\/users\/12"}],"replies":[{"embeddable":true,"href":"https:\/\/swimchannel.net\/br\/wp-json\/wp\/v2\/comments?post=80240"}],"version-history":[{"count":1,"href":"https:\/\/swimchannel.net\/br\/wp-json\/wp\/v2\/posts\/80240\/revisions"}],"predecessor-version":[{"id":80241,"href":"https:\/\/swimchannel.net\/br\/wp-json\/wp\/v2\/posts\/80240\/revisions\/80241"}],"wp:featuredmedia":[{"embeddable":true,"href":"https:\/\/swimchannel.net\/br\/wp-json\/wp\/v2\/media\/75279"}],"wp:attachment":[{"href":"https:\/\/swimchannel.net\/br\/wp-json\/wp\/v2\/media?parent=80240"}],"wp:term":[{"taxonomy":"category","embeddable":true,"href":"https:\/\/swimchannel.net\/br\/wp-json\/wp\/v2\/categories?post=80240"},{"taxonomy":"post_tag","embeddable":true,"href":"https:\/\/swimchannel.net\/br\/wp-json\/wp\/v2\/tags?post=80240"}],"curies":[{"name":"wp","href":"https:\/\/api.w.org\/{rel}","templated":true}]}}