{"id":80344,"date":"2026-03-12T10:54:15","date_gmt":"2026-03-12T13:54:15","guid":{"rendered":"https:\/\/swimchannel.net\/br\/?p=80344"},"modified":"2026-03-12T17:52:56","modified_gmt":"2026-03-12T20:52:56","slug":"curta-metragem-de-nadador-sobrevivente-do-holocausto-vai-estar-no-oscar-2026","status":"publish","type":"post","link":"https:\/\/swimchannel.net\/br\/curta-metragem-de-nadador-sobrevivente-do-holocausto-vai-estar-no-oscar-2026\/","title":{"rendered":"Curta metragem de nadador sobrevivente do Holocausto vai estar no Oscar 2026"},"content":{"rendered":"<p>Domingo, dia 15 de Mar\u00e7o, \u00e9 dia de Oscar, a premia\u00e7\u00e3o da maior festa do cinema mundial. O Brasil que acompanha de perto pela presen\u00e7a e participa\u00e7\u00e3o do longa metragem &#8220;O Agente Secreto&#8221; que concorre em quatro categorias. O mundo da nata\u00e7\u00e3o tamb\u00e9m vai estar ligado no Oscar 2026 pelo curta metragem franc\u00eas &#8220;Papillon&#8221;.<\/p>\n<p>O curta metragem de 15 minutos de autoria da francesa Florence Miailhe retrata a vida do nadador sobrevivente do holocausto Artem (Alfred) Nakache. Uma hist\u00f3ria reproduzida de uma fa\u00e7anha incr\u00edvel por quem foi duas vezes ol\u00edmpico, uma com 20 anos de idade e a outra, 12 anos depois, como um sobrevivente do famoso e terr\u00edvel Campo de Concentra\u00e7\u00e3o de Auschwitz.<\/p>\n<figure id=\"attachment_78626\" aria-describedby=\"caption-attachment-78626\" style=\"width: 423px\" class=\"wp-caption alignnone\"><img loading=\"lazy\" decoding=\"async\" class=\"size-full wp-image-78626\" src=\"https:\/\/swimchannel.net\/br\/wp-content\/uploads\/2026\/01\/Captura-de-tela-2026-01-13-184536.jpg\" alt=\"\" width=\"423\" height=\"630\" srcset=\"https:\/\/swimchannel.net\/br\/wp-content\/uploads\/2026\/01\/Captura-de-tela-2026-01-13-184536.jpg 423w, https:\/\/swimchannel.net\/br\/wp-content\/uploads\/2026\/01\/Captura-de-tela-2026-01-13-184536-121x180.jpg 121w\" sizes=\"auto, (max-width: 423px) 100vw, 423px\" \/><figcaption id=\"caption-attachment-78626\" class=\"wp-caption-text\">Banner do filme Papillon &#8211; Foto: IMDb\/Reprodu\u00e7\u00e3o<\/figcaption><\/figure>\n<p>Nakache nasceu de uma fam\u00edlia judia na Arg\u00e9lia, em 18 de Novembro de 1915, na \u00e9poca o pa\u00eds fazia parte da Fran\u00e7a. O ca\u00e7ula de uma fam\u00edlia de 11 filhos se destacou como nadador em diferentes clubes at\u00e9 se sagrar sete vezes campe\u00e3o nacional. Chegando a Sele\u00e7\u00e3o Nacional, foi vice campe\u00e3o europeu e nadou a Olimp\u00edada de 1936 em Berlim.<\/p>\n<p>Sete anos depois, Nakache, junto com sua esposa e filha, foram presos por serem judeus e encaminhados ao campo de concentra\u00e7\u00e3o. Nakache nunca mais viu sua fam\u00edlia, mas sobreviveu aos horrores de Auschwitz escapando dos olhos dos guardas e pulando no tanque de \u00e1gua do campo de concentra\u00e7\u00e3o. Quase que diariamente, ele esquecia dos horrores da guerra com a pr\u00e1tica da nata\u00e7\u00e3o.<\/p>\n<figure id=\"attachment_80350\" aria-describedby=\"caption-attachment-80350\" style=\"width: 860px\" class=\"wp-caption alignnone\"><img loading=\"lazy\" decoding=\"async\" class=\"size-full wp-image-80350\" src=\"https:\/\/swimchannel.net\/br\/wp-content\/uploads\/2026\/03\/a045de94-8359-4917-9d19-290e7a7f040d.webp\" alt=\"\" width=\"860\" height=\"608\" srcset=\"https:\/\/swimchannel.net\/br\/wp-content\/uploads\/2026\/03\/a045de94-8359-4917-9d19-290e7a7f040d.webp 860w, https:\/\/swimchannel.net\/br\/wp-content\/uploads\/2026\/03\/a045de94-8359-4917-9d19-290e7a7f040d-255x180.webp 255w, https:\/\/swimchannel.net\/br\/wp-content\/uploads\/2026\/03\/a045de94-8359-4917-9d19-290e7a7f040d-768x543.webp 768w, https:\/\/swimchannel.net\/br\/wp-content\/uploads\/2026\/03\/a045de94-8359-4917-9d19-290e7a7f040d-120x86.webp 120w, https:\/\/swimchannel.net\/br\/wp-content\/uploads\/2026\/03\/a045de94-8359-4917-9d19-290e7a7f040d-750x530.webp 750w\" sizes=\"auto, (max-width: 860px) 100vw, 860px\" \/><figcaption id=\"caption-attachment-80350\" class=\"wp-caption-text\">Alfred Nakache &#8211; Foto: Arquivo pessoal da fam\u00edlia de Nakache<\/figcaption><\/figure>\n<p>Com o fim da guerra, e mesmo com apenas 40 quilos, Nakache decidiu voltar a treinar e tr\u00eas anos depois era um dos tr\u00eas sobreviventes do Holocausto que estavam nos Jogos Ol\u00edmpicos de Londres em 1948.\u00a0Nakache virou professor de nata\u00e7\u00e3o e faleceu em 1983, aos 67 anos de idade, treinando nata\u00e7\u00e3o sofreu um ataque card\u00edaco.<\/p>\n<p>Em 1993 foi inclu\u00eddo no Hall da Fama dos Atletas Judeus e em 2019 entrou para o International Swimming Hall of Fame.\u00a0Em 2018, a piscina de Toulouse, onde Leon Marchand, maior nadador da atualidade, competiu suas primeiras competi\u00e7\u00f5es, trocou de nome. Passou a se chamar La piscine Alfred Nakache.<\/p>\n<p>Domingo \u00e9 dia de torcer pelo &#8220;Papillon&#8221; e celebrar a mem\u00f3ria e a carreira de Alfred Nakache.\u00a0At\u00e9 l\u00e1, voc\u00ea j\u00e1 pode assistir o document\u00e1rio que j\u00e1 dispon\u00edvel no YouTube:<\/p>\n<div class=\"jeg_video_container jeg_video_content\"><iframe loading=\"lazy\" title=\"Papillon (Butterfly) by Florence Miailhe  | 2026 Oscar Nominee | JFI Monthly Short: December 2025\" width=\"500\" height=\"281\" src=\"https:\/\/www.youtube.com\/embed\/Y5u1XJHr-UE?feature=oembed\" frameborder=\"0\" allow=\"accelerometer; autoplay; clipboard-write; encrypted-media; gyroscope; picture-in-picture; web-share\" referrerpolicy=\"strict-origin-when-cross-origin\" allowfullscreen><\/iframe><\/div>\n<p>Em 2021, a Swim Channel publicou a hist\u00f3ria de Alfred Nakache em artigo de Katarine Monteiro: <a href=\"https:\/\/swimchannel.net\/br\/edica-alfred-nakache\/\">https:\/\/swimchannel.net\/br\/edica-alfred-nakache\/<\/a>.<\/p>\n<p>&nbsp;<\/p>\n<p>Gostaria de receber as not\u00edcias de nata\u00e7\u00e3o e \u00e1guas abertas no seu email?<\/p>\n<p><a href=\"https:\/\/lpa.nitro.news\/n-GNe\/ultimas-noticias-swim-channel\">Cadastre-se aqui<\/a><\/p>\n","protected":false},"excerpt":{"rendered":"<p>Domingo, dia 15 de Mar\u00e7o, \u00e9 dia de Oscar, a premia\u00e7\u00e3o da maior festa do cinema mundial. O Brasil que acompanha de perto pela presen\u00e7a e participa\u00e7\u00e3o do longa metragem &#8220;O Agente Secreto&#8221; que concorre em quatro categorias. O mundo da nata\u00e7\u00e3o tamb\u00e9m vai estar ligado no Oscar 2026 pelo curta metragem franc\u00eas &#8220;Papillon&#8221;. O [&hellip;]<\/p>\n","protected":false},"author":12,"featured_media":80347,"comment_status":"open","ping_status":"open","sticky":false,"template":"","format":"gallery","meta":{"footnotes":""},"categories":[137],"tags":[2201,5,6755,6849],"class_list":["post-80344","post","type-post","status-publish","format-gallery","has-post-thumbnail","hentry","category-natacao","tag-alfred-nakache","tag-natacao","tag-oscar","tag-papillon","post_format-post-format-gallery"],"yoast_head":"<!-- This site is optimized with the Yoast SEO plugin v27.0 - https:\/\/yoast.com\/product\/yoast-seo-wordpress\/ -->\n<title>Curta metragem de nadador sobrevivente do Holocausto vai estar no Oscar 2026 - Swimchannel<\/title>\n<meta name=\"robots\" content=\"index, follow, max-snippet:-1, max-image-preview:large, max-video-preview:-1\" \/>\n<link rel=\"canonical\" href=\"https:\/\/swimchannel.net\/br\/curta-metragem-de-nadador-sobrevivente-do-holocausto-vai-estar-no-oscar-2026\/\" \/>\n<meta property=\"og:locale\" content=\"pt_BR\" \/>\n<meta property=\"og:type\" content=\"article\" \/>\n<meta property=\"og:title\" content=\"Curta metragem de nadador sobrevivente do Holocausto vai estar no Oscar 2026 - Swimchannel\" \/>\n<meta property=\"og:description\" content=\"Domingo, dia 15 de Mar\u00e7o, \u00e9 dia de Oscar, a premia\u00e7\u00e3o da maior festa do cinema mundial. O Brasil que acompanha de perto pela presen\u00e7a e participa\u00e7\u00e3o do longa metragem &#8220;O Agente Secreto&#8221; que concorre em quatro categorias. O mundo da nata\u00e7\u00e3o tamb\u00e9m vai estar ligado no Oscar 2026 pelo curta metragem franc\u00eas &#8220;Papillon&#8221;. O [&hellip;]\" \/>\n<meta property=\"og:url\" content=\"https:\/\/swimchannel.net\/br\/curta-metragem-de-nadador-sobrevivente-do-holocausto-vai-estar-no-oscar-2026\/\" \/>\n<meta property=\"og:site_name\" content=\"Swimchannel\" \/>\n<meta property=\"article:publisher\" content=\"https:\/\/www.facebook.com\/swimchannel\" \/>\n<meta property=\"article:published_time\" content=\"2026-03-12T13:54:15+00:00\" \/>\n<meta property=\"article:modified_time\" content=\"2026-03-12T20:52:56+00:00\" \/>\n<meta property=\"og:image\" content=\"https:\/\/swimchannel.net\/br\/wp-content\/uploads\/2026\/03\/A-Nakache-.jpg\" \/>\n\t<meta property=\"og:image:width\" content=\"600\" \/>\n\t<meta property=\"og:image:height\" content=\"345\" \/>\n\t<meta property=\"og:image:type\" content=\"image\/jpeg\" \/>\n<meta name=\"author\" content=\"Alex Pussieldi\" \/>\n<meta name=\"twitter:card\" content=\"summary_large_image\" \/>\n<meta name=\"twitter:label1\" content=\"Escrito por\" \/>\n\t<meta name=\"twitter:data1\" content=\"Alex Pussieldi\" \/>\n\t<meta name=\"twitter:label2\" content=\"Est. tempo de leitura\" \/>\n\t<meta name=\"twitter:data2\" content=\"3 minutos\" \/>\n<script type=\"application\/ld+json\" class=\"yoast-schema-graph\">{\"@context\":\"https:\/\/schema.org\",\"@graph\":[{\"@type\":\"Article\",\"@id\":\"https:\/\/swimchannel.net\/br\/curta-metragem-de-nadador-sobrevivente-do-holocausto-vai-estar-no-oscar-2026\/#article\",\"isPartOf\":{\"@id\":\"https:\/\/swimchannel.net\/br\/curta-metragem-de-nadador-sobrevivente-do-holocausto-vai-estar-no-oscar-2026\/\"},\"author\":{\"name\":\"Alex Pussieldi\",\"@id\":\"https:\/\/swimchannel.net\/br\/#\/schema\/person\/cf549cb99cf75592fcf7c76213385e63\"},\"headline\":\"Curta metragem de nadador sobrevivente do Holocausto vai estar no Oscar 2026\",\"datePublished\":\"2026-03-12T13:54:15+00:00\",\"dateModified\":\"2026-03-12T20:52:56+00:00\",\"mainEntityOfPage\":{\"@id\":\"https:\/\/swimchannel.net\/br\/curta-metragem-de-nadador-sobrevivente-do-holocausto-vai-estar-no-oscar-2026\/\"},\"wordCount\":486,\"commentCount\":0,\"publisher\":{\"@id\":\"https:\/\/swimchannel.net\/br\/#organization\"},\"image\":{\"@id\":\"https:\/\/swimchannel.net\/br\/curta-metragem-de-nadador-sobrevivente-do-holocausto-vai-estar-no-oscar-2026\/#primaryimage\"},\"thumbnailUrl\":\"https:\/\/swimchannel.net\/br\/wp-content\/uploads\/2026\/03\/A-Nakache-.jpg\",\"keywords\":[\"Alfred Nakache\",\"natacao\",\"Oscar\",\"Papillon\"],\"articleSection\":[\"Nata\u00e7\u00e3o\"],\"inLanguage\":\"pt-BR\",\"potentialAction\":[{\"@type\":\"CommentAction\",\"name\":\"Comment\",\"target\":[\"https:\/\/swimchannel.net\/br\/curta-metragem-de-nadador-sobrevivente-do-holocausto-vai-estar-no-oscar-2026\/#respond\"]}]},{\"@type\":\"WebPage\",\"@id\":\"https:\/\/swimchannel.net\/br\/curta-metragem-de-nadador-sobrevivente-do-holocausto-vai-estar-no-oscar-2026\/\",\"url\":\"https:\/\/swimchannel.net\/br\/curta-metragem-de-nadador-sobrevivente-do-holocausto-vai-estar-no-oscar-2026\/\",\"name\":\"Curta metragem de nadador sobrevivente do Holocausto vai estar no Oscar 2026 - Swimchannel\",\"isPartOf\":{\"@id\":\"https:\/\/swimchannel.net\/br\/#website\"},\"primaryImageOfPage\":{\"@id\":\"https:\/\/swimchannel.net\/br\/curta-metragem-de-nadador-sobrevivente-do-holocausto-vai-estar-no-oscar-2026\/#primaryimage\"},\"image\":{\"@id\":\"https:\/\/swimchannel.net\/br\/curta-metragem-de-nadador-sobrevivente-do-holocausto-vai-estar-no-oscar-2026\/#primaryimage\"},\"thumbnailUrl\":\"https:\/\/swimchannel.net\/br\/wp-content\/uploads\/2026\/03\/A-Nakache-.jpg\",\"datePublished\":\"2026-03-12T13:54:15+00:00\",\"dateModified\":\"2026-03-12T20:52:56+00:00\",\"breadcrumb\":{\"@id\":\"https:\/\/swimchannel.net\/br\/curta-metragem-de-nadador-sobrevivente-do-holocausto-vai-estar-no-oscar-2026\/#breadcrumb\"},\"inLanguage\":\"pt-BR\",\"potentialAction\":[{\"@type\":\"ReadAction\",\"target\":[\"https:\/\/swimchannel.net\/br\/curta-metragem-de-nadador-sobrevivente-do-holocausto-vai-estar-no-oscar-2026\/\"]}]},{\"@type\":\"ImageObject\",\"inLanguage\":\"pt-BR\",\"@id\":\"https:\/\/swimchannel.net\/br\/curta-metragem-de-nadador-sobrevivente-do-holocausto-vai-estar-no-oscar-2026\/#primaryimage\",\"url\":\"https:\/\/swimchannel.net\/br\/wp-content\/uploads\/2026\/03\/A-Nakache-.jpg\",\"contentUrl\":\"https:\/\/swimchannel.net\/br\/wp-content\/uploads\/2026\/03\/A-Nakache-.jpg\",\"width\":600,\"height\":345,\"caption\":\"Alfred Nakache - Foto: Arquivo pessoal da fam\u00edlia de Nakache\"},{\"@type\":\"BreadcrumbList\",\"@id\":\"https:\/\/swimchannel.net\/br\/curta-metragem-de-nadador-sobrevivente-do-holocausto-vai-estar-no-oscar-2026\/#breadcrumb\",\"itemListElement\":[{\"@type\":\"ListItem\",\"position\":1,\"name\":\"Home\",\"item\":\"https:\/\/swimchannel.net\/br\/\"},{\"@type\":\"ListItem\",\"position\":2,\"name\":\"Curta metragem de nadador sobrevivente do Holocausto vai estar no Oscar 2026\"}]},{\"@type\":\"WebSite\",\"@id\":\"https:\/\/swimchannel.net\/br\/#website\",\"url\":\"https:\/\/swimchannel.net\/br\/\",\"name\":\"Swimchannel\",\"description\":\"Maior portal de nata\u00e7\u00e3o da america latina\",\"publisher\":{\"@id\":\"https:\/\/swimchannel.net\/br\/#organization\"},\"potentialAction\":[{\"@type\":\"SearchAction\",\"target\":{\"@type\":\"EntryPoint\",\"urlTemplate\":\"https:\/\/swimchannel.net\/br\/?s={search_term_string}\"},\"query-input\":{\"@type\":\"PropertyValueSpecification\",\"valueRequired\":true,\"valueName\":\"search_term_string\"}}],\"inLanguage\":\"pt-BR\"},{\"@type\":\"Organization\",\"@id\":\"https:\/\/swimchannel.net\/br\/#organization\",\"name\":\"Swimchannel - Conectando voc\u00ea a Nata\u00e7\u00e3o\",\"url\":\"https:\/\/swimchannel.net\/br\/\",\"logo\":{\"@type\":\"ImageObject\",\"inLanguage\":\"pt-BR\",\"@id\":\"https:\/\/swimchannel.net\/br\/#\/schema\/logo\/image\/\",\"url\":\"https:\/\/swimchannel.net\/br\/wp-content\/uploads\/2026\/02\/SWIM-CHANNEL.png\",\"contentUrl\":\"https:\/\/swimchannel.net\/br\/wp-content\/uploads\/2026\/02\/SWIM-CHANNEL.png\",\"width\":1120,\"height\":630,\"caption\":\"Swimchannel - Conectando voc\u00ea a Nata\u00e7\u00e3o\"},\"image\":{\"@id\":\"https:\/\/swimchannel.net\/br\/#\/schema\/logo\/image\/\"},\"sameAs\":[\"https:\/\/www.facebook.com\/swimchannel\",\"https:\/\/www.instagram.com\/swimchannel\"]},{\"@type\":\"Person\",\"@id\":\"https:\/\/swimchannel.net\/br\/#\/schema\/person\/cf549cb99cf75592fcf7c76213385e63\",\"name\":\"Alex Pussieldi\",\"image\":{\"@type\":\"ImageObject\",\"inLanguage\":\"pt-BR\",\"@id\":\"https:\/\/swimchannel.net\/br\/#\/schema\/person\/image\/\",\"url\":\"https:\/\/swimchannel.net\/br\/wp-content\/uploads\/2021\/02\/9b1c252d-a4bd-4eda-b399-24565cac4114-100x100.jpg\",\"contentUrl\":\"https:\/\/swimchannel.net\/br\/wp-content\/uploads\/2021\/02\/9b1c252d-a4bd-4eda-b399-24565cac4114-100x100.jpg\",\"caption\":\"Alex Pussieldi\"},\"description\":\"Alexandre Pussieldi, apelidado de \u201ccoach\u201d, Foi t\u00e9cnico da sele\u00e7\u00e3o verde e amarela nas Olimp\u00edadas de Pequim-2008 e Londres-2012. O treinador ainda comandou outros quatro pa\u00edses: Kuwait, Paraguai, Aruba e Antilhas Holandesas, al\u00e9m da sele\u00e7\u00e3o americana de \u00e1guas abertas. Pussieldi tem passagens como comentarista de nata\u00e7\u00e3o do Grupo Globo e Swim Channel.\",\"url\":\"https:\/\/swimchannel.net\/br\/author\/alexpussieldi\/\"}]}<\/script>\n<!-- \/ Yoast SEO plugin. -->","yoast_head_json":{"title":"Curta metragem de nadador sobrevivente do Holocausto vai estar no Oscar 2026 - Swimchannel","robots":{"index":"index","follow":"follow","max-snippet":"max-snippet:-1","max-image-preview":"max-image-preview:large","max-video-preview":"max-video-preview:-1"},"canonical":"https:\/\/swimchannel.net\/br\/curta-metragem-de-nadador-sobrevivente-do-holocausto-vai-estar-no-oscar-2026\/","og_locale":"pt_BR","og_type":"article","og_title":"Curta metragem de nadador sobrevivente do Holocausto vai estar no Oscar 2026 - Swimchannel","og_description":"Domingo, dia 15 de Mar\u00e7o, \u00e9 dia de Oscar, a premia\u00e7\u00e3o da maior festa do cinema mundial. O Brasil que acompanha de perto pela presen\u00e7a e participa\u00e7\u00e3o do longa metragem &#8220;O Agente Secreto&#8221; que concorre em quatro categorias. O mundo da nata\u00e7\u00e3o tamb\u00e9m vai estar ligado no Oscar 2026 pelo curta metragem franc\u00eas &#8220;Papillon&#8221;. O [&hellip;]","og_url":"https:\/\/swimchannel.net\/br\/curta-metragem-de-nadador-sobrevivente-do-holocausto-vai-estar-no-oscar-2026\/","og_site_name":"Swimchannel","article_publisher":"https:\/\/www.facebook.com\/swimchannel","article_published_time":"2026-03-12T13:54:15+00:00","article_modified_time":"2026-03-12T20:52:56+00:00","og_image":[{"width":600,"height":345,"url":"https:\/\/swimchannel.net\/br\/wp-content\/uploads\/2026\/03\/A-Nakache-.jpg","type":"image\/jpeg"}],"author":"Alex Pussieldi","twitter_card":"summary_large_image","twitter_misc":{"Escrito por":"Alex Pussieldi","Est. tempo de leitura":"3 minutos"},"schema":{"@context":"https:\/\/schema.org","@graph":[{"@type":"Article","@id":"https:\/\/swimchannel.net\/br\/curta-metragem-de-nadador-sobrevivente-do-holocausto-vai-estar-no-oscar-2026\/#article","isPartOf":{"@id":"https:\/\/swimchannel.net\/br\/curta-metragem-de-nadador-sobrevivente-do-holocausto-vai-estar-no-oscar-2026\/"},"author":{"name":"Alex Pussieldi","@id":"https:\/\/swimchannel.net\/br\/#\/schema\/person\/cf549cb99cf75592fcf7c76213385e63"},"headline":"Curta metragem de nadador sobrevivente do Holocausto vai estar no Oscar 2026","datePublished":"2026-03-12T13:54:15+00:00","dateModified":"2026-03-12T20:52:56+00:00","mainEntityOfPage":{"@id":"https:\/\/swimchannel.net\/br\/curta-metragem-de-nadador-sobrevivente-do-holocausto-vai-estar-no-oscar-2026\/"},"wordCount":486,"commentCount":0,"publisher":{"@id":"https:\/\/swimchannel.net\/br\/#organization"},"image":{"@id":"https:\/\/swimchannel.net\/br\/curta-metragem-de-nadador-sobrevivente-do-holocausto-vai-estar-no-oscar-2026\/#primaryimage"},"thumbnailUrl":"https:\/\/swimchannel.net\/br\/wp-content\/uploads\/2026\/03\/A-Nakache-.jpg","keywords":["Alfred Nakache","natacao","Oscar","Papillon"],"articleSection":["Nata\u00e7\u00e3o"],"inLanguage":"pt-BR","potentialAction":[{"@type":"CommentAction","name":"Comment","target":["https:\/\/swimchannel.net\/br\/curta-metragem-de-nadador-sobrevivente-do-holocausto-vai-estar-no-oscar-2026\/#respond"]}]},{"@type":"WebPage","@id":"https:\/\/swimchannel.net\/br\/curta-metragem-de-nadador-sobrevivente-do-holocausto-vai-estar-no-oscar-2026\/","url":"https:\/\/swimchannel.net\/br\/curta-metragem-de-nadador-sobrevivente-do-holocausto-vai-estar-no-oscar-2026\/","name":"Curta metragem de nadador sobrevivente do Holocausto vai estar no Oscar 2026 - Swimchannel","isPartOf":{"@id":"https:\/\/swimchannel.net\/br\/#website"},"primaryImageOfPage":{"@id":"https:\/\/swimchannel.net\/br\/curta-metragem-de-nadador-sobrevivente-do-holocausto-vai-estar-no-oscar-2026\/#primaryimage"},"image":{"@id":"https:\/\/swimchannel.net\/br\/curta-metragem-de-nadador-sobrevivente-do-holocausto-vai-estar-no-oscar-2026\/#primaryimage"},"thumbnailUrl":"https:\/\/swimchannel.net\/br\/wp-content\/uploads\/2026\/03\/A-Nakache-.jpg","datePublished":"2026-03-12T13:54:15+00:00","dateModified":"2026-03-12T20:52:56+00:00","breadcrumb":{"@id":"https:\/\/swimchannel.net\/br\/curta-metragem-de-nadador-sobrevivente-do-holocausto-vai-estar-no-oscar-2026\/#breadcrumb"},"inLanguage":"pt-BR","potentialAction":[{"@type":"ReadAction","target":["https:\/\/swimchannel.net\/br\/curta-metragem-de-nadador-sobrevivente-do-holocausto-vai-estar-no-oscar-2026\/"]}]},{"@type":"ImageObject","inLanguage":"pt-BR","@id":"https:\/\/swimchannel.net\/br\/curta-metragem-de-nadador-sobrevivente-do-holocausto-vai-estar-no-oscar-2026\/#primaryimage","url":"https:\/\/swimchannel.net\/br\/wp-content\/uploads\/2026\/03\/A-Nakache-.jpg","contentUrl":"https:\/\/swimchannel.net\/br\/wp-content\/uploads\/2026\/03\/A-Nakache-.jpg","width":600,"height":345,"caption":"Alfred Nakache - Foto: Arquivo pessoal da fam\u00edlia de Nakache"},{"@type":"BreadcrumbList","@id":"https:\/\/swimchannel.net\/br\/curta-metragem-de-nadador-sobrevivente-do-holocausto-vai-estar-no-oscar-2026\/#breadcrumb","itemListElement":[{"@type":"ListItem","position":1,"name":"Home","item":"https:\/\/swimchannel.net\/br\/"},{"@type":"ListItem","position":2,"name":"Curta metragem de nadador sobrevivente do Holocausto vai estar no Oscar 2026"}]},{"@type":"WebSite","@id":"https:\/\/swimchannel.net\/br\/#website","url":"https:\/\/swimchannel.net\/br\/","name":"Swimchannel","description":"Maior portal de nata\u00e7\u00e3o da america latina","publisher":{"@id":"https:\/\/swimchannel.net\/br\/#organization"},"potentialAction":[{"@type":"SearchAction","target":{"@type":"EntryPoint","urlTemplate":"https:\/\/swimchannel.net\/br\/?s={search_term_string}"},"query-input":{"@type":"PropertyValueSpecification","valueRequired":true,"valueName":"search_term_string"}}],"inLanguage":"pt-BR"},{"@type":"Organization","@id":"https:\/\/swimchannel.net\/br\/#organization","name":"Swimchannel - Conectando voc\u00ea a Nata\u00e7\u00e3o","url":"https:\/\/swimchannel.net\/br\/","logo":{"@type":"ImageObject","inLanguage":"pt-BR","@id":"https:\/\/swimchannel.net\/br\/#\/schema\/logo\/image\/","url":"https:\/\/swimchannel.net\/br\/wp-content\/uploads\/2026\/02\/SWIM-CHANNEL.png","contentUrl":"https:\/\/swimchannel.net\/br\/wp-content\/uploads\/2026\/02\/SWIM-CHANNEL.png","width":1120,"height":630,"caption":"Swimchannel - Conectando voc\u00ea a Nata\u00e7\u00e3o"},"image":{"@id":"https:\/\/swimchannel.net\/br\/#\/schema\/logo\/image\/"},"sameAs":["https:\/\/www.facebook.com\/swimchannel","https:\/\/www.instagram.com\/swimchannel"]},{"@type":"Person","@id":"https:\/\/swimchannel.net\/br\/#\/schema\/person\/cf549cb99cf75592fcf7c76213385e63","name":"Alex Pussieldi","image":{"@type":"ImageObject","inLanguage":"pt-BR","@id":"https:\/\/swimchannel.net\/br\/#\/schema\/person\/image\/","url":"https:\/\/swimchannel.net\/br\/wp-content\/uploads\/2021\/02\/9b1c252d-a4bd-4eda-b399-24565cac4114-100x100.jpg","contentUrl":"https:\/\/swimchannel.net\/br\/wp-content\/uploads\/2021\/02\/9b1c252d-a4bd-4eda-b399-24565cac4114-100x100.jpg","caption":"Alex Pussieldi"},"description":"Alexandre Pussieldi, apelidado de \u201ccoach\u201d, Foi t\u00e9cnico da sele\u00e7\u00e3o verde e amarela nas Olimp\u00edadas de Pequim-2008 e Londres-2012. O treinador ainda comandou outros quatro pa\u00edses: Kuwait, Paraguai, Aruba e Antilhas Holandesas, al\u00e9m da sele\u00e7\u00e3o americana de \u00e1guas abertas. Pussieldi tem passagens como comentarista de nata\u00e7\u00e3o do Grupo Globo e Swim Channel.","url":"https:\/\/swimchannel.net\/br\/author\/alexpussieldi\/"}]}},"_links":{"self":[{"href":"https:\/\/swimchannel.net\/br\/wp-json\/wp\/v2\/posts\/80344","targetHints":{"allow":["GET"]}}],"collection":[{"href":"https:\/\/swimchannel.net\/br\/wp-json\/wp\/v2\/posts"}],"about":[{"href":"https:\/\/swimchannel.net\/br\/wp-json\/wp\/v2\/types\/post"}],"author":[{"embeddable":true,"href":"https:\/\/swimchannel.net\/br\/wp-json\/wp\/v2\/users\/12"}],"replies":[{"embeddable":true,"href":"https:\/\/swimchannel.net\/br\/wp-json\/wp\/v2\/comments?post=80344"}],"version-history":[{"count":2,"href":"https:\/\/swimchannel.net\/br\/wp-json\/wp\/v2\/posts\/80344\/revisions"}],"predecessor-version":[{"id":80353,"href":"https:\/\/swimchannel.net\/br\/wp-json\/wp\/v2\/posts\/80344\/revisions\/80353"}],"wp:featuredmedia":[{"embeddable":true,"href":"https:\/\/swimchannel.net\/br\/wp-json\/wp\/v2\/media\/80347"}],"wp:attachment":[{"href":"https:\/\/swimchannel.net\/br\/wp-json\/wp\/v2\/media?parent=80344"}],"wp:term":[{"taxonomy":"category","embeddable":true,"href":"https:\/\/swimchannel.net\/br\/wp-json\/wp\/v2\/categories?post=80344"},{"taxonomy":"post_tag","embeddable":true,"href":"https:\/\/swimchannel.net\/br\/wp-json\/wp\/v2\/tags?post=80344"}],"curies":[{"name":"wp","href":"https:\/\/api.w.org\/{rel}","templated":true}]}}