{"id":80372,"date":"2026-03-15T09:00:32","date_gmt":"2026-03-15T12:00:32","guid":{"rendered":"https:\/\/swimchannel.net\/br\/?p=80372"},"modified":"2026-03-13T17:45:41","modified_gmt":"2026-03-13T20:45:41","slug":"luca-hoek-o-jovem-velocista-espanhol-quebra-novamente-o-recorde-nacional","status":"publish","type":"post","link":"https:\/\/swimchannel.net\/br\/luca-hoek-o-jovem-velocista-espanhol-quebra-novamente-o-recorde-nacional\/","title":{"rendered":"Luca Hoek, o jovem velocista espanhol quebra novamente o recorde nacional"},"content":{"rendered":"<p>Um dia ap\u00f3s completar 18 anos de idade, o velocista Luca Hoek Le General quebrou o seu pr\u00f3prio recorde nacional absoluto da Espanha ao vencer a prova dos 50m nado livre no Campeonato Espanhol de Inverno em Sabadell. Hoek venceu a prova com 21.93 superando seus 21.99 feitos no ano passado no Campeonato Europeu J\u00fanior.<\/p>\n<p>Hoek det\u00e9m quatro recordes nacionais, 50 e 100m livre, tanto em piscina longa como em piscina curta:<br \/>\nPiscina 50m<br \/>\n50m livre \u2013 21.93<br \/>\n100m livre \u2013 48.04<\/p>\n<p>Piscina 25m<br \/>\n50m livre \u2013 21.08<br \/>\n100m livre \u2013 46.04<\/p>\n<p>Uma evolu\u00e7\u00e3o bastante significativa para o nadador:<br \/>\n2023, 15 anos de idade, 23.19<br \/>\n2024, 16 anos de idade, 22.33<br \/>\n2025, 17 anos de idade, 21.99<\/p>\n<p>&nbsp;<\/p>\n<p>Gostaria de receber as not\u00edcias de nata\u00e7\u00e3o e \u00e1guas abertas no seu email?<\/p>\n<p><a href=\"https:\/\/lpa.nitro.news\/n-GNe\/ultimas-noticias-swim-channel\">Cadastre-se aqui<\/a><\/p>\n","protected":false},"excerpt":{"rendered":"<p>Um dia ap\u00f3s completar 18 anos de idade, o velocista Luca Hoek Le General quebrou o seu pr\u00f3prio recorde nacional absoluto da Espanha ao vencer a prova dos 50m nado livre no Campeonato Espanhol de Inverno em Sabadell. Hoek venceu a prova com 21.93 superando seus 21.99 feitos no ano passado no Campeonato Europeu J\u00fanior. [&hellip;]<\/p>\n","protected":false},"author":12,"featured_media":80373,"comment_status":"open","ping_status":"open","sticky":false,"template":"","format":"gallery","meta":{"footnotes":""},"categories":[137],"tags":[1634,6854,5],"class_list":["post-80372","post","type-post","status-publish","format-gallery","has-post-thumbnail","hentry","category-natacao","tag-espanha","tag-luca-hoek-le-general","tag-natacao","post_format-post-format-gallery"],"yoast_head":"<!-- This site is optimized with the Yoast SEO plugin v27.0 - https:\/\/yoast.com\/product\/yoast-seo-wordpress\/ -->\n<title>Luca Hoek, o jovem velocista espanhol quebra novamente o recorde nacional - Swimchannel<\/title>\n<meta name=\"robots\" content=\"index, follow, max-snippet:-1, max-image-preview:large, max-video-preview:-1\" \/>\n<link rel=\"canonical\" href=\"https:\/\/swimchannel.net\/br\/luca-hoek-o-jovem-velocista-espanhol-quebra-novamente-o-recorde-nacional\/\" \/>\n<meta property=\"og:locale\" content=\"pt_BR\" \/>\n<meta property=\"og:type\" content=\"article\" \/>\n<meta property=\"og:title\" content=\"Luca Hoek, o jovem velocista espanhol quebra novamente o recorde nacional - Swimchannel\" \/>\n<meta property=\"og:description\" content=\"Um dia ap\u00f3s completar 18 anos de idade, o velocista Luca Hoek Le General quebrou o seu pr\u00f3prio recorde nacional absoluto da Espanha ao vencer a prova dos 50m nado livre no Campeonato Espanhol de Inverno em Sabadell. Hoek venceu a prova com 21.93 superando seus 21.99 feitos no ano passado no Campeonato Europeu J\u00fanior. [&hellip;]\" \/>\n<meta property=\"og:url\" content=\"https:\/\/swimchannel.net\/br\/luca-hoek-o-jovem-velocista-espanhol-quebra-novamente-o-recorde-nacional\/\" \/>\n<meta property=\"og:site_name\" content=\"Swimchannel\" \/>\n<meta property=\"article:publisher\" content=\"https:\/\/www.facebook.com\/swimchannel\" \/>\n<meta property=\"article:published_time\" content=\"2026-03-15T12:00:32+00:00\" \/>\n<meta property=\"og:image\" content=\"https:\/\/swimchannel.net\/br\/wp-content\/uploads\/2026\/03\/17535435189104.jpg\" \/>\n\t<meta property=\"og:image:width\" content=\"945\" \/>\n\t<meta property=\"og:image:height\" content=\"630\" \/>\n\t<meta property=\"og:image:type\" content=\"image\/jpeg\" \/>\n<meta name=\"author\" content=\"Alex Pussieldi\" \/>\n<meta name=\"twitter:card\" content=\"summary_large_image\" \/>\n<meta name=\"twitter:label1\" content=\"Escrito por\" \/>\n\t<meta name=\"twitter:data1\" content=\"Alex Pussieldi\" \/>\n\t<meta name=\"twitter:label2\" content=\"Est. tempo de leitura\" \/>\n\t<meta name=\"twitter:data2\" content=\"1 minuto\" \/>\n<script type=\"application\/ld+json\" class=\"yoast-schema-graph\">{\"@context\":\"https:\/\/schema.org\",\"@graph\":[{\"@type\":\"Article\",\"@id\":\"https:\/\/swimchannel.net\/br\/luca-hoek-o-jovem-velocista-espanhol-quebra-novamente-o-recorde-nacional\/#article\",\"isPartOf\":{\"@id\":\"https:\/\/swimchannel.net\/br\/luca-hoek-o-jovem-velocista-espanhol-quebra-novamente-o-recorde-nacional\/\"},\"author\":{\"name\":\"Alex Pussieldi\",\"@id\":\"https:\/\/swimchannel.net\/br\/#\/schema\/person\/cf549cb99cf75592fcf7c76213385e63\"},\"headline\":\"Luca Hoek, o jovem velocista espanhol quebra novamente o recorde nacional\",\"datePublished\":\"2026-03-15T12:00:32+00:00\",\"mainEntityOfPage\":{\"@id\":\"https:\/\/swimchannel.net\/br\/luca-hoek-o-jovem-velocista-espanhol-quebra-novamente-o-recorde-nacional\/\"},\"wordCount\":130,\"commentCount\":0,\"publisher\":{\"@id\":\"https:\/\/swimchannel.net\/br\/#organization\"},\"image\":{\"@id\":\"https:\/\/swimchannel.net\/br\/luca-hoek-o-jovem-velocista-espanhol-quebra-novamente-o-recorde-nacional\/#primaryimage\"},\"thumbnailUrl\":\"https:\/\/swimchannel.net\/br\/wp-content\/uploads\/2026\/03\/17535435189104.jpg\",\"keywords\":[\"Espanha\",\"Luca Hoek Le General\",\"natacao\"],\"articleSection\":[\"Nata\u00e7\u00e3o\"],\"inLanguage\":\"pt-BR\",\"potentialAction\":[{\"@type\":\"CommentAction\",\"name\":\"Comment\",\"target\":[\"https:\/\/swimchannel.net\/br\/luca-hoek-o-jovem-velocista-espanhol-quebra-novamente-o-recorde-nacional\/#respond\"]}]},{\"@type\":\"WebPage\",\"@id\":\"https:\/\/swimchannel.net\/br\/luca-hoek-o-jovem-velocista-espanhol-quebra-novamente-o-recorde-nacional\/\",\"url\":\"https:\/\/swimchannel.net\/br\/luca-hoek-o-jovem-velocista-espanhol-quebra-novamente-o-recorde-nacional\/\",\"name\":\"Luca Hoek, o jovem velocista espanhol quebra novamente o recorde nacional - Swimchannel\",\"isPartOf\":{\"@id\":\"https:\/\/swimchannel.net\/br\/#website\"},\"primaryImageOfPage\":{\"@id\":\"https:\/\/swimchannel.net\/br\/luca-hoek-o-jovem-velocista-espanhol-quebra-novamente-o-recorde-nacional\/#primaryimage\"},\"image\":{\"@id\":\"https:\/\/swimchannel.net\/br\/luca-hoek-o-jovem-velocista-espanhol-quebra-novamente-o-recorde-nacional\/#primaryimage\"},\"thumbnailUrl\":\"https:\/\/swimchannel.net\/br\/wp-content\/uploads\/2026\/03\/17535435189104.jpg\",\"datePublished\":\"2026-03-15T12:00:32+00:00\",\"breadcrumb\":{\"@id\":\"https:\/\/swimchannel.net\/br\/luca-hoek-o-jovem-velocista-espanhol-quebra-novamente-o-recorde-nacional\/#breadcrumb\"},\"inLanguage\":\"pt-BR\",\"potentialAction\":[{\"@type\":\"ReadAction\",\"target\":[\"https:\/\/swimchannel.net\/br\/luca-hoek-o-jovem-velocista-espanhol-quebra-novamente-o-recorde-nacional\/\"]}]},{\"@type\":\"ImageObject\",\"inLanguage\":\"pt-BR\",\"@id\":\"https:\/\/swimchannel.net\/br\/luca-hoek-o-jovem-velocista-espanhol-quebra-novamente-o-recorde-nacional\/#primaryimage\",\"url\":\"https:\/\/swimchannel.net\/br\/wp-content\/uploads\/2026\/03\/17535435189104.jpg\",\"contentUrl\":\"https:\/\/swimchannel.net\/br\/wp-content\/uploads\/2026\/03\/17535435189104.jpg\",\"width\":945,\"height\":630,\"caption\":\"Luca Hoek Le General - Foto: Rafa Babot\"},{\"@type\":\"BreadcrumbList\",\"@id\":\"https:\/\/swimchannel.net\/br\/luca-hoek-o-jovem-velocista-espanhol-quebra-novamente-o-recorde-nacional\/#breadcrumb\",\"itemListElement\":[{\"@type\":\"ListItem\",\"position\":1,\"name\":\"Home\",\"item\":\"https:\/\/swimchannel.net\/br\/\"},{\"@type\":\"ListItem\",\"position\":2,\"name\":\"Luca Hoek, o jovem velocista espanhol quebra novamente o recorde nacional\"}]},{\"@type\":\"WebSite\",\"@id\":\"https:\/\/swimchannel.net\/br\/#website\",\"url\":\"https:\/\/swimchannel.net\/br\/\",\"name\":\"Swimchannel\",\"description\":\"Maior portal de nata\u00e7\u00e3o da america latina\",\"publisher\":{\"@id\":\"https:\/\/swimchannel.net\/br\/#organization\"},\"potentialAction\":[{\"@type\":\"SearchAction\",\"target\":{\"@type\":\"EntryPoint\",\"urlTemplate\":\"https:\/\/swimchannel.net\/br\/?s={search_term_string}\"},\"query-input\":{\"@type\":\"PropertyValueSpecification\",\"valueRequired\":true,\"valueName\":\"search_term_string\"}}],\"inLanguage\":\"pt-BR\"},{\"@type\":\"Organization\",\"@id\":\"https:\/\/swimchannel.net\/br\/#organization\",\"name\":\"Swimchannel - Conectando voc\u00ea a Nata\u00e7\u00e3o\",\"url\":\"https:\/\/swimchannel.net\/br\/\",\"logo\":{\"@type\":\"ImageObject\",\"inLanguage\":\"pt-BR\",\"@id\":\"https:\/\/swimchannel.net\/br\/#\/schema\/logo\/image\/\",\"url\":\"https:\/\/swimchannel.net\/br\/wp-content\/uploads\/2026\/02\/SWIM-CHANNEL.png\",\"contentUrl\":\"https:\/\/swimchannel.net\/br\/wp-content\/uploads\/2026\/02\/SWIM-CHANNEL.png\",\"width\":1120,\"height\":630,\"caption\":\"Swimchannel - Conectando voc\u00ea a Nata\u00e7\u00e3o\"},\"image\":{\"@id\":\"https:\/\/swimchannel.net\/br\/#\/schema\/logo\/image\/\"},\"sameAs\":[\"https:\/\/www.facebook.com\/swimchannel\",\"https:\/\/www.instagram.com\/swimchannel\"]},{\"@type\":\"Person\",\"@id\":\"https:\/\/swimchannel.net\/br\/#\/schema\/person\/cf549cb99cf75592fcf7c76213385e63\",\"name\":\"Alex Pussieldi\",\"image\":{\"@type\":\"ImageObject\",\"inLanguage\":\"pt-BR\",\"@id\":\"https:\/\/swimchannel.net\/br\/#\/schema\/person\/image\/\",\"url\":\"https:\/\/swimchannel.net\/br\/wp-content\/uploads\/2021\/02\/9b1c252d-a4bd-4eda-b399-24565cac4114-100x100.jpg\",\"contentUrl\":\"https:\/\/swimchannel.net\/br\/wp-content\/uploads\/2021\/02\/9b1c252d-a4bd-4eda-b399-24565cac4114-100x100.jpg\",\"caption\":\"Alex Pussieldi\"},\"description\":\"Alexandre Pussieldi, apelidado de \u201ccoach\u201d, Foi t\u00e9cnico da sele\u00e7\u00e3o verde e amarela nas Olimp\u00edadas de Pequim-2008 e Londres-2012. O treinador ainda comandou outros quatro pa\u00edses: Kuwait, Paraguai, Aruba e Antilhas Holandesas, al\u00e9m da sele\u00e7\u00e3o americana de \u00e1guas abertas. Pussieldi tem passagens como comentarista de nata\u00e7\u00e3o do Grupo Globo e Swim Channel.\",\"url\":\"https:\/\/swimchannel.net\/br\/author\/alexpussieldi\/\"}]}<\/script>\n<!-- \/ Yoast SEO plugin. -->","yoast_head_json":{"title":"Luca Hoek, o jovem velocista espanhol quebra novamente o recorde nacional - Swimchannel","robots":{"index":"index","follow":"follow","max-snippet":"max-snippet:-1","max-image-preview":"max-image-preview:large","max-video-preview":"max-video-preview:-1"},"canonical":"https:\/\/swimchannel.net\/br\/luca-hoek-o-jovem-velocista-espanhol-quebra-novamente-o-recorde-nacional\/","og_locale":"pt_BR","og_type":"article","og_title":"Luca Hoek, o jovem velocista espanhol quebra novamente o recorde nacional - Swimchannel","og_description":"Um dia ap\u00f3s completar 18 anos de idade, o velocista Luca Hoek Le General quebrou o seu pr\u00f3prio recorde nacional absoluto da Espanha ao vencer a prova dos 50m nado livre no Campeonato Espanhol de Inverno em Sabadell. Hoek venceu a prova com 21.93 superando seus 21.99 feitos no ano passado no Campeonato Europeu J\u00fanior. [&hellip;]","og_url":"https:\/\/swimchannel.net\/br\/luca-hoek-o-jovem-velocista-espanhol-quebra-novamente-o-recorde-nacional\/","og_site_name":"Swimchannel","article_publisher":"https:\/\/www.facebook.com\/swimchannel","article_published_time":"2026-03-15T12:00:32+00:00","og_image":[{"width":945,"height":630,"url":"https:\/\/swimchannel.net\/br\/wp-content\/uploads\/2026\/03\/17535435189104.jpg","type":"image\/jpeg"}],"author":"Alex Pussieldi","twitter_card":"summary_large_image","twitter_misc":{"Escrito por":"Alex Pussieldi","Est. tempo de leitura":"1 minuto"},"schema":{"@context":"https:\/\/schema.org","@graph":[{"@type":"Article","@id":"https:\/\/swimchannel.net\/br\/luca-hoek-o-jovem-velocista-espanhol-quebra-novamente-o-recorde-nacional\/#article","isPartOf":{"@id":"https:\/\/swimchannel.net\/br\/luca-hoek-o-jovem-velocista-espanhol-quebra-novamente-o-recorde-nacional\/"},"author":{"name":"Alex Pussieldi","@id":"https:\/\/swimchannel.net\/br\/#\/schema\/person\/cf549cb99cf75592fcf7c76213385e63"},"headline":"Luca Hoek, o jovem velocista espanhol quebra novamente o recorde nacional","datePublished":"2026-03-15T12:00:32+00:00","mainEntityOfPage":{"@id":"https:\/\/swimchannel.net\/br\/luca-hoek-o-jovem-velocista-espanhol-quebra-novamente-o-recorde-nacional\/"},"wordCount":130,"commentCount":0,"publisher":{"@id":"https:\/\/swimchannel.net\/br\/#organization"},"image":{"@id":"https:\/\/swimchannel.net\/br\/luca-hoek-o-jovem-velocista-espanhol-quebra-novamente-o-recorde-nacional\/#primaryimage"},"thumbnailUrl":"https:\/\/swimchannel.net\/br\/wp-content\/uploads\/2026\/03\/17535435189104.jpg","keywords":["Espanha","Luca Hoek Le General","natacao"],"articleSection":["Nata\u00e7\u00e3o"],"inLanguage":"pt-BR","potentialAction":[{"@type":"CommentAction","name":"Comment","target":["https:\/\/swimchannel.net\/br\/luca-hoek-o-jovem-velocista-espanhol-quebra-novamente-o-recorde-nacional\/#respond"]}]},{"@type":"WebPage","@id":"https:\/\/swimchannel.net\/br\/luca-hoek-o-jovem-velocista-espanhol-quebra-novamente-o-recorde-nacional\/","url":"https:\/\/swimchannel.net\/br\/luca-hoek-o-jovem-velocista-espanhol-quebra-novamente-o-recorde-nacional\/","name":"Luca Hoek, o jovem velocista espanhol quebra novamente o recorde nacional - Swimchannel","isPartOf":{"@id":"https:\/\/swimchannel.net\/br\/#website"},"primaryImageOfPage":{"@id":"https:\/\/swimchannel.net\/br\/luca-hoek-o-jovem-velocista-espanhol-quebra-novamente-o-recorde-nacional\/#primaryimage"},"image":{"@id":"https:\/\/swimchannel.net\/br\/luca-hoek-o-jovem-velocista-espanhol-quebra-novamente-o-recorde-nacional\/#primaryimage"},"thumbnailUrl":"https:\/\/swimchannel.net\/br\/wp-content\/uploads\/2026\/03\/17535435189104.jpg","datePublished":"2026-03-15T12:00:32+00:00","breadcrumb":{"@id":"https:\/\/swimchannel.net\/br\/luca-hoek-o-jovem-velocista-espanhol-quebra-novamente-o-recorde-nacional\/#breadcrumb"},"inLanguage":"pt-BR","potentialAction":[{"@type":"ReadAction","target":["https:\/\/swimchannel.net\/br\/luca-hoek-o-jovem-velocista-espanhol-quebra-novamente-o-recorde-nacional\/"]}]},{"@type":"ImageObject","inLanguage":"pt-BR","@id":"https:\/\/swimchannel.net\/br\/luca-hoek-o-jovem-velocista-espanhol-quebra-novamente-o-recorde-nacional\/#primaryimage","url":"https:\/\/swimchannel.net\/br\/wp-content\/uploads\/2026\/03\/17535435189104.jpg","contentUrl":"https:\/\/swimchannel.net\/br\/wp-content\/uploads\/2026\/03\/17535435189104.jpg","width":945,"height":630,"caption":"Luca Hoek Le General - Foto: Rafa Babot"},{"@type":"BreadcrumbList","@id":"https:\/\/swimchannel.net\/br\/luca-hoek-o-jovem-velocista-espanhol-quebra-novamente-o-recorde-nacional\/#breadcrumb","itemListElement":[{"@type":"ListItem","position":1,"name":"Home","item":"https:\/\/swimchannel.net\/br\/"},{"@type":"ListItem","position":2,"name":"Luca Hoek, o jovem velocista espanhol quebra novamente o recorde nacional"}]},{"@type":"WebSite","@id":"https:\/\/swimchannel.net\/br\/#website","url":"https:\/\/swimchannel.net\/br\/","name":"Swimchannel","description":"Maior portal de nata\u00e7\u00e3o da america latina","publisher":{"@id":"https:\/\/swimchannel.net\/br\/#organization"},"potentialAction":[{"@type":"SearchAction","target":{"@type":"EntryPoint","urlTemplate":"https:\/\/swimchannel.net\/br\/?s={search_term_string}"},"query-input":{"@type":"PropertyValueSpecification","valueRequired":true,"valueName":"search_term_string"}}],"inLanguage":"pt-BR"},{"@type":"Organization","@id":"https:\/\/swimchannel.net\/br\/#organization","name":"Swimchannel - Conectando voc\u00ea a Nata\u00e7\u00e3o","url":"https:\/\/swimchannel.net\/br\/","logo":{"@type":"ImageObject","inLanguage":"pt-BR","@id":"https:\/\/swimchannel.net\/br\/#\/schema\/logo\/image\/","url":"https:\/\/swimchannel.net\/br\/wp-content\/uploads\/2026\/02\/SWIM-CHANNEL.png","contentUrl":"https:\/\/swimchannel.net\/br\/wp-content\/uploads\/2026\/02\/SWIM-CHANNEL.png","width":1120,"height":630,"caption":"Swimchannel - Conectando voc\u00ea a Nata\u00e7\u00e3o"},"image":{"@id":"https:\/\/swimchannel.net\/br\/#\/schema\/logo\/image\/"},"sameAs":["https:\/\/www.facebook.com\/swimchannel","https:\/\/www.instagram.com\/swimchannel"]},{"@type":"Person","@id":"https:\/\/swimchannel.net\/br\/#\/schema\/person\/cf549cb99cf75592fcf7c76213385e63","name":"Alex Pussieldi","image":{"@type":"ImageObject","inLanguage":"pt-BR","@id":"https:\/\/swimchannel.net\/br\/#\/schema\/person\/image\/","url":"https:\/\/swimchannel.net\/br\/wp-content\/uploads\/2021\/02\/9b1c252d-a4bd-4eda-b399-24565cac4114-100x100.jpg","contentUrl":"https:\/\/swimchannel.net\/br\/wp-content\/uploads\/2021\/02\/9b1c252d-a4bd-4eda-b399-24565cac4114-100x100.jpg","caption":"Alex Pussieldi"},"description":"Alexandre Pussieldi, apelidado de \u201ccoach\u201d, Foi t\u00e9cnico da sele\u00e7\u00e3o verde e amarela nas Olimp\u00edadas de Pequim-2008 e Londres-2012. O treinador ainda comandou outros quatro pa\u00edses: Kuwait, Paraguai, Aruba e Antilhas Holandesas, al\u00e9m da sele\u00e7\u00e3o americana de \u00e1guas abertas. Pussieldi tem passagens como comentarista de nata\u00e7\u00e3o do Grupo Globo e Swim Channel.","url":"https:\/\/swimchannel.net\/br\/author\/alexpussieldi\/"}]}},"_links":{"self":[{"href":"https:\/\/swimchannel.net\/br\/wp-json\/wp\/v2\/posts\/80372","targetHints":{"allow":["GET"]}}],"collection":[{"href":"https:\/\/swimchannel.net\/br\/wp-json\/wp\/v2\/posts"}],"about":[{"href":"https:\/\/swimchannel.net\/br\/wp-json\/wp\/v2\/types\/post"}],"author":[{"embeddable":true,"href":"https:\/\/swimchannel.net\/br\/wp-json\/wp\/v2\/users\/12"}],"replies":[{"embeddable":true,"href":"https:\/\/swimchannel.net\/br\/wp-json\/wp\/v2\/comments?post=80372"}],"version-history":[{"count":1,"href":"https:\/\/swimchannel.net\/br\/wp-json\/wp\/v2\/posts\/80372\/revisions"}],"predecessor-version":[{"id":80374,"href":"https:\/\/swimchannel.net\/br\/wp-json\/wp\/v2\/posts\/80372\/revisions\/80374"}],"wp:featuredmedia":[{"embeddable":true,"href":"https:\/\/swimchannel.net\/br\/wp-json\/wp\/v2\/media\/80373"}],"wp:attachment":[{"href":"https:\/\/swimchannel.net\/br\/wp-json\/wp\/v2\/media?parent=80372"}],"wp:term":[{"taxonomy":"category","embeddable":true,"href":"https:\/\/swimchannel.net\/br\/wp-json\/wp\/v2\/categories?post=80372"},{"taxonomy":"post_tag","embeddable":true,"href":"https:\/\/swimchannel.net\/br\/wp-json\/wp\/v2\/tags?post=80372"}],"curies":[{"name":"wp","href":"https:\/\/api.w.org\/{rel}","templated":true}]}}