{"id":80446,"date":"2026-03-16T13:30:38","date_gmt":"2026-03-16T16:30:38","guid":{"rendered":"https:\/\/swimchannel.net\/br\/?p=80446"},"modified":"2026-03-16T13:44:21","modified_gmt":"2026-03-16T16:44:21","slug":"selecao-brasileira-paralimpica-conquista-dez-medalhas-na-world-series","status":"publish","type":"post","link":"https:\/\/swimchannel.net\/br\/selecao-brasileira-paralimpica-conquista-dez-medalhas-na-world-series\/","title":{"rendered":"Sele\u00e7\u00e3o brasileira paral\u00edmpica conquista dez medalhas na World Series"},"content":{"rendered":"<p>A nata\u00e7\u00e3o paral\u00edmpica do Brasil estreou no circuito mundial da World Series, principal evento internacional anual do Comit\u00ea Paral\u00edmpico Internaciobal (ICP). No evento, que foi realizado na cidade italiana de Lignano Sabbiadoro, a delega\u00e7\u00e3o brasileira conquistou dez medalhas, com destaque para Gabriel Ara\u00fajo que foi cinco vezes ao p\u00f3dio.<\/p>\n<p>O nadador, que est\u00e1 disputando o Pr\u00eamio Laureus 2026, venceu duas vezes na It\u00e1lia na categoria S2, nos 50m costas com 54s60 e nos 150m medley com 3min27s39. Ele ainda conquistou duas medalhas de prata nos 200m livre com 4min04s80\u00a0e nos 50m borboleta com 54s68 e um bronze nos 100m livre com tempo de 2min00s50.<\/p>\n<figure id=\"attachment_80448\" aria-describedby=\"caption-attachment-80448\" style=\"width: 1024px\" class=\"wp-caption alignnone\"><img loading=\"lazy\" decoding=\"async\" class=\"size-full wp-image-80448\" src=\"https:\/\/swimchannel.net\/br\/wp-content\/uploads\/2026\/03\/Gabriel-Araujo_WR3536-1024x683-1.webp\" alt=\"\" width=\"1024\" height=\"683\" srcset=\"https:\/\/swimchannel.net\/br\/wp-content\/uploads\/2026\/03\/Gabriel-Araujo_WR3536-1024x683-1.webp 1024w, https:\/\/swimchannel.net\/br\/wp-content\/uploads\/2026\/03\/Gabriel-Araujo_WR3536-1024x683-1-1012x675.webp 1012w, https:\/\/swimchannel.net\/br\/wp-content\/uploads\/2026\/03\/Gabriel-Araujo_WR3536-1024x683-1-270x180.webp 270w, https:\/\/swimchannel.net\/br\/wp-content\/uploads\/2026\/03\/Gabriel-Araujo_WR3536-1024x683-1-768x512.webp 768w, https:\/\/swimchannel.net\/br\/wp-content\/uploads\/2026\/03\/Gabriel-Araujo_WR3536-1024x683-1-750x500.webp 750w\" sizes=\"auto, (max-width: 1024px) 100vw, 1024px\" \/><figcaption id=\"caption-attachment-80448\" class=\"wp-caption-text\">Gabriel Ara\u00fajo &#8211; Foto: Wander Roberto\/CPB<\/figcaption><\/figure>\n<p>Beatriz Flausino foi outra nadadora que conquistou uma medalha de ouro na etapa italiana. A vit\u00f3ria veio nos 100m peito classe S14 com o tempo de 1min13s25. Beatriz tamb\u00e9m foi bronze nos 200m livre com 2min32s13. Alessandra Oliveira tamb\u00e9m conquistou duas medalhas na classe S5, sendo prata nos 100m peito com 1min44s42 e 200m medley com 3min47s82. Por fim, Mariana Ribeiro foi prata nos 150m medley S9 com 3min37s63.<\/p>\n<p>Em Lignano Sabbiadoro a sele\u00e7\u00e3o brasileira foi composta por sete nadadores. Os resultados completos da etapa podem ser acessados aqui: <a href=\"https:\/\/www.paralympic.org\/swimming\/world-series-2026\" target=\"_blank\" rel=\"noopener\">https:\/\/www.paralympic.org\/swimming\/world-series-2026<\/a>. O grupo, com exce\u00e7\u00e3o de Gabriel Ara\u00fajo e Thomaz Matera, disputa a etapa de Barcelona da World Series entre os dias 19 e 22 de mar\u00e7o.<\/p>\n<p>&nbsp;<\/p>\n<p>Gostaria de receber as not\u00edcias de nata\u00e7\u00e3o e \u00e1guas abertas no seu email?<\/p>\n<p><a href=\"https:\/\/lpa.nitro.news\/n-GNe\/ultimas-noticias-swim-channel\">Cadastre-se aqui<\/a><\/p>\n","protected":false},"excerpt":{"rendered":"<p>A nata\u00e7\u00e3o paral\u00edmpica do Brasil estreou no circuito mundial da World Series, principal evento internacional anual do Comit\u00ea Paral\u00edmpico Internaciobal (ICP). No evento, que foi realizado na cidade italiana de Lignano Sabbiadoro, a delega\u00e7\u00e3o brasileira conquistou dez medalhas, com destaque para Gabriel Ara\u00fajo que foi cinco vezes ao p\u00f3dio. O nadador, que est\u00e1 disputando o [&hellip;]<\/p>\n","protected":false},"author":3,"featured_media":80448,"comment_status":"open","ping_status":"open","sticky":false,"template":"","format":"gallery","meta":{"footnotes":""},"categories":[56],"tags":[1866,4347,5,127,6356],"class_list":["post-80446","post","type-post","status-publish","format-gallery","has-post-thumbnail","hentry","category-natacao-paralimpica","tag-cpb","tag-gabriel-araujo","tag-natacao","tag-natacao-paralimpica","tag-world-series","post_format-post-format-gallery"],"yoast_head":"<!-- This site is optimized with the Yoast SEO plugin v27.0 - https:\/\/yoast.com\/product\/yoast-seo-wordpress\/ -->\n<title>Sele\u00e7\u00e3o brasileira paral\u00edmpica conquista dez medalhas na World Series - Swimchannel<\/title>\n<meta name=\"robots\" content=\"index, follow, max-snippet:-1, max-image-preview:large, max-video-preview:-1\" \/>\n<link rel=\"canonical\" href=\"https:\/\/swimchannel.net\/br\/selecao-brasileira-paralimpica-conquista-dez-medalhas-na-world-series\/\" \/>\n<meta property=\"og:locale\" content=\"pt_BR\" \/>\n<meta property=\"og:type\" content=\"article\" \/>\n<meta property=\"og:title\" content=\"Sele\u00e7\u00e3o brasileira paral\u00edmpica conquista dez medalhas na World Series - Swimchannel\" \/>\n<meta property=\"og:description\" content=\"A nata\u00e7\u00e3o paral\u00edmpica do Brasil estreou no circuito mundial da World Series, principal evento internacional anual do Comit\u00ea Paral\u00edmpico Internaciobal (ICP). No evento, que foi realizado na cidade italiana de Lignano Sabbiadoro, a delega\u00e7\u00e3o brasileira conquistou dez medalhas, com destaque para Gabriel Ara\u00fajo que foi cinco vezes ao p\u00f3dio. O nadador, que est\u00e1 disputando o [&hellip;]\" \/>\n<meta property=\"og:url\" content=\"https:\/\/swimchannel.net\/br\/selecao-brasileira-paralimpica-conquista-dez-medalhas-na-world-series\/\" \/>\n<meta property=\"og:site_name\" content=\"Swimchannel\" \/>\n<meta property=\"article:publisher\" content=\"https:\/\/www.facebook.com\/swimchannel\" \/>\n<meta property=\"article:published_time\" content=\"2026-03-16T16:30:38+00:00\" \/>\n<meta property=\"article:modified_time\" content=\"2026-03-16T16:44:21+00:00\" \/>\n<meta property=\"og:image\" content=\"https:\/\/swimchannel.net\/br\/wp-content\/uploads\/2026\/03\/Gabriel-Araujo_WR3536-1024x683-1.webp\" \/>\n\t<meta property=\"og:image:width\" content=\"1024\" \/>\n\t<meta property=\"og:image:height\" content=\"683\" \/>\n\t<meta property=\"og:image:type\" content=\"image\/webp\" \/>\n<meta name=\"author\" content=\"Guilherme Freitas\" \/>\n<meta name=\"twitter:card\" content=\"summary_large_image\" \/>\n<meta name=\"twitter:label1\" content=\"Escrito por\" \/>\n\t<meta name=\"twitter:data1\" content=\"Guilherme Freitas\" \/>\n\t<meta name=\"twitter:label2\" content=\"Est. tempo de leitura\" \/>\n\t<meta name=\"twitter:data2\" content=\"2 minutos\" \/>\n<script type=\"application\/ld+json\" class=\"yoast-schema-graph\">{\"@context\":\"https:\/\/schema.org\",\"@graph\":[{\"@type\":\"Article\",\"@id\":\"https:\/\/swimchannel.net\/br\/selecao-brasileira-paralimpica-conquista-dez-medalhas-na-world-series\/#article\",\"isPartOf\":{\"@id\":\"https:\/\/swimchannel.net\/br\/selecao-brasileira-paralimpica-conquista-dez-medalhas-na-world-series\/\"},\"author\":{\"name\":\"Guilherme Freitas\",\"@id\":\"https:\/\/swimchannel.net\/br\/#\/schema\/person\/aa2a63bab3275f53749a83276b213c48\"},\"headline\":\"Sele\u00e7\u00e3o brasileira paral\u00edmpica conquista dez medalhas na World Series\",\"datePublished\":\"2026-03-16T16:30:38+00:00\",\"dateModified\":\"2026-03-16T16:44:21+00:00\",\"mainEntityOfPage\":{\"@id\":\"https:\/\/swimchannel.net\/br\/selecao-brasileira-paralimpica-conquista-dez-medalhas-na-world-series\/\"},\"wordCount\":290,\"commentCount\":0,\"publisher\":{\"@id\":\"https:\/\/swimchannel.net\/br\/#organization\"},\"image\":{\"@id\":\"https:\/\/swimchannel.net\/br\/selecao-brasileira-paralimpica-conquista-dez-medalhas-na-world-series\/#primaryimage\"},\"thumbnailUrl\":\"https:\/\/swimchannel.net\/br\/wp-content\/uploads\/2026\/03\/Gabriel-Araujo_WR3536-1024x683-1.webp\",\"keywords\":[\"CPB\",\"Gabriel Ara\u00fajo\",\"natacao\",\"nata\u00e7\u00e3o paral\u00edmpica\",\"World Series\"],\"articleSection\":[\"Nata\u00e7\u00e3o Paral\u00edmpica\"],\"inLanguage\":\"pt-BR\",\"potentialAction\":[{\"@type\":\"CommentAction\",\"name\":\"Comment\",\"target\":[\"https:\/\/swimchannel.net\/br\/selecao-brasileira-paralimpica-conquista-dez-medalhas-na-world-series\/#respond\"]}]},{\"@type\":\"WebPage\",\"@id\":\"https:\/\/swimchannel.net\/br\/selecao-brasileira-paralimpica-conquista-dez-medalhas-na-world-series\/\",\"url\":\"https:\/\/swimchannel.net\/br\/selecao-brasileira-paralimpica-conquista-dez-medalhas-na-world-series\/\",\"name\":\"Sele\u00e7\u00e3o brasileira paral\u00edmpica conquista dez medalhas na World Series - Swimchannel\",\"isPartOf\":{\"@id\":\"https:\/\/swimchannel.net\/br\/#website\"},\"primaryImageOfPage\":{\"@id\":\"https:\/\/swimchannel.net\/br\/selecao-brasileira-paralimpica-conquista-dez-medalhas-na-world-series\/#primaryimage\"},\"image\":{\"@id\":\"https:\/\/swimchannel.net\/br\/selecao-brasileira-paralimpica-conquista-dez-medalhas-na-world-series\/#primaryimage\"},\"thumbnailUrl\":\"https:\/\/swimchannel.net\/br\/wp-content\/uploads\/2026\/03\/Gabriel-Araujo_WR3536-1024x683-1.webp\",\"datePublished\":\"2026-03-16T16:30:38+00:00\",\"dateModified\":\"2026-03-16T16:44:21+00:00\",\"breadcrumb\":{\"@id\":\"https:\/\/swimchannel.net\/br\/selecao-brasileira-paralimpica-conquista-dez-medalhas-na-world-series\/#breadcrumb\"},\"inLanguage\":\"pt-BR\",\"potentialAction\":[{\"@type\":\"ReadAction\",\"target\":[\"https:\/\/swimchannel.net\/br\/selecao-brasileira-paralimpica-conquista-dez-medalhas-na-world-series\/\"]}]},{\"@type\":\"ImageObject\",\"inLanguage\":\"pt-BR\",\"@id\":\"https:\/\/swimchannel.net\/br\/selecao-brasileira-paralimpica-conquista-dez-medalhas-na-world-series\/#primaryimage\",\"url\":\"https:\/\/swimchannel.net\/br\/wp-content\/uploads\/2026\/03\/Gabriel-Araujo_WR3536-1024x683-1.webp\",\"contentUrl\":\"https:\/\/swimchannel.net\/br\/wp-content\/uploads\/2026\/03\/Gabriel-Araujo_WR3536-1024x683-1.webp\",\"width\":1024,\"height\":683,\"caption\":\"Gabriel Ara\u00fajo - Foto: Wander Roberto\/CPB\"},{\"@type\":\"BreadcrumbList\",\"@id\":\"https:\/\/swimchannel.net\/br\/selecao-brasileira-paralimpica-conquista-dez-medalhas-na-world-series\/#breadcrumb\",\"itemListElement\":[{\"@type\":\"ListItem\",\"position\":1,\"name\":\"Home\",\"item\":\"https:\/\/swimchannel.net\/br\/\"},{\"@type\":\"ListItem\",\"position\":2,\"name\":\"Sele\u00e7\u00e3o brasileira paral\u00edmpica conquista dez medalhas na World Series\"}]},{\"@type\":\"WebSite\",\"@id\":\"https:\/\/swimchannel.net\/br\/#website\",\"url\":\"https:\/\/swimchannel.net\/br\/\",\"name\":\"Swimchannel\",\"description\":\"Maior portal de nata\u00e7\u00e3o da america latina\",\"publisher\":{\"@id\":\"https:\/\/swimchannel.net\/br\/#organization\"},\"potentialAction\":[{\"@type\":\"SearchAction\",\"target\":{\"@type\":\"EntryPoint\",\"urlTemplate\":\"https:\/\/swimchannel.net\/br\/?s={search_term_string}\"},\"query-input\":{\"@type\":\"PropertyValueSpecification\",\"valueRequired\":true,\"valueName\":\"search_term_string\"}}],\"inLanguage\":\"pt-BR\"},{\"@type\":\"Organization\",\"@id\":\"https:\/\/swimchannel.net\/br\/#organization\",\"name\":\"Swimchannel - Conectando voc\u00ea a Nata\u00e7\u00e3o\",\"url\":\"https:\/\/swimchannel.net\/br\/\",\"logo\":{\"@type\":\"ImageObject\",\"inLanguage\":\"pt-BR\",\"@id\":\"https:\/\/swimchannel.net\/br\/#\/schema\/logo\/image\/\",\"url\":\"https:\/\/swimchannel.net\/br\/wp-content\/uploads\/2026\/02\/SWIM-CHANNEL.png\",\"contentUrl\":\"https:\/\/swimchannel.net\/br\/wp-content\/uploads\/2026\/02\/SWIM-CHANNEL.png\",\"width\":1120,\"height\":630,\"caption\":\"Swimchannel - Conectando voc\u00ea a Nata\u00e7\u00e3o\"},\"image\":{\"@id\":\"https:\/\/swimchannel.net\/br\/#\/schema\/logo\/image\/\"},\"sameAs\":[\"https:\/\/www.facebook.com\/swimchannel\",\"https:\/\/www.instagram.com\/swimchannel\"]},{\"@type\":\"Person\",\"@id\":\"https:\/\/swimchannel.net\/br\/#\/schema\/person\/aa2a63bab3275f53749a83276b213c48\",\"name\":\"Guilherme Freitas\",\"image\":{\"@type\":\"ImageObject\",\"inLanguage\":\"pt-BR\",\"@id\":\"https:\/\/swimchannel.net\/br\/#\/schema\/person\/image\/\",\"url\":\"https:\/\/swimchannel.net\/br\/wp-content\/uploads\/2025\/10\/gui22-193x180.png\",\"contentUrl\":\"https:\/\/swimchannel.net\/br\/wp-content\/uploads\/2025\/10\/gui22-193x180.png\",\"caption\":\"Guilherme Freitas\"},\"description\":\"Jornalista s\u00eanior da SWIM CHANNEL, ex-correspondente da FINA no Brasil e pesquisador acad\u00eamico.\",\"sameAs\":[\"instagram.com\/guifreitas86\"],\"url\":\"https:\/\/swimchannel.net\/br\/author\/guilherme-freitas\/\"}]}<\/script>\n<!-- \/ Yoast SEO plugin. -->","yoast_head_json":{"title":"Sele\u00e7\u00e3o brasileira paral\u00edmpica conquista dez medalhas na World Series - Swimchannel","robots":{"index":"index","follow":"follow","max-snippet":"max-snippet:-1","max-image-preview":"max-image-preview:large","max-video-preview":"max-video-preview:-1"},"canonical":"https:\/\/swimchannel.net\/br\/selecao-brasileira-paralimpica-conquista-dez-medalhas-na-world-series\/","og_locale":"pt_BR","og_type":"article","og_title":"Sele\u00e7\u00e3o brasileira paral\u00edmpica conquista dez medalhas na World Series - Swimchannel","og_description":"A nata\u00e7\u00e3o paral\u00edmpica do Brasil estreou no circuito mundial da World Series, principal evento internacional anual do Comit\u00ea Paral\u00edmpico Internaciobal (ICP). No evento, que foi realizado na cidade italiana de Lignano Sabbiadoro, a delega\u00e7\u00e3o brasileira conquistou dez medalhas, com destaque para Gabriel Ara\u00fajo que foi cinco vezes ao p\u00f3dio. O nadador, que est\u00e1 disputando o [&hellip;]","og_url":"https:\/\/swimchannel.net\/br\/selecao-brasileira-paralimpica-conquista-dez-medalhas-na-world-series\/","og_site_name":"Swimchannel","article_publisher":"https:\/\/www.facebook.com\/swimchannel","article_published_time":"2026-03-16T16:30:38+00:00","article_modified_time":"2026-03-16T16:44:21+00:00","og_image":[{"width":1024,"height":683,"url":"https:\/\/swimchannel.net\/br\/wp-content\/uploads\/2026\/03\/Gabriel-Araujo_WR3536-1024x683-1.webp","type":"image\/webp"}],"author":"Guilherme Freitas","twitter_card":"summary_large_image","twitter_misc":{"Escrito por":"Guilherme Freitas","Est. tempo de leitura":"2 minutos"},"schema":{"@context":"https:\/\/schema.org","@graph":[{"@type":"Article","@id":"https:\/\/swimchannel.net\/br\/selecao-brasileira-paralimpica-conquista-dez-medalhas-na-world-series\/#article","isPartOf":{"@id":"https:\/\/swimchannel.net\/br\/selecao-brasileira-paralimpica-conquista-dez-medalhas-na-world-series\/"},"author":{"name":"Guilherme Freitas","@id":"https:\/\/swimchannel.net\/br\/#\/schema\/person\/aa2a63bab3275f53749a83276b213c48"},"headline":"Sele\u00e7\u00e3o brasileira paral\u00edmpica conquista dez medalhas na World Series","datePublished":"2026-03-16T16:30:38+00:00","dateModified":"2026-03-16T16:44:21+00:00","mainEntityOfPage":{"@id":"https:\/\/swimchannel.net\/br\/selecao-brasileira-paralimpica-conquista-dez-medalhas-na-world-series\/"},"wordCount":290,"commentCount":0,"publisher":{"@id":"https:\/\/swimchannel.net\/br\/#organization"},"image":{"@id":"https:\/\/swimchannel.net\/br\/selecao-brasileira-paralimpica-conquista-dez-medalhas-na-world-series\/#primaryimage"},"thumbnailUrl":"https:\/\/swimchannel.net\/br\/wp-content\/uploads\/2026\/03\/Gabriel-Araujo_WR3536-1024x683-1.webp","keywords":["CPB","Gabriel Ara\u00fajo","natacao","nata\u00e7\u00e3o paral\u00edmpica","World Series"],"articleSection":["Nata\u00e7\u00e3o Paral\u00edmpica"],"inLanguage":"pt-BR","potentialAction":[{"@type":"CommentAction","name":"Comment","target":["https:\/\/swimchannel.net\/br\/selecao-brasileira-paralimpica-conquista-dez-medalhas-na-world-series\/#respond"]}]},{"@type":"WebPage","@id":"https:\/\/swimchannel.net\/br\/selecao-brasileira-paralimpica-conquista-dez-medalhas-na-world-series\/","url":"https:\/\/swimchannel.net\/br\/selecao-brasileira-paralimpica-conquista-dez-medalhas-na-world-series\/","name":"Sele\u00e7\u00e3o brasileira paral\u00edmpica conquista dez medalhas na World Series - Swimchannel","isPartOf":{"@id":"https:\/\/swimchannel.net\/br\/#website"},"primaryImageOfPage":{"@id":"https:\/\/swimchannel.net\/br\/selecao-brasileira-paralimpica-conquista-dez-medalhas-na-world-series\/#primaryimage"},"image":{"@id":"https:\/\/swimchannel.net\/br\/selecao-brasileira-paralimpica-conquista-dez-medalhas-na-world-series\/#primaryimage"},"thumbnailUrl":"https:\/\/swimchannel.net\/br\/wp-content\/uploads\/2026\/03\/Gabriel-Araujo_WR3536-1024x683-1.webp","datePublished":"2026-03-16T16:30:38+00:00","dateModified":"2026-03-16T16:44:21+00:00","breadcrumb":{"@id":"https:\/\/swimchannel.net\/br\/selecao-brasileira-paralimpica-conquista-dez-medalhas-na-world-series\/#breadcrumb"},"inLanguage":"pt-BR","potentialAction":[{"@type":"ReadAction","target":["https:\/\/swimchannel.net\/br\/selecao-brasileira-paralimpica-conquista-dez-medalhas-na-world-series\/"]}]},{"@type":"ImageObject","inLanguage":"pt-BR","@id":"https:\/\/swimchannel.net\/br\/selecao-brasileira-paralimpica-conquista-dez-medalhas-na-world-series\/#primaryimage","url":"https:\/\/swimchannel.net\/br\/wp-content\/uploads\/2026\/03\/Gabriel-Araujo_WR3536-1024x683-1.webp","contentUrl":"https:\/\/swimchannel.net\/br\/wp-content\/uploads\/2026\/03\/Gabriel-Araujo_WR3536-1024x683-1.webp","width":1024,"height":683,"caption":"Gabriel Ara\u00fajo - Foto: Wander Roberto\/CPB"},{"@type":"BreadcrumbList","@id":"https:\/\/swimchannel.net\/br\/selecao-brasileira-paralimpica-conquista-dez-medalhas-na-world-series\/#breadcrumb","itemListElement":[{"@type":"ListItem","position":1,"name":"Home","item":"https:\/\/swimchannel.net\/br\/"},{"@type":"ListItem","position":2,"name":"Sele\u00e7\u00e3o brasileira paral\u00edmpica conquista dez medalhas na World Series"}]},{"@type":"WebSite","@id":"https:\/\/swimchannel.net\/br\/#website","url":"https:\/\/swimchannel.net\/br\/","name":"Swimchannel","description":"Maior portal de nata\u00e7\u00e3o da america latina","publisher":{"@id":"https:\/\/swimchannel.net\/br\/#organization"},"potentialAction":[{"@type":"SearchAction","target":{"@type":"EntryPoint","urlTemplate":"https:\/\/swimchannel.net\/br\/?s={search_term_string}"},"query-input":{"@type":"PropertyValueSpecification","valueRequired":true,"valueName":"search_term_string"}}],"inLanguage":"pt-BR"},{"@type":"Organization","@id":"https:\/\/swimchannel.net\/br\/#organization","name":"Swimchannel - Conectando voc\u00ea a Nata\u00e7\u00e3o","url":"https:\/\/swimchannel.net\/br\/","logo":{"@type":"ImageObject","inLanguage":"pt-BR","@id":"https:\/\/swimchannel.net\/br\/#\/schema\/logo\/image\/","url":"https:\/\/swimchannel.net\/br\/wp-content\/uploads\/2026\/02\/SWIM-CHANNEL.png","contentUrl":"https:\/\/swimchannel.net\/br\/wp-content\/uploads\/2026\/02\/SWIM-CHANNEL.png","width":1120,"height":630,"caption":"Swimchannel - Conectando voc\u00ea a Nata\u00e7\u00e3o"},"image":{"@id":"https:\/\/swimchannel.net\/br\/#\/schema\/logo\/image\/"},"sameAs":["https:\/\/www.facebook.com\/swimchannel","https:\/\/www.instagram.com\/swimchannel"]},{"@type":"Person","@id":"https:\/\/swimchannel.net\/br\/#\/schema\/person\/aa2a63bab3275f53749a83276b213c48","name":"Guilherme Freitas","image":{"@type":"ImageObject","inLanguage":"pt-BR","@id":"https:\/\/swimchannel.net\/br\/#\/schema\/person\/image\/","url":"https:\/\/swimchannel.net\/br\/wp-content\/uploads\/2025\/10\/gui22-193x180.png","contentUrl":"https:\/\/swimchannel.net\/br\/wp-content\/uploads\/2025\/10\/gui22-193x180.png","caption":"Guilherme Freitas"},"description":"Jornalista s\u00eanior da SWIM CHANNEL, ex-correspondente da FINA no Brasil e pesquisador acad\u00eamico.","sameAs":["instagram.com\/guifreitas86"],"url":"https:\/\/swimchannel.net\/br\/author\/guilherme-freitas\/"}]}},"_links":{"self":[{"href":"https:\/\/swimchannel.net\/br\/wp-json\/wp\/v2\/posts\/80446","targetHints":{"allow":["GET"]}}],"collection":[{"href":"https:\/\/swimchannel.net\/br\/wp-json\/wp\/v2\/posts"}],"about":[{"href":"https:\/\/swimchannel.net\/br\/wp-json\/wp\/v2\/types\/post"}],"author":[{"embeddable":true,"href":"https:\/\/swimchannel.net\/br\/wp-json\/wp\/v2\/users\/3"}],"replies":[{"embeddable":true,"href":"https:\/\/swimchannel.net\/br\/wp-json\/wp\/v2\/comments?post=80446"}],"version-history":[{"count":2,"href":"https:\/\/swimchannel.net\/br\/wp-json\/wp\/v2\/posts\/80446\/revisions"}],"predecessor-version":[{"id":80452,"href":"https:\/\/swimchannel.net\/br\/wp-json\/wp\/v2\/posts\/80446\/revisions\/80452"}],"wp:featuredmedia":[{"embeddable":true,"href":"https:\/\/swimchannel.net\/br\/wp-json\/wp\/v2\/media\/80448"}],"wp:attachment":[{"href":"https:\/\/swimchannel.net\/br\/wp-json\/wp\/v2\/media?parent=80446"}],"wp:term":[{"taxonomy":"category","embeddable":true,"href":"https:\/\/swimchannel.net\/br\/wp-json\/wp\/v2\/categories?post=80446"},{"taxonomy":"post_tag","embeddable":true,"href":"https:\/\/swimchannel.net\/br\/wp-json\/wp\/v2\/tags?post=80446"}],"curies":[{"name":"wp","href":"https:\/\/api.w.org\/{rel}","templated":true}]}}