{"id":81721,"date":"2026-04-26T17:28:53","date_gmt":"2026-04-26T20:28:53","guid":{"rendered":"https:\/\/swimchannel.net\/br\/?p=81721"},"modified":"2026-04-26T17:28:53","modified_gmt":"2026-04-26T20:28:53","slug":"dois-brasileiros-chegam-a-final-do-knockout-3k-na-copa-do-mundo-de-ibiza","status":"publish","type":"post","link":"https:\/\/swimchannel.net\/br\/dois-brasileiros-chegam-a-final-do-knockout-3k-na-copa-do-mundo-de-ibiza\/","title":{"rendered":"Dois brasileiros chegam a final do Knockout 3K na Copa do Mundo de Ibiza"},"content":{"rendered":"<p>Segundo dia de disputas da etapa de Ibiza, na Espanha, da Copa do Mundo de \u00c1guas Abertas, e novamente resultados positivos. Dois nadadores brasileiros chegaram a final do Knockout 3K com Leonardo Brandt Macedo terminando em s\u00e9timo lugar e Victor Moreno em d\u00e9cimo lugar. Os outros dois brasileiros, Matheus Melecchi em 15o e Bernardo Gavioli em 19o chegaram as semifinais.<\/p>\n<p>Campe\u00e3o dos 10K no primeiro dia e atual l\u00edder da Copa do Mundo, o h\u00fangaro David Betlehem foi o vencedor da prova batendo Gregorio Paltrinieri da It\u00e1lia que ficou em segundo lugar e o franc\u00eas Marc Antoine Olivier, em terceiro.<\/p>\n<p>No knockout 3K do feminino deu Moesha Johnson da Austr\u00e1lia, tamb\u00e9m vitoriosa dos 10K no primeiro dia de Ibiza. Lea Boy da Alemanha chegou na segunda coloca\u00e7\u00e3o e a japonesa Ichika Kajimoto em terceiro.<\/p>\n<p>&nbsp;<\/p>\n<p>Gostaria de receber as not\u00edcias de nata\u00e7\u00e3o e \u00e1guas abertas no seu email?<\/p>\n<p><a href=\"https:\/\/lpa.nitro.news\/n-GNe\/ultimas-noticias-swim-channel\">Cadastre-se aqui<\/a><\/p>\n","protected":false},"excerpt":{"rendered":"<p>Segundo dia de disputas da etapa de Ibiza, na Espanha, da Copa do Mundo de \u00c1guas Abertas, e novamente resultados positivos. Dois nadadores brasileiros chegaram a final do Knockout 3K com Leonardo Brandt Macedo terminando em s\u00e9timo lugar e Victor Moreno em d\u00e9cimo lugar. Os outros dois brasileiros, Matheus Melecchi em 15o e Bernardo Gavioli [&hellip;]<\/p>\n","protected":false},"author":12,"featured_media":73710,"comment_status":"open","ping_status":"open","sticky":false,"template":"","format":"gallery","meta":{"footnotes":""},"categories":[115],"tags":[14,6055,5,6819,5101],"class_list":["post-81721","post","type-post","status-publish","format-gallery","has-post-thumbnail","hentry","category-aguas-abertas","tag-aguas-abertas","tag-leonardo-macedo","tag-natacao","tag-victor-moreno","tag-world-aquatics","post_format-post-format-gallery"],"yoast_head":"<!-- This site is optimized with the Yoast SEO plugin v27.0 - https:\/\/yoast.com\/product\/yoast-seo-wordpress\/ -->\n<title>Dois brasileiros chegam a final do Knockout 3K na Copa do Mundo de Ibiza - Swimchannel<\/title>\n<meta name=\"robots\" content=\"index, follow, max-snippet:-1, max-image-preview:large, max-video-preview:-1\" \/>\n<link rel=\"canonical\" href=\"https:\/\/swimchannel.net\/br\/dois-brasileiros-chegam-a-final-do-knockout-3k-na-copa-do-mundo-de-ibiza\/\" \/>\n<meta property=\"og:locale\" content=\"pt_BR\" \/>\n<meta property=\"og:type\" content=\"article\" \/>\n<meta property=\"og:title\" content=\"Dois brasileiros chegam a final do Knockout 3K na Copa do Mundo de Ibiza - Swimchannel\" \/>\n<meta property=\"og:description\" content=\"Segundo dia de disputas da etapa de Ibiza, na Espanha, da Copa do Mundo de \u00c1guas Abertas, e novamente resultados positivos. Dois nadadores brasileiros chegaram a final do Knockout 3K com Leonardo Brandt Macedo terminando em s\u00e9timo lugar e Victor Moreno em d\u00e9cimo lugar. Os outros dois brasileiros, Matheus Melecchi em 15o e Bernardo Gavioli [&hellip;]\" \/>\n<meta property=\"og:url\" content=\"https:\/\/swimchannel.net\/br\/dois-brasileiros-chegam-a-final-do-knockout-3k-na-copa-do-mundo-de-ibiza\/\" \/>\n<meta property=\"og:site_name\" content=\"Swimchannel\" \/>\n<meta property=\"article:publisher\" content=\"https:\/\/www.facebook.com\/swimchannel\" \/>\n<meta property=\"article:published_time\" content=\"2026-04-26T20:28:53+00:00\" \/>\n<meta property=\"og:image\" content=\"https:\/\/swimchannel.net\/br\/wp-content\/uploads\/2025\/05\/macedo2.png\" \/>\n\t<meta property=\"og:image:width\" content=\"1080\" \/>\n\t<meta property=\"og:image:height\" content=\"743\" \/>\n\t<meta property=\"og:image:type\" content=\"image\/png\" \/>\n<meta name=\"author\" content=\"Alex Pussieldi\" \/>\n<meta name=\"twitter:card\" content=\"summary_large_image\" \/>\n<meta name=\"twitter:label1\" content=\"Escrito por\" \/>\n\t<meta name=\"twitter:data1\" content=\"Alex Pussieldi\" \/>\n\t<meta name=\"twitter:label2\" content=\"Est. tempo de leitura\" \/>\n\t<meta name=\"twitter:data2\" content=\"2 minutos\" \/>\n<script type=\"application\/ld+json\" class=\"yoast-schema-graph\">{\"@context\":\"https:\/\/schema.org\",\"@graph\":[{\"@type\":\"Article\",\"@id\":\"https:\/\/swimchannel.net\/br\/dois-brasileiros-chegam-a-final-do-knockout-3k-na-copa-do-mundo-de-ibiza\/#article\",\"isPartOf\":{\"@id\":\"https:\/\/swimchannel.net\/br\/dois-brasileiros-chegam-a-final-do-knockout-3k-na-copa-do-mundo-de-ibiza\/\"},\"author\":{\"name\":\"Alex Pussieldi\",\"@id\":\"https:\/\/swimchannel.net\/br\/#\/schema\/person\/cf549cb99cf75592fcf7c76213385e63\"},\"headline\":\"Dois brasileiros chegam a final do Knockout 3K na Copa do Mundo de Ibiza\",\"datePublished\":\"2026-04-26T20:28:53+00:00\",\"mainEntityOfPage\":{\"@id\":\"https:\/\/swimchannel.net\/br\/dois-brasileiros-chegam-a-final-do-knockout-3k-na-copa-do-mundo-de-ibiza\/\"},\"wordCount\":176,\"commentCount\":0,\"publisher\":{\"@id\":\"https:\/\/swimchannel.net\/br\/#organization\"},\"image\":{\"@id\":\"https:\/\/swimchannel.net\/br\/dois-brasileiros-chegam-a-final-do-knockout-3k-na-copa-do-mundo-de-ibiza\/#primaryimage\"},\"thumbnailUrl\":\"https:\/\/swimchannel.net\/br\/wp-content\/uploads\/2025\/05\/macedo2.png\",\"keywords\":[\"\u00c1guas abertas\",\"Leonardo Macedo\",\"natacao\",\"Victor Moreno\",\"World Aquatics\"],\"articleSection\":[\"\u00c1guas Abertas\"],\"inLanguage\":\"pt-BR\",\"potentialAction\":[{\"@type\":\"CommentAction\",\"name\":\"Comment\",\"target\":[\"https:\/\/swimchannel.net\/br\/dois-brasileiros-chegam-a-final-do-knockout-3k-na-copa-do-mundo-de-ibiza\/#respond\"]}]},{\"@type\":\"WebPage\",\"@id\":\"https:\/\/swimchannel.net\/br\/dois-brasileiros-chegam-a-final-do-knockout-3k-na-copa-do-mundo-de-ibiza\/\",\"url\":\"https:\/\/swimchannel.net\/br\/dois-brasileiros-chegam-a-final-do-knockout-3k-na-copa-do-mundo-de-ibiza\/\",\"name\":\"Dois brasileiros chegam a final do Knockout 3K na Copa do Mundo de Ibiza - Swimchannel\",\"isPartOf\":{\"@id\":\"https:\/\/swimchannel.net\/br\/#website\"},\"primaryImageOfPage\":{\"@id\":\"https:\/\/swimchannel.net\/br\/dois-brasileiros-chegam-a-final-do-knockout-3k-na-copa-do-mundo-de-ibiza\/#primaryimage\"},\"image\":{\"@id\":\"https:\/\/swimchannel.net\/br\/dois-brasileiros-chegam-a-final-do-knockout-3k-na-copa-do-mundo-de-ibiza\/#primaryimage\"},\"thumbnailUrl\":\"https:\/\/swimchannel.net\/br\/wp-content\/uploads\/2025\/05\/macedo2.png\",\"datePublished\":\"2026-04-26T20:28:53+00:00\",\"breadcrumb\":{\"@id\":\"https:\/\/swimchannel.net\/br\/dois-brasileiros-chegam-a-final-do-knockout-3k-na-copa-do-mundo-de-ibiza\/#breadcrumb\"},\"inLanguage\":\"pt-BR\",\"potentialAction\":[{\"@type\":\"ReadAction\",\"target\":[\"https:\/\/swimchannel.net\/br\/dois-brasileiros-chegam-a-final-do-knockout-3k-na-copa-do-mundo-de-ibiza\/\"]}]},{\"@type\":\"ImageObject\",\"inLanguage\":\"pt-BR\",\"@id\":\"https:\/\/swimchannel.net\/br\/dois-brasileiros-chegam-a-final-do-knockout-3k-na-copa-do-mundo-de-ibiza\/#primaryimage\",\"url\":\"https:\/\/swimchannel.net\/br\/wp-content\/uploads\/2025\/05\/macedo2.png\",\"contentUrl\":\"https:\/\/swimchannel.net\/br\/wp-content\/uploads\/2025\/05\/macedo2.png\",\"width\":1080,\"height\":743,\"caption\":\"Leonardo Macedo - Foto: Reprodu\u00e7\u00e3o\/Instagram\"},{\"@type\":\"BreadcrumbList\",\"@id\":\"https:\/\/swimchannel.net\/br\/dois-brasileiros-chegam-a-final-do-knockout-3k-na-copa-do-mundo-de-ibiza\/#breadcrumb\",\"itemListElement\":[{\"@type\":\"ListItem\",\"position\":1,\"name\":\"Home\",\"item\":\"https:\/\/swimchannel.net\/br\/\"},{\"@type\":\"ListItem\",\"position\":2,\"name\":\"Dois brasileiros chegam a final do Knockout 3K na Copa do Mundo de Ibiza\"}]},{\"@type\":\"WebSite\",\"@id\":\"https:\/\/swimchannel.net\/br\/#website\",\"url\":\"https:\/\/swimchannel.net\/br\/\",\"name\":\"Swimchannel\",\"description\":\"Maior portal de nata\u00e7\u00e3o da america latina\",\"publisher\":{\"@id\":\"https:\/\/swimchannel.net\/br\/#organization\"},\"potentialAction\":[{\"@type\":\"SearchAction\",\"target\":{\"@type\":\"EntryPoint\",\"urlTemplate\":\"https:\/\/swimchannel.net\/br\/?s={search_term_string}\"},\"query-input\":{\"@type\":\"PropertyValueSpecification\",\"valueRequired\":true,\"valueName\":\"search_term_string\"}}],\"inLanguage\":\"pt-BR\"},{\"@type\":\"Organization\",\"@id\":\"https:\/\/swimchannel.net\/br\/#organization\",\"name\":\"Swimchannel - Conectando voc\u00ea a Nata\u00e7\u00e3o\",\"url\":\"https:\/\/swimchannel.net\/br\/\",\"logo\":{\"@type\":\"ImageObject\",\"inLanguage\":\"pt-BR\",\"@id\":\"https:\/\/swimchannel.net\/br\/#\/schema\/logo\/image\/\",\"url\":\"https:\/\/swimchannel.net\/br\/wp-content\/uploads\/2026\/02\/SWIM-CHANNEL.png\",\"contentUrl\":\"https:\/\/swimchannel.net\/br\/wp-content\/uploads\/2026\/02\/SWIM-CHANNEL.png\",\"width\":1120,\"height\":630,\"caption\":\"Swimchannel - Conectando voc\u00ea a Nata\u00e7\u00e3o\"},\"image\":{\"@id\":\"https:\/\/swimchannel.net\/br\/#\/schema\/logo\/image\/\"},\"sameAs\":[\"https:\/\/www.facebook.com\/swimchannel\",\"https:\/\/www.instagram.com\/swimchannel\"]},{\"@type\":\"Person\",\"@id\":\"https:\/\/swimchannel.net\/br\/#\/schema\/person\/cf549cb99cf75592fcf7c76213385e63\",\"name\":\"Alex Pussieldi\",\"image\":{\"@type\":\"ImageObject\",\"inLanguage\":\"pt-BR\",\"@id\":\"https:\/\/swimchannel.net\/br\/#\/schema\/person\/image\/\",\"url\":\"https:\/\/swimchannel.net\/br\/wp-content\/uploads\/2021\/02\/9b1c252d-a4bd-4eda-b399-24565cac4114-100x100.jpg\",\"contentUrl\":\"https:\/\/swimchannel.net\/br\/wp-content\/uploads\/2021\/02\/9b1c252d-a4bd-4eda-b399-24565cac4114-100x100.jpg\",\"caption\":\"Alex Pussieldi\"},\"description\":\"Alexandre Pussieldi, apelidado de \u201ccoach\u201d, Foi t\u00e9cnico da sele\u00e7\u00e3o verde e amarela nas Olimp\u00edadas de Pequim-2008 e Londres-2012. O treinador ainda comandou outros quatro pa\u00edses: Kuwait, Paraguai, Aruba e Antilhas Holandesas, al\u00e9m da sele\u00e7\u00e3o americana de \u00e1guas abertas. Pussieldi tem passagens como comentarista de nata\u00e7\u00e3o do Grupo Globo e Swim Channel.\",\"url\":\"https:\/\/swimchannel.net\/br\/author\/alexpussieldi\/\"}]}<\/script>\n<!-- \/ Yoast SEO plugin. -->","yoast_head_json":{"title":"Dois brasileiros chegam a final do Knockout 3K na Copa do Mundo de Ibiza - Swimchannel","robots":{"index":"index","follow":"follow","max-snippet":"max-snippet:-1","max-image-preview":"max-image-preview:large","max-video-preview":"max-video-preview:-1"},"canonical":"https:\/\/swimchannel.net\/br\/dois-brasileiros-chegam-a-final-do-knockout-3k-na-copa-do-mundo-de-ibiza\/","og_locale":"pt_BR","og_type":"article","og_title":"Dois brasileiros chegam a final do Knockout 3K na Copa do Mundo de Ibiza - Swimchannel","og_description":"Segundo dia de disputas da etapa de Ibiza, na Espanha, da Copa do Mundo de \u00c1guas Abertas, e novamente resultados positivos. Dois nadadores brasileiros chegaram a final do Knockout 3K com Leonardo Brandt Macedo terminando em s\u00e9timo lugar e Victor Moreno em d\u00e9cimo lugar. Os outros dois brasileiros, Matheus Melecchi em 15o e Bernardo Gavioli [&hellip;]","og_url":"https:\/\/swimchannel.net\/br\/dois-brasileiros-chegam-a-final-do-knockout-3k-na-copa-do-mundo-de-ibiza\/","og_site_name":"Swimchannel","article_publisher":"https:\/\/www.facebook.com\/swimchannel","article_published_time":"2026-04-26T20:28:53+00:00","og_image":[{"width":1080,"height":743,"url":"https:\/\/swimchannel.net\/br\/wp-content\/uploads\/2025\/05\/macedo2.png","type":"image\/png"}],"author":"Alex Pussieldi","twitter_card":"summary_large_image","twitter_misc":{"Escrito por":"Alex Pussieldi","Est. tempo de leitura":"2 minutos"},"schema":{"@context":"https:\/\/schema.org","@graph":[{"@type":"Article","@id":"https:\/\/swimchannel.net\/br\/dois-brasileiros-chegam-a-final-do-knockout-3k-na-copa-do-mundo-de-ibiza\/#article","isPartOf":{"@id":"https:\/\/swimchannel.net\/br\/dois-brasileiros-chegam-a-final-do-knockout-3k-na-copa-do-mundo-de-ibiza\/"},"author":{"name":"Alex Pussieldi","@id":"https:\/\/swimchannel.net\/br\/#\/schema\/person\/cf549cb99cf75592fcf7c76213385e63"},"headline":"Dois brasileiros chegam a final do Knockout 3K na Copa do Mundo de Ibiza","datePublished":"2026-04-26T20:28:53+00:00","mainEntityOfPage":{"@id":"https:\/\/swimchannel.net\/br\/dois-brasileiros-chegam-a-final-do-knockout-3k-na-copa-do-mundo-de-ibiza\/"},"wordCount":176,"commentCount":0,"publisher":{"@id":"https:\/\/swimchannel.net\/br\/#organization"},"image":{"@id":"https:\/\/swimchannel.net\/br\/dois-brasileiros-chegam-a-final-do-knockout-3k-na-copa-do-mundo-de-ibiza\/#primaryimage"},"thumbnailUrl":"https:\/\/swimchannel.net\/br\/wp-content\/uploads\/2025\/05\/macedo2.png","keywords":["\u00c1guas abertas","Leonardo Macedo","natacao","Victor Moreno","World Aquatics"],"articleSection":["\u00c1guas Abertas"],"inLanguage":"pt-BR","potentialAction":[{"@type":"CommentAction","name":"Comment","target":["https:\/\/swimchannel.net\/br\/dois-brasileiros-chegam-a-final-do-knockout-3k-na-copa-do-mundo-de-ibiza\/#respond"]}]},{"@type":"WebPage","@id":"https:\/\/swimchannel.net\/br\/dois-brasileiros-chegam-a-final-do-knockout-3k-na-copa-do-mundo-de-ibiza\/","url":"https:\/\/swimchannel.net\/br\/dois-brasileiros-chegam-a-final-do-knockout-3k-na-copa-do-mundo-de-ibiza\/","name":"Dois brasileiros chegam a final do Knockout 3K na Copa do Mundo de Ibiza - Swimchannel","isPartOf":{"@id":"https:\/\/swimchannel.net\/br\/#website"},"primaryImageOfPage":{"@id":"https:\/\/swimchannel.net\/br\/dois-brasileiros-chegam-a-final-do-knockout-3k-na-copa-do-mundo-de-ibiza\/#primaryimage"},"image":{"@id":"https:\/\/swimchannel.net\/br\/dois-brasileiros-chegam-a-final-do-knockout-3k-na-copa-do-mundo-de-ibiza\/#primaryimage"},"thumbnailUrl":"https:\/\/swimchannel.net\/br\/wp-content\/uploads\/2025\/05\/macedo2.png","datePublished":"2026-04-26T20:28:53+00:00","breadcrumb":{"@id":"https:\/\/swimchannel.net\/br\/dois-brasileiros-chegam-a-final-do-knockout-3k-na-copa-do-mundo-de-ibiza\/#breadcrumb"},"inLanguage":"pt-BR","potentialAction":[{"@type":"ReadAction","target":["https:\/\/swimchannel.net\/br\/dois-brasileiros-chegam-a-final-do-knockout-3k-na-copa-do-mundo-de-ibiza\/"]}]},{"@type":"ImageObject","inLanguage":"pt-BR","@id":"https:\/\/swimchannel.net\/br\/dois-brasileiros-chegam-a-final-do-knockout-3k-na-copa-do-mundo-de-ibiza\/#primaryimage","url":"https:\/\/swimchannel.net\/br\/wp-content\/uploads\/2025\/05\/macedo2.png","contentUrl":"https:\/\/swimchannel.net\/br\/wp-content\/uploads\/2025\/05\/macedo2.png","width":1080,"height":743,"caption":"Leonardo Macedo - Foto: Reprodu\u00e7\u00e3o\/Instagram"},{"@type":"BreadcrumbList","@id":"https:\/\/swimchannel.net\/br\/dois-brasileiros-chegam-a-final-do-knockout-3k-na-copa-do-mundo-de-ibiza\/#breadcrumb","itemListElement":[{"@type":"ListItem","position":1,"name":"Home","item":"https:\/\/swimchannel.net\/br\/"},{"@type":"ListItem","position":2,"name":"Dois brasileiros chegam a final do Knockout 3K na Copa do Mundo de Ibiza"}]},{"@type":"WebSite","@id":"https:\/\/swimchannel.net\/br\/#website","url":"https:\/\/swimchannel.net\/br\/","name":"Swimchannel","description":"Maior portal de nata\u00e7\u00e3o da america latina","publisher":{"@id":"https:\/\/swimchannel.net\/br\/#organization"},"potentialAction":[{"@type":"SearchAction","target":{"@type":"EntryPoint","urlTemplate":"https:\/\/swimchannel.net\/br\/?s={search_term_string}"},"query-input":{"@type":"PropertyValueSpecification","valueRequired":true,"valueName":"search_term_string"}}],"inLanguage":"pt-BR"},{"@type":"Organization","@id":"https:\/\/swimchannel.net\/br\/#organization","name":"Swimchannel - Conectando voc\u00ea a Nata\u00e7\u00e3o","url":"https:\/\/swimchannel.net\/br\/","logo":{"@type":"ImageObject","inLanguage":"pt-BR","@id":"https:\/\/swimchannel.net\/br\/#\/schema\/logo\/image\/","url":"https:\/\/swimchannel.net\/br\/wp-content\/uploads\/2026\/02\/SWIM-CHANNEL.png","contentUrl":"https:\/\/swimchannel.net\/br\/wp-content\/uploads\/2026\/02\/SWIM-CHANNEL.png","width":1120,"height":630,"caption":"Swimchannel - Conectando voc\u00ea a Nata\u00e7\u00e3o"},"image":{"@id":"https:\/\/swimchannel.net\/br\/#\/schema\/logo\/image\/"},"sameAs":["https:\/\/www.facebook.com\/swimchannel","https:\/\/www.instagram.com\/swimchannel"]},{"@type":"Person","@id":"https:\/\/swimchannel.net\/br\/#\/schema\/person\/cf549cb99cf75592fcf7c76213385e63","name":"Alex Pussieldi","image":{"@type":"ImageObject","inLanguage":"pt-BR","@id":"https:\/\/swimchannel.net\/br\/#\/schema\/person\/image\/","url":"https:\/\/swimchannel.net\/br\/wp-content\/uploads\/2021\/02\/9b1c252d-a4bd-4eda-b399-24565cac4114-100x100.jpg","contentUrl":"https:\/\/swimchannel.net\/br\/wp-content\/uploads\/2021\/02\/9b1c252d-a4bd-4eda-b399-24565cac4114-100x100.jpg","caption":"Alex Pussieldi"},"description":"Alexandre Pussieldi, apelidado de \u201ccoach\u201d, Foi t\u00e9cnico da sele\u00e7\u00e3o verde e amarela nas Olimp\u00edadas de Pequim-2008 e Londres-2012. O treinador ainda comandou outros quatro pa\u00edses: Kuwait, Paraguai, Aruba e Antilhas Holandesas, al\u00e9m da sele\u00e7\u00e3o americana de \u00e1guas abertas. Pussieldi tem passagens como comentarista de nata\u00e7\u00e3o do Grupo Globo e Swim Channel.","url":"https:\/\/swimchannel.net\/br\/author\/alexpussieldi\/"}]}},"_links":{"self":[{"href":"https:\/\/swimchannel.net\/br\/wp-json\/wp\/v2\/posts\/81721","targetHints":{"allow":["GET"]}}],"collection":[{"href":"https:\/\/swimchannel.net\/br\/wp-json\/wp\/v2\/posts"}],"about":[{"href":"https:\/\/swimchannel.net\/br\/wp-json\/wp\/v2\/types\/post"}],"author":[{"embeddable":true,"href":"https:\/\/swimchannel.net\/br\/wp-json\/wp\/v2\/users\/12"}],"replies":[{"embeddable":true,"href":"https:\/\/swimchannel.net\/br\/wp-json\/wp\/v2\/comments?post=81721"}],"version-history":[{"count":1,"href":"https:\/\/swimchannel.net\/br\/wp-json\/wp\/v2\/posts\/81721\/revisions"}],"predecessor-version":[{"id":81722,"href":"https:\/\/swimchannel.net\/br\/wp-json\/wp\/v2\/posts\/81721\/revisions\/81722"}],"wp:featuredmedia":[{"embeddable":true,"href":"https:\/\/swimchannel.net\/br\/wp-json\/wp\/v2\/media\/73710"}],"wp:attachment":[{"href":"https:\/\/swimchannel.net\/br\/wp-json\/wp\/v2\/media?parent=81721"}],"wp:term":[{"taxonomy":"category","embeddable":true,"href":"https:\/\/swimchannel.net\/br\/wp-json\/wp\/v2\/categories?post=81721"},{"taxonomy":"post_tag","embeddable":true,"href":"https:\/\/swimchannel.net\/br\/wp-json\/wp\/v2\/tags?post=81721"}],"curies":[{"name":"wp","href":"https:\/\/api.w.org\/{rel}","templated":true}]}}