{"id":81723,"date":"2026-04-27T07:30:38","date_gmt":"2026-04-27T10:30:38","guid":{"rendered":"https:\/\/swimchannel.net\/br\/?p=81723"},"modified":"2026-04-27T00:13:13","modified_gmt":"2026-04-27T03:13:13","slug":"brasil-fica-em-quinto-lugar-na-copa-do-mundo-de-polo-aquatico-feminino-divisao-ii","status":"publish","type":"post","link":"https:\/\/swimchannel.net\/br\/brasil-fica-em-quinto-lugar-na-copa-do-mundo-de-polo-aquatico-feminino-divisao-ii\/","title":{"rendered":"Brasil fica em quinto lugar na Copa do Mundo de Polo Aqu\u00e1tico Feminino Divis\u00e3o II"},"content":{"rendered":"<p>Sele\u00e7\u00e3o Brasileira Feminina de Polo Aqu\u00e1tico venceu a disputa do torneio de 5o a 8o lugar e terminou a Copa do Mundo da Divis\u00e3o II na quinta posi\u00e7\u00e3o em torneio encerrado neste final de semana em Malta. A equipe comandada pela dupla Antonio Canetti e Eduardo Abla conseguiu dois resultados positivos ap\u00f3s ser eliminada da fase final pela R\u00fassia que acabou com o t\u00edtulo do torneio.<\/p>\n<p>Campanha do Brasil na Copa do Mundo Divis\u00e3o II de Polo Aqu\u00e1tico Feminino:<br \/>\nPrimeira fase<br \/>\nBrasil 11&#215;10 Malta<br \/>\nBrasil 10&#215;12 Canad\u00e1<\/p>\n<p>Segunda fase<br \/>\nBrasil 5&#215;22 R\u00fassia<\/p>\n<p>Decis\u00e3o do 5o ao 8o lugar<br \/>\nBrasil 14&#215;13 Gr\u00e3-Bretanha<br \/>\nBrasil 12&#215;11 Turquia<\/p>\n<p>Na classifica\u00e7\u00e3o do 1o ao 4o lugar, as finais<br \/>\n1o e 2o lugar<br \/>\nR\u00fassia 18&#215;17 China<br \/>\n3o e 4o lugar<br \/>\nCanad\u00e1 19&#215;12 Cro\u00e1cia<\/p>\n<p>&nbsp;<\/p>\n<p>Gostaria de receber as not\u00edcias de nata\u00e7\u00e3o e \u00e1guas abertas no seu email?<\/p>\n<p><a href=\"https:\/\/lpa.nitro.news\/n-GNe\/ultimas-noticias-swim-channel\">Cadastre-se aqui<\/a><\/p>\n","protected":false},"excerpt":{"rendered":"<p>Sele\u00e7\u00e3o Brasileira Feminina de Polo Aqu\u00e1tico venceu a disputa do torneio de 5o a 8o lugar e terminou a Copa do Mundo da Divis\u00e3o II na quinta posi\u00e7\u00e3o em torneio encerrado neste final de semana em Malta. A equipe comandada pela dupla Antonio Canetti e Eduardo Abla conseguiu dois resultados positivos ap\u00f3s ser eliminada da [&hellip;]<\/p>\n","protected":false},"author":12,"featured_media":81724,"comment_status":"open","ping_status":"open","sticky":false,"template":"","format":"standard","meta":{"footnotes":""},"categories":[6021],"tags":[194,482,2260,167,6839,5101],"class_list":["post-81723","post","type-post","status-publish","format-standard","has-post-thumbnail","hentry","category-water-polo-2","tag-cbda","tag-copa-do-mundo","tag-polo-aquatico","tag-selecao-brasileira","tag-water-polo","tag-world-aquatics"],"yoast_head":"<!-- This site is optimized with the Yoast SEO plugin v27.0 - https:\/\/yoast.com\/product\/yoast-seo-wordpress\/ -->\n<title>Brasil fica em quinto lugar na Copa do Mundo de Polo Aqu\u00e1tico Feminino Divis\u00e3o II - Swimchannel<\/title>\n<meta name=\"robots\" content=\"index, follow, max-snippet:-1, max-image-preview:large, max-video-preview:-1\" \/>\n<link rel=\"canonical\" href=\"https:\/\/swimchannel.net\/br\/brasil-fica-em-quinto-lugar-na-copa-do-mundo-de-polo-aquatico-feminino-divisao-ii\/\" \/>\n<meta property=\"og:locale\" content=\"pt_BR\" \/>\n<meta property=\"og:type\" content=\"article\" \/>\n<meta property=\"og:title\" content=\"Brasil fica em quinto lugar na Copa do Mundo de Polo Aqu\u00e1tico Feminino Divis\u00e3o II - Swimchannel\" \/>\n<meta property=\"og:description\" content=\"Sele\u00e7\u00e3o Brasileira Feminina de Polo Aqu\u00e1tico venceu a disputa do torneio de 5o a 8o lugar e terminou a Copa do Mundo da Divis\u00e3o II na quinta posi\u00e7\u00e3o em torneio encerrado neste final de semana em Malta. A equipe comandada pela dupla Antonio Canetti e Eduardo Abla conseguiu dois resultados positivos ap\u00f3s ser eliminada da [&hellip;]\" \/>\n<meta property=\"og:url\" content=\"https:\/\/swimchannel.net\/br\/brasil-fica-em-quinto-lugar-na-copa-do-mundo-de-polo-aquatico-feminino-divisao-ii\/\" \/>\n<meta property=\"og:site_name\" content=\"Swimchannel\" \/>\n<meta property=\"article:publisher\" content=\"https:\/\/www.facebook.com\/swimchannel\" \/>\n<meta property=\"article:published_time\" content=\"2026-04-27T10:30:38+00:00\" \/>\n<meta property=\"og:image\" content=\"https:\/\/swimchannel.net\/br\/wp-content\/uploads\/2026\/04\/ntc_1777231411.jpg\" \/>\n\t<meta property=\"og:image:width\" content=\"840\" \/>\n\t<meta property=\"og:image:height\" content=\"630\" \/>\n\t<meta property=\"og:image:type\" content=\"image\/jpeg\" \/>\n<meta name=\"author\" content=\"Alex Pussieldi\" \/>\n<meta name=\"twitter:card\" content=\"summary_large_image\" \/>\n<meta name=\"twitter:label1\" content=\"Escrito por\" \/>\n\t<meta name=\"twitter:data1\" content=\"Alex Pussieldi\" \/>\n\t<meta name=\"twitter:label2\" content=\"Est. tempo de leitura\" \/>\n\t<meta name=\"twitter:data2\" content=\"1 minuto\" \/>\n<script type=\"application\/ld+json\" class=\"yoast-schema-graph\">{\"@context\":\"https:\/\/schema.org\",\"@graph\":[{\"@type\":\"Article\",\"@id\":\"https:\/\/swimchannel.net\/br\/brasil-fica-em-quinto-lugar-na-copa-do-mundo-de-polo-aquatico-feminino-divisao-ii\/#article\",\"isPartOf\":{\"@id\":\"https:\/\/swimchannel.net\/br\/brasil-fica-em-quinto-lugar-na-copa-do-mundo-de-polo-aquatico-feminino-divisao-ii\/\"},\"author\":{\"name\":\"Alex Pussieldi\",\"@id\":\"https:\/\/swimchannel.net\/br\/#\/schema\/person\/cf549cb99cf75592fcf7c76213385e63\"},\"headline\":\"Brasil fica em quinto lugar na Copa do Mundo de Polo Aqu\u00e1tico Feminino Divis\u00e3o II\",\"datePublished\":\"2026-04-27T10:30:38+00:00\",\"mainEntityOfPage\":{\"@id\":\"https:\/\/swimchannel.net\/br\/brasil-fica-em-quinto-lugar-na-copa-do-mundo-de-polo-aquatico-feminino-divisao-ii\/\"},\"wordCount\":177,\"commentCount\":0,\"publisher\":{\"@id\":\"https:\/\/swimchannel.net\/br\/#organization\"},\"image\":{\"@id\":\"https:\/\/swimchannel.net\/br\/brasil-fica-em-quinto-lugar-na-copa-do-mundo-de-polo-aquatico-feminino-divisao-ii\/#primaryimage\"},\"thumbnailUrl\":\"https:\/\/swimchannel.net\/br\/wp-content\/uploads\/2026\/04\/ntc_1777231411.jpg\",\"keywords\":[\"CBDA\",\"Copa do Mundo\",\"polo aqu\u00e1tico\",\"sele\u00e7\u00e3o brasileira\",\"water polo\",\"World Aquatics\"],\"articleSection\":[\"Water Polo\"],\"inLanguage\":\"pt-BR\",\"potentialAction\":[{\"@type\":\"CommentAction\",\"name\":\"Comment\",\"target\":[\"https:\/\/swimchannel.net\/br\/brasil-fica-em-quinto-lugar-na-copa-do-mundo-de-polo-aquatico-feminino-divisao-ii\/#respond\"]}]},{\"@type\":\"WebPage\",\"@id\":\"https:\/\/swimchannel.net\/br\/brasil-fica-em-quinto-lugar-na-copa-do-mundo-de-polo-aquatico-feminino-divisao-ii\/\",\"url\":\"https:\/\/swimchannel.net\/br\/brasil-fica-em-quinto-lugar-na-copa-do-mundo-de-polo-aquatico-feminino-divisao-ii\/\",\"name\":\"Brasil fica em quinto lugar na Copa do Mundo de Polo Aqu\u00e1tico Feminino Divis\u00e3o II - Swimchannel\",\"isPartOf\":{\"@id\":\"https:\/\/swimchannel.net\/br\/#website\"},\"primaryImageOfPage\":{\"@id\":\"https:\/\/swimchannel.net\/br\/brasil-fica-em-quinto-lugar-na-copa-do-mundo-de-polo-aquatico-feminino-divisao-ii\/#primaryimage\"},\"image\":{\"@id\":\"https:\/\/swimchannel.net\/br\/brasil-fica-em-quinto-lugar-na-copa-do-mundo-de-polo-aquatico-feminino-divisao-ii\/#primaryimage\"},\"thumbnailUrl\":\"https:\/\/swimchannel.net\/br\/wp-content\/uploads\/2026\/04\/ntc_1777231411.jpg\",\"datePublished\":\"2026-04-27T10:30:38+00:00\",\"breadcrumb\":{\"@id\":\"https:\/\/swimchannel.net\/br\/brasil-fica-em-quinto-lugar-na-copa-do-mundo-de-polo-aquatico-feminino-divisao-ii\/#breadcrumb\"},\"inLanguage\":\"pt-BR\",\"potentialAction\":[{\"@type\":\"ReadAction\",\"target\":[\"https:\/\/swimchannel.net\/br\/brasil-fica-em-quinto-lugar-na-copa-do-mundo-de-polo-aquatico-feminino-divisao-ii\/\"]}]},{\"@type\":\"ImageObject\",\"inLanguage\":\"pt-BR\",\"@id\":\"https:\/\/swimchannel.net\/br\/brasil-fica-em-quinto-lugar-na-copa-do-mundo-de-polo-aquatico-feminino-divisao-ii\/#primaryimage\",\"url\":\"https:\/\/swimchannel.net\/br\/wp-content\/uploads\/2026\/04\/ntc_1777231411.jpg\",\"contentUrl\":\"https:\/\/swimchannel.net\/br\/wp-content\/uploads\/2026\/04\/ntc_1777231411.jpg\",\"width\":840,\"height\":630},{\"@type\":\"BreadcrumbList\",\"@id\":\"https:\/\/swimchannel.net\/br\/brasil-fica-em-quinto-lugar-na-copa-do-mundo-de-polo-aquatico-feminino-divisao-ii\/#breadcrumb\",\"itemListElement\":[{\"@type\":\"ListItem\",\"position\":1,\"name\":\"Home\",\"item\":\"https:\/\/swimchannel.net\/br\/\"},{\"@type\":\"ListItem\",\"position\":2,\"name\":\"Brasil fica em quinto lugar na Copa do Mundo de Polo Aqu\u00e1tico Feminino Divis\u00e3o II\"}]},{\"@type\":\"WebSite\",\"@id\":\"https:\/\/swimchannel.net\/br\/#website\",\"url\":\"https:\/\/swimchannel.net\/br\/\",\"name\":\"Swimchannel\",\"description\":\"Maior portal de nata\u00e7\u00e3o da america latina\",\"publisher\":{\"@id\":\"https:\/\/swimchannel.net\/br\/#organization\"},\"potentialAction\":[{\"@type\":\"SearchAction\",\"target\":{\"@type\":\"EntryPoint\",\"urlTemplate\":\"https:\/\/swimchannel.net\/br\/?s={search_term_string}\"},\"query-input\":{\"@type\":\"PropertyValueSpecification\",\"valueRequired\":true,\"valueName\":\"search_term_string\"}}],\"inLanguage\":\"pt-BR\"},{\"@type\":\"Organization\",\"@id\":\"https:\/\/swimchannel.net\/br\/#organization\",\"name\":\"Swimchannel - Conectando voc\u00ea a Nata\u00e7\u00e3o\",\"url\":\"https:\/\/swimchannel.net\/br\/\",\"logo\":{\"@type\":\"ImageObject\",\"inLanguage\":\"pt-BR\",\"@id\":\"https:\/\/swimchannel.net\/br\/#\/schema\/logo\/image\/\",\"url\":\"https:\/\/swimchannel.net\/br\/wp-content\/uploads\/2026\/02\/SWIM-CHANNEL.png\",\"contentUrl\":\"https:\/\/swimchannel.net\/br\/wp-content\/uploads\/2026\/02\/SWIM-CHANNEL.png\",\"width\":1120,\"height\":630,\"caption\":\"Swimchannel - Conectando voc\u00ea a Nata\u00e7\u00e3o\"},\"image\":{\"@id\":\"https:\/\/swimchannel.net\/br\/#\/schema\/logo\/image\/\"},\"sameAs\":[\"https:\/\/www.facebook.com\/swimchannel\",\"https:\/\/www.instagram.com\/swimchannel\"]},{\"@type\":\"Person\",\"@id\":\"https:\/\/swimchannel.net\/br\/#\/schema\/person\/cf549cb99cf75592fcf7c76213385e63\",\"name\":\"Alex Pussieldi\",\"image\":{\"@type\":\"ImageObject\",\"inLanguage\":\"pt-BR\",\"@id\":\"https:\/\/swimchannel.net\/br\/#\/schema\/person\/image\/\",\"url\":\"https:\/\/swimchannel.net\/br\/wp-content\/uploads\/2021\/02\/9b1c252d-a4bd-4eda-b399-24565cac4114-100x100.jpg\",\"contentUrl\":\"https:\/\/swimchannel.net\/br\/wp-content\/uploads\/2021\/02\/9b1c252d-a4bd-4eda-b399-24565cac4114-100x100.jpg\",\"caption\":\"Alex Pussieldi\"},\"description\":\"Alexandre Pussieldi, apelidado de \u201ccoach\u201d, Foi t\u00e9cnico da sele\u00e7\u00e3o verde e amarela nas Olimp\u00edadas de Pequim-2008 e Londres-2012. O treinador ainda comandou outros quatro pa\u00edses: Kuwait, Paraguai, Aruba e Antilhas Holandesas, al\u00e9m da sele\u00e7\u00e3o americana de \u00e1guas abertas. Pussieldi tem passagens como comentarista de nata\u00e7\u00e3o do Grupo Globo e Swim Channel.\",\"url\":\"https:\/\/swimchannel.net\/br\/author\/alexpussieldi\/\"}]}<\/script>\n<!-- \/ Yoast SEO plugin. -->","yoast_head_json":{"title":"Brasil fica em quinto lugar na Copa do Mundo de Polo Aqu\u00e1tico Feminino Divis\u00e3o II - Swimchannel","robots":{"index":"index","follow":"follow","max-snippet":"max-snippet:-1","max-image-preview":"max-image-preview:large","max-video-preview":"max-video-preview:-1"},"canonical":"https:\/\/swimchannel.net\/br\/brasil-fica-em-quinto-lugar-na-copa-do-mundo-de-polo-aquatico-feminino-divisao-ii\/","og_locale":"pt_BR","og_type":"article","og_title":"Brasil fica em quinto lugar na Copa do Mundo de Polo Aqu\u00e1tico Feminino Divis\u00e3o II - Swimchannel","og_description":"Sele\u00e7\u00e3o Brasileira Feminina de Polo Aqu\u00e1tico venceu a disputa do torneio de 5o a 8o lugar e terminou a Copa do Mundo da Divis\u00e3o II na quinta posi\u00e7\u00e3o em torneio encerrado neste final de semana em Malta. A equipe comandada pela dupla Antonio Canetti e Eduardo Abla conseguiu dois resultados positivos ap\u00f3s ser eliminada da [&hellip;]","og_url":"https:\/\/swimchannel.net\/br\/brasil-fica-em-quinto-lugar-na-copa-do-mundo-de-polo-aquatico-feminino-divisao-ii\/","og_site_name":"Swimchannel","article_publisher":"https:\/\/www.facebook.com\/swimchannel","article_published_time":"2026-04-27T10:30:38+00:00","og_image":[{"width":840,"height":630,"url":"https:\/\/swimchannel.net\/br\/wp-content\/uploads\/2026\/04\/ntc_1777231411.jpg","type":"image\/jpeg"}],"author":"Alex Pussieldi","twitter_card":"summary_large_image","twitter_misc":{"Escrito por":"Alex Pussieldi","Est. tempo de leitura":"1 minuto"},"schema":{"@context":"https:\/\/schema.org","@graph":[{"@type":"Article","@id":"https:\/\/swimchannel.net\/br\/brasil-fica-em-quinto-lugar-na-copa-do-mundo-de-polo-aquatico-feminino-divisao-ii\/#article","isPartOf":{"@id":"https:\/\/swimchannel.net\/br\/brasil-fica-em-quinto-lugar-na-copa-do-mundo-de-polo-aquatico-feminino-divisao-ii\/"},"author":{"name":"Alex Pussieldi","@id":"https:\/\/swimchannel.net\/br\/#\/schema\/person\/cf549cb99cf75592fcf7c76213385e63"},"headline":"Brasil fica em quinto lugar na Copa do Mundo de Polo Aqu\u00e1tico Feminino Divis\u00e3o II","datePublished":"2026-04-27T10:30:38+00:00","mainEntityOfPage":{"@id":"https:\/\/swimchannel.net\/br\/brasil-fica-em-quinto-lugar-na-copa-do-mundo-de-polo-aquatico-feminino-divisao-ii\/"},"wordCount":177,"commentCount":0,"publisher":{"@id":"https:\/\/swimchannel.net\/br\/#organization"},"image":{"@id":"https:\/\/swimchannel.net\/br\/brasil-fica-em-quinto-lugar-na-copa-do-mundo-de-polo-aquatico-feminino-divisao-ii\/#primaryimage"},"thumbnailUrl":"https:\/\/swimchannel.net\/br\/wp-content\/uploads\/2026\/04\/ntc_1777231411.jpg","keywords":["CBDA","Copa do Mundo","polo aqu\u00e1tico","sele\u00e7\u00e3o brasileira","water polo","World Aquatics"],"articleSection":["Water Polo"],"inLanguage":"pt-BR","potentialAction":[{"@type":"CommentAction","name":"Comment","target":["https:\/\/swimchannel.net\/br\/brasil-fica-em-quinto-lugar-na-copa-do-mundo-de-polo-aquatico-feminino-divisao-ii\/#respond"]}]},{"@type":"WebPage","@id":"https:\/\/swimchannel.net\/br\/brasil-fica-em-quinto-lugar-na-copa-do-mundo-de-polo-aquatico-feminino-divisao-ii\/","url":"https:\/\/swimchannel.net\/br\/brasil-fica-em-quinto-lugar-na-copa-do-mundo-de-polo-aquatico-feminino-divisao-ii\/","name":"Brasil fica em quinto lugar na Copa do Mundo de Polo Aqu\u00e1tico Feminino Divis\u00e3o II - Swimchannel","isPartOf":{"@id":"https:\/\/swimchannel.net\/br\/#website"},"primaryImageOfPage":{"@id":"https:\/\/swimchannel.net\/br\/brasil-fica-em-quinto-lugar-na-copa-do-mundo-de-polo-aquatico-feminino-divisao-ii\/#primaryimage"},"image":{"@id":"https:\/\/swimchannel.net\/br\/brasil-fica-em-quinto-lugar-na-copa-do-mundo-de-polo-aquatico-feminino-divisao-ii\/#primaryimage"},"thumbnailUrl":"https:\/\/swimchannel.net\/br\/wp-content\/uploads\/2026\/04\/ntc_1777231411.jpg","datePublished":"2026-04-27T10:30:38+00:00","breadcrumb":{"@id":"https:\/\/swimchannel.net\/br\/brasil-fica-em-quinto-lugar-na-copa-do-mundo-de-polo-aquatico-feminino-divisao-ii\/#breadcrumb"},"inLanguage":"pt-BR","potentialAction":[{"@type":"ReadAction","target":["https:\/\/swimchannel.net\/br\/brasil-fica-em-quinto-lugar-na-copa-do-mundo-de-polo-aquatico-feminino-divisao-ii\/"]}]},{"@type":"ImageObject","inLanguage":"pt-BR","@id":"https:\/\/swimchannel.net\/br\/brasil-fica-em-quinto-lugar-na-copa-do-mundo-de-polo-aquatico-feminino-divisao-ii\/#primaryimage","url":"https:\/\/swimchannel.net\/br\/wp-content\/uploads\/2026\/04\/ntc_1777231411.jpg","contentUrl":"https:\/\/swimchannel.net\/br\/wp-content\/uploads\/2026\/04\/ntc_1777231411.jpg","width":840,"height":630},{"@type":"BreadcrumbList","@id":"https:\/\/swimchannel.net\/br\/brasil-fica-em-quinto-lugar-na-copa-do-mundo-de-polo-aquatico-feminino-divisao-ii\/#breadcrumb","itemListElement":[{"@type":"ListItem","position":1,"name":"Home","item":"https:\/\/swimchannel.net\/br\/"},{"@type":"ListItem","position":2,"name":"Brasil fica em quinto lugar na Copa do Mundo de Polo Aqu\u00e1tico Feminino Divis\u00e3o II"}]},{"@type":"WebSite","@id":"https:\/\/swimchannel.net\/br\/#website","url":"https:\/\/swimchannel.net\/br\/","name":"Swimchannel","description":"Maior portal de nata\u00e7\u00e3o da america latina","publisher":{"@id":"https:\/\/swimchannel.net\/br\/#organization"},"potentialAction":[{"@type":"SearchAction","target":{"@type":"EntryPoint","urlTemplate":"https:\/\/swimchannel.net\/br\/?s={search_term_string}"},"query-input":{"@type":"PropertyValueSpecification","valueRequired":true,"valueName":"search_term_string"}}],"inLanguage":"pt-BR"},{"@type":"Organization","@id":"https:\/\/swimchannel.net\/br\/#organization","name":"Swimchannel - Conectando voc\u00ea a Nata\u00e7\u00e3o","url":"https:\/\/swimchannel.net\/br\/","logo":{"@type":"ImageObject","inLanguage":"pt-BR","@id":"https:\/\/swimchannel.net\/br\/#\/schema\/logo\/image\/","url":"https:\/\/swimchannel.net\/br\/wp-content\/uploads\/2026\/02\/SWIM-CHANNEL.png","contentUrl":"https:\/\/swimchannel.net\/br\/wp-content\/uploads\/2026\/02\/SWIM-CHANNEL.png","width":1120,"height":630,"caption":"Swimchannel - Conectando voc\u00ea a Nata\u00e7\u00e3o"},"image":{"@id":"https:\/\/swimchannel.net\/br\/#\/schema\/logo\/image\/"},"sameAs":["https:\/\/www.facebook.com\/swimchannel","https:\/\/www.instagram.com\/swimchannel"]},{"@type":"Person","@id":"https:\/\/swimchannel.net\/br\/#\/schema\/person\/cf549cb99cf75592fcf7c76213385e63","name":"Alex Pussieldi","image":{"@type":"ImageObject","inLanguage":"pt-BR","@id":"https:\/\/swimchannel.net\/br\/#\/schema\/person\/image\/","url":"https:\/\/swimchannel.net\/br\/wp-content\/uploads\/2021\/02\/9b1c252d-a4bd-4eda-b399-24565cac4114-100x100.jpg","contentUrl":"https:\/\/swimchannel.net\/br\/wp-content\/uploads\/2021\/02\/9b1c252d-a4bd-4eda-b399-24565cac4114-100x100.jpg","caption":"Alex Pussieldi"},"description":"Alexandre Pussieldi, apelidado de \u201ccoach\u201d, Foi t\u00e9cnico da sele\u00e7\u00e3o verde e amarela nas Olimp\u00edadas de Pequim-2008 e Londres-2012. O treinador ainda comandou outros quatro pa\u00edses: Kuwait, Paraguai, Aruba e Antilhas Holandesas, al\u00e9m da sele\u00e7\u00e3o americana de \u00e1guas abertas. Pussieldi tem passagens como comentarista de nata\u00e7\u00e3o do Grupo Globo e Swim Channel.","url":"https:\/\/swimchannel.net\/br\/author\/alexpussieldi\/"}]}},"_links":{"self":[{"href":"https:\/\/swimchannel.net\/br\/wp-json\/wp\/v2\/posts\/81723","targetHints":{"allow":["GET"]}}],"collection":[{"href":"https:\/\/swimchannel.net\/br\/wp-json\/wp\/v2\/posts"}],"about":[{"href":"https:\/\/swimchannel.net\/br\/wp-json\/wp\/v2\/types\/post"}],"author":[{"embeddable":true,"href":"https:\/\/swimchannel.net\/br\/wp-json\/wp\/v2\/users\/12"}],"replies":[{"embeddable":true,"href":"https:\/\/swimchannel.net\/br\/wp-json\/wp\/v2\/comments?post=81723"}],"version-history":[{"count":2,"href":"https:\/\/swimchannel.net\/br\/wp-json\/wp\/v2\/posts\/81723\/revisions"}],"predecessor-version":[{"id":81726,"href":"https:\/\/swimchannel.net\/br\/wp-json\/wp\/v2\/posts\/81723\/revisions\/81726"}],"wp:featuredmedia":[{"embeddable":true,"href":"https:\/\/swimchannel.net\/br\/wp-json\/wp\/v2\/media\/81724"}],"wp:attachment":[{"href":"https:\/\/swimchannel.net\/br\/wp-json\/wp\/v2\/media?parent=81723"}],"wp:term":[{"taxonomy":"category","embeddable":true,"href":"https:\/\/swimchannel.net\/br\/wp-json\/wp\/v2\/categories?post=81723"},{"taxonomy":"post_tag","embeddable":true,"href":"https:\/\/swimchannel.net\/br\/wp-json\/wp\/v2\/tags?post=81723"}],"curies":[{"name":"wp","href":"https:\/\/api.w.org\/{rel}","templated":true}]}}