{"id":81745,"date":"2026-04-27T20:33:40","date_gmt":"2026-04-27T23:33:40","guid":{"rendered":"https:\/\/swimchannel.net\/br\/?p=81745"},"modified":"2026-04-27T20:33:40","modified_gmt":"2026-04-27T23:33:40","slug":"samir-barel-e-vallentini-fernandes-triunfam-nos-7-km-da-travessia-da-vitoria","status":"publish","type":"post","link":"https:\/\/swimchannel.net\/br\/samir-barel-e-vallentini-fernandes-triunfam-nos-7-km-da-travessia-da-vitoria\/","title":{"rendered":"Samir Barel e Vallentini Fernandes triunfam nos 7 km da Travessia da Vit\u00f3ria"},"content":{"rendered":"<p>Aconteceu no \u00faltimo fim de semana mais uma edi\u00e7\u00e3o da Travessia da Vit\u00f3ria, uma das principais provas de nata\u00e7\u00e3o em \u00e1guas abertas do Esp\u00edrito Santo. Disputada na capital capixaba, o evento contou com quatro provas: de 7 km (com largada no hist\u00f3rico Farol de Santa Luzia, em Vila Velha), de 3 km (Ilha do Soc\u00f3 at\u00e9 o P\u00eder Central), de 1 km (uma volta completa a nado na Ilha do Soc\u00f3) e o revezamento 5x500m. Na prova principal as vit\u00f3rias ficaram com Samir Barel e Vallentini Fernandes.<\/p>\n<p>Na prova principal de 7 km, Samir Barel foi o grande campe\u00e3o geral no masculino. Representando sua assessoria esportiva, o nadador paulista de Campinas venceu com tempo total de 1h31min07s. A segunda coloca\u00e7\u00e3o geral foi Joir Vicente, de S\u00e3o Caetano do Sul, com tempo de 1h34min33s. Completou o p\u00f3dio o nadador de Bras\u00edlia, Brunno Rodrigues, com a marca de 1h36min06s.<\/p>\n<figure id=\"attachment_81750\" aria-describedby=\"caption-attachment-81750\" style=\"width: 945px\" class=\"wp-caption alignnone\"><img loading=\"lazy\" decoding=\"async\" class=\"size-full wp-image-81750\" src=\"https:\/\/swimchannel.net\/br\/wp-content\/uploads\/2026\/04\/WhatsApp-Image-2026-04-27-at-15.06.18-1.jpeg\" alt=\"\" width=\"945\" height=\"630\" srcset=\"https:\/\/swimchannel.net\/br\/wp-content\/uploads\/2026\/04\/WhatsApp-Image-2026-04-27-at-15.06.18-1.jpeg 945w, https:\/\/swimchannel.net\/br\/wp-content\/uploads\/2026\/04\/WhatsApp-Image-2026-04-27-at-15.06.18-1-270x180.jpeg 270w, https:\/\/swimchannel.net\/br\/wp-content\/uploads\/2026\/04\/WhatsApp-Image-2026-04-27-at-15.06.18-1-768x512.jpeg 768w, https:\/\/swimchannel.net\/br\/wp-content\/uploads\/2026\/04\/WhatsApp-Image-2026-04-27-at-15.06.18-1-750x500.jpeg 750w\" sizes=\"auto, (max-width: 945px) 100vw, 945px\" \/><figcaption id=\"caption-attachment-81750\" class=\"wp-caption-text\">Travessia da Vit\u00f3ria &#8211; Foto: Organizador do evento<\/figcaption><\/figure>\n<p>Na vers\u00e3o feminina, a campe\u00e3 geral foi Vallentini Fernandes. A atleta de Rio das Ostras venceu os 7 km com o tempo de 1h51min02s. A nadadora capixaba de Serra, Thais Sant&#8217;Ana fcou com o vice-campeonato geral na prova com o tempo 1h52min17s. Por fim, Lila Tavares, outra capixaba, completou o p\u00f3dio. A atleta de Vit\u00f3ria marcou 1h57min04s.<\/p>\n<p>Nos 3 km masculino o campe\u00e3o geral foi o jovem Murilo Pires de 16 anos. O nadador de Vit\u00f3ria completou o percurso em 39min07s. A segunda coloca\u00e7\u00e3o ficou com Vinicius Silva. O nadador de Uberl\u00e2ndia marcou o tempo de 39min31s e foi seguido por Thiago Lima, tamb\u00e9m natural de Vit\u00f3ria, que terminou na terceira coloca\u00e7\u00e3o com 42min34s.<\/p>\n<figure id=\"attachment_81751\" aria-describedby=\"caption-attachment-81751\" style=\"width: 470px\" class=\"wp-caption alignnone\"><img loading=\"lazy\" decoding=\"async\" class=\"size-full wp-image-81751\" src=\"https:\/\/swimchannel.net\/br\/wp-content\/uploads\/2026\/04\/WhatsApp-Image-2026-04-27-at-15.06.18.jpeg\" alt=\"\" width=\"470\" height=\"630\" srcset=\"https:\/\/swimchannel.net\/br\/wp-content\/uploads\/2026\/04\/WhatsApp-Image-2026-04-27-at-15.06.18.jpeg 470w, https:\/\/swimchannel.net\/br\/wp-content\/uploads\/2026\/04\/WhatsApp-Image-2026-04-27-at-15.06.18-134x180.jpeg 134w\" sizes=\"auto, (max-width: 470px) 100vw, 470px\" \/><figcaption id=\"caption-attachment-81751\" class=\"wp-caption-text\">Travessia da Vit\u00f3ria &#8211; Foto: Organizador do evento<\/figcaption><\/figure>\n<p>J\u00e1 na prova feminina de 3 km o t\u00edtulo ficou com a nadadora da casa, Thamy Ventorin. Natural de Vit\u00f3ria, ela venceu a prova com o tempo total de 41min35s. A segunda coloca\u00e7\u00e3o ficou com a atleta Kariny Ribeiro, tamb\u00e9m de Vit\u00f3ria, com tempo de 42min46s. Por fim, Luisa Borges completou o p\u00f3dio em terceiro lugar. A atleta de Vila Velha percorreu os 3 km em 42min56s.<\/p>\n<p>Nas provas de 1 km os campe\u00f5es gerais foram os jovens Lorenzo von Schilgen no masculino e Isabella Luchi no feminino. Natural de Vit\u00f3ria, Lorenzo, de 15 anos triunfou no masculino com tempo total de 13min45s. J\u00e1 Isabella, tamb\u00e9m da cidade de Vit\u00f3ria e de 16 anos de idade, obteve o t\u00edtulo geral entre as mulheres com a marca de 14min10s.<\/p>\n<figure id=\"attachment_81754\" aria-describedby=\"caption-attachment-81754\" style=\"width: 948px\" class=\"wp-caption alignnone\"><img loading=\"lazy\" decoding=\"async\" class=\"size-full wp-image-81754\" src=\"https:\/\/swimchannel.net\/br\/wp-content\/uploads\/2026\/04\/WhatsApp-Image-2026-04-27-at-15.06.17-1.jpeg\" alt=\"\" width=\"948\" height=\"630\" srcset=\"https:\/\/swimchannel.net\/br\/wp-content\/uploads\/2026\/04\/WhatsApp-Image-2026-04-27-at-15.06.17-1.jpeg 948w, https:\/\/swimchannel.net\/br\/wp-content\/uploads\/2026\/04\/WhatsApp-Image-2026-04-27-at-15.06.17-1-271x180.jpeg 271w, https:\/\/swimchannel.net\/br\/wp-content\/uploads\/2026\/04\/WhatsApp-Image-2026-04-27-at-15.06.17-1-768x510.jpeg 768w, https:\/\/swimchannel.net\/br\/wp-content\/uploads\/2026\/04\/WhatsApp-Image-2026-04-27-at-15.06.17-1-750x498.jpeg 750w\" sizes=\"auto, (max-width: 948px) 100vw, 948px\" \/><figcaption id=\"caption-attachment-81754\" class=\"wp-caption-text\">Travessia da Vit\u00f3ria &#8211; Foto: Organizador do evento<\/figcaption><\/figure>\n<p>A Travessia da Vit\u00f3ria tamb\u00e9m teve uma prova de revezamento que foi vencida pela equipe formada pelos nadadores Gabriel Faus, Samir Barel, Flavio Toi, Iago Jorge e Maria Clara Almeida que concluiu o percurso de 5x500m em 19min50s.\u00a0Os resultados completos da Travessia da Vit\u00f3ria est\u00e3o dispon\u00edveis aqui: <a href=\"https:\/\/resultscui.active.com\/events\/TRAVESSIADAVIT%C3%93RIA2026\" target=\"_blank\" rel=\"noopener\">https:\/\/resultscui.active.com\/events\/TRAVESSIADAVIT%C3%93RIA2026<\/a>.<\/p>\n<p>A <strong>SWIM CHANNEL<\/strong> tamb\u00e9m marcou presen\u00e7a na prova com Eduardo Mesquita nadando os 3 km. O &#8220;Nadador Sincero&#8221; vive e treina em Vit\u00f3ria. Ele terminou a prova na sexta coloca\u00e7\u00e3o geral com tempo de 46min21s.\u00a0A edi\u00e7\u00e3o 2026 da Travessia da Vit\u00f3ria tem patroc\u00ednio master da Vale e apoio da NAZCA, Construtora Abaurre e da marca esportiva Speedo.<\/p>\n<figure id=\"attachment_81753\" aria-describedby=\"caption-attachment-81753\" style=\"width: 893px\" class=\"wp-caption alignnone\"><img loading=\"lazy\" decoding=\"async\" class=\"size-full wp-image-81753\" src=\"https:\/\/swimchannel.net\/br\/wp-content\/uploads\/2026\/04\/WhatsApp-Image-2026-04-27-at-15.06.18-2.jpeg\" alt=\"\" width=\"893\" height=\"630\" srcset=\"https:\/\/swimchannel.net\/br\/wp-content\/uploads\/2026\/04\/WhatsApp-Image-2026-04-27-at-15.06.18-2.jpeg 893w, https:\/\/swimchannel.net\/br\/wp-content\/uploads\/2026\/04\/WhatsApp-Image-2026-04-27-at-15.06.18-2-255x180.jpeg 255w, https:\/\/swimchannel.net\/br\/wp-content\/uploads\/2026\/04\/WhatsApp-Image-2026-04-27-at-15.06.18-2-768x542.jpeg 768w, https:\/\/swimchannel.net\/br\/wp-content\/uploads\/2026\/04\/WhatsApp-Image-2026-04-27-at-15.06.18-2-120x86.jpeg 120w, https:\/\/swimchannel.net\/br\/wp-content\/uploads\/2026\/04\/WhatsApp-Image-2026-04-27-at-15.06.18-2-750x529.jpeg 750w\" sizes=\"auto, (max-width: 893px) 100vw, 893px\" \/><figcaption id=\"caption-attachment-81753\" class=\"wp-caption-text\">Travessia da Vit\u00f3ria &#8211; Foto: Organizador do evento<\/figcaption><\/figure>\n<p>&nbsp;<\/p>\n<p>Gostaria de receber as not\u00edcias de nata\u00e7\u00e3o e \u00e1guas abertas no seu email?<\/p>\n<p><a href=\"https:\/\/lpa.nitro.news\/n-GNe\/ultimas-noticias-swim-channel\">Cadastre-se aqui<\/a><\/p>\n","protected":false},"excerpt":{"rendered":"<p>Aconteceu no \u00faltimo fim de semana mais uma edi\u00e7\u00e3o da Travessia da Vit\u00f3ria, uma das principais provas de nata\u00e7\u00e3o em \u00e1guas abertas do Esp\u00edrito Santo. Disputada na capital capixaba, o evento contou com quatro provas: de 7 km (com largada no hist\u00f3rico Farol de Santa Luzia, em Vila Velha), de 3 km (Ilha do Soc\u00f3 [&hellip;]<\/p>\n","protected":false},"author":3,"featured_media":81752,"comment_status":"open","ping_status":"open","sticky":false,"template":"","format":"gallery","meta":{"footnotes":""},"categories":[115],"tags":[14,5,116,312,1894,6948],"class_list":["post-81745","post","type-post","status-publish","format-gallery","has-post-thumbnail","hentry","category-aguas-abertas","tag-aguas-abertas","tag-natacao","tag-samir-barel","tag-speedo","tag-travessia-da-vitoria","tag-vallentini-fernandes","post_format-post-format-gallery"],"yoast_head":"<!-- This site is optimized with the Yoast SEO plugin v27.0 - https:\/\/yoast.com\/product\/yoast-seo-wordpress\/ -->\n<title>Samir Barel e Vallentini Fernandes triunfam nos 7 km da Travessia da Vit\u00f3ria - Swimchannel<\/title>\n<meta name=\"robots\" content=\"index, follow, max-snippet:-1, max-image-preview:large, max-video-preview:-1\" \/>\n<link rel=\"canonical\" href=\"https:\/\/swimchannel.net\/br\/samir-barel-e-vallentini-fernandes-triunfam-nos-7-km-da-travessia-da-vitoria\/\" \/>\n<meta property=\"og:locale\" content=\"pt_BR\" \/>\n<meta property=\"og:type\" content=\"article\" \/>\n<meta property=\"og:title\" content=\"Samir Barel e Vallentini Fernandes triunfam nos 7 km da Travessia da Vit\u00f3ria - Swimchannel\" \/>\n<meta property=\"og:description\" content=\"Aconteceu no \u00faltimo fim de semana mais uma edi\u00e7\u00e3o da Travessia da Vit\u00f3ria, uma das principais provas de nata\u00e7\u00e3o em \u00e1guas abertas do Esp\u00edrito Santo. Disputada na capital capixaba, o evento contou com quatro provas: de 7 km (com largada no hist\u00f3rico Farol de Santa Luzia, em Vila Velha), de 3 km (Ilha do Soc\u00f3 [&hellip;]\" \/>\n<meta property=\"og:url\" content=\"https:\/\/swimchannel.net\/br\/samir-barel-e-vallentini-fernandes-triunfam-nos-7-km-da-travessia-da-vitoria\/\" \/>\n<meta property=\"og:site_name\" content=\"Swimchannel\" \/>\n<meta property=\"article:publisher\" content=\"https:\/\/www.facebook.com\/swimchannel\" \/>\n<meta property=\"article:published_time\" content=\"2026-04-27T23:33:40+00:00\" \/>\n<meta property=\"og:image\" content=\"https:\/\/swimchannel.net\/br\/wp-content\/uploads\/2026\/04\/WhatsApp-Image-2026-04-27-at-15.06.17.jpeg\" \/>\n\t<meta property=\"og:image:width\" content=\"945\" \/>\n\t<meta property=\"og:image:height\" content=\"630\" \/>\n\t<meta property=\"og:image:type\" content=\"image\/jpeg\" \/>\n<meta name=\"author\" content=\"Guilherme Freitas\" \/>\n<meta name=\"twitter:card\" content=\"summary_large_image\" \/>\n<meta name=\"twitter:label1\" content=\"Escrito por\" \/>\n\t<meta name=\"twitter:data1\" content=\"Guilherme Freitas\" \/>\n\t<meta name=\"twitter:label2\" content=\"Est. tempo de leitura\" \/>\n\t<meta name=\"twitter:data2\" content=\"5 minutos\" \/>\n<script type=\"application\/ld+json\" class=\"yoast-schema-graph\">{\"@context\":\"https:\/\/schema.org\",\"@graph\":[{\"@type\":\"Article\",\"@id\":\"https:\/\/swimchannel.net\/br\/samir-barel-e-vallentini-fernandes-triunfam-nos-7-km-da-travessia-da-vitoria\/#article\",\"isPartOf\":{\"@id\":\"https:\/\/swimchannel.net\/br\/samir-barel-e-vallentini-fernandes-triunfam-nos-7-km-da-travessia-da-vitoria\/\"},\"author\":{\"name\":\"Guilherme Freitas\",\"@id\":\"https:\/\/swimchannel.net\/br\/#\/schema\/person\/aa2a63bab3275f53749a83276b213c48\"},\"headline\":\"Samir Barel e Vallentini Fernandes triunfam nos 7 km da Travessia da Vit\u00f3ria\",\"datePublished\":\"2026-04-27T23:33:40+00:00\",\"mainEntityOfPage\":{\"@id\":\"https:\/\/swimchannel.net\/br\/samir-barel-e-vallentini-fernandes-triunfam-nos-7-km-da-travessia-da-vitoria\/\"},\"wordCount\":654,\"commentCount\":0,\"publisher\":{\"@id\":\"https:\/\/swimchannel.net\/br\/#organization\"},\"image\":{\"@id\":\"https:\/\/swimchannel.net\/br\/samir-barel-e-vallentini-fernandes-triunfam-nos-7-km-da-travessia-da-vitoria\/#primaryimage\"},\"thumbnailUrl\":\"https:\/\/swimchannel.net\/br\/wp-content\/uploads\/2026\/04\/WhatsApp-Image-2026-04-27-at-15.06.17.jpeg\",\"keywords\":[\"\u00c1guas abertas\",\"natacao\",\"Samir Barel\",\"Speedo\",\"Travessia da Vit\u00f3ria\",\"Vallentini Fernandes\"],\"articleSection\":[\"\u00c1guas Abertas\"],\"inLanguage\":\"pt-BR\",\"potentialAction\":[{\"@type\":\"CommentAction\",\"name\":\"Comment\",\"target\":[\"https:\/\/swimchannel.net\/br\/samir-barel-e-vallentini-fernandes-triunfam-nos-7-km-da-travessia-da-vitoria\/#respond\"]}]},{\"@type\":\"WebPage\",\"@id\":\"https:\/\/swimchannel.net\/br\/samir-barel-e-vallentini-fernandes-triunfam-nos-7-km-da-travessia-da-vitoria\/\",\"url\":\"https:\/\/swimchannel.net\/br\/samir-barel-e-vallentini-fernandes-triunfam-nos-7-km-da-travessia-da-vitoria\/\",\"name\":\"Samir Barel e Vallentini Fernandes triunfam nos 7 km da Travessia da Vit\u00f3ria - Swimchannel\",\"isPartOf\":{\"@id\":\"https:\/\/swimchannel.net\/br\/#website\"},\"primaryImageOfPage\":{\"@id\":\"https:\/\/swimchannel.net\/br\/samir-barel-e-vallentini-fernandes-triunfam-nos-7-km-da-travessia-da-vitoria\/#primaryimage\"},\"image\":{\"@id\":\"https:\/\/swimchannel.net\/br\/samir-barel-e-vallentini-fernandes-triunfam-nos-7-km-da-travessia-da-vitoria\/#primaryimage\"},\"thumbnailUrl\":\"https:\/\/swimchannel.net\/br\/wp-content\/uploads\/2026\/04\/WhatsApp-Image-2026-04-27-at-15.06.17.jpeg\",\"datePublished\":\"2026-04-27T23:33:40+00:00\",\"breadcrumb\":{\"@id\":\"https:\/\/swimchannel.net\/br\/samir-barel-e-vallentini-fernandes-triunfam-nos-7-km-da-travessia-da-vitoria\/#breadcrumb\"},\"inLanguage\":\"pt-BR\",\"potentialAction\":[{\"@type\":\"ReadAction\",\"target\":[\"https:\/\/swimchannel.net\/br\/samir-barel-e-vallentini-fernandes-triunfam-nos-7-km-da-travessia-da-vitoria\/\"]}]},{\"@type\":\"ImageObject\",\"inLanguage\":\"pt-BR\",\"@id\":\"https:\/\/swimchannel.net\/br\/samir-barel-e-vallentini-fernandes-triunfam-nos-7-km-da-travessia-da-vitoria\/#primaryimage\",\"url\":\"https:\/\/swimchannel.net\/br\/wp-content\/uploads\/2026\/04\/WhatsApp-Image-2026-04-27-at-15.06.17.jpeg\",\"contentUrl\":\"https:\/\/swimchannel.net\/br\/wp-content\/uploads\/2026\/04\/WhatsApp-Image-2026-04-27-at-15.06.17.jpeg\",\"width\":945,\"height\":630,\"caption\":\"Travessia da Vit\u00f3ria - Foto: Organizador do evento\"},{\"@type\":\"BreadcrumbList\",\"@id\":\"https:\/\/swimchannel.net\/br\/samir-barel-e-vallentini-fernandes-triunfam-nos-7-km-da-travessia-da-vitoria\/#breadcrumb\",\"itemListElement\":[{\"@type\":\"ListItem\",\"position\":1,\"name\":\"Home\",\"item\":\"https:\/\/swimchannel.net\/br\/\"},{\"@type\":\"ListItem\",\"position\":2,\"name\":\"Samir Barel e Vallentini Fernandes triunfam nos 7 km da Travessia da Vit\u00f3ria\"}]},{\"@type\":\"WebSite\",\"@id\":\"https:\/\/swimchannel.net\/br\/#website\",\"url\":\"https:\/\/swimchannel.net\/br\/\",\"name\":\"Swimchannel\",\"description\":\"Maior portal de nata\u00e7\u00e3o da america latina\",\"publisher\":{\"@id\":\"https:\/\/swimchannel.net\/br\/#organization\"},\"potentialAction\":[{\"@type\":\"SearchAction\",\"target\":{\"@type\":\"EntryPoint\",\"urlTemplate\":\"https:\/\/swimchannel.net\/br\/?s={search_term_string}\"},\"query-input\":{\"@type\":\"PropertyValueSpecification\",\"valueRequired\":true,\"valueName\":\"search_term_string\"}}],\"inLanguage\":\"pt-BR\"},{\"@type\":\"Organization\",\"@id\":\"https:\/\/swimchannel.net\/br\/#organization\",\"name\":\"Swimchannel - Conectando voc\u00ea a Nata\u00e7\u00e3o\",\"url\":\"https:\/\/swimchannel.net\/br\/\",\"logo\":{\"@type\":\"ImageObject\",\"inLanguage\":\"pt-BR\",\"@id\":\"https:\/\/swimchannel.net\/br\/#\/schema\/logo\/image\/\",\"url\":\"https:\/\/swimchannel.net\/br\/wp-content\/uploads\/2026\/02\/SWIM-CHANNEL.png\",\"contentUrl\":\"https:\/\/swimchannel.net\/br\/wp-content\/uploads\/2026\/02\/SWIM-CHANNEL.png\",\"width\":1120,\"height\":630,\"caption\":\"Swimchannel - Conectando voc\u00ea a Nata\u00e7\u00e3o\"},\"image\":{\"@id\":\"https:\/\/swimchannel.net\/br\/#\/schema\/logo\/image\/\"},\"sameAs\":[\"https:\/\/www.facebook.com\/swimchannel\",\"https:\/\/www.instagram.com\/swimchannel\"]},{\"@type\":\"Person\",\"@id\":\"https:\/\/swimchannel.net\/br\/#\/schema\/person\/aa2a63bab3275f53749a83276b213c48\",\"name\":\"Guilherme Freitas\",\"image\":{\"@type\":\"ImageObject\",\"inLanguage\":\"pt-BR\",\"@id\":\"https:\/\/swimchannel.net\/br\/#\/schema\/person\/image\/\",\"url\":\"https:\/\/swimchannel.net\/br\/wp-content\/uploads\/2025\/10\/gui22-193x180.png\",\"contentUrl\":\"https:\/\/swimchannel.net\/br\/wp-content\/uploads\/2025\/10\/gui22-193x180.png\",\"caption\":\"Guilherme Freitas\"},\"description\":\"Jornalista s\u00eanior da SWIM CHANNEL, ex-correspondente da FINA no Brasil e pesquisador acad\u00eamico.\",\"sameAs\":[\"instagram.com\/guifreitas86\"],\"url\":\"https:\/\/swimchannel.net\/br\/author\/guilherme-freitas\/\"}]}<\/script>\n<!-- \/ Yoast SEO plugin. -->","yoast_head_json":{"title":"Samir Barel e Vallentini Fernandes triunfam nos 7 km da Travessia da Vit\u00f3ria - Swimchannel","robots":{"index":"index","follow":"follow","max-snippet":"max-snippet:-1","max-image-preview":"max-image-preview:large","max-video-preview":"max-video-preview:-1"},"canonical":"https:\/\/swimchannel.net\/br\/samir-barel-e-vallentini-fernandes-triunfam-nos-7-km-da-travessia-da-vitoria\/","og_locale":"pt_BR","og_type":"article","og_title":"Samir Barel e Vallentini Fernandes triunfam nos 7 km da Travessia da Vit\u00f3ria - Swimchannel","og_description":"Aconteceu no \u00faltimo fim de semana mais uma edi\u00e7\u00e3o da Travessia da Vit\u00f3ria, uma das principais provas de nata\u00e7\u00e3o em \u00e1guas abertas do Esp\u00edrito Santo. Disputada na capital capixaba, o evento contou com quatro provas: de 7 km (com largada no hist\u00f3rico Farol de Santa Luzia, em Vila Velha), de 3 km (Ilha do Soc\u00f3 [&hellip;]","og_url":"https:\/\/swimchannel.net\/br\/samir-barel-e-vallentini-fernandes-triunfam-nos-7-km-da-travessia-da-vitoria\/","og_site_name":"Swimchannel","article_publisher":"https:\/\/www.facebook.com\/swimchannel","article_published_time":"2026-04-27T23:33:40+00:00","og_image":[{"width":945,"height":630,"url":"https:\/\/swimchannel.net\/br\/wp-content\/uploads\/2026\/04\/WhatsApp-Image-2026-04-27-at-15.06.17.jpeg","type":"image\/jpeg"}],"author":"Guilherme Freitas","twitter_card":"summary_large_image","twitter_misc":{"Escrito por":"Guilherme Freitas","Est. tempo de leitura":"5 minutos"},"schema":{"@context":"https:\/\/schema.org","@graph":[{"@type":"Article","@id":"https:\/\/swimchannel.net\/br\/samir-barel-e-vallentini-fernandes-triunfam-nos-7-km-da-travessia-da-vitoria\/#article","isPartOf":{"@id":"https:\/\/swimchannel.net\/br\/samir-barel-e-vallentini-fernandes-triunfam-nos-7-km-da-travessia-da-vitoria\/"},"author":{"name":"Guilherme Freitas","@id":"https:\/\/swimchannel.net\/br\/#\/schema\/person\/aa2a63bab3275f53749a83276b213c48"},"headline":"Samir Barel e Vallentini Fernandes triunfam nos 7 km da Travessia da Vit\u00f3ria","datePublished":"2026-04-27T23:33:40+00:00","mainEntityOfPage":{"@id":"https:\/\/swimchannel.net\/br\/samir-barel-e-vallentini-fernandes-triunfam-nos-7-km-da-travessia-da-vitoria\/"},"wordCount":654,"commentCount":0,"publisher":{"@id":"https:\/\/swimchannel.net\/br\/#organization"},"image":{"@id":"https:\/\/swimchannel.net\/br\/samir-barel-e-vallentini-fernandes-triunfam-nos-7-km-da-travessia-da-vitoria\/#primaryimage"},"thumbnailUrl":"https:\/\/swimchannel.net\/br\/wp-content\/uploads\/2026\/04\/WhatsApp-Image-2026-04-27-at-15.06.17.jpeg","keywords":["\u00c1guas abertas","natacao","Samir Barel","Speedo","Travessia da Vit\u00f3ria","Vallentini Fernandes"],"articleSection":["\u00c1guas Abertas"],"inLanguage":"pt-BR","potentialAction":[{"@type":"CommentAction","name":"Comment","target":["https:\/\/swimchannel.net\/br\/samir-barel-e-vallentini-fernandes-triunfam-nos-7-km-da-travessia-da-vitoria\/#respond"]}]},{"@type":"WebPage","@id":"https:\/\/swimchannel.net\/br\/samir-barel-e-vallentini-fernandes-triunfam-nos-7-km-da-travessia-da-vitoria\/","url":"https:\/\/swimchannel.net\/br\/samir-barel-e-vallentini-fernandes-triunfam-nos-7-km-da-travessia-da-vitoria\/","name":"Samir Barel e Vallentini Fernandes triunfam nos 7 km da Travessia da Vit\u00f3ria - Swimchannel","isPartOf":{"@id":"https:\/\/swimchannel.net\/br\/#website"},"primaryImageOfPage":{"@id":"https:\/\/swimchannel.net\/br\/samir-barel-e-vallentini-fernandes-triunfam-nos-7-km-da-travessia-da-vitoria\/#primaryimage"},"image":{"@id":"https:\/\/swimchannel.net\/br\/samir-barel-e-vallentini-fernandes-triunfam-nos-7-km-da-travessia-da-vitoria\/#primaryimage"},"thumbnailUrl":"https:\/\/swimchannel.net\/br\/wp-content\/uploads\/2026\/04\/WhatsApp-Image-2026-04-27-at-15.06.17.jpeg","datePublished":"2026-04-27T23:33:40+00:00","breadcrumb":{"@id":"https:\/\/swimchannel.net\/br\/samir-barel-e-vallentini-fernandes-triunfam-nos-7-km-da-travessia-da-vitoria\/#breadcrumb"},"inLanguage":"pt-BR","potentialAction":[{"@type":"ReadAction","target":["https:\/\/swimchannel.net\/br\/samir-barel-e-vallentini-fernandes-triunfam-nos-7-km-da-travessia-da-vitoria\/"]}]},{"@type":"ImageObject","inLanguage":"pt-BR","@id":"https:\/\/swimchannel.net\/br\/samir-barel-e-vallentini-fernandes-triunfam-nos-7-km-da-travessia-da-vitoria\/#primaryimage","url":"https:\/\/swimchannel.net\/br\/wp-content\/uploads\/2026\/04\/WhatsApp-Image-2026-04-27-at-15.06.17.jpeg","contentUrl":"https:\/\/swimchannel.net\/br\/wp-content\/uploads\/2026\/04\/WhatsApp-Image-2026-04-27-at-15.06.17.jpeg","width":945,"height":630,"caption":"Travessia da Vit\u00f3ria - Foto: Organizador do evento"},{"@type":"BreadcrumbList","@id":"https:\/\/swimchannel.net\/br\/samir-barel-e-vallentini-fernandes-triunfam-nos-7-km-da-travessia-da-vitoria\/#breadcrumb","itemListElement":[{"@type":"ListItem","position":1,"name":"Home","item":"https:\/\/swimchannel.net\/br\/"},{"@type":"ListItem","position":2,"name":"Samir Barel e Vallentini Fernandes triunfam nos 7 km da Travessia da Vit\u00f3ria"}]},{"@type":"WebSite","@id":"https:\/\/swimchannel.net\/br\/#website","url":"https:\/\/swimchannel.net\/br\/","name":"Swimchannel","description":"Maior portal de nata\u00e7\u00e3o da america latina","publisher":{"@id":"https:\/\/swimchannel.net\/br\/#organization"},"potentialAction":[{"@type":"SearchAction","target":{"@type":"EntryPoint","urlTemplate":"https:\/\/swimchannel.net\/br\/?s={search_term_string}"},"query-input":{"@type":"PropertyValueSpecification","valueRequired":true,"valueName":"search_term_string"}}],"inLanguage":"pt-BR"},{"@type":"Organization","@id":"https:\/\/swimchannel.net\/br\/#organization","name":"Swimchannel - Conectando voc\u00ea a Nata\u00e7\u00e3o","url":"https:\/\/swimchannel.net\/br\/","logo":{"@type":"ImageObject","inLanguage":"pt-BR","@id":"https:\/\/swimchannel.net\/br\/#\/schema\/logo\/image\/","url":"https:\/\/swimchannel.net\/br\/wp-content\/uploads\/2026\/02\/SWIM-CHANNEL.png","contentUrl":"https:\/\/swimchannel.net\/br\/wp-content\/uploads\/2026\/02\/SWIM-CHANNEL.png","width":1120,"height":630,"caption":"Swimchannel - Conectando voc\u00ea a Nata\u00e7\u00e3o"},"image":{"@id":"https:\/\/swimchannel.net\/br\/#\/schema\/logo\/image\/"},"sameAs":["https:\/\/www.facebook.com\/swimchannel","https:\/\/www.instagram.com\/swimchannel"]},{"@type":"Person","@id":"https:\/\/swimchannel.net\/br\/#\/schema\/person\/aa2a63bab3275f53749a83276b213c48","name":"Guilherme Freitas","image":{"@type":"ImageObject","inLanguage":"pt-BR","@id":"https:\/\/swimchannel.net\/br\/#\/schema\/person\/image\/","url":"https:\/\/swimchannel.net\/br\/wp-content\/uploads\/2025\/10\/gui22-193x180.png","contentUrl":"https:\/\/swimchannel.net\/br\/wp-content\/uploads\/2025\/10\/gui22-193x180.png","caption":"Guilherme Freitas"},"description":"Jornalista s\u00eanior da SWIM CHANNEL, ex-correspondente da FINA no Brasil e pesquisador acad\u00eamico.","sameAs":["instagram.com\/guifreitas86"],"url":"https:\/\/swimchannel.net\/br\/author\/guilherme-freitas\/"}]}},"_links":{"self":[{"href":"https:\/\/swimchannel.net\/br\/wp-json\/wp\/v2\/posts\/81745","targetHints":{"allow":["GET"]}}],"collection":[{"href":"https:\/\/swimchannel.net\/br\/wp-json\/wp\/v2\/posts"}],"about":[{"href":"https:\/\/swimchannel.net\/br\/wp-json\/wp\/v2\/types\/post"}],"author":[{"embeddable":true,"href":"https:\/\/swimchannel.net\/br\/wp-json\/wp\/v2\/users\/3"}],"replies":[{"embeddable":true,"href":"https:\/\/swimchannel.net\/br\/wp-json\/wp\/v2\/comments?post=81745"}],"version-history":[{"count":4,"href":"https:\/\/swimchannel.net\/br\/wp-json\/wp\/v2\/posts\/81745\/revisions"}],"predecessor-version":[{"id":81755,"href":"https:\/\/swimchannel.net\/br\/wp-json\/wp\/v2\/posts\/81745\/revisions\/81755"}],"wp:featuredmedia":[{"embeddable":true,"href":"https:\/\/swimchannel.net\/br\/wp-json\/wp\/v2\/media\/81752"}],"wp:attachment":[{"href":"https:\/\/swimchannel.net\/br\/wp-json\/wp\/v2\/media?parent=81745"}],"wp:term":[{"taxonomy":"category","embeddable":true,"href":"https:\/\/swimchannel.net\/br\/wp-json\/wp\/v2\/categories?post=81745"},{"taxonomy":"post_tag","embeddable":true,"href":"https:\/\/swimchannel.net\/br\/wp-json\/wp\/v2\/tags?post=81745"}],"curies":[{"name":"wp","href":"https:\/\/api.w.org\/{rel}","templated":true}]}}