{"id":81841,"date":"2026-05-01T09:00:53","date_gmt":"2026-05-01T12:00:53","guid":{"rendered":"https:\/\/swimchannel.net\/br\/?p=81841"},"modified":"2026-04-30T12:05:02","modified_gmt":"2026-04-30T15:05:02","slug":"como-foram-as-performances-de-etiene-medeiros-e-nicholas-santos-no-paulista-de-inverno","status":"publish","type":"post","link":"https:\/\/swimchannel.net\/br\/como-foram-as-performances-de-etiene-medeiros-e-nicholas-santos-no-paulista-de-inverno\/","title":{"rendered":"Como foram as performances de Etiene Medeiros e Nicholas Santos no Paulista de Inverno"},"content":{"rendered":"<p>O primeiro bom teste para a dupla de campe\u00f5es mundiais Etiene Medeiros e Nicholas Santos foi positivo. Etiene e Nicholas foram algumas das atra\u00e7\u00f5es do Campeonato Paulista J\u00fanior e S\u00eanior e Open SP de Inverno realizado no final de semana na rec\u00e9m inaugurada piscina do Paineiras em S\u00e3o Paulo.<\/p>\n<p>Etiene Medeiros nadando pelo SESI SP terminou o Open como o melhor \u00edndice t\u00e9cnico da competi\u00e7\u00e3o, n\u00e3o s\u00f3 no feminino, mas seus 840 pontos pelo 28.46 lhe deu a melhor performance de toda competi\u00e7\u00e3o. A nadadora que retornou a treinar no ano passado e havia feito sua primeira competi\u00e7\u00e3o no Trof\u00e9u Renaldo Malta em Dezembro, teve seus melhores resultados desde ent\u00e3o.<\/p>\n<figure id=\"attachment_81842\" aria-describedby=\"caption-attachment-81842\" style=\"width: 969px\" class=\"wp-caption alignnone\"><img loading=\"lazy\" decoding=\"async\" class=\"size-full wp-image-81842\" src=\"https:\/\/swimchannel.net\/br\/wp-content\/uploads\/2026\/04\/WhatsApp-Image-2026-04-28-at-9.47.49-AM.jpeg\" alt=\"\" width=\"969\" height=\"630\" srcset=\"https:\/\/swimchannel.net\/br\/wp-content\/uploads\/2026\/04\/WhatsApp-Image-2026-04-28-at-9.47.49-AM.jpeg 969w, https:\/\/swimchannel.net\/br\/wp-content\/uploads\/2026\/04\/WhatsApp-Image-2026-04-28-at-9.47.49-AM-277x180.jpeg 277w, https:\/\/swimchannel.net\/br\/wp-content\/uploads\/2026\/04\/WhatsApp-Image-2026-04-28-at-9.47.49-AM-768x499.jpeg 768w, https:\/\/swimchannel.net\/br\/wp-content\/uploads\/2026\/04\/WhatsApp-Image-2026-04-28-at-9.47.49-AM-750x488.jpeg 750w\" sizes=\"auto, (max-width: 969px) 100vw, 969px\" \/><figcaption id=\"caption-attachment-81842\" class=\"wp-caption-text\">Etiene Medeiros &#8211; Foto: Zizao\/Federa\u00e7\u00e3o Aqu\u00e1tica Paulista<\/figcaption><\/figure>\n<p>Nesta temporada, Etiene j\u00e1 havia disputado o Torneio Pernambucano e o Metropolitano em Belo Horizonte. Seus resultados seguem em abaixo:<\/p>\n<p>Torneio Pernambucano<br \/>\n50m costas 29.09<br \/>\n50m livre 26.02<\/p>\n<p>Torneio Metropolitano<br \/>\n50m costas 29.56<br \/>\n50m livre 26.63<\/p>\n<figure id=\"attachment_81845\" aria-describedby=\"caption-attachment-81845\" style=\"width: 1100px\" class=\"wp-caption alignnone\"><img loading=\"lazy\" decoding=\"async\" class=\"size-full wp-image-81845\" src=\"https:\/\/swimchannel.net\/br\/wp-content\/uploads\/2026\/04\/WhatsApp-Image-2026-04-28-at-9.47.50-AM-e1777386383193.jpeg\" alt=\"\" width=\"1100\" height=\"620\" srcset=\"https:\/\/swimchannel.net\/br\/wp-content\/uploads\/2026\/04\/WhatsApp-Image-2026-04-28-at-9.47.50-AM-e1777386383193.jpeg 1100w, https:\/\/swimchannel.net\/br\/wp-content\/uploads\/2026\/04\/WhatsApp-Image-2026-04-28-at-9.47.50-AM-e1777386383193-320x180.jpeg 320w, https:\/\/swimchannel.net\/br\/wp-content\/uploads\/2026\/04\/WhatsApp-Image-2026-04-28-at-9.47.50-AM-e1777386383193-768x433.jpeg 768w, https:\/\/swimchannel.net\/br\/wp-content\/uploads\/2026\/04\/WhatsApp-Image-2026-04-28-at-9.47.50-AM-e1777386383193-750x423.jpeg 750w\" sizes=\"auto, (max-width: 1100px) 100vw, 1100px\" \/><figcaption id=\"caption-attachment-81845\" class=\"wp-caption-text\">Etiene Medeiros &#8211; Foto: Zizao\/Federa\u00e7\u00e3o Aqu\u00e1tica Paulista<\/figcaption><\/figure>\n<p>Paulista Jr. Sr. Open<br \/>\n50m costas 28.46<br \/>\n50m livre 25.76<\/p>\n<p>Sua sequ\u00eancia de resultados no Paulista<br \/>\n50m costas<br \/>\nPaulista S\u00eanior, pela manh\u00e3 28.71<br \/>\nOpen 28.69 e final 28.46<\/p>\n<p>50m livre<br \/>\nPaulista S\u00eanior, pela manh\u00e3 26.09<br \/>\nOpen 25.76 e final 26.02<\/p>\n<figure id=\"attachment_81846\" aria-describedby=\"caption-attachment-81846\" style=\"width: 944px\" class=\"wp-caption alignnone\"><img loading=\"lazy\" decoding=\"async\" class=\"size-full wp-image-81846\" src=\"https:\/\/swimchannel.net\/br\/wp-content\/uploads\/2026\/04\/WhatsApp-Image-2026-04-28-at-9.44.53-AM.jpeg\" alt=\"\" width=\"944\" height=\"630\" srcset=\"https:\/\/swimchannel.net\/br\/wp-content\/uploads\/2026\/04\/WhatsApp-Image-2026-04-28-at-9.44.53-AM.jpeg 944w, https:\/\/swimchannel.net\/br\/wp-content\/uploads\/2026\/04\/WhatsApp-Image-2026-04-28-at-9.44.53-AM-270x180.jpeg 270w, https:\/\/swimchannel.net\/br\/wp-content\/uploads\/2026\/04\/WhatsApp-Image-2026-04-28-at-9.44.53-AM-768x513.jpeg 768w, https:\/\/swimchannel.net\/br\/wp-content\/uploads\/2026\/04\/WhatsApp-Image-2026-04-28-at-9.44.53-AM-750x501.jpeg 750w\" sizes=\"auto, (max-width: 944px) 100vw, 944px\" \/><figcaption id=\"caption-attachment-81846\" class=\"wp-caption-text\">Nicholas Santos &#8211; Foto: Zizao\/Federa\u00e7\u00e3o Aqu\u00e1tica Paulista<\/figcaption><\/figure>\n<p>Nicholas Santos fez a sua estreia competitiva oficial e agora nadando pelo Swim Floripa. Venceu o Open SP com 23.71 nos 50m borboleta, mas havia nadado melhor no Paulista S\u00eanior pela manh\u00e3 com 23.63. Seguindo um rigoroso programa de treinamento, o nadador teve uma semana carregada de s\u00e9ries anaer\u00f3bicas e muscula\u00e7\u00e3o e os resultados na quinta-feira ainda sentiram os efeitos dos dias anteriores de trabalho. No s\u00e1bado, ele nadou os 50m livre e foi de borboleta para fazer 23.46, o melhor da sua participa\u00e7\u00e3o e tamb\u00e9m garantindo \u00edndice para o Trof\u00e9u Brasil na prova.<\/p>\n<p>Um dos detalhes importantes do resultado de Nicholas no Paulista foi seu parcial de 35m 15.0, uma marca que na proje\u00e7\u00e3o daria um 22 m\u00e9dio com melhor final de prova.<\/p>\n<figure id=\"attachment_81844\" aria-describedby=\"caption-attachment-81844\" style=\"width: 420px\" class=\"wp-caption alignnone\"><img loading=\"lazy\" decoding=\"async\" class=\"size-full wp-image-81844\" src=\"https:\/\/swimchannel.net\/br\/wp-content\/uploads\/2026\/04\/WhatsApp-Image-2026-04-28-at-9.44.31-AM-2.jpeg\" alt=\"\" width=\"420\" height=\"630\" srcset=\"https:\/\/swimchannel.net\/br\/wp-content\/uploads\/2026\/04\/WhatsApp-Image-2026-04-28-at-9.44.31-AM-2.jpeg 420w, https:\/\/swimchannel.net\/br\/wp-content\/uploads\/2026\/04\/WhatsApp-Image-2026-04-28-at-9.44.31-AM-2-120x180.jpeg 120w\" sizes=\"auto, (max-width: 420px) 100vw, 420px\" \/><figcaption id=\"caption-attachment-81844\" class=\"wp-caption-text\">Nicholas Santos &#8211; Foto: Zizao\/Federa\u00e7\u00e3o Aqu\u00e1tica Paulista<\/figcaption><\/figure>\n<p>Os resultados completos de Nicholas Santos na competi\u00e7\u00e3o:<br \/>\n50m borboleta<br \/>\nPaulista S\u00eanior, pela manh\u00e3 23.63<br \/>\nOpen 23.98 e final 23.71<\/p>\n<p>50m livre naando borboleta<br \/>\nPaulista S\u00eanior, pela manh\u00e3 23.45<\/p>\n<p>Embora bastante positivos os resultados da dupla ainda \u00e9 bastante prematuro qualquer tipo de avalia\u00e7\u00e3o internacional. Tanto Etiene como Nicholas tem programas focados em um retorno progressivo, gradual e com objetivos mais a frente. Mesmo que ambos v\u00e3o estar descansados no Trof\u00e9u Brasil em Maio, o objetivo \u00e9 mais a longo termo. A pr\u00f3pria Etiene foca mais na vaga para o Mundial de Curta ou seja, melhor resultado da temporada focado para o Finkel no segundo semestre.<\/p>\n<figure id=\"attachment_81843\" aria-describedby=\"caption-attachment-81843\" style=\"width: 946px\" class=\"wp-caption alignnone\"><img loading=\"lazy\" decoding=\"async\" class=\"size-full wp-image-81843\" src=\"https:\/\/swimchannel.net\/br\/wp-content\/uploads\/2026\/04\/WhatsApp-Image-2026-04-28-at-9.44.30-AM-1.jpeg\" alt=\"\" width=\"946\" height=\"630\" srcset=\"https:\/\/swimchannel.net\/br\/wp-content\/uploads\/2026\/04\/WhatsApp-Image-2026-04-28-at-9.44.30-AM-1.jpeg 946w, https:\/\/swimchannel.net\/br\/wp-content\/uploads\/2026\/04\/WhatsApp-Image-2026-04-28-at-9.44.30-AM-1-270x180.jpeg 270w, https:\/\/swimchannel.net\/br\/wp-content\/uploads\/2026\/04\/WhatsApp-Image-2026-04-28-at-9.44.30-AM-1-768x511.jpeg 768w, https:\/\/swimchannel.net\/br\/wp-content\/uploads\/2026\/04\/WhatsApp-Image-2026-04-28-at-9.44.30-AM-1-750x499.jpeg 750w\" sizes=\"auto, (max-width: 946px) 100vw, 946px\" \/><figcaption id=\"caption-attachment-81843\" class=\"wp-caption-text\">Nicholas Santos &#8211; Foto: Zizao\/Federa\u00e7\u00e3o Aqu\u00e1tica Paulista<\/figcaption><\/figure>\n<p>Os tempos de Etiene Medeiros (28.46 nos 50m costas) e Nicholas Santos (23.63 nos 50m borboleta) ocupariam respectivamente a posi\u00e7\u00e3o 93 no ranking mundial de 2025 para Etiene e 110 para Nicholas. Na proje\u00e7\u00e3o dos resultados do Mundial de Singapura no ano passado:<\/p>\n<p>50m costas feminino<br \/>\nPara passar a semifinal 27.97<br \/>\nPara chegar a final 27.57<br \/>\nPara chegar ao p\u00f3dio 27.30<br \/>\nPara vencer a prova 27.08<\/p>\n<p>50m borboleta masculino<br \/>\nPara passar a semifinal 23.28<br \/>\nPara chegar a final 22.91<br \/>\nPara chegar ao p\u00f3dio 22.67<br \/>\nPara vencer a prova 22.40<\/p>\n<p>&nbsp;<\/p>\n<p>Gostaria de receber as not\u00edcias de nata\u00e7\u00e3o e \u00e1guas abertas no seu email?<\/p>\n<p><a href=\"https:\/\/lpa.nitro.news\/n-GNe\/ultimas-noticias-swim-channel\">Cadastre-se aqui<\/a><\/p>\n","protected":false},"excerpt":{"rendered":"<p>O primeiro bom teste para a dupla de campe\u00f5es mundiais Etiene Medeiros e Nicholas Santos foi positivo. Etiene e Nicholas foram algumas das atra\u00e7\u00f5es do Campeonato Paulista J\u00fanior e S\u00eanior e Open SP de Inverno realizado no final de semana na rec\u00e9m inaugurada piscina do Paineiras em S\u00e3o Paulo. Etiene Medeiros nadando pelo SESI SP [&hellip;]<\/p>\n","protected":false},"author":12,"featured_media":54507,"comment_status":"open","ping_status":"open","sticky":false,"template":"","format":"gallery","meta":{"footnotes":""},"categories":[137],"tags":[4322,40,1767,5,91,5273],"class_list":["post-81841","post","type-post","status-publish","format-gallery","has-post-thumbnail","hentry","category-natacao","tag-campeonato-paulista","tag-etiene-medeiros","tag-fap","tag-natacao","tag-nicholas-santos","tag-sp-open","post_format-post-format-gallery"],"yoast_head":"<!-- This site is optimized with the Yoast SEO plugin v27.0 - https:\/\/yoast.com\/product\/yoast-seo-wordpress\/ -->\n<title>Como foram as performances de Etiene Medeiros e Nicholas Santos no Paulista de Inverno - Swimchannel<\/title>\n<meta name=\"robots\" content=\"index, follow, max-snippet:-1, max-image-preview:large, max-video-preview:-1\" \/>\n<link rel=\"canonical\" href=\"https:\/\/swimchannel.net\/br\/como-foram-as-performances-de-etiene-medeiros-e-nicholas-santos-no-paulista-de-inverno\/\" \/>\n<meta property=\"og:locale\" content=\"pt_BR\" \/>\n<meta property=\"og:type\" content=\"article\" \/>\n<meta property=\"og:title\" content=\"Como foram as performances de Etiene Medeiros e Nicholas Santos no Paulista de Inverno - Swimchannel\" \/>\n<meta property=\"og:description\" content=\"O primeiro bom teste para a dupla de campe\u00f5es mundiais Etiene Medeiros e Nicholas Santos foi positivo. Etiene e Nicholas foram algumas das atra\u00e7\u00f5es do Campeonato Paulista J\u00fanior e S\u00eanior e Open SP de Inverno realizado no final de semana na rec\u00e9m inaugurada piscina do Paineiras em S\u00e3o Paulo. Etiene Medeiros nadando pelo SESI SP [&hellip;]\" \/>\n<meta property=\"og:url\" content=\"https:\/\/swimchannel.net\/br\/como-foram-as-performances-de-etiene-medeiros-e-nicholas-santos-no-paulista-de-inverno\/\" \/>\n<meta property=\"og:site_name\" content=\"Swimchannel\" \/>\n<meta property=\"article:publisher\" content=\"https:\/\/www.facebook.com\/swimchannel\" \/>\n<meta property=\"article:published_time\" content=\"2026-05-01T12:00:53+00:00\" \/>\n<meta property=\"og:image\" content=\"https:\/\/swimchannel.net\/br\/wp-content\/uploads\/2022\/12\/ntc_1671020665.jpeg\" \/>\n\t<meta property=\"og:image:width\" content=\"944\" \/>\n\t<meta property=\"og:image:height\" content=\"630\" \/>\n\t<meta property=\"og:image:type\" content=\"image\/jpeg\" \/>\n<meta name=\"author\" content=\"Alex Pussieldi\" \/>\n<meta name=\"twitter:card\" content=\"summary_large_image\" \/>\n<meta name=\"twitter:label1\" content=\"Escrito por\" \/>\n\t<meta name=\"twitter:data1\" content=\"Alex Pussieldi\" \/>\n\t<meta name=\"twitter:label2\" content=\"Est. tempo de leitura\" \/>\n\t<meta name=\"twitter:data2\" content=\"5 minutos\" \/>\n<script type=\"application\/ld+json\" class=\"yoast-schema-graph\">{\"@context\":\"https:\/\/schema.org\",\"@graph\":[{\"@type\":\"Article\",\"@id\":\"https:\/\/swimchannel.net\/br\/como-foram-as-performances-de-etiene-medeiros-e-nicholas-santos-no-paulista-de-inverno\/#article\",\"isPartOf\":{\"@id\":\"https:\/\/swimchannel.net\/br\/como-foram-as-performances-de-etiene-medeiros-e-nicholas-santos-no-paulista-de-inverno\/\"},\"author\":{\"name\":\"Alex Pussieldi\",\"@id\":\"https:\/\/swimchannel.net\/br\/#\/schema\/person\/cf549cb99cf75592fcf7c76213385e63\"},\"headline\":\"Como foram as performances de Etiene Medeiros e Nicholas Santos no Paulista de Inverno\",\"datePublished\":\"2026-05-01T12:00:53+00:00\",\"mainEntityOfPage\":{\"@id\":\"https:\/\/swimchannel.net\/br\/como-foram-as-performances-de-etiene-medeiros-e-nicholas-santos-no-paulista-de-inverno\/\"},\"wordCount\":621,\"commentCount\":0,\"publisher\":{\"@id\":\"https:\/\/swimchannel.net\/br\/#organization\"},\"image\":{\"@id\":\"https:\/\/swimchannel.net\/br\/como-foram-as-performances-de-etiene-medeiros-e-nicholas-santos-no-paulista-de-inverno\/#primaryimage\"},\"thumbnailUrl\":\"https:\/\/swimchannel.net\/br\/wp-content\/uploads\/2022\/12\/ntc_1671020665.jpeg\",\"keywords\":[\"Campeonato Paulista\",\"Etiene Medeiros\",\"FAP\",\"natacao\",\"Nicholas Santos\",\"SP Open\"],\"articleSection\":[\"Nata\u00e7\u00e3o\"],\"inLanguage\":\"pt-BR\",\"potentialAction\":[{\"@type\":\"CommentAction\",\"name\":\"Comment\",\"target\":[\"https:\/\/swimchannel.net\/br\/como-foram-as-performances-de-etiene-medeiros-e-nicholas-santos-no-paulista-de-inverno\/#respond\"]}]},{\"@type\":\"WebPage\",\"@id\":\"https:\/\/swimchannel.net\/br\/como-foram-as-performances-de-etiene-medeiros-e-nicholas-santos-no-paulista-de-inverno\/\",\"url\":\"https:\/\/swimchannel.net\/br\/como-foram-as-performances-de-etiene-medeiros-e-nicholas-santos-no-paulista-de-inverno\/\",\"name\":\"Como foram as performances de Etiene Medeiros e Nicholas Santos no Paulista de Inverno - Swimchannel\",\"isPartOf\":{\"@id\":\"https:\/\/swimchannel.net\/br\/#website\"},\"primaryImageOfPage\":{\"@id\":\"https:\/\/swimchannel.net\/br\/como-foram-as-performances-de-etiene-medeiros-e-nicholas-santos-no-paulista-de-inverno\/#primaryimage\"},\"image\":{\"@id\":\"https:\/\/swimchannel.net\/br\/como-foram-as-performances-de-etiene-medeiros-e-nicholas-santos-no-paulista-de-inverno\/#primaryimage\"},\"thumbnailUrl\":\"https:\/\/swimchannel.net\/br\/wp-content\/uploads\/2022\/12\/ntc_1671020665.jpeg\",\"datePublished\":\"2026-05-01T12:00:53+00:00\",\"breadcrumb\":{\"@id\":\"https:\/\/swimchannel.net\/br\/como-foram-as-performances-de-etiene-medeiros-e-nicholas-santos-no-paulista-de-inverno\/#breadcrumb\"},\"inLanguage\":\"pt-BR\",\"potentialAction\":[{\"@type\":\"ReadAction\",\"target\":[\"https:\/\/swimchannel.net\/br\/como-foram-as-performances-de-etiene-medeiros-e-nicholas-santos-no-paulista-de-inverno\/\"]}]},{\"@type\":\"ImageObject\",\"inLanguage\":\"pt-BR\",\"@id\":\"https:\/\/swimchannel.net\/br\/como-foram-as-performances-de-etiene-medeiros-e-nicholas-santos-no-paulista-de-inverno\/#primaryimage\",\"url\":\"https:\/\/swimchannel.net\/br\/wp-content\/uploads\/2022\/12\/ntc_1671020665.jpeg\",\"contentUrl\":\"https:\/\/swimchannel.net\/br\/wp-content\/uploads\/2022\/12\/ntc_1671020665.jpeg\",\"width\":944,\"height\":630,\"caption\":\"Nicholas Santos. Foto: Divulga\u00e7\u00e3o\/World Aquatics\"},{\"@type\":\"BreadcrumbList\",\"@id\":\"https:\/\/swimchannel.net\/br\/como-foram-as-performances-de-etiene-medeiros-e-nicholas-santos-no-paulista-de-inverno\/#breadcrumb\",\"itemListElement\":[{\"@type\":\"ListItem\",\"position\":1,\"name\":\"Home\",\"item\":\"https:\/\/swimchannel.net\/br\/\"},{\"@type\":\"ListItem\",\"position\":2,\"name\":\"Como foram as performances de Etiene Medeiros e Nicholas Santos no Paulista de Inverno\"}]},{\"@type\":\"WebSite\",\"@id\":\"https:\/\/swimchannel.net\/br\/#website\",\"url\":\"https:\/\/swimchannel.net\/br\/\",\"name\":\"Swimchannel\",\"description\":\"Maior portal de nata\u00e7\u00e3o da america latina\",\"publisher\":{\"@id\":\"https:\/\/swimchannel.net\/br\/#organization\"},\"potentialAction\":[{\"@type\":\"SearchAction\",\"target\":{\"@type\":\"EntryPoint\",\"urlTemplate\":\"https:\/\/swimchannel.net\/br\/?s={search_term_string}\"},\"query-input\":{\"@type\":\"PropertyValueSpecification\",\"valueRequired\":true,\"valueName\":\"search_term_string\"}}],\"inLanguage\":\"pt-BR\"},{\"@type\":\"Organization\",\"@id\":\"https:\/\/swimchannel.net\/br\/#organization\",\"name\":\"Swimchannel - Conectando voc\u00ea a Nata\u00e7\u00e3o\",\"url\":\"https:\/\/swimchannel.net\/br\/\",\"logo\":{\"@type\":\"ImageObject\",\"inLanguage\":\"pt-BR\",\"@id\":\"https:\/\/swimchannel.net\/br\/#\/schema\/logo\/image\/\",\"url\":\"https:\/\/swimchannel.net\/br\/wp-content\/uploads\/2026\/02\/SWIM-CHANNEL.png\",\"contentUrl\":\"https:\/\/swimchannel.net\/br\/wp-content\/uploads\/2026\/02\/SWIM-CHANNEL.png\",\"width\":1120,\"height\":630,\"caption\":\"Swimchannel - Conectando voc\u00ea a Nata\u00e7\u00e3o\"},\"image\":{\"@id\":\"https:\/\/swimchannel.net\/br\/#\/schema\/logo\/image\/\"},\"sameAs\":[\"https:\/\/www.facebook.com\/swimchannel\",\"https:\/\/www.instagram.com\/swimchannel\"]},{\"@type\":\"Person\",\"@id\":\"https:\/\/swimchannel.net\/br\/#\/schema\/person\/cf549cb99cf75592fcf7c76213385e63\",\"name\":\"Alex Pussieldi\",\"image\":{\"@type\":\"ImageObject\",\"inLanguage\":\"pt-BR\",\"@id\":\"https:\/\/swimchannel.net\/br\/#\/schema\/person\/image\/\",\"url\":\"https:\/\/swimchannel.net\/br\/wp-content\/uploads\/2021\/02\/9b1c252d-a4bd-4eda-b399-24565cac4114-100x100.jpg\",\"contentUrl\":\"https:\/\/swimchannel.net\/br\/wp-content\/uploads\/2021\/02\/9b1c252d-a4bd-4eda-b399-24565cac4114-100x100.jpg\",\"caption\":\"Alex Pussieldi\"},\"description\":\"Alexandre Pussieldi, apelidado de \u201ccoach\u201d, Foi t\u00e9cnico da sele\u00e7\u00e3o verde e amarela nas Olimp\u00edadas de Pequim-2008 e Londres-2012. O treinador ainda comandou outros quatro pa\u00edses: Kuwait, Paraguai, Aruba e Antilhas Holandesas, al\u00e9m da sele\u00e7\u00e3o americana de \u00e1guas abertas. Pussieldi tem passagens como comentarista de nata\u00e7\u00e3o do Grupo Globo e Swim Channel.\",\"url\":\"https:\/\/swimchannel.net\/br\/author\/alexpussieldi\/\"}]}<\/script>\n<!-- \/ Yoast SEO plugin. -->","yoast_head_json":{"title":"Como foram as performances de Etiene Medeiros e Nicholas Santos no Paulista de Inverno - Swimchannel","robots":{"index":"index","follow":"follow","max-snippet":"max-snippet:-1","max-image-preview":"max-image-preview:large","max-video-preview":"max-video-preview:-1"},"canonical":"https:\/\/swimchannel.net\/br\/como-foram-as-performances-de-etiene-medeiros-e-nicholas-santos-no-paulista-de-inverno\/","og_locale":"pt_BR","og_type":"article","og_title":"Como foram as performances de Etiene Medeiros e Nicholas Santos no Paulista de Inverno - Swimchannel","og_description":"O primeiro bom teste para a dupla de campe\u00f5es mundiais Etiene Medeiros e Nicholas Santos foi positivo. Etiene e Nicholas foram algumas das atra\u00e7\u00f5es do Campeonato Paulista J\u00fanior e S\u00eanior e Open SP de Inverno realizado no final de semana na rec\u00e9m inaugurada piscina do Paineiras em S\u00e3o Paulo. Etiene Medeiros nadando pelo SESI SP [&hellip;]","og_url":"https:\/\/swimchannel.net\/br\/como-foram-as-performances-de-etiene-medeiros-e-nicholas-santos-no-paulista-de-inverno\/","og_site_name":"Swimchannel","article_publisher":"https:\/\/www.facebook.com\/swimchannel","article_published_time":"2026-05-01T12:00:53+00:00","og_image":[{"width":944,"height":630,"url":"https:\/\/swimchannel.net\/br\/wp-content\/uploads\/2022\/12\/ntc_1671020665.jpeg","type":"image\/jpeg"}],"author":"Alex Pussieldi","twitter_card":"summary_large_image","twitter_misc":{"Escrito por":"Alex Pussieldi","Est. tempo de leitura":"5 minutos"},"schema":{"@context":"https:\/\/schema.org","@graph":[{"@type":"Article","@id":"https:\/\/swimchannel.net\/br\/como-foram-as-performances-de-etiene-medeiros-e-nicholas-santos-no-paulista-de-inverno\/#article","isPartOf":{"@id":"https:\/\/swimchannel.net\/br\/como-foram-as-performances-de-etiene-medeiros-e-nicholas-santos-no-paulista-de-inverno\/"},"author":{"name":"Alex Pussieldi","@id":"https:\/\/swimchannel.net\/br\/#\/schema\/person\/cf549cb99cf75592fcf7c76213385e63"},"headline":"Como foram as performances de Etiene Medeiros e Nicholas Santos no Paulista de Inverno","datePublished":"2026-05-01T12:00:53+00:00","mainEntityOfPage":{"@id":"https:\/\/swimchannel.net\/br\/como-foram-as-performances-de-etiene-medeiros-e-nicholas-santos-no-paulista-de-inverno\/"},"wordCount":621,"commentCount":0,"publisher":{"@id":"https:\/\/swimchannel.net\/br\/#organization"},"image":{"@id":"https:\/\/swimchannel.net\/br\/como-foram-as-performances-de-etiene-medeiros-e-nicholas-santos-no-paulista-de-inverno\/#primaryimage"},"thumbnailUrl":"https:\/\/swimchannel.net\/br\/wp-content\/uploads\/2022\/12\/ntc_1671020665.jpeg","keywords":["Campeonato Paulista","Etiene Medeiros","FAP","natacao","Nicholas Santos","SP Open"],"articleSection":["Nata\u00e7\u00e3o"],"inLanguage":"pt-BR","potentialAction":[{"@type":"CommentAction","name":"Comment","target":["https:\/\/swimchannel.net\/br\/como-foram-as-performances-de-etiene-medeiros-e-nicholas-santos-no-paulista-de-inverno\/#respond"]}]},{"@type":"WebPage","@id":"https:\/\/swimchannel.net\/br\/como-foram-as-performances-de-etiene-medeiros-e-nicholas-santos-no-paulista-de-inverno\/","url":"https:\/\/swimchannel.net\/br\/como-foram-as-performances-de-etiene-medeiros-e-nicholas-santos-no-paulista-de-inverno\/","name":"Como foram as performances de Etiene Medeiros e Nicholas Santos no Paulista de Inverno - Swimchannel","isPartOf":{"@id":"https:\/\/swimchannel.net\/br\/#website"},"primaryImageOfPage":{"@id":"https:\/\/swimchannel.net\/br\/como-foram-as-performances-de-etiene-medeiros-e-nicholas-santos-no-paulista-de-inverno\/#primaryimage"},"image":{"@id":"https:\/\/swimchannel.net\/br\/como-foram-as-performances-de-etiene-medeiros-e-nicholas-santos-no-paulista-de-inverno\/#primaryimage"},"thumbnailUrl":"https:\/\/swimchannel.net\/br\/wp-content\/uploads\/2022\/12\/ntc_1671020665.jpeg","datePublished":"2026-05-01T12:00:53+00:00","breadcrumb":{"@id":"https:\/\/swimchannel.net\/br\/como-foram-as-performances-de-etiene-medeiros-e-nicholas-santos-no-paulista-de-inverno\/#breadcrumb"},"inLanguage":"pt-BR","potentialAction":[{"@type":"ReadAction","target":["https:\/\/swimchannel.net\/br\/como-foram-as-performances-de-etiene-medeiros-e-nicholas-santos-no-paulista-de-inverno\/"]}]},{"@type":"ImageObject","inLanguage":"pt-BR","@id":"https:\/\/swimchannel.net\/br\/como-foram-as-performances-de-etiene-medeiros-e-nicholas-santos-no-paulista-de-inverno\/#primaryimage","url":"https:\/\/swimchannel.net\/br\/wp-content\/uploads\/2022\/12\/ntc_1671020665.jpeg","contentUrl":"https:\/\/swimchannel.net\/br\/wp-content\/uploads\/2022\/12\/ntc_1671020665.jpeg","width":944,"height":630,"caption":"Nicholas Santos. Foto: Divulga\u00e7\u00e3o\/World Aquatics"},{"@type":"BreadcrumbList","@id":"https:\/\/swimchannel.net\/br\/como-foram-as-performances-de-etiene-medeiros-e-nicholas-santos-no-paulista-de-inverno\/#breadcrumb","itemListElement":[{"@type":"ListItem","position":1,"name":"Home","item":"https:\/\/swimchannel.net\/br\/"},{"@type":"ListItem","position":2,"name":"Como foram as performances de Etiene Medeiros e Nicholas Santos no Paulista de Inverno"}]},{"@type":"WebSite","@id":"https:\/\/swimchannel.net\/br\/#website","url":"https:\/\/swimchannel.net\/br\/","name":"Swimchannel","description":"Maior portal de nata\u00e7\u00e3o da america latina","publisher":{"@id":"https:\/\/swimchannel.net\/br\/#organization"},"potentialAction":[{"@type":"SearchAction","target":{"@type":"EntryPoint","urlTemplate":"https:\/\/swimchannel.net\/br\/?s={search_term_string}"},"query-input":{"@type":"PropertyValueSpecification","valueRequired":true,"valueName":"search_term_string"}}],"inLanguage":"pt-BR"},{"@type":"Organization","@id":"https:\/\/swimchannel.net\/br\/#organization","name":"Swimchannel - Conectando voc\u00ea a Nata\u00e7\u00e3o","url":"https:\/\/swimchannel.net\/br\/","logo":{"@type":"ImageObject","inLanguage":"pt-BR","@id":"https:\/\/swimchannel.net\/br\/#\/schema\/logo\/image\/","url":"https:\/\/swimchannel.net\/br\/wp-content\/uploads\/2026\/02\/SWIM-CHANNEL.png","contentUrl":"https:\/\/swimchannel.net\/br\/wp-content\/uploads\/2026\/02\/SWIM-CHANNEL.png","width":1120,"height":630,"caption":"Swimchannel - Conectando voc\u00ea a Nata\u00e7\u00e3o"},"image":{"@id":"https:\/\/swimchannel.net\/br\/#\/schema\/logo\/image\/"},"sameAs":["https:\/\/www.facebook.com\/swimchannel","https:\/\/www.instagram.com\/swimchannel"]},{"@type":"Person","@id":"https:\/\/swimchannel.net\/br\/#\/schema\/person\/cf549cb99cf75592fcf7c76213385e63","name":"Alex Pussieldi","image":{"@type":"ImageObject","inLanguage":"pt-BR","@id":"https:\/\/swimchannel.net\/br\/#\/schema\/person\/image\/","url":"https:\/\/swimchannel.net\/br\/wp-content\/uploads\/2021\/02\/9b1c252d-a4bd-4eda-b399-24565cac4114-100x100.jpg","contentUrl":"https:\/\/swimchannel.net\/br\/wp-content\/uploads\/2021\/02\/9b1c252d-a4bd-4eda-b399-24565cac4114-100x100.jpg","caption":"Alex Pussieldi"},"description":"Alexandre Pussieldi, apelidado de \u201ccoach\u201d, Foi t\u00e9cnico da sele\u00e7\u00e3o verde e amarela nas Olimp\u00edadas de Pequim-2008 e Londres-2012. O treinador ainda comandou outros quatro pa\u00edses: Kuwait, Paraguai, Aruba e Antilhas Holandesas, al\u00e9m da sele\u00e7\u00e3o americana de \u00e1guas abertas. Pussieldi tem passagens como comentarista de nata\u00e7\u00e3o do Grupo Globo e Swim Channel.","url":"https:\/\/swimchannel.net\/br\/author\/alexpussieldi\/"}]}},"_links":{"self":[{"href":"https:\/\/swimchannel.net\/br\/wp-json\/wp\/v2\/posts\/81841","targetHints":{"allow":["GET"]}}],"collection":[{"href":"https:\/\/swimchannel.net\/br\/wp-json\/wp\/v2\/posts"}],"about":[{"href":"https:\/\/swimchannel.net\/br\/wp-json\/wp\/v2\/types\/post"}],"author":[{"embeddable":true,"href":"https:\/\/swimchannel.net\/br\/wp-json\/wp\/v2\/users\/12"}],"replies":[{"embeddable":true,"href":"https:\/\/swimchannel.net\/br\/wp-json\/wp\/v2\/comments?post=81841"}],"version-history":[{"count":1,"href":"https:\/\/swimchannel.net\/br\/wp-json\/wp\/v2\/posts\/81841\/revisions"}],"predecessor-version":[{"id":81847,"href":"https:\/\/swimchannel.net\/br\/wp-json\/wp\/v2\/posts\/81841\/revisions\/81847"}],"wp:featuredmedia":[{"embeddable":true,"href":"https:\/\/swimchannel.net\/br\/wp-json\/wp\/v2\/media\/54507"}],"wp:attachment":[{"href":"https:\/\/swimchannel.net\/br\/wp-json\/wp\/v2\/media?parent=81841"}],"wp:term":[{"taxonomy":"category","embeddable":true,"href":"https:\/\/swimchannel.net\/br\/wp-json\/wp\/v2\/categories?post=81841"},{"taxonomy":"post_tag","embeddable":true,"href":"https:\/\/swimchannel.net\/br\/wp-json\/wp\/v2\/tags?post=81841"}],"curies":[{"name":"wp","href":"https:\/\/api.w.org\/{rel}","templated":true}]}}