{"id":81866,"date":"2026-05-02T08:00:24","date_gmt":"2026-05-02T11:00:24","guid":{"rendered":"https:\/\/swimchannel.net\/br\/?p=81866"},"modified":"2026-05-01T18:55:27","modified_gmt":"2026-05-01T21:55:27","slug":"dobradinha-francesa-vence-copa-do-mundo-do-golfo-de-aranci","status":"publish","type":"post","link":"https:\/\/swimchannel.net\/br\/dobradinha-francesa-vence-copa-do-mundo-do-golfo-de-aranci\/","title":{"rendered":"Dobradinha francesa vence Copa do Mundo do Golfo de Aranci"},"content":{"rendered":"<p>Sacha Velly e Marc-Antoine Olivier, a dupla francesa fez uma batalha acirrada para levar o t\u00edtulo da prova masculina dos 10K da Copa do Mundo de \u00c1guas Abertas na terceira etapa da temporada no Golfo de Aranci, na It\u00e1lia. Velly venceu 1:49.07.50, apenas tr\u00eas d\u00e9cimos a frente do seu compatriota.<\/p>\n<p>Esta foi a primeira vit\u00f3ria na carreira de Velly no Circuito da Copa do Mundo. Velly, 21 anos de idade, \u00e9 treinado por Thomas Javaux havia sido segundo colocado na etapa anterior, em Ibiza, quando Olivier chegou em terceiro lugar.<\/p>\n<p>A prova do Golfo de Aranci definiu a Sele\u00e7\u00e3o Brasileira Masculina para os Jogos ODESUR e a dupla Matheus Melecchi e Victor Moreno do Gr\u00eamio N\u00e1utico Uni\u00e3o confirmou sua convoca\u00e7\u00e3o. Melecchi chegou em 14o lugar e Moreno em 16o. No crit\u00e9rio estabelecido pela CBDA ficou determinado que as etapas de Ibiza e Golfo de Aranci apontaria os dois nadadores para representar o Brasil nos 10K dos Jogos ODESUR.<\/p>\n<figure id=\"attachment_81867\" aria-describedby=\"caption-attachment-81867\" style=\"width: 853px\" class=\"wp-caption alignnone\"><img loading=\"lazy\" decoding=\"async\" class=\"size-full wp-image-81867\" src=\"https:\/\/swimchannel.net\/br\/wp-content\/uploads\/2026\/05\/681026045_18195412243360675_4874765396857647664_n.jpg\" alt=\"\" width=\"853\" height=\"571\" srcset=\"https:\/\/swimchannel.net\/br\/wp-content\/uploads\/2026\/05\/681026045_18195412243360675_4874765396857647664_n.jpg 853w, https:\/\/swimchannel.net\/br\/wp-content\/uploads\/2026\/05\/681026045_18195412243360675_4874765396857647664_n-269x180.jpg 269w, https:\/\/swimchannel.net\/br\/wp-content\/uploads\/2026\/05\/681026045_18195412243360675_4874765396857647664_n-768x514.jpg 768w, https:\/\/swimchannel.net\/br\/wp-content\/uploads\/2026\/05\/681026045_18195412243360675_4874765396857647664_n-750x502.jpg 750w\" sizes=\"auto, (max-width: 853px) 100vw, 853px\" \/><figcaption id=\"caption-attachment-81867\" class=\"wp-caption-text\">Sacha Velly &#8211; Foto: Facebook\/Reprodu\u00e7\u00e3o<\/figcaption><\/figure>\n<p>Pelos crit\u00e9rios estabelecidos pela CBDA (<a href=\"https:\/\/sge-aquaticos.bigmidia.com\/_uploads\/boletim\/o_1ji7mp75quknla51fmcrq14vsb.pdf\">link<\/a>) a pontua\u00e7\u00e3o das duas provas iria determinar a convoca\u00e7\u00e3o:<br \/>\nVictor Moreno fez 250 pontos em Ibiza e 150 pontos no Golfo de Aranci, total 400 pontos<br \/>\nMatheus Melecchi fez 104 pontos em Ibiza e 170 pontos no Golfo de Aranci, total 274 pontos.<\/p>\n<p>Victor Moreno e Matheus Melecchi se juntam a Ana Marcela Cunha e Viviane Jungblut, j\u00e1 convocadas, para as provas dos 10K dos Jogos ODESUR em Santa F\u00e9, Ros\u00e1rio, na Argentina, no dia 20 de Setembro.<\/p>\n<p><strong>Resultados da prova de hoje:<\/strong><br \/>\n<strong>Masculino<\/strong><br \/>\n1o Sacha Velly da Fran\u00e7a 1:49.07.50<br \/>\n2o Marc-Antoine Olivier da Fran\u00e7a 1:49.07.80<br \/>\n3o Andrea Filadelli da It\u00e1lia 1:49.08.30<br \/>\n14o Matheus Melecchi do Brasil 1:49.27.40<br \/>\n16o Victor Moreno do Brasil 1:49.29.40<br \/>\n37o Leonardo Macedo do Brasil 1:51.58.80<br \/>\n41o Bernardo Gavioli do Brasil 1:52.05.70<br \/>\n48o Luiz Felipe Loureiro do Brasil 1:53.09.90<\/p>\n<figure id=\"attachment_78760\" aria-describedby=\"caption-attachment-78760\" style=\"width: 1199px\" class=\"wp-caption alignnone\"><img loading=\"lazy\" decoding=\"async\" class=\"size-large wp-image-78760\" src=\"https:\/\/swimchannel.net\/br\/wp-content\/uploads\/2026\/01\/sport_moesha_johnson_delly_carrswimming_australia_4324-1199x800.webp\" alt=\"\" width=\"1199\" height=\"800\" srcset=\"https:\/\/swimchannel.net\/br\/wp-content\/uploads\/2026\/01\/sport_moesha_johnson_delly_carrswimming_australia_4324-1199x800.webp 1199w, https:\/\/swimchannel.net\/br\/wp-content\/uploads\/2026\/01\/sport_moesha_johnson_delly_carrswimming_australia_4324-1012x675.webp 1012w, https:\/\/swimchannel.net\/br\/wp-content\/uploads\/2026\/01\/sport_moesha_johnson_delly_carrswimming_australia_4324-270x180.webp 270w, https:\/\/swimchannel.net\/br\/wp-content\/uploads\/2026\/01\/sport_moesha_johnson_delly_carrswimming_australia_4324-768x512.webp 768w, https:\/\/swimchannel.net\/br\/wp-content\/uploads\/2026\/01\/sport_moesha_johnson_delly_carrswimming_australia_4324-750x500.webp 750w, https:\/\/swimchannel.net\/br\/wp-content\/uploads\/2026\/01\/sport_moesha_johnson_delly_carrswimming_australia_4324-1140x761.webp 1140w, https:\/\/swimchannel.net\/br\/wp-content\/uploads\/2026\/01\/sport_moesha_johnson_delly_carrswimming_australia_4324.webp 1280w\" sizes=\"auto, (max-width: 1199px) 100vw, 1199px\" \/><figcaption id=\"caption-attachment-78760\" class=\"wp-caption-text\">Moesha Johnson &#8211; Foto: Delly Carr\/Swimming Australia<\/figcaption><\/figure>\n<p><strong>Feminino<\/strong><br \/>\n1o Moesha Johnson da Austr\u00e1lia 1:54.12.10<br \/>\n2o Angela Martinez da Espanha 1:54.37.10<br \/>\n3o Caroline Jouisse da Fran\u00e7a 1:54.38.60<\/p>\n<p><strong>Resultados completos: <\/strong><a href=\"https:\/\/www.worldaquatics.com\/competitions\/5157\/world-aquatics-open-water-swimming-world-cup-2026\/results\">https:\/\/www.worldaquatics.com\/competitions\/5157\/world-aquatics-open-water-swimming-world-cup-2026\/results<\/a>.<\/p>\n<p>&nbsp;<\/p>\n<p>Gostaria de receber as not\u00edcias de nata\u00e7\u00e3o e \u00e1guas abertas no seu email?<\/p>\n<p><a href=\"https:\/\/lpa.nitro.news\/n-GNe\/ultimas-noticias-swim-channel\">Cadastre-se aqui<\/a><\/p>\n","protected":false},"excerpt":{"rendered":"<p>Sacha Velly e Marc-Antoine Olivier, a dupla francesa fez uma batalha acirrada para levar o t\u00edtulo da prova masculina dos 10K da Copa do Mundo de \u00c1guas Abertas na terceira etapa da temporada no Golfo de Aranci, na It\u00e1lia. Velly venceu 1:49.07.50, apenas tr\u00eas d\u00e9cimos a frente do seu compatriota. Esta foi a primeira vit\u00f3ria [&hellip;]<\/p>\n","protected":false},"author":2,"featured_media":20448,"comment_status":"open","ping_status":"open","sticky":false,"template":"","format":"gallery","meta":{"footnotes":""},"categories":[115],"tags":[14,5182,908,6519,5,6956],"class_list":["post-81866","post","type-post","status-publish","format-gallery","has-post-thumbnail","hentry","category-aguas-abertas","tag-aguas-abertas","tag-copa-do-mundo-de-aguas-abertas","tag-marc-antoine-olivier","tag-moesha-johnson","tag-natacao","tag-sacha-velly","post_format-post-format-gallery"],"yoast_head":"<!-- This site is optimized with the Yoast SEO plugin v27.0 - https:\/\/yoast.com\/product\/yoast-seo-wordpress\/ -->\n<title>Dobradinha francesa vence Copa do Mundo do Golfo de Aranci - Swimchannel<\/title>\n<meta name=\"robots\" content=\"index, follow, max-snippet:-1, max-image-preview:large, max-video-preview:-1\" \/>\n<link rel=\"canonical\" href=\"https:\/\/swimchannel.net\/br\/dobradinha-francesa-vence-copa-do-mundo-do-golfo-de-aranci\/\" \/>\n<meta property=\"og:locale\" content=\"pt_BR\" \/>\n<meta property=\"og:type\" content=\"article\" \/>\n<meta property=\"og:title\" content=\"Dobradinha francesa vence Copa do Mundo do Golfo de Aranci - Swimchannel\" \/>\n<meta property=\"og:description\" content=\"Sacha Velly e Marc-Antoine Olivier, a dupla francesa fez uma batalha acirrada para levar o t\u00edtulo da prova masculina dos 10K da Copa do Mundo de \u00c1guas Abertas na terceira etapa da temporada no Golfo de Aranci, na It\u00e1lia. Velly venceu 1:49.07.50, apenas tr\u00eas d\u00e9cimos a frente do seu compatriota. Esta foi a primeira vit\u00f3ria [&hellip;]\" \/>\n<meta property=\"og:url\" content=\"https:\/\/swimchannel.net\/br\/dobradinha-francesa-vence-copa-do-mundo-do-golfo-de-aranci\/\" \/>\n<meta property=\"og:site_name\" content=\"Swimchannel\" \/>\n<meta property=\"article:publisher\" content=\"https:\/\/www.facebook.com\/swimchannel\" \/>\n<meta property=\"article:published_time\" content=\"2026-05-02T11:00:24+00:00\" \/>\n<meta property=\"og:image\" content=\"https:\/\/swimchannel.net\/br\/wp-content\/uploads\/2019\/10\/open-water-5K-e1563575486988.jpg\" \/>\n\t<meta property=\"og:image:width\" content=\"1500\" \/>\n\t<meta property=\"og:image:height\" content=\"1000\" \/>\n\t<meta property=\"og:image:type\" content=\"image\/jpeg\" \/>\n<meta name=\"author\" content=\"SwimChannel\" \/>\n<meta name=\"twitter:card\" content=\"summary_large_image\" \/>\n<meta name=\"twitter:label1\" content=\"Escrito por\" \/>\n\t<meta name=\"twitter:data1\" content=\"SwimChannel\" \/>\n\t<meta name=\"twitter:label2\" content=\"Est. tempo de leitura\" \/>\n\t<meta name=\"twitter:data2\" content=\"3 minutos\" \/>\n<script type=\"application\/ld+json\" class=\"yoast-schema-graph\">{\"@context\":\"https:\/\/schema.org\",\"@graph\":[{\"@type\":\"Article\",\"@id\":\"https:\/\/swimchannel.net\/br\/dobradinha-francesa-vence-copa-do-mundo-do-golfo-de-aranci\/#article\",\"isPartOf\":{\"@id\":\"https:\/\/swimchannel.net\/br\/dobradinha-francesa-vence-copa-do-mundo-do-golfo-de-aranci\/\"},\"author\":{\"name\":\"SwimChannel\",\"@id\":\"https:\/\/swimchannel.net\/br\/#\/schema\/person\/8b903436c3c0b427a4ec3402a0579c30\"},\"headline\":\"Dobradinha francesa vence Copa do Mundo do Golfo de Aranci\",\"datePublished\":\"2026-05-02T11:00:24+00:00\",\"mainEntityOfPage\":{\"@id\":\"https:\/\/swimchannel.net\/br\/dobradinha-francesa-vence-copa-do-mundo-do-golfo-de-aranci\/\"},\"wordCount\":381,\"commentCount\":0,\"publisher\":{\"@id\":\"https:\/\/swimchannel.net\/br\/#organization\"},\"image\":{\"@id\":\"https:\/\/swimchannel.net\/br\/dobradinha-francesa-vence-copa-do-mundo-do-golfo-de-aranci\/#primaryimage\"},\"thumbnailUrl\":\"https:\/\/swimchannel.net\/br\/wp-content\/uploads\/2019\/10\/open-water-5K-e1563575486988.jpg\",\"keywords\":[\"\u00c1guas abertas\",\"Copa do Mundo de \u00c1guas Abertas\",\"Marc-Antoine Olivier\",\"Moesha Johnson\",\"natacao\",\"Sacha Velly\"],\"articleSection\":[\"\u00c1guas Abertas\"],\"inLanguage\":\"pt-BR\",\"potentialAction\":[{\"@type\":\"CommentAction\",\"name\":\"Comment\",\"target\":[\"https:\/\/swimchannel.net\/br\/dobradinha-francesa-vence-copa-do-mundo-do-golfo-de-aranci\/#respond\"]}]},{\"@type\":\"WebPage\",\"@id\":\"https:\/\/swimchannel.net\/br\/dobradinha-francesa-vence-copa-do-mundo-do-golfo-de-aranci\/\",\"url\":\"https:\/\/swimchannel.net\/br\/dobradinha-francesa-vence-copa-do-mundo-do-golfo-de-aranci\/\",\"name\":\"Dobradinha francesa vence Copa do Mundo do Golfo de Aranci - Swimchannel\",\"isPartOf\":{\"@id\":\"https:\/\/swimchannel.net\/br\/#website\"},\"primaryImageOfPage\":{\"@id\":\"https:\/\/swimchannel.net\/br\/dobradinha-francesa-vence-copa-do-mundo-do-golfo-de-aranci\/#primaryimage\"},\"image\":{\"@id\":\"https:\/\/swimchannel.net\/br\/dobradinha-francesa-vence-copa-do-mundo-do-golfo-de-aranci\/#primaryimage\"},\"thumbnailUrl\":\"https:\/\/swimchannel.net\/br\/wp-content\/uploads\/2019\/10\/open-water-5K-e1563575486988.jpg\",\"datePublished\":\"2026-05-02T11:00:24+00:00\",\"breadcrumb\":{\"@id\":\"https:\/\/swimchannel.net\/br\/dobradinha-francesa-vence-copa-do-mundo-do-golfo-de-aranci\/#breadcrumb\"},\"inLanguage\":\"pt-BR\",\"potentialAction\":[{\"@type\":\"ReadAction\",\"target\":[\"https:\/\/swimchannel.net\/br\/dobradinha-francesa-vence-copa-do-mundo-do-golfo-de-aranci\/\"]}]},{\"@type\":\"ImageObject\",\"inLanguage\":\"pt-BR\",\"@id\":\"https:\/\/swimchannel.net\/br\/dobradinha-francesa-vence-copa-do-mundo-do-golfo-de-aranci\/#primaryimage\",\"url\":\"https:\/\/swimchannel.net\/br\/wp-content\/uploads\/2019\/10\/open-water-5K-e1563575486988.jpg\",\"contentUrl\":\"https:\/\/swimchannel.net\/br\/wp-content\/uploads\/2019\/10\/open-water-5K-e1563575486988.jpg\",\"width\":1500,\"height\":1000,\"caption\":\"Atletas durante prova no Mundial de Gwangju - Foto: Jo Kleindl\"},{\"@type\":\"BreadcrumbList\",\"@id\":\"https:\/\/swimchannel.net\/br\/dobradinha-francesa-vence-copa-do-mundo-do-golfo-de-aranci\/#breadcrumb\",\"itemListElement\":[{\"@type\":\"ListItem\",\"position\":1,\"name\":\"Home\",\"item\":\"https:\/\/swimchannel.net\/br\/\"},{\"@type\":\"ListItem\",\"position\":2,\"name\":\"Dobradinha francesa vence Copa do Mundo do Golfo de Aranci\"}]},{\"@type\":\"WebSite\",\"@id\":\"https:\/\/swimchannel.net\/br\/#website\",\"url\":\"https:\/\/swimchannel.net\/br\/\",\"name\":\"Swimchannel\",\"description\":\"Maior portal de nata\u00e7\u00e3o da america latina\",\"publisher\":{\"@id\":\"https:\/\/swimchannel.net\/br\/#organization\"},\"potentialAction\":[{\"@type\":\"SearchAction\",\"target\":{\"@type\":\"EntryPoint\",\"urlTemplate\":\"https:\/\/swimchannel.net\/br\/?s={search_term_string}\"},\"query-input\":{\"@type\":\"PropertyValueSpecification\",\"valueRequired\":true,\"valueName\":\"search_term_string\"}}],\"inLanguage\":\"pt-BR\"},{\"@type\":\"Organization\",\"@id\":\"https:\/\/swimchannel.net\/br\/#organization\",\"name\":\"Swimchannel - Conectando voc\u00ea a Nata\u00e7\u00e3o\",\"url\":\"https:\/\/swimchannel.net\/br\/\",\"logo\":{\"@type\":\"ImageObject\",\"inLanguage\":\"pt-BR\",\"@id\":\"https:\/\/swimchannel.net\/br\/#\/schema\/logo\/image\/\",\"url\":\"https:\/\/swimchannel.net\/br\/wp-content\/uploads\/2026\/02\/SWIM-CHANNEL.png\",\"contentUrl\":\"https:\/\/swimchannel.net\/br\/wp-content\/uploads\/2026\/02\/SWIM-CHANNEL.png\",\"width\":1120,\"height\":630,\"caption\":\"Swimchannel - Conectando voc\u00ea a Nata\u00e7\u00e3o\"},\"image\":{\"@id\":\"https:\/\/swimchannel.net\/br\/#\/schema\/logo\/image\/\"},\"sameAs\":[\"https:\/\/www.facebook.com\/swimchannel\",\"https:\/\/www.instagram.com\/swimchannel\"]},{\"@type\":\"Person\",\"@id\":\"https:\/\/swimchannel.net\/br\/#\/schema\/person\/8b903436c3c0b427a4ec3402a0579c30\",\"name\":\"SwimChannel\",\"image\":{\"@type\":\"ImageObject\",\"inLanguage\":\"pt-BR\",\"@id\":\"https:\/\/swimchannel.net\/br\/#\/schema\/person\/image\/\",\"url\":\"https:\/\/swimchannel.net\/br\/wp-content\/uploads\/2021\/03\/SWIM-CHANNEL_JPG22-100x100.jpg\",\"contentUrl\":\"https:\/\/swimchannel.net\/br\/wp-content\/uploads\/2021\/03\/SWIM-CHANNEL_JPG22-100x100.jpg\",\"caption\":\"SwimChannel\"},\"url\":\"https:\/\/swimchannel.net\/br\/author\/swimchanneladmin\/\"}]}<\/script>\n<!-- \/ Yoast SEO plugin. -->","yoast_head_json":{"title":"Dobradinha francesa vence Copa do Mundo do Golfo de Aranci - Swimchannel","robots":{"index":"index","follow":"follow","max-snippet":"max-snippet:-1","max-image-preview":"max-image-preview:large","max-video-preview":"max-video-preview:-1"},"canonical":"https:\/\/swimchannel.net\/br\/dobradinha-francesa-vence-copa-do-mundo-do-golfo-de-aranci\/","og_locale":"pt_BR","og_type":"article","og_title":"Dobradinha francesa vence Copa do Mundo do Golfo de Aranci - Swimchannel","og_description":"Sacha Velly e Marc-Antoine Olivier, a dupla francesa fez uma batalha acirrada para levar o t\u00edtulo da prova masculina dos 10K da Copa do Mundo de \u00c1guas Abertas na terceira etapa da temporada no Golfo de Aranci, na It\u00e1lia. Velly venceu 1:49.07.50, apenas tr\u00eas d\u00e9cimos a frente do seu compatriota. Esta foi a primeira vit\u00f3ria [&hellip;]","og_url":"https:\/\/swimchannel.net\/br\/dobradinha-francesa-vence-copa-do-mundo-do-golfo-de-aranci\/","og_site_name":"Swimchannel","article_publisher":"https:\/\/www.facebook.com\/swimchannel","article_published_time":"2026-05-02T11:00:24+00:00","og_image":[{"width":1500,"height":1000,"url":"https:\/\/swimchannel.net\/br\/wp-content\/uploads\/2019\/10\/open-water-5K-e1563575486988.jpg","type":"image\/jpeg"}],"author":"SwimChannel","twitter_card":"summary_large_image","twitter_misc":{"Escrito por":"SwimChannel","Est. tempo de leitura":"3 minutos"},"schema":{"@context":"https:\/\/schema.org","@graph":[{"@type":"Article","@id":"https:\/\/swimchannel.net\/br\/dobradinha-francesa-vence-copa-do-mundo-do-golfo-de-aranci\/#article","isPartOf":{"@id":"https:\/\/swimchannel.net\/br\/dobradinha-francesa-vence-copa-do-mundo-do-golfo-de-aranci\/"},"author":{"name":"SwimChannel","@id":"https:\/\/swimchannel.net\/br\/#\/schema\/person\/8b903436c3c0b427a4ec3402a0579c30"},"headline":"Dobradinha francesa vence Copa do Mundo do Golfo de Aranci","datePublished":"2026-05-02T11:00:24+00:00","mainEntityOfPage":{"@id":"https:\/\/swimchannel.net\/br\/dobradinha-francesa-vence-copa-do-mundo-do-golfo-de-aranci\/"},"wordCount":381,"commentCount":0,"publisher":{"@id":"https:\/\/swimchannel.net\/br\/#organization"},"image":{"@id":"https:\/\/swimchannel.net\/br\/dobradinha-francesa-vence-copa-do-mundo-do-golfo-de-aranci\/#primaryimage"},"thumbnailUrl":"https:\/\/swimchannel.net\/br\/wp-content\/uploads\/2019\/10\/open-water-5K-e1563575486988.jpg","keywords":["\u00c1guas abertas","Copa do Mundo de \u00c1guas Abertas","Marc-Antoine Olivier","Moesha Johnson","natacao","Sacha Velly"],"articleSection":["\u00c1guas Abertas"],"inLanguage":"pt-BR","potentialAction":[{"@type":"CommentAction","name":"Comment","target":["https:\/\/swimchannel.net\/br\/dobradinha-francesa-vence-copa-do-mundo-do-golfo-de-aranci\/#respond"]}]},{"@type":"WebPage","@id":"https:\/\/swimchannel.net\/br\/dobradinha-francesa-vence-copa-do-mundo-do-golfo-de-aranci\/","url":"https:\/\/swimchannel.net\/br\/dobradinha-francesa-vence-copa-do-mundo-do-golfo-de-aranci\/","name":"Dobradinha francesa vence Copa do Mundo do Golfo de Aranci - Swimchannel","isPartOf":{"@id":"https:\/\/swimchannel.net\/br\/#website"},"primaryImageOfPage":{"@id":"https:\/\/swimchannel.net\/br\/dobradinha-francesa-vence-copa-do-mundo-do-golfo-de-aranci\/#primaryimage"},"image":{"@id":"https:\/\/swimchannel.net\/br\/dobradinha-francesa-vence-copa-do-mundo-do-golfo-de-aranci\/#primaryimage"},"thumbnailUrl":"https:\/\/swimchannel.net\/br\/wp-content\/uploads\/2019\/10\/open-water-5K-e1563575486988.jpg","datePublished":"2026-05-02T11:00:24+00:00","breadcrumb":{"@id":"https:\/\/swimchannel.net\/br\/dobradinha-francesa-vence-copa-do-mundo-do-golfo-de-aranci\/#breadcrumb"},"inLanguage":"pt-BR","potentialAction":[{"@type":"ReadAction","target":["https:\/\/swimchannel.net\/br\/dobradinha-francesa-vence-copa-do-mundo-do-golfo-de-aranci\/"]}]},{"@type":"ImageObject","inLanguage":"pt-BR","@id":"https:\/\/swimchannel.net\/br\/dobradinha-francesa-vence-copa-do-mundo-do-golfo-de-aranci\/#primaryimage","url":"https:\/\/swimchannel.net\/br\/wp-content\/uploads\/2019\/10\/open-water-5K-e1563575486988.jpg","contentUrl":"https:\/\/swimchannel.net\/br\/wp-content\/uploads\/2019\/10\/open-water-5K-e1563575486988.jpg","width":1500,"height":1000,"caption":"Atletas durante prova no Mundial de Gwangju - Foto: Jo Kleindl"},{"@type":"BreadcrumbList","@id":"https:\/\/swimchannel.net\/br\/dobradinha-francesa-vence-copa-do-mundo-do-golfo-de-aranci\/#breadcrumb","itemListElement":[{"@type":"ListItem","position":1,"name":"Home","item":"https:\/\/swimchannel.net\/br\/"},{"@type":"ListItem","position":2,"name":"Dobradinha francesa vence Copa do Mundo do Golfo de Aranci"}]},{"@type":"WebSite","@id":"https:\/\/swimchannel.net\/br\/#website","url":"https:\/\/swimchannel.net\/br\/","name":"Swimchannel","description":"Maior portal de nata\u00e7\u00e3o da america latina","publisher":{"@id":"https:\/\/swimchannel.net\/br\/#organization"},"potentialAction":[{"@type":"SearchAction","target":{"@type":"EntryPoint","urlTemplate":"https:\/\/swimchannel.net\/br\/?s={search_term_string}"},"query-input":{"@type":"PropertyValueSpecification","valueRequired":true,"valueName":"search_term_string"}}],"inLanguage":"pt-BR"},{"@type":"Organization","@id":"https:\/\/swimchannel.net\/br\/#organization","name":"Swimchannel - Conectando voc\u00ea a Nata\u00e7\u00e3o","url":"https:\/\/swimchannel.net\/br\/","logo":{"@type":"ImageObject","inLanguage":"pt-BR","@id":"https:\/\/swimchannel.net\/br\/#\/schema\/logo\/image\/","url":"https:\/\/swimchannel.net\/br\/wp-content\/uploads\/2026\/02\/SWIM-CHANNEL.png","contentUrl":"https:\/\/swimchannel.net\/br\/wp-content\/uploads\/2026\/02\/SWIM-CHANNEL.png","width":1120,"height":630,"caption":"Swimchannel - Conectando voc\u00ea a Nata\u00e7\u00e3o"},"image":{"@id":"https:\/\/swimchannel.net\/br\/#\/schema\/logo\/image\/"},"sameAs":["https:\/\/www.facebook.com\/swimchannel","https:\/\/www.instagram.com\/swimchannel"]},{"@type":"Person","@id":"https:\/\/swimchannel.net\/br\/#\/schema\/person\/8b903436c3c0b427a4ec3402a0579c30","name":"SwimChannel","image":{"@type":"ImageObject","inLanguage":"pt-BR","@id":"https:\/\/swimchannel.net\/br\/#\/schema\/person\/image\/","url":"https:\/\/swimchannel.net\/br\/wp-content\/uploads\/2021\/03\/SWIM-CHANNEL_JPG22-100x100.jpg","contentUrl":"https:\/\/swimchannel.net\/br\/wp-content\/uploads\/2021\/03\/SWIM-CHANNEL_JPG22-100x100.jpg","caption":"SwimChannel"},"url":"https:\/\/swimchannel.net\/br\/author\/swimchanneladmin\/"}]}},"_links":{"self":[{"href":"https:\/\/swimchannel.net\/br\/wp-json\/wp\/v2\/posts\/81866","targetHints":{"allow":["GET"]}}],"collection":[{"href":"https:\/\/swimchannel.net\/br\/wp-json\/wp\/v2\/posts"}],"about":[{"href":"https:\/\/swimchannel.net\/br\/wp-json\/wp\/v2\/types\/post"}],"author":[{"embeddable":true,"href":"https:\/\/swimchannel.net\/br\/wp-json\/wp\/v2\/users\/2"}],"replies":[{"embeddable":true,"href":"https:\/\/swimchannel.net\/br\/wp-json\/wp\/v2\/comments?post=81866"}],"version-history":[{"count":1,"href":"https:\/\/swimchannel.net\/br\/wp-json\/wp\/v2\/posts\/81866\/revisions"}],"predecessor-version":[{"id":81868,"href":"https:\/\/swimchannel.net\/br\/wp-json\/wp\/v2\/posts\/81866\/revisions\/81868"}],"wp:featuredmedia":[{"embeddable":true,"href":"https:\/\/swimchannel.net\/br\/wp-json\/wp\/v2\/media\/20448"}],"wp:attachment":[{"href":"https:\/\/swimchannel.net\/br\/wp-json\/wp\/v2\/media?parent=81866"}],"wp:term":[{"taxonomy":"category","embeddable":true,"href":"https:\/\/swimchannel.net\/br\/wp-json\/wp\/v2\/categories?post=81866"},{"taxonomy":"post_tag","embeddable":true,"href":"https:\/\/swimchannel.net\/br\/wp-json\/wp\/v2\/tags?post=81866"}],"curies":[{"name":"wp","href":"https:\/\/api.w.org\/{rel}","templated":true}]}}