{"id":8260,"date":"2018-04-13T00:35:32","date_gmt":"2018-04-13T00:35:32","guid":{"rendered":"https:\/\/swimchannel.flywheelsites.com\/?p=8260"},"modified":"2026-02-17T17:19:38","modified_gmt":"2026-02-17T20:19:38","slug":"um-duelo-de-campeas-para-abrir-o-trofeu-brasil-2018","status":"publish","type":"post","link":"https:\/\/swimchannel.net\/br\/um-duelo-de-campeas-para-abrir-o-trofeu-brasil-2018\/","title":{"rendered":"Um duelo de campe\u00e3s para abrir o Trof\u00e9u Brasil 2018"},"content":{"rendered":"<p>O Trof\u00e9u Maria Lenk come\u00e7a oficialmente neste domingo, dia 15 de abril, na Praia de Copacabana. Isso mesmo, na Praia de Copacabana. N\u00e3o, n\u00e3o ser\u00e1 montada uma piscina no cart\u00e3o postal do Rio de Janeiro como no Campeonato Mundial de piscina curta em 1995, o palco ser\u00e1 mesmo o mar ol\u00edmpico. O Posto 6 de Copacabana dar\u00e1 a largada para o Trof\u00e9u Brasil 2018 com uma maratona aqu\u00e1tica de 10 km. E um duelo entre duas gigantes da modalidade promete ser o grande atrativo, afinal cair\u00e3o na \u00e1gua a melhor nadadora do mundo em 2017 contra a\u00a0atual campe\u00e3 ol\u00edmpica.<\/p>\n<p><a href=\"https:\/\/swimchannel.net\/br\/atleta\/ana-marcela-cunha\/\">Ana Marcela Cunha<\/a> e <a href=\"https:\/\/swimchannel.net\/br\/atleta\/sharon-van-rouwendaal\/\">Sharon van Rouwendaal<\/a> nadar\u00e3o representando a Unisanta. Ana Marcela esta desde o fim do ano passado treinando e vivendo na \u00c1frica do Sul. No pa\u00eds africano ela esta sendo acompanhada por Fernando Possenti e a dupla j\u00e1 tra\u00e7ou planos e objetivos para que a brasileira chegue bem nos Jogos Ol\u00edmpicos de T\u00f3quio-2020. Sharon vive e treina na Fran\u00e7a com um dos melhores t\u00e9cnicos de \u00e1guas abertas do mundo: Philippe Lucas. A holandesa vem se recuperando do fraco desempenho do Mundial de Budapeste e aceitou o desafio de nadar o Trof\u00e9u Brasil. Uma curiosidade \u00e9 que a irm\u00e3 de Sharon, Denise, vive no Brasil h\u00e1 alguns anos e costuma participar de algumas provas amadoras de \u00e1guas abertas.<\/p>\n<p>No \u00faltimo encontro entre as duas a holandesa levou a melhor. Foi no m\u00eas passado em Doha na primeira etapa da FINA Marathon World Series. Sharon venceu a prova dos 10 km e Ana Marcela ficou em quarto lugar. Ano passado a brasileira foi absoluta no Mundial de Esportes Aqu\u00e1ticos de Budapeste superando a campe\u00e3 ol\u00edmpica tr\u00eas vezes nos 5 km, 10 km e 25 km. Agora teremos mais um embate entre duas das favoritas a conquista da medalha de ouro nos Jogos Ol\u00edmpicos de T\u00f3quio-2020.<\/p>\n<div id='gallery-1' class='gallery galleryid-8260 gallery-columns-3 gallery-size-thumbnail'><figure class='gallery-item'>\n\t\t\t<div class='gallery-icon landscape'>\n\t\t\t\t<a href='https:\/\/swimchannel.net\/br\/a-melhor-do-mundo-em-acao\/ana-marcela1\/'><img loading=\"lazy\" decoding=\"async\" width=\"320\" height=\"180\" src=\"https:\/\/swimchannel.net\/br\/wp-content\/uploads\/2018\/03\/ana-marcela1.jpg\" class=\"attachment-thumbnail size-thumbnail\" alt=\"\" aria-describedby=\"gallery-1-7747\" srcset=\"https:\/\/swimchannel.net\/br\/wp-content\/uploads\/2018\/03\/ana-marcela1.jpg 1200w, https:\/\/swimchannel.net\/br\/wp-content\/uploads\/2018\/03\/ana-marcela1-600x338.jpg 600w\" sizes=\"auto, (max-width: 320px) 100vw, 320px\" \/><\/a>\n\t\t\t<\/div>\n\t\t\t\t<figcaption class='wp-caption-text gallery-caption' id='gallery-1-7747'>\n\t\t\t\tAna Marcela Cunha &#8211; Foto: Satiro Sodr\u00e9\/SSPress\n\t\t\t\t<\/figcaption><\/figure><figure class='gallery-item'>\n\t\t\t<div class='gallery-icon landscape'>\n\t\t\t\t<a href='https:\/\/swimchannel.net\/br\/a-melhor-do-mundo-em-acao\/allan-carmo\/'><img loading=\"lazy\" decoding=\"async\" width=\"320\" height=\"180\" src=\"https:\/\/swimchannel.net\/br\/wp-content\/uploads\/2018\/03\/allan-carmo.jpg\" class=\"attachment-thumbnail size-thumbnail\" alt=\"\" aria-describedby=\"gallery-1-7741\" srcset=\"https:\/\/swimchannel.net\/br\/wp-content\/uploads\/2018\/03\/allan-carmo.jpg 1200w, https:\/\/swimchannel.net\/br\/wp-content\/uploads\/2018\/03\/allan-carmo-600x338.jpg 600w\" sizes=\"auto, (max-width: 320px) 100vw, 320px\" \/><\/a>\n\t\t\t<\/div>\n\t\t\t\t<figcaption class='wp-caption-text gallery-caption' id='gallery-1-7741'>\n\t\t\t\tAllan do Carmo &#8211; Foto: Satiro Sodr\u00e9\/SSPress\n\t\t\t\t<\/figcaption><\/figure><figure class='gallery-item'>\n\t\t\t<div class='gallery-icon landscape'>\n\t\t\t\t<a href='https:\/\/swimchannel.net\/br\/a-melhor-do-mundo-em-acao\/fernando-ponte\/'><img loading=\"lazy\" decoding=\"async\" width=\"320\" height=\"180\" src=\"https:\/\/swimchannel.net\/br\/wp-content\/uploads\/2018\/03\/fernando-ponte.jpg\" class=\"attachment-thumbnail size-thumbnail\" alt=\"\" aria-describedby=\"gallery-1-7743\" srcset=\"https:\/\/swimchannel.net\/br\/wp-content\/uploads\/2018\/03\/fernando-ponte.jpg 1200w, https:\/\/swimchannel.net\/br\/wp-content\/uploads\/2018\/03\/fernando-ponte-600x338.jpg 600w\" sizes=\"auto, (max-width: 320px) 100vw, 320px\" \/><\/a>\n\t\t\t<\/div>\n\t\t\t\t<figcaption class='wp-caption-text gallery-caption' id='gallery-1-7743'>\n\t\t\t\tFernando Ponte &#8211; Foto: Satiro Sodr\u00e9\/SSPress\n\t\t\t\t<\/figcaption><\/figure>\n\t\t<\/div>\n\n<p>Al\u00e9m das duas consagradas nadadoras, a prova feminina tamb\u00e9m ter\u00e1 a presen\u00e7a de duas jovens aletas da sele\u00e7\u00e3o brasileira: Viviane Jungblut, que ano passado participou do Mundial de Budapeste e conquistou medalhas na\u00a0FINA Marathon World Series, e Betina Lorscheitter, que assumiu a lideran\u00e7a e vem de duas vit\u00f3rias no Campeonato Brasileiro de Maratonas Aqu\u00e1ticas.<\/p>\n<p>Entre os homens os principais nomes da sele\u00e7\u00e3o brasileira estar\u00e3o em a\u00e7\u00e3o. <a href=\"https:\/\/swimchannel.net\/br\/atleta\/allan-do-carmo\/\">Allan do Carmo<\/a> e Fernando Ponte, os representantes do Brasil na prova de 10 km do \u00faltimo Mundial em Budapeste s\u00e3o os favoritos. Al\u00e9m deles, Diogo Villarinho e Victor Colonese tamb\u00e9m aparecem com boas chances de brigar pelo t\u00edtulo do Trof\u00e9u Brasil. Entre as surpresas vale ficar de olho em Alexandre Finco, que venceu a prova de 10 km no Campeonato Brasileiro em Caraguatatuba e tem como meta conseguir uma vaga na sele\u00e7\u00e3o brasileira de \u00e1guas abertas.<\/p>\n<p>A maratona aqu\u00e1tica tamb\u00e9m ser\u00e1 extremamente disputada por um motivo. Ou melhor, tr\u00eas motivos. Afinal, o Trof\u00e9u Brasil ser\u00e1 seletiva para tr\u00eas competi\u00e7\u00f5es diferentes.\u00a0Quatro atletas ser\u00e3o selecionados para o Campeonato Pan Pac\u00edfico (dois homens e duas mulheres), quatro para\u00a0Campeonato Sul-Americano Absoluto (dois homens e duas mulheres) e mais dois para os Jogos Sul-Americanos do ODESUR (um homem e um mulher).\u00a0Emo\u00e7\u00e3o n\u00e3o ir\u00e1 faltar!<\/p>\n","protected":false},"excerpt":{"rendered":"<p>O Trof\u00e9u Maria Lenk come\u00e7a oficialmente neste domingo, dia 15 de abril, na Praia de Copacabana. Isso mesmo, na Praia de Copacabana. N\u00e3o, n\u00e3o ser\u00e1 montada uma piscina no cart\u00e3o postal do Rio de Janeiro como no Campeonato Mundial de piscina curta em 1995, o palco ser\u00e1 mesmo o mar ol\u00edmpico. O Posto 6 de [&hellip;]<\/p>\n","protected":false},"author":3,"featured_media":7742,"comment_status":"open","ping_status":"open","sticky":false,"template":"","format":"standard","meta":{"footnotes":""},"categories":[115,240],"tags":[14,47,194,5,552,608,789],"class_list":["post-8260","post","type-post","status-publish","format-standard","has-post-thumbnail","hentry","category-aguas-abertas","category-trofeu-brasil","tag-aguas-abertas","tag-ana-marcela-cunha","tag-cbda","tag-natacao","tag-praia-de-copacabana","tag-sharon-van-rouwendaal","tag-trofeu-brasil"],"yoast_head":"<!-- This site is optimized with the Yoast SEO plugin v27.0 - https:\/\/yoast.com\/product\/yoast-seo-wordpress\/ -->\n<title>Um duelo de campe\u00e3s para abrir o Trof\u00e9u Brasil 2018 - Swimchannel<\/title>\n<meta name=\"description\" content=\"No domingo tem in\u00edcio o principal campeonato nacional com uma maratona de 10 km opondo Ana Marcela Cunha e Sharon van Rouwendaal.\" \/>\n<meta name=\"robots\" content=\"index, follow, max-snippet:-1, max-image-preview:large, max-video-preview:-1\" \/>\n<link rel=\"canonical\" href=\"https:\/\/swimchannel.net\/br\/um-duelo-de-campeas-para-abrir-o-trofeu-brasil-2018\/\" \/>\n<meta property=\"og:locale\" content=\"pt_BR\" \/>\n<meta property=\"og:type\" content=\"article\" \/>\n<meta property=\"og:title\" content=\"Um duelo de campe\u00e3s para abrir o Trof\u00e9u Brasil 2018 - Swimchannel\" \/>\n<meta property=\"og:description\" content=\"No domingo tem in\u00edcio o principal campeonato nacional com uma maratona de 10 km opondo Ana Marcela Cunha e Sharon van Rouwendaal.\" \/>\n<meta property=\"og:url\" content=\"https:\/\/swimchannel.net\/br\/um-duelo-de-campeas-para-abrir-o-trofeu-brasil-2018\/\" \/>\n<meta property=\"og:site_name\" content=\"Swimchannel\" \/>\n<meta property=\"article:publisher\" content=\"https:\/\/www.facebook.com\/swimchannel\" \/>\n<meta property=\"article:published_time\" content=\"2018-04-13T00:35:32+00:00\" \/>\n<meta property=\"article:modified_time\" content=\"2026-02-17T20:19:38+00:00\" \/>\n<meta property=\"og:image\" content=\"https:\/\/swimchannel.net\/br\/wp-content\/uploads\/2018\/03\/ana-marcela.jpg\" \/>\n\t<meta property=\"og:image:width\" content=\"1200\" \/>\n\t<meta property=\"og:image:height\" content=\"675\" \/>\n\t<meta property=\"og:image:type\" content=\"image\/jpeg\" \/>\n<meta name=\"author\" content=\"Guilherme Freitas\" \/>\n<meta name=\"twitter:card\" content=\"summary_large_image\" \/>\n<meta name=\"twitter:label1\" content=\"Escrito por\" \/>\n\t<meta name=\"twitter:data1\" content=\"Guilherme Freitas\" \/>\n\t<meta name=\"twitter:label2\" content=\"Est. tempo de leitura\" \/>\n\t<meta name=\"twitter:data2\" content=\"3 minutos\" \/>\n<script type=\"application\/ld+json\" class=\"yoast-schema-graph\">{\"@context\":\"https:\/\/schema.org\",\"@graph\":[{\"@type\":\"Article\",\"@id\":\"https:\/\/swimchannel.net\/br\/um-duelo-de-campeas-para-abrir-o-trofeu-brasil-2018\/#article\",\"isPartOf\":{\"@id\":\"https:\/\/swimchannel.net\/br\/um-duelo-de-campeas-para-abrir-o-trofeu-brasil-2018\/\"},\"author\":{\"name\":\"Guilherme Freitas\",\"@id\":\"https:\/\/swimchannel.net\/br\/#\/schema\/person\/aa2a63bab3275f53749a83276b213c48\"},\"headline\":\"Um duelo de campe\u00e3s para abrir o Trof\u00e9u Brasil 2018\",\"datePublished\":\"2018-04-13T00:35:32+00:00\",\"dateModified\":\"2026-02-17T20:19:38+00:00\",\"mainEntityOfPage\":{\"@id\":\"https:\/\/swimchannel.net\/br\/um-duelo-de-campeas-para-abrir-o-trofeu-brasil-2018\/\"},\"wordCount\":566,\"commentCount\":0,\"publisher\":{\"@id\":\"https:\/\/swimchannel.net\/br\/#organization\"},\"image\":{\"@id\":\"https:\/\/swimchannel.net\/br\/um-duelo-de-campeas-para-abrir-o-trofeu-brasil-2018\/#primaryimage\"},\"thumbnailUrl\":\"https:\/\/swimchannel.net\/br\/wp-content\/uploads\/2018\/03\/ana-marcela.jpg\",\"keywords\":[\"\u00c1guas abertas\",\"Ana Marcela Cunha\",\"CBDA\",\"natacao\",\"Praia de Copacabana\",\"Sharon van Rouwendaal\",\"Trof\u00e9u Brasil\"],\"articleSection\":[\"\u00c1guas Abertas\",\"Trof\u00e9u Brasil\"],\"inLanguage\":\"pt-BR\",\"potentialAction\":[{\"@type\":\"CommentAction\",\"name\":\"Comment\",\"target\":[\"https:\/\/swimchannel.net\/br\/um-duelo-de-campeas-para-abrir-o-trofeu-brasil-2018\/#respond\"]}]},{\"@type\":\"WebPage\",\"@id\":\"https:\/\/swimchannel.net\/br\/um-duelo-de-campeas-para-abrir-o-trofeu-brasil-2018\/\",\"url\":\"https:\/\/swimchannel.net\/br\/um-duelo-de-campeas-para-abrir-o-trofeu-brasil-2018\/\",\"name\":\"Um duelo de campe\u00e3s para abrir o Trof\u00e9u Brasil 2018 - Swimchannel\",\"isPartOf\":{\"@id\":\"https:\/\/swimchannel.net\/br\/#website\"},\"primaryImageOfPage\":{\"@id\":\"https:\/\/swimchannel.net\/br\/um-duelo-de-campeas-para-abrir-o-trofeu-brasil-2018\/#primaryimage\"},\"image\":{\"@id\":\"https:\/\/swimchannel.net\/br\/um-duelo-de-campeas-para-abrir-o-trofeu-brasil-2018\/#primaryimage\"},\"thumbnailUrl\":\"https:\/\/swimchannel.net\/br\/wp-content\/uploads\/2018\/03\/ana-marcela.jpg\",\"datePublished\":\"2018-04-13T00:35:32+00:00\",\"dateModified\":\"2026-02-17T20:19:38+00:00\",\"description\":\"No domingo tem in\u00edcio o principal campeonato nacional com uma maratona de 10 km opondo Ana Marcela Cunha e Sharon van Rouwendaal.\",\"breadcrumb\":{\"@id\":\"https:\/\/swimchannel.net\/br\/um-duelo-de-campeas-para-abrir-o-trofeu-brasil-2018\/#breadcrumb\"},\"inLanguage\":\"pt-BR\",\"potentialAction\":[{\"@type\":\"ReadAction\",\"target\":[\"https:\/\/swimchannel.net\/br\/um-duelo-de-campeas-para-abrir-o-trofeu-brasil-2018\/\"]}]},{\"@type\":\"ImageObject\",\"inLanguage\":\"pt-BR\",\"@id\":\"https:\/\/swimchannel.net\/br\/um-duelo-de-campeas-para-abrir-o-trofeu-brasil-2018\/#primaryimage\",\"url\":\"https:\/\/swimchannel.net\/br\/wp-content\/uploads\/2018\/03\/ana-marcela.jpg\",\"contentUrl\":\"https:\/\/swimchannel.net\/br\/wp-content\/uploads\/2018\/03\/ana-marcela.jpg\",\"width\":1200,\"height\":675,\"caption\":\"Ana Marcela Cunha terminou em 4\u00ba lugar - Foto: Satiro Sodr\u00e9\/SSPress\"},{\"@type\":\"BreadcrumbList\",\"@id\":\"https:\/\/swimchannel.net\/br\/um-duelo-de-campeas-para-abrir-o-trofeu-brasil-2018\/#breadcrumb\",\"itemListElement\":[{\"@type\":\"ListItem\",\"position\":1,\"name\":\"Home\",\"item\":\"https:\/\/swimchannel.net\/br\/\"},{\"@type\":\"ListItem\",\"position\":2,\"name\":\"Um duelo de campe\u00e3s para abrir o Trof\u00e9u Brasil 2018\"}]},{\"@type\":\"WebSite\",\"@id\":\"https:\/\/swimchannel.net\/br\/#website\",\"url\":\"https:\/\/swimchannel.net\/br\/\",\"name\":\"Swimchannel\",\"description\":\"Maior portal de nata\u00e7\u00e3o da america latina\",\"publisher\":{\"@id\":\"https:\/\/swimchannel.net\/br\/#organization\"},\"potentialAction\":[{\"@type\":\"SearchAction\",\"target\":{\"@type\":\"EntryPoint\",\"urlTemplate\":\"https:\/\/swimchannel.net\/br\/?s={search_term_string}\"},\"query-input\":{\"@type\":\"PropertyValueSpecification\",\"valueRequired\":true,\"valueName\":\"search_term_string\"}}],\"inLanguage\":\"pt-BR\"},{\"@type\":\"Organization\",\"@id\":\"https:\/\/swimchannel.net\/br\/#organization\",\"name\":\"Swimchannel - Conectando voc\u00ea a Nata\u00e7\u00e3o\",\"url\":\"https:\/\/swimchannel.net\/br\/\",\"logo\":{\"@type\":\"ImageObject\",\"inLanguage\":\"pt-BR\",\"@id\":\"https:\/\/swimchannel.net\/br\/#\/schema\/logo\/image\/\",\"url\":\"https:\/\/swimchannel.net\/br\/wp-content\/uploads\/2026\/02\/SWIM-CHANNEL.png\",\"contentUrl\":\"https:\/\/swimchannel.net\/br\/wp-content\/uploads\/2026\/02\/SWIM-CHANNEL.png\",\"width\":1120,\"height\":630,\"caption\":\"Swimchannel - Conectando voc\u00ea a Nata\u00e7\u00e3o\"},\"image\":{\"@id\":\"https:\/\/swimchannel.net\/br\/#\/schema\/logo\/image\/\"},\"sameAs\":[\"https:\/\/www.facebook.com\/swimchannel\",\"https:\/\/www.instagram.com\/swimchannel\"]},{\"@type\":\"Person\",\"@id\":\"https:\/\/swimchannel.net\/br\/#\/schema\/person\/aa2a63bab3275f53749a83276b213c48\",\"name\":\"Guilherme Freitas\",\"image\":{\"@type\":\"ImageObject\",\"inLanguage\":\"pt-BR\",\"@id\":\"https:\/\/swimchannel.net\/br\/#\/schema\/person\/image\/\",\"url\":\"https:\/\/swimchannel.net\/br\/wp-content\/uploads\/2025\/10\/gui22-193x180.png\",\"contentUrl\":\"https:\/\/swimchannel.net\/br\/wp-content\/uploads\/2025\/10\/gui22-193x180.png\",\"caption\":\"Guilherme Freitas\"},\"description\":\"Jornalista s\u00eanior da SWIM CHANNEL, ex-correspondente da FINA no Brasil e pesquisador acad\u00eamico.\",\"sameAs\":[\"instagram.com\/guifreitas86\"],\"url\":\"https:\/\/swimchannel.net\/br\/author\/guilherme-freitas\/\"}]}<\/script>\n<!-- \/ Yoast SEO plugin. -->","yoast_head_json":{"title":"Um duelo de campe\u00e3s para abrir o Trof\u00e9u Brasil 2018 - Swimchannel","description":"No domingo tem in\u00edcio o principal campeonato nacional com uma maratona de 10 km opondo Ana Marcela Cunha e Sharon van Rouwendaal.","robots":{"index":"index","follow":"follow","max-snippet":"max-snippet:-1","max-image-preview":"max-image-preview:large","max-video-preview":"max-video-preview:-1"},"canonical":"https:\/\/swimchannel.net\/br\/um-duelo-de-campeas-para-abrir-o-trofeu-brasil-2018\/","og_locale":"pt_BR","og_type":"article","og_title":"Um duelo de campe\u00e3s para abrir o Trof\u00e9u Brasil 2018 - Swimchannel","og_description":"No domingo tem in\u00edcio o principal campeonato nacional com uma maratona de 10 km opondo Ana Marcela Cunha e Sharon van Rouwendaal.","og_url":"https:\/\/swimchannel.net\/br\/um-duelo-de-campeas-para-abrir-o-trofeu-brasil-2018\/","og_site_name":"Swimchannel","article_publisher":"https:\/\/www.facebook.com\/swimchannel","article_published_time":"2018-04-13T00:35:32+00:00","article_modified_time":"2026-02-17T20:19:38+00:00","og_image":[{"width":1200,"height":675,"url":"https:\/\/swimchannel.net\/br\/wp-content\/uploads\/2018\/03\/ana-marcela.jpg","type":"image\/jpeg"}],"author":"Guilherme Freitas","twitter_card":"summary_large_image","twitter_misc":{"Escrito por":"Guilherme Freitas","Est. tempo de leitura":"3 minutos"},"schema":{"@context":"https:\/\/schema.org","@graph":[{"@type":"Article","@id":"https:\/\/swimchannel.net\/br\/um-duelo-de-campeas-para-abrir-o-trofeu-brasil-2018\/#article","isPartOf":{"@id":"https:\/\/swimchannel.net\/br\/um-duelo-de-campeas-para-abrir-o-trofeu-brasil-2018\/"},"author":{"name":"Guilherme Freitas","@id":"https:\/\/swimchannel.net\/br\/#\/schema\/person\/aa2a63bab3275f53749a83276b213c48"},"headline":"Um duelo de campe\u00e3s para abrir o Trof\u00e9u Brasil 2018","datePublished":"2018-04-13T00:35:32+00:00","dateModified":"2026-02-17T20:19:38+00:00","mainEntityOfPage":{"@id":"https:\/\/swimchannel.net\/br\/um-duelo-de-campeas-para-abrir-o-trofeu-brasil-2018\/"},"wordCount":566,"commentCount":0,"publisher":{"@id":"https:\/\/swimchannel.net\/br\/#organization"},"image":{"@id":"https:\/\/swimchannel.net\/br\/um-duelo-de-campeas-para-abrir-o-trofeu-brasil-2018\/#primaryimage"},"thumbnailUrl":"https:\/\/swimchannel.net\/br\/wp-content\/uploads\/2018\/03\/ana-marcela.jpg","keywords":["\u00c1guas abertas","Ana Marcela Cunha","CBDA","natacao","Praia de Copacabana","Sharon van Rouwendaal","Trof\u00e9u Brasil"],"articleSection":["\u00c1guas Abertas","Trof\u00e9u Brasil"],"inLanguage":"pt-BR","potentialAction":[{"@type":"CommentAction","name":"Comment","target":["https:\/\/swimchannel.net\/br\/um-duelo-de-campeas-para-abrir-o-trofeu-brasil-2018\/#respond"]}]},{"@type":"WebPage","@id":"https:\/\/swimchannel.net\/br\/um-duelo-de-campeas-para-abrir-o-trofeu-brasil-2018\/","url":"https:\/\/swimchannel.net\/br\/um-duelo-de-campeas-para-abrir-o-trofeu-brasil-2018\/","name":"Um duelo de campe\u00e3s para abrir o Trof\u00e9u Brasil 2018 - Swimchannel","isPartOf":{"@id":"https:\/\/swimchannel.net\/br\/#website"},"primaryImageOfPage":{"@id":"https:\/\/swimchannel.net\/br\/um-duelo-de-campeas-para-abrir-o-trofeu-brasil-2018\/#primaryimage"},"image":{"@id":"https:\/\/swimchannel.net\/br\/um-duelo-de-campeas-para-abrir-o-trofeu-brasil-2018\/#primaryimage"},"thumbnailUrl":"https:\/\/swimchannel.net\/br\/wp-content\/uploads\/2018\/03\/ana-marcela.jpg","datePublished":"2018-04-13T00:35:32+00:00","dateModified":"2026-02-17T20:19:38+00:00","description":"No domingo tem in\u00edcio o principal campeonato nacional com uma maratona de 10 km opondo Ana Marcela Cunha e Sharon van Rouwendaal.","breadcrumb":{"@id":"https:\/\/swimchannel.net\/br\/um-duelo-de-campeas-para-abrir-o-trofeu-brasil-2018\/#breadcrumb"},"inLanguage":"pt-BR","potentialAction":[{"@type":"ReadAction","target":["https:\/\/swimchannel.net\/br\/um-duelo-de-campeas-para-abrir-o-trofeu-brasil-2018\/"]}]},{"@type":"ImageObject","inLanguage":"pt-BR","@id":"https:\/\/swimchannel.net\/br\/um-duelo-de-campeas-para-abrir-o-trofeu-brasil-2018\/#primaryimage","url":"https:\/\/swimchannel.net\/br\/wp-content\/uploads\/2018\/03\/ana-marcela.jpg","contentUrl":"https:\/\/swimchannel.net\/br\/wp-content\/uploads\/2018\/03\/ana-marcela.jpg","width":1200,"height":675,"caption":"Ana Marcela Cunha terminou em 4\u00ba lugar - Foto: Satiro Sodr\u00e9\/SSPress"},{"@type":"BreadcrumbList","@id":"https:\/\/swimchannel.net\/br\/um-duelo-de-campeas-para-abrir-o-trofeu-brasil-2018\/#breadcrumb","itemListElement":[{"@type":"ListItem","position":1,"name":"Home","item":"https:\/\/swimchannel.net\/br\/"},{"@type":"ListItem","position":2,"name":"Um duelo de campe\u00e3s para abrir o Trof\u00e9u Brasil 2018"}]},{"@type":"WebSite","@id":"https:\/\/swimchannel.net\/br\/#website","url":"https:\/\/swimchannel.net\/br\/","name":"Swimchannel","description":"Maior portal de nata\u00e7\u00e3o da america latina","publisher":{"@id":"https:\/\/swimchannel.net\/br\/#organization"},"potentialAction":[{"@type":"SearchAction","target":{"@type":"EntryPoint","urlTemplate":"https:\/\/swimchannel.net\/br\/?s={search_term_string}"},"query-input":{"@type":"PropertyValueSpecification","valueRequired":true,"valueName":"search_term_string"}}],"inLanguage":"pt-BR"},{"@type":"Organization","@id":"https:\/\/swimchannel.net\/br\/#organization","name":"Swimchannel - Conectando voc\u00ea a Nata\u00e7\u00e3o","url":"https:\/\/swimchannel.net\/br\/","logo":{"@type":"ImageObject","inLanguage":"pt-BR","@id":"https:\/\/swimchannel.net\/br\/#\/schema\/logo\/image\/","url":"https:\/\/swimchannel.net\/br\/wp-content\/uploads\/2026\/02\/SWIM-CHANNEL.png","contentUrl":"https:\/\/swimchannel.net\/br\/wp-content\/uploads\/2026\/02\/SWIM-CHANNEL.png","width":1120,"height":630,"caption":"Swimchannel - Conectando voc\u00ea a Nata\u00e7\u00e3o"},"image":{"@id":"https:\/\/swimchannel.net\/br\/#\/schema\/logo\/image\/"},"sameAs":["https:\/\/www.facebook.com\/swimchannel","https:\/\/www.instagram.com\/swimchannel"]},{"@type":"Person","@id":"https:\/\/swimchannel.net\/br\/#\/schema\/person\/aa2a63bab3275f53749a83276b213c48","name":"Guilherme Freitas","image":{"@type":"ImageObject","inLanguage":"pt-BR","@id":"https:\/\/swimchannel.net\/br\/#\/schema\/person\/image\/","url":"https:\/\/swimchannel.net\/br\/wp-content\/uploads\/2025\/10\/gui22-193x180.png","contentUrl":"https:\/\/swimchannel.net\/br\/wp-content\/uploads\/2025\/10\/gui22-193x180.png","caption":"Guilherme Freitas"},"description":"Jornalista s\u00eanior da SWIM CHANNEL, ex-correspondente da FINA no Brasil e pesquisador acad\u00eamico.","sameAs":["instagram.com\/guifreitas86"],"url":"https:\/\/swimchannel.net\/br\/author\/guilherme-freitas\/"}]}},"_links":{"self":[{"href":"https:\/\/swimchannel.net\/br\/wp-json\/wp\/v2\/posts\/8260","targetHints":{"allow":["GET"]}}],"collection":[{"href":"https:\/\/swimchannel.net\/br\/wp-json\/wp\/v2\/posts"}],"about":[{"href":"https:\/\/swimchannel.net\/br\/wp-json\/wp\/v2\/types\/post"}],"author":[{"embeddable":true,"href":"https:\/\/swimchannel.net\/br\/wp-json\/wp\/v2\/users\/3"}],"replies":[{"embeddable":true,"href":"https:\/\/swimchannel.net\/br\/wp-json\/wp\/v2\/comments?post=8260"}],"version-history":[{"count":1,"href":"https:\/\/swimchannel.net\/br\/wp-json\/wp\/v2\/posts\/8260\/revisions"}],"predecessor-version":[{"id":79382,"href":"https:\/\/swimchannel.net\/br\/wp-json\/wp\/v2\/posts\/8260\/revisions\/79382"}],"wp:featuredmedia":[{"embeddable":true,"href":"https:\/\/swimchannel.net\/br\/wp-json\/wp\/v2\/media\/7742"}],"wp:attachment":[{"href":"https:\/\/swimchannel.net\/br\/wp-json\/wp\/v2\/media?parent=8260"}],"wp:term":[{"taxonomy":"category","embeddable":true,"href":"https:\/\/swimchannel.net\/br\/wp-json\/wp\/v2\/categories?post=8260"},{"taxonomy":"post_tag","embeddable":true,"href":"https:\/\/swimchannel.net\/br\/wp-json\/wp\/v2\/tags?post=8260"}],"curies":[{"name":"wp","href":"https:\/\/api.w.org\/{rel}","templated":true}]}}