{"id":8264,"date":"2018-04-12T11:02:09","date_gmt":"2018-04-12T11:02:09","guid":{"rendered":"https:\/\/swimchannel.flywheelsites.com\/?p=8264"},"modified":"2018-04-18T18:28:59","modified_gmt":"2018-04-18T18:28:59","slug":"a-primeira-prova-de-aguas-abertas-do-trofeu-brasil","status":"publish","type":"post","link":"https:\/\/swimchannel.net\/br\/a-primeira-prova-de-aguas-abertas-do-trofeu-brasil\/","title":{"rendered":"A primeira prova de \u00e1guas abertas do Trof\u00e9u Brasil"},"content":{"rendered":"<p>Amanh\u00e3 acontece em Copacabana a maratona aqu\u00e1tica do Trof\u00e9u Brasil. Por\u00e9m, esta n\u00e3o ser\u00e1 a primeira vez que as \u00e1guas abertas fazem parte do programa de provas do principal campeonato da nata\u00e7\u00e3o brasileira. Em 2014 uma meia maratona de 5 km\u00a0foi realizada em paralelo com as disputas na piscina. A ideia, que na \u00e9poca foi tida como uma esp\u00e9cie de teste, nunca mais foi realizada. Agora ela volta a pauta nesta primeira edi\u00e7\u00e3o do evento sob a nova gest\u00e3o presidida por Miguel Carlos Cagnoni.<\/p>\n<p>Naquele ano o Trof\u00e9u Maria Lenk (nome que o evento adotou entre 2007 e 2017), foi disputado em S\u00e3o Paulo na rec\u00e9m-reformada piscina do Complexo Esportivo do Ibirapuera. A prova de \u00e1guas abertas tamb\u00e9m foi realizada na capital paulista e o local escolhido foi a Raia Ol\u00edmpica da USP, dentro da Cidade Universit\u00e1ria. A raia ol\u00edmpica tem 2,2 km por 100m de extens\u00e3o e o local \u00e9 frequentado por muitos atletas do universo aqu\u00e1tico, principalmente praticantes de remo, canoagem, paddleboard e stand-up paddle.<\/p>\n<p>Ao todo, 30 atletas disputaram a meia maratona. Foram 19 homens e 11 mulheres. O evento teve alguns desfalques como <a href=\"https:\/\/swimchannel.net\/br\/atleta\/allan-do-carmo\/\">Allan do Carmo<\/a> e <a href=\"https:\/\/swimchannel.net\/br\/atleta\/ana-marcela-cunha\/\">Ana Marcela Cunha<\/a> que n\u00e3o participaram da competi\u00e7\u00e3o. Entre as mulheres a campe\u00e3 foi <a href=\"https:\/\/swimchannel.net\/br\/atleta\/poliana-okimoto\/\">Poliana Okimoto<\/a> que conseguiu uma vit\u00f3ria tranquila completando os 5 km em 57min09s bem a frente de Betina Lorscheitter que levou a medalha de prata com 59min26s sendo seguida por Gabriela Ferreira, que completou o primeiro p\u00f3dio feminino de \u00e1guas abertas do Trof\u00e9u Brasil com 1h02min29s.<\/p>\n<div id='gallery-1' class='gallery galleryid-8264 gallery-columns-3 gallery-size-thumbnail'><figure class='gallery-item'>\n\t\t\t<div class='gallery-icon landscape'>\n\t\t\t\t<a href='https:\/\/swimchannel.net\/br\/a-primeira-prova-de-aguas-abertas-do-trofeu-brasil\/trofeu-maria-lenk-maratonas-aquaticas-2\/'><img loading=\"lazy\" decoding=\"async\" width=\"270\" height=\"180\" src=\"https:\/\/swimchannel.net\/br\/wp-content\/uploads\/2018\/04\/SS_L6294.jpg\" class=\"attachment-thumbnail size-thumbnail\" alt=\"\" aria-describedby=\"gallery-1-8278\" srcset=\"https:\/\/swimchannel.net\/br\/wp-content\/uploads\/2018\/04\/SS_L6294.jpg 2362w, https:\/\/swimchannel.net\/br\/wp-content\/uploads\/2018\/04\/SS_L6294-600x400.jpg 600w\" sizes=\"auto, (max-width: 270px) 100vw, 270px\" \/><\/a>\n\t\t\t<\/div>\n\t\t\t\t<figcaption class='wp-caption-text gallery-caption' id='gallery-1-8278'>\n\t\t\t\tLargada para a prova do Trof\u00e9u Maria Lenk em 2014 &#8211; Foto: Satiro Sodre\/SSPress\n\t\t\t\t<\/figcaption><\/figure><figure class='gallery-item'>\n\t\t\t<div class='gallery-icon landscape'>\n\t\t\t\t<a href='https:\/\/swimchannel.net\/br\/a-primeira-prova-de-aguas-abertas-do-trofeu-brasil\/trofeu-maria-lenk-maratonas-aquaticas-3\/'><img loading=\"lazy\" decoding=\"async\" width=\"270\" height=\"180\" src=\"https:\/\/swimchannel.net\/br\/wp-content\/uploads\/2018\/04\/SS_L6946.jpg\" class=\"attachment-thumbnail size-thumbnail\" alt=\"\" aria-describedby=\"gallery-1-8279\" srcset=\"https:\/\/swimchannel.net\/br\/wp-content\/uploads\/2018\/04\/SS_L6946.jpg 2362w, https:\/\/swimchannel.net\/br\/wp-content\/uploads\/2018\/04\/SS_L6946-600x400.jpg 600w\" sizes=\"auto, (max-width: 270px) 100vw, 270px\" \/><\/a>\n\t\t\t<\/div>\n\t\t\t\t<figcaption class='wp-caption-text gallery-caption' id='gallery-1-8279'>\n\t\t\t\tP\u00f3dio feminino da prova de 2014 &#8211; Foto: Satiro Sodre\/SSPress\n\t\t\t\t<\/figcaption><\/figure><figure class='gallery-item'>\n\t\t\t<div class='gallery-icon landscape'>\n\t\t\t\t<a href='https:\/\/swimchannel.net\/br\/a-primeira-prova-de-aguas-abertas-do-trofeu-brasil\/trofeu-maria-lenk-maratonas-aquaticas-4\/'><img loading=\"lazy\" decoding=\"async\" width=\"270\" height=\"180\" src=\"https:\/\/swimchannel.net\/br\/wp-content\/uploads\/2018\/04\/SS_L6959.jpg\" class=\"attachment-thumbnail size-thumbnail\" alt=\"\" aria-describedby=\"gallery-1-8280\" srcset=\"https:\/\/swimchannel.net\/br\/wp-content\/uploads\/2018\/04\/SS_L6959.jpg 2362w, https:\/\/swimchannel.net\/br\/wp-content\/uploads\/2018\/04\/SS_L6959-600x400.jpg 600w\" sizes=\"auto, (max-width: 270px) 100vw, 270px\" \/><\/a>\n\t\t\t<\/div>\n\t\t\t\t<figcaption class='wp-caption-text gallery-caption' id='gallery-1-8280'>\n\t\t\t\tP\u00f3dio masculino da prova de 2014 &#8211; Foto: Satiro Sodre\/SSPress\n\t\t\t\t<\/figcaption><\/figure>\n\t\t<\/div>\n\n<p>Se na prova feminina Poliana conseguiu valer o seu favoritismo, entre os homens a disputa foi acirrada at\u00e9 o final entre dois jovens atletas que viviam um bom momento nas \u00e1guas. Melhor para Luis Rog\u00e9rio Arapiraca que foi o vencedor com 56min57s, um segundo a frente de Samuel de Bona. O p\u00f3dio teve ainda a presen\u00e7a de outro jovem nadador na \u00e9poca, Victor Colonese que faturou a medalha de bronze com 57min00s.<\/p>\n<p>Apenas dois clubes conquistaram medalhas\u00a0na primeira prova de \u00e1guas abertas da hist\u00f3ria do Trof\u00e9u Brasil. A Unisanta venceu as duas e ainda levou um bronze. J\u00e1 o Gr\u00eamio N\u00e1utico faturou duas pratas e um bronze. Assim como vai acontecer este ano, a prova em 2014 contou pontos para as equipes, fato que ajudou os dois clubes a terminarem no top 5 do ranking geral (nata\u00e7\u00e3o + \u00e1guas abertas).<\/p>\n<p>A adi\u00e7\u00e3o da maratona aqu\u00e1tica ao programa de provas do Trof\u00e9u Brasil ajuda a valorizar a modalidade, j\u00e1 que as equipes passar\u00e3o a investir mais nos nadadores de longa dist\u00e2ncia.\u00a0Amanh\u00e3 15 clubes ser\u00e3o representados por 53 atletas\u00a0de olho nos pontos que poder\u00e3o somar em Copacabana pensando em como no fim eles podem fazer a diferen\u00e7a.<\/p>\n","protected":false},"excerpt":{"rendered":"<p>Amanh\u00e3 acontece em Copacabana a maratona aqu\u00e1tica do Trof\u00e9u Brasil. Por\u00e9m, esta n\u00e3o ser\u00e1 a primeira vez que as \u00e1guas abertas fazem parte do programa de provas do principal campeonato da nata\u00e7\u00e3o brasileira. Em 2014 uma meia maratona de 5 km\u00a0foi realizada em paralelo com as disputas na piscina. A ideia, que na \u00e9poca foi [&hellip;]<\/p>\n","protected":false},"author":3,"featured_media":8277,"comment_status":"open","ping_status":"open","sticky":false,"template":"","format":"standard","meta":{"footnotes":""},"categories":[115,240],"tags":[14,194,1259,5,46,1258,789],"class_list":["post-8264","post","type-post","status-publish","format-standard","has-post-thumbnail","hentry","category-aguas-abertas","category-trofeu-brasil","tag-aguas-abertas","tag-cbda","tag-luis-rogerio-arapiraca","tag-natacao","tag-poliana-okimoto","tag-raia-da-usp","tag-trofeu-brasil"],"yoast_head":"<!-- This site is optimized with the Yoast SEO plugin v27.0 - https:\/\/yoast.com\/product\/yoast-seo-wordpress\/ -->\n<title>A primeira prova de \u00e1guas abertas do Trof\u00e9u Brasil - Swimchannel<\/title>\n<meta name=\"description\" content=\"Em 2014 a Raia da USP em S\u00e3o Paulo foi palco de uma meia maratona de 5 km vencida por Poliana Okimoto e Luis Rog\u00e9rio Arapiraca.\" \/>\n<meta name=\"robots\" content=\"index, follow, max-snippet:-1, max-image-preview:large, max-video-preview:-1\" \/>\n<link rel=\"canonical\" href=\"https:\/\/swimchannel.net\/br\/a-primeira-prova-de-aguas-abertas-do-trofeu-brasil\/\" \/>\n<meta property=\"og:locale\" content=\"pt_BR\" \/>\n<meta property=\"og:type\" content=\"article\" \/>\n<meta property=\"og:title\" content=\"A primeira prova de \u00e1guas abertas do Trof\u00e9u Brasil - Swimchannel\" \/>\n<meta property=\"og:description\" content=\"Em 2014 a Raia da USP em S\u00e3o Paulo foi palco de uma meia maratona de 5 km vencida por Poliana Okimoto e Luis Rog\u00e9rio Arapiraca.\" \/>\n<meta property=\"og:url\" content=\"https:\/\/swimchannel.net\/br\/a-primeira-prova-de-aguas-abertas-do-trofeu-brasil\/\" \/>\n<meta property=\"og:site_name\" content=\"Swimchannel\" \/>\n<meta property=\"article:publisher\" content=\"https:\/\/www.facebook.com\/swimchannel\" \/>\n<meta property=\"article:published_time\" content=\"2018-04-12T11:02:09+00:00\" \/>\n<meta property=\"article:modified_time\" content=\"2018-04-18T18:28:59+00:00\" \/>\n<meta property=\"og:image\" content=\"https:\/\/swimchannel.net\/br\/wp-content\/uploads\/2018\/04\/SS_L6588.jpg\" \/>\n\t<meta property=\"og:image:width\" content=\"2362\" \/>\n\t<meta property=\"og:image:height\" content=\"1575\" \/>\n\t<meta property=\"og:image:type\" content=\"image\/jpeg\" \/>\n<meta name=\"author\" content=\"Guilherme Freitas\" \/>\n<meta name=\"twitter:card\" content=\"summary_large_image\" \/>\n<meta name=\"twitter:label1\" content=\"Escrito por\" \/>\n\t<meta name=\"twitter:data1\" content=\"Guilherme Freitas\" \/>\n\t<meta name=\"twitter:label2\" content=\"Est. tempo de leitura\" \/>\n\t<meta name=\"twitter:data2\" content=\"2 minutos\" \/>\n<script type=\"application\/ld+json\" class=\"yoast-schema-graph\">{\"@context\":\"https:\/\/schema.org\",\"@graph\":[{\"@type\":\"Article\",\"@id\":\"https:\/\/swimchannel.net\/br\/a-primeira-prova-de-aguas-abertas-do-trofeu-brasil\/#article\",\"isPartOf\":{\"@id\":\"https:\/\/swimchannel.net\/br\/a-primeira-prova-de-aguas-abertas-do-trofeu-brasil\/\"},\"author\":{\"name\":\"Guilherme Freitas\",\"@id\":\"https:\/\/swimchannel.net\/br\/#\/schema\/person\/aa2a63bab3275f53749a83276b213c48\"},\"headline\":\"A primeira prova de \u00e1guas abertas do Trof\u00e9u Brasil\",\"datePublished\":\"2018-04-12T11:02:09+00:00\",\"dateModified\":\"2018-04-18T18:28:59+00:00\",\"mainEntityOfPage\":{\"@id\":\"https:\/\/swimchannel.net\/br\/a-primeira-prova-de-aguas-abertas-do-trofeu-brasil\/\"},\"wordCount\":491,\"commentCount\":0,\"publisher\":{\"@id\":\"https:\/\/swimchannel.net\/br\/#organization\"},\"image\":{\"@id\":\"https:\/\/swimchannel.net\/br\/a-primeira-prova-de-aguas-abertas-do-trofeu-brasil\/#primaryimage\"},\"thumbnailUrl\":\"https:\/\/swimchannel.net\/br\/wp-content\/uploads\/2018\/04\/SS_L6588.jpg\",\"keywords\":[\"\u00c1guas abertas\",\"CBDA\",\"Luis Rog\u00e9rio Arapiraca\",\"natacao\",\"Poliana Okimoto\",\"Raia da USP\",\"Trof\u00e9u Brasil\"],\"articleSection\":[\"\u00c1guas Abertas\",\"Trof\u00e9u Brasil\"],\"inLanguage\":\"pt-BR\",\"potentialAction\":[{\"@type\":\"CommentAction\",\"name\":\"Comment\",\"target\":[\"https:\/\/swimchannel.net\/br\/a-primeira-prova-de-aguas-abertas-do-trofeu-brasil\/#respond\"]}]},{\"@type\":\"WebPage\",\"@id\":\"https:\/\/swimchannel.net\/br\/a-primeira-prova-de-aguas-abertas-do-trofeu-brasil\/\",\"url\":\"https:\/\/swimchannel.net\/br\/a-primeira-prova-de-aguas-abertas-do-trofeu-brasil\/\",\"name\":\"A primeira prova de \u00e1guas abertas do Trof\u00e9u Brasil - Swimchannel\",\"isPartOf\":{\"@id\":\"https:\/\/swimchannel.net\/br\/#website\"},\"primaryImageOfPage\":{\"@id\":\"https:\/\/swimchannel.net\/br\/a-primeira-prova-de-aguas-abertas-do-trofeu-brasil\/#primaryimage\"},\"image\":{\"@id\":\"https:\/\/swimchannel.net\/br\/a-primeira-prova-de-aguas-abertas-do-trofeu-brasil\/#primaryimage\"},\"thumbnailUrl\":\"https:\/\/swimchannel.net\/br\/wp-content\/uploads\/2018\/04\/SS_L6588.jpg\",\"datePublished\":\"2018-04-12T11:02:09+00:00\",\"dateModified\":\"2018-04-18T18:28:59+00:00\",\"description\":\"Em 2014 a Raia da USP em S\u00e3o Paulo foi palco de uma meia maratona de 5 km vencida por Poliana Okimoto e Luis Rog\u00e9rio Arapiraca.\",\"breadcrumb\":{\"@id\":\"https:\/\/swimchannel.net\/br\/a-primeira-prova-de-aguas-abertas-do-trofeu-brasil\/#breadcrumb\"},\"inLanguage\":\"pt-BR\",\"potentialAction\":[{\"@type\":\"ReadAction\",\"target\":[\"https:\/\/swimchannel.net\/br\/a-primeira-prova-de-aguas-abertas-do-trofeu-brasil\/\"]}]},{\"@type\":\"ImageObject\",\"inLanguage\":\"pt-BR\",\"@id\":\"https:\/\/swimchannel.net\/br\/a-primeira-prova-de-aguas-abertas-do-trofeu-brasil\/#primaryimage\",\"url\":\"https:\/\/swimchannel.net\/br\/wp-content\/uploads\/2018\/04\/SS_L6588.jpg\",\"contentUrl\":\"https:\/\/swimchannel.net\/br\/wp-content\/uploads\/2018\/04\/SS_L6588.jpg\",\"width\":2362,\"height\":1575,\"caption\":\"Prova de \u00e1guas abertas na Ria USP em 2014 - Foto: Satiro Sodre\/SSPress\"},{\"@type\":\"BreadcrumbList\",\"@id\":\"https:\/\/swimchannel.net\/br\/a-primeira-prova-de-aguas-abertas-do-trofeu-brasil\/#breadcrumb\",\"itemListElement\":[{\"@type\":\"ListItem\",\"position\":1,\"name\":\"Home\",\"item\":\"https:\/\/swimchannel.net\/br\/\"},{\"@type\":\"ListItem\",\"position\":2,\"name\":\"A primeira prova de \u00e1guas abertas do Trof\u00e9u Brasil\"}]},{\"@type\":\"WebSite\",\"@id\":\"https:\/\/swimchannel.net\/br\/#website\",\"url\":\"https:\/\/swimchannel.net\/br\/\",\"name\":\"Swimchannel\",\"description\":\"Maior portal de nata\u00e7\u00e3o da america latina\",\"publisher\":{\"@id\":\"https:\/\/swimchannel.net\/br\/#organization\"},\"potentialAction\":[{\"@type\":\"SearchAction\",\"target\":{\"@type\":\"EntryPoint\",\"urlTemplate\":\"https:\/\/swimchannel.net\/br\/?s={search_term_string}\"},\"query-input\":{\"@type\":\"PropertyValueSpecification\",\"valueRequired\":true,\"valueName\":\"search_term_string\"}}],\"inLanguage\":\"pt-BR\"},{\"@type\":\"Organization\",\"@id\":\"https:\/\/swimchannel.net\/br\/#organization\",\"name\":\"Swimchannel - Conectando voc\u00ea a Nata\u00e7\u00e3o\",\"url\":\"https:\/\/swimchannel.net\/br\/\",\"logo\":{\"@type\":\"ImageObject\",\"inLanguage\":\"pt-BR\",\"@id\":\"https:\/\/swimchannel.net\/br\/#\/schema\/logo\/image\/\",\"url\":\"https:\/\/swimchannel.net\/br\/wp-content\/uploads\/2026\/02\/SWIM-CHANNEL.png\",\"contentUrl\":\"https:\/\/swimchannel.net\/br\/wp-content\/uploads\/2026\/02\/SWIM-CHANNEL.png\",\"width\":1120,\"height\":630,\"caption\":\"Swimchannel - Conectando voc\u00ea a Nata\u00e7\u00e3o\"},\"image\":{\"@id\":\"https:\/\/swimchannel.net\/br\/#\/schema\/logo\/image\/\"},\"sameAs\":[\"https:\/\/www.facebook.com\/swimchannel\",\"https:\/\/www.instagram.com\/swimchannel\"]},{\"@type\":\"Person\",\"@id\":\"https:\/\/swimchannel.net\/br\/#\/schema\/person\/aa2a63bab3275f53749a83276b213c48\",\"name\":\"Guilherme Freitas\",\"image\":{\"@type\":\"ImageObject\",\"inLanguage\":\"pt-BR\",\"@id\":\"https:\/\/swimchannel.net\/br\/#\/schema\/person\/image\/\",\"url\":\"https:\/\/swimchannel.net\/br\/wp-content\/uploads\/2025\/10\/gui22-193x180.png\",\"contentUrl\":\"https:\/\/swimchannel.net\/br\/wp-content\/uploads\/2025\/10\/gui22-193x180.png\",\"caption\":\"Guilherme Freitas\"},\"description\":\"Jornalista s\u00eanior da SWIM CHANNEL, ex-correspondente da FINA no Brasil e pesquisador acad\u00eamico.\",\"sameAs\":[\"instagram.com\/guifreitas86\"],\"url\":\"https:\/\/swimchannel.net\/br\/author\/guilherme-freitas\/\"}]}<\/script>\n<!-- \/ Yoast SEO plugin. -->","yoast_head_json":{"title":"A primeira prova de \u00e1guas abertas do Trof\u00e9u Brasil - Swimchannel","description":"Em 2014 a Raia da USP em S\u00e3o Paulo foi palco de uma meia maratona de 5 km vencida por Poliana Okimoto e Luis Rog\u00e9rio Arapiraca.","robots":{"index":"index","follow":"follow","max-snippet":"max-snippet:-1","max-image-preview":"max-image-preview:large","max-video-preview":"max-video-preview:-1"},"canonical":"https:\/\/swimchannel.net\/br\/a-primeira-prova-de-aguas-abertas-do-trofeu-brasil\/","og_locale":"pt_BR","og_type":"article","og_title":"A primeira prova de \u00e1guas abertas do Trof\u00e9u Brasil - Swimchannel","og_description":"Em 2014 a Raia da USP em S\u00e3o Paulo foi palco de uma meia maratona de 5 km vencida por Poliana Okimoto e Luis Rog\u00e9rio Arapiraca.","og_url":"https:\/\/swimchannel.net\/br\/a-primeira-prova-de-aguas-abertas-do-trofeu-brasil\/","og_site_name":"Swimchannel","article_publisher":"https:\/\/www.facebook.com\/swimchannel","article_published_time":"2018-04-12T11:02:09+00:00","article_modified_time":"2018-04-18T18:28:59+00:00","og_image":[{"width":2362,"height":1575,"url":"https:\/\/swimchannel.net\/br\/wp-content\/uploads\/2018\/04\/SS_L6588.jpg","type":"image\/jpeg"}],"author":"Guilherme Freitas","twitter_card":"summary_large_image","twitter_misc":{"Escrito por":"Guilherme Freitas","Est. tempo de leitura":"2 minutos"},"schema":{"@context":"https:\/\/schema.org","@graph":[{"@type":"Article","@id":"https:\/\/swimchannel.net\/br\/a-primeira-prova-de-aguas-abertas-do-trofeu-brasil\/#article","isPartOf":{"@id":"https:\/\/swimchannel.net\/br\/a-primeira-prova-de-aguas-abertas-do-trofeu-brasil\/"},"author":{"name":"Guilherme Freitas","@id":"https:\/\/swimchannel.net\/br\/#\/schema\/person\/aa2a63bab3275f53749a83276b213c48"},"headline":"A primeira prova de \u00e1guas abertas do Trof\u00e9u Brasil","datePublished":"2018-04-12T11:02:09+00:00","dateModified":"2018-04-18T18:28:59+00:00","mainEntityOfPage":{"@id":"https:\/\/swimchannel.net\/br\/a-primeira-prova-de-aguas-abertas-do-trofeu-brasil\/"},"wordCount":491,"commentCount":0,"publisher":{"@id":"https:\/\/swimchannel.net\/br\/#organization"},"image":{"@id":"https:\/\/swimchannel.net\/br\/a-primeira-prova-de-aguas-abertas-do-trofeu-brasil\/#primaryimage"},"thumbnailUrl":"https:\/\/swimchannel.net\/br\/wp-content\/uploads\/2018\/04\/SS_L6588.jpg","keywords":["\u00c1guas abertas","CBDA","Luis Rog\u00e9rio Arapiraca","natacao","Poliana Okimoto","Raia da USP","Trof\u00e9u Brasil"],"articleSection":["\u00c1guas Abertas","Trof\u00e9u Brasil"],"inLanguage":"pt-BR","potentialAction":[{"@type":"CommentAction","name":"Comment","target":["https:\/\/swimchannel.net\/br\/a-primeira-prova-de-aguas-abertas-do-trofeu-brasil\/#respond"]}]},{"@type":"WebPage","@id":"https:\/\/swimchannel.net\/br\/a-primeira-prova-de-aguas-abertas-do-trofeu-brasil\/","url":"https:\/\/swimchannel.net\/br\/a-primeira-prova-de-aguas-abertas-do-trofeu-brasil\/","name":"A primeira prova de \u00e1guas abertas do Trof\u00e9u Brasil - Swimchannel","isPartOf":{"@id":"https:\/\/swimchannel.net\/br\/#website"},"primaryImageOfPage":{"@id":"https:\/\/swimchannel.net\/br\/a-primeira-prova-de-aguas-abertas-do-trofeu-brasil\/#primaryimage"},"image":{"@id":"https:\/\/swimchannel.net\/br\/a-primeira-prova-de-aguas-abertas-do-trofeu-brasil\/#primaryimage"},"thumbnailUrl":"https:\/\/swimchannel.net\/br\/wp-content\/uploads\/2018\/04\/SS_L6588.jpg","datePublished":"2018-04-12T11:02:09+00:00","dateModified":"2018-04-18T18:28:59+00:00","description":"Em 2014 a Raia da USP em S\u00e3o Paulo foi palco de uma meia maratona de 5 km vencida por Poliana Okimoto e Luis Rog\u00e9rio Arapiraca.","breadcrumb":{"@id":"https:\/\/swimchannel.net\/br\/a-primeira-prova-de-aguas-abertas-do-trofeu-brasil\/#breadcrumb"},"inLanguage":"pt-BR","potentialAction":[{"@type":"ReadAction","target":["https:\/\/swimchannel.net\/br\/a-primeira-prova-de-aguas-abertas-do-trofeu-brasil\/"]}]},{"@type":"ImageObject","inLanguage":"pt-BR","@id":"https:\/\/swimchannel.net\/br\/a-primeira-prova-de-aguas-abertas-do-trofeu-brasil\/#primaryimage","url":"https:\/\/swimchannel.net\/br\/wp-content\/uploads\/2018\/04\/SS_L6588.jpg","contentUrl":"https:\/\/swimchannel.net\/br\/wp-content\/uploads\/2018\/04\/SS_L6588.jpg","width":2362,"height":1575,"caption":"Prova de \u00e1guas abertas na Ria USP em 2014 - Foto: Satiro Sodre\/SSPress"},{"@type":"BreadcrumbList","@id":"https:\/\/swimchannel.net\/br\/a-primeira-prova-de-aguas-abertas-do-trofeu-brasil\/#breadcrumb","itemListElement":[{"@type":"ListItem","position":1,"name":"Home","item":"https:\/\/swimchannel.net\/br\/"},{"@type":"ListItem","position":2,"name":"A primeira prova de \u00e1guas abertas do Trof\u00e9u Brasil"}]},{"@type":"WebSite","@id":"https:\/\/swimchannel.net\/br\/#website","url":"https:\/\/swimchannel.net\/br\/","name":"Swimchannel","description":"Maior portal de nata\u00e7\u00e3o da america latina","publisher":{"@id":"https:\/\/swimchannel.net\/br\/#organization"},"potentialAction":[{"@type":"SearchAction","target":{"@type":"EntryPoint","urlTemplate":"https:\/\/swimchannel.net\/br\/?s={search_term_string}"},"query-input":{"@type":"PropertyValueSpecification","valueRequired":true,"valueName":"search_term_string"}}],"inLanguage":"pt-BR"},{"@type":"Organization","@id":"https:\/\/swimchannel.net\/br\/#organization","name":"Swimchannel - Conectando voc\u00ea a Nata\u00e7\u00e3o","url":"https:\/\/swimchannel.net\/br\/","logo":{"@type":"ImageObject","inLanguage":"pt-BR","@id":"https:\/\/swimchannel.net\/br\/#\/schema\/logo\/image\/","url":"https:\/\/swimchannel.net\/br\/wp-content\/uploads\/2026\/02\/SWIM-CHANNEL.png","contentUrl":"https:\/\/swimchannel.net\/br\/wp-content\/uploads\/2026\/02\/SWIM-CHANNEL.png","width":1120,"height":630,"caption":"Swimchannel - Conectando voc\u00ea a Nata\u00e7\u00e3o"},"image":{"@id":"https:\/\/swimchannel.net\/br\/#\/schema\/logo\/image\/"},"sameAs":["https:\/\/www.facebook.com\/swimchannel","https:\/\/www.instagram.com\/swimchannel"]},{"@type":"Person","@id":"https:\/\/swimchannel.net\/br\/#\/schema\/person\/aa2a63bab3275f53749a83276b213c48","name":"Guilherme Freitas","image":{"@type":"ImageObject","inLanguage":"pt-BR","@id":"https:\/\/swimchannel.net\/br\/#\/schema\/person\/image\/","url":"https:\/\/swimchannel.net\/br\/wp-content\/uploads\/2025\/10\/gui22-193x180.png","contentUrl":"https:\/\/swimchannel.net\/br\/wp-content\/uploads\/2025\/10\/gui22-193x180.png","caption":"Guilherme Freitas"},"description":"Jornalista s\u00eanior da SWIM CHANNEL, ex-correspondente da FINA no Brasil e pesquisador acad\u00eamico.","sameAs":["instagram.com\/guifreitas86"],"url":"https:\/\/swimchannel.net\/br\/author\/guilherme-freitas\/"}]}},"_links":{"self":[{"href":"https:\/\/swimchannel.net\/br\/wp-json\/wp\/v2\/posts\/8264","targetHints":{"allow":["GET"]}}],"collection":[{"href":"https:\/\/swimchannel.net\/br\/wp-json\/wp\/v2\/posts"}],"about":[{"href":"https:\/\/swimchannel.net\/br\/wp-json\/wp\/v2\/types\/post"}],"author":[{"embeddable":true,"href":"https:\/\/swimchannel.net\/br\/wp-json\/wp\/v2\/users\/3"}],"replies":[{"embeddable":true,"href":"https:\/\/swimchannel.net\/br\/wp-json\/wp\/v2\/comments?post=8264"}],"version-history":[{"count":0,"href":"https:\/\/swimchannel.net\/br\/wp-json\/wp\/v2\/posts\/8264\/revisions"}],"wp:featuredmedia":[{"embeddable":true,"href":"https:\/\/swimchannel.net\/br\/wp-json\/wp\/v2\/media\/8277"}],"wp:attachment":[{"href":"https:\/\/swimchannel.net\/br\/wp-json\/wp\/v2\/media?parent=8264"}],"wp:term":[{"taxonomy":"category","embeddable":true,"href":"https:\/\/swimchannel.net\/br\/wp-json\/wp\/v2\/categories?post=8264"},{"taxonomy":"post_tag","embeddable":true,"href":"https:\/\/swimchannel.net\/br\/wp-json\/wp\/v2\/tags?post=8264"}],"curies":[{"name":"wp","href":"https:\/\/api.w.org\/{rel}","templated":true}]}}