{"id":83356,"date":"2026-07-16T16:57:25","date_gmt":"2026-07-16T19:57:25","guid":{"rendered":"https:\/\/swimchannel.net\/br\/?p=83356"},"modified":"2026-07-16T16:57:25","modified_gmt":"2026-07-16T19:57:25","slug":"ana-marcela-cunha-chegou-a-europa-para-a-travessia-do-canal-da-mancha","status":"publish","type":"post","link":"https:\/\/swimchannel.net\/br\/ana-marcela-cunha-chegou-a-europa-para-a-travessia-do-canal-da-mancha\/","title":{"rendered":"Ana Marcela Cunha chegou a Europa para a Travessia do Canal da Mancha"},"content":{"rendered":"<p>A campe\u00e3 ol\u00edmpica Ana Marcela Cunha j\u00e1 est\u00e1 na Europa para nadar a Travessia do Canal da Mancha. A atleta do SESC Rio acabou de chegar a cidade de Folkstone, na Inglaterra, que ser\u00e1 sua base de treinamento e adapta\u00e7\u00e3o at\u00e9 a prova. Ana Marcela est\u00e1 sendo acompanhada pelo t\u00e9cnico e especialista no canal, Igor de Souza, que falou um pouco mais sobre a prepara\u00e7\u00e3o da nadadora \u00e0 Swim Channel.<\/p>\n<p>&#8220;Assim que chegamos ela j\u00e1 caiu na \u00e1gua para ir se adaptando. Ela vai fazer treinos di\u00e1rios por aqui, sempre de manh\u00e3 e de tarde. De manh\u00e3 ser\u00e1 um treino mais longo de um hora e meia a duas horas e \u00e0 tarde um treino de um hora de dura\u00e7\u00e3o.&#8221;, disse Igor que tamb\u00e9m \u00e9 gerente de marketing da Speedo Multisport.<\/p>\n<figure id=\"attachment_64121\" aria-describedby=\"caption-attachment-64121\" style=\"width: 945px\" class=\"wp-caption alignnone\"><img loading=\"lazy\" decoding=\"async\" class=\"size-full wp-image-64121\" src=\"https:\/\/swimchannel.net\/br\/wp-content\/uploads\/2024\/02\/SS_7268.jpg\" alt=\"\" width=\"945\" height=\"630\" srcset=\"https:\/\/swimchannel.net\/br\/wp-content\/uploads\/2024\/02\/SS_7268.jpg 945w, https:\/\/swimchannel.net\/br\/wp-content\/uploads\/2024\/02\/SS_7268-270x180.jpg 270w, https:\/\/swimchannel.net\/br\/wp-content\/uploads\/2024\/02\/SS_7268-768x512.jpg 768w, https:\/\/swimchannel.net\/br\/wp-content\/uploads\/2024\/02\/SS_7268-750x500.jpg 750w\" sizes=\"auto, (max-width: 945px) 100vw, 945px\" \/><figcaption id=\"caption-attachment-64121\" class=\"wp-caption-text\">Ana Marcela Cunha &#8211; Foto: Satiro Sodr\u00e9<\/figcaption><\/figure>\n<p>Ao longo de sua prepara\u00e7\u00e3o para realizar o desafio, Ana Marcela chegou a fazer diversos simulados da prova, nadando \u00e0 noite e tamb\u00e9m em \u00e1gua fria para ir se adaptando as condi\u00e7\u00f5es do Canal da Mancha. &#8220;Ela fez uma prepara\u00e7\u00e3o de 12 horas nadando e sentiu bastante o frio. Pedi pra ela treinar bastante em \u00e1gua gelada, com m\u00e9dia de 17\u00b0 C, e ela fez isso nadando em <a href=\"https:\/\/swimchannel.net\/br\/frio-de-petropolis-ajuda-ana-marcela-cunha-na-preparacao-para-o-canal-da-mancha\/\" target=\"_blank\" rel=\"noopener\">uma piscina do SESC em Petr\u00f3polis no \u00faltimo m\u00eas<\/a>&#8220;, conta Igor.<\/p>\n<p>A janela da brasileira ser\u00e1 entre os dias 20 e 29 de julho, mas ela s\u00f3 saber\u00e1 quando cair\u00e1 na \u00e1gua horas antes da largada. &#8220;S\u00f3 temos a confirma\u00e7\u00e3o da prova muito pr\u00f3ximo da largada, cerca de 24 horas antes. Por exemplo, hoje aqui estaria pouco prop\u00edcio a nadar, mas o vento muda muito r\u00e1pido. Ent\u00e3o ainda \u00e9 muito cedo para saber o dia exato&#8221;, afirmou Igor, que relatou que a temperatura ambiente, em pleno ver\u00e3o ingl\u00eas, est\u00e1 bem quente.<\/p>\n<figure id=\"attachment_83357\" aria-describedby=\"caption-attachment-83357\" style=\"width: 630px\" class=\"wp-caption alignnone\"><img loading=\"lazy\" decoding=\"async\" class=\"size-full wp-image-83357\" src=\"https:\/\/swimchannel.net\/br\/wp-content\/uploads\/2026\/07\/705855223_18601306438026245_6604506856050312905_n.jpg\" alt=\"\" width=\"630\" height=\"630\" srcset=\"https:\/\/swimchannel.net\/br\/wp-content\/uploads\/2026\/07\/705855223_18601306438026245_6604506856050312905_n.jpg 630w, https:\/\/swimchannel.net\/br\/wp-content\/uploads\/2026\/07\/705855223_18601306438026245_6604506856050312905_n-180x180.jpg 180w, https:\/\/swimchannel.net\/br\/wp-content\/uploads\/2026\/07\/705855223_18601306438026245_6604506856050312905_n-75x75.jpg 75w\" sizes=\"auto, (max-width: 630px) 100vw, 630px\" \/><figcaption id=\"caption-attachment-83357\" class=\"wp-caption-text\">Ana Marcela Cunha &#8211; Foto: Satiro Sodr\u00e9<\/figcaption><\/figure>\n<p>As redes sociais da nadadora (<a href=\"https:\/\/www.instagram.com\/anamarcela92\/\" target=\"_blank\" rel=\"noopener\">@anamarcela92<\/a>) e da Speedo Multisport (<a href=\"https:\/\/www.instagram.com\/speedo_msport\/\" target=\"_blank\" rel=\"noopener\">@speedo_msport<\/a>) estar\u00e3o acompanhando em tempo real a tentativa de travessia do Canal da Mancha.<\/p>\n<p>&nbsp;<\/p>\n<p>Gostaria de receber as not\u00edcias de nata\u00e7\u00e3o e \u00e1guas abertas no seu email?<\/p>\n<p><a href=\"https:\/\/lpa.nitro.news\/n-GNe\/ultimas-noticias-swim-channel\">Cadastre-se aqui<\/a><\/p>\n","protected":false},"excerpt":{"rendered":"<p>A campe\u00e3 ol\u00edmpica Ana Marcela Cunha j\u00e1 est\u00e1 na Europa para nadar a Travessia do Canal da Mancha. A atleta do SESC Rio acabou de chegar a cidade de Folkstone, na Inglaterra, que ser\u00e1 sua base de treinamento e adapta\u00e7\u00e3o at\u00e9 a prova. Ana Marcela est\u00e1 sendo acompanhada pelo t\u00e9cnico e especialista no canal, Igor [&hellip;]<\/p>\n","protected":false},"author":3,"featured_media":18095,"comment_status":"open","ping_status":"open","sticky":false,"template":"","format":"gallery","meta":{"footnotes":""},"categories":[115],"tags":[14,47,478,5,312,287],"class_list":["post-83356","post","type-post","status-publish","format-gallery","has-post-thumbnail","hentry","category-aguas-abertas","tag-aguas-abertas","tag-ana-marcela-cunha","tag-igor-de-souza","tag-natacao","tag-speedo","tag-travessia-do-canal-da-mancha","post_format-post-format-gallery"],"yoast_head":"<!-- This site is optimized with the Yoast SEO plugin v28.3 - https:\/\/yoast.com\/product\/yoast-seo-wordpress\/ -->\n<title>Ana Marcela Cunha chegou a Europa para a Travessia do Canal da Mancha - Swimchannel<\/title>\n<meta name=\"robots\" content=\"index, follow, max-snippet:-1, max-image-preview:large, max-video-preview:-1\" \/>\n<link rel=\"canonical\" href=\"https:\/\/swimchannel.net\/br\/ana-marcela-cunha-chegou-a-europa-para-a-travessia-do-canal-da-mancha\/\" \/>\n<meta property=\"og:locale\" content=\"pt_BR\" \/>\n<meta property=\"og:type\" content=\"article\" \/>\n<meta property=\"og:title\" content=\"Ana Marcela Cunha chegou a Europa para a Travessia do Canal da Mancha - Swimchannel\" \/>\n<meta property=\"og:description\" content=\"A campe\u00e3 ol\u00edmpica Ana Marcela Cunha j\u00e1 est\u00e1 na Europa para nadar a Travessia do Canal da Mancha. A atleta do SESC Rio acabou de chegar a cidade de Folkstone, na Inglaterra, que ser\u00e1 sua base de treinamento e adapta\u00e7\u00e3o at\u00e9 a prova. Ana Marcela est\u00e1 sendo acompanhada pelo t\u00e9cnico e especialista no canal, Igor [&hellip;]\" \/>\n<meta property=\"og:url\" content=\"https:\/\/swimchannel.net\/br\/ana-marcela-cunha-chegou-a-europa-para-a-travessia-do-canal-da-mancha\/\" \/>\n<meta property=\"og:site_name\" content=\"Swimchannel\" \/>\n<meta property=\"article:publisher\" content=\"https:\/\/www.facebook.com\/swimchannel\" \/>\n<meta property=\"article:published_time\" content=\"2026-07-16T19:57:25+00:00\" \/>\n<meta property=\"og:image\" content=\"https:\/\/swimchannel.net\/br\/wp-content\/uploads\/2019\/07\/CN6I0184.jpg\" \/>\n\t<meta property=\"og:image:width\" content=\"1800\" \/>\n\t<meta property=\"og:image:height\" content=\"1200\" \/>\n\t<meta property=\"og:image:type\" content=\"image\/jpeg\" \/>\n<meta name=\"author\" content=\"Guilherme Freitas\" \/>\n<meta name=\"twitter:card\" content=\"summary_large_image\" \/>\n<meta name=\"twitter:label1\" content=\"Escrito por\" \/>\n\t<meta name=\"twitter:data1\" content=\"Guilherme Freitas\" \/>\n\t<meta name=\"twitter:label2\" content=\"Est. tempo de leitura\" \/>\n\t<meta name=\"twitter:data2\" content=\"3 minutos\" \/>\n<script type=\"application\/ld+json\" class=\"yoast-schema-graph\">{\"@context\":\"https:\\\/\\\/schema.org\",\"@graph\":[{\"@type\":\"Article\",\"@id\":\"https:\\\/\\\/swimchannel.net\\\/br\\\/ana-marcela-cunha-chegou-a-europa-para-a-travessia-do-canal-da-mancha\\\/#article\",\"isPartOf\":{\"@id\":\"https:\\\/\\\/swimchannel.net\\\/br\\\/ana-marcela-cunha-chegou-a-europa-para-a-travessia-do-canal-da-mancha\\\/\"},\"author\":{\"name\":\"Guilherme Freitas\",\"@id\":\"https:\\\/\\\/swimchannel.net\\\/br\\\/#\\\/schema\\\/person\\\/aa2a63bab3275f53749a83276b213c48\"},\"headline\":\"Ana Marcela Cunha chegou a Europa para a Travessia do Canal da Mancha\",\"datePublished\":\"2026-07-16T19:57:25+00:00\",\"mainEntityOfPage\":{\"@id\":\"https:\\\/\\\/swimchannel.net\\\/br\\\/ana-marcela-cunha-chegou-a-europa-para-a-travessia-do-canal-da-mancha\\\/\"},\"wordCount\":386,\"commentCount\":0,\"publisher\":{\"@id\":\"https:\\\/\\\/swimchannel.net\\\/br\\\/#organization\"},\"image\":{\"@id\":\"https:\\\/\\\/swimchannel.net\\\/br\\\/ana-marcela-cunha-chegou-a-europa-para-a-travessia-do-canal-da-mancha\\\/#primaryimage\"},\"thumbnailUrl\":\"https:\\\/\\\/swimchannel.net\\\/br\\\/wp-content\\\/uploads\\\/2019\\\/07\\\/CN6I0184.jpg\",\"keywords\":[\"\u00c1guas abertas\",\"Ana Marcela Cunha\",\"Igor de Souza\",\"natacao\",\"Speedo\",\"Travessia do Canal da Mancha\"],\"articleSection\":[\"\u00c1guas Abertas\"],\"inLanguage\":\"pt-BR\",\"potentialAction\":[{\"@type\":\"CommentAction\",\"name\":\"Comment\",\"target\":[\"https:\\\/\\\/swimchannel.net\\\/br\\\/ana-marcela-cunha-chegou-a-europa-para-a-travessia-do-canal-da-mancha\\\/#respond\"]}]},{\"@type\":\"WebPage\",\"@id\":\"https:\\\/\\\/swimchannel.net\\\/br\\\/ana-marcela-cunha-chegou-a-europa-para-a-travessia-do-canal-da-mancha\\\/\",\"url\":\"https:\\\/\\\/swimchannel.net\\\/br\\\/ana-marcela-cunha-chegou-a-europa-para-a-travessia-do-canal-da-mancha\\\/\",\"name\":\"Ana Marcela Cunha chegou a Europa para a Travessia do Canal da Mancha - Swimchannel\",\"isPartOf\":{\"@id\":\"https:\\\/\\\/swimchannel.net\\\/br\\\/#website\"},\"primaryImageOfPage\":{\"@id\":\"https:\\\/\\\/swimchannel.net\\\/br\\\/ana-marcela-cunha-chegou-a-europa-para-a-travessia-do-canal-da-mancha\\\/#primaryimage\"},\"image\":{\"@id\":\"https:\\\/\\\/swimchannel.net\\\/br\\\/ana-marcela-cunha-chegou-a-europa-para-a-travessia-do-canal-da-mancha\\\/#primaryimage\"},\"thumbnailUrl\":\"https:\\\/\\\/swimchannel.net\\\/br\\\/wp-content\\\/uploads\\\/2019\\\/07\\\/CN6I0184.jpg\",\"datePublished\":\"2026-07-16T19:57:25+00:00\",\"breadcrumb\":{\"@id\":\"https:\\\/\\\/swimchannel.net\\\/br\\\/ana-marcela-cunha-chegou-a-europa-para-a-travessia-do-canal-da-mancha\\\/#breadcrumb\"},\"inLanguage\":\"pt-BR\",\"potentialAction\":[{\"@type\":\"ReadAction\",\"target\":[\"https:\\\/\\\/swimchannel.net\\\/br\\\/ana-marcela-cunha-chegou-a-europa-para-a-travessia-do-canal-da-mancha\\\/\"]}]},{\"@type\":\"ImageObject\",\"inLanguage\":\"pt-BR\",\"@id\":\"https:\\\/\\\/swimchannel.net\\\/br\\\/ana-marcela-cunha-chegou-a-europa-para-a-travessia-do-canal-da-mancha\\\/#primaryimage\",\"url\":\"https:\\\/\\\/swimchannel.net\\\/br\\\/wp-content\\\/uploads\\\/2019\\\/07\\\/CN6I0184.jpg\",\"contentUrl\":\"https:\\\/\\\/swimchannel.net\\\/br\\\/wp-content\\\/uploads\\\/2019\\\/07\\\/CN6I0184.jpg\",\"width\":1800,\"height\":1200,\"caption\":\"Ana Marcela Cunha - Foto: Satiro Sodr\u00e9\"},{\"@type\":\"BreadcrumbList\",\"@id\":\"https:\\\/\\\/swimchannel.net\\\/br\\\/ana-marcela-cunha-chegou-a-europa-para-a-travessia-do-canal-da-mancha\\\/#breadcrumb\",\"itemListElement\":[{\"@type\":\"ListItem\",\"position\":1,\"name\":\"Home\",\"item\":\"https:\\\/\\\/swimchannel.net\\\/br\\\/\"},{\"@type\":\"ListItem\",\"position\":2,\"name\":\"Ana Marcela Cunha chegou a Europa para a Travessia do Canal da Mancha\"}]},{\"@type\":\"WebSite\",\"@id\":\"https:\\\/\\\/swimchannel.net\\\/br\\\/#website\",\"url\":\"https:\\\/\\\/swimchannel.net\\\/br\\\/\",\"name\":\"Swimchannel\",\"description\":\"Maior portal de nata\u00e7\u00e3o da america latina\",\"publisher\":{\"@id\":\"https:\\\/\\\/swimchannel.net\\\/br\\\/#organization\"},\"potentialAction\":[{\"@type\":\"SearchAction\",\"target\":{\"@type\":\"EntryPoint\",\"urlTemplate\":\"https:\\\/\\\/swimchannel.net\\\/br\\\/?s={search_term_string}\"},\"query-input\":{\"@type\":\"PropertyValueSpecification\",\"valueRequired\":true,\"valueName\":\"search_term_string\"}}],\"inLanguage\":\"pt-BR\"},{\"@type\":\"Organization\",\"@id\":\"https:\\\/\\\/swimchannel.net\\\/br\\\/#organization\",\"name\":\"Swimchannel - Conectando voc\u00ea a Nata\u00e7\u00e3o\",\"url\":\"https:\\\/\\\/swimchannel.net\\\/br\\\/\",\"logo\":{\"@type\":\"ImageObject\",\"inLanguage\":\"pt-BR\",\"@id\":\"https:\\\/\\\/swimchannel.net\\\/br\\\/#\\\/schema\\\/logo\\\/image\\\/\",\"url\":\"https:\\\/\\\/swimchannel.net\\\/br\\\/wp-content\\\/uploads\\\/2026\\\/02\\\/SWIM-CHANNEL.png\",\"contentUrl\":\"https:\\\/\\\/swimchannel.net\\\/br\\\/wp-content\\\/uploads\\\/2026\\\/02\\\/SWIM-CHANNEL.png\",\"width\":1120,\"height\":630,\"caption\":\"Swimchannel - Conectando voc\u00ea a Nata\u00e7\u00e3o\"},\"image\":{\"@id\":\"https:\\\/\\\/swimchannel.net\\\/br\\\/#\\\/schema\\\/logo\\\/image\\\/\"},\"sameAs\":[\"https:\\\/\\\/www.facebook.com\\\/swimchannel\",\"https:\\\/\\\/www.instagram.com\\\/swimchannel\"]},{\"@type\":\"Person\",\"@id\":\"https:\\\/\\\/swimchannel.net\\\/br\\\/#\\\/schema\\\/person\\\/aa2a63bab3275f53749a83276b213c48\",\"name\":\"Guilherme Freitas\",\"image\":{\"@type\":\"ImageObject\",\"inLanguage\":\"pt-BR\",\"@id\":\"https:\\\/\\\/swimchannel.net\\\/br\\\/wp-content\\\/uploads\\\/2025\\\/10\\\/gui22-193x180.png\",\"url\":\"https:\\\/\\\/swimchannel.net\\\/br\\\/wp-content\\\/uploads\\\/2025\\\/10\\\/gui22-193x180.png\",\"contentUrl\":\"https:\\\/\\\/swimchannel.net\\\/br\\\/wp-content\\\/uploads\\\/2025\\\/10\\\/gui22-193x180.png\",\"caption\":\"Guilherme Freitas\"},\"description\":\"Jornalista s\u00eanior da SWIM CHANNEL, ex-correspondente da FINA no Brasil e pesquisador acad\u00eamico.\",\"sameAs\":[\"instagram.com\\\/guifreitas86\"],\"url\":\"https:\\\/\\\/swimchannel.net\\\/br\\\/author\\\/guilherme-freitas\\\/\"}]}<\/script>\n<!-- \/ Yoast SEO plugin. -->","yoast_head_json":{"title":"Ana Marcela Cunha chegou a Europa para a Travessia do Canal da Mancha - Swimchannel","robots":{"index":"index","follow":"follow","max-snippet":"max-snippet:-1","max-image-preview":"max-image-preview:large","max-video-preview":"max-video-preview:-1"},"canonical":"https:\/\/swimchannel.net\/br\/ana-marcela-cunha-chegou-a-europa-para-a-travessia-do-canal-da-mancha\/","og_locale":"pt_BR","og_type":"article","og_title":"Ana Marcela Cunha chegou a Europa para a Travessia do Canal da Mancha - Swimchannel","og_description":"A campe\u00e3 ol\u00edmpica Ana Marcela Cunha j\u00e1 est\u00e1 na Europa para nadar a Travessia do Canal da Mancha. A atleta do SESC Rio acabou de chegar a cidade de Folkstone, na Inglaterra, que ser\u00e1 sua base de treinamento e adapta\u00e7\u00e3o at\u00e9 a prova. Ana Marcela est\u00e1 sendo acompanhada pelo t\u00e9cnico e especialista no canal, Igor [&hellip;]","og_url":"https:\/\/swimchannel.net\/br\/ana-marcela-cunha-chegou-a-europa-para-a-travessia-do-canal-da-mancha\/","og_site_name":"Swimchannel","article_publisher":"https:\/\/www.facebook.com\/swimchannel","article_published_time":"2026-07-16T19:57:25+00:00","og_image":[{"width":1800,"height":1200,"url":"https:\/\/swimchannel.net\/br\/wp-content\/uploads\/2019\/07\/CN6I0184.jpg","type":"image\/jpeg"}],"author":"Guilherme Freitas","twitter_card":"summary_large_image","twitter_misc":{"Escrito por":"Guilherme Freitas","Est. tempo de leitura":"3 minutos"},"schema":{"@context":"https:\/\/schema.org","@graph":[{"@type":"Article","@id":"https:\/\/swimchannel.net\/br\/ana-marcela-cunha-chegou-a-europa-para-a-travessia-do-canal-da-mancha\/#article","isPartOf":{"@id":"https:\/\/swimchannel.net\/br\/ana-marcela-cunha-chegou-a-europa-para-a-travessia-do-canal-da-mancha\/"},"author":{"name":"Guilherme Freitas","@id":"https:\/\/swimchannel.net\/br\/#\/schema\/person\/aa2a63bab3275f53749a83276b213c48"},"headline":"Ana Marcela Cunha chegou a Europa para a Travessia do Canal da Mancha","datePublished":"2026-07-16T19:57:25+00:00","mainEntityOfPage":{"@id":"https:\/\/swimchannel.net\/br\/ana-marcela-cunha-chegou-a-europa-para-a-travessia-do-canal-da-mancha\/"},"wordCount":386,"commentCount":0,"publisher":{"@id":"https:\/\/swimchannel.net\/br\/#organization"},"image":{"@id":"https:\/\/swimchannel.net\/br\/ana-marcela-cunha-chegou-a-europa-para-a-travessia-do-canal-da-mancha\/#primaryimage"},"thumbnailUrl":"https:\/\/swimchannel.net\/br\/wp-content\/uploads\/2019\/07\/CN6I0184.jpg","keywords":["\u00c1guas abertas","Ana Marcela Cunha","Igor de Souza","natacao","Speedo","Travessia do Canal da Mancha"],"articleSection":["\u00c1guas Abertas"],"inLanguage":"pt-BR","potentialAction":[{"@type":"CommentAction","name":"Comment","target":["https:\/\/swimchannel.net\/br\/ana-marcela-cunha-chegou-a-europa-para-a-travessia-do-canal-da-mancha\/#respond"]}]},{"@type":"WebPage","@id":"https:\/\/swimchannel.net\/br\/ana-marcela-cunha-chegou-a-europa-para-a-travessia-do-canal-da-mancha\/","url":"https:\/\/swimchannel.net\/br\/ana-marcela-cunha-chegou-a-europa-para-a-travessia-do-canal-da-mancha\/","name":"Ana Marcela Cunha chegou a Europa para a Travessia do Canal da Mancha - Swimchannel","isPartOf":{"@id":"https:\/\/swimchannel.net\/br\/#website"},"primaryImageOfPage":{"@id":"https:\/\/swimchannel.net\/br\/ana-marcela-cunha-chegou-a-europa-para-a-travessia-do-canal-da-mancha\/#primaryimage"},"image":{"@id":"https:\/\/swimchannel.net\/br\/ana-marcela-cunha-chegou-a-europa-para-a-travessia-do-canal-da-mancha\/#primaryimage"},"thumbnailUrl":"https:\/\/swimchannel.net\/br\/wp-content\/uploads\/2019\/07\/CN6I0184.jpg","datePublished":"2026-07-16T19:57:25+00:00","breadcrumb":{"@id":"https:\/\/swimchannel.net\/br\/ana-marcela-cunha-chegou-a-europa-para-a-travessia-do-canal-da-mancha\/#breadcrumb"},"inLanguage":"pt-BR","potentialAction":[{"@type":"ReadAction","target":["https:\/\/swimchannel.net\/br\/ana-marcela-cunha-chegou-a-europa-para-a-travessia-do-canal-da-mancha\/"]}]},{"@type":"ImageObject","inLanguage":"pt-BR","@id":"https:\/\/swimchannel.net\/br\/ana-marcela-cunha-chegou-a-europa-para-a-travessia-do-canal-da-mancha\/#primaryimage","url":"https:\/\/swimchannel.net\/br\/wp-content\/uploads\/2019\/07\/CN6I0184.jpg","contentUrl":"https:\/\/swimchannel.net\/br\/wp-content\/uploads\/2019\/07\/CN6I0184.jpg","width":1800,"height":1200,"caption":"Ana Marcela Cunha - Foto: Satiro Sodr\u00e9"},{"@type":"BreadcrumbList","@id":"https:\/\/swimchannel.net\/br\/ana-marcela-cunha-chegou-a-europa-para-a-travessia-do-canal-da-mancha\/#breadcrumb","itemListElement":[{"@type":"ListItem","position":1,"name":"Home","item":"https:\/\/swimchannel.net\/br\/"},{"@type":"ListItem","position":2,"name":"Ana Marcela Cunha chegou a Europa para a Travessia do Canal da Mancha"}]},{"@type":"WebSite","@id":"https:\/\/swimchannel.net\/br\/#website","url":"https:\/\/swimchannel.net\/br\/","name":"Swimchannel","description":"Maior portal de nata\u00e7\u00e3o da america latina","publisher":{"@id":"https:\/\/swimchannel.net\/br\/#organization"},"potentialAction":[{"@type":"SearchAction","target":{"@type":"EntryPoint","urlTemplate":"https:\/\/swimchannel.net\/br\/?s={search_term_string}"},"query-input":{"@type":"PropertyValueSpecification","valueRequired":true,"valueName":"search_term_string"}}],"inLanguage":"pt-BR"},{"@type":"Organization","@id":"https:\/\/swimchannel.net\/br\/#organization","name":"Swimchannel - Conectando voc\u00ea a Nata\u00e7\u00e3o","url":"https:\/\/swimchannel.net\/br\/","logo":{"@type":"ImageObject","inLanguage":"pt-BR","@id":"https:\/\/swimchannel.net\/br\/#\/schema\/logo\/image\/","url":"https:\/\/swimchannel.net\/br\/wp-content\/uploads\/2026\/02\/SWIM-CHANNEL.png","contentUrl":"https:\/\/swimchannel.net\/br\/wp-content\/uploads\/2026\/02\/SWIM-CHANNEL.png","width":1120,"height":630,"caption":"Swimchannel - Conectando voc\u00ea a Nata\u00e7\u00e3o"},"image":{"@id":"https:\/\/swimchannel.net\/br\/#\/schema\/logo\/image\/"},"sameAs":["https:\/\/www.facebook.com\/swimchannel","https:\/\/www.instagram.com\/swimchannel"]},{"@type":"Person","@id":"https:\/\/swimchannel.net\/br\/#\/schema\/person\/aa2a63bab3275f53749a83276b213c48","name":"Guilherme Freitas","image":{"@type":"ImageObject","inLanguage":"pt-BR","@id":"https:\/\/swimchannel.net\/br\/wp-content\/uploads\/2025\/10\/gui22-193x180.png","url":"https:\/\/swimchannel.net\/br\/wp-content\/uploads\/2025\/10\/gui22-193x180.png","contentUrl":"https:\/\/swimchannel.net\/br\/wp-content\/uploads\/2025\/10\/gui22-193x180.png","caption":"Guilherme Freitas"},"description":"Jornalista s\u00eanior da SWIM CHANNEL, ex-correspondente da FINA no Brasil e pesquisador acad\u00eamico.","sameAs":["instagram.com\/guifreitas86"],"url":"https:\/\/swimchannel.net\/br\/author\/guilherme-freitas\/"}]}},"_links":{"self":[{"href":"https:\/\/swimchannel.net\/br\/wp-json\/wp\/v2\/posts\/83356","targetHints":{"allow":["GET"]}}],"collection":[{"href":"https:\/\/swimchannel.net\/br\/wp-json\/wp\/v2\/posts"}],"about":[{"href":"https:\/\/swimchannel.net\/br\/wp-json\/wp\/v2\/types\/post"}],"author":[{"embeddable":true,"href":"https:\/\/swimchannel.net\/br\/wp-json\/wp\/v2\/users\/3"}],"replies":[{"embeddable":true,"href":"https:\/\/swimchannel.net\/br\/wp-json\/wp\/v2\/comments?post=83356"}],"version-history":[{"count":1,"href":"https:\/\/swimchannel.net\/br\/wp-json\/wp\/v2\/posts\/83356\/revisions"}],"predecessor-version":[{"id":83358,"href":"https:\/\/swimchannel.net\/br\/wp-json\/wp\/v2\/posts\/83356\/revisions\/83358"}],"wp:featuredmedia":[{"embeddable":true,"href":"https:\/\/swimchannel.net\/br\/wp-json\/wp\/v2\/media\/18095"}],"wp:attachment":[{"href":"https:\/\/swimchannel.net\/br\/wp-json\/wp\/v2\/media?parent=83356"}],"wp:term":[{"taxonomy":"category","embeddable":true,"href":"https:\/\/swimchannel.net\/br\/wp-json\/wp\/v2\/categories?post=83356"},{"taxonomy":"post_tag","embeddable":true,"href":"https:\/\/swimchannel.net\/br\/wp-json\/wp\/v2\/tags?post=83356"}],"curies":[{"name":"wp","href":"https:\/\/api.w.org\/{rel}","templated":true}]}}