{"id":8361,"date":"2018-04-17T22:38:54","date_gmt":"2018-04-17T22:38:54","guid":{"rendered":"https:\/\/swimchannel.flywheelsites.com\/?p=8361"},"modified":"2018-04-18T18:07:47","modified_gmt":"2018-04-18T18:07:47","slug":"recorde-sul-americano-abre-o-trofeu-brasil-2018","status":"publish","type":"post","link":"https:\/\/swimchannel.net\/br\/recorde-sul-americano-abre-o-trofeu-brasil-2018\/","title":{"rendered":"Recorde sul-americano abre o Trof\u00e9u Brasil 2018"},"content":{"rendered":"<p>O Trof\u00e9u Brasil 2018 n\u00e3o poderia come\u00e7ar melhor: com novo recorde sul-americano! A final dos 400m livre masculino j\u00e1 prometia ser eletrizante com v\u00e1rios candidatos a vit\u00f3ria e nenhum favorito disparado. Quem esperava emo\u00e7\u00e3o n\u00e3o se decepcionou com uma disputa acirrad\u00edssima at\u00e9 o final que levantou as arquibancadas do Parque Aqu\u00e1tico Maria Lenk.<\/p>\n<p>Na primeira metade da prova Giuliano Rocco e Luiz Altamir partiram forte e conseguiam abrir vantagem. Melhor tempo das eliminat\u00f3rias, Fernando Scheffer guardou energia para imprimir um forte sprint na reta final, superando seus advers\u00e1rios e batendo na frente com 3min49s06. Com este tempo o nadador do Minas T\u00eanis Clube: novo recorde brasileiro e sul-americano. O primeiro do Trof\u00e9u Brasil. Ao lado de Scheffer no p\u00f3dio estavam Altamir (3min50s51) e Rocco (3min50s85) que conseguiram suportar a press\u00e3o de Guilherme Costa e Miguel Valente.<\/p>\n<p>Antes desta alucinante final tivemos a vers\u00e3o feminina dos 400m livre que teve a vit\u00f3ria da favorita Viviane Jungblut que n\u00e3o chegou a ser amea\u00e7ada pelas demais nadadoras. A atleta do Gr\u00eamio N\u00e1utico Uni\u00e3o liderou de ponta a ponta e venceu com 4min12s47 seguida por Gabrielle Roncatto com 4min13s41 e a jovem Rafaela Raurich que marcou 4min14s12. Quem tamb\u00e9m n\u00e3o teve dificuldades para confirmar seu favoritismo foi <a href=\"https:\/\/swimchannel.net\/br\/atleta\/daynara-de-paula\/\">Daynara de Paula<\/a> em sua especialidade, os 100m borboleta. A velocista do SESI foi a \u00fanica abaixo dos 59 segundos fechando a prova com 58s67, bem a frente de Daiene Dias com 59s23 e Giovana Diamante com 59s38.<\/p>\n<p>Confirmando a boa fase, Vin\u00edcius Lanza foi outro destaque do dia conquistando o t\u00edtulo nos 100m borboleta. Destaque no NCAA, o campeonato americano universit\u00e1rio, Lanza brilhou de novo, desta vez na piscina do Maria Lenk com uma \u00f3tima volta. O nadador do Minas cresceu na parte final e confirmou sua vit\u00f3ria com um expressivo 51s42, sua melhor marca pessoal. A prata ficou com uma surpresa: Iago Moussalem que nadou para 52s09 (tamb\u00e9m melhor marca pessoal) e ficou a frente do favorito Henrique Martins que levou o bronze com 52s28.<\/p>\n<div id='gallery-1' class='gallery galleryid-8361 gallery-columns-3 gallery-size-thumbnail'><figure class='gallery-item'>\n\t\t\t<div class='gallery-icon landscape'>\n\t\t\t\t<a href='https:\/\/swimchannel.net\/br\/recorde-sul-americano-abre-o-trofeu-brasil-2018\/o-credito-da-foto-e-obrigatorio-satiro-sodre-sspress-cbda-69\/'><img loading=\"lazy\" decoding=\"async\" width=\"270\" height=\"180\" src=\"https:\/\/swimchannel.net\/br\/wp-content\/uploads\/2018\/04\/75I4070.jpg\" class=\"attachment-thumbnail size-thumbnail\" alt=\"\" aria-describedby=\"gallery-1-8373\" srcset=\"https:\/\/swimchannel.net\/br\/wp-content\/uploads\/2018\/04\/75I4070.jpg 2362w, https:\/\/swimchannel.net\/br\/wp-content\/uploads\/2018\/04\/75I4070-600x400.jpg 600w\" sizes=\"auto, (max-width: 270px) 100vw, 270px\" \/><\/a>\n\t\t\t<\/div>\n\t\t\t\t<figcaption class='wp-caption-text gallery-caption' id='gallery-1-8373'>\n\t\t\t\tViviane Jungblut &#8211; Foto: Satiro Sodr\u00e9\/SSPress\/CBDA\n\t\t\t\t<\/figcaption><\/figure><figure class='gallery-item'>\n\t\t\t<div class='gallery-icon landscape'>\n\t\t\t\t<a href='https:\/\/swimchannel.net\/br\/recorde-sul-americano-abre-o-trofeu-brasil-2018\/o-credito-da-foto-e-obrigatorio-satiro-sodre-sspress-cbda-70\/'><img loading=\"lazy\" decoding=\"async\" width=\"270\" height=\"180\" src=\"https:\/\/swimchannel.net\/br\/wp-content\/uploads\/2018\/04\/75I4521.jpg\" class=\"attachment-thumbnail size-thumbnail\" alt=\"\" aria-describedby=\"gallery-1-8374\" srcset=\"https:\/\/swimchannel.net\/br\/wp-content\/uploads\/2018\/04\/75I4521.jpg 2362w, https:\/\/swimchannel.net\/br\/wp-content\/uploads\/2018\/04\/75I4521-600x400.jpg 600w\" sizes=\"auto, (max-width: 270px) 100vw, 270px\" \/><\/a>\n\t\t\t<\/div>\n\t\t\t\t<figcaption class='wp-caption-text gallery-caption' id='gallery-1-8374'>\n\t\t\t\tFernando Scheffer &#8211; Foto: Satiro Sodr\u00e9\/SSPress\/CBDA\n\t\t\t\t<\/figcaption><\/figure><figure class='gallery-item'>\n\t\t\t<div class='gallery-icon landscape'>\n\t\t\t\t<a href='https:\/\/swimchannel.net\/br\/recorde-sul-americano-abre-o-trofeu-brasil-2018\/o-credito-da-foto-e-obrigatorio-satiro-sodre-sspress-cbda-71\/'><img loading=\"lazy\" decoding=\"async\" width=\"270\" height=\"180\" src=\"https:\/\/swimchannel.net\/br\/wp-content\/uploads\/2018\/04\/75I4608.jpg\" class=\"attachment-thumbnail size-thumbnail\" alt=\"\" aria-describedby=\"gallery-1-8375\" srcset=\"https:\/\/swimchannel.net\/br\/wp-content\/uploads\/2018\/04\/75I4608.jpg 2362w, https:\/\/swimchannel.net\/br\/wp-content\/uploads\/2018\/04\/75I4608-600x400.jpg 600w\" sizes=\"auto, (max-width: 270px) 100vw, 270px\" \/><\/a>\n\t\t\t<\/div>\n\t\t\t\t<figcaption class='wp-caption-text gallery-caption' id='gallery-1-8375'>\n\t\t\t\tDaynara de Paula &#8211; Foto: Satiro Sodr\u00e9\/SSPress\/CBDA\n\t\t\t\t<\/figcaption><\/figure><figure class='gallery-item'>\n\t\t\t<div class='gallery-icon landscape'>\n\t\t\t\t<a href='https:\/\/swimchannel.net\/br\/recorde-sul-americano-abre-o-trofeu-brasil-2018\/o-credito-da-foto-e-obrigatorio-satiro-sodre-sspress-cbda-72\/'><img loading=\"lazy\" decoding=\"async\" width=\"270\" height=\"180\" src=\"https:\/\/swimchannel.net\/br\/wp-content\/uploads\/2018\/04\/75I4740.jpg\" class=\"attachment-thumbnail size-thumbnail\" alt=\"\" aria-describedby=\"gallery-1-8376\" srcset=\"https:\/\/swimchannel.net\/br\/wp-content\/uploads\/2018\/04\/75I4740.jpg 2362w, https:\/\/swimchannel.net\/br\/wp-content\/uploads\/2018\/04\/75I4740-600x400.jpg 600w\" sizes=\"auto, (max-width: 270px) 100vw, 270px\" \/><\/a>\n\t\t\t<\/div>\n\t\t\t\t<figcaption class='wp-caption-text gallery-caption' id='gallery-1-8376'>\n\t\t\t\tVinicius Lanza &#8211; Foto: Satiro Sodr\u00e9\/SSPress\/CBDA\n\t\t\t\t<\/figcaption><\/figure><figure class='gallery-item'>\n\t\t\t<div class='gallery-icon landscape'>\n\t\t\t\t<a href='https:\/\/swimchannel.net\/br\/recorde-sul-americano-abre-o-trofeu-brasil-2018\/o-credito-da-foto-e-obrigatorio-satiro-sodre-sspress-cbda-73\/'><img loading=\"lazy\" decoding=\"async\" width=\"270\" height=\"180\" src=\"https:\/\/swimchannel.net\/br\/wp-content\/uploads\/2018\/04\/75I4932.jpg\" class=\"attachment-thumbnail size-thumbnail\" alt=\"\" aria-describedby=\"gallery-1-8377\" srcset=\"https:\/\/swimchannel.net\/br\/wp-content\/uploads\/2018\/04\/75I4932.jpg 2362w, https:\/\/swimchannel.net\/br\/wp-content\/uploads\/2018\/04\/75I4932-600x400.jpg 600w\" sizes=\"auto, (max-width: 270px) 100vw, 270px\" \/><\/a>\n\t\t\t<\/div>\n\t\t\t\t<figcaption class='wp-caption-text gallery-caption' id='gallery-1-8377'>\n\t\t\t\tRuta Meilutyte &#8211; Foto: Satiro Sodr\u00e9\/SSPress\/CBDA\n\t\t\t\t<\/figcaption><\/figure><figure class='gallery-item'>\n\t\t\t<div class='gallery-icon landscape'>\n\t\t\t\t<a href='https:\/\/swimchannel.net\/br\/recorde-sul-americano-abre-o-trofeu-brasil-2018\/o-credito-da-foto-e-obrigatorio-satiro-sodre-sspress-cbda-74\/'><img loading=\"lazy\" decoding=\"async\" width=\"270\" height=\"180\" src=\"https:\/\/swimchannel.net\/br\/wp-content\/uploads\/2018\/04\/75I5226.jpg\" class=\"attachment-thumbnail size-thumbnail\" alt=\"\" aria-describedby=\"gallery-1-8378\" srcset=\"https:\/\/swimchannel.net\/br\/wp-content\/uploads\/2018\/04\/75I5226.jpg 2362w, https:\/\/swimchannel.net\/br\/wp-content\/uploads\/2018\/04\/75I5226-600x400.jpg 600w\" sizes=\"auto, (max-width: 270px) 100vw, 270px\" \/><\/a>\n\t\t\t<\/div>\n\t\t\t\t<figcaption class='wp-caption-text gallery-caption' id='gallery-1-8378'>\n\t\t\t\tJoao Gomes J\u00fanior &#8211; Foto: Satiro Sodr\u00e9\/SSPress\/CBDA\n\t\t\t\t<\/figcaption><\/figure><figure class='gallery-item'>\n\t\t\t<div class='gallery-icon landscape'>\n\t\t\t\t<a href='https:\/\/swimchannel.net\/br\/recorde-sul-americano-abre-o-trofeu-brasil-2018\/o-credito-da-foto-e-obrigatorio-satiro-sodre-sspress-cbda-75\/'><img loading=\"lazy\" decoding=\"async\" width=\"270\" height=\"180\" src=\"https:\/\/swimchannel.net\/br\/wp-content\/uploads\/2018\/04\/75I5767.jpg\" class=\"attachment-thumbnail size-thumbnail\" alt=\"\" aria-describedby=\"gallery-1-8379\" srcset=\"https:\/\/swimchannel.net\/br\/wp-content\/uploads\/2018\/04\/75I5767.jpg 2362w, https:\/\/swimchannel.net\/br\/wp-content\/uploads\/2018\/04\/75I5767-600x400.jpg 600w\" sizes=\"auto, (max-width: 270px) 100vw, 270px\" \/><\/a>\n\t\t\t<\/div>\n\t\t\t\t<figcaption class='wp-caption-text gallery-caption' id='gallery-1-8379'>\n\t\t\t\tO 4x100m livre do Pinheiros &#8211; Foto: Satiro Sodr\u00e9\/SSPress\/CBDA\n\t\t\t\t<\/figcaption><\/figure>\n\t\t<\/div>\n\n<p>Quem tamb\u00e9m vive um bom momento \u00e9 Jo\u00e3o Gomes J\u00fanior. O nadador do Pinheiros foi o \u00fanico abaixo da casa do minuto na final dos 100m peito e levou a medalha de ouro com o tempo de 59s98. Ao seu lado no p\u00f3dio dois xar\u00e1s e veteranos em p\u00f3dios de Trof\u00e9u Brasil: <a href=\"https:\/\/swimchannel.net\/br\/atleta\/felipe-franca\/\">Felipe Fran\u00e7a<\/a> com a prata (1min00s26) e Felipe Lima com o bronze (1min00s36). Na vers\u00e3o feminina quem fez a festa foram as estrangeiras. A campe\u00e3 ol\u00edmpica Ruta Meilutyte come\u00e7ou muito forte e no fim acabou segurando quando viu que venceria a prova. Representando o Flamengo a lituana foi a campe\u00e3 1min07s35, seguida por duas argentinas Macarena Ceballos e Julia Sebastian com 1min07s76 e 1min0793, respectivamente. A melhor brasileira foi Jhennifer Alves com 1min08s46.<\/p>\n<p>Os revezamentos 4x100m livre fecharam o primeiro dia de disputas do Trof\u00e9u Brasil 2018. Na prova feminina vit\u00f3ria do Pinheiros com 3min43s48. A equipe pinheirense foi composta por Larissa Oliveira, Manuella Lyrio, Nathalia de Luccas e Lorraine Ferreira. A seguir vieram o SESI (3min44s46) e o Minas TC (3min45s33). Na vers\u00e3o masculina novo triunfo do Pinheiros desta vez com 3min14s41, novo recorde de campeonato. O forte time teve <a href=\"https:\/\/swimchannel.net\/br\/atleta\/cesar-cielo-filho\/\">Cesar Cielo<\/a>, Gabriel Santos, Breno Correa e Pedro Spajari, que fechou com um fort\u00edssimo 47s95. A seguir vieram a equipe do Minas TC (3min17s41) e da Unisanta (3min19s91).<\/p>\n<p>Os resultados completos do Trof\u00e9u Brasil podem ser conferidos no site da CBDA <a href=\"http:\/\/www.cbda.org.br\/cbda\/natacao\/evento\/31927\/campeonato-brasileiro-absoluto-de-natacao\" target=\"_blank\" rel=\"noopener\">neste endere\u00e7o<\/a>. Amanh\u00e3 acontece a segunda etapa do campeonato com as provas de\u00a0200m medley (M\/F), 1500m livre (F), 800m livre (M), 200m costas (M\/F) e 4x200m livre (M\/F).<\/p>\n","protected":false},"excerpt":{"rendered":"<p>O Trof\u00e9u Brasil 2018 n\u00e3o poderia come\u00e7ar melhor: com novo recorde sul-americano! A final dos 400m livre masculino j\u00e1 prometia ser eletrizante com v\u00e1rios candidatos a vit\u00f3ria e nenhum favorito disparado. Quem esperava emo\u00e7\u00e3o n\u00e3o se decepcionou com uma disputa acirrad\u00edssima at\u00e9 o final que levantou as arquibancadas do Parque Aqu\u00e1tico Maria Lenk. Na primeira [&hellip;]<\/p>\n","protected":false},"author":3,"featured_media":8381,"comment_status":"open","ping_status":"open","sticky":false,"template":"","format":"standard","meta":{"footnotes":""},"categories":[240],"tags":[1019,1264,458,5,460,1265,789,306,543],"class_list":["post-8361","post","type-post","status-publish","format-standard","has-post-thumbnail","hentry","category-trofeu-brasil","tag-daynara-de-paula","tag-fernando-scheffer","tag-joao-gomes-jr","tag-natacao","tag-recorde-sul-americano","tag-ruta-meilutyte","tag-trofeu-brasil","tag-vinicius-lanza","tag-viviane-jungblut"],"yoast_head":"<!-- This site is optimized with the Yoast SEO plugin v27.0 - https:\/\/yoast.com\/product\/yoast-seo-wordpress\/ -->\n<title>Recorde sul-americano abre o Trof\u00e9u Brasil 2018 - Swimchannel<\/title>\n<meta name=\"description\" content=\"Fernando Scheffer, Minas TC, faz \u00f3tima prova de recupera\u00e7\u00e3o e vence os 400m livre com nova marca continental; veja os destaques do dia.\" \/>\n<meta name=\"robots\" content=\"index, follow, max-snippet:-1, max-image-preview:large, max-video-preview:-1\" \/>\n<link rel=\"canonical\" href=\"https:\/\/swimchannel.net\/br\/recorde-sul-americano-abre-o-trofeu-brasil-2018\/\" \/>\n<meta property=\"og:locale\" content=\"pt_BR\" \/>\n<meta property=\"og:type\" content=\"article\" \/>\n<meta property=\"og:title\" content=\"Recorde sul-americano abre o Trof\u00e9u Brasil 2018 - Swimchannel\" \/>\n<meta property=\"og:description\" content=\"Fernando Scheffer, Minas TC, faz \u00f3tima prova de recupera\u00e7\u00e3o e vence os 400m livre com nova marca continental; veja os destaques do dia.\" \/>\n<meta property=\"og:url\" content=\"https:\/\/swimchannel.net\/br\/recorde-sul-americano-abre-o-trofeu-brasil-2018\/\" \/>\n<meta property=\"og:site_name\" content=\"Swimchannel\" \/>\n<meta property=\"article:publisher\" content=\"https:\/\/www.facebook.com\/swimchannel\" \/>\n<meta property=\"article:published_time\" content=\"2018-04-17T22:38:54+00:00\" \/>\n<meta property=\"article:modified_time\" content=\"2018-04-18T18:07:47+00:00\" \/>\n<meta property=\"og:image\" content=\"https:\/\/swimchannel.net\/br\/wp-content\/uploads\/2018\/04\/scheffer2.jpg\" \/>\n\t<meta property=\"og:image:width\" content=\"1200\" \/>\n\t<meta property=\"og:image:height\" content=\"675\" \/>\n\t<meta property=\"og:image:type\" content=\"image\/jpeg\" \/>\n<meta name=\"author\" content=\"Guilherme Freitas\" \/>\n<meta name=\"twitter:card\" content=\"summary_large_image\" \/>\n<meta name=\"twitter:label1\" content=\"Escrito por\" \/>\n\t<meta name=\"twitter:data1\" content=\"Guilherme Freitas\" \/>\n\t<meta name=\"twitter:label2\" content=\"Est. tempo de leitura\" \/>\n\t<meta name=\"twitter:data2\" content=\"3 minutos\" \/>\n<script type=\"application\/ld+json\" class=\"yoast-schema-graph\">{\"@context\":\"https:\/\/schema.org\",\"@graph\":[{\"@type\":\"Article\",\"@id\":\"https:\/\/swimchannel.net\/br\/recorde-sul-americano-abre-o-trofeu-brasil-2018\/#article\",\"isPartOf\":{\"@id\":\"https:\/\/swimchannel.net\/br\/recorde-sul-americano-abre-o-trofeu-brasil-2018\/\"},\"author\":{\"name\":\"Guilherme Freitas\",\"@id\":\"https:\/\/swimchannel.net\/br\/#\/schema\/person\/aa2a63bab3275f53749a83276b213c48\"},\"headline\":\"Recorde sul-americano abre o Trof\u00e9u Brasil 2018\",\"datePublished\":\"2018-04-17T22:38:54+00:00\",\"dateModified\":\"2018-04-18T18:07:47+00:00\",\"mainEntityOfPage\":{\"@id\":\"https:\/\/swimchannel.net\/br\/recorde-sul-americano-abre-o-trofeu-brasil-2018\/\"},\"wordCount\":666,\"commentCount\":0,\"publisher\":{\"@id\":\"https:\/\/swimchannel.net\/br\/#organization\"},\"image\":{\"@id\":\"https:\/\/swimchannel.net\/br\/recorde-sul-americano-abre-o-trofeu-brasil-2018\/#primaryimage\"},\"thumbnailUrl\":\"https:\/\/swimchannel.net\/br\/wp-content\/uploads\/2018\/04\/scheffer2.jpg\",\"keywords\":[\"Daynara de Paula\",\"Fernando Scheffer\",\"Jo\u00e3o Gomes Jr.\",\"natacao\",\"recorde sul-americano\",\"Ruta Meilutyte\",\"Trof\u00e9u Brasil\",\"Vin\u00edcius Lanza\",\"Viviane Jungblut\"],\"articleSection\":[\"Trof\u00e9u Brasil\"],\"inLanguage\":\"pt-BR\",\"potentialAction\":[{\"@type\":\"CommentAction\",\"name\":\"Comment\",\"target\":[\"https:\/\/swimchannel.net\/br\/recorde-sul-americano-abre-o-trofeu-brasil-2018\/#respond\"]}]},{\"@type\":\"WebPage\",\"@id\":\"https:\/\/swimchannel.net\/br\/recorde-sul-americano-abre-o-trofeu-brasil-2018\/\",\"url\":\"https:\/\/swimchannel.net\/br\/recorde-sul-americano-abre-o-trofeu-brasil-2018\/\",\"name\":\"Recorde sul-americano abre o Trof\u00e9u Brasil 2018 - Swimchannel\",\"isPartOf\":{\"@id\":\"https:\/\/swimchannel.net\/br\/#website\"},\"primaryImageOfPage\":{\"@id\":\"https:\/\/swimchannel.net\/br\/recorde-sul-americano-abre-o-trofeu-brasil-2018\/#primaryimage\"},\"image\":{\"@id\":\"https:\/\/swimchannel.net\/br\/recorde-sul-americano-abre-o-trofeu-brasil-2018\/#primaryimage\"},\"thumbnailUrl\":\"https:\/\/swimchannel.net\/br\/wp-content\/uploads\/2018\/04\/scheffer2.jpg\",\"datePublished\":\"2018-04-17T22:38:54+00:00\",\"dateModified\":\"2018-04-18T18:07:47+00:00\",\"description\":\"Fernando Scheffer, Minas TC, faz \u00f3tima prova de recupera\u00e7\u00e3o e vence os 400m livre com nova marca continental; veja os destaques do dia.\",\"breadcrumb\":{\"@id\":\"https:\/\/swimchannel.net\/br\/recorde-sul-americano-abre-o-trofeu-brasil-2018\/#breadcrumb\"},\"inLanguage\":\"pt-BR\",\"potentialAction\":[{\"@type\":\"ReadAction\",\"target\":[\"https:\/\/swimchannel.net\/br\/recorde-sul-americano-abre-o-trofeu-brasil-2018\/\"]}]},{\"@type\":\"ImageObject\",\"inLanguage\":\"pt-BR\",\"@id\":\"https:\/\/swimchannel.net\/br\/recorde-sul-americano-abre-o-trofeu-brasil-2018\/#primaryimage\",\"url\":\"https:\/\/swimchannel.net\/br\/wp-content\/uploads\/2018\/04\/scheffer2.jpg\",\"contentUrl\":\"https:\/\/swimchannel.net\/br\/wp-content\/uploads\/2018\/04\/scheffer2.jpg\",\"width\":1200,\"height\":675,\"caption\":\"Fernando Scheffer - Foto: Satiro Sodr\u00e9\/SSPress\"},{\"@type\":\"BreadcrumbList\",\"@id\":\"https:\/\/swimchannel.net\/br\/recorde-sul-americano-abre-o-trofeu-brasil-2018\/#breadcrumb\",\"itemListElement\":[{\"@type\":\"ListItem\",\"position\":1,\"name\":\"Home\",\"item\":\"https:\/\/swimchannel.net\/br\/\"},{\"@type\":\"ListItem\",\"position\":2,\"name\":\"Recorde sul-americano abre o Trof\u00e9u Brasil 2018\"}]},{\"@type\":\"WebSite\",\"@id\":\"https:\/\/swimchannel.net\/br\/#website\",\"url\":\"https:\/\/swimchannel.net\/br\/\",\"name\":\"Swimchannel\",\"description\":\"Maior portal de nata\u00e7\u00e3o da america latina\",\"publisher\":{\"@id\":\"https:\/\/swimchannel.net\/br\/#organization\"},\"potentialAction\":[{\"@type\":\"SearchAction\",\"target\":{\"@type\":\"EntryPoint\",\"urlTemplate\":\"https:\/\/swimchannel.net\/br\/?s={search_term_string}\"},\"query-input\":{\"@type\":\"PropertyValueSpecification\",\"valueRequired\":true,\"valueName\":\"search_term_string\"}}],\"inLanguage\":\"pt-BR\"},{\"@type\":\"Organization\",\"@id\":\"https:\/\/swimchannel.net\/br\/#organization\",\"name\":\"Swimchannel - Conectando voc\u00ea a Nata\u00e7\u00e3o\",\"url\":\"https:\/\/swimchannel.net\/br\/\",\"logo\":{\"@type\":\"ImageObject\",\"inLanguage\":\"pt-BR\",\"@id\":\"https:\/\/swimchannel.net\/br\/#\/schema\/logo\/image\/\",\"url\":\"https:\/\/swimchannel.net\/br\/wp-content\/uploads\/2026\/02\/SWIM-CHANNEL.png\",\"contentUrl\":\"https:\/\/swimchannel.net\/br\/wp-content\/uploads\/2026\/02\/SWIM-CHANNEL.png\",\"width\":1120,\"height\":630,\"caption\":\"Swimchannel - Conectando voc\u00ea a Nata\u00e7\u00e3o\"},\"image\":{\"@id\":\"https:\/\/swimchannel.net\/br\/#\/schema\/logo\/image\/\"},\"sameAs\":[\"https:\/\/www.facebook.com\/swimchannel\",\"https:\/\/www.instagram.com\/swimchannel\"]},{\"@type\":\"Person\",\"@id\":\"https:\/\/swimchannel.net\/br\/#\/schema\/person\/aa2a63bab3275f53749a83276b213c48\",\"name\":\"Guilherme Freitas\",\"image\":{\"@type\":\"ImageObject\",\"inLanguage\":\"pt-BR\",\"@id\":\"https:\/\/swimchannel.net\/br\/#\/schema\/person\/image\/\",\"url\":\"https:\/\/swimchannel.net\/br\/wp-content\/uploads\/2025\/10\/gui22-193x180.png\",\"contentUrl\":\"https:\/\/swimchannel.net\/br\/wp-content\/uploads\/2025\/10\/gui22-193x180.png\",\"caption\":\"Guilherme Freitas\"},\"description\":\"Jornalista s\u00eanior da SWIM CHANNEL, ex-correspondente da FINA no Brasil e pesquisador acad\u00eamico.\",\"sameAs\":[\"instagram.com\/guifreitas86\"],\"url\":\"https:\/\/swimchannel.net\/br\/author\/guilherme-freitas\/\"}]}<\/script>\n<!-- \/ Yoast SEO plugin. -->","yoast_head_json":{"title":"Recorde sul-americano abre o Trof\u00e9u Brasil 2018 - Swimchannel","description":"Fernando Scheffer, Minas TC, faz \u00f3tima prova de recupera\u00e7\u00e3o e vence os 400m livre com nova marca continental; veja os destaques do dia.","robots":{"index":"index","follow":"follow","max-snippet":"max-snippet:-1","max-image-preview":"max-image-preview:large","max-video-preview":"max-video-preview:-1"},"canonical":"https:\/\/swimchannel.net\/br\/recorde-sul-americano-abre-o-trofeu-brasil-2018\/","og_locale":"pt_BR","og_type":"article","og_title":"Recorde sul-americano abre o Trof\u00e9u Brasil 2018 - Swimchannel","og_description":"Fernando Scheffer, Minas TC, faz \u00f3tima prova de recupera\u00e7\u00e3o e vence os 400m livre com nova marca continental; veja os destaques do dia.","og_url":"https:\/\/swimchannel.net\/br\/recorde-sul-americano-abre-o-trofeu-brasil-2018\/","og_site_name":"Swimchannel","article_publisher":"https:\/\/www.facebook.com\/swimchannel","article_published_time":"2018-04-17T22:38:54+00:00","article_modified_time":"2018-04-18T18:07:47+00:00","og_image":[{"width":1200,"height":675,"url":"https:\/\/swimchannel.net\/br\/wp-content\/uploads\/2018\/04\/scheffer2.jpg","type":"image\/jpeg"}],"author":"Guilherme Freitas","twitter_card":"summary_large_image","twitter_misc":{"Escrito por":"Guilherme Freitas","Est. tempo de leitura":"3 minutos"},"schema":{"@context":"https:\/\/schema.org","@graph":[{"@type":"Article","@id":"https:\/\/swimchannel.net\/br\/recorde-sul-americano-abre-o-trofeu-brasil-2018\/#article","isPartOf":{"@id":"https:\/\/swimchannel.net\/br\/recorde-sul-americano-abre-o-trofeu-brasil-2018\/"},"author":{"name":"Guilherme Freitas","@id":"https:\/\/swimchannel.net\/br\/#\/schema\/person\/aa2a63bab3275f53749a83276b213c48"},"headline":"Recorde sul-americano abre o Trof\u00e9u Brasil 2018","datePublished":"2018-04-17T22:38:54+00:00","dateModified":"2018-04-18T18:07:47+00:00","mainEntityOfPage":{"@id":"https:\/\/swimchannel.net\/br\/recorde-sul-americano-abre-o-trofeu-brasil-2018\/"},"wordCount":666,"commentCount":0,"publisher":{"@id":"https:\/\/swimchannel.net\/br\/#organization"},"image":{"@id":"https:\/\/swimchannel.net\/br\/recorde-sul-americano-abre-o-trofeu-brasil-2018\/#primaryimage"},"thumbnailUrl":"https:\/\/swimchannel.net\/br\/wp-content\/uploads\/2018\/04\/scheffer2.jpg","keywords":["Daynara de Paula","Fernando Scheffer","Jo\u00e3o Gomes Jr.","natacao","recorde sul-americano","Ruta Meilutyte","Trof\u00e9u Brasil","Vin\u00edcius Lanza","Viviane Jungblut"],"articleSection":["Trof\u00e9u Brasil"],"inLanguage":"pt-BR","potentialAction":[{"@type":"CommentAction","name":"Comment","target":["https:\/\/swimchannel.net\/br\/recorde-sul-americano-abre-o-trofeu-brasil-2018\/#respond"]}]},{"@type":"WebPage","@id":"https:\/\/swimchannel.net\/br\/recorde-sul-americano-abre-o-trofeu-brasil-2018\/","url":"https:\/\/swimchannel.net\/br\/recorde-sul-americano-abre-o-trofeu-brasil-2018\/","name":"Recorde sul-americano abre o Trof\u00e9u Brasil 2018 - Swimchannel","isPartOf":{"@id":"https:\/\/swimchannel.net\/br\/#website"},"primaryImageOfPage":{"@id":"https:\/\/swimchannel.net\/br\/recorde-sul-americano-abre-o-trofeu-brasil-2018\/#primaryimage"},"image":{"@id":"https:\/\/swimchannel.net\/br\/recorde-sul-americano-abre-o-trofeu-brasil-2018\/#primaryimage"},"thumbnailUrl":"https:\/\/swimchannel.net\/br\/wp-content\/uploads\/2018\/04\/scheffer2.jpg","datePublished":"2018-04-17T22:38:54+00:00","dateModified":"2018-04-18T18:07:47+00:00","description":"Fernando Scheffer, Minas TC, faz \u00f3tima prova de recupera\u00e7\u00e3o e vence os 400m livre com nova marca continental; veja os destaques do dia.","breadcrumb":{"@id":"https:\/\/swimchannel.net\/br\/recorde-sul-americano-abre-o-trofeu-brasil-2018\/#breadcrumb"},"inLanguage":"pt-BR","potentialAction":[{"@type":"ReadAction","target":["https:\/\/swimchannel.net\/br\/recorde-sul-americano-abre-o-trofeu-brasil-2018\/"]}]},{"@type":"ImageObject","inLanguage":"pt-BR","@id":"https:\/\/swimchannel.net\/br\/recorde-sul-americano-abre-o-trofeu-brasil-2018\/#primaryimage","url":"https:\/\/swimchannel.net\/br\/wp-content\/uploads\/2018\/04\/scheffer2.jpg","contentUrl":"https:\/\/swimchannel.net\/br\/wp-content\/uploads\/2018\/04\/scheffer2.jpg","width":1200,"height":675,"caption":"Fernando Scheffer - Foto: Satiro Sodr\u00e9\/SSPress"},{"@type":"BreadcrumbList","@id":"https:\/\/swimchannel.net\/br\/recorde-sul-americano-abre-o-trofeu-brasil-2018\/#breadcrumb","itemListElement":[{"@type":"ListItem","position":1,"name":"Home","item":"https:\/\/swimchannel.net\/br\/"},{"@type":"ListItem","position":2,"name":"Recorde sul-americano abre o Trof\u00e9u Brasil 2018"}]},{"@type":"WebSite","@id":"https:\/\/swimchannel.net\/br\/#website","url":"https:\/\/swimchannel.net\/br\/","name":"Swimchannel","description":"Maior portal de nata\u00e7\u00e3o da america latina","publisher":{"@id":"https:\/\/swimchannel.net\/br\/#organization"},"potentialAction":[{"@type":"SearchAction","target":{"@type":"EntryPoint","urlTemplate":"https:\/\/swimchannel.net\/br\/?s={search_term_string}"},"query-input":{"@type":"PropertyValueSpecification","valueRequired":true,"valueName":"search_term_string"}}],"inLanguage":"pt-BR"},{"@type":"Organization","@id":"https:\/\/swimchannel.net\/br\/#organization","name":"Swimchannel - Conectando voc\u00ea a Nata\u00e7\u00e3o","url":"https:\/\/swimchannel.net\/br\/","logo":{"@type":"ImageObject","inLanguage":"pt-BR","@id":"https:\/\/swimchannel.net\/br\/#\/schema\/logo\/image\/","url":"https:\/\/swimchannel.net\/br\/wp-content\/uploads\/2026\/02\/SWIM-CHANNEL.png","contentUrl":"https:\/\/swimchannel.net\/br\/wp-content\/uploads\/2026\/02\/SWIM-CHANNEL.png","width":1120,"height":630,"caption":"Swimchannel - Conectando voc\u00ea a Nata\u00e7\u00e3o"},"image":{"@id":"https:\/\/swimchannel.net\/br\/#\/schema\/logo\/image\/"},"sameAs":["https:\/\/www.facebook.com\/swimchannel","https:\/\/www.instagram.com\/swimchannel"]},{"@type":"Person","@id":"https:\/\/swimchannel.net\/br\/#\/schema\/person\/aa2a63bab3275f53749a83276b213c48","name":"Guilherme Freitas","image":{"@type":"ImageObject","inLanguage":"pt-BR","@id":"https:\/\/swimchannel.net\/br\/#\/schema\/person\/image\/","url":"https:\/\/swimchannel.net\/br\/wp-content\/uploads\/2025\/10\/gui22-193x180.png","contentUrl":"https:\/\/swimchannel.net\/br\/wp-content\/uploads\/2025\/10\/gui22-193x180.png","caption":"Guilherme Freitas"},"description":"Jornalista s\u00eanior da SWIM CHANNEL, ex-correspondente da FINA no Brasil e pesquisador acad\u00eamico.","sameAs":["instagram.com\/guifreitas86"],"url":"https:\/\/swimchannel.net\/br\/author\/guilherme-freitas\/"}]}},"_links":{"self":[{"href":"https:\/\/swimchannel.net\/br\/wp-json\/wp\/v2\/posts\/8361","targetHints":{"allow":["GET"]}}],"collection":[{"href":"https:\/\/swimchannel.net\/br\/wp-json\/wp\/v2\/posts"}],"about":[{"href":"https:\/\/swimchannel.net\/br\/wp-json\/wp\/v2\/types\/post"}],"author":[{"embeddable":true,"href":"https:\/\/swimchannel.net\/br\/wp-json\/wp\/v2\/users\/3"}],"replies":[{"embeddable":true,"href":"https:\/\/swimchannel.net\/br\/wp-json\/wp\/v2\/comments?post=8361"}],"version-history":[{"count":0,"href":"https:\/\/swimchannel.net\/br\/wp-json\/wp\/v2\/posts\/8361\/revisions"}],"wp:featuredmedia":[{"embeddable":true,"href":"https:\/\/swimchannel.net\/br\/wp-json\/wp\/v2\/media\/8381"}],"wp:attachment":[{"href":"https:\/\/swimchannel.net\/br\/wp-json\/wp\/v2\/media?parent=8361"}],"wp:term":[{"taxonomy":"category","embeddable":true,"href":"https:\/\/swimchannel.net\/br\/wp-json\/wp\/v2\/categories?post=8361"},{"taxonomy":"post_tag","embeddable":true,"href":"https:\/\/swimchannel.net\/br\/wp-json\/wp\/v2\/tags?post=8361"}],"curies":[{"name":"wp","href":"https:\/\/api.w.org\/{rel}","templated":true}]}}